{"id":77839,"date":"2023-04-28T19:00:15","date_gmt":"2023-04-28T22:00:15","guid":{"rendered":"http:\/\/patagoniambiental.com.ar\/info\/?p=77839"},"modified":"2023-04-28T16:01:35","modified_gmt":"2023-04-28T19:01:35","slug":"estudio-del-golfo-san-matias-por-el-cambio-climatico","status":"publish","type":"post","link":"https:\/\/patagoniambiental.com.ar\/info\/estudio-del-golfo-san-matias-por-el-cambio-climatico\/","title":{"rendered":"Estudio del Golfo San Mat\u00edas por el cambio clim\u00e1tico"},"content":{"rendered":"\n<!--more-->\n\n\n\n<p>Tradicionalmente se ha considerado al clima como modelador del medio natural y como factor determinante en la constituci\u00f3n de un ambiente de car\u00e1cter \u201cpermanente\u201d. Sin embargo, desde la era preindustrial y en particular en las \u00faltimas d\u00e9cadas, presenta condiciones de variabilidad y cambio no asignables a razones naturales.<\/p>\n\n\n\n<p>La actual hip\u00f3tesis de cambio clim\u00e1tico por efecto invernadero de causa antr\u00f3pica cuenta con un hecho irrefutable: la superficie terrestre es, en la actualidad, 1,1\u00b0C m\u00e1s c\u00e1lida que hace 100 a\u00f1os. En dicho contexto cabe se\u00f1alar que R\u00edo Negro y la regi\u00f3n patag\u00f3nica presentan en los \u00faltimos 50 a\u00f1os un aumento t\u00e9rmico medio anual que ronda 1\u00b0C y, en la \u00faltima d\u00e9cada, una disminuci\u00f3n sistem\u00e1tica de las lluvias en la zona andina, tendencias que seg\u00fan los modelos clim\u00e1ticos actualmente en estudio se profundizar\u00e1n a lo largo del corriente siglo.<\/p>\n\n\n\n<p>Entre las derivaciones de esta problem\u00e1tica, se estudia con preocupaci\u00f3n lo que sucede y suceder\u00e1 con las superficies de agua del planeta, particularmente las oce\u00e1nicas que ocupan el 71% de su superficie.<\/p>\n\n\n\n<p>El estudio de las grandes extensiones marinas reviste complejidad y costos importantes por lo que es habitual la colaboraci\u00f3n internacional para poder aunar esfuerzos y llevarlas a cabo. En esta l\u00ednea, la Administraci\u00f3n Nacional de Aeron\u00e1utica y el Espacio de Estados Unidos (NASA) y las agencias espaciales de Canad\u00e1, Francia y Reino Unido, lanzaron el sat\u00e9lite SWOT (Surface Water and Ocean Topography -Topograf\u00eda de aguas superficiales y oc\u00e9anos-), que estudiar\u00e1 alrededor del 90% del agua de la Tierra (casi toda excepto los polos) utilizando un radar de penetraci\u00f3n de nubes para crear mapas de alta resoluci\u00f3n no s\u00f3lo de los oc\u00e9anos, sino tambi\u00e9n de r\u00edos, presas y lagos.<\/p>\n\n\n\n<p>Desde nuestro pa\u00eds, un grupo de investigadores cient\u00edficos colaborar\u00e1 con esta misi\u00f3n espacial colocando equipos con boyas en las aguas del Golfo San Mat\u00edas, lo que posibilitar\u00e1 obtener informaci\u00f3n para medir el impacto del cambio clim\u00e1tico, en este caso en el Golfo estudiado, as\u00ed como mejorar el manejo de las pesquer\u00edas, lo que claramente es de gran importancia por el enorme impacto del mismo en la econom\u00eda rionegrina en general y la de nuestra zona atl\u00e1ntica en particular.<\/p>\n\n\n\n<p>A ra\u00edz de lo expuesto, el Legislador Facundo L\u00f3pez propone declarar de inter\u00e9s cient\u00edfico, ambiental y socioecon\u00f3mico el trabajo conjunto a realizarse en el transcurso del a\u00f1o 2023 entre cient\u00edficos de la Facultad de Ciencias Exactas y Naturales de la Universidad de Buenos Aires y del Consejo Nacional de Investigaciones Cient\u00edficas y T\u00e9cnicas, en conjunto con la Administraci\u00f3n Nacional de Aeron\u00e1utica y el Espacio de Estados Unidos (NASA) y las agencias espaciales de Canad\u00e1, Francia y Reino Unido, con el fin de aportar informaci\u00f3n satelital y de superficie sobre las aguas del Golfo San Mat\u00edas, tendiente a comprender el papel que desempe\u00f1an los oc\u00e9anos en la din\u00e1mica del cambio clim\u00e1tico que sufre nuestro planeta.<\/p>\n\n\n\n<p>Fuente: <strong>Bloque Juntos\u00a0Somos R\u00edo Negro<\/strong><\/p>\n","protected":false},"excerpt":{"rendered":"","protected":false},"author":6,"featured_media":77841,"comment_status":"open","ping_status":"open","sticky":false,"template":"","format":"standard","meta":{"site-sidebar-layout":"default","site-content-layout":"","ast-site-content-layout":"default","site-content-style":"default","site-sidebar-style":"default","ast-global-header-display":"","ast-banner-title-visibility":"","ast-main-header-display":"","ast-hfb-above-header-display":"","ast-hfb-below-header-display":"","ast-hfb-mobile-header-display":"","site-post-title":"","ast-breadcrumbs-content":"","ast-featured-img":"","footer-sml-layout":"","ast-disable-related-posts":"","theme-transparent-header-meta":"","adv-header-id-meta":"","stick-header-meta":"","header-above-stick-meta":"","header-main-stick-meta":"","header-below-stick-meta":"","astra-migrate-meta-layouts":"default","ast-page-background-enabled":"default","ast-page-background-meta":{"desktop":{"background-color":"var(--ast-global-color-5)","background-image":"","background-repeat":"repeat","background-position":"center center","background-size":"auto","background-attachment":"scroll","background-type":"","background-media":"","overlay-type":"","overlay-color":"","overlay-opacity":"","overlay-gradient":""},"tablet":{"background-color":"","background-image":"","background-repeat":"repeat","background-position":"center center","background-size":"auto","background-attachment":"scroll","background-type":"","background-media":"","overlay-type":"","overlay-color":"","overlay-opacity":"","overlay-gradient":""},"mobile":{"background-color":"","background-image":"","background-repeat":"repeat","background-position":"center center","background-size":"auto","background-attachment":"scroll","background-type":"","background-media":"","overlay-type":"","overlay-color":"","overlay-opacity":"","overlay-gradient":""}},"ast-content-background-meta":{"desktop":{"background-color":"var(--ast-global-color-4)","background-image":"","background-repeat":"repeat","background-position":"center center","background-size":"auto","background-attachment":"scroll","background-type":"","background-media":"","overlay-type":"","overlay-color":"","overlay-opacity":"","overlay-gradient":""},"tablet":{"background-color":"var(--ast-global-color-4)","background-image":"","background-repeat":"repeat","background-position":"center center","background-size":"auto","background-attachment":"scroll","background-type":"","background-media":"","overlay-type":"","overlay-color":"","overlay-opacity":"","overlay-gradient":""},"mobile":{"background-color":"var(--ast-global-color-4)","background-image":"","background-repeat":"repeat","background-position":"center center","background-size":"auto","background-attachment":"scroll","background-type":"","background-media":"","overlay-type":"","overlay-color":"","overlay-opacity":"","overlay-gradient":""}},"footnotes":""},"categories":[1],"tags":[],"class_list":["post-77839","post","type-post","status-publish","format-standard","has-post-thumbnail","hentry","category-noticias"],"yoast_head":"<!-- This site is optimized with the Yoast SEO Premium plugin v23.0 (Yoast SEO v27.4) - https:\/\/yoast.com\/product\/yoast-seo-premium-wordpress\/ -->\n<title>Estudio del Golfo San Mat\u00edas por el cambio clim\u00e1tico<\/title>\n<meta name=\"robots\" content=\"index, follow, max-snippet:-1, max-image-preview:large, max-video-preview:-1\" \/>\n<link rel=\"canonical\" href=\"https:\/\/patagoniambiental.com.ar\/info\/estudio-del-golfo-san-matias-por-el-cambio-climatico\/\" \/>\n<meta property=\"og:locale\" content=\"es_ES\" \/>\n<meta property=\"og:type\" content=\"article\" \/>\n<meta property=\"og:title\" content=\"Estudio del Golfo San Mat\u00edas por el cambio clim\u00e1tico\" \/>\n<meta property=\"og:url\" content=\"https:\/\/patagoniambiental.com.ar\/info\/estudio-del-golfo-san-matias-por-el-cambio-climatico\/\" \/>\n<meta property=\"og:site_name\" content=\"Patagonia Ambiental\" \/>\n<meta property=\"article:publisher\" content=\"https:\/\/www.facebook.com\/patagonia.ambiental\" \/>\n<meta property=\"article:published_time\" content=\"2023-04-28T22:00:15+00:00\" \/>\n<meta property=\"og:image\" content=\"https:\/\/patagoniambiental.com.ar\/info\/wp-content\/uploads\/2023\/04\/golfo-san-matias-600x263-1.jpg\" \/>\n\t<meta property=\"og:image:width\" content=\"600\" \/>\n\t<meta property=\"og:image:height\" content=\"263\" \/>\n\t<meta property=\"og:image:type\" content=\"image\/jpeg\" \/>\n<meta name=\"author\" content=\"BRAIAN ESTEVEZ\" \/>\n<meta name=\"twitter:card\" content=\"summary_large_image\" \/>\n<meta name=\"twitter:creator\" content=\"@PatAmb\" \/>\n<meta name=\"twitter:site\" content=\"@PatAmb\" \/>\n<script type=\"application\/ld+json\" class=\"yoast-schema-graph\">{\"@context\":\"https:\\\/\\\/schema.org\",\"@graph\":[{\"@type\":\"Article\",\"@id\":\"https:\\\/\\\/patagoniambiental.com.ar\\\/info\\\/estudio-del-golfo-san-matias-por-el-cambio-climatico\\\/#article\",\"isPartOf\":{\"@id\":\"https:\\\/\\\/patagoniambiental.com.ar\\\/info\\\/estudio-del-golfo-san-matias-por-el-cambio-climatico\\\/\"},\"author\":{\"name\":\"BRAIAN ESTEVEZ\",\"@id\":\"https:\\\/\\\/patagoniambiental.com.ar\\\/info\\\/#\\\/schema\\\/person\\\/e5af09d700b2e82cb10c6b8800e0c691\"},\"headline\":\"Estudio del Golfo San Mat\u00edas por el cambio clim\u00e1tico\",\"datePublished\":\"2023-04-28T22:00:15+00:00\",\"mainEntityOfPage\":{\"@id\":\"https:\\\/\\\/patagoniambiental.com.ar\\\/info\\\/estudio-del-golfo-san-matias-por-el-cambio-climatico\\\/\"},\"wordCount\":545,\"commentCount\":0,\"publisher\":{\"@id\":\"https:\\\/\\\/patagoniambiental.com.ar\\\/info\\\/#organization\"},\"image\":{\"@id\":\"https:\\\/\\\/patagoniambiental.com.ar\\\/info\\\/estudio-del-golfo-san-matias-por-el-cambio-climatico\\\/#primaryimage\"},\"thumbnailUrl\":\"https:\\\/\\\/patagoniambiental.com.ar\\\/info\\\/wp-content\\\/uploads\\\/2023\\\/04\\\/golfo-san-matias-600x263-1.jpg\",\"articleSection\":[\"Noticias\"],\"inLanguage\":\"es\",\"potentialAction\":[{\"@type\":\"CommentAction\",\"name\":\"Comment\",\"target\":[\"https:\\\/\\\/patagoniambiental.com.ar\\\/info\\\/estudio-del-golfo-san-matias-por-el-cambio-climatico\\\/#respond\"]}]},{\"@type\":\"WebPage\",\"@id\":\"https:\\\/\\\/patagoniambiental.com.ar\\\/info\\\/estudio-del-golfo-san-matias-por-el-cambio-climatico\\\/\",\"url\":\"https:\\\/\\\/patagoniambiental.com.ar\\\/info\\\/estudio-del-golfo-san-matias-por-el-cambio-climatico\\\/\",\"name\":\"Estudio del Golfo San Mat\u00edas por el cambio clim\u00e1tico\",\"isPartOf\":{\"@id\":\"https:\\\/\\\/patagoniambiental.com.ar\\\/info\\\/#website\"},\"primaryImageOfPage\":{\"@id\":\"https:\\\/\\\/patagoniambiental.com.ar\\\/info\\\/estudio-del-golfo-san-matias-por-el-cambio-climatico\\\/#primaryimage\"},\"image\":{\"@id\":\"https:\\\/\\\/patagoniambiental.com.ar\\\/info\\\/estudio-del-golfo-san-matias-por-el-cambio-climatico\\\/#primaryimage\"},\"thumbnailUrl\":\"https:\\\/\\\/patagoniambiental.com.ar\\\/info\\\/wp-content\\\/uploads\\\/2023\\\/04\\\/golfo-san-matias-600x263-1.jpg\",\"datePublished\":\"2023-04-28T22:00:15+00:00\",\"breadcrumb\":{\"@id\":\"https:\\\/\\\/patagoniambiental.com.ar\\\/info\\\/estudio-del-golfo-san-matias-por-el-cambio-climatico\\\/#breadcrumb\"},\"inLanguage\":\"es\",\"potentialAction\":[{\"@type\":\"ReadAction\",\"target\":[\"https:\\\/\\\/patagoniambiental.com.ar\\\/info\\\/estudio-del-golfo-san-matias-por-el-cambio-climatico\\\/\"]}]},{\"@type\":\"ImageObject\",\"inLanguage\":\"es\",\"@id\":\"https:\\\/\\\/patagoniambiental.com.ar\\\/info\\\/estudio-del-golfo-san-matias-por-el-cambio-climatico\\\/#primaryimage\",\"url\":\"https:\\\/\\\/patagoniambiental.com.ar\\\/info\\\/wp-content\\\/uploads\\\/2023\\\/04\\\/golfo-san-matias-600x263-1.jpg\",\"contentUrl\":\"https:\\\/\\\/patagoniambiental.com.ar\\\/info\\\/wp-content\\\/uploads\\\/2023\\\/04\\\/golfo-san-matias-600x263-1.jpg\",\"width\":600,\"height\":263},{\"@type\":\"BreadcrumbList\",\"@id\":\"https:\\\/\\\/patagoniambiental.com.ar\\\/info\\\/estudio-del-golfo-san-matias-por-el-cambio-climatico\\\/#breadcrumb\",\"itemListElement\":[{\"@type\":\"ListItem\",\"position\":1,\"name\":\"Inicio\",\"item\":\"https:\\\/\\\/patagoniambiental.com.ar\\\/info\\\/\"},{\"@type\":\"ListItem\",\"position\":2,\"name\":\"Estudio del Golfo San Mat\u00edas por el cambio clim\u00e1tico\"}]},{\"@type\":\"WebSite\",\"@id\":\"https:\\\/\\\/patagoniambiental.com.ar\\\/info\\\/#website\",\"url\":\"https:\\\/\\\/patagoniambiental.com.ar\\\/info\\\/\",\"name\":\"Patagonia Ambiental\",\"description\":\"Monitoreo y an\u00e1lisis de la situaci\u00f3n geopol\u00edtica en el mundo y su implicancia en la Patagonia\",\"publisher\":{\"@id\":\"https:\\\/\\\/patagoniambiental.com.ar\\\/info\\\/#organization\"},\"potentialAction\":[{\"@type\":\"SearchAction\",\"target\":{\"@type\":\"EntryPoint\",\"urlTemplate\":\"https:\\\/\\\/patagoniambiental.com.ar\\\/info\\\/?s={search_term_string}\"},\"query-input\":{\"@type\":\"PropertyValueSpecification\",\"valueRequired\":true,\"valueName\":\"search_term_string\"}}],\"inLanguage\":\"es\"},{\"@type\":\"Organization\",\"@id\":\"https:\\\/\\\/patagoniambiental.com.ar\\\/info\\\/#organization\",\"name\":\"Patagonia Ambiental\",\"url\":\"https:\\\/\\\/patagoniambiental.com.ar\\\/info\\\/\",\"logo\":{\"@type\":\"ImageObject\",\"inLanguage\":\"es\",\"@id\":\"https:\\\/\\\/patagoniambiental.com.ar\\\/info\\\/#\\\/schema\\\/logo\\\/image\\\/\",\"url\":\"https:\\\/\\\/patagoniambiental.com.ar\\\/info\\\/wp-content\\\/uploads\\\/2025\\\/05\\\/LOGO-PATAGONIA-AMBIENTAL.png\",\"contentUrl\":\"https:\\\/\\\/patagoniambiental.com.ar\\\/info\\\/wp-content\\\/uploads\\\/2025\\\/05\\\/LOGO-PATAGONIA-AMBIENTAL.png\",\"width\":433,\"height\":250,\"caption\":\"Patagonia Ambiental\"},\"image\":{\"@id\":\"https:\\\/\\\/patagoniambiental.com.ar\\\/info\\\/#\\\/schema\\\/logo\\\/image\\\/\"},\"sameAs\":[\"https:\\\/\\\/www.facebook.com\\\/patagonia.ambiental\",\"https:\\\/\\\/x.com\\\/PatAmb\"]},{\"@type\":\"Person\",\"@id\":\"https:\\\/\\\/patagoniambiental.com.ar\\\/info\\\/#\\\/schema\\\/person\\\/e5af09d700b2e82cb10c6b8800e0c691\",\"name\":\"BRAIAN ESTEVEZ\",\"sameAs\":[\"http:\\\/\\\/www.patagoniambiental.com.ar\"]}]}<\/script>\n<!-- \/ Yoast SEO Premium plugin. -->","yoast_head_json":{"title":"Estudio del Golfo San Mat\u00edas por el cambio clim\u00e1tico","robots":{"index":"index","follow":"follow","max-snippet":"max-snippet:-1","max-image-preview":"max-image-preview:large","max-video-preview":"max-video-preview:-1"},"canonical":"https:\/\/patagoniambiental.com.ar\/info\/estudio-del-golfo-san-matias-por-el-cambio-climatico\/","og_locale":"es_ES","og_type":"article","og_title":"Estudio del Golfo San Mat\u00edas por el cambio clim\u00e1tico","og_url":"https:\/\/patagoniambiental.com.ar\/info\/estudio-del-golfo-san-matias-por-el-cambio-climatico\/","og_site_name":"Patagonia Ambiental","article_publisher":"https:\/\/www.facebook.com\/patagonia.ambiental","article_published_time":"2023-04-28T22:00:15+00:00","og_image":[{"width":600,"height":263,"url":"https:\/\/patagoniambiental.com.ar\/info\/wp-content\/uploads\/2023\/04\/golfo-san-matias-600x263-1.jpg","type":"image\/jpeg"}],"author":"BRAIAN ESTEVEZ","twitter_card":"summary_large_image","twitter_creator":"@PatAmb","twitter_site":"@PatAmb","schema":{"@context":"https:\/\/schema.org","@graph":[{"@type":"Article","@id":"https:\/\/patagoniambiental.com.ar\/info\/estudio-del-golfo-san-matias-por-el-cambio-climatico\/#article","isPartOf":{"@id":"https:\/\/patagoniambiental.com.ar\/info\/estudio-del-golfo-san-matias-por-el-cambio-climatico\/"},"author":{"name":"BRAIAN ESTEVEZ","@id":"https:\/\/patagoniambiental.com.ar\/info\/#\/schema\/person\/e5af09d700b2e82cb10c6b8800e0c691"},"headline":"Estudio del Golfo San Mat\u00edas por el cambio clim\u00e1tico","datePublished":"2023-04-28T22:00:15+00:00","mainEntityOfPage":{"@id":"https:\/\/patagoniambiental.com.ar\/info\/estudio-del-golfo-san-matias-por-el-cambio-climatico\/"},"wordCount":545,"commentCount":0,"publisher":{"@id":"https:\/\/patagoniambiental.com.ar\/info\/#organization"},"image":{"@id":"https:\/\/patagoniambiental.com.ar\/info\/estudio-del-golfo-san-matias-por-el-cambio-climatico\/#primaryimage"},"thumbnailUrl":"https:\/\/patagoniambiental.com.ar\/info\/wp-content\/uploads\/2023\/04\/golfo-san-matias-600x263-1.jpg","articleSection":["Noticias"],"inLanguage":"es","potentialAction":[{"@type":"CommentAction","name":"Comment","target":["https:\/\/patagoniambiental.com.ar\/info\/estudio-del-golfo-san-matias-por-el-cambio-climatico\/#respond"]}]},{"@type":"WebPage","@id":"https:\/\/patagoniambiental.com.ar\/info\/estudio-del-golfo-san-matias-por-el-cambio-climatico\/","url":"https:\/\/patagoniambiental.com.ar\/info\/estudio-del-golfo-san-matias-por-el-cambio-climatico\/","name":"Estudio del Golfo San Mat\u00edas por el cambio clim\u00e1tico","isPartOf":{"@id":"https:\/\/patagoniambiental.com.ar\/info\/#website"},"primaryImageOfPage":{"@id":"https:\/\/patagoniambiental.com.ar\/info\/estudio-del-golfo-san-matias-por-el-cambio-climatico\/#primaryimage"},"image":{"@id":"https:\/\/patagoniambiental.com.ar\/info\/estudio-del-golfo-san-matias-por-el-cambio-climatico\/#primaryimage"},"thumbnailUrl":"https:\/\/patagoniambiental.com.ar\/info\/wp-content\/uploads\/2023\/04\/golfo-san-matias-600x263-1.jpg","datePublished":"2023-04-28T22:00:15+00:00","breadcrumb":{"@id":"https:\/\/patagoniambiental.com.ar\/info\/estudio-del-golfo-san-matias-por-el-cambio-climatico\/#breadcrumb"},"inLanguage":"es","potentialAction":[{"@type":"ReadAction","target":["https:\/\/patagoniambiental.com.ar\/info\/estudio-del-golfo-san-matias-por-el-cambio-climatico\/"]}]},{"@type":"ImageObject","inLanguage":"es","@id":"https:\/\/patagoniambiental.com.ar\/info\/estudio-del-golfo-san-matias-por-el-cambio-climatico\/#primaryimage","url":"https:\/\/patagoniambiental.com.ar\/info\/wp-content\/uploads\/2023\/04\/golfo-san-matias-600x263-1.jpg","contentUrl":"https:\/\/patagoniambiental.com.ar\/info\/wp-content\/uploads\/2023\/04\/golfo-san-matias-600x263-1.jpg","width":600,"height":263},{"@type":"BreadcrumbList","@id":"https:\/\/patagoniambiental.com.ar\/info\/estudio-del-golfo-san-matias-por-el-cambio-climatico\/#breadcrumb","itemListElement":[{"@type":"ListItem","position":1,"name":"Inicio","item":"https:\/\/patagoniambiental.com.ar\/info\/"},{"@type":"ListItem","position":2,"name":"Estudio del Golfo San Mat\u00edas por el cambio clim\u00e1tico"}]},{"@type":"WebSite","@id":"https:\/\/patagoniambiental.com.ar\/info\/#website","url":"https:\/\/patagoniambiental.com.ar\/info\/","name":"Patagonia Ambiental","description":"Monitoreo y an\u00e1lisis de la situaci\u00f3n geopol\u00edtica en el mundo y su implicancia en la Patagonia","publisher":{"@id":"https:\/\/patagoniambiental.com.ar\/info\/#organization"},"potentialAction":[{"@type":"SearchAction","target":{"@type":"EntryPoint","urlTemplate":"https:\/\/patagoniambiental.com.ar\/info\/?s={search_term_string}"},"query-input":{"@type":"PropertyValueSpecification","valueRequired":true,"valueName":"search_term_string"}}],"inLanguage":"es"},{"@type":"Organization","@id":"https:\/\/patagoniambiental.com.ar\/info\/#organization","name":"Patagonia Ambiental","url":"https:\/\/patagoniambiental.com.ar\/info\/","logo":{"@type":"ImageObject","inLanguage":"es","@id":"https:\/\/patagoniambiental.com.ar\/info\/#\/schema\/logo\/image\/","url":"https:\/\/patagoniambiental.com.ar\/info\/wp-content\/uploads\/2025\/05\/LOGO-PATAGONIA-AMBIENTAL.png","contentUrl":"https:\/\/patagoniambiental.com.ar\/info\/wp-content\/uploads\/2025\/05\/LOGO-PATAGONIA-AMBIENTAL.png","width":433,"height":250,"caption":"Patagonia Ambiental"},"image":{"@id":"https:\/\/patagoniambiental.com.ar\/info\/#\/schema\/logo\/image\/"},"sameAs":["https:\/\/www.facebook.com\/patagonia.ambiental","https:\/\/x.com\/PatAmb"]},{"@type":"Person","@id":"https:\/\/patagoniambiental.com.ar\/info\/#\/schema\/person\/e5af09d700b2e82cb10c6b8800e0c691","name":"BRAIAN ESTEVEZ","sameAs":["http:\/\/www.patagoniambiental.com.ar"]}]}},"_links":{"self":[{"href":"https:\/\/patagoniambiental.com.ar\/info\/wp-json\/wp\/v2\/posts\/77839","targetHints":{"allow":["GET"]}}],"collection":[{"href":"https:\/\/patagoniambiental.com.ar\/info\/wp-json\/wp\/v2\/posts"}],"about":[{"href":"https:\/\/patagoniambiental.com.ar\/info\/wp-json\/wp\/v2\/types\/post"}],"author":[{"embeddable":true,"href":"https:\/\/patagoniambiental.com.ar\/info\/wp-json\/wp\/v2\/users\/6"}],"replies":[{"embeddable":true,"href":"https:\/\/patagoniambiental.com.ar\/info\/wp-json\/wp\/v2\/comments?post=77839"}],"version-history":[{"count":0,"href":"https:\/\/patagoniambiental.com.ar\/info\/wp-json\/wp\/v2\/posts\/77839\/revisions"}],"wp:featuredmedia":[{"embeddable":true,"href":"https:\/\/patagoniambiental.com.ar\/info\/wp-json\/wp\/v2\/media\/77841"}],"wp:attachment":[{"href":"https:\/\/patagoniambiental.com.ar\/info\/wp-json\/wp\/v2\/media?parent=77839"}],"wp:term":[{"taxonomy":"category","embeddable":true,"href":"https:\/\/patagoniambiental.com.ar\/info\/wp-json\/wp\/v2\/categories?post=77839"},{"taxonomy":"post_tag","embeddable":true,"href":"https:\/\/patagoniambiental.com.ar\/info\/wp-json\/wp\/v2\/tags?post=77839"}],"curies":[{"name":"wp","href":"https:\/\/api.w.org\/{rel}","templated":true}]}}