{"id":77845,"date":"2023-04-28T19:00:00","date_gmt":"2023-04-28T22:00:00","guid":{"rendered":"http:\/\/patagoniambiental.com.ar\/info\/?p=77845"},"modified":"2024-08-17T11:00:03","modified_gmt":"2024-08-17T14:00:03","slug":"una-especie-unica-en-el-mundo-y-simbolo-de-la-provincia-de-santa-cruz","status":"publish","type":"post","link":"https:\/\/patagoniambiental.com.ar\/info\/una-especie-unica-en-el-mundo-y-simbolo-de-la-provincia-de-santa-cruz\/","title":{"rendered":"Una especie \u00fanica en el mundo y s\u00edmbolo de la provincia de Santa Cruz"},"content":{"rendered":"\n<!--more-->\n\n\n\n<p>Santa Cruz.-Esta semana se cumplieron 49 a\u00f1os desde el descubrimiento del Mac\u00e1 Tobiano, especie end\u00e9mica propia de Santa Cruz. TiempoSur habl\u00f3 con referentes del trabajo de conservaci\u00f3n sobre la importancia de la especie, la cual por estas horas comienzan a llegar a los estuarios para la invernada.<\/p>\n\n\n\n<figure class=\"wp-block-image\"><img decoding=\"async\" src=\"https:\/\/www.tiemposur.com.ar\/uploads\/noticia_galeria\/2023\/04\/28\/file_168623_main1\" alt=\"\"\/><\/figure>\n\n\n\n<p><a class=\"\" href=\"javascript: void(0)\"><\/a><a class=\" \" href=\"javascript: void(0)\"><\/a><a href=\"whatsapp:\/\/send?text=Mira%20esto:%20Una%20especie%20%C3%BAnica%20en%20el%20mundo%20y%20s%C3%ADmbolo%20de%20la%20provincia%20|%20https:\/\/www.tiemposur.com.ar\/info-general\/una-especie-unica-en-el-mundo-y-simbolo-de-la-provincia\"><\/a><a href=\"mailto:?subject=Mira%20esto:%20Una%20especie%20%C3%BAnica%20en%20el%20mundo%20y%20s%C3%ADmbolo%20de%20la%20provincia%20|%20https:\/\/www.tiemposur.com.ar\/info-general\/una-especie-unica-en-el-mundo-y-simbolo-de-la-provincia\" class=\"\"><\/a><a href=\"javascript:;\"><\/a><\/p>\n\n\n\n<p><strong>El Mac\u00e1 Tobiano es end\u00e9mico de la Patagonia Austral, particularmente en nuestra provincia.<\/strong>&nbsp;Desde su descubrimiento, el 27 de abril de 1974, se ha convertido en un s\u00edmbolo de la naturaleza silvestre y la conservaci\u00f3n. En Santa Cruz habita lagos y lagunas de las mesetas de altura, mientras que en invierno migra hacia la costa atl\u00e1ntica, a los estuarios de los r\u00edos Coyle, Gallegos y Chico-Santa Cruz. En este tiempo, y tras muchos a\u00f1os donde la especie mostr\u00f3 un decrecimiento, las organizaciones que trabajan en su conservaci\u00f3n pueden confirmar que ha habido un estancamiento respecto a su desaparici\u00f3n, lo que siembra esperanza de cara al futuro.<\/p>\n\n\n\n<p>Para la ciencia es corto el tiempo transcurrido desde el descubrimiento de la especie, como corto el tiempo en que se supo de la fragilidad en la que se encuentran los tobianos en tan pocos a\u00f1os de haber sido descubiertos.\u00a0<strong>El Mac\u00e1 Tobiano es una especie en peligro cr\u00edtico de extinci\u00f3n<\/strong>, por lo que por estas horas han comenzado nuevamente los censos en el estuario del r\u00edo Coyle, estuario al que llegaron los primeros individuos de esta temporada invernal, mientras est\u00e1n llegando tambi\u00e9n al estuario del r\u00edo Santa Cruz. \u00a0<\/p>\n\n\n\n<p><strong>Elio Dur\u00e1n, director de Medio Ambiente de Puerto Santa Cruz,<\/strong>&nbsp;municipio que desde el 2018 integra la red de conservaci\u00f3n, siendo la localidad que mayor presencia presenta en su estuario durante la invernada, con casi un 80%, habl\u00f3 con&nbsp;<strong>TiempoSur,&nbsp;<\/strong>donde remarc\u00f3 que: \u201cLo reconocemos como un pilar fundamental en lo que es el trabajo de conservaci\u00f3n que debemos realizar, es una responsabilidad muy grande que tenemos en la localidad para poder realizar acciones que permitan su permanencia dentro de la zona geogr\u00e1fica de nuestro estuario y velar para que este con las condiciones que necesita para aviarlo. Para nosotros es de vital importancia, incluso como recurso tur\u00edstico, sabemos que el auge de la observaci\u00f3n de aves ha tenido gran importancia a nivel mundial. Desde el a\u00f1o pasado tuvimos las primeras experticias de turistas que han venido a avistar al mac\u00e1\u201d.<\/p>\n\n\n\n<p>Vale la pena mencionar que el Mac\u00e1 ha sido declarado como Monumento natural provincial, mientras que avanza en comisiones del senado para la declaratoria de Monumento Natural Nacional.<\/p>\n\n\n\n<p><strong>\u201cCon la Asociaci\u00f3n Ambiente sur como aliados en este proyecto de conservaci\u00f3n, estamos en acciones de monitoreo permanente durante su invernada\u201d, remarc\u00f3.<\/strong><\/p>\n\n\n\n<p>Por su parte, tambi\u00e9n en di\u00e1logo con nuestro medio,&nbsp;<strong>German Montero, director Ejecutivo de Ambiente Sur, se refiri\u00f3 al significado de la especie para la organizaci\u00f3n, donde remarc\u00f3 que: \u201cPara nosotros es inspiraci\u00f3n,<\/strong>&nbsp;fue uno de los motivos por los cuales propusimos organizarnos en una asociaci\u00f3n, ya hace m\u00e1s de 16 a\u00f1os\u201d, y reforz\u00f3: \u201cEs parte de los esfuerzos que venimos realizando de manera continua por tratar de salvar esta especie exclusiva end\u00e9mica de Santa Cruz. Un s\u00edmbolo de la provincia\u201d.<\/p>\n\n\n\n<p><strong>\u201cEn la actualidad, tratando de trabajar para evitar su extinci\u00f3n, se ha logrado frenar el proceso que ven\u00eda sufriendo, sin embargo, hay un mont\u00f3n de desaf\u00edos y amenazas en las que hay que trabajar\u201d<\/strong>, se\u00f1al\u00f3 al destacar que: \u201cEs muy poco conocido para la ciencia, pero bastante conocido, coloquialmente, para las comunidades de Santa Cruz que reconocen al mac\u00e1 Tobiano como su especie\u201d.<\/p>\n\n\n\n<p>Fuente: www.tiemposur.com.ar<\/p>\n","protected":false},"excerpt":{"rendered":"","protected":false},"author":6,"featured_media":77846,"comment_status":"open","ping_status":"open","sticky":false,"template":"","format":"standard","meta":{"site-sidebar-layout":"default","site-content-layout":"","ast-site-content-layout":"default","site-content-style":"default","site-sidebar-style":"default","ast-global-header-display":"","ast-banner-title-visibility":"","ast-main-header-display":"","ast-hfb-above-header-display":"","ast-hfb-below-header-display":"","ast-hfb-mobile-header-display":"","site-post-title":"","ast-breadcrumbs-content":"","ast-featured-img":"","footer-sml-layout":"","ast-disable-related-posts":"","theme-transparent-header-meta":"","adv-header-id-meta":"","stick-header-meta":"","header-above-stick-meta":"","header-main-stick-meta":"","header-below-stick-meta":"","astra-migrate-meta-layouts":"default","ast-page-background-enabled":"default","ast-page-background-meta":{"desktop":{"background-color":"var(--ast-global-color-5)","background-image":"","background-repeat":"repeat","background-position":"center center","background-size":"auto","background-attachment":"scroll","background-type":"","background-media":"","overlay-type":"","overlay-color":"","overlay-opacity":"","overlay-gradient":""},"tablet":{"background-color":"","background-image":"","background-repeat":"repeat","background-position":"center center","background-size":"auto","background-attachment":"scroll","background-type":"","background-media":"","overlay-type":"","overlay-color":"","overlay-opacity":"","overlay-gradient":""},"mobile":{"background-color":"","background-image":"","background-repeat":"repeat","background-position":"center center","background-size":"auto","background-attachment":"scroll","background-type":"","background-media":"","overlay-type":"","overlay-color":"","overlay-opacity":"","overlay-gradient":""}},"ast-content-background-meta":{"desktop":{"background-color":"var(--ast-global-color-4)","background-image":"","background-repeat":"repeat","background-position":"center center","background-size":"auto","background-attachment":"scroll","background-type":"","background-media":"","overlay-type":"","overlay-color":"","overlay-opacity":"","overlay-gradient":""},"tablet":{"background-color":"var(--ast-global-color-4)","background-image":"","background-repeat":"repeat","background-position":"center center","background-size":"auto","background-attachment":"scroll","background-type":"","background-media":"","overlay-type":"","overlay-color":"","overlay-opacity":"","overlay-gradient":""},"mobile":{"background-color":"var(--ast-global-color-4)","background-image":"","background-repeat":"repeat","background-position":"center center","background-size":"auto","background-attachment":"scroll","background-type":"","background-media":"","overlay-type":"","overlay-color":"","overlay-opacity":"","overlay-gradient":""}},"footnotes":""},"categories":[1],"tags":[],"class_list":["post-77845","post","type-post","status-publish","format-standard","has-post-thumbnail","hentry","category-noticias"],"yoast_head":"<!-- This site is optimized with the Yoast SEO Premium plugin v23.0 (Yoast SEO v27.4) - https:\/\/yoast.com\/product\/yoast-seo-premium-wordpress\/ -->\n<title>Una especie \u00fanica en el mundo y s\u00edmbolo de la provincia de Santa Cruz<\/title>\n<meta name=\"robots\" content=\"index, follow, max-snippet:-1, max-image-preview:large, max-video-preview:-1\" \/>\n<link rel=\"canonical\" href=\"https:\/\/patagoniambiental.com.ar\/info\/una-especie-unica-en-el-mundo-y-simbolo-de-la-provincia-de-santa-cruz\/\" \/>\n<meta property=\"og:locale\" content=\"es_ES\" \/>\n<meta property=\"og:type\" content=\"article\" \/>\n<meta property=\"og:title\" content=\"Una especie \u00fanica en el mundo y s\u00edmbolo de la provincia de Santa Cruz\" \/>\n<meta property=\"og:url\" content=\"https:\/\/patagoniambiental.com.ar\/info\/una-especie-unica-en-el-mundo-y-simbolo-de-la-provincia-de-santa-cruz\/\" \/>\n<meta property=\"og:site_name\" content=\"Patagonia Ambiental\" \/>\n<meta property=\"article:publisher\" content=\"https:\/\/www.facebook.com\/patagonia.ambiental\" \/>\n<meta property=\"article:published_time\" content=\"2023-04-28T22:00:00+00:00\" \/>\n<meta property=\"article:modified_time\" content=\"2024-08-17T14:00:03+00:00\" \/>\n<meta property=\"og:image\" content=\"https:\/\/patagoniambiental.com.ar\/info\/wp-content\/uploads\/2023\/04\/Sin-titulo-28.png\" \/>\n\t<meta property=\"og:image:width\" content=\"833\" \/>\n\t<meta property=\"og:image:height\" content=\"461\" \/>\n\t<meta property=\"og:image:type\" content=\"image\/png\" \/>\n<meta name=\"author\" content=\"BRAIAN ESTEVEZ\" \/>\n<meta name=\"twitter:card\" content=\"summary_large_image\" \/>\n<meta name=\"twitter:creator\" content=\"@PatAmb\" \/>\n<meta name=\"twitter:site\" content=\"@PatAmb\" \/>\n<script type=\"application\/ld+json\" class=\"yoast-schema-graph\">{\"@context\":\"https:\\\/\\\/schema.org\",\"@graph\":[{\"@type\":\"Article\",\"@id\":\"https:\\\/\\\/patagoniambiental.com.ar\\\/info\\\/una-especie-unica-en-el-mundo-y-simbolo-de-la-provincia-de-santa-cruz\\\/#article\",\"isPartOf\":{\"@id\":\"https:\\\/\\\/patagoniambiental.com.ar\\\/info\\\/una-especie-unica-en-el-mundo-y-simbolo-de-la-provincia-de-santa-cruz\\\/\"},\"author\":{\"name\":\"BRAIAN ESTEVEZ\",\"@id\":\"https:\\\/\\\/patagoniambiental.com.ar\\\/info\\\/#\\\/schema\\\/person\\\/e5af09d700b2e82cb10c6b8800e0c691\"},\"headline\":\"Una especie \u00fanica en el mundo y s\u00edmbolo de la provincia de Santa Cruz\",\"datePublished\":\"2023-04-28T22:00:00+00:00\",\"dateModified\":\"2024-08-17T14:00:03+00:00\",\"mainEntityOfPage\":{\"@id\":\"https:\\\/\\\/patagoniambiental.com.ar\\\/info\\\/una-especie-unica-en-el-mundo-y-simbolo-de-la-provincia-de-santa-cruz\\\/\"},\"wordCount\":639,\"commentCount\":0,\"publisher\":{\"@id\":\"https:\\\/\\\/patagoniambiental.com.ar\\\/info\\\/#organization\"},\"image\":{\"@id\":\"https:\\\/\\\/patagoniambiental.com.ar\\\/info\\\/una-especie-unica-en-el-mundo-y-simbolo-de-la-provincia-de-santa-cruz\\\/#primaryimage\"},\"thumbnailUrl\":\"https:\\\/\\\/patagoniambiental.com.ar\\\/info\\\/wp-content\\\/uploads\\\/2023\\\/04\\\/Sin-titulo-28.png\",\"articleSection\":[\"Noticias\"],\"inLanguage\":\"es\",\"potentialAction\":[{\"@type\":\"CommentAction\",\"name\":\"Comment\",\"target\":[\"https:\\\/\\\/patagoniambiental.com.ar\\\/info\\\/una-especie-unica-en-el-mundo-y-simbolo-de-la-provincia-de-santa-cruz\\\/#respond\"]}]},{\"@type\":\"WebPage\",\"@id\":\"https:\\\/\\\/patagoniambiental.com.ar\\\/info\\\/una-especie-unica-en-el-mundo-y-simbolo-de-la-provincia-de-santa-cruz\\\/\",\"url\":\"https:\\\/\\\/patagoniambiental.com.ar\\\/info\\\/una-especie-unica-en-el-mundo-y-simbolo-de-la-provincia-de-santa-cruz\\\/\",\"name\":\"Una especie \u00fanica en el mundo y s\u00edmbolo de la provincia de Santa Cruz\",\"isPartOf\":{\"@id\":\"https:\\\/\\\/patagoniambiental.com.ar\\\/info\\\/#website\"},\"primaryImageOfPage\":{\"@id\":\"https:\\\/\\\/patagoniambiental.com.ar\\\/info\\\/una-especie-unica-en-el-mundo-y-simbolo-de-la-provincia-de-santa-cruz\\\/#primaryimage\"},\"image\":{\"@id\":\"https:\\\/\\\/patagoniambiental.com.ar\\\/info\\\/una-especie-unica-en-el-mundo-y-simbolo-de-la-provincia-de-santa-cruz\\\/#primaryimage\"},\"thumbnailUrl\":\"https:\\\/\\\/patagoniambiental.com.ar\\\/info\\\/wp-content\\\/uploads\\\/2023\\\/04\\\/Sin-titulo-28.png\",\"datePublished\":\"2023-04-28T22:00:00+00:00\",\"dateModified\":\"2024-08-17T14:00:03+00:00\",\"breadcrumb\":{\"@id\":\"https:\\\/\\\/patagoniambiental.com.ar\\\/info\\\/una-especie-unica-en-el-mundo-y-simbolo-de-la-provincia-de-santa-cruz\\\/#breadcrumb\"},\"inLanguage\":\"es\",\"potentialAction\":[{\"@type\":\"ReadAction\",\"target\":[\"https:\\\/\\\/patagoniambiental.com.ar\\\/info\\\/una-especie-unica-en-el-mundo-y-simbolo-de-la-provincia-de-santa-cruz\\\/\"]}]},{\"@type\":\"ImageObject\",\"inLanguage\":\"es\",\"@id\":\"https:\\\/\\\/patagoniambiental.com.ar\\\/info\\\/una-especie-unica-en-el-mundo-y-simbolo-de-la-provincia-de-santa-cruz\\\/#primaryimage\",\"url\":\"https:\\\/\\\/patagoniambiental.com.ar\\\/info\\\/wp-content\\\/uploads\\\/2023\\\/04\\\/Sin-titulo-28.png\",\"contentUrl\":\"https:\\\/\\\/patagoniambiental.com.ar\\\/info\\\/wp-content\\\/uploads\\\/2023\\\/04\\\/Sin-titulo-28.png\",\"width\":833,\"height\":461},{\"@type\":\"BreadcrumbList\",\"@id\":\"https:\\\/\\\/patagoniambiental.com.ar\\\/info\\\/una-especie-unica-en-el-mundo-y-simbolo-de-la-provincia-de-santa-cruz\\\/#breadcrumb\",\"itemListElement\":[{\"@type\":\"ListItem\",\"position\":1,\"name\":\"Inicio\",\"item\":\"https:\\\/\\\/patagoniambiental.com.ar\\\/info\\\/\"},{\"@type\":\"ListItem\",\"position\":2,\"name\":\"Una especie \u00fanica en el mundo y s\u00edmbolo de la provincia de Santa Cruz\"}]},{\"@type\":\"WebSite\",\"@id\":\"https:\\\/\\\/patagoniambiental.com.ar\\\/info\\\/#website\",\"url\":\"https:\\\/\\\/patagoniambiental.com.ar\\\/info\\\/\",\"name\":\"Patagonia Ambiental\",\"description\":\"Monitoreo y an\u00e1lisis de la situaci\u00f3n geopol\u00edtica en el mundo y su implicancia en la Patagonia\",\"publisher\":{\"@id\":\"https:\\\/\\\/patagoniambiental.com.ar\\\/info\\\/#organization\"},\"potentialAction\":[{\"@type\":\"SearchAction\",\"target\":{\"@type\":\"EntryPoint\",\"urlTemplate\":\"https:\\\/\\\/patagoniambiental.com.ar\\\/info\\\/?s={search_term_string}\"},\"query-input\":{\"@type\":\"PropertyValueSpecification\",\"valueRequired\":true,\"valueName\":\"search_term_string\"}}],\"inLanguage\":\"es\"},{\"@type\":\"Organization\",\"@id\":\"https:\\\/\\\/patagoniambiental.com.ar\\\/info\\\/#organization\",\"name\":\"Patagonia Ambiental\",\"url\":\"https:\\\/\\\/patagoniambiental.com.ar\\\/info\\\/\",\"logo\":{\"@type\":\"ImageObject\",\"inLanguage\":\"es\",\"@id\":\"https:\\\/\\\/patagoniambiental.com.ar\\\/info\\\/#\\\/schema\\\/logo\\\/image\\\/\",\"url\":\"https:\\\/\\\/patagoniambiental.com.ar\\\/info\\\/wp-content\\\/uploads\\\/2025\\\/05\\\/LOGO-PATAGONIA-AMBIENTAL.png\",\"contentUrl\":\"https:\\\/\\\/patagoniambiental.com.ar\\\/info\\\/wp-content\\\/uploads\\\/2025\\\/05\\\/LOGO-PATAGONIA-AMBIENTAL.png\",\"width\":433,\"height\":250,\"caption\":\"Patagonia Ambiental\"},\"image\":{\"@id\":\"https:\\\/\\\/patagoniambiental.com.ar\\\/info\\\/#\\\/schema\\\/logo\\\/image\\\/\"},\"sameAs\":[\"https:\\\/\\\/www.facebook.com\\\/patagonia.ambiental\",\"https:\\\/\\\/x.com\\\/PatAmb\"]},{\"@type\":\"Person\",\"@id\":\"https:\\\/\\\/patagoniambiental.com.ar\\\/info\\\/#\\\/schema\\\/person\\\/e5af09d700b2e82cb10c6b8800e0c691\",\"name\":\"BRAIAN ESTEVEZ\",\"sameAs\":[\"http:\\\/\\\/www.patagoniambiental.com.ar\"]}]}<\/script>\n<!-- \/ Yoast SEO Premium plugin. -->","yoast_head_json":{"title":"Una especie \u00fanica en el mundo y s\u00edmbolo de la provincia de Santa Cruz","robots":{"index":"index","follow":"follow","max-snippet":"max-snippet:-1","max-image-preview":"max-image-preview:large","max-video-preview":"max-video-preview:-1"},"canonical":"https:\/\/patagoniambiental.com.ar\/info\/una-especie-unica-en-el-mundo-y-simbolo-de-la-provincia-de-santa-cruz\/","og_locale":"es_ES","og_type":"article","og_title":"Una especie \u00fanica en el mundo y s\u00edmbolo de la provincia de Santa Cruz","og_url":"https:\/\/patagoniambiental.com.ar\/info\/una-especie-unica-en-el-mundo-y-simbolo-de-la-provincia-de-santa-cruz\/","og_site_name":"Patagonia Ambiental","article_publisher":"https:\/\/www.facebook.com\/patagonia.ambiental","article_published_time":"2023-04-28T22:00:00+00:00","article_modified_time":"2024-08-17T14:00:03+00:00","og_image":[{"width":833,"height":461,"url":"https:\/\/patagoniambiental.com.ar\/info\/wp-content\/uploads\/2023\/04\/Sin-titulo-28.png","type":"image\/png"}],"author":"BRAIAN ESTEVEZ","twitter_card":"summary_large_image","twitter_creator":"@PatAmb","twitter_site":"@PatAmb","schema":{"@context":"https:\/\/schema.org","@graph":[{"@type":"Article","@id":"https:\/\/patagoniambiental.com.ar\/info\/una-especie-unica-en-el-mundo-y-simbolo-de-la-provincia-de-santa-cruz\/#article","isPartOf":{"@id":"https:\/\/patagoniambiental.com.ar\/info\/una-especie-unica-en-el-mundo-y-simbolo-de-la-provincia-de-santa-cruz\/"},"author":{"name":"BRAIAN ESTEVEZ","@id":"https:\/\/patagoniambiental.com.ar\/info\/#\/schema\/person\/e5af09d700b2e82cb10c6b8800e0c691"},"headline":"Una especie \u00fanica en el mundo y s\u00edmbolo de la provincia de Santa Cruz","datePublished":"2023-04-28T22:00:00+00:00","dateModified":"2024-08-17T14:00:03+00:00","mainEntityOfPage":{"@id":"https:\/\/patagoniambiental.com.ar\/info\/una-especie-unica-en-el-mundo-y-simbolo-de-la-provincia-de-santa-cruz\/"},"wordCount":639,"commentCount":0,"publisher":{"@id":"https:\/\/patagoniambiental.com.ar\/info\/#organization"},"image":{"@id":"https:\/\/patagoniambiental.com.ar\/info\/una-especie-unica-en-el-mundo-y-simbolo-de-la-provincia-de-santa-cruz\/#primaryimage"},"thumbnailUrl":"https:\/\/patagoniambiental.com.ar\/info\/wp-content\/uploads\/2023\/04\/Sin-titulo-28.png","articleSection":["Noticias"],"inLanguage":"es","potentialAction":[{"@type":"CommentAction","name":"Comment","target":["https:\/\/patagoniambiental.com.ar\/info\/una-especie-unica-en-el-mundo-y-simbolo-de-la-provincia-de-santa-cruz\/#respond"]}]},{"@type":"WebPage","@id":"https:\/\/patagoniambiental.com.ar\/info\/una-especie-unica-en-el-mundo-y-simbolo-de-la-provincia-de-santa-cruz\/","url":"https:\/\/patagoniambiental.com.ar\/info\/una-especie-unica-en-el-mundo-y-simbolo-de-la-provincia-de-santa-cruz\/","name":"Una especie \u00fanica en el mundo y s\u00edmbolo de la provincia de Santa Cruz","isPartOf":{"@id":"https:\/\/patagoniambiental.com.ar\/info\/#website"},"primaryImageOfPage":{"@id":"https:\/\/patagoniambiental.com.ar\/info\/una-especie-unica-en-el-mundo-y-simbolo-de-la-provincia-de-santa-cruz\/#primaryimage"},"image":{"@id":"https:\/\/patagoniambiental.com.ar\/info\/una-especie-unica-en-el-mundo-y-simbolo-de-la-provincia-de-santa-cruz\/#primaryimage"},"thumbnailUrl":"https:\/\/patagoniambiental.com.ar\/info\/wp-content\/uploads\/2023\/04\/Sin-titulo-28.png","datePublished":"2023-04-28T22:00:00+00:00","dateModified":"2024-08-17T14:00:03+00:00","breadcrumb":{"@id":"https:\/\/patagoniambiental.com.ar\/info\/una-especie-unica-en-el-mundo-y-simbolo-de-la-provincia-de-santa-cruz\/#breadcrumb"},"inLanguage":"es","potentialAction":[{"@type":"ReadAction","target":["https:\/\/patagoniambiental.com.ar\/info\/una-especie-unica-en-el-mundo-y-simbolo-de-la-provincia-de-santa-cruz\/"]}]},{"@type":"ImageObject","inLanguage":"es","@id":"https:\/\/patagoniambiental.com.ar\/info\/una-especie-unica-en-el-mundo-y-simbolo-de-la-provincia-de-santa-cruz\/#primaryimage","url":"https:\/\/patagoniambiental.com.ar\/info\/wp-content\/uploads\/2023\/04\/Sin-titulo-28.png","contentUrl":"https:\/\/patagoniambiental.com.ar\/info\/wp-content\/uploads\/2023\/04\/Sin-titulo-28.png","width":833,"height":461},{"@type":"BreadcrumbList","@id":"https:\/\/patagoniambiental.com.ar\/info\/una-especie-unica-en-el-mundo-y-simbolo-de-la-provincia-de-santa-cruz\/#breadcrumb","itemListElement":[{"@type":"ListItem","position":1,"name":"Inicio","item":"https:\/\/patagoniambiental.com.ar\/info\/"},{"@type":"ListItem","position":2,"name":"Una especie \u00fanica en el mundo y s\u00edmbolo de la provincia de Santa Cruz"}]},{"@type":"WebSite","@id":"https:\/\/patagoniambiental.com.ar\/info\/#website","url":"https:\/\/patagoniambiental.com.ar\/info\/","name":"Patagonia Ambiental","description":"Monitoreo y an\u00e1lisis de la situaci\u00f3n geopol\u00edtica en el mundo y su implicancia en la Patagonia","publisher":{"@id":"https:\/\/patagoniambiental.com.ar\/info\/#organization"},"potentialAction":[{"@type":"SearchAction","target":{"@type":"EntryPoint","urlTemplate":"https:\/\/patagoniambiental.com.ar\/info\/?s={search_term_string}"},"query-input":{"@type":"PropertyValueSpecification","valueRequired":true,"valueName":"search_term_string"}}],"inLanguage":"es"},{"@type":"Organization","@id":"https:\/\/patagoniambiental.com.ar\/info\/#organization","name":"Patagonia Ambiental","url":"https:\/\/patagoniambiental.com.ar\/info\/","logo":{"@type":"ImageObject","inLanguage":"es","@id":"https:\/\/patagoniambiental.com.ar\/info\/#\/schema\/logo\/image\/","url":"https:\/\/patagoniambiental.com.ar\/info\/wp-content\/uploads\/2025\/05\/LOGO-PATAGONIA-AMBIENTAL.png","contentUrl":"https:\/\/patagoniambiental.com.ar\/info\/wp-content\/uploads\/2025\/05\/LOGO-PATAGONIA-AMBIENTAL.png","width":433,"height":250,"caption":"Patagonia Ambiental"},"image":{"@id":"https:\/\/patagoniambiental.com.ar\/info\/#\/schema\/logo\/image\/"},"sameAs":["https:\/\/www.facebook.com\/patagonia.ambiental","https:\/\/x.com\/PatAmb"]},{"@type":"Person","@id":"https:\/\/patagoniambiental.com.ar\/info\/#\/schema\/person\/e5af09d700b2e82cb10c6b8800e0c691","name":"BRAIAN ESTEVEZ","sameAs":["http:\/\/www.patagoniambiental.com.ar"]}]}},"_links":{"self":[{"href":"https:\/\/patagoniambiental.com.ar\/info\/wp-json\/wp\/v2\/posts\/77845","targetHints":{"allow":["GET"]}}],"collection":[{"href":"https:\/\/patagoniambiental.com.ar\/info\/wp-json\/wp\/v2\/posts"}],"about":[{"href":"https:\/\/patagoniambiental.com.ar\/info\/wp-json\/wp\/v2\/types\/post"}],"author":[{"embeddable":true,"href":"https:\/\/patagoniambiental.com.ar\/info\/wp-json\/wp\/v2\/users\/6"}],"replies":[{"embeddable":true,"href":"https:\/\/patagoniambiental.com.ar\/info\/wp-json\/wp\/v2\/comments?post=77845"}],"version-history":[{"count":0,"href":"https:\/\/patagoniambiental.com.ar\/info\/wp-json\/wp\/v2\/posts\/77845\/revisions"}],"wp:featuredmedia":[{"embeddable":true,"href":"https:\/\/patagoniambiental.com.ar\/info\/wp-json\/wp\/v2\/media\/77846"}],"wp:attachment":[{"href":"https:\/\/patagoniambiental.com.ar\/info\/wp-json\/wp\/v2\/media?parent=77845"}],"wp:term":[{"taxonomy":"category","embeddable":true,"href":"https:\/\/patagoniambiental.com.ar\/info\/wp-json\/wp\/v2\/categories?post=77845"},{"taxonomy":"post_tag","embeddable":true,"href":"https:\/\/patagoniambiental.com.ar\/info\/wp-json\/wp\/v2\/tags?post=77845"}],"curies":[{"name":"wp","href":"https:\/\/api.w.org\/{rel}","templated":true}]}}