{"id":77977,"date":"2023-05-05T19:00:00","date_gmt":"2023-05-05T22:00:00","guid":{"rendered":"http:\/\/patagoniambiental.com.ar\/info\/?p=77977"},"modified":"2023-05-06T12:28:26","modified_gmt":"2023-05-06T15:28:26","slug":"continua-la-consulta-publica-en-la-zona-norte-para-generar-energia-geotermica","status":"publish","type":"post","link":"https:\/\/patagoniambiental.com.ar\/info\/continua-la-consulta-publica-en-la-zona-norte-para-generar-energia-geotermica\/","title":{"rendered":"Contin\u00faa la consulta p\u00fablica en la zona norte para generar energ\u00eda geot\u00e9rmica"},"content":{"rendered":"\n<!--more-->\n\n\n\n<p><em>El \u00e1rea Geot\u00e9rmica Domuyo se ubica a 35 kms al norte de la localidad de Varvarco \u2013 Invernada Vieja, en el Departamento Minas. La iniciativa permitir\u00e1 brindar energ\u00eda renovable a zonas rurales y comunidades del Norte Neuquino.<\/em><\/p>\n\n\n\n<p>La segunda consulta p\u00fablica y abierta con relaci\u00f3n al desarrollo del proyecto geot\u00e9rmico de Domuyo se concret\u00f3 d\u00edas atr\u00e1s en el Gimnasio Municipal de Varvarco. Se trata de la etapa de difusi\u00f3n de las actividades correspondientes a los estudios sociales y ambientales de la iniciativa, que apunta al aprovechamiento de una fuente natural y renovable de energ\u00eda para una amplia zona circundante al Volc\u00e1n Domuyo.<\/p>\n\n\n\n<p>Estas consultas alcanzan tanto a gobiernos locales de la regi\u00f3n como a organizaciones no gubernamentales, asociaciones y p\u00fablico en general. Forman parte del procedimiento y del compromiso social de la Agencia de Promoci\u00f3n y Desarrollo de Inversiones, ADI-NQN S.E.P., y del Banco Interamericano de Desarrollo (BID). Y buscan compartir con las partes interesadas las caracter\u00edsticas del proyecto, su estado actual, avances y planes a futuro, como as\u00ed tambi\u00e9n promover un espacio de di\u00e1logo, intercambio y retroalimentaci\u00f3n que permita conocer sus aportes, sugerencias, dudas, desacuerdos y comentarios, en la etapa de preparaci\u00f3n del proyecto a fin de fortalecer sus beneficios y darle sustentabilidad social y ambiental.<\/p>\n\n\n\n<p>En la actividad que se realiz\u00f3 el pasado mi\u00e9rcoles en Varvarco participaron representantes de los Municipios de Varvarco, Las Ovejas, Huinganco y Chos Malal, entre otros, adem\u00e1s de otros sectores y organizaciones de la comunidad del norte Neuquino. Jos\u00e9 Brillo, Presidente de ADI NQN, explic\u00f3 que, con esta nueva consulta p\u00fablica, se avanza en forma constructiva y cumpliendo con todos los procedimientos requeridos.<\/p>\n\n\n\n<p>Brillo estim\u00f3 que es probable que se realice una tercera consulta p\u00fablica y, de esta manera, se avance en las etapas previstas para el desarrollo del proyecto de mayor potencial geot\u00e9rmico de la Argentina. Al respecto explic\u00f3 que, si bien los estudios de pre-factibilidad realizados en la d\u00e9cada de 1980 por las Agencias de Cooperaci\u00f3n de Jap\u00f3n e Italia estimaban una potencia de 100 MW, la intenci\u00f3n es avanzar en un proyecto piloto, con una capacidad inicial de 5 MW.<\/p>\n\n\n\n<p>La iniciativa provincial propone un proyecto modular, en una primera instancia, cuya producci\u00f3n de energ\u00eda pueda destinarse al consumo regional a trav\u00e9s de las redes el\u00e9ctricas existentes y, como sucede en los pa\u00edses que han desarrollado la geotermia, aprovechar tambi\u00e9n el vapor para usos directos en el lugar, como la calefacci\u00f3n domiciliaria, para los hoteles y hoster\u00edas, el desarrollo de invernaderos, hidroponia, deshidrataci\u00f3n de carnes, frutas y hortalizas y\/o secado de maderas, entre otros usos. La idea es construir con la comunidad el proyecto de uso directo que mejor se adapte a las necesidades y costumbres locales.<\/p>\n\n\n\n<p>Esta concepci\u00f3n del proyecto permitir\u00eda una necesidad inferior de financiamiento, por ser un proyecto de capacidad reducida y requerir un menor esfuerzo en la construcci\u00f3n de l\u00edneas el\u00e9ctricas, dado que solo basta con completar la infraestructura existente, conectando la zona de Aguas Calientes, donde se encuentra el proyecto, con la localidad de Las Ovejas.<\/p>\n\n\n\n<p>De la reuni\u00f3n participaron representantes de la Asambleas del Agua del Norte Neuquino, Asamblea Socio-Ambiental de Huinganco, estudiantes de la EPEA N\u00b01 de Las Ovejas, ISSN, puesteros, guardaparques, prestadores tur\u00edsticos, entre otros. Adem\u00e1s, los t\u00e9cnicos y profesionales de ADI-NQN: Carlos Esteban, Claudia Vega, Maria del Carmen Sambrin, Pablo Villareal, Nahuel Rodr\u00edguez y el Presidente de la Comisi\u00f3n de Fomento de Varvarco Gast\u00f3n Fuentes y el Presidente Electo, Ulises Herrera.<\/p>\n\n\n\n<p>Fuente: prensagob<\/p>\n","protected":false},"excerpt":{"rendered":"","protected":false},"author":6,"featured_media":77978,"comment_status":"open","ping_status":"open","sticky":false,"template":"","format":"standard","meta":{"site-sidebar-layout":"default","site-content-layout":"","ast-site-content-layout":"default","site-content-style":"default","site-sidebar-style":"default","ast-global-header-display":"","ast-banner-title-visibility":"","ast-main-header-display":"","ast-hfb-above-header-display":"","ast-hfb-below-header-display":"","ast-hfb-mobile-header-display":"","site-post-title":"","ast-breadcrumbs-content":"","ast-featured-img":"","footer-sml-layout":"","ast-disable-related-posts":"","theme-transparent-header-meta":"","adv-header-id-meta":"","stick-header-meta":"","header-above-stick-meta":"","header-main-stick-meta":"","header-below-stick-meta":"","astra-migrate-meta-layouts":"default","ast-page-background-enabled":"default","ast-page-background-meta":{"desktop":{"background-color":"var(--ast-global-color-5)","background-image":"","background-repeat":"repeat","background-position":"center center","background-size":"auto","background-attachment":"scroll","background-type":"","background-media":"","overlay-type":"","overlay-color":"","overlay-opacity":"","overlay-gradient":""},"tablet":{"background-color":"","background-image":"","background-repeat":"repeat","background-position":"center center","background-size":"auto","background-attachment":"scroll","background-type":"","background-media":"","overlay-type":"","overlay-color":"","overlay-opacity":"","overlay-gradient":""},"mobile":{"background-color":"","background-image":"","background-repeat":"repeat","background-position":"center center","background-size":"auto","background-attachment":"scroll","background-type":"","background-media":"","overlay-type":"","overlay-color":"","overlay-opacity":"","overlay-gradient":""}},"ast-content-background-meta":{"desktop":{"background-color":"var(--ast-global-color-4)","background-image":"","background-repeat":"repeat","background-position":"center center","background-size":"auto","background-attachment":"scroll","background-type":"","background-media":"","overlay-type":"","overlay-color":"","overlay-opacity":"","overlay-gradient":""},"tablet":{"background-color":"var(--ast-global-color-4)","background-image":"","background-repeat":"repeat","background-position":"center center","background-size":"auto","background-attachment":"scroll","background-type":"","background-media":"","overlay-type":"","overlay-color":"","overlay-opacity":"","overlay-gradient":""},"mobile":{"background-color":"var(--ast-global-color-4)","background-image":"","background-repeat":"repeat","background-position":"center center","background-size":"auto","background-attachment":"scroll","background-type":"","background-media":"","overlay-type":"","overlay-color":"","overlay-opacity":"","overlay-gradient":""}},"footnotes":""},"categories":[13],"tags":[],"class_list":["post-77977","post","type-post","status-publish","format-standard","has-post-thumbnail","hentry","category-provinciales"],"yoast_head":"<!-- This site is optimized with the Yoast SEO Premium plugin v23.0 (Yoast SEO v27.4) - https:\/\/yoast.com\/product\/yoast-seo-premium-wordpress\/ -->\n<title>Contin\u00faa la consulta p\u00fablica en la zona norte para generar energ\u00eda geot\u00e9rmica<\/title>\n<meta name=\"robots\" content=\"index, follow, max-snippet:-1, max-image-preview:large, max-video-preview:-1\" \/>\n<link rel=\"canonical\" href=\"https:\/\/patagoniambiental.com.ar\/info\/continua-la-consulta-publica-en-la-zona-norte-para-generar-energia-geotermica\/\" \/>\n<meta property=\"og:locale\" content=\"es_ES\" \/>\n<meta property=\"og:type\" content=\"article\" \/>\n<meta property=\"og:title\" content=\"Contin\u00faa la consulta p\u00fablica en la zona norte para generar energ\u00eda geot\u00e9rmica\" \/>\n<meta property=\"og:url\" content=\"https:\/\/patagoniambiental.com.ar\/info\/continua-la-consulta-publica-en-la-zona-norte-para-generar-energia-geotermica\/\" \/>\n<meta property=\"og:site_name\" content=\"Patagonia Ambiental\" \/>\n<meta property=\"article:publisher\" content=\"https:\/\/www.facebook.com\/patagonia.ambiental\" \/>\n<meta property=\"article:published_time\" content=\"2023-05-05T22:00:00+00:00\" \/>\n<meta property=\"article:modified_time\" content=\"2023-05-06T15:28:26+00:00\" \/>\n<meta property=\"og:image\" content=\"https:\/\/patagoniambiental.com.ar\/info\/wp-content\/uploads\/2023\/05\/t-1.jpg\" \/>\n\t<meta property=\"og:image:width\" content=\"1280\" \/>\n\t<meta property=\"og:image:height\" content=\"619\" \/>\n\t<meta property=\"og:image:type\" content=\"image\/jpeg\" \/>\n<meta name=\"author\" content=\"BRAIAN ESTEVEZ\" \/>\n<meta name=\"twitter:card\" content=\"summary_large_image\" \/>\n<meta name=\"twitter:creator\" content=\"@PatAmb\" \/>\n<meta name=\"twitter:site\" content=\"@PatAmb\" \/>\n<script type=\"application\/ld+json\" class=\"yoast-schema-graph\">{\"@context\":\"https:\\\/\\\/schema.org\",\"@graph\":[{\"@type\":\"Article\",\"@id\":\"https:\\\/\\\/patagoniambiental.com.ar\\\/info\\\/continua-la-consulta-publica-en-la-zona-norte-para-generar-energia-geotermica\\\/#article\",\"isPartOf\":{\"@id\":\"https:\\\/\\\/patagoniambiental.com.ar\\\/info\\\/continua-la-consulta-publica-en-la-zona-norte-para-generar-energia-geotermica\\\/\"},\"author\":{\"name\":\"BRAIAN ESTEVEZ\",\"@id\":\"https:\\\/\\\/patagoniambiental.com.ar\\\/info\\\/#\\\/schema\\\/person\\\/e5af09d700b2e82cb10c6b8800e0c691\"},\"headline\":\"Contin\u00faa la consulta p\u00fablica en la zona norte para generar energ\u00eda geot\u00e9rmica\",\"datePublished\":\"2023-05-05T22:00:00+00:00\",\"dateModified\":\"2023-05-06T15:28:26+00:00\",\"mainEntityOfPage\":{\"@id\":\"https:\\\/\\\/patagoniambiental.com.ar\\\/info\\\/continua-la-consulta-publica-en-la-zona-norte-para-generar-energia-geotermica\\\/\"},\"wordCount\":634,\"commentCount\":0,\"publisher\":{\"@id\":\"https:\\\/\\\/patagoniambiental.com.ar\\\/info\\\/#organization\"},\"image\":{\"@id\":\"https:\\\/\\\/patagoniambiental.com.ar\\\/info\\\/continua-la-consulta-publica-en-la-zona-norte-para-generar-energia-geotermica\\\/#primaryimage\"},\"thumbnailUrl\":\"https:\\\/\\\/patagoniambiental.com.ar\\\/info\\\/wp-content\\\/uploads\\\/2023\\\/05\\\/t-1.jpg\",\"articleSection\":[\"Provinciales\"],\"inLanguage\":\"es\",\"potentialAction\":[{\"@type\":\"CommentAction\",\"name\":\"Comment\",\"target\":[\"https:\\\/\\\/patagoniambiental.com.ar\\\/info\\\/continua-la-consulta-publica-en-la-zona-norte-para-generar-energia-geotermica\\\/#respond\"]}]},{\"@type\":\"WebPage\",\"@id\":\"https:\\\/\\\/patagoniambiental.com.ar\\\/info\\\/continua-la-consulta-publica-en-la-zona-norte-para-generar-energia-geotermica\\\/\",\"url\":\"https:\\\/\\\/patagoniambiental.com.ar\\\/info\\\/continua-la-consulta-publica-en-la-zona-norte-para-generar-energia-geotermica\\\/\",\"name\":\"Contin\u00faa la consulta p\u00fablica en la zona norte para generar energ\u00eda geot\u00e9rmica\",\"isPartOf\":{\"@id\":\"https:\\\/\\\/patagoniambiental.com.ar\\\/info\\\/#website\"},\"primaryImageOfPage\":{\"@id\":\"https:\\\/\\\/patagoniambiental.com.ar\\\/info\\\/continua-la-consulta-publica-en-la-zona-norte-para-generar-energia-geotermica\\\/#primaryimage\"},\"image\":{\"@id\":\"https:\\\/\\\/patagoniambiental.com.ar\\\/info\\\/continua-la-consulta-publica-en-la-zona-norte-para-generar-energia-geotermica\\\/#primaryimage\"},\"thumbnailUrl\":\"https:\\\/\\\/patagoniambiental.com.ar\\\/info\\\/wp-content\\\/uploads\\\/2023\\\/05\\\/t-1.jpg\",\"datePublished\":\"2023-05-05T22:00:00+00:00\",\"dateModified\":\"2023-05-06T15:28:26+00:00\",\"breadcrumb\":{\"@id\":\"https:\\\/\\\/patagoniambiental.com.ar\\\/info\\\/continua-la-consulta-publica-en-la-zona-norte-para-generar-energia-geotermica\\\/#breadcrumb\"},\"inLanguage\":\"es\",\"potentialAction\":[{\"@type\":\"ReadAction\",\"target\":[\"https:\\\/\\\/patagoniambiental.com.ar\\\/info\\\/continua-la-consulta-publica-en-la-zona-norte-para-generar-energia-geotermica\\\/\"]}]},{\"@type\":\"ImageObject\",\"inLanguage\":\"es\",\"@id\":\"https:\\\/\\\/patagoniambiental.com.ar\\\/info\\\/continua-la-consulta-publica-en-la-zona-norte-para-generar-energia-geotermica\\\/#primaryimage\",\"url\":\"https:\\\/\\\/patagoniambiental.com.ar\\\/info\\\/wp-content\\\/uploads\\\/2023\\\/05\\\/t-1.jpg\",\"contentUrl\":\"https:\\\/\\\/patagoniambiental.com.ar\\\/info\\\/wp-content\\\/uploads\\\/2023\\\/05\\\/t-1.jpg\",\"width\":1200,\"height\":580},{\"@type\":\"BreadcrumbList\",\"@id\":\"https:\\\/\\\/patagoniambiental.com.ar\\\/info\\\/continua-la-consulta-publica-en-la-zona-norte-para-generar-energia-geotermica\\\/#breadcrumb\",\"itemListElement\":[{\"@type\":\"ListItem\",\"position\":1,\"name\":\"Inicio\",\"item\":\"https:\\\/\\\/patagoniambiental.com.ar\\\/info\\\/\"},{\"@type\":\"ListItem\",\"position\":2,\"name\":\"Contin\u00faa la consulta p\u00fablica en la zona norte para generar energ\u00eda geot\u00e9rmica\"}]},{\"@type\":\"WebSite\",\"@id\":\"https:\\\/\\\/patagoniambiental.com.ar\\\/info\\\/#website\",\"url\":\"https:\\\/\\\/patagoniambiental.com.ar\\\/info\\\/\",\"name\":\"Patagonia Ambiental\",\"description\":\"Monitoreo y an\u00e1lisis de la situaci\u00f3n geopol\u00edtica en el mundo y su implicancia en la Patagonia\",\"publisher\":{\"@id\":\"https:\\\/\\\/patagoniambiental.com.ar\\\/info\\\/#organization\"},\"potentialAction\":[{\"@type\":\"SearchAction\",\"target\":{\"@type\":\"EntryPoint\",\"urlTemplate\":\"https:\\\/\\\/patagoniambiental.com.ar\\\/info\\\/?s={search_term_string}\"},\"query-input\":{\"@type\":\"PropertyValueSpecification\",\"valueRequired\":true,\"valueName\":\"search_term_string\"}}],\"inLanguage\":\"es\"},{\"@type\":\"Organization\",\"@id\":\"https:\\\/\\\/patagoniambiental.com.ar\\\/info\\\/#organization\",\"name\":\"Patagonia Ambiental\",\"url\":\"https:\\\/\\\/patagoniambiental.com.ar\\\/info\\\/\",\"logo\":{\"@type\":\"ImageObject\",\"inLanguage\":\"es\",\"@id\":\"https:\\\/\\\/patagoniambiental.com.ar\\\/info\\\/#\\\/schema\\\/logo\\\/image\\\/\",\"url\":\"https:\\\/\\\/patagoniambiental.com.ar\\\/info\\\/wp-content\\\/uploads\\\/2025\\\/05\\\/LOGO-PATAGONIA-AMBIENTAL.png\",\"contentUrl\":\"https:\\\/\\\/patagoniambiental.com.ar\\\/info\\\/wp-content\\\/uploads\\\/2025\\\/05\\\/LOGO-PATAGONIA-AMBIENTAL.png\",\"width\":433,\"height\":250,\"caption\":\"Patagonia Ambiental\"},\"image\":{\"@id\":\"https:\\\/\\\/patagoniambiental.com.ar\\\/info\\\/#\\\/schema\\\/logo\\\/image\\\/\"},\"sameAs\":[\"https:\\\/\\\/www.facebook.com\\\/patagonia.ambiental\",\"https:\\\/\\\/x.com\\\/PatAmb\"]},{\"@type\":\"Person\",\"@id\":\"https:\\\/\\\/patagoniambiental.com.ar\\\/info\\\/#\\\/schema\\\/person\\\/e5af09d700b2e82cb10c6b8800e0c691\",\"name\":\"BRAIAN ESTEVEZ\",\"sameAs\":[\"http:\\\/\\\/www.patagoniambiental.com.ar\"]}]}<\/script>\n<!-- \/ Yoast SEO Premium plugin. -->","yoast_head_json":{"title":"Contin\u00faa la consulta p\u00fablica en la zona norte para generar energ\u00eda geot\u00e9rmica","robots":{"index":"index","follow":"follow","max-snippet":"max-snippet:-1","max-image-preview":"max-image-preview:large","max-video-preview":"max-video-preview:-1"},"canonical":"https:\/\/patagoniambiental.com.ar\/info\/continua-la-consulta-publica-en-la-zona-norte-para-generar-energia-geotermica\/","og_locale":"es_ES","og_type":"article","og_title":"Contin\u00faa la consulta p\u00fablica en la zona norte para generar energ\u00eda geot\u00e9rmica","og_url":"https:\/\/patagoniambiental.com.ar\/info\/continua-la-consulta-publica-en-la-zona-norte-para-generar-energia-geotermica\/","og_site_name":"Patagonia Ambiental","article_publisher":"https:\/\/www.facebook.com\/patagonia.ambiental","article_published_time":"2023-05-05T22:00:00+00:00","article_modified_time":"2023-05-06T15:28:26+00:00","og_image":[{"width":1280,"height":619,"url":"https:\/\/patagoniambiental.com.ar\/info\/wp-content\/uploads\/2023\/05\/t-1.jpg","type":"image\/jpeg"}],"author":"BRAIAN ESTEVEZ","twitter_card":"summary_large_image","twitter_creator":"@PatAmb","twitter_site":"@PatAmb","schema":{"@context":"https:\/\/schema.org","@graph":[{"@type":"Article","@id":"https:\/\/patagoniambiental.com.ar\/info\/continua-la-consulta-publica-en-la-zona-norte-para-generar-energia-geotermica\/#article","isPartOf":{"@id":"https:\/\/patagoniambiental.com.ar\/info\/continua-la-consulta-publica-en-la-zona-norte-para-generar-energia-geotermica\/"},"author":{"name":"BRAIAN ESTEVEZ","@id":"https:\/\/patagoniambiental.com.ar\/info\/#\/schema\/person\/e5af09d700b2e82cb10c6b8800e0c691"},"headline":"Contin\u00faa la consulta p\u00fablica en la zona norte para generar energ\u00eda geot\u00e9rmica","datePublished":"2023-05-05T22:00:00+00:00","dateModified":"2023-05-06T15:28:26+00:00","mainEntityOfPage":{"@id":"https:\/\/patagoniambiental.com.ar\/info\/continua-la-consulta-publica-en-la-zona-norte-para-generar-energia-geotermica\/"},"wordCount":634,"commentCount":0,"publisher":{"@id":"https:\/\/patagoniambiental.com.ar\/info\/#organization"},"image":{"@id":"https:\/\/patagoniambiental.com.ar\/info\/continua-la-consulta-publica-en-la-zona-norte-para-generar-energia-geotermica\/#primaryimage"},"thumbnailUrl":"https:\/\/patagoniambiental.com.ar\/info\/wp-content\/uploads\/2023\/05\/t-1.jpg","articleSection":["Provinciales"],"inLanguage":"es","potentialAction":[{"@type":"CommentAction","name":"Comment","target":["https:\/\/patagoniambiental.com.ar\/info\/continua-la-consulta-publica-en-la-zona-norte-para-generar-energia-geotermica\/#respond"]}]},{"@type":"WebPage","@id":"https:\/\/patagoniambiental.com.ar\/info\/continua-la-consulta-publica-en-la-zona-norte-para-generar-energia-geotermica\/","url":"https:\/\/patagoniambiental.com.ar\/info\/continua-la-consulta-publica-en-la-zona-norte-para-generar-energia-geotermica\/","name":"Contin\u00faa la consulta p\u00fablica en la zona norte para generar energ\u00eda geot\u00e9rmica","isPartOf":{"@id":"https:\/\/patagoniambiental.com.ar\/info\/#website"},"primaryImageOfPage":{"@id":"https:\/\/patagoniambiental.com.ar\/info\/continua-la-consulta-publica-en-la-zona-norte-para-generar-energia-geotermica\/#primaryimage"},"image":{"@id":"https:\/\/patagoniambiental.com.ar\/info\/continua-la-consulta-publica-en-la-zona-norte-para-generar-energia-geotermica\/#primaryimage"},"thumbnailUrl":"https:\/\/patagoniambiental.com.ar\/info\/wp-content\/uploads\/2023\/05\/t-1.jpg","datePublished":"2023-05-05T22:00:00+00:00","dateModified":"2023-05-06T15:28:26+00:00","breadcrumb":{"@id":"https:\/\/patagoniambiental.com.ar\/info\/continua-la-consulta-publica-en-la-zona-norte-para-generar-energia-geotermica\/#breadcrumb"},"inLanguage":"es","potentialAction":[{"@type":"ReadAction","target":["https:\/\/patagoniambiental.com.ar\/info\/continua-la-consulta-publica-en-la-zona-norte-para-generar-energia-geotermica\/"]}]},{"@type":"ImageObject","inLanguage":"es","@id":"https:\/\/patagoniambiental.com.ar\/info\/continua-la-consulta-publica-en-la-zona-norte-para-generar-energia-geotermica\/#primaryimage","url":"https:\/\/patagoniambiental.com.ar\/info\/wp-content\/uploads\/2023\/05\/t-1.jpg","contentUrl":"https:\/\/patagoniambiental.com.ar\/info\/wp-content\/uploads\/2023\/05\/t-1.jpg","width":1200,"height":580},{"@type":"BreadcrumbList","@id":"https:\/\/patagoniambiental.com.ar\/info\/continua-la-consulta-publica-en-la-zona-norte-para-generar-energia-geotermica\/#breadcrumb","itemListElement":[{"@type":"ListItem","position":1,"name":"Inicio","item":"https:\/\/patagoniambiental.com.ar\/info\/"},{"@type":"ListItem","position":2,"name":"Contin\u00faa la consulta p\u00fablica en la zona norte para generar energ\u00eda geot\u00e9rmica"}]},{"@type":"WebSite","@id":"https:\/\/patagoniambiental.com.ar\/info\/#website","url":"https:\/\/patagoniambiental.com.ar\/info\/","name":"Patagonia Ambiental","description":"Monitoreo y an\u00e1lisis de la situaci\u00f3n geopol\u00edtica en el mundo y su implicancia en la Patagonia","publisher":{"@id":"https:\/\/patagoniambiental.com.ar\/info\/#organization"},"potentialAction":[{"@type":"SearchAction","target":{"@type":"EntryPoint","urlTemplate":"https:\/\/patagoniambiental.com.ar\/info\/?s={search_term_string}"},"query-input":{"@type":"PropertyValueSpecification","valueRequired":true,"valueName":"search_term_string"}}],"inLanguage":"es"},{"@type":"Organization","@id":"https:\/\/patagoniambiental.com.ar\/info\/#organization","name":"Patagonia Ambiental","url":"https:\/\/patagoniambiental.com.ar\/info\/","logo":{"@type":"ImageObject","inLanguage":"es","@id":"https:\/\/patagoniambiental.com.ar\/info\/#\/schema\/logo\/image\/","url":"https:\/\/patagoniambiental.com.ar\/info\/wp-content\/uploads\/2025\/05\/LOGO-PATAGONIA-AMBIENTAL.png","contentUrl":"https:\/\/patagoniambiental.com.ar\/info\/wp-content\/uploads\/2025\/05\/LOGO-PATAGONIA-AMBIENTAL.png","width":433,"height":250,"caption":"Patagonia Ambiental"},"image":{"@id":"https:\/\/patagoniambiental.com.ar\/info\/#\/schema\/logo\/image\/"},"sameAs":["https:\/\/www.facebook.com\/patagonia.ambiental","https:\/\/x.com\/PatAmb"]},{"@type":"Person","@id":"https:\/\/patagoniambiental.com.ar\/info\/#\/schema\/person\/e5af09d700b2e82cb10c6b8800e0c691","name":"BRAIAN ESTEVEZ","sameAs":["http:\/\/www.patagoniambiental.com.ar"]}]}},"_links":{"self":[{"href":"https:\/\/patagoniambiental.com.ar\/info\/wp-json\/wp\/v2\/posts\/77977","targetHints":{"allow":["GET"]}}],"collection":[{"href":"https:\/\/patagoniambiental.com.ar\/info\/wp-json\/wp\/v2\/posts"}],"about":[{"href":"https:\/\/patagoniambiental.com.ar\/info\/wp-json\/wp\/v2\/types\/post"}],"author":[{"embeddable":true,"href":"https:\/\/patagoniambiental.com.ar\/info\/wp-json\/wp\/v2\/users\/6"}],"replies":[{"embeddable":true,"href":"https:\/\/patagoniambiental.com.ar\/info\/wp-json\/wp\/v2\/comments?post=77977"}],"version-history":[{"count":0,"href":"https:\/\/patagoniambiental.com.ar\/info\/wp-json\/wp\/v2\/posts\/77977\/revisions"}],"wp:featuredmedia":[{"embeddable":true,"href":"https:\/\/patagoniambiental.com.ar\/info\/wp-json\/wp\/v2\/media\/77978"}],"wp:attachment":[{"href":"https:\/\/patagoniambiental.com.ar\/info\/wp-json\/wp\/v2\/media?parent=77977"}],"wp:term":[{"taxonomy":"category","embeddable":true,"href":"https:\/\/patagoniambiental.com.ar\/info\/wp-json\/wp\/v2\/categories?post=77977"},{"taxonomy":"post_tag","embeddable":true,"href":"https:\/\/patagoniambiental.com.ar\/info\/wp-json\/wp\/v2\/tags?post=77977"}],"curies":[{"name":"wp","href":"https:\/\/api.w.org\/{rel}","templated":true}]}}