{"id":78025,"date":"2023-05-14T07:00:00","date_gmt":"2023-05-14T10:00:00","guid":{"rendered":"http:\/\/patagoniambiental.com.ar\/info\/?p=78025"},"modified":"2024-08-17T00:26:14","modified_gmt":"2024-08-17T03:26:14","slug":"vinos-biodinamicos-que-son-y-cuando-se-produciran-en-neuquen","status":"publish","type":"post","link":"https:\/\/patagoniambiental.com.ar\/info\/vinos-biodinamicos-que-son-y-cuando-se-produciran-en-neuquen\/","title":{"rendered":"Vinos biodin\u00e1micos: \u00bfQu\u00e9 son y cu\u00e1ndo se producir\u00e1n en Neuqu\u00e9n?"},"content":{"rendered":"\n<!--more-->\n\n\n\n<p>Por <strong><a href=\"https:\/\/www.lmneuquen.com\/perfil\/1090-adriano-calalesina\">Adriano Calalesina<\/a><\/strong><a href=\"mailto:adrianoc@lmneuquen.com.ar\"> adrianoc@lmneuquen.com.ar<\/a>. Mendoza tiene 10 bodegas que certificaron D\u00e9meter, un sello de alta calidad con una forma de cultivar milenaria y descontaminada.<a href=\"https:\/\/www.lmneuquen.com\/perfil\/1090-adriano-calalesina\"><\/a><\/p>\n\n\n\n<figure class=\"wp-block-image\"><img decoding=\"async\" src=\"https:\/\/media.lmneuquen.com\/p\/c1afde4a8088e9f6f7980a6b787f8590\/adjuntos\/195\/imagenes\/007\/494\/0007494907\/770x0\/smart\/vinos-biodinamicos_01webp.png\" alt=\"Vinos biodin\u00e1micos: \u00bfQu\u00e9 son y cu\u00e1ndo se producir\u00e1n en Neuqu\u00e9n?\" title=\"Vinos biodin\u00e1micos: \u00bfQu\u00e9 son y cu\u00e1ndo se producir\u00e1n en Neuqu\u00e9n? | LM Neuquen\"\/><\/figure>\n\n\n\n<p>En el mundo nace un nuevo \u201cmercado\u201d o forma de conectarse con los alimentos: es la biodin\u00e1mica, una suerte de \u201chomeopat\u00eda\u201d para la agricultura, que tiene el prop\u00f3sito de descontaminar la tierra y regirse por una forma ancestral de cultivar. En este arte de vivir y cultivar, todo est\u00e1 conectado: desde el movimiento del cielo y la vitalidad de la tierra, que usaban los pueblos ancestrales, hasta los animales e insectos que rodean a los cultivos.<\/p>\n\n\n\n<p>Esta filosof\u00eda de vida, que tiene como relator principal, al austr\u00edaco Rudolf Steiner, empez\u00f3 a hacer masa cr\u00edtica hace d\u00e9cadas, all\u00e1 por 1920. Es un camino donde se abren nuevos mercados, para un p\u00fablico distinto, a veces m\u00e1s selecto, pero con nuevas formas de relacionarse con el mundo y el medio ambiente.<\/p>\n\n\n\n<figure class=\"wp-block-image\"><img decoding=\"async\" src=\"https:\/\/media.lmneuquen.com\/p\/f76bf65cc5aac51eb9938c9adefc44f4\/adjuntos\/195\/imagenes\/007\/494\/0007494908\/770x0\/smart\/vinedos-biodinamicoswebp.png\" alt=\"Cultivos bioodin\u00e1micos en la Bodega Chacra, en Mainqu\u00e9. Es a \u00fanica en la zona que logr\u00f3 la certificaci\u00f3n del sello D\u00e9meter.\"\/><\/figure>\n\n\n\n<p>Cultivos bioodin\u00e1micos en la Bodega Chacra, en Mainqu\u00e9. Es a \u00fanica en la zona que logr\u00f3 la certificaci\u00f3n del sello D\u00e9meter.<\/p>\n\n\n\n<p>El arte de hacer vinos biodin\u00e1micos crece no s\u00f3lo en el mundo, sino tambi\u00e9n en el pa\u00eds. No s\u00f3lo en este rubro, sino tambi\u00e9n en otros alimentos. Hay dos tendencias en el abanico de la biodin\u00e1mica y una es la que usan los peque\u00f1os productores de los pueblos andinos, y otra la que buscan los exportadores, donde pretenden cumplir altas exigencias est\u00e1ndares de calidad en el mercado.<\/p>\n\n\n\n<p>Y si bien en la provincia de Neuqu\u00e9n a\u00fan no hay vinos de estas caracter\u00edsticas, s\u00ed hay un camino de certificaci\u00f3n de la producci\u00f3n org\u00e1nica, que es un estadio anterior a la biodin\u00e1mica.<\/p>\n\n\n\n<p>El sello de certificaci\u00f3n de la biodin\u00e1mica es D\u00e9meter, en alusi\u00f3n a la diosa griega que revitaliza la tierra, bailando entre los cultivos. Es este mismo sello el que se abre a un nuevo mundo de los alimentos en el mundo, donde la industria parece haberle ganado la batalla a lo ecol\u00f3gico.<\/p>\n\n\n\n<figure class=\"wp-block-image\"><img decoding=\"async\" src=\"https:\/\/media.lmneuquen.com\/p\/96edab827d2ad0b01b3e9e90d7987bb5\/adjuntos\/195\/imagenes\/007\/494\/0007494909\/770x0\/smart\/rudolf-steinerjpg.jpg\" alt=\"El fil\u00f3sofo austr\u00edaco y \"\/><\/figure>\n\n\n\n<p>El fil\u00f3sofo austr\u00edaco y \u00abrelator\u00bb de la biodin\u00e1mica es es gur\u00fa de una generaci\u00f3n nueva que se nutre de nuevos alimentos y modos de vida.<\/p>\n\n\n\n<p>Marcos Persia es ingeniero agr\u00f3nomo en la Secretar\u00eda de Agricultura Familiar de la Naci\u00f3n y asesor de distintas bodegas que han comenzado a transitar este camino. De los miles que hay en el pa\u00eds, s\u00f3lo una decena hay podido lograr este sello, que es sin\u00f3nimo<\/p>\n\n\n\n<p>\u201cEl primer requisito para certificar es que el establecimiento y el vi\u00f1edo tiene que cumplir con el certificado org\u00e1nico. Ten\u00e9s un mont\u00f3n de cosas que no se tienen que usar, como por ejemplo productos de s\u00edntesis qu\u00edmica, fertilizantes y plaguicidas. O sea, nada en herbicidas, insecticidas, o sea no hay nada. Y despu\u00e9s la b\u00fasqueda es que la granja tenga una mirada integral, digamos, que haya una diversidad vegetal, que haya animales\u201d, indic\u00f3 el agr\u00f3nomo a LM Neuqu\u00e9n.<\/p>\n\n\n\n<p>En la regi\u00f3n hay varias bodegas que est\u00e1n en camino de certificaci\u00f3n org\u00e1nica, que es un estadio anterior a la biodin\u00e1mica. Y en el Alto Valle, precisamente en Mainqu\u00e9, est\u00e1 la bodega Chacra Patagonia, que elabora vinos con el arte de la biodin\u00e1mica.<\/p>\n\n\n\n<p>En la biodin\u00e1mica, m\u00e1s all\u00e1 de la filosof\u00eda integral, se usan dos componentes o \u201cpreparados\u201d para revitalizar la tierra. Uno es el BD 500 compuesto por un cuerno de vaca que se entierra en oto\u00f1o en la capa superior del suelo con la punta hacia arriba y se deja durante seis meses. La preparaci\u00f3n aumenta la actividad de las bacterias del suelo, los hongos y las lombrices y fortalece la formaci\u00f3n de humus y el crecimiento de las ra\u00edces.<\/p>\n\n\n\n<p>Despu\u00e9s est\u00e1 el preparado BD 501 hecho con cristal de cuarzo transparente, que se muele en un polvo muy fino y luego se mezcla con agua pura, como el agua de lluvia. La mezcla se entierra en un cuerno de vaca, siendo el proceso similar al de la preparaci\u00f3n BD 500, pero para ello se entierra durante las \u00e9pocas de calor, y se aplica tanto en \u00e9poca de crecimiento como antes de la cosecha. Este preparado favorece el vigor y desarrollo integral de la planta, mejorando as\u00ed la calidad de la piel de los frutos.<\/p>\n\n\n\n<figure class=\"wp-block-image\"><img decoding=\"async\" src=\"https:\/\/media.lmneuquen.com\/p\/82b05ba17691faad63a81a3fba728577\/adjuntos\/195\/imagenes\/007\/494\/0007494911\/770x0\/smart\/bodega-biodinamicawebp.png\" alt=\"La biodin\u00e1mica tiene preparados para la revitalizaci\u00f3n de los suelos generar microorganismos.\"\/><\/figure>\n\n\n\n<p>La biodin\u00e1mica tiene preparados para la revitalizaci\u00f3n de los suelos generar microorganismos.<\/p>\n\n\n\n<p>S\u00f3lo bastan tres gramos de estos preparados por hect\u00e1rea para que se active un sistema de revitalizaci\u00f3n, cuestionado por la agricultura ortodoxa. \u00bfPor qu\u00e9 una cantidad tan peque\u00f1a desustancia podr\u00eda generar cambios en los cultivos y en la tierra? Una pregunta que se sale de la l\u00f3gica de la qu\u00edmica. Y muchos la responden con la met\u00e1fora de c\u00f3mo apenas una gota de veneno de una ara\u00f1a puede matar a un cuerpo humano.<\/p>\n\n\n\n<p>Mendoza comenz\u00f3 con la certificaci\u00f3n de estos vinos hace unos a\u00f1os. Uno de los primeros fue la bodega Krontiras, especializada en biodin\u00e1mica, con el mercado exclusivo de exportaci\u00f3n. Tambi\u00e9n siguieron ese camino Escorihuela Gasc\u00f3n, Alpamanta, Chakana, Piedra Negra (Lurton), familia Michelini (La Estocada) y Supercuco.<\/p>\n\n\n\n<p>Tambi\u00e9n est\u00e1 Domain Busquets, una bodega grande org\u00e1nica, de cerca de 250 hect\u00e1reas de vi\u00f1edos, pero que a\u00fan no certifica con el sello D\u00e9meter de biodin\u00e1mica.<\/p>\n\n\n\n<p>En Neuqu\u00e9n, Bodega Familia Schroeder y Secreto Patag\u00f3nico iniciaron un camino org\u00e1nico. Que es el principio para lograr, en un futuro, vinos biodin\u00e1micos.<\/p>\n\n\n\n<p>Persia sostuvo que cada vez son m\u00e1s las empresas que inician este camino, para hacer este tipo de vinos que, en principio, por la complejidad y los requisitos son caros. Certificar los vi\u00f1edos lleva al menos tres a\u00f1os. Es un sistema que no es nuevo, es milenario pero que hoy tiene mercado.<\/p>\n\n\n\n<figure class=\"wp-block-image\"><img decoding=\"async\" src=\"https:\/\/media.lmneuquen.com\/p\/91eb337957819532fd7a090bc73ed297\/adjuntos\/195\/imagenes\/007\/494\/0007494913\/770x0\/smart\/cernos-vacajpg.jpg\" alt=\"Enterrar cuernos de vaca es uno de los preparados biodin\u00e1micos. El otro, es el polvo de cristal de cuarzo.\"\/><\/figure>\n\n\n\n<p>Enterrar cuernos de vaca es uno de los preparados biodin\u00e1micos. El otro, es el polvo de cristal de cuarzo.<\/p>\n\n\n\n<div style=\"height:100px\" aria-hidden=\"true\" class=\"wp-block-spacer\"><\/div>\n\n\n\n<h2 class=\"wp-block-heading\" id=\"h-alimentos-consumidores-y-garantias\"><strong>Alimentos, consumidores y garant\u00edas<\/strong><\/h2>\n\n\n\n<p>No s\u00f3lo en los vinos hay una tendencia a cumplir con las leyes de la biodin\u00e1mica y enlazar lo que sucede en el cielo y en la tierra respecto a los cultivos. En la regi\u00f3n, hay caminos de b\u00fasquedas agroecol\u00f3gicas, que son la otra cara del mundo exportador. Est\u00e1 el establecimiento Janus, en Barda del medio, Flor Dorada, en Centenario, Buena Vida y una red de productores independientes y cooperativistas que llega hasta el Valle Azul, m\u00e1s all\u00e1 de Villa Regina.<\/p>\n\n\n\n<p>Otra forma de iniciar un camino agroecol\u00f3gico es entrar en un Sistema Participativo de Garant\u00edas (SPG), compuesto por productores y consumidores, con el asesoramiento de t\u00e9cnicos.<\/p>\n\n\n\n<p>No es una certificaci\u00f3n, pero un paso de confianza para los alimentos, indic\u00f3 la agr\u00f3noma y especialista en biodin\u00e1mica, Cecilia Speranza. La agr\u00f3noma y astr\u00f3loga Alicia Manucci hace 20 a\u00f1os que se dedica a la agricultura biodin\u00e1mica y dijo que tanto el mercado interno de los productores independientes como el exportador \u201cdeben estar integrados\u201d.<\/p>\n\n\n\n<p>\u201cTrabaj\u00e1s para que la gente coma sano y se lleve su acelga y no se la compre a alguien que le mete de todo. Y la biodin\u00e1mica apunta a eso y la experiencia nuestra que hemos hecho durante a\u00f1os en el PRODA con un grupo de agr\u00f3nomas\u201d, dijo.<\/p>\n\n\n\n<p>\u00abQuedarse solo con la experiencia de los exportadores de vinos biodin\u00e1micos que ahora est\u00e1 en el candelero o en todo el mundo es la otra punta del arco\u00edris. Ambas son importantes de mostrar. Una no quita la otra\u201d, concluy\u00f3.<\/p>\n\n\n\n<p>Fuente: www.lmneuquen.com<\/p>\n","protected":false},"excerpt":{"rendered":"","protected":false},"author":2,"featured_media":78026,"comment_status":"open","ping_status":"open","sticky":false,"template":"","format":"standard","meta":{"site-sidebar-layout":"default","site-content-layout":"","ast-site-content-layout":"default","site-content-style":"default","site-sidebar-style":"default","ast-global-header-display":"","ast-banner-title-visibility":"","ast-main-header-display":"","ast-hfb-above-header-display":"","ast-hfb-below-header-display":"","ast-hfb-mobile-header-display":"","site-post-title":"","ast-breadcrumbs-content":"","ast-featured-img":"","footer-sml-layout":"","ast-disable-related-posts":"","theme-transparent-header-meta":"","adv-header-id-meta":"","stick-header-meta":"","header-above-stick-meta":"","header-main-stick-meta":"","header-below-stick-meta":"","astra-migrate-meta-layouts":"default","ast-page-background-enabled":"default","ast-page-background-meta":{"desktop":{"background-color":"var(--ast-global-color-5)","background-image":"","background-repeat":"repeat","background-position":"center center","background-size":"auto","background-attachment":"scroll","background-type":"","background-media":"","overlay-type":"","overlay-color":"","overlay-opacity":"","overlay-gradient":""},"tablet":{"background-color":"","background-image":"","background-repeat":"repeat","background-position":"center center","background-size":"auto","background-attachment":"scroll","background-type":"","background-media":"","overlay-type":"","overlay-color":"","overlay-opacity":"","overlay-gradient":""},"mobile":{"background-color":"","background-image":"","background-repeat":"repeat","background-position":"center center","background-size":"auto","background-attachment":"scroll","background-type":"","background-media":"","overlay-type":"","overlay-color":"","overlay-opacity":"","overlay-gradient":""}},"ast-content-background-meta":{"desktop":{"background-color":"var(--ast-global-color-4)","background-image":"","background-repeat":"repeat","background-position":"center center","background-size":"auto","background-attachment":"scroll","background-type":"","background-media":"","overlay-type":"","overlay-color":"","overlay-opacity":"","overlay-gradient":""},"tablet":{"background-color":"var(--ast-global-color-4)","background-image":"","background-repeat":"repeat","background-position":"center center","background-size":"auto","background-attachment":"scroll","background-type":"","background-media":"","overlay-type":"","overlay-color":"","overlay-opacity":"","overlay-gradient":""},"mobile":{"background-color":"var(--ast-global-color-4)","background-image":"","background-repeat":"repeat","background-position":"center center","background-size":"auto","background-attachment":"scroll","background-type":"","background-media":"","overlay-type":"","overlay-color":"","overlay-opacity":"","overlay-gradient":""}},"footnotes":""},"categories":[11,13,10],"tags":[],"class_list":["post-78025","post","type-post","status-publish","format-standard","has-post-thumbnail","hentry","category-boletin","category-provinciales","category-rotador"],"yoast_head":"<!-- This site is optimized with the Yoast SEO Premium plugin v23.0 (Yoast SEO v27.5) - https:\/\/yoast.com\/product\/yoast-seo-premium-wordpress\/ -->\n<title>Vinos biodin\u00e1micos: \u00bfQu\u00e9 son y cu\u00e1ndo se producir\u00e1n en Neuqu\u00e9n?<\/title>\n<meta name=\"robots\" content=\"index, follow, max-snippet:-1, max-image-preview:large, max-video-preview:-1\" \/>\n<link rel=\"canonical\" href=\"https:\/\/patagoniambiental.com.ar\/info\/vinos-biodinamicos-que-son-y-cuando-se-produciran-en-neuquen\/\" \/>\n<meta property=\"og:locale\" content=\"es_ES\" \/>\n<meta property=\"og:type\" content=\"article\" \/>\n<meta property=\"og:title\" content=\"Vinos biodin\u00e1micos: \u00bfQu\u00e9 son y cu\u00e1ndo se producir\u00e1n en Neuqu\u00e9n?\" \/>\n<meta property=\"og:url\" content=\"https:\/\/patagoniambiental.com.ar\/info\/vinos-biodinamicos-que-son-y-cuando-se-produciran-en-neuquen\/\" \/>\n<meta property=\"og:site_name\" content=\"Patagonia Ambiental\" \/>\n<meta property=\"article:publisher\" content=\"https:\/\/www.facebook.com\/patagonia.ambiental\" \/>\n<meta property=\"article:author\" content=\"https:\/\/www.facebook.com\/share\/1C1V8Gv9BX\/?mibextid=qi2Omg\" \/>\n<meta property=\"article:published_time\" content=\"2023-05-14T10:00:00+00:00\" \/>\n<meta property=\"article:modified_time\" content=\"2024-08-17T03:26:14+00:00\" \/>\n<meta property=\"og:image\" content=\"https:\/\/patagoniambiental.com.ar\/info\/wp-content\/uploads\/2023\/05\/images.jpeg\" \/>\n\t<meta property=\"og:image:width\" content=\"317\" \/>\n\t<meta property=\"og:image:height\" content=\"159\" \/>\n\t<meta property=\"og:image:type\" content=\"image\/jpeg\" \/>\n<meta name=\"author\" content=\"Patagonia Ambiental\" \/>\n<meta name=\"twitter:card\" content=\"summary_large_image\" \/>\n<meta name=\"twitter:creator\" content=\"@PatAmb\" \/>\n<meta name=\"twitter:site\" content=\"@PatAmb\" \/>\n<script type=\"application\/ld+json\" class=\"yoast-schema-graph\">{\"@context\":\"https:\\\/\\\/schema.org\",\"@graph\":[{\"@type\":\"Article\",\"@id\":\"https:\\\/\\\/patagoniambiental.com.ar\\\/info\\\/vinos-biodinamicos-que-son-y-cuando-se-produciran-en-neuquen\\\/#article\",\"isPartOf\":{\"@id\":\"https:\\\/\\\/patagoniambiental.com.ar\\\/info\\\/vinos-biodinamicos-que-son-y-cuando-se-produciran-en-neuquen\\\/\"},\"author\":{\"name\":\"Patagonia Ambiental\",\"@id\":\"https:\\\/\\\/patagoniambiental.com.ar\\\/info\\\/#\\\/schema\\\/person\\\/db12bff64bbcbf6a253710bf0ea37b5d\"},\"headline\":\"Vinos biodin\u00e1micos: \u00bfQu\u00e9 son y cu\u00e1ndo se producir\u00e1n en Neuqu\u00e9n?\",\"datePublished\":\"2023-05-14T10:00:00+00:00\",\"dateModified\":\"2024-08-17T03:26:14+00:00\",\"mainEntityOfPage\":{\"@id\":\"https:\\\/\\\/patagoniambiental.com.ar\\\/info\\\/vinos-biodinamicos-que-son-y-cuando-se-produciran-en-neuquen\\\/\"},\"wordCount\":1331,\"commentCount\":0,\"publisher\":{\"@id\":\"https:\\\/\\\/patagoniambiental.com.ar\\\/info\\\/#organization\"},\"image\":{\"@id\":\"https:\\\/\\\/patagoniambiental.com.ar\\\/info\\\/vinos-biodinamicos-que-son-y-cuando-se-produciran-en-neuquen\\\/#primaryimage\"},\"thumbnailUrl\":\"https:\\\/\\\/patagoniambiental.com.ar\\\/info\\\/wp-content\\\/uploads\\\/2023\\\/05\\\/images.jpeg\",\"articleSection\":[\"Bolet\u00edn\",\"Provinciales\",\"Rotador\"],\"inLanguage\":\"es\",\"potentialAction\":[{\"@type\":\"CommentAction\",\"name\":\"Comment\",\"target\":[\"https:\\\/\\\/patagoniambiental.com.ar\\\/info\\\/vinos-biodinamicos-que-son-y-cuando-se-produciran-en-neuquen\\\/#respond\"]}]},{\"@type\":\"WebPage\",\"@id\":\"https:\\\/\\\/patagoniambiental.com.ar\\\/info\\\/vinos-biodinamicos-que-son-y-cuando-se-produciran-en-neuquen\\\/\",\"url\":\"https:\\\/\\\/patagoniambiental.com.ar\\\/info\\\/vinos-biodinamicos-que-son-y-cuando-se-produciran-en-neuquen\\\/\",\"name\":\"Vinos biodin\u00e1micos: \u00bfQu\u00e9 son y cu\u00e1ndo se producir\u00e1n en Neuqu\u00e9n?\",\"isPartOf\":{\"@id\":\"https:\\\/\\\/patagoniambiental.com.ar\\\/info\\\/#website\"},\"primaryImageOfPage\":{\"@id\":\"https:\\\/\\\/patagoniambiental.com.ar\\\/info\\\/vinos-biodinamicos-que-son-y-cuando-se-produciran-en-neuquen\\\/#primaryimage\"},\"image\":{\"@id\":\"https:\\\/\\\/patagoniambiental.com.ar\\\/info\\\/vinos-biodinamicos-que-son-y-cuando-se-produciran-en-neuquen\\\/#primaryimage\"},\"thumbnailUrl\":\"https:\\\/\\\/patagoniambiental.com.ar\\\/info\\\/wp-content\\\/uploads\\\/2023\\\/05\\\/images.jpeg\",\"datePublished\":\"2023-05-14T10:00:00+00:00\",\"dateModified\":\"2024-08-17T03:26:14+00:00\",\"breadcrumb\":{\"@id\":\"https:\\\/\\\/patagoniambiental.com.ar\\\/info\\\/vinos-biodinamicos-que-son-y-cuando-se-produciran-en-neuquen\\\/#breadcrumb\"},\"inLanguage\":\"es\",\"potentialAction\":[{\"@type\":\"ReadAction\",\"target\":[\"https:\\\/\\\/patagoniambiental.com.ar\\\/info\\\/vinos-biodinamicos-que-son-y-cuando-se-produciran-en-neuquen\\\/\"]}]},{\"@type\":\"ImageObject\",\"inLanguage\":\"es\",\"@id\":\"https:\\\/\\\/patagoniambiental.com.ar\\\/info\\\/vinos-biodinamicos-que-son-y-cuando-se-produciran-en-neuquen\\\/#primaryimage\",\"url\":\"https:\\\/\\\/patagoniambiental.com.ar\\\/info\\\/wp-content\\\/uploads\\\/2023\\\/05\\\/images.jpeg\",\"contentUrl\":\"https:\\\/\\\/patagoniambiental.com.ar\\\/info\\\/wp-content\\\/uploads\\\/2023\\\/05\\\/images.jpeg\",\"width\":317,\"height\":159},{\"@type\":\"BreadcrumbList\",\"@id\":\"https:\\\/\\\/patagoniambiental.com.ar\\\/info\\\/vinos-biodinamicos-que-son-y-cuando-se-produciran-en-neuquen\\\/#breadcrumb\",\"itemListElement\":[{\"@type\":\"ListItem\",\"position\":1,\"name\":\"Inicio\",\"item\":\"https:\\\/\\\/patagoniambiental.com.ar\\\/info\\\/\"},{\"@type\":\"ListItem\",\"position\":2,\"name\":\"Vinos biodin\u00e1micos: \u00bfQu\u00e9 son y cu\u00e1ndo se producir\u00e1n en Neuqu\u00e9n?\"}]},{\"@type\":\"WebSite\",\"@id\":\"https:\\\/\\\/patagoniambiental.com.ar\\\/info\\\/#website\",\"url\":\"https:\\\/\\\/patagoniambiental.com.ar\\\/info\\\/\",\"name\":\"Patagonia Ambiental\",\"description\":\"Monitoreo y an\u00e1lisis de la situaci\u00f3n geopol\u00edtica en el mundo y su implicancia en la Patagonia\",\"publisher\":{\"@id\":\"https:\\\/\\\/patagoniambiental.com.ar\\\/info\\\/#organization\"},\"potentialAction\":[{\"@type\":\"SearchAction\",\"target\":{\"@type\":\"EntryPoint\",\"urlTemplate\":\"https:\\\/\\\/patagoniambiental.com.ar\\\/info\\\/?s={search_term_string}\"},\"query-input\":{\"@type\":\"PropertyValueSpecification\",\"valueRequired\":true,\"valueName\":\"search_term_string\"}}],\"inLanguage\":\"es\"},{\"@type\":\"Organization\",\"@id\":\"https:\\\/\\\/patagoniambiental.com.ar\\\/info\\\/#organization\",\"name\":\"Patagonia Ambiental\",\"url\":\"https:\\\/\\\/patagoniambiental.com.ar\\\/info\\\/\",\"logo\":{\"@type\":\"ImageObject\",\"inLanguage\":\"es\",\"@id\":\"https:\\\/\\\/patagoniambiental.com.ar\\\/info\\\/#\\\/schema\\\/logo\\\/image\\\/\",\"url\":\"https:\\\/\\\/patagoniambiental.com.ar\\\/info\\\/wp-content\\\/uploads\\\/2025\\\/05\\\/LOGO-PATAGONIA-AMBIENTAL.png\",\"contentUrl\":\"https:\\\/\\\/patagoniambiental.com.ar\\\/info\\\/wp-content\\\/uploads\\\/2025\\\/05\\\/LOGO-PATAGONIA-AMBIENTAL.png\",\"width\":433,\"height\":250,\"caption\":\"Patagonia Ambiental\"},\"image\":{\"@id\":\"https:\\\/\\\/patagoniambiental.com.ar\\\/info\\\/#\\\/schema\\\/logo\\\/image\\\/\"},\"sameAs\":[\"https:\\\/\\\/www.facebook.com\\\/patagonia.ambiental\",\"https:\\\/\\\/x.com\\\/PatAmb\"]},{\"@type\":\"Person\",\"@id\":\"https:\\\/\\\/patagoniambiental.com.ar\\\/info\\\/#\\\/schema\\\/person\\\/db12bff64bbcbf6a253710bf0ea37b5d\",\"name\":\"Patagonia Ambiental\",\"description\":\"Andr\u00e9s Nievas T\u00e9cnico en manejo ambiental, consultor Ambiental y escritor para medios locales e internacionales sobre temas de geopolitica y medio ambiente.\",\"sameAs\":[\"http:\\\/\\\/www.patagoniambiental.com.ar\",\"https:\\\/\\\/www.facebook.com\\\/share\\\/1C1V8Gv9BX\\\/?mibextid=qi2Omg\",\"@patagoniambiental\",\"https:\\\/\\\/youtube.com\\\/@patagoniaambiental2023?si=BLt58t0wuXquxlYZ\"]}]}<\/script>\n<!-- \/ Yoast SEO Premium plugin. -->","yoast_head_json":{"title":"Vinos biodin\u00e1micos: \u00bfQu\u00e9 son y cu\u00e1ndo se producir\u00e1n en Neuqu\u00e9n?","robots":{"index":"index","follow":"follow","max-snippet":"max-snippet:-1","max-image-preview":"max-image-preview:large","max-video-preview":"max-video-preview:-1"},"canonical":"https:\/\/patagoniambiental.com.ar\/info\/vinos-biodinamicos-que-son-y-cuando-se-produciran-en-neuquen\/","og_locale":"es_ES","og_type":"article","og_title":"Vinos biodin\u00e1micos: \u00bfQu\u00e9 son y cu\u00e1ndo se producir\u00e1n en Neuqu\u00e9n?","og_url":"https:\/\/patagoniambiental.com.ar\/info\/vinos-biodinamicos-que-son-y-cuando-se-produciran-en-neuquen\/","og_site_name":"Patagonia Ambiental","article_publisher":"https:\/\/www.facebook.com\/patagonia.ambiental","article_author":"https:\/\/www.facebook.com\/share\/1C1V8Gv9BX\/?mibextid=qi2Omg","article_published_time":"2023-05-14T10:00:00+00:00","article_modified_time":"2024-08-17T03:26:14+00:00","og_image":[{"width":317,"height":159,"url":"https:\/\/patagoniambiental.com.ar\/info\/wp-content\/uploads\/2023\/05\/images.jpeg","type":"image\/jpeg"}],"author":"Patagonia Ambiental","twitter_card":"summary_large_image","twitter_creator":"@PatAmb","twitter_site":"@PatAmb","schema":{"@context":"https:\/\/schema.org","@graph":[{"@type":"Article","@id":"https:\/\/patagoniambiental.com.ar\/info\/vinos-biodinamicos-que-son-y-cuando-se-produciran-en-neuquen\/#article","isPartOf":{"@id":"https:\/\/patagoniambiental.com.ar\/info\/vinos-biodinamicos-que-son-y-cuando-se-produciran-en-neuquen\/"},"author":{"name":"Patagonia Ambiental","@id":"https:\/\/patagoniambiental.com.ar\/info\/#\/schema\/person\/db12bff64bbcbf6a253710bf0ea37b5d"},"headline":"Vinos biodin\u00e1micos: \u00bfQu\u00e9 son y cu\u00e1ndo se producir\u00e1n en Neuqu\u00e9n?","datePublished":"2023-05-14T10:00:00+00:00","dateModified":"2024-08-17T03:26:14+00:00","mainEntityOfPage":{"@id":"https:\/\/patagoniambiental.com.ar\/info\/vinos-biodinamicos-que-son-y-cuando-se-produciran-en-neuquen\/"},"wordCount":1331,"commentCount":0,"publisher":{"@id":"https:\/\/patagoniambiental.com.ar\/info\/#organization"},"image":{"@id":"https:\/\/patagoniambiental.com.ar\/info\/vinos-biodinamicos-que-son-y-cuando-se-produciran-en-neuquen\/#primaryimage"},"thumbnailUrl":"https:\/\/patagoniambiental.com.ar\/info\/wp-content\/uploads\/2023\/05\/images.jpeg","articleSection":["Bolet\u00edn","Provinciales","Rotador"],"inLanguage":"es","potentialAction":[{"@type":"CommentAction","name":"Comment","target":["https:\/\/patagoniambiental.com.ar\/info\/vinos-biodinamicos-que-son-y-cuando-se-produciran-en-neuquen\/#respond"]}]},{"@type":"WebPage","@id":"https:\/\/patagoniambiental.com.ar\/info\/vinos-biodinamicos-que-son-y-cuando-se-produciran-en-neuquen\/","url":"https:\/\/patagoniambiental.com.ar\/info\/vinos-biodinamicos-que-son-y-cuando-se-produciran-en-neuquen\/","name":"Vinos biodin\u00e1micos: \u00bfQu\u00e9 son y cu\u00e1ndo se producir\u00e1n en Neuqu\u00e9n?","isPartOf":{"@id":"https:\/\/patagoniambiental.com.ar\/info\/#website"},"primaryImageOfPage":{"@id":"https:\/\/patagoniambiental.com.ar\/info\/vinos-biodinamicos-que-son-y-cuando-se-produciran-en-neuquen\/#primaryimage"},"image":{"@id":"https:\/\/patagoniambiental.com.ar\/info\/vinos-biodinamicos-que-son-y-cuando-se-produciran-en-neuquen\/#primaryimage"},"thumbnailUrl":"https:\/\/patagoniambiental.com.ar\/info\/wp-content\/uploads\/2023\/05\/images.jpeg","datePublished":"2023-05-14T10:00:00+00:00","dateModified":"2024-08-17T03:26:14+00:00","breadcrumb":{"@id":"https:\/\/patagoniambiental.com.ar\/info\/vinos-biodinamicos-que-son-y-cuando-se-produciran-en-neuquen\/#breadcrumb"},"inLanguage":"es","potentialAction":[{"@type":"ReadAction","target":["https:\/\/patagoniambiental.com.ar\/info\/vinos-biodinamicos-que-son-y-cuando-se-produciran-en-neuquen\/"]}]},{"@type":"ImageObject","inLanguage":"es","@id":"https:\/\/patagoniambiental.com.ar\/info\/vinos-biodinamicos-que-son-y-cuando-se-produciran-en-neuquen\/#primaryimage","url":"https:\/\/patagoniambiental.com.ar\/info\/wp-content\/uploads\/2023\/05\/images.jpeg","contentUrl":"https:\/\/patagoniambiental.com.ar\/info\/wp-content\/uploads\/2023\/05\/images.jpeg","width":317,"height":159},{"@type":"BreadcrumbList","@id":"https:\/\/patagoniambiental.com.ar\/info\/vinos-biodinamicos-que-son-y-cuando-se-produciran-en-neuquen\/#breadcrumb","itemListElement":[{"@type":"ListItem","position":1,"name":"Inicio","item":"https:\/\/patagoniambiental.com.ar\/info\/"},{"@type":"ListItem","position":2,"name":"Vinos biodin\u00e1micos: \u00bfQu\u00e9 son y cu\u00e1ndo se producir\u00e1n en Neuqu\u00e9n?"}]},{"@type":"WebSite","@id":"https:\/\/patagoniambiental.com.ar\/info\/#website","url":"https:\/\/patagoniambiental.com.ar\/info\/","name":"Patagonia Ambiental","description":"Monitoreo y an\u00e1lisis de la situaci\u00f3n geopol\u00edtica en el mundo y su implicancia en la Patagonia","publisher":{"@id":"https:\/\/patagoniambiental.com.ar\/info\/#organization"},"potentialAction":[{"@type":"SearchAction","target":{"@type":"EntryPoint","urlTemplate":"https:\/\/patagoniambiental.com.ar\/info\/?s={search_term_string}"},"query-input":{"@type":"PropertyValueSpecification","valueRequired":true,"valueName":"search_term_string"}}],"inLanguage":"es"},{"@type":"Organization","@id":"https:\/\/patagoniambiental.com.ar\/info\/#organization","name":"Patagonia Ambiental","url":"https:\/\/patagoniambiental.com.ar\/info\/","logo":{"@type":"ImageObject","inLanguage":"es","@id":"https:\/\/patagoniambiental.com.ar\/info\/#\/schema\/logo\/image\/","url":"https:\/\/patagoniambiental.com.ar\/info\/wp-content\/uploads\/2025\/05\/LOGO-PATAGONIA-AMBIENTAL.png","contentUrl":"https:\/\/patagoniambiental.com.ar\/info\/wp-content\/uploads\/2025\/05\/LOGO-PATAGONIA-AMBIENTAL.png","width":433,"height":250,"caption":"Patagonia Ambiental"},"image":{"@id":"https:\/\/patagoniambiental.com.ar\/info\/#\/schema\/logo\/image\/"},"sameAs":["https:\/\/www.facebook.com\/patagonia.ambiental","https:\/\/x.com\/PatAmb"]},{"@type":"Person","@id":"https:\/\/patagoniambiental.com.ar\/info\/#\/schema\/person\/db12bff64bbcbf6a253710bf0ea37b5d","name":"Patagonia Ambiental","description":"Andr\u00e9s Nievas T\u00e9cnico en manejo ambiental, consultor Ambiental y escritor para medios locales e internacionales sobre temas de geopolitica y medio ambiente.","sameAs":["http:\/\/www.patagoniambiental.com.ar","https:\/\/www.facebook.com\/share\/1C1V8Gv9BX\/?mibextid=qi2Omg","@patagoniambiental","https:\/\/youtube.com\/@patagoniaambiental2023?si=BLt58t0wuXquxlYZ"]}]}},"_links":{"self":[{"href":"https:\/\/patagoniambiental.com.ar\/info\/wp-json\/wp\/v2\/posts\/78025","targetHints":{"allow":["GET"]}}],"collection":[{"href":"https:\/\/patagoniambiental.com.ar\/info\/wp-json\/wp\/v2\/posts"}],"about":[{"href":"https:\/\/patagoniambiental.com.ar\/info\/wp-json\/wp\/v2\/types\/post"}],"author":[{"embeddable":true,"href":"https:\/\/patagoniambiental.com.ar\/info\/wp-json\/wp\/v2\/users\/2"}],"replies":[{"embeddable":true,"href":"https:\/\/patagoniambiental.com.ar\/info\/wp-json\/wp\/v2\/comments?post=78025"}],"version-history":[{"count":0,"href":"https:\/\/patagoniambiental.com.ar\/info\/wp-json\/wp\/v2\/posts\/78025\/revisions"}],"wp:featuredmedia":[{"embeddable":true,"href":"https:\/\/patagoniambiental.com.ar\/info\/wp-json\/wp\/v2\/media\/78026"}],"wp:attachment":[{"href":"https:\/\/patagoniambiental.com.ar\/info\/wp-json\/wp\/v2\/media?parent=78025"}],"wp:term":[{"taxonomy":"category","embeddable":true,"href":"https:\/\/patagoniambiental.com.ar\/info\/wp-json\/wp\/v2\/categories?post=78025"},{"taxonomy":"post_tag","embeddable":true,"href":"https:\/\/patagoniambiental.com.ar\/info\/wp-json\/wp\/v2\/tags?post=78025"}],"curies":[{"name":"wp","href":"https:\/\/api.w.org\/{rel}","templated":true}]}}