{"id":78127,"date":"2023-05-13T19:00:00","date_gmt":"2023-05-13T22:00:00","guid":{"rendered":"http:\/\/patagoniambiental.com.ar\/info\/?p=78127"},"modified":"2024-08-17T00:27:15","modified_gmt":"2024-08-17T03:27:15","slug":"productores-de-la-patagonia-reciben-los-primeros-pagos-por-creditos-de-carbono","status":"publish","type":"post","link":"https:\/\/patagoniambiental.com.ar\/info\/productores-de-la-patagonia-reciben-los-primeros-pagos-por-creditos-de-carbono\/","title":{"rendered":"Productores de la Patagonia reciben los primeros pagos por cr\u00e9ditos de carbono"},"content":{"rendered":"\n<!--more-->\n\n\n\n<h3 class=\"wp-block-heading\" id=\"h-los-creditos-tienen-como-objetivo-revertir-la-desertificacion-y-promover-la-regeneracion-de-suelos-en-la-patagonia\">Los cr\u00e9ditos tienen como objetivo revertir la desertificaci\u00f3n y promover la regeneraci\u00f3n de suelos en la Patagonia&#8230;<\/h3>\n\n\n\n<figure class=\"wp-block-image\"><img decoding=\"async\" src=\"https:\/\/www2.agrositio.com.ar\/imagenes_contenidos\/v_228947_60680081.jpg\" alt=\"\"\/><\/figure>\n\n\n\n<p>Ruuts, en colaboraci\u00f3n con Ovis 21 y Native, ha realizado los primeros pagos por cr\u00e9ditos de carbono a productores agropecuarios en el marco del Programa de Carbono POA. Este programa tiene como objetivo revertir la desertificaci\u00f3n y promover la regeneraci\u00f3n de suelos en la Patagonia, siendo un hito significativo en la historia y trayectoria de trabajo de los productores.<\/p>\n\n\n\n<div style=\"height:100px\" aria-hidden=\"true\" class=\"wp-block-spacer\"><\/div>\n\n\n\n<h2 class=\"wp-block-heading\" id=\"h-los-productores-generan-ingresos-desde-el-inicio-del-programa\"><br><br><strong>Los productores generan ingresos desde el inicio del programa<\/strong><\/h2>\n\n\n\n<p>Tres establecimientos participantes del programa de carbono POA se han convertido en pioneros al sumarse al cambio y beneficiarse con la preventa de sus cr\u00e9ditos de carbono, los cuales est\u00e1n en proceso de certificaci\u00f3n por VERRA, la certificadora m\u00e1s grande y reconocida a nivel global. Empresas comprometidas con el apoyo a las pr\u00e1cticas de agricultura regenerativa y la reducci\u00f3n de las emisiones de carbono, como Eileen Fisher, junto con Gucci y Allbirds, han adquirido estos cr\u00e9ditos<\/p>\n\n\n\n<p>El pago de los cr\u00e9ditos, se destinar\u00e1n a mejorar la infraestructura del campo con el objetivo de aumentar los tiempos de descanso de cada potrero y, as\u00ed, incrementar la tasa de secuestro de carbono. Este primer conjunto de pagos a los productores, por un valor bruto de USD 245.000, se invertir\u00e1 en los predios en un periodo de 3 a\u00f1os.<\/p>\n\n\n\n<p>Adem\u00e1s del respaldo econ\u00f3mico, los productores reciben otros beneficios que incluyen educaci\u00f3n para el desarrollo de herramientas en Manejo Hol\u00edstico por parte de la Escuela de Regeneraci\u00f3n y mentoreo por t\u00e9cnicos especialistas, monitoreo anual del suelo, la biodiversidad y la infiltraci\u00f3n de agua, as\u00ed como acompa\u00f1amiento durante toda la implementaci\u00f3n del proyecto para asegurar la correcta instalaci\u00f3n de alambrados, aguadas y un plan de pastoreo adecuado a la carga del campo y la zona.<\/p>\n\n\n\n<div style=\"height:100px\" aria-hidden=\"true\" class=\"wp-block-spacer\"><\/div>\n\n\n\n<h2 class=\"wp-block-heading\" id=\"h-una-nueva-generacion-de-productores-de-carbono\"><br><strong><br>Una nueva generaci\u00f3n de \u201cproductores de carbono\u201d<\/strong><\/h2>\n\n\n\n<p>\u201cEs realmente emocionante ver c\u00f3mo las diferentes partes de un rompecabezas encajan perfectamente y generan compromiso entre los distintos actores involucrados. Sentir que estamos trabajando en equipo es muy importante para nosotros. En el nuevo orden de los servicios ambientales, suma para los productores un ingreso que nos permite hacer nuestra actividad m\u00e1s sustentable, tanto para nuestra generaci\u00f3n como para las futuras\u201d . Destac\u00f3 Pablo Perez, Productor Miembro de Numancia SA, responsable del establecimiento Chali Aike, provincia de Chubut.<\/p>\n\n\n\n<p>Heinz Sturzenbaum, Productor responsable de la Estancia Rupai Pacha, Santa Cruz comenta: \u201cHace 11 a\u00f1os que implementamos Manejo Hol\u00edstico, y recuerdo cuando escuch\u00e9 por primera vez sobre el secuestro de carbono en nuestras tierras y la posibilidad de vender bonos de carbono, todo parec\u00eda una fantas\u00eda lejana. Sin embargo, ahora hemos recibido los primeros pagos por carbono en Argentina. En un momento de sequ\u00edas y dificultades econ\u00f3micas para nuestra actividad, esto es un hito. La producci\u00f3n ovina ya no puede aferrarse a conceptos tradicionales; debemos estar dispuestos a considerar las demandas de la sociedad y buscar asesoramiento de expertos como Ruuts y Ovis 21 a trav\u00e9s del Programa POA. Tenemos esperanzas de resolver los desaf\u00edos de la ganader\u00eda patag\u00f3nica.\u00bb<br>Uniendo fuerzas por un mismo prop\u00f3sito: regenerar ecosistemas para revertir el cambio clim\u00e1tico<\/p>\n\n\n\n<p>Tres empresas se unieron en la misi\u00f3n de revertir la desertificaci\u00f3n de 3.000.000 de hect\u00e1reas en la Patagonia Argentina y Chilena, creando de esta forma, el programa m\u00e1s grande de Latinoam\u00e9rica. A trav\u00e9s de la implementaci\u00f3n de pr\u00e1cticas de ganader\u00eda regenerativa y el incentivo econ\u00f3mico que genera el programa, se busca devolver la salud a los ecosistemas en zonas gravemente afectadas.<\/p>\n\n\n\n<p>Native, es una empresa de alcance global con certificaci\u00f3n B Corp que lleva m\u00e1s de 20 a\u00f1os desarrollando programas de carbono y 7 a\u00f1os con proyectos basados en pastoreo. Acompa\u00f1a a empresas de todo el mundo en sus planes de acci\u00f3n clim\u00e1tica, trabajando en la reducci\u00f3n y eliminando las emisiones de carbono<br><br>Ruuts, es una startup que genera incentivos de mercado atados a resultados ecol\u00f3gicos cuantificables para acelerar la transici\u00f3n de productores agropecuarios hacia un modelo de producci\u00f3n que regenera el ecosistema, recuperando la biodiversidad, sanando el ciclo del agua y capturando carbono en el suelo. El \u00e9xito de sus programas est\u00e1 basado en la creaci\u00f3n de plataformas tecnol\u00f3gicas con base cient\u00edfica que permiten la medici\u00f3n y monitoreo de resultados a gran escala. Han creado una aplicaci\u00f3n m\u00f3vil para la carga de datos directamente desde los puntos geolocalizados a su plataforma.<\/p>\n\n\n\n<p>Ovis 21, es una red de productores, t\u00e9cnicos y profesionales agropecuarios con m\u00e1s de 15 a\u00f1os de experiencia, que buscan, mediante la innovaci\u00f3n, cambiar el paradigma de una Ganader\u00eda extractiva a una Ganader\u00eda Regenerativa.Proponen un modelo productivo diferente, que cuida y regenera el medio ambiente, desarrolla a las personas que de \u00e9l dependen y a su vez brinda herramientas y oportunidades para que la rentabilidad sea significativamente mayor. Empresa B certificada y Hub del Savory institute en Argentina.<br>Las empresas tienen como objetivo presentar este a\u00f1o el programa a 100 establecimientos de las provincias de R\u00edo Negro, Neuqu\u00e9n, Chubut, Santa Cruz, Tierra del Fuego y algunas zonas de la Patagonia Chilena.<\/p>\n\n\n\n<p>Pablo Sturzenbaum, m\u00e9dico veterinario, responsable del Nodo Santa Cruz de Ovis 21, expresa: \u201cEstamos muy contentos con los resultados que hemos obtenido en los \u00faltimos a\u00f1os. A trav\u00e9s de la ganader\u00eda regenerativa y nuevas herramientas de planificaci\u00f3n, hemos logrado mejorar nuestros campos y generar carbono en el suelo. Este momento es un punto de inflexi\u00f3n en la ganader\u00eda patag\u00f3nica y representa una oportunidad inspiradora para otros productores y profesionales. Estamos emocionados de poder revertir situaciones que parec\u00edan perdidas y creemos que esto tendr\u00e1 un impacto significativo en el manejo de recursos. Es un logro importante despu\u00e9s de a\u00f1os de trabajo en pastizales y estamos seguros de que ser\u00e1 un ejemplo para muchos otros.\u00bb<\/p>\n\n\n\n<p>En tanto, Paola Imberti, responsable del Nodo de Santa Cruz, afirma: \u201cEsta preventa es un hito en la ganader\u00eda patag\u00f3nica. A trav\u00e9s de empresas como Native se logra el financiamiento de infraestructura, de capacitaci\u00f3n, de asesoramiento para que los productores usando las mejores herramientas disponibles, puedan revertir la desertificaci\u00f3n y regenerar el suelo\u201d.<\/p>\n\n\n\n<p><em>Fuente: Tiempo Sur<\/em><\/p>\n","protected":false},"excerpt":{"rendered":"","protected":false},"author":2,"featured_media":78128,"comment_status":"open","ping_status":"open","sticky":false,"template":"","format":"standard","meta":{"site-sidebar-layout":"default","site-content-layout":"","ast-site-content-layout":"default","site-content-style":"default","site-sidebar-style":"default","ast-global-header-display":"","ast-banner-title-visibility":"","ast-main-header-display":"","ast-hfb-above-header-display":"","ast-hfb-below-header-display":"","ast-hfb-mobile-header-display":"","site-post-title":"","ast-breadcrumbs-content":"","ast-featured-img":"","footer-sml-layout":"","ast-disable-related-posts":"","theme-transparent-header-meta":"","adv-header-id-meta":"","stick-header-meta":"","header-above-stick-meta":"","header-main-stick-meta":"","header-below-stick-meta":"","astra-migrate-meta-layouts":"default","ast-page-background-enabled":"default","ast-page-background-meta":{"desktop":{"background-color":"var(--ast-global-color-5)","background-image":"","background-repeat":"repeat","background-position":"center center","background-size":"auto","background-attachment":"scroll","background-type":"","background-media":"","overlay-type":"","overlay-color":"","overlay-opacity":"","overlay-gradient":""},"tablet":{"background-color":"","background-image":"","background-repeat":"repeat","background-position":"center center","background-size":"auto","background-attachment":"scroll","background-type":"","background-media":"","overlay-type":"","overlay-color":"","overlay-opacity":"","overlay-gradient":""},"mobile":{"background-color":"","background-image":"","background-repeat":"repeat","background-position":"center center","background-size":"auto","background-attachment":"scroll","background-type":"","background-media":"","overlay-type":"","overlay-color":"","overlay-opacity":"","overlay-gradient":""}},"ast-content-background-meta":{"desktop":{"background-color":"var(--ast-global-color-4)","background-image":"","background-repeat":"repeat","background-position":"center center","background-size":"auto","background-attachment":"scroll","background-type":"","background-media":"","overlay-type":"","overlay-color":"","overlay-opacity":"","overlay-gradient":""},"tablet":{"background-color":"var(--ast-global-color-4)","background-image":"","background-repeat":"repeat","background-position":"center center","background-size":"auto","background-attachment":"scroll","background-type":"","background-media":"","overlay-type":"","overlay-color":"","overlay-opacity":"","overlay-gradient":""},"mobile":{"background-color":"var(--ast-global-color-4)","background-image":"","background-repeat":"repeat","background-position":"center center","background-size":"auto","background-attachment":"scroll","background-type":"","background-media":"","overlay-type":"","overlay-color":"","overlay-opacity":"","overlay-gradient":""}},"footnotes":""},"categories":[27],"tags":[],"class_list":["post-78127","post","type-post","status-publish","format-standard","has-post-thumbnail","hentry","category-patagonia"],"yoast_head":"<!-- This site is optimized with the Yoast SEO Premium plugin v23.0 (Yoast SEO v27.4) - https:\/\/yoast.com\/product\/yoast-seo-premium-wordpress\/ -->\n<title>Productores de la Patagonia reciben los primeros pagos por cr\u00e9ditos de carbono<\/title>\n<meta name=\"robots\" content=\"index, follow, max-snippet:-1, max-image-preview:large, max-video-preview:-1\" \/>\n<link rel=\"canonical\" href=\"https:\/\/patagoniambiental.com.ar\/info\/productores-de-la-patagonia-reciben-los-primeros-pagos-por-creditos-de-carbono\/\" \/>\n<meta property=\"og:locale\" content=\"es_ES\" \/>\n<meta property=\"og:type\" content=\"article\" \/>\n<meta property=\"og:title\" content=\"Productores de la Patagonia reciben los primeros pagos por cr\u00e9ditos de carbono\" \/>\n<meta property=\"og:url\" content=\"https:\/\/patagoniambiental.com.ar\/info\/productores-de-la-patagonia-reciben-los-primeros-pagos-por-creditos-de-carbono\/\" \/>\n<meta property=\"og:site_name\" content=\"Patagonia Ambiental\" \/>\n<meta property=\"article:publisher\" content=\"https:\/\/www.facebook.com\/patagonia.ambiental\" \/>\n<meta property=\"article:author\" content=\"https:\/\/www.facebook.com\/share\/1C1V8Gv9BX\/?mibextid=qi2Omg\" \/>\n<meta property=\"article:published_time\" content=\"2023-05-13T22:00:00+00:00\" \/>\n<meta property=\"article:modified_time\" content=\"2024-08-17T03:27:15+00:00\" \/>\n<meta property=\"og:image\" content=\"https:\/\/patagoniambiental.com.ar\/info\/wp-content\/uploads\/2023\/05\/v_228947_60680081.jpg\" \/>\n\t<meta property=\"og:image:width\" content=\"640\" \/>\n\t<meta property=\"og:image:height\" content=\"359\" \/>\n\t<meta property=\"og:image:type\" content=\"image\/jpeg\" \/>\n<meta name=\"author\" content=\"Patagonia Ambiental\" \/>\n<meta name=\"twitter:card\" content=\"summary_large_image\" \/>\n<meta name=\"twitter:creator\" content=\"@PatAmb\" \/>\n<meta name=\"twitter:site\" content=\"@PatAmb\" \/>\n<script type=\"application\/ld+json\" class=\"yoast-schema-graph\">{\"@context\":\"https:\\\/\\\/schema.org\",\"@graph\":[{\"@type\":\"Article\",\"@id\":\"https:\\\/\\\/patagoniambiental.com.ar\\\/info\\\/productores-de-la-patagonia-reciben-los-primeros-pagos-por-creditos-de-carbono\\\/#article\",\"isPartOf\":{\"@id\":\"https:\\\/\\\/patagoniambiental.com.ar\\\/info\\\/productores-de-la-patagonia-reciben-los-primeros-pagos-por-creditos-de-carbono\\\/\"},\"author\":{\"name\":\"Patagonia Ambiental\",\"@id\":\"https:\\\/\\\/patagoniambiental.com.ar\\\/info\\\/#\\\/schema\\\/person\\\/db12bff64bbcbf6a253710bf0ea37b5d\"},\"headline\":\"Productores de la Patagonia reciben los primeros pagos por cr\u00e9ditos de carbono\",\"datePublished\":\"2023-05-13T22:00:00+00:00\",\"dateModified\":\"2024-08-17T03:27:15+00:00\",\"mainEntityOfPage\":{\"@id\":\"https:\\\/\\\/patagoniambiental.com.ar\\\/info\\\/productores-de-la-patagonia-reciben-los-primeros-pagos-por-creditos-de-carbono\\\/\"},\"wordCount\":1092,\"commentCount\":0,\"publisher\":{\"@id\":\"https:\\\/\\\/patagoniambiental.com.ar\\\/info\\\/#organization\"},\"image\":{\"@id\":\"https:\\\/\\\/patagoniambiental.com.ar\\\/info\\\/productores-de-la-patagonia-reciben-los-primeros-pagos-por-creditos-de-carbono\\\/#primaryimage\"},\"thumbnailUrl\":\"https:\\\/\\\/patagoniambiental.com.ar\\\/info\\\/wp-content\\\/uploads\\\/2023\\\/05\\\/v_228947_60680081.jpg\",\"articleSection\":[\"Patagonia\"],\"inLanguage\":\"es\",\"potentialAction\":[{\"@type\":\"CommentAction\",\"name\":\"Comment\",\"target\":[\"https:\\\/\\\/patagoniambiental.com.ar\\\/info\\\/productores-de-la-patagonia-reciben-los-primeros-pagos-por-creditos-de-carbono\\\/#respond\"]}]},{\"@type\":\"WebPage\",\"@id\":\"https:\\\/\\\/patagoniambiental.com.ar\\\/info\\\/productores-de-la-patagonia-reciben-los-primeros-pagos-por-creditos-de-carbono\\\/\",\"url\":\"https:\\\/\\\/patagoniambiental.com.ar\\\/info\\\/productores-de-la-patagonia-reciben-los-primeros-pagos-por-creditos-de-carbono\\\/\",\"name\":\"Productores de la Patagonia reciben los primeros pagos por cr\u00e9ditos de carbono\",\"isPartOf\":{\"@id\":\"https:\\\/\\\/patagoniambiental.com.ar\\\/info\\\/#website\"},\"primaryImageOfPage\":{\"@id\":\"https:\\\/\\\/patagoniambiental.com.ar\\\/info\\\/productores-de-la-patagonia-reciben-los-primeros-pagos-por-creditos-de-carbono\\\/#primaryimage\"},\"image\":{\"@id\":\"https:\\\/\\\/patagoniambiental.com.ar\\\/info\\\/productores-de-la-patagonia-reciben-los-primeros-pagos-por-creditos-de-carbono\\\/#primaryimage\"},\"thumbnailUrl\":\"https:\\\/\\\/patagoniambiental.com.ar\\\/info\\\/wp-content\\\/uploads\\\/2023\\\/05\\\/v_228947_60680081.jpg\",\"datePublished\":\"2023-05-13T22:00:00+00:00\",\"dateModified\":\"2024-08-17T03:27:15+00:00\",\"breadcrumb\":{\"@id\":\"https:\\\/\\\/patagoniambiental.com.ar\\\/info\\\/productores-de-la-patagonia-reciben-los-primeros-pagos-por-creditos-de-carbono\\\/#breadcrumb\"},\"inLanguage\":\"es\",\"potentialAction\":[{\"@type\":\"ReadAction\",\"target\":[\"https:\\\/\\\/patagoniambiental.com.ar\\\/info\\\/productores-de-la-patagonia-reciben-los-primeros-pagos-por-creditos-de-carbono\\\/\"]}]},{\"@type\":\"ImageObject\",\"inLanguage\":\"es\",\"@id\":\"https:\\\/\\\/patagoniambiental.com.ar\\\/info\\\/productores-de-la-patagonia-reciben-los-primeros-pagos-por-creditos-de-carbono\\\/#primaryimage\",\"url\":\"https:\\\/\\\/patagoniambiental.com.ar\\\/info\\\/wp-content\\\/uploads\\\/2023\\\/05\\\/v_228947_60680081.jpg\",\"contentUrl\":\"https:\\\/\\\/patagoniambiental.com.ar\\\/info\\\/wp-content\\\/uploads\\\/2023\\\/05\\\/v_228947_60680081.jpg\",\"width\":640,\"height\":359},{\"@type\":\"BreadcrumbList\",\"@id\":\"https:\\\/\\\/patagoniambiental.com.ar\\\/info\\\/productores-de-la-patagonia-reciben-los-primeros-pagos-por-creditos-de-carbono\\\/#breadcrumb\",\"itemListElement\":[{\"@type\":\"ListItem\",\"position\":1,\"name\":\"Inicio\",\"item\":\"https:\\\/\\\/patagoniambiental.com.ar\\\/info\\\/\"},{\"@type\":\"ListItem\",\"position\":2,\"name\":\"Productores de la Patagonia reciben los primeros pagos por cr\u00e9ditos de carbono\"}]},{\"@type\":\"WebSite\",\"@id\":\"https:\\\/\\\/patagoniambiental.com.ar\\\/info\\\/#website\",\"url\":\"https:\\\/\\\/patagoniambiental.com.ar\\\/info\\\/\",\"name\":\"Patagonia Ambiental\",\"description\":\"Monitoreo y an\u00e1lisis de la situaci\u00f3n geopol\u00edtica en el mundo y su implicancia en la Patagonia\",\"publisher\":{\"@id\":\"https:\\\/\\\/patagoniambiental.com.ar\\\/info\\\/#organization\"},\"potentialAction\":[{\"@type\":\"SearchAction\",\"target\":{\"@type\":\"EntryPoint\",\"urlTemplate\":\"https:\\\/\\\/patagoniambiental.com.ar\\\/info\\\/?s={search_term_string}\"},\"query-input\":{\"@type\":\"PropertyValueSpecification\",\"valueRequired\":true,\"valueName\":\"search_term_string\"}}],\"inLanguage\":\"es\"},{\"@type\":\"Organization\",\"@id\":\"https:\\\/\\\/patagoniambiental.com.ar\\\/info\\\/#organization\",\"name\":\"Patagonia Ambiental\",\"url\":\"https:\\\/\\\/patagoniambiental.com.ar\\\/info\\\/\",\"logo\":{\"@type\":\"ImageObject\",\"inLanguage\":\"es\",\"@id\":\"https:\\\/\\\/patagoniambiental.com.ar\\\/info\\\/#\\\/schema\\\/logo\\\/image\\\/\",\"url\":\"https:\\\/\\\/patagoniambiental.com.ar\\\/info\\\/wp-content\\\/uploads\\\/2025\\\/05\\\/LOGO-PATAGONIA-AMBIENTAL.png\",\"contentUrl\":\"https:\\\/\\\/patagoniambiental.com.ar\\\/info\\\/wp-content\\\/uploads\\\/2025\\\/05\\\/LOGO-PATAGONIA-AMBIENTAL.png\",\"width\":433,\"height\":250,\"caption\":\"Patagonia Ambiental\"},\"image\":{\"@id\":\"https:\\\/\\\/patagoniambiental.com.ar\\\/info\\\/#\\\/schema\\\/logo\\\/image\\\/\"},\"sameAs\":[\"https:\\\/\\\/www.facebook.com\\\/patagonia.ambiental\",\"https:\\\/\\\/x.com\\\/PatAmb\"]},{\"@type\":\"Person\",\"@id\":\"https:\\\/\\\/patagoniambiental.com.ar\\\/info\\\/#\\\/schema\\\/person\\\/db12bff64bbcbf6a253710bf0ea37b5d\",\"name\":\"Patagonia Ambiental\",\"description\":\"Andr\u00e9s Nievas T\u00e9cnico en manejo ambiental, consultor Ambiental y escritor para medios locales e internacionales sobre temas de geopolitica y medio ambiente.\",\"sameAs\":[\"http:\\\/\\\/www.patagoniambiental.com.ar\",\"https:\\\/\\\/www.facebook.com\\\/share\\\/1C1V8Gv9BX\\\/?mibextid=qi2Omg\",\"@patagoniambiental\",\"https:\\\/\\\/youtube.com\\\/@patagoniaambiental2023?si=BLt58t0wuXquxlYZ\"]}]}<\/script>\n<!-- \/ Yoast SEO Premium plugin. -->","yoast_head_json":{"title":"Productores de la Patagonia reciben los primeros pagos por cr\u00e9ditos de carbono","robots":{"index":"index","follow":"follow","max-snippet":"max-snippet:-1","max-image-preview":"max-image-preview:large","max-video-preview":"max-video-preview:-1"},"canonical":"https:\/\/patagoniambiental.com.ar\/info\/productores-de-la-patagonia-reciben-los-primeros-pagos-por-creditos-de-carbono\/","og_locale":"es_ES","og_type":"article","og_title":"Productores de la Patagonia reciben los primeros pagos por cr\u00e9ditos de carbono","og_url":"https:\/\/patagoniambiental.com.ar\/info\/productores-de-la-patagonia-reciben-los-primeros-pagos-por-creditos-de-carbono\/","og_site_name":"Patagonia Ambiental","article_publisher":"https:\/\/www.facebook.com\/patagonia.ambiental","article_author":"https:\/\/www.facebook.com\/share\/1C1V8Gv9BX\/?mibextid=qi2Omg","article_published_time":"2023-05-13T22:00:00+00:00","article_modified_time":"2024-08-17T03:27:15+00:00","og_image":[{"width":640,"height":359,"url":"https:\/\/patagoniambiental.com.ar\/info\/wp-content\/uploads\/2023\/05\/v_228947_60680081.jpg","type":"image\/jpeg"}],"author":"Patagonia Ambiental","twitter_card":"summary_large_image","twitter_creator":"@PatAmb","twitter_site":"@PatAmb","schema":{"@context":"https:\/\/schema.org","@graph":[{"@type":"Article","@id":"https:\/\/patagoniambiental.com.ar\/info\/productores-de-la-patagonia-reciben-los-primeros-pagos-por-creditos-de-carbono\/#article","isPartOf":{"@id":"https:\/\/patagoniambiental.com.ar\/info\/productores-de-la-patagonia-reciben-los-primeros-pagos-por-creditos-de-carbono\/"},"author":{"name":"Patagonia Ambiental","@id":"https:\/\/patagoniambiental.com.ar\/info\/#\/schema\/person\/db12bff64bbcbf6a253710bf0ea37b5d"},"headline":"Productores de la Patagonia reciben los primeros pagos por cr\u00e9ditos de carbono","datePublished":"2023-05-13T22:00:00+00:00","dateModified":"2024-08-17T03:27:15+00:00","mainEntityOfPage":{"@id":"https:\/\/patagoniambiental.com.ar\/info\/productores-de-la-patagonia-reciben-los-primeros-pagos-por-creditos-de-carbono\/"},"wordCount":1092,"commentCount":0,"publisher":{"@id":"https:\/\/patagoniambiental.com.ar\/info\/#organization"},"image":{"@id":"https:\/\/patagoniambiental.com.ar\/info\/productores-de-la-patagonia-reciben-los-primeros-pagos-por-creditos-de-carbono\/#primaryimage"},"thumbnailUrl":"https:\/\/patagoniambiental.com.ar\/info\/wp-content\/uploads\/2023\/05\/v_228947_60680081.jpg","articleSection":["Patagonia"],"inLanguage":"es","potentialAction":[{"@type":"CommentAction","name":"Comment","target":["https:\/\/patagoniambiental.com.ar\/info\/productores-de-la-patagonia-reciben-los-primeros-pagos-por-creditos-de-carbono\/#respond"]}]},{"@type":"WebPage","@id":"https:\/\/patagoniambiental.com.ar\/info\/productores-de-la-patagonia-reciben-los-primeros-pagos-por-creditos-de-carbono\/","url":"https:\/\/patagoniambiental.com.ar\/info\/productores-de-la-patagonia-reciben-los-primeros-pagos-por-creditos-de-carbono\/","name":"Productores de la Patagonia reciben los primeros pagos por cr\u00e9ditos de carbono","isPartOf":{"@id":"https:\/\/patagoniambiental.com.ar\/info\/#website"},"primaryImageOfPage":{"@id":"https:\/\/patagoniambiental.com.ar\/info\/productores-de-la-patagonia-reciben-los-primeros-pagos-por-creditos-de-carbono\/#primaryimage"},"image":{"@id":"https:\/\/patagoniambiental.com.ar\/info\/productores-de-la-patagonia-reciben-los-primeros-pagos-por-creditos-de-carbono\/#primaryimage"},"thumbnailUrl":"https:\/\/patagoniambiental.com.ar\/info\/wp-content\/uploads\/2023\/05\/v_228947_60680081.jpg","datePublished":"2023-05-13T22:00:00+00:00","dateModified":"2024-08-17T03:27:15+00:00","breadcrumb":{"@id":"https:\/\/patagoniambiental.com.ar\/info\/productores-de-la-patagonia-reciben-los-primeros-pagos-por-creditos-de-carbono\/#breadcrumb"},"inLanguage":"es","potentialAction":[{"@type":"ReadAction","target":["https:\/\/patagoniambiental.com.ar\/info\/productores-de-la-patagonia-reciben-los-primeros-pagos-por-creditos-de-carbono\/"]}]},{"@type":"ImageObject","inLanguage":"es","@id":"https:\/\/patagoniambiental.com.ar\/info\/productores-de-la-patagonia-reciben-los-primeros-pagos-por-creditos-de-carbono\/#primaryimage","url":"https:\/\/patagoniambiental.com.ar\/info\/wp-content\/uploads\/2023\/05\/v_228947_60680081.jpg","contentUrl":"https:\/\/patagoniambiental.com.ar\/info\/wp-content\/uploads\/2023\/05\/v_228947_60680081.jpg","width":640,"height":359},{"@type":"BreadcrumbList","@id":"https:\/\/patagoniambiental.com.ar\/info\/productores-de-la-patagonia-reciben-los-primeros-pagos-por-creditos-de-carbono\/#breadcrumb","itemListElement":[{"@type":"ListItem","position":1,"name":"Inicio","item":"https:\/\/patagoniambiental.com.ar\/info\/"},{"@type":"ListItem","position":2,"name":"Productores de la Patagonia reciben los primeros pagos por cr\u00e9ditos de carbono"}]},{"@type":"WebSite","@id":"https:\/\/patagoniambiental.com.ar\/info\/#website","url":"https:\/\/patagoniambiental.com.ar\/info\/","name":"Patagonia Ambiental","description":"Monitoreo y an\u00e1lisis de la situaci\u00f3n geopol\u00edtica en el mundo y su implicancia en la Patagonia","publisher":{"@id":"https:\/\/patagoniambiental.com.ar\/info\/#organization"},"potentialAction":[{"@type":"SearchAction","target":{"@type":"EntryPoint","urlTemplate":"https:\/\/patagoniambiental.com.ar\/info\/?s={search_term_string}"},"query-input":{"@type":"PropertyValueSpecification","valueRequired":true,"valueName":"search_term_string"}}],"inLanguage":"es"},{"@type":"Organization","@id":"https:\/\/patagoniambiental.com.ar\/info\/#organization","name":"Patagonia Ambiental","url":"https:\/\/patagoniambiental.com.ar\/info\/","logo":{"@type":"ImageObject","inLanguage":"es","@id":"https:\/\/patagoniambiental.com.ar\/info\/#\/schema\/logo\/image\/","url":"https:\/\/patagoniambiental.com.ar\/info\/wp-content\/uploads\/2025\/05\/LOGO-PATAGONIA-AMBIENTAL.png","contentUrl":"https:\/\/patagoniambiental.com.ar\/info\/wp-content\/uploads\/2025\/05\/LOGO-PATAGONIA-AMBIENTAL.png","width":433,"height":250,"caption":"Patagonia Ambiental"},"image":{"@id":"https:\/\/patagoniambiental.com.ar\/info\/#\/schema\/logo\/image\/"},"sameAs":["https:\/\/www.facebook.com\/patagonia.ambiental","https:\/\/x.com\/PatAmb"]},{"@type":"Person","@id":"https:\/\/patagoniambiental.com.ar\/info\/#\/schema\/person\/db12bff64bbcbf6a253710bf0ea37b5d","name":"Patagonia Ambiental","description":"Andr\u00e9s Nievas T\u00e9cnico en manejo ambiental, consultor Ambiental y escritor para medios locales e internacionales sobre temas de geopolitica y medio ambiente.","sameAs":["http:\/\/www.patagoniambiental.com.ar","https:\/\/www.facebook.com\/share\/1C1V8Gv9BX\/?mibextid=qi2Omg","@patagoniambiental","https:\/\/youtube.com\/@patagoniaambiental2023?si=BLt58t0wuXquxlYZ"]}]}},"_links":{"self":[{"href":"https:\/\/patagoniambiental.com.ar\/info\/wp-json\/wp\/v2\/posts\/78127","targetHints":{"allow":["GET"]}}],"collection":[{"href":"https:\/\/patagoniambiental.com.ar\/info\/wp-json\/wp\/v2\/posts"}],"about":[{"href":"https:\/\/patagoniambiental.com.ar\/info\/wp-json\/wp\/v2\/types\/post"}],"author":[{"embeddable":true,"href":"https:\/\/patagoniambiental.com.ar\/info\/wp-json\/wp\/v2\/users\/2"}],"replies":[{"embeddable":true,"href":"https:\/\/patagoniambiental.com.ar\/info\/wp-json\/wp\/v2\/comments?post=78127"}],"version-history":[{"count":0,"href":"https:\/\/patagoniambiental.com.ar\/info\/wp-json\/wp\/v2\/posts\/78127\/revisions"}],"wp:featuredmedia":[{"embeddable":true,"href":"https:\/\/patagoniambiental.com.ar\/info\/wp-json\/wp\/v2\/media\/78128"}],"wp:attachment":[{"href":"https:\/\/patagoniambiental.com.ar\/info\/wp-json\/wp\/v2\/media?parent=78127"}],"wp:term":[{"taxonomy":"category","embeddable":true,"href":"https:\/\/patagoniambiental.com.ar\/info\/wp-json\/wp\/v2\/categories?post=78127"},{"taxonomy":"post_tag","embeddable":true,"href":"https:\/\/patagoniambiental.com.ar\/info\/wp-json\/wp\/v2\/tags?post=78127"}],"curies":[{"name":"wp","href":"https:\/\/api.w.org\/{rel}","templated":true}]}}