{"id":78134,"date":"2023-07-01T07:00:00","date_gmt":"2023-07-01T10:00:00","guid":{"rendered":"http:\/\/patagoniambiental.com.ar\/info\/?p=78134"},"modified":"2024-08-16T16:38:23","modified_gmt":"2024-08-16T19:38:23","slug":"parque-nacional-patagonia-un-paraiso-oculto-en-santa-cruz","status":"publish","type":"post","link":"https:\/\/patagoniambiental.com.ar\/info\/parque-nacional-patagonia-un-paraiso-oculto-en-santa-cruz\/","title":{"rendered":"Parque Nacional Patagonia: un para\u00edso oculto en Santa Cruz"},"content":{"rendered":"\n<!--more-->\n\n\n\n<p>Para quienes buscan salir de la rutina y conectar con la naturaleza, el Parque Nacional Patagonia es la mejor opci\u00f3n para conseguirlo. Adem\u00e1s, es un \u00e1rea protegida que tiene como objetivo conservar un ambiente representativo y necesario para la reproducci\u00f3n y conservaci\u00f3n del Mac\u00e1&nbsp;Tobiano.<\/p>\n\n\n\n<figure class=\"wp-block-image\"><img decoding=\"async\" src=\"https:\/\/www.tiemposur.com.ar\/uploads\/noticia_galeria\/2023\/05\/15\/file_170403_main1\" alt=\"\"\/><\/figure>\n\n\n\n<p><a class=\"\" href=\"javascript: void(0)\"><\/a><a class=\" \" href=\"javascript: void(0)\"> <\/a><a href=\"whatsapp:\/\/send?text=Mira esto: Parque Nacional Patagonia%3A un para%C3%ADso oculto en Santa Cruz | https:\/\/www.tiemposur.com.ar\/turismo-y-ambiente\/parque-nacional-patagonia-un-paraiso-oculto-en-santa-cruz\"><\/a><a href=\"mailto:?subject=Mira esto: Parque Nacional Patagonia%3A un para%C3%ADso oculto en Santa Cruz | https:\/\/www.tiemposur.com.ar\/turismo-y-ambiente\/parque-nacional-patagonia-un-paraiso-oculto-en-santa-cruz\" class=\"\"> <\/a><a href=\"javascript:;\"><\/a><\/p>\n\n\n\n<p>Est\u00e1 situado en la cabecera noroeste de la provincia de Santa Cruz, en lo que se conoce como la Meseta del Lago Buenos Aires. Es considerada una de las m\u00e1s altas y m\u00e1s grandes con 1400 metros sobre el nivel del mar y corresponde a la meseta bas\u00e1ltica que Santa Cruz tiene distribuida a lo largo y ancho del territorio.<\/p>\n\n\n\n<p>Este lugar encierra la historia de los tehuelches, antiguos habitantes de estas tierras. Prestando atenci\u00f3n pod\u00e9s observar rocas rupestres o zonas de caza que nos recuerdan que estas tierras est\u00e1n habitadas desde hace mucho tiempo.&nbsp;<\/p>\n\n\n\n<p>Ac\u00e1 vas a poder encontrar una variedad de paisajes poblados por diferentes animales como el zorrino patag\u00f3nico, puma, gato del pajonal o zorro colorado. Al adentrarte en los senderos es normal que te cruces con el choique o el guanaco, y que escuches el \u201ctun tun\u201d del cuis.&nbsp;<\/p>\n\n\n\n<p>Hay opciones para todos los gustos, desde la laguna del Centro de Observadores de Aves que te abraza con el golpe de vientos de agua hasta la vista que te ofrece el Mirador C\u00f3ndor.<\/p>\n\n\n\n<div style=\"height:100px\" aria-hidden=\"true\" class=\"wp-block-spacer\"><\/div>\n\n\n\n<h2 class=\"wp-block-heading\" id=\"h-como-podes-ingresar\"><strong>\u00bfC\u00f3mo pod\u00e9s ingresar?<\/strong><\/h2>\n\n\n\n<p>Se puede hacer por los dos accesos que posee el Parque: Centro Operativo La Ascensi\u00f3n (Reserva Natural Silvestre) o la Seccional El Sauco. Ambos brindan servicios e infraestructura habilitada al uso p\u00fablico.<\/p>\n\n\n\n<p><\/p>\n\n\n\n<h2 class=\"wp-block-heading\" id=\"h-reserva-natural-silvestre-la-ascension\"><strong>Reserva Natural Silvestre La Ascensi\u00f3n.<\/strong><\/h2>\n\n\n\n<p>Este espacio fundado en 1911 fue un establecimiento ganadero muy importante para la zona. Al d\u00eda de hoy, mantiene sus antiguas edificaciones y es patrimonio hist\u00f3rico de la&nbsp; regi\u00f3n por su valor cultural. Sin embargo, para los amantes del deporte tambi\u00e9n ofrece una gran red de senderos de trekking con la posibilidad de descubrir paisajes de la estepa patag\u00f3nica y su fauna. Todo nace desde las costas del Lago Buenos Aires hasta la formaci\u00f3n rocosa de la Meseta del Lago Buenos Aires.<\/p>\n\n\n\n<p>Los senderos tienen diferentes grados de dificultad y est\u00e1n claramente marcados; es posible transitarlos ya sea por cuenta propia o en excursiones con gu\u00edas del Centro de Informes. Hay de dificultad baja, media y alta, aunque se pueden encontrar m\u00e1s de dificultad baja, como por ejemplo: el Sendero de Roca Guacha. Aqu\u00ed, mientras vas caminando, pod\u00e9s apreciar una zona de mallines y a\u00f1osos molles hasta toparse con el singular afloramiento rocoso. En este sector, si te gusta la fotograf\u00eda, es ideal para captar la entrada y salida del sol. Incluso podr\u00e1s ver el \u201cPuesto Amarillo\u201d, un refugio para descansar, con fog\u00f3n y cocina a le\u00f1a junto a su \u00e1rea de acampe.<\/p>\n\n\n\n<p>Ahora, si te gusta la aventura y la adrenalina, el mejor plan es llegar a la Meseta del Lago Buenos Aires. El sendero de dificultad m\u00e1s alta con 16 kil\u00f3metros y un recorrido de aproximadamente 09 horas 30 minutos. Este punto es el ascenso a la zona m\u00e1s elevada de la reserva y una vista panor\u00e1mica que alcanza la Meseta, el Lago Buenos Aires y la Cordillera de los Andes. Otra particularidad de este puesto es que es el lugar donde habita el Mac\u00e1&nbsp;Tobiano y se guardan rocas bas\u00e1lticas, flora de altura, l\u00edquenes y reptiles end\u00e9micos.<\/p>\n\n\n\n<p>El inicio de este trayecto nace en el \u201cPuesto El Rinc\u00f3n\u201d. Un refugio que cuenta con un \u00e1rea de acampe y sanitarios. De ah\u00ed hacia arriba, hay aproximadamente 4 kil\u00f3metros. El camino comprende muchas subidas y bajadas rocosas y empinadas; por lo cual es de suma importancia contar con la indumentaria y accesorios adecuados.<\/p>\n\n\n\n<p>Mientras vas avanzando la flora va cambiando de tonos y permite entender todo lo que contiene este magn\u00edfico lugar. Ya casi llegando al objetivo, el sendero te conduce cerca de la cueva de un puma. Ah\u00ed podr\u00e1s sentir el particular olor del animal y observar los restos alimenticios que dej\u00f3. Una vez arriba con la meta cumplida, experimentar\u00e1s una felicidad enorme, con una sonrisa de oreja a oreja y el paisaje te llevar\u00e1 a compartir unos mates junto a tu familia, pareja o amigos.&nbsp;<\/p>\n\n\n\n<div style=\"height:100px\" aria-hidden=\"true\" class=\"wp-block-spacer\"><\/div>\n\n\n\n<h2 class=\"wp-block-heading\" id=\"h-seccional-el-sauco\"><strong>Seccional El Sauco<\/strong><\/h2>\n\n\n\n<p>A este portal se puede ingresar por la ruta provincial 103 o por el Paso Roballos desde la ruta nacional 40. Est\u00e1 a 24 kil\u00f3metros de la ruta 40. Si salis de la ciudad de Perito Moreno son 70 kil\u00f3metros.&nbsp; Este sector del Parque Nacional Patagonia se lo conoce tambi\u00e9n como el Valle del R\u00edo Blanco.<\/p>\n\n\n\n<p>De camino a El Sa\u00faco se pueden ver varias formaciones geol\u00f3gicas parecidas al Fitz Roy o Torres del Paine. Entre ellas aparece el Monte Zeballos que corresponde al Complejo Volc\u00e1nico Zeballos. \u00bfPor qu\u00e9? porque tiene varias cumbres y es un glaciar extra andino, no proviene de la cordillera. Desde este lugar nacen varios r\u00edos como por ejemplo el r\u00edo Los Antiguos. Da agua a la zona y favorece la producci\u00f3n de fruta fina (frutilla, cereza, entre otras). Para los tehuelches era un moj\u00f3n (punto o referencia) y un lugar sagrado donde cre\u00edan que nac\u00eda el mundo.<\/p>\n\n\n\n<p>No obstante no es lo \u00fanico que se presta a la vista. A la izquierda se encuentra el Monte San Lorenzo y las Sierras Coloradas. Si conducen unos kil\u00f3metros m\u00e1s van a poder encontrar de frente el Cerro Colmillo, uno de los ic\u00f3nicos de la ruta 41. Para que se den una idea est\u00e1 en el medio del San Lorenzo y Zeballos.<\/p>\n\n\n\n<p>El camino es todo de ripio y va en direcci\u00f3n descendente para adentrarnos en el Valle del R\u00edo Blanco. A unos 7 kil\u00f3metros de El Sa\u00faco y 15 kil\u00f3metros del R\u00edo Blanco. M\u00e1s all\u00e1 de la vista monta\u00f1osa se cruzar\u00e1n guanacos, liebres, entre otras especies.&nbsp;<\/p>\n\n\n\n<p>Ya casi a 3 kil\u00f3metros de la seccional a la derecha se impone el Cerro Lapiz. Se llama as\u00ed por su forma, es id\u00e9ntico.<\/p>\n\n\n\n<p>En cuanto a la vegetaci\u00f3n es t\u00edpica de la estepa patag\u00f3nica, arbustiva y espinosa de climas \u00e1ridos, de fr\u00edo y con vientos. El suelo es una combinaci\u00f3n de diversos colores: gris, marr\u00f3n claro y un poco anaranjado en algunos sectores.\u00a0 De igual manera, el recorrido contiene rocas volc\u00e1nicas de diferentes colores al costado de la ruta.<\/p>\n\n\n\n<p>Entrando a la seccional del Sauco todo cambia y el verde empieza a predominar en la bajada, acompa\u00f1ada de arboles de tono amarillo verdoso. De igual manera, est\u00e1 la famosa \u201crosa mosqueta\u201d, una planta invasora que no es originaria de la zona.&nbsp;<\/p>\n\n\n\n<p>Esta zona del Parque Nacional Patagonia contiene dos senderos: Sendero Vuelta al Valle y Sendero el Mirador. El primero es de dificultad baja con una distancia de 3,7 kil\u00f3metros y el segundo es de dificultad media con un recorrido de 7 kil\u00f3metros. Antes de vivir la experiencia en los senderos podes quedarte en el \u00e1rea de acampe gratuita \u201cLos Choiques\u201d.<\/p>\n\n\n\n<p>Si eleg\u00eds practicar el Sendero Mirador ten\u00e9s la opci\u00f3n de hacerlo por arriba o por abajo. Por arriba lo podes realizar en auto o bicicleta y son 8 kil\u00f3metros aproximadamente desde la seccional de parques. De todas maneras, ambos caminos son recomendables por la biodiversidad que te presenta junto al campo volc\u00e1nico y el R\u00edo Blanco.<\/p>\n\n\n\n<div style=\"height:100px\" aria-hidden=\"true\" class=\"wp-block-spacer\"><\/div>\n\n\n\n<h2 class=\"wp-block-heading\" id=\"h-queres-mas-informacion\"><strong>\u00bfQueres m\u00e1s informaci\u00f3n?<\/strong><\/h2>\n\n\n\n<p>Podes comunicarte con la Subsecretaria de Turismo de Los Antiguos a trav\u00e9s de su WhatsApp al (297) 621-2055, o a trav\u00e9s de email a&nbsp;<a href=\"mailto:turismolosantiguos@gmail.com\">turismolosantiguos@gmail.com<\/a>&nbsp;<\/p>\n\n\n\n<p>Fuente: www.tiemposur.com.ar<\/p>\n","protected":false},"excerpt":{"rendered":"","protected":false},"author":2,"featured_media":78135,"comment_status":"open","ping_status":"open","sticky":false,"template":"","format":"standard","meta":{"site-sidebar-layout":"default","site-content-layout":"","ast-site-content-layout":"default","site-content-style":"default","site-sidebar-style":"default","ast-global-header-display":"","ast-banner-title-visibility":"","ast-main-header-display":"","ast-hfb-above-header-display":"","ast-hfb-below-header-display":"","ast-hfb-mobile-header-display":"","site-post-title":"","ast-breadcrumbs-content":"","ast-featured-img":"","footer-sml-layout":"","ast-disable-related-posts":"","theme-transparent-header-meta":"","adv-header-id-meta":"","stick-header-meta":"","header-above-stick-meta":"","header-main-stick-meta":"","header-below-stick-meta":"","astra-migrate-meta-layouts":"default","ast-page-background-enabled":"default","ast-page-background-meta":{"desktop":{"background-color":"var(--ast-global-color-5)","background-image":"","background-repeat":"repeat","background-position":"center center","background-size":"auto","background-attachment":"scroll","background-type":"","background-media":"","overlay-type":"","overlay-color":"","overlay-opacity":"","overlay-gradient":""},"tablet":{"background-color":"","background-image":"","background-repeat":"repeat","background-position":"center center","background-size":"auto","background-attachment":"scroll","background-type":"","background-media":"","overlay-type":"","overlay-color":"","overlay-opacity":"","overlay-gradient":""},"mobile":{"background-color":"","background-image":"","background-repeat":"repeat","background-position":"center center","background-size":"auto","background-attachment":"scroll","background-type":"","background-media":"","overlay-type":"","overlay-color":"","overlay-opacity":"","overlay-gradient":""}},"ast-content-background-meta":{"desktop":{"background-color":"var(--ast-global-color-4)","background-image":"","background-repeat":"repeat","background-position":"center center","background-size":"auto","background-attachment":"scroll","background-type":"","background-media":"","overlay-type":"","overlay-color":"","overlay-opacity":"","overlay-gradient":""},"tablet":{"background-color":"var(--ast-global-color-4)","background-image":"","background-repeat":"repeat","background-position":"center center","background-size":"auto","background-attachment":"scroll","background-type":"","background-media":"","overlay-type":"","overlay-color":"","overlay-opacity":"","overlay-gradient":""},"mobile":{"background-color":"var(--ast-global-color-4)","background-image":"","background-repeat":"repeat","background-position":"center center","background-size":"auto","background-attachment":"scroll","background-type":"","background-media":"","overlay-type":"","overlay-color":"","overlay-opacity":"","overlay-gradient":""}},"footnotes":""},"categories":[13],"tags":[],"class_list":["post-78134","post","type-post","status-publish","format-standard","has-post-thumbnail","hentry","category-provinciales"],"yoast_head":"<!-- This site is optimized with the Yoast SEO Premium plugin v23.0 (Yoast SEO v27.4) - https:\/\/yoast.com\/product\/yoast-seo-premium-wordpress\/ -->\n<title>Parque Nacional Patagonia: un para\u00edso oculto en Santa Cruz<\/title>\n<meta name=\"robots\" content=\"index, follow, max-snippet:-1, max-image-preview:large, max-video-preview:-1\" \/>\n<link rel=\"canonical\" href=\"https:\/\/patagoniambiental.com.ar\/info\/parque-nacional-patagonia-un-paraiso-oculto-en-santa-cruz\/\" \/>\n<meta property=\"og:locale\" content=\"es_ES\" \/>\n<meta property=\"og:type\" content=\"article\" \/>\n<meta property=\"og:title\" content=\"Parque Nacional Patagonia: un para\u00edso oculto en Santa Cruz\" \/>\n<meta property=\"og:url\" content=\"https:\/\/patagoniambiental.com.ar\/info\/parque-nacional-patagonia-un-paraiso-oculto-en-santa-cruz\/\" \/>\n<meta property=\"og:site_name\" content=\"Patagonia Ambiental\" \/>\n<meta property=\"article:publisher\" content=\"https:\/\/www.facebook.com\/patagonia.ambiental\" \/>\n<meta property=\"article:author\" content=\"https:\/\/www.facebook.com\/share\/1C1V8Gv9BX\/?mibextid=qi2Omg\" \/>\n<meta property=\"article:published_time\" content=\"2023-07-01T10:00:00+00:00\" \/>\n<meta property=\"article:modified_time\" content=\"2024-08-16T19:38:23+00:00\" \/>\n<meta property=\"og:image\" content=\"https:\/\/patagoniambiental.com.ar\/info\/wp-content\/uploads\/2023\/05\/file_170403_main1.jpeg\" \/>\n\t<meta property=\"og:image:width\" content=\"800\" \/>\n\t<meta property=\"og:image:height\" content=\"457\" \/>\n\t<meta property=\"og:image:type\" content=\"image\/jpeg\" \/>\n<meta name=\"author\" content=\"Patagonia Ambiental\" \/>\n<meta name=\"twitter:card\" content=\"summary_large_image\" \/>\n<meta name=\"twitter:creator\" content=\"@PatAmb\" \/>\n<meta name=\"twitter:site\" content=\"@PatAmb\" \/>\n<script type=\"application\/ld+json\" class=\"yoast-schema-graph\">{\"@context\":\"https:\\\/\\\/schema.org\",\"@graph\":[{\"@type\":\"Article\",\"@id\":\"https:\\\/\\\/patagoniambiental.com.ar\\\/info\\\/parque-nacional-patagonia-un-paraiso-oculto-en-santa-cruz\\\/#article\",\"isPartOf\":{\"@id\":\"https:\\\/\\\/patagoniambiental.com.ar\\\/info\\\/parque-nacional-patagonia-un-paraiso-oculto-en-santa-cruz\\\/\"},\"author\":{\"name\":\"Patagonia Ambiental\",\"@id\":\"https:\\\/\\\/patagoniambiental.com.ar\\\/info\\\/#\\\/schema\\\/person\\\/db12bff64bbcbf6a253710bf0ea37b5d\"},\"headline\":\"Parque Nacional Patagonia: un para\u00edso oculto en Santa Cruz\",\"datePublished\":\"2023-07-01T10:00:00+00:00\",\"dateModified\":\"2024-08-16T19:38:23+00:00\",\"mainEntityOfPage\":{\"@id\":\"https:\\\/\\\/patagoniambiental.com.ar\\\/info\\\/parque-nacional-patagonia-un-paraiso-oculto-en-santa-cruz\\\/\"},\"wordCount\":1318,\"commentCount\":0,\"publisher\":{\"@id\":\"https:\\\/\\\/patagoniambiental.com.ar\\\/info\\\/#organization\"},\"image\":{\"@id\":\"https:\\\/\\\/patagoniambiental.com.ar\\\/info\\\/parque-nacional-patagonia-un-paraiso-oculto-en-santa-cruz\\\/#primaryimage\"},\"thumbnailUrl\":\"https:\\\/\\\/patagoniambiental.com.ar\\\/info\\\/wp-content\\\/uploads\\\/2023\\\/05\\\/file_170403_main1.jpeg\",\"articleSection\":[\"Provinciales\"],\"inLanguage\":\"es\",\"potentialAction\":[{\"@type\":\"CommentAction\",\"name\":\"Comment\",\"target\":[\"https:\\\/\\\/patagoniambiental.com.ar\\\/info\\\/parque-nacional-patagonia-un-paraiso-oculto-en-santa-cruz\\\/#respond\"]}]},{\"@type\":\"WebPage\",\"@id\":\"https:\\\/\\\/patagoniambiental.com.ar\\\/info\\\/parque-nacional-patagonia-un-paraiso-oculto-en-santa-cruz\\\/\",\"url\":\"https:\\\/\\\/patagoniambiental.com.ar\\\/info\\\/parque-nacional-patagonia-un-paraiso-oculto-en-santa-cruz\\\/\",\"name\":\"Parque Nacional Patagonia: un para\u00edso oculto en Santa Cruz\",\"isPartOf\":{\"@id\":\"https:\\\/\\\/patagoniambiental.com.ar\\\/info\\\/#website\"},\"primaryImageOfPage\":{\"@id\":\"https:\\\/\\\/patagoniambiental.com.ar\\\/info\\\/parque-nacional-patagonia-un-paraiso-oculto-en-santa-cruz\\\/#primaryimage\"},\"image\":{\"@id\":\"https:\\\/\\\/patagoniambiental.com.ar\\\/info\\\/parque-nacional-patagonia-un-paraiso-oculto-en-santa-cruz\\\/#primaryimage\"},\"thumbnailUrl\":\"https:\\\/\\\/patagoniambiental.com.ar\\\/info\\\/wp-content\\\/uploads\\\/2023\\\/05\\\/file_170403_main1.jpeg\",\"datePublished\":\"2023-07-01T10:00:00+00:00\",\"dateModified\":\"2024-08-16T19:38:23+00:00\",\"breadcrumb\":{\"@id\":\"https:\\\/\\\/patagoniambiental.com.ar\\\/info\\\/parque-nacional-patagonia-un-paraiso-oculto-en-santa-cruz\\\/#breadcrumb\"},\"inLanguage\":\"es\",\"potentialAction\":[{\"@type\":\"ReadAction\",\"target\":[\"https:\\\/\\\/patagoniambiental.com.ar\\\/info\\\/parque-nacional-patagonia-un-paraiso-oculto-en-santa-cruz\\\/\"]}]},{\"@type\":\"ImageObject\",\"inLanguage\":\"es\",\"@id\":\"https:\\\/\\\/patagoniambiental.com.ar\\\/info\\\/parque-nacional-patagonia-un-paraiso-oculto-en-santa-cruz\\\/#primaryimage\",\"url\":\"https:\\\/\\\/patagoniambiental.com.ar\\\/info\\\/wp-content\\\/uploads\\\/2023\\\/05\\\/file_170403_main1.jpeg\",\"contentUrl\":\"https:\\\/\\\/patagoniambiental.com.ar\\\/info\\\/wp-content\\\/uploads\\\/2023\\\/05\\\/file_170403_main1.jpeg\",\"width\":800,\"height\":457},{\"@type\":\"BreadcrumbList\",\"@id\":\"https:\\\/\\\/patagoniambiental.com.ar\\\/info\\\/parque-nacional-patagonia-un-paraiso-oculto-en-santa-cruz\\\/#breadcrumb\",\"itemListElement\":[{\"@type\":\"ListItem\",\"position\":1,\"name\":\"Inicio\",\"item\":\"https:\\\/\\\/patagoniambiental.com.ar\\\/info\\\/\"},{\"@type\":\"ListItem\",\"position\":2,\"name\":\"Parque Nacional Patagonia: un para\u00edso oculto en Santa Cruz\"}]},{\"@type\":\"WebSite\",\"@id\":\"https:\\\/\\\/patagoniambiental.com.ar\\\/info\\\/#website\",\"url\":\"https:\\\/\\\/patagoniambiental.com.ar\\\/info\\\/\",\"name\":\"Patagonia Ambiental\",\"description\":\"Monitoreo y an\u00e1lisis de la situaci\u00f3n geopol\u00edtica en el mundo y su implicancia en la Patagonia\",\"publisher\":{\"@id\":\"https:\\\/\\\/patagoniambiental.com.ar\\\/info\\\/#organization\"},\"potentialAction\":[{\"@type\":\"SearchAction\",\"target\":{\"@type\":\"EntryPoint\",\"urlTemplate\":\"https:\\\/\\\/patagoniambiental.com.ar\\\/info\\\/?s={search_term_string}\"},\"query-input\":{\"@type\":\"PropertyValueSpecification\",\"valueRequired\":true,\"valueName\":\"search_term_string\"}}],\"inLanguage\":\"es\"},{\"@type\":\"Organization\",\"@id\":\"https:\\\/\\\/patagoniambiental.com.ar\\\/info\\\/#organization\",\"name\":\"Patagonia Ambiental\",\"url\":\"https:\\\/\\\/patagoniambiental.com.ar\\\/info\\\/\",\"logo\":{\"@type\":\"ImageObject\",\"inLanguage\":\"es\",\"@id\":\"https:\\\/\\\/patagoniambiental.com.ar\\\/info\\\/#\\\/schema\\\/logo\\\/image\\\/\",\"url\":\"https:\\\/\\\/patagoniambiental.com.ar\\\/info\\\/wp-content\\\/uploads\\\/2025\\\/05\\\/LOGO-PATAGONIA-AMBIENTAL.png\",\"contentUrl\":\"https:\\\/\\\/patagoniambiental.com.ar\\\/info\\\/wp-content\\\/uploads\\\/2025\\\/05\\\/LOGO-PATAGONIA-AMBIENTAL.png\",\"width\":433,\"height\":250,\"caption\":\"Patagonia Ambiental\"},\"image\":{\"@id\":\"https:\\\/\\\/patagoniambiental.com.ar\\\/info\\\/#\\\/schema\\\/logo\\\/image\\\/\"},\"sameAs\":[\"https:\\\/\\\/www.facebook.com\\\/patagonia.ambiental\",\"https:\\\/\\\/x.com\\\/PatAmb\"]},{\"@type\":\"Person\",\"@id\":\"https:\\\/\\\/patagoniambiental.com.ar\\\/info\\\/#\\\/schema\\\/person\\\/db12bff64bbcbf6a253710bf0ea37b5d\",\"name\":\"Patagonia Ambiental\",\"description\":\"Andr\u00e9s Nievas T\u00e9cnico en manejo ambiental, consultor Ambiental y escritor para medios locales e internacionales sobre temas de geopolitica y medio ambiente.\",\"sameAs\":[\"http:\\\/\\\/www.patagoniambiental.com.ar\",\"https:\\\/\\\/www.facebook.com\\\/share\\\/1C1V8Gv9BX\\\/?mibextid=qi2Omg\",\"@patagoniambiental\",\"https:\\\/\\\/youtube.com\\\/@patagoniaambiental2023?si=BLt58t0wuXquxlYZ\"]}]}<\/script>\n<!-- \/ Yoast SEO Premium plugin. -->","yoast_head_json":{"title":"Parque Nacional Patagonia: un para\u00edso oculto en Santa Cruz","robots":{"index":"index","follow":"follow","max-snippet":"max-snippet:-1","max-image-preview":"max-image-preview:large","max-video-preview":"max-video-preview:-1"},"canonical":"https:\/\/patagoniambiental.com.ar\/info\/parque-nacional-patagonia-un-paraiso-oculto-en-santa-cruz\/","og_locale":"es_ES","og_type":"article","og_title":"Parque Nacional Patagonia: un para\u00edso oculto en Santa Cruz","og_url":"https:\/\/patagoniambiental.com.ar\/info\/parque-nacional-patagonia-un-paraiso-oculto-en-santa-cruz\/","og_site_name":"Patagonia Ambiental","article_publisher":"https:\/\/www.facebook.com\/patagonia.ambiental","article_author":"https:\/\/www.facebook.com\/share\/1C1V8Gv9BX\/?mibextid=qi2Omg","article_published_time":"2023-07-01T10:00:00+00:00","article_modified_time":"2024-08-16T19:38:23+00:00","og_image":[{"width":800,"height":457,"url":"https:\/\/patagoniambiental.com.ar\/info\/wp-content\/uploads\/2023\/05\/file_170403_main1.jpeg","type":"image\/jpeg"}],"author":"Patagonia Ambiental","twitter_card":"summary_large_image","twitter_creator":"@PatAmb","twitter_site":"@PatAmb","schema":{"@context":"https:\/\/schema.org","@graph":[{"@type":"Article","@id":"https:\/\/patagoniambiental.com.ar\/info\/parque-nacional-patagonia-un-paraiso-oculto-en-santa-cruz\/#article","isPartOf":{"@id":"https:\/\/patagoniambiental.com.ar\/info\/parque-nacional-patagonia-un-paraiso-oculto-en-santa-cruz\/"},"author":{"name":"Patagonia Ambiental","@id":"https:\/\/patagoniambiental.com.ar\/info\/#\/schema\/person\/db12bff64bbcbf6a253710bf0ea37b5d"},"headline":"Parque Nacional Patagonia: un para\u00edso oculto en Santa Cruz","datePublished":"2023-07-01T10:00:00+00:00","dateModified":"2024-08-16T19:38:23+00:00","mainEntityOfPage":{"@id":"https:\/\/patagoniambiental.com.ar\/info\/parque-nacional-patagonia-un-paraiso-oculto-en-santa-cruz\/"},"wordCount":1318,"commentCount":0,"publisher":{"@id":"https:\/\/patagoniambiental.com.ar\/info\/#organization"},"image":{"@id":"https:\/\/patagoniambiental.com.ar\/info\/parque-nacional-patagonia-un-paraiso-oculto-en-santa-cruz\/#primaryimage"},"thumbnailUrl":"https:\/\/patagoniambiental.com.ar\/info\/wp-content\/uploads\/2023\/05\/file_170403_main1.jpeg","articleSection":["Provinciales"],"inLanguage":"es","potentialAction":[{"@type":"CommentAction","name":"Comment","target":["https:\/\/patagoniambiental.com.ar\/info\/parque-nacional-patagonia-un-paraiso-oculto-en-santa-cruz\/#respond"]}]},{"@type":"WebPage","@id":"https:\/\/patagoniambiental.com.ar\/info\/parque-nacional-patagonia-un-paraiso-oculto-en-santa-cruz\/","url":"https:\/\/patagoniambiental.com.ar\/info\/parque-nacional-patagonia-un-paraiso-oculto-en-santa-cruz\/","name":"Parque Nacional Patagonia: un para\u00edso oculto en Santa Cruz","isPartOf":{"@id":"https:\/\/patagoniambiental.com.ar\/info\/#website"},"primaryImageOfPage":{"@id":"https:\/\/patagoniambiental.com.ar\/info\/parque-nacional-patagonia-un-paraiso-oculto-en-santa-cruz\/#primaryimage"},"image":{"@id":"https:\/\/patagoniambiental.com.ar\/info\/parque-nacional-patagonia-un-paraiso-oculto-en-santa-cruz\/#primaryimage"},"thumbnailUrl":"https:\/\/patagoniambiental.com.ar\/info\/wp-content\/uploads\/2023\/05\/file_170403_main1.jpeg","datePublished":"2023-07-01T10:00:00+00:00","dateModified":"2024-08-16T19:38:23+00:00","breadcrumb":{"@id":"https:\/\/patagoniambiental.com.ar\/info\/parque-nacional-patagonia-un-paraiso-oculto-en-santa-cruz\/#breadcrumb"},"inLanguage":"es","potentialAction":[{"@type":"ReadAction","target":["https:\/\/patagoniambiental.com.ar\/info\/parque-nacional-patagonia-un-paraiso-oculto-en-santa-cruz\/"]}]},{"@type":"ImageObject","inLanguage":"es","@id":"https:\/\/patagoniambiental.com.ar\/info\/parque-nacional-patagonia-un-paraiso-oculto-en-santa-cruz\/#primaryimage","url":"https:\/\/patagoniambiental.com.ar\/info\/wp-content\/uploads\/2023\/05\/file_170403_main1.jpeg","contentUrl":"https:\/\/patagoniambiental.com.ar\/info\/wp-content\/uploads\/2023\/05\/file_170403_main1.jpeg","width":800,"height":457},{"@type":"BreadcrumbList","@id":"https:\/\/patagoniambiental.com.ar\/info\/parque-nacional-patagonia-un-paraiso-oculto-en-santa-cruz\/#breadcrumb","itemListElement":[{"@type":"ListItem","position":1,"name":"Inicio","item":"https:\/\/patagoniambiental.com.ar\/info\/"},{"@type":"ListItem","position":2,"name":"Parque Nacional Patagonia: un para\u00edso oculto en Santa Cruz"}]},{"@type":"WebSite","@id":"https:\/\/patagoniambiental.com.ar\/info\/#website","url":"https:\/\/patagoniambiental.com.ar\/info\/","name":"Patagonia Ambiental","description":"Monitoreo y an\u00e1lisis de la situaci\u00f3n geopol\u00edtica en el mundo y su implicancia en la Patagonia","publisher":{"@id":"https:\/\/patagoniambiental.com.ar\/info\/#organization"},"potentialAction":[{"@type":"SearchAction","target":{"@type":"EntryPoint","urlTemplate":"https:\/\/patagoniambiental.com.ar\/info\/?s={search_term_string}"},"query-input":{"@type":"PropertyValueSpecification","valueRequired":true,"valueName":"search_term_string"}}],"inLanguage":"es"},{"@type":"Organization","@id":"https:\/\/patagoniambiental.com.ar\/info\/#organization","name":"Patagonia Ambiental","url":"https:\/\/patagoniambiental.com.ar\/info\/","logo":{"@type":"ImageObject","inLanguage":"es","@id":"https:\/\/patagoniambiental.com.ar\/info\/#\/schema\/logo\/image\/","url":"https:\/\/patagoniambiental.com.ar\/info\/wp-content\/uploads\/2025\/05\/LOGO-PATAGONIA-AMBIENTAL.png","contentUrl":"https:\/\/patagoniambiental.com.ar\/info\/wp-content\/uploads\/2025\/05\/LOGO-PATAGONIA-AMBIENTAL.png","width":433,"height":250,"caption":"Patagonia Ambiental"},"image":{"@id":"https:\/\/patagoniambiental.com.ar\/info\/#\/schema\/logo\/image\/"},"sameAs":["https:\/\/www.facebook.com\/patagonia.ambiental","https:\/\/x.com\/PatAmb"]},{"@type":"Person","@id":"https:\/\/patagoniambiental.com.ar\/info\/#\/schema\/person\/db12bff64bbcbf6a253710bf0ea37b5d","name":"Patagonia Ambiental","description":"Andr\u00e9s Nievas T\u00e9cnico en manejo ambiental, consultor Ambiental y escritor para medios locales e internacionales sobre temas de geopolitica y medio ambiente.","sameAs":["http:\/\/www.patagoniambiental.com.ar","https:\/\/www.facebook.com\/share\/1C1V8Gv9BX\/?mibextid=qi2Omg","@patagoniambiental","https:\/\/youtube.com\/@patagoniaambiental2023?si=BLt58t0wuXquxlYZ"]}]}},"_links":{"self":[{"href":"https:\/\/patagoniambiental.com.ar\/info\/wp-json\/wp\/v2\/posts\/78134","targetHints":{"allow":["GET"]}}],"collection":[{"href":"https:\/\/patagoniambiental.com.ar\/info\/wp-json\/wp\/v2\/posts"}],"about":[{"href":"https:\/\/patagoniambiental.com.ar\/info\/wp-json\/wp\/v2\/types\/post"}],"author":[{"embeddable":true,"href":"https:\/\/patagoniambiental.com.ar\/info\/wp-json\/wp\/v2\/users\/2"}],"replies":[{"embeddable":true,"href":"https:\/\/patagoniambiental.com.ar\/info\/wp-json\/wp\/v2\/comments?post=78134"}],"version-history":[{"count":0,"href":"https:\/\/patagoniambiental.com.ar\/info\/wp-json\/wp\/v2\/posts\/78134\/revisions"}],"wp:featuredmedia":[{"embeddable":true,"href":"https:\/\/patagoniambiental.com.ar\/info\/wp-json\/wp\/v2\/media\/78135"}],"wp:attachment":[{"href":"https:\/\/patagoniambiental.com.ar\/info\/wp-json\/wp\/v2\/media?parent=78134"}],"wp:term":[{"taxonomy":"category","embeddable":true,"href":"https:\/\/patagoniambiental.com.ar\/info\/wp-json\/wp\/v2\/categories?post=78134"},{"taxonomy":"post_tag","embeddable":true,"href":"https:\/\/patagoniambiental.com.ar\/info\/wp-json\/wp\/v2\/tags?post=78134"}],"curies":[{"name":"wp","href":"https:\/\/api.w.org\/{rel}","templated":true}]}}