{"id":78146,"date":"2023-05-15T19:00:00","date_gmt":"2023-05-15T22:00:00","guid":{"rendered":"http:\/\/patagoniambiental.com.ar\/info\/?p=78146"},"modified":"2024-08-17T00:21:25","modified_gmt":"2024-08-17T03:21:25","slug":"concierto-por-el-bautismo-de-fuego-de-la-fuerza-aerea-argentina","status":"publish","type":"post","link":"https:\/\/patagoniambiental.com.ar\/info\/concierto-por-el-bautismo-de-fuego-de-la-fuerza-aerea-argentina\/","title":{"rendered":"Concierto por el Bautismo de fuego de la Fuerza A\u00e9rea Argentina"},"content":{"rendered":"\n<!--more-->\n\n\n\n<p>Se desarroll\u00f3 en el Centro Cultural Estaci\u00f3n Terminal Sur, con presencia de las autoridades e invitados.<\/p>\n\n\n\n<p>Con motivo de conmemorarse el <strong>41\u00b0 Aniversario del Bautismo de Fuego de la Fuerza A\u00e9rea Argentina en el conflicto del Atl\u00e1ntico Sur se celebr\u00f3 en el Centro Cultural Estaci\u00f3n Terminal Sur<\/strong> un concierto en homenaje a nuestros H\u00e9roes de Malvinas que cont\u00f3 con la presencia del Jefe de la Base A\u00e9rea Militar Mar del Plata Vicecomodoro Cesar Oscar Lencina, el comandante del \u00c1rea Naval Atl\u00e1ntica Contraalmirante D. Marcelo Luis Fern\u00e1ndez, el Se\u00f1or Jefe de la Agrupaci\u00f3n de Artiller\u00eda Antia\u00e9rea del Ej\u00e9rcito 601 Escuela Coronel D. Leandro Jofre Foncueva, el Brigadier ( R ) Veterano de la Guerra de Malvinas D. Pedro Esteban Iraizoz, el se\u00f1or ex Jefe de la BAM Mar del Plata Comodoro ( R ) Veterano de la Guerra de Malvinas D. Oscar Humberto Spath en representaci\u00f3n del Intendente del municipio de General Pueyrred\u00f3n el Se\u00f1or Dami\u00e1n Arregui, representantes de las Fuerzas Armadas y de Seguridad con asiento en la ciudad, invitados especiales y nuestros veteranos de la guerra de Malvinas.<\/p>\n\n\n\n<p>\u201cAquel 1\u00b0 de mayo de 1982 la Fuerza A\u00e9rea Argentina, tuvo su primera experiencia bajo fuego en batalla, durante la Gesta por la recuperaci\u00f3n de nuestras Islas Malvinas. Donde el coraje, el profesionalismo y el amor a la patria fueron los pilares que sostuvieron ese valor en combate de todos nuestros combatientes y marcaron un legado digno de ser honrado y respetado como parte de nuestra Historia Nacional.<\/p>\n\n\n\n<p>Hoy, a 41 a\u00f1os de aquel Bautismo de Fuego la llama malvinense contin\u00faa iluminando nuestros esp\u00edritus y el permanente e inclaudicable reclamo del derecho de soberan\u00eda sobre esa parte de nuestra Patria, que se mantiene custodiada por 55 valientes h\u00e9roes, que hoy son homenajeados, junto al resto de los Veteranos de aquel conflicto, con un concierto de m\u00fasica que despertar\u00e1 el sentimiento de pertenencia a una Fuerza probada en combate.\u201d<\/p>\n\n\n\n<p>Con esta introducci\u00f3n se dio presentaci\u00f3n al evento que cont\u00f3 con la participaci\u00f3n de la <strong>Banda Militar de M\u00fasica \u201cSanta B\u00e1rbara\u201d<\/strong>, a cargo de su director el Suboficial Mayor, Gustavo Walter Sosa, del Coro Polif\u00f3nico \u201cAlas Argentinas\u201d bajo la direcci\u00f3n del Maestro Jos\u00e9 Paz y artistas invitados.<\/p>\n\n\n\n<p>El concierto inici\u00f3 con una selecci\u00f3n instrumental a cargo de la Banda Militar de M\u00fasica \u201cSanta B\u00e1rbara\u201d, con la interpretaci\u00f3n del primer movimiento de la Segunda Suite para bandas militares, del compositor Gustav Holst y \u201cA\u00f1os de Soledad\u201d del compositor marplatense Astor Piazzolla, interpretado por el Cabo Juan Ignacio Rodr\u00edguez.<\/p>\n\n\n\n<p>A continuaci\u00f3n, la \u00f3pera de Astor Piazzola y Horacio Ferrer, \u201cMar\u00eda de Buenos Aires\u201d, adaptada para banda militar por el Cabo Sebasti\u00e1n Onguino. Para cerrar la primera parte, \u201cAlfonsina y el Mar\u201d del ciclo \u201cMujeres Argentinas\u201d del compositor Ariel Ram\u00edrez y letra de F\u00e9lix Luna, con la adaptaci\u00f3n para bandas del maestro Eduardo Lamas.<\/p>\n\n\n\n<p>La segunda parte estuvo a cargo del Coro Polif\u00f3nico Alas Argentinas, organizaci\u00f3n que naci\u00f3 el 12 de mayo del 2003, por orden del Jefe de Estado Mayor General de la Fuerza A\u00e9rea Argentina, con el objetivo de crear un organismo art\u00edstico, que representar\u00e1 a la Fuerza A\u00e9rea en la ciudad, y que creara lazos con la comunidad en general, cuenta actualmente con 55 integrantes.<\/p>\n\n\n\n<p>Fue nombrado de Inter\u00e9s Cultural por el Honorable Consejo Deliberante de nuestra ciudad y es Patrimonio Cultural de la Fuerza A\u00e9rea Argentina.<\/p>\n\n\n\n<p>El Coro Polif\u00f3nico interpret\u00f3 \u201cGira con me\u201d, del compositor italiano Lucio Quarantatoto, seguidamente \u201cAl jard\u00edn de la Republica\u201d, una bella zamba del autor rosarino Virgilio Carmona.<\/p>\n\n\n\n<p>Luego, del compositor Chacho Alarc\u00f3n \u201cBien al Sur\u201d, balada que describe a las Islas Malvinas tiempo despu\u00e9s de transcurrida la gesta en donde el autor muestra a nuestros h\u00e9roes ca\u00eddos en combate, y que siguen custodiando nuestras Islas Malvinas. En esa obra fue solista la eximia cantante Lucia Albornoz.<\/p>\n\n\n\n<p>Y del compositor Ennio Morricone, en la versi\u00f3n cinematogr\u00e1fica, Vita Nostra.<\/p>\n\n\n\n<p>Por \u00faltimo, del texto que escribiera el gran cient\u00edfico y artista, Leonardo Da Vinci en el 1558, una obra musical colosal del compositor contempor\u00e1neo Cristopher Tin \u201cSo\u00f1o di Volare\u201d.<\/p>\n\n\n\n<p>Finalmente, el concierto dio lugar a la banda de m\u00fasica heavy metal tradicional, con una vasta trayectoria llamada \u201cCAPTOR\u201d, integrada por Mariano Binda en bater\u00eda, Carlos Corsi en bajo, Franco Sosa en guitarra y en voz Leonardo Repeski, interpretaron \u201cSiete custodios\u201d, en homenaje al Padre de la Patria, General Don Jos\u00e9 De San Martin, para luego cerrar con \u201cH\u00e9roes por siempre\u201d, tema realizado en homenaje a nuestros veteranos, h\u00e9roes de Malvinas que lucharon en el conflicto del Atl\u00e1ntico Sur.<\/p>\n\n\n\n<p>Como antecedente hist\u00f3rico cabe destacar que la Base A\u00e9rea Militar Mar del Plata se crea el 15 de febrero de 1952 bajo el nombre de \u201cAer\u00f3dromo Militar Mar del Plata\u201d.<br>En enero de 1982 se completa el traslado del Grupo 1 de Artiller\u00eda Antia\u00e9rea a esta ciudad proveniente de la VI Brigada A\u00e9rea \u201cTandil\u201d. Se trata de una unidad de combate que a\u00fan permanece activa, junto a la Escuela de Defensa Antia\u00e9rea, donde se forma profesionalmente al personal militar superior y subalterno de la especialidad defensa antia\u00e9rea.<\/p>\n\n\n\n<p>Desde el 4 de abril de 1982 y hasta finalizado el conflicto del Atl\u00e1ntico Sur, la Base A\u00e9rea Militar Mar del Plata despleg\u00f3 personal y material para la defensa antia\u00e9rea de los aeropuertos de Santa Cruz, R\u00edo Gallegos y Puerto Argentino en las Islas Malvinas, por ello la Bandera de ceremonia de la Unidad ha sido condecorada por:<br>-La Fuerza A\u00e9rea Argentina: con la medalla \u201cHonor al Valor y Disciplina\u201d<br>&#8211; Por el gobierno y pueblo de la provincia de Santa Fe.<br>&#8211; Por la Honorable C\u00e1mara de Diputados de la Provincia de Buenos Aires.<\/p>\n\n\n\n<p>Sobre el final del concierto el Jefe de la Base A\u00e9rea Militar Mar del Plata Vicecomodoro D. Cesar Lencina dedic\u00f3 unas palabras de agradecimiento y menci\u00f3n especial<br>\u201c..nos encontramos transcurriendo un mes muy especial para la Instituci\u00f3n en recuerdo del conflicto del Atl\u00e1ntico Sur. Y por ello hemos querido compartir esta velada en conmemoraci\u00f3n del 41\u00b0 aniversario del Bautismo de Fuego de la Fuerza A\u00e9rea Argentina que fuera aquel 1\u00b0 de mayo de 1982, siempre manteniendo presente a aquellos h\u00e9roes que ofrendaron sus vidas por la Patria y que integran la lista m\u00e1s noble y sagrada de la Instituci\u00f3n, la de los 55, integrada por 36 oficiales, 14 suboficiales y 5 soldados\u2026.Y para cerrar esta tarde de concierto, aqu\u00ed en el Paseo Cultural Terminal Sur y homenajeando a nuestros h\u00e9roes de Malvinas, a nuestros veteranos de guerra, queremos regalarles esta bell\u00edsima obra, para que nuestra bandera flamee a lo largo y ancho de nuestro pa\u00eds y principalmente en nuestras Islas: la Marcha de las Malvinas\u201d.<\/p>\n\n\n\n<p>Fuente: elmarplatense.com<\/p>\n","protected":false},"excerpt":{"rendered":"","protected":false},"author":2,"featured_media":78147,"comment_status":"open","ping_status":"open","sticky":false,"template":"","format":"standard","meta":{"site-sidebar-layout":"default","site-content-layout":"","ast-site-content-layout":"default","site-content-style":"default","site-sidebar-style":"default","ast-global-header-display":"","ast-banner-title-visibility":"","ast-main-header-display":"","ast-hfb-above-header-display":"","ast-hfb-below-header-display":"","ast-hfb-mobile-header-display":"","site-post-title":"","ast-breadcrumbs-content":"","ast-featured-img":"","footer-sml-layout":"","ast-disable-related-posts":"","theme-transparent-header-meta":"","adv-header-id-meta":"","stick-header-meta":"","header-above-stick-meta":"","header-main-stick-meta":"","header-below-stick-meta":"","astra-migrate-meta-layouts":"default","ast-page-background-enabled":"default","ast-page-background-meta":{"desktop":{"background-color":"var(--ast-global-color-5)","background-image":"","background-repeat":"repeat","background-position":"center center","background-size":"auto","background-attachment":"scroll","background-type":"","background-media":"","overlay-type":"","overlay-color":"","overlay-opacity":"","overlay-gradient":""},"tablet":{"background-color":"","background-image":"","background-repeat":"repeat","background-position":"center center","background-size":"auto","background-attachment":"scroll","background-type":"","background-media":"","overlay-type":"","overlay-color":"","overlay-opacity":"","overlay-gradient":""},"mobile":{"background-color":"","background-image":"","background-repeat":"repeat","background-position":"center center","background-size":"auto","background-attachment":"scroll","background-type":"","background-media":"","overlay-type":"","overlay-color":"","overlay-opacity":"","overlay-gradient":""}},"ast-content-background-meta":{"desktop":{"background-color":"var(--ast-global-color-4)","background-image":"","background-repeat":"repeat","background-position":"center center","background-size":"auto","background-attachment":"scroll","background-type":"","background-media":"","overlay-type":"","overlay-color":"","overlay-opacity":"","overlay-gradient":""},"tablet":{"background-color":"var(--ast-global-color-4)","background-image":"","background-repeat":"repeat","background-position":"center center","background-size":"auto","background-attachment":"scroll","background-type":"","background-media":"","overlay-type":"","overlay-color":"","overlay-opacity":"","overlay-gradient":""},"mobile":{"background-color":"var(--ast-global-color-4)","background-image":"","background-repeat":"repeat","background-position":"center center","background-size":"auto","background-attachment":"scroll","background-type":"","background-media":"","overlay-type":"","overlay-color":"","overlay-opacity":"","overlay-gradient":""}},"footnotes":""},"categories":[11,19],"tags":[],"class_list":["post-78146","post","type-post","status-publish","format-standard","has-post-thumbnail","hentry","category-boletin","category-nacionales"],"yoast_head":"<!-- This site is optimized with the Yoast SEO Premium plugin v23.0 (Yoast SEO v27.4) - https:\/\/yoast.com\/product\/yoast-seo-premium-wordpress\/ -->\n<title>Concierto por el Bautismo de fuego de la Fuerza A\u00e9rea Argentina<\/title>\n<meta name=\"robots\" content=\"index, follow, max-snippet:-1, max-image-preview:large, max-video-preview:-1\" \/>\n<link rel=\"canonical\" href=\"https:\/\/patagoniambiental.com.ar\/info\/concierto-por-el-bautismo-de-fuego-de-la-fuerza-aerea-argentina\/\" \/>\n<meta property=\"og:locale\" content=\"es_ES\" \/>\n<meta property=\"og:type\" content=\"article\" \/>\n<meta property=\"og:title\" content=\"Concierto por el Bautismo de fuego de la Fuerza A\u00e9rea Argentina\" \/>\n<meta property=\"og:url\" content=\"https:\/\/patagoniambiental.com.ar\/info\/concierto-por-el-bautismo-de-fuego-de-la-fuerza-aerea-argentina\/\" \/>\n<meta property=\"og:site_name\" content=\"Patagonia Ambiental\" \/>\n<meta property=\"article:publisher\" content=\"https:\/\/www.facebook.com\/patagonia.ambiental\" \/>\n<meta property=\"article:author\" content=\"https:\/\/www.facebook.com\/share\/1C1V8Gv9BX\/?mibextid=qi2Omg\" \/>\n<meta property=\"article:published_time\" content=\"2023-05-15T22:00:00+00:00\" \/>\n<meta property=\"article:modified_time\" content=\"2024-08-17T03:21:25+00:00\" \/>\n<meta property=\"og:image\" content=\"https:\/\/patagoniambiental.com.ar\/info\/wp-content\/uploads\/2023\/05\/bautismo-a-fuego-fuerza-aerea-concierto-2.jpg\" \/>\n\t<meta property=\"og:image:width\" content=\"850\" \/>\n\t<meta property=\"og:image:height\" content=\"560\" \/>\n\t<meta property=\"og:image:type\" content=\"image\/jpeg\" \/>\n<meta name=\"author\" content=\"Patagonia Ambiental\" \/>\n<meta name=\"twitter:card\" content=\"summary_large_image\" \/>\n<meta name=\"twitter:creator\" content=\"@PatAmb\" \/>\n<meta name=\"twitter:site\" content=\"@PatAmb\" \/>\n<script type=\"application\/ld+json\" class=\"yoast-schema-graph\">{\"@context\":\"https:\\\/\\\/schema.org\",\"@graph\":[{\"@type\":\"Article\",\"@id\":\"https:\\\/\\\/patagoniambiental.com.ar\\\/info\\\/concierto-por-el-bautismo-de-fuego-de-la-fuerza-aerea-argentina\\\/#article\",\"isPartOf\":{\"@id\":\"https:\\\/\\\/patagoniambiental.com.ar\\\/info\\\/concierto-por-el-bautismo-de-fuego-de-la-fuerza-aerea-argentina\\\/\"},\"author\":{\"name\":\"Patagonia Ambiental\",\"@id\":\"https:\\\/\\\/patagoniambiental.com.ar\\\/info\\\/#\\\/schema\\\/person\\\/db12bff64bbcbf6a253710bf0ea37b5d\"},\"headline\":\"Concierto por el Bautismo de fuego de la Fuerza A\u00e9rea Argentina\",\"datePublished\":\"2023-05-15T22:00:00+00:00\",\"dateModified\":\"2024-08-17T03:21:25+00:00\",\"mainEntityOfPage\":{\"@id\":\"https:\\\/\\\/patagoniambiental.com.ar\\\/info\\\/concierto-por-el-bautismo-de-fuego-de-la-fuerza-aerea-argentina\\\/\"},\"wordCount\":1179,\"commentCount\":0,\"publisher\":{\"@id\":\"https:\\\/\\\/patagoniambiental.com.ar\\\/info\\\/#organization\"},\"image\":{\"@id\":\"https:\\\/\\\/patagoniambiental.com.ar\\\/info\\\/concierto-por-el-bautismo-de-fuego-de-la-fuerza-aerea-argentina\\\/#primaryimage\"},\"thumbnailUrl\":\"https:\\\/\\\/patagoniambiental.com.ar\\\/info\\\/wp-content\\\/uploads\\\/2023\\\/05\\\/bautismo-a-fuego-fuerza-aerea-concierto-2.jpg\",\"articleSection\":[\"Bolet\u00edn\",\"Nacionales\"],\"inLanguage\":\"es\",\"potentialAction\":[{\"@type\":\"CommentAction\",\"name\":\"Comment\",\"target\":[\"https:\\\/\\\/patagoniambiental.com.ar\\\/info\\\/concierto-por-el-bautismo-de-fuego-de-la-fuerza-aerea-argentina\\\/#respond\"]}]},{\"@type\":\"WebPage\",\"@id\":\"https:\\\/\\\/patagoniambiental.com.ar\\\/info\\\/concierto-por-el-bautismo-de-fuego-de-la-fuerza-aerea-argentina\\\/\",\"url\":\"https:\\\/\\\/patagoniambiental.com.ar\\\/info\\\/concierto-por-el-bautismo-de-fuego-de-la-fuerza-aerea-argentina\\\/\",\"name\":\"Concierto por el Bautismo de fuego de la Fuerza A\u00e9rea Argentina\",\"isPartOf\":{\"@id\":\"https:\\\/\\\/patagoniambiental.com.ar\\\/info\\\/#website\"},\"primaryImageOfPage\":{\"@id\":\"https:\\\/\\\/patagoniambiental.com.ar\\\/info\\\/concierto-por-el-bautismo-de-fuego-de-la-fuerza-aerea-argentina\\\/#primaryimage\"},\"image\":{\"@id\":\"https:\\\/\\\/patagoniambiental.com.ar\\\/info\\\/concierto-por-el-bautismo-de-fuego-de-la-fuerza-aerea-argentina\\\/#primaryimage\"},\"thumbnailUrl\":\"https:\\\/\\\/patagoniambiental.com.ar\\\/info\\\/wp-content\\\/uploads\\\/2023\\\/05\\\/bautismo-a-fuego-fuerza-aerea-concierto-2.jpg\",\"datePublished\":\"2023-05-15T22:00:00+00:00\",\"dateModified\":\"2024-08-17T03:21:25+00:00\",\"breadcrumb\":{\"@id\":\"https:\\\/\\\/patagoniambiental.com.ar\\\/info\\\/concierto-por-el-bautismo-de-fuego-de-la-fuerza-aerea-argentina\\\/#breadcrumb\"},\"inLanguage\":\"es\",\"potentialAction\":[{\"@type\":\"ReadAction\",\"target\":[\"https:\\\/\\\/patagoniambiental.com.ar\\\/info\\\/concierto-por-el-bautismo-de-fuego-de-la-fuerza-aerea-argentina\\\/\"]}]},{\"@type\":\"ImageObject\",\"inLanguage\":\"es\",\"@id\":\"https:\\\/\\\/patagoniambiental.com.ar\\\/info\\\/concierto-por-el-bautismo-de-fuego-de-la-fuerza-aerea-argentina\\\/#primaryimage\",\"url\":\"https:\\\/\\\/patagoniambiental.com.ar\\\/info\\\/wp-content\\\/uploads\\\/2023\\\/05\\\/bautismo-a-fuego-fuerza-aerea-concierto-2.jpg\",\"contentUrl\":\"https:\\\/\\\/patagoniambiental.com.ar\\\/info\\\/wp-content\\\/uploads\\\/2023\\\/05\\\/bautismo-a-fuego-fuerza-aerea-concierto-2.jpg\",\"width\":850,\"height\":560},{\"@type\":\"BreadcrumbList\",\"@id\":\"https:\\\/\\\/patagoniambiental.com.ar\\\/info\\\/concierto-por-el-bautismo-de-fuego-de-la-fuerza-aerea-argentina\\\/#breadcrumb\",\"itemListElement\":[{\"@type\":\"ListItem\",\"position\":1,\"name\":\"Inicio\",\"item\":\"https:\\\/\\\/patagoniambiental.com.ar\\\/info\\\/\"},{\"@type\":\"ListItem\",\"position\":2,\"name\":\"Concierto por el Bautismo de fuego de la Fuerza A\u00e9rea Argentina\"}]},{\"@type\":\"WebSite\",\"@id\":\"https:\\\/\\\/patagoniambiental.com.ar\\\/info\\\/#website\",\"url\":\"https:\\\/\\\/patagoniambiental.com.ar\\\/info\\\/\",\"name\":\"Patagonia Ambiental\",\"description\":\"Monitoreo y an\u00e1lisis de la situaci\u00f3n geopol\u00edtica en el mundo y su implicancia en la Patagonia\",\"publisher\":{\"@id\":\"https:\\\/\\\/patagoniambiental.com.ar\\\/info\\\/#organization\"},\"potentialAction\":[{\"@type\":\"SearchAction\",\"target\":{\"@type\":\"EntryPoint\",\"urlTemplate\":\"https:\\\/\\\/patagoniambiental.com.ar\\\/info\\\/?s={search_term_string}\"},\"query-input\":{\"@type\":\"PropertyValueSpecification\",\"valueRequired\":true,\"valueName\":\"search_term_string\"}}],\"inLanguage\":\"es\"},{\"@type\":\"Organization\",\"@id\":\"https:\\\/\\\/patagoniambiental.com.ar\\\/info\\\/#organization\",\"name\":\"Patagonia Ambiental\",\"url\":\"https:\\\/\\\/patagoniambiental.com.ar\\\/info\\\/\",\"logo\":{\"@type\":\"ImageObject\",\"inLanguage\":\"es\",\"@id\":\"https:\\\/\\\/patagoniambiental.com.ar\\\/info\\\/#\\\/schema\\\/logo\\\/image\\\/\",\"url\":\"https:\\\/\\\/patagoniambiental.com.ar\\\/info\\\/wp-content\\\/uploads\\\/2025\\\/05\\\/LOGO-PATAGONIA-AMBIENTAL.png\",\"contentUrl\":\"https:\\\/\\\/patagoniambiental.com.ar\\\/info\\\/wp-content\\\/uploads\\\/2025\\\/05\\\/LOGO-PATAGONIA-AMBIENTAL.png\",\"width\":433,\"height\":250,\"caption\":\"Patagonia Ambiental\"},\"image\":{\"@id\":\"https:\\\/\\\/patagoniambiental.com.ar\\\/info\\\/#\\\/schema\\\/logo\\\/image\\\/\"},\"sameAs\":[\"https:\\\/\\\/www.facebook.com\\\/patagonia.ambiental\",\"https:\\\/\\\/x.com\\\/PatAmb\"]},{\"@type\":\"Person\",\"@id\":\"https:\\\/\\\/patagoniambiental.com.ar\\\/info\\\/#\\\/schema\\\/person\\\/db12bff64bbcbf6a253710bf0ea37b5d\",\"name\":\"Patagonia Ambiental\",\"description\":\"Andr\u00e9s Nievas T\u00e9cnico en manejo ambiental, consultor Ambiental y escritor para medios locales e internacionales sobre temas de geopolitica y medio ambiente.\",\"sameAs\":[\"http:\\\/\\\/www.patagoniambiental.com.ar\",\"https:\\\/\\\/www.facebook.com\\\/share\\\/1C1V8Gv9BX\\\/?mibextid=qi2Omg\",\"@patagoniambiental\",\"https:\\\/\\\/youtube.com\\\/@patagoniaambiental2023?si=BLt58t0wuXquxlYZ\"]}]}<\/script>\n<!-- \/ Yoast SEO Premium plugin. -->","yoast_head_json":{"title":"Concierto por el Bautismo de fuego de la Fuerza A\u00e9rea Argentina","robots":{"index":"index","follow":"follow","max-snippet":"max-snippet:-1","max-image-preview":"max-image-preview:large","max-video-preview":"max-video-preview:-1"},"canonical":"https:\/\/patagoniambiental.com.ar\/info\/concierto-por-el-bautismo-de-fuego-de-la-fuerza-aerea-argentina\/","og_locale":"es_ES","og_type":"article","og_title":"Concierto por el Bautismo de fuego de la Fuerza A\u00e9rea Argentina","og_url":"https:\/\/patagoniambiental.com.ar\/info\/concierto-por-el-bautismo-de-fuego-de-la-fuerza-aerea-argentina\/","og_site_name":"Patagonia Ambiental","article_publisher":"https:\/\/www.facebook.com\/patagonia.ambiental","article_author":"https:\/\/www.facebook.com\/share\/1C1V8Gv9BX\/?mibextid=qi2Omg","article_published_time":"2023-05-15T22:00:00+00:00","article_modified_time":"2024-08-17T03:21:25+00:00","og_image":[{"width":850,"height":560,"url":"https:\/\/patagoniambiental.com.ar\/info\/wp-content\/uploads\/2023\/05\/bautismo-a-fuego-fuerza-aerea-concierto-2.jpg","type":"image\/jpeg"}],"author":"Patagonia Ambiental","twitter_card":"summary_large_image","twitter_creator":"@PatAmb","twitter_site":"@PatAmb","schema":{"@context":"https:\/\/schema.org","@graph":[{"@type":"Article","@id":"https:\/\/patagoniambiental.com.ar\/info\/concierto-por-el-bautismo-de-fuego-de-la-fuerza-aerea-argentina\/#article","isPartOf":{"@id":"https:\/\/patagoniambiental.com.ar\/info\/concierto-por-el-bautismo-de-fuego-de-la-fuerza-aerea-argentina\/"},"author":{"name":"Patagonia Ambiental","@id":"https:\/\/patagoniambiental.com.ar\/info\/#\/schema\/person\/db12bff64bbcbf6a253710bf0ea37b5d"},"headline":"Concierto por el Bautismo de fuego de la Fuerza A\u00e9rea Argentina","datePublished":"2023-05-15T22:00:00+00:00","dateModified":"2024-08-17T03:21:25+00:00","mainEntityOfPage":{"@id":"https:\/\/patagoniambiental.com.ar\/info\/concierto-por-el-bautismo-de-fuego-de-la-fuerza-aerea-argentina\/"},"wordCount":1179,"commentCount":0,"publisher":{"@id":"https:\/\/patagoniambiental.com.ar\/info\/#organization"},"image":{"@id":"https:\/\/patagoniambiental.com.ar\/info\/concierto-por-el-bautismo-de-fuego-de-la-fuerza-aerea-argentina\/#primaryimage"},"thumbnailUrl":"https:\/\/patagoniambiental.com.ar\/info\/wp-content\/uploads\/2023\/05\/bautismo-a-fuego-fuerza-aerea-concierto-2.jpg","articleSection":["Bolet\u00edn","Nacionales"],"inLanguage":"es","potentialAction":[{"@type":"CommentAction","name":"Comment","target":["https:\/\/patagoniambiental.com.ar\/info\/concierto-por-el-bautismo-de-fuego-de-la-fuerza-aerea-argentina\/#respond"]}]},{"@type":"WebPage","@id":"https:\/\/patagoniambiental.com.ar\/info\/concierto-por-el-bautismo-de-fuego-de-la-fuerza-aerea-argentina\/","url":"https:\/\/patagoniambiental.com.ar\/info\/concierto-por-el-bautismo-de-fuego-de-la-fuerza-aerea-argentina\/","name":"Concierto por el Bautismo de fuego de la Fuerza A\u00e9rea Argentina","isPartOf":{"@id":"https:\/\/patagoniambiental.com.ar\/info\/#website"},"primaryImageOfPage":{"@id":"https:\/\/patagoniambiental.com.ar\/info\/concierto-por-el-bautismo-de-fuego-de-la-fuerza-aerea-argentina\/#primaryimage"},"image":{"@id":"https:\/\/patagoniambiental.com.ar\/info\/concierto-por-el-bautismo-de-fuego-de-la-fuerza-aerea-argentina\/#primaryimage"},"thumbnailUrl":"https:\/\/patagoniambiental.com.ar\/info\/wp-content\/uploads\/2023\/05\/bautismo-a-fuego-fuerza-aerea-concierto-2.jpg","datePublished":"2023-05-15T22:00:00+00:00","dateModified":"2024-08-17T03:21:25+00:00","breadcrumb":{"@id":"https:\/\/patagoniambiental.com.ar\/info\/concierto-por-el-bautismo-de-fuego-de-la-fuerza-aerea-argentina\/#breadcrumb"},"inLanguage":"es","potentialAction":[{"@type":"ReadAction","target":["https:\/\/patagoniambiental.com.ar\/info\/concierto-por-el-bautismo-de-fuego-de-la-fuerza-aerea-argentina\/"]}]},{"@type":"ImageObject","inLanguage":"es","@id":"https:\/\/patagoniambiental.com.ar\/info\/concierto-por-el-bautismo-de-fuego-de-la-fuerza-aerea-argentina\/#primaryimage","url":"https:\/\/patagoniambiental.com.ar\/info\/wp-content\/uploads\/2023\/05\/bautismo-a-fuego-fuerza-aerea-concierto-2.jpg","contentUrl":"https:\/\/patagoniambiental.com.ar\/info\/wp-content\/uploads\/2023\/05\/bautismo-a-fuego-fuerza-aerea-concierto-2.jpg","width":850,"height":560},{"@type":"BreadcrumbList","@id":"https:\/\/patagoniambiental.com.ar\/info\/concierto-por-el-bautismo-de-fuego-de-la-fuerza-aerea-argentina\/#breadcrumb","itemListElement":[{"@type":"ListItem","position":1,"name":"Inicio","item":"https:\/\/patagoniambiental.com.ar\/info\/"},{"@type":"ListItem","position":2,"name":"Concierto por el Bautismo de fuego de la Fuerza A\u00e9rea Argentina"}]},{"@type":"WebSite","@id":"https:\/\/patagoniambiental.com.ar\/info\/#website","url":"https:\/\/patagoniambiental.com.ar\/info\/","name":"Patagonia Ambiental","description":"Monitoreo y an\u00e1lisis de la situaci\u00f3n geopol\u00edtica en el mundo y su implicancia en la Patagonia","publisher":{"@id":"https:\/\/patagoniambiental.com.ar\/info\/#organization"},"potentialAction":[{"@type":"SearchAction","target":{"@type":"EntryPoint","urlTemplate":"https:\/\/patagoniambiental.com.ar\/info\/?s={search_term_string}"},"query-input":{"@type":"PropertyValueSpecification","valueRequired":true,"valueName":"search_term_string"}}],"inLanguage":"es"},{"@type":"Organization","@id":"https:\/\/patagoniambiental.com.ar\/info\/#organization","name":"Patagonia Ambiental","url":"https:\/\/patagoniambiental.com.ar\/info\/","logo":{"@type":"ImageObject","inLanguage":"es","@id":"https:\/\/patagoniambiental.com.ar\/info\/#\/schema\/logo\/image\/","url":"https:\/\/patagoniambiental.com.ar\/info\/wp-content\/uploads\/2025\/05\/LOGO-PATAGONIA-AMBIENTAL.png","contentUrl":"https:\/\/patagoniambiental.com.ar\/info\/wp-content\/uploads\/2025\/05\/LOGO-PATAGONIA-AMBIENTAL.png","width":433,"height":250,"caption":"Patagonia Ambiental"},"image":{"@id":"https:\/\/patagoniambiental.com.ar\/info\/#\/schema\/logo\/image\/"},"sameAs":["https:\/\/www.facebook.com\/patagonia.ambiental","https:\/\/x.com\/PatAmb"]},{"@type":"Person","@id":"https:\/\/patagoniambiental.com.ar\/info\/#\/schema\/person\/db12bff64bbcbf6a253710bf0ea37b5d","name":"Patagonia Ambiental","description":"Andr\u00e9s Nievas T\u00e9cnico en manejo ambiental, consultor Ambiental y escritor para medios locales e internacionales sobre temas de geopolitica y medio ambiente.","sameAs":["http:\/\/www.patagoniambiental.com.ar","https:\/\/www.facebook.com\/share\/1C1V8Gv9BX\/?mibextid=qi2Omg","@patagoniambiental","https:\/\/youtube.com\/@patagoniaambiental2023?si=BLt58t0wuXquxlYZ"]}]}},"_links":{"self":[{"href":"https:\/\/patagoniambiental.com.ar\/info\/wp-json\/wp\/v2\/posts\/78146","targetHints":{"allow":["GET"]}}],"collection":[{"href":"https:\/\/patagoniambiental.com.ar\/info\/wp-json\/wp\/v2\/posts"}],"about":[{"href":"https:\/\/patagoniambiental.com.ar\/info\/wp-json\/wp\/v2\/types\/post"}],"author":[{"embeddable":true,"href":"https:\/\/patagoniambiental.com.ar\/info\/wp-json\/wp\/v2\/users\/2"}],"replies":[{"embeddable":true,"href":"https:\/\/patagoniambiental.com.ar\/info\/wp-json\/wp\/v2\/comments?post=78146"}],"version-history":[{"count":0,"href":"https:\/\/patagoniambiental.com.ar\/info\/wp-json\/wp\/v2\/posts\/78146\/revisions"}],"wp:featuredmedia":[{"embeddable":true,"href":"https:\/\/patagoniambiental.com.ar\/info\/wp-json\/wp\/v2\/media\/78147"}],"wp:attachment":[{"href":"https:\/\/patagoniambiental.com.ar\/info\/wp-json\/wp\/v2\/media?parent=78146"}],"wp:term":[{"taxonomy":"category","embeddable":true,"href":"https:\/\/patagoniambiental.com.ar\/info\/wp-json\/wp\/v2\/categories?post=78146"},{"taxonomy":"post_tag","embeddable":true,"href":"https:\/\/patagoniambiental.com.ar\/info\/wp-json\/wp\/v2\/tags?post=78146"}],"curies":[{"name":"wp","href":"https:\/\/api.w.org\/{rel}","templated":true}]}}