{"id":78286,"date":"2023-05-22T19:00:00","date_gmt":"2023-05-22T22:00:00","guid":{"rendered":"https:\/\/patagoniambiental.com.ar\/info\/?p=78286"},"modified":"2024-08-16T23:54:37","modified_gmt":"2024-08-17T02:54:37","slug":"nuevo-impulso-al-turismo-en-tierra-del-fuego","status":"publish","type":"post","link":"https:\/\/patagoniambiental.com.ar\/info\/nuevo-impulso-al-turismo-en-tierra-del-fuego\/","title":{"rendered":"Nuevo impulso al turismo en Tierra del Fuego"},"content":{"rendered":"\n<!--more-->\n\n\n\n<p><strong>USHUAIA.-\u00a0<\/strong>Con la presencia del secretario de Turismo de Naci\u00f3n, Mat\u00edas Lemm, el gobernador Gustavo Melella, y la vicegobernadora y presidente del Parlamento, M\u00f3nica Urquiza, el acto de inauguraci\u00f3n del nuevo mirador del valle Carbajal, ubicado en el kil\u00f3metro 3.042 de la ruta nacional N\u00ba 3. \u201cLas obras de infraestructura en el sector, impulsan el desarrollo de la econom\u00eda fueguina\u201d, dijo Urquiza.<\/p>\n\n\n\n<p>En un acto cargado de emociones y expectativas, el gobernador de Tierra del Fuego, Gustavo Melella, junto a la vicegobernadora y presidente del Parlamento, M\u00f3nica Urquiza, inauguraron el nuevo mirador del valle Carbajal, ubicado en el kil\u00f3metro 3.042 de la ruta nacional N\u00ba 3. El evento cont\u00f3 con la presencia del ministro de Turismo y Deportes de la Naci\u00f3n, Mat\u00edas Lammens, y otras destacadas autoridades del \u00e1mbito tur\u00edstico.<\/p>\n\n\n\n<p>Durante la ceremonia, la vicegobernadora Urquiza destac\u00f3 la importancia de las obras de los Miradores de los Valles Fueguinos como un impulso al sector tur\u00edstico. \u00abEstas obras visibilizan el esfuerzo tanto del gobierno provincial como del gobierno nacional por promover el turismo en la regi\u00f3n\u00bb, afirm\u00f3 Urquiza. Adem\u00e1s, hizo hincapi\u00e9 en la necesidad de generar accesibilidad para todos los visitantes que eligen disfrutar de los paisajes \u00abinvaluables\u00bb de Tierra del Fuego.<\/p>\n\n\n\n<p>Por su parte, el ministro Mat\u00edas Lammens resalt\u00f3 el enfoque federal del gobierno nacional en el desarrollo tur\u00edstico. Lammens record\u00f3 que el proyecto de los Miradores fue uno de los primeros en el marco del Programa 50 Destinos. \u00abEstas obras no solo mejoran la experiencia de los turistas, sino que tambi\u00e9n promueven la interacci\u00f3n entre el sector p\u00fablico y privado, generando crecimiento\u00bb, afirm\u00f3 el funcionario.<\/p>\n\n\n\n<p>La obra del mirador los valles Carbajal, que cuenta con instalaciones de accesibilidad, sanitarios, estacionamiento, iluminaci\u00f3n y paneles interpretativos del paisaje, fue financiada a trav\u00e9s del programa nacional de inversiones tur\u00edsticas \u00ab50 Destinos\u00bb del Ministerio de Turismo y Deportes, en colaboraci\u00f3n con el Gobierno de la Provincia a trav\u00e9s del Instituto Fueguino de Turismo (INFUETUR).<\/p>\n\n\n\n<p>Con la inauguraci\u00f3n de este mirador, se completa una etapa m\u00e1s en el proyecto de los Miradores de los Valles Fueguinos. El mirador Paso Beban, inaugurado en junio del a\u00f1o pasado y ubicado a 1,5 km al norte del mirador del valle Carbajal, se suma ahora al circuito de miradores tur\u00edsticos.<\/p>\n\n\n\n<p>El evento concluy\u00f3 con la tradicional ceremonia de corte de cinta y la revelaci\u00f3n de una placa conmemorativa, marcando oficialmente la apertura del \u00abMirador de los Valles Fueguinos\u00bb. Asistieron al acto el titular del INFUETUR, Dante Querciali, autoridades del Ministerio de Turismo y Deportes a nivel nacional, profesionales del sector tur\u00edstico y representantes de empresas vinculadas al turismo en Tierra del Fuego.<\/p>\n\n\n\n<p>La concreci\u00f3n de los Miradores de los Valles Fueguinos representa un hito para la promoci\u00f3n tur\u00edstica de la regi\u00f3n, impulsando el crecimiento econ\u00f3mico y fomentando la preservaci\u00f3n y valorizaci\u00f3n de los paisajes \u00fanicos de Tierra del Fuego.<\/p>\n\n\n\n<p>Fuente: www.delfuegonoticias.com.ar<\/p>\n","protected":false},"excerpt":{"rendered":"","protected":false},"author":2,"featured_media":78287,"comment_status":"open","ping_status":"open","sticky":false,"template":"","format":"standard","meta":{"site-sidebar-layout":"default","site-content-layout":"","ast-site-content-layout":"default","site-content-style":"default","site-sidebar-style":"default","ast-global-header-display":"","ast-banner-title-visibility":"","ast-main-header-display":"","ast-hfb-above-header-display":"","ast-hfb-below-header-display":"","ast-hfb-mobile-header-display":"","site-post-title":"","ast-breadcrumbs-content":"","ast-featured-img":"","footer-sml-layout":"","ast-disable-related-posts":"","theme-transparent-header-meta":"","adv-header-id-meta":"","stick-header-meta":"","header-above-stick-meta":"","header-main-stick-meta":"","header-below-stick-meta":"","astra-migrate-meta-layouts":"default","ast-page-background-enabled":"default","ast-page-background-meta":{"desktop":{"background-color":"var(--ast-global-color-5)","background-image":"","background-repeat":"repeat","background-position":"center center","background-size":"auto","background-attachment":"scroll","background-type":"","background-media":"","overlay-type":"","overlay-color":"","overlay-opacity":"","overlay-gradient":""},"tablet":{"background-color":"","background-image":"","background-repeat":"repeat","background-position":"center center","background-size":"auto","background-attachment":"scroll","background-type":"","background-media":"","overlay-type":"","overlay-color":"","overlay-opacity":"","overlay-gradient":""},"mobile":{"background-color":"","background-image":"","background-repeat":"repeat","background-position":"center center","background-size":"auto","background-attachment":"scroll","background-type":"","background-media":"","overlay-type":"","overlay-color":"","overlay-opacity":"","overlay-gradient":""}},"ast-content-background-meta":{"desktop":{"background-color":"var(--ast-global-color-4)","background-image":"","background-repeat":"repeat","background-position":"center center","background-size":"auto","background-attachment":"scroll","background-type":"","background-media":"","overlay-type":"","overlay-color":"","overlay-opacity":"","overlay-gradient":""},"tablet":{"background-color":"var(--ast-global-color-4)","background-image":"","background-repeat":"repeat","background-position":"center center","background-size":"auto","background-attachment":"scroll","background-type":"","background-media":"","overlay-type":"","overlay-color":"","overlay-opacity":"","overlay-gradient":""},"mobile":{"background-color":"var(--ast-global-color-4)","background-image":"","background-repeat":"repeat","background-position":"center center","background-size":"auto","background-attachment":"scroll","background-type":"","background-media":"","overlay-type":"","overlay-color":"","overlay-opacity":"","overlay-gradient":""}},"footnotes":""},"categories":[13],"tags":[],"class_list":["post-78286","post","type-post","status-publish","format-standard","has-post-thumbnail","hentry","category-provinciales"],"yoast_head":"<!-- This site is optimized with the Yoast SEO Premium plugin v23.0 (Yoast SEO v27.4) - https:\/\/yoast.com\/product\/yoast-seo-premium-wordpress\/ -->\n<title>Nuevo impulso al turismo en Tierra del Fuego<\/title>\n<meta name=\"robots\" content=\"index, follow, max-snippet:-1, max-image-preview:large, max-video-preview:-1\" \/>\n<link rel=\"canonical\" href=\"https:\/\/patagoniambiental.com.ar\/info\/nuevo-impulso-al-turismo-en-tierra-del-fuego\/\" \/>\n<meta property=\"og:locale\" content=\"es_ES\" \/>\n<meta property=\"og:type\" content=\"article\" \/>\n<meta property=\"og:title\" content=\"Nuevo impulso al turismo en Tierra del Fuego\" \/>\n<meta property=\"og:url\" content=\"https:\/\/patagoniambiental.com.ar\/info\/nuevo-impulso-al-turismo-en-tierra-del-fuego\/\" \/>\n<meta property=\"og:site_name\" content=\"Patagonia Ambiental\" \/>\n<meta property=\"article:publisher\" content=\"https:\/\/www.facebook.com\/patagonia.ambiental\" \/>\n<meta property=\"article:author\" content=\"https:\/\/www.facebook.com\/share\/1C1V8Gv9BX\/?mibextid=qi2Omg\" \/>\n<meta property=\"article:published_time\" content=\"2023-05-22T22:00:00+00:00\" \/>\n<meta property=\"article:modified_time\" content=\"2024-08-17T02:54:37+00:00\" \/>\n<meta property=\"og:image\" content=\"https:\/\/patagoniambiental.com.ar\/info\/wp-content\/uploads\/2023\/05\/x42608-nuevo-impulso-al-turismo-en-tierra-del-fuego.jpg.pagespeed.ic_.xPQKmTCQoD.jpg\" \/>\n\t<meta property=\"og:image:width\" content=\"1424\" \/>\n\t<meta property=\"og:image:height\" content=\"950\" \/>\n\t<meta property=\"og:image:type\" content=\"image\/jpeg\" \/>\n<meta name=\"author\" content=\"Patagonia Ambiental\" \/>\n<meta name=\"twitter:card\" content=\"summary_large_image\" \/>\n<meta name=\"twitter:creator\" content=\"@PatAmb\" \/>\n<meta name=\"twitter:site\" content=\"@PatAmb\" \/>\n<script type=\"application\/ld+json\" class=\"yoast-schema-graph\">{\"@context\":\"https:\\\/\\\/schema.org\",\"@graph\":[{\"@type\":\"Article\",\"@id\":\"https:\\\/\\\/patagoniambiental.com.ar\\\/info\\\/nuevo-impulso-al-turismo-en-tierra-del-fuego\\\/#article\",\"isPartOf\":{\"@id\":\"https:\\\/\\\/patagoniambiental.com.ar\\\/info\\\/nuevo-impulso-al-turismo-en-tierra-del-fuego\\\/\"},\"author\":{\"name\":\"Patagonia Ambiental\",\"@id\":\"https:\\\/\\\/patagoniambiental.com.ar\\\/info\\\/#\\\/schema\\\/person\\\/db12bff64bbcbf6a253710bf0ea37b5d\"},\"headline\":\"Nuevo impulso al turismo en Tierra del Fuego\",\"datePublished\":\"2023-05-22T22:00:00+00:00\",\"dateModified\":\"2024-08-17T02:54:37+00:00\",\"mainEntityOfPage\":{\"@id\":\"https:\\\/\\\/patagoniambiental.com.ar\\\/info\\\/nuevo-impulso-al-turismo-en-tierra-del-fuego\\\/\"},\"wordCount\":515,\"commentCount\":0,\"publisher\":{\"@id\":\"https:\\\/\\\/patagoniambiental.com.ar\\\/info\\\/#organization\"},\"image\":{\"@id\":\"https:\\\/\\\/patagoniambiental.com.ar\\\/info\\\/nuevo-impulso-al-turismo-en-tierra-del-fuego\\\/#primaryimage\"},\"thumbnailUrl\":\"https:\\\/\\\/patagoniambiental.com.ar\\\/info\\\/wp-content\\\/uploads\\\/2023\\\/05\\\/x42608-nuevo-impulso-al-turismo-en-tierra-del-fuego.jpg.pagespeed.ic_.xPQKmTCQoD.jpg\",\"articleSection\":[\"Provinciales\"],\"inLanguage\":\"es\",\"potentialAction\":[{\"@type\":\"CommentAction\",\"name\":\"Comment\",\"target\":[\"https:\\\/\\\/patagoniambiental.com.ar\\\/info\\\/nuevo-impulso-al-turismo-en-tierra-del-fuego\\\/#respond\"]}]},{\"@type\":\"WebPage\",\"@id\":\"https:\\\/\\\/patagoniambiental.com.ar\\\/info\\\/nuevo-impulso-al-turismo-en-tierra-del-fuego\\\/\",\"url\":\"https:\\\/\\\/patagoniambiental.com.ar\\\/info\\\/nuevo-impulso-al-turismo-en-tierra-del-fuego\\\/\",\"name\":\"Nuevo impulso al turismo en Tierra del Fuego\",\"isPartOf\":{\"@id\":\"https:\\\/\\\/patagoniambiental.com.ar\\\/info\\\/#website\"},\"primaryImageOfPage\":{\"@id\":\"https:\\\/\\\/patagoniambiental.com.ar\\\/info\\\/nuevo-impulso-al-turismo-en-tierra-del-fuego\\\/#primaryimage\"},\"image\":{\"@id\":\"https:\\\/\\\/patagoniambiental.com.ar\\\/info\\\/nuevo-impulso-al-turismo-en-tierra-del-fuego\\\/#primaryimage\"},\"thumbnailUrl\":\"https:\\\/\\\/patagoniambiental.com.ar\\\/info\\\/wp-content\\\/uploads\\\/2023\\\/05\\\/x42608-nuevo-impulso-al-turismo-en-tierra-del-fuego.jpg.pagespeed.ic_.xPQKmTCQoD.jpg\",\"datePublished\":\"2023-05-22T22:00:00+00:00\",\"dateModified\":\"2024-08-17T02:54:37+00:00\",\"breadcrumb\":{\"@id\":\"https:\\\/\\\/patagoniambiental.com.ar\\\/info\\\/nuevo-impulso-al-turismo-en-tierra-del-fuego\\\/#breadcrumb\"},\"inLanguage\":\"es\",\"potentialAction\":[{\"@type\":\"ReadAction\",\"target\":[\"https:\\\/\\\/patagoniambiental.com.ar\\\/info\\\/nuevo-impulso-al-turismo-en-tierra-del-fuego\\\/\"]}]},{\"@type\":\"ImageObject\",\"inLanguage\":\"es\",\"@id\":\"https:\\\/\\\/patagoniambiental.com.ar\\\/info\\\/nuevo-impulso-al-turismo-en-tierra-del-fuego\\\/#primaryimage\",\"url\":\"https:\\\/\\\/patagoniambiental.com.ar\\\/info\\\/wp-content\\\/uploads\\\/2023\\\/05\\\/x42608-nuevo-impulso-al-turismo-en-tierra-del-fuego.jpg.pagespeed.ic_.xPQKmTCQoD.jpg\",\"contentUrl\":\"https:\\\/\\\/patagoniambiental.com.ar\\\/info\\\/wp-content\\\/uploads\\\/2023\\\/05\\\/x42608-nuevo-impulso-al-turismo-en-tierra-del-fuego.jpg.pagespeed.ic_.xPQKmTCQoD.jpg\",\"width\":899,\"height\":600},{\"@type\":\"BreadcrumbList\",\"@id\":\"https:\\\/\\\/patagoniambiental.com.ar\\\/info\\\/nuevo-impulso-al-turismo-en-tierra-del-fuego\\\/#breadcrumb\",\"itemListElement\":[{\"@type\":\"ListItem\",\"position\":1,\"name\":\"Inicio\",\"item\":\"https:\\\/\\\/patagoniambiental.com.ar\\\/info\\\/\"},{\"@type\":\"ListItem\",\"position\":2,\"name\":\"Nuevo impulso al turismo en Tierra del Fuego\"}]},{\"@type\":\"WebSite\",\"@id\":\"https:\\\/\\\/patagoniambiental.com.ar\\\/info\\\/#website\",\"url\":\"https:\\\/\\\/patagoniambiental.com.ar\\\/info\\\/\",\"name\":\"Patagonia Ambiental\",\"description\":\"Monitoreo y an\u00e1lisis de la situaci\u00f3n geopol\u00edtica en el mundo y su implicancia en la Patagonia\",\"publisher\":{\"@id\":\"https:\\\/\\\/patagoniambiental.com.ar\\\/info\\\/#organization\"},\"potentialAction\":[{\"@type\":\"SearchAction\",\"target\":{\"@type\":\"EntryPoint\",\"urlTemplate\":\"https:\\\/\\\/patagoniambiental.com.ar\\\/info\\\/?s={search_term_string}\"},\"query-input\":{\"@type\":\"PropertyValueSpecification\",\"valueRequired\":true,\"valueName\":\"search_term_string\"}}],\"inLanguage\":\"es\"},{\"@type\":\"Organization\",\"@id\":\"https:\\\/\\\/patagoniambiental.com.ar\\\/info\\\/#organization\",\"name\":\"Patagonia Ambiental\",\"url\":\"https:\\\/\\\/patagoniambiental.com.ar\\\/info\\\/\",\"logo\":{\"@type\":\"ImageObject\",\"inLanguage\":\"es\",\"@id\":\"https:\\\/\\\/patagoniambiental.com.ar\\\/info\\\/#\\\/schema\\\/logo\\\/image\\\/\",\"url\":\"https:\\\/\\\/patagoniambiental.com.ar\\\/info\\\/wp-content\\\/uploads\\\/2025\\\/05\\\/LOGO-PATAGONIA-AMBIENTAL.png\",\"contentUrl\":\"https:\\\/\\\/patagoniambiental.com.ar\\\/info\\\/wp-content\\\/uploads\\\/2025\\\/05\\\/LOGO-PATAGONIA-AMBIENTAL.png\",\"width\":433,\"height\":250,\"caption\":\"Patagonia Ambiental\"},\"image\":{\"@id\":\"https:\\\/\\\/patagoniambiental.com.ar\\\/info\\\/#\\\/schema\\\/logo\\\/image\\\/\"},\"sameAs\":[\"https:\\\/\\\/www.facebook.com\\\/patagonia.ambiental\",\"https:\\\/\\\/x.com\\\/PatAmb\"]},{\"@type\":\"Person\",\"@id\":\"https:\\\/\\\/patagoniambiental.com.ar\\\/info\\\/#\\\/schema\\\/person\\\/db12bff64bbcbf6a253710bf0ea37b5d\",\"name\":\"Patagonia Ambiental\",\"description\":\"Andr\u00e9s Nievas T\u00e9cnico en manejo ambiental, consultor Ambiental y escritor para medios locales e internacionales sobre temas de geopolitica y medio ambiente.\",\"sameAs\":[\"http:\\\/\\\/www.patagoniambiental.com.ar\",\"https:\\\/\\\/www.facebook.com\\\/share\\\/1C1V8Gv9BX\\\/?mibextid=qi2Omg\",\"@patagoniambiental\",\"https:\\\/\\\/youtube.com\\\/@patagoniaambiental2023?si=BLt58t0wuXquxlYZ\"]}]}<\/script>\n<!-- \/ Yoast SEO Premium plugin. -->","yoast_head_json":{"title":"Nuevo impulso al turismo en Tierra del Fuego","robots":{"index":"index","follow":"follow","max-snippet":"max-snippet:-1","max-image-preview":"max-image-preview:large","max-video-preview":"max-video-preview:-1"},"canonical":"https:\/\/patagoniambiental.com.ar\/info\/nuevo-impulso-al-turismo-en-tierra-del-fuego\/","og_locale":"es_ES","og_type":"article","og_title":"Nuevo impulso al turismo en Tierra del Fuego","og_url":"https:\/\/patagoniambiental.com.ar\/info\/nuevo-impulso-al-turismo-en-tierra-del-fuego\/","og_site_name":"Patagonia Ambiental","article_publisher":"https:\/\/www.facebook.com\/patagonia.ambiental","article_author":"https:\/\/www.facebook.com\/share\/1C1V8Gv9BX\/?mibextid=qi2Omg","article_published_time":"2023-05-22T22:00:00+00:00","article_modified_time":"2024-08-17T02:54:37+00:00","og_image":[{"width":1424,"height":950,"url":"https:\/\/patagoniambiental.com.ar\/info\/wp-content\/uploads\/2023\/05\/x42608-nuevo-impulso-al-turismo-en-tierra-del-fuego.jpg.pagespeed.ic_.xPQKmTCQoD.jpg","type":"image\/jpeg"}],"author":"Patagonia Ambiental","twitter_card":"summary_large_image","twitter_creator":"@PatAmb","twitter_site":"@PatAmb","schema":{"@context":"https:\/\/schema.org","@graph":[{"@type":"Article","@id":"https:\/\/patagoniambiental.com.ar\/info\/nuevo-impulso-al-turismo-en-tierra-del-fuego\/#article","isPartOf":{"@id":"https:\/\/patagoniambiental.com.ar\/info\/nuevo-impulso-al-turismo-en-tierra-del-fuego\/"},"author":{"name":"Patagonia Ambiental","@id":"https:\/\/patagoniambiental.com.ar\/info\/#\/schema\/person\/db12bff64bbcbf6a253710bf0ea37b5d"},"headline":"Nuevo impulso al turismo en Tierra del Fuego","datePublished":"2023-05-22T22:00:00+00:00","dateModified":"2024-08-17T02:54:37+00:00","mainEntityOfPage":{"@id":"https:\/\/patagoniambiental.com.ar\/info\/nuevo-impulso-al-turismo-en-tierra-del-fuego\/"},"wordCount":515,"commentCount":0,"publisher":{"@id":"https:\/\/patagoniambiental.com.ar\/info\/#organization"},"image":{"@id":"https:\/\/patagoniambiental.com.ar\/info\/nuevo-impulso-al-turismo-en-tierra-del-fuego\/#primaryimage"},"thumbnailUrl":"https:\/\/patagoniambiental.com.ar\/info\/wp-content\/uploads\/2023\/05\/x42608-nuevo-impulso-al-turismo-en-tierra-del-fuego.jpg.pagespeed.ic_.xPQKmTCQoD.jpg","articleSection":["Provinciales"],"inLanguage":"es","potentialAction":[{"@type":"CommentAction","name":"Comment","target":["https:\/\/patagoniambiental.com.ar\/info\/nuevo-impulso-al-turismo-en-tierra-del-fuego\/#respond"]}]},{"@type":"WebPage","@id":"https:\/\/patagoniambiental.com.ar\/info\/nuevo-impulso-al-turismo-en-tierra-del-fuego\/","url":"https:\/\/patagoniambiental.com.ar\/info\/nuevo-impulso-al-turismo-en-tierra-del-fuego\/","name":"Nuevo impulso al turismo en Tierra del Fuego","isPartOf":{"@id":"https:\/\/patagoniambiental.com.ar\/info\/#website"},"primaryImageOfPage":{"@id":"https:\/\/patagoniambiental.com.ar\/info\/nuevo-impulso-al-turismo-en-tierra-del-fuego\/#primaryimage"},"image":{"@id":"https:\/\/patagoniambiental.com.ar\/info\/nuevo-impulso-al-turismo-en-tierra-del-fuego\/#primaryimage"},"thumbnailUrl":"https:\/\/patagoniambiental.com.ar\/info\/wp-content\/uploads\/2023\/05\/x42608-nuevo-impulso-al-turismo-en-tierra-del-fuego.jpg.pagespeed.ic_.xPQKmTCQoD.jpg","datePublished":"2023-05-22T22:00:00+00:00","dateModified":"2024-08-17T02:54:37+00:00","breadcrumb":{"@id":"https:\/\/patagoniambiental.com.ar\/info\/nuevo-impulso-al-turismo-en-tierra-del-fuego\/#breadcrumb"},"inLanguage":"es","potentialAction":[{"@type":"ReadAction","target":["https:\/\/patagoniambiental.com.ar\/info\/nuevo-impulso-al-turismo-en-tierra-del-fuego\/"]}]},{"@type":"ImageObject","inLanguage":"es","@id":"https:\/\/patagoniambiental.com.ar\/info\/nuevo-impulso-al-turismo-en-tierra-del-fuego\/#primaryimage","url":"https:\/\/patagoniambiental.com.ar\/info\/wp-content\/uploads\/2023\/05\/x42608-nuevo-impulso-al-turismo-en-tierra-del-fuego.jpg.pagespeed.ic_.xPQKmTCQoD.jpg","contentUrl":"https:\/\/patagoniambiental.com.ar\/info\/wp-content\/uploads\/2023\/05\/x42608-nuevo-impulso-al-turismo-en-tierra-del-fuego.jpg.pagespeed.ic_.xPQKmTCQoD.jpg","width":899,"height":600},{"@type":"BreadcrumbList","@id":"https:\/\/patagoniambiental.com.ar\/info\/nuevo-impulso-al-turismo-en-tierra-del-fuego\/#breadcrumb","itemListElement":[{"@type":"ListItem","position":1,"name":"Inicio","item":"https:\/\/patagoniambiental.com.ar\/info\/"},{"@type":"ListItem","position":2,"name":"Nuevo impulso al turismo en Tierra del Fuego"}]},{"@type":"WebSite","@id":"https:\/\/patagoniambiental.com.ar\/info\/#website","url":"https:\/\/patagoniambiental.com.ar\/info\/","name":"Patagonia Ambiental","description":"Monitoreo y an\u00e1lisis de la situaci\u00f3n geopol\u00edtica en el mundo y su implicancia en la Patagonia","publisher":{"@id":"https:\/\/patagoniambiental.com.ar\/info\/#organization"},"potentialAction":[{"@type":"SearchAction","target":{"@type":"EntryPoint","urlTemplate":"https:\/\/patagoniambiental.com.ar\/info\/?s={search_term_string}"},"query-input":{"@type":"PropertyValueSpecification","valueRequired":true,"valueName":"search_term_string"}}],"inLanguage":"es"},{"@type":"Organization","@id":"https:\/\/patagoniambiental.com.ar\/info\/#organization","name":"Patagonia Ambiental","url":"https:\/\/patagoniambiental.com.ar\/info\/","logo":{"@type":"ImageObject","inLanguage":"es","@id":"https:\/\/patagoniambiental.com.ar\/info\/#\/schema\/logo\/image\/","url":"https:\/\/patagoniambiental.com.ar\/info\/wp-content\/uploads\/2025\/05\/LOGO-PATAGONIA-AMBIENTAL.png","contentUrl":"https:\/\/patagoniambiental.com.ar\/info\/wp-content\/uploads\/2025\/05\/LOGO-PATAGONIA-AMBIENTAL.png","width":433,"height":250,"caption":"Patagonia Ambiental"},"image":{"@id":"https:\/\/patagoniambiental.com.ar\/info\/#\/schema\/logo\/image\/"},"sameAs":["https:\/\/www.facebook.com\/patagonia.ambiental","https:\/\/x.com\/PatAmb"]},{"@type":"Person","@id":"https:\/\/patagoniambiental.com.ar\/info\/#\/schema\/person\/db12bff64bbcbf6a253710bf0ea37b5d","name":"Patagonia Ambiental","description":"Andr\u00e9s Nievas T\u00e9cnico en manejo ambiental, consultor Ambiental y escritor para medios locales e internacionales sobre temas de geopolitica y medio ambiente.","sameAs":["http:\/\/www.patagoniambiental.com.ar","https:\/\/www.facebook.com\/share\/1C1V8Gv9BX\/?mibextid=qi2Omg","@patagoniambiental","https:\/\/youtube.com\/@patagoniaambiental2023?si=BLt58t0wuXquxlYZ"]}]}},"_links":{"self":[{"href":"https:\/\/patagoniambiental.com.ar\/info\/wp-json\/wp\/v2\/posts\/78286","targetHints":{"allow":["GET"]}}],"collection":[{"href":"https:\/\/patagoniambiental.com.ar\/info\/wp-json\/wp\/v2\/posts"}],"about":[{"href":"https:\/\/patagoniambiental.com.ar\/info\/wp-json\/wp\/v2\/types\/post"}],"author":[{"embeddable":true,"href":"https:\/\/patagoniambiental.com.ar\/info\/wp-json\/wp\/v2\/users\/2"}],"replies":[{"embeddable":true,"href":"https:\/\/patagoniambiental.com.ar\/info\/wp-json\/wp\/v2\/comments?post=78286"}],"version-history":[{"count":0,"href":"https:\/\/patagoniambiental.com.ar\/info\/wp-json\/wp\/v2\/posts\/78286\/revisions"}],"wp:featuredmedia":[{"embeddable":true,"href":"https:\/\/patagoniambiental.com.ar\/info\/wp-json\/wp\/v2\/media\/78287"}],"wp:attachment":[{"href":"https:\/\/patagoniambiental.com.ar\/info\/wp-json\/wp\/v2\/media?parent=78286"}],"wp:term":[{"taxonomy":"category","embeddable":true,"href":"https:\/\/patagoniambiental.com.ar\/info\/wp-json\/wp\/v2\/categories?post=78286"},{"taxonomy":"post_tag","embeddable":true,"href":"https:\/\/patagoniambiental.com.ar\/info\/wp-json\/wp\/v2\/tags?post=78286"}],"curies":[{"name":"wp","href":"https:\/\/api.w.org\/{rel}","templated":true}]}}