{"id":78297,"date":"2023-05-28T07:00:00","date_gmt":"2023-05-28T10:00:00","guid":{"rendered":"https:\/\/patagoniambiental.com.ar\/info\/?p=78297"},"modified":"2024-08-16T18:09:18","modified_gmt":"2024-08-16T21:09:18","slug":"te-invitamos-a-conocer-el-flamante-centro-de-interpretacion-y-planetario-elsa-rosenvasser-feher-de-santa-cruz","status":"publish","type":"post","link":"https:\/\/patagoniambiental.com.ar\/info\/te-invitamos-a-conocer-el-flamante-centro-de-interpretacion-y-planetario-elsa-rosenvasser-feher-de-santa-cruz\/","title":{"rendered":"Te invitamos a conocer el flamante Centro de Interpretaci\u00f3n y Planetario Elsa Rosenvasser Feher de Santa Cruz"},"content":{"rendered":"\n<!--more-->\n\n\n\n<p>Donado por una cient\u00edfica argentina y ubicado en el Parque Patagonia, el lugar ofrecer\u00e1 innovadoras muestras interactivas sobre astronom\u00eda y geolog\u00eda, adem\u00e1s de un espacio para interpretar los cielos y las estrellas.<\/p>\n\n\n\n<p>Ubicado en el coraz\u00f3n del\u00a0<strong>Parque Patagonia<\/strong>, en la provincia de\u00a0<a href=\"https:\/\/weekend.perfil.com\/noticias\/informativo\/represas-en-el-rio-santa-cruz-la-polemica-no-se-detiene.phtml\" target=\"_blank\" rel=\"noreferrer noopener\"><strong>Santa Cruz<\/strong><\/a>, el flamante\u00a0<strong>Centro de Interpretaci\u00f3n y Planetario \u201cElsa Rosenvasser Feher\u201d acaba de ser inaugurado oficialmente.<\/strong><a href=\"https:\/\/weekend.perfil.com\/noticias\/naturaleza\/encuentran-fosiles-de-una-estrella-fragil-que-habito-en-las-aguas-de-neuquen-hace-miles-de-anos.phtml\"><\/a><\/p>\n\n\n\n<p>El nombre del centro&nbsp;<strong>rinde homenaje a su donante y creadora<\/strong>, la cient\u00edfica argentina Elsa Rosenvasser Feher, quien dedic\u00f3 toda su vida y su carrera profesional a la&nbsp;<strong>ense\u00f1anza y a la divulgaci\u00f3n cient\u00edfica<\/strong>, destac\u00e1ndose en la concepci\u00f3n de muestras interactivas y de contenidos para museos de ciencias.<\/p>\n\n\n\n<figure class=\"wp-block-image\"><img decoding=\"async\" src=\"https:\/\/fotos.perfil.com\/\/2023\/05\/23\/900\/0\/2305planetario-1573802.jpg\" alt=\"2305_planetario\"\/><\/figure>\n\n\n\n<h5 class=\"wp-block-heading\" id=\"h-\"><a href=\"https:\/\/weekend.perfil.com\/noticias\/informativo\/que-dia-y-a-que-hora-podra-verse-en-la-argentina-la-primera-lluvia-de-estrellas-del-ano.phtml\"><\/a><\/h5>\n\n\n\n<p>\u201cPor eso,\u00a0<strong>estaba tan entusiasmada con este proyecto<\/strong>, con devolver algo, de poder\u00a0<strong>dejar la marca de su carrera en un lugar que era muy emocionante para ella\u201d<\/strong>, concluy\u00f3.<\/p>\n\n\n\n<p><a href=\"https:\/\/weekend.perfil.com\/noticias\/espacio\/astronomos-argentinos-miden-la-masa-de-una-de-las-estrellas-mas-masivas-de-la-via-lactea.phtml\"><\/a><\/p>\n\n\n\n<figure class=\"wp-block-image\"><img decoding=\"async\" src=\"https:\/\/fotos.perfil.com\/\/2023\/05\/23\/900\/0\/2305planetario-1573799.jpg\" alt=\"2305_planetario\"\/><\/figure>\n\n\n\n<p>El predio que cuenta con un gran espacio para&nbsp;<strong>interpretar los cielos y las estrellas<\/strong>&nbsp;ofrecer\u00e1 innovadoras&nbsp;<strong>muestras interactivas<\/strong>&nbsp;acerca tanto de la&nbsp;<strong>astronom\u00eda<\/strong>&nbsp;y de la&nbsp;<strong>geolog\u00eda<\/strong>, como as\u00ed tambi\u00e9n de la cada vez m\u00e1s preocupante&nbsp;<strong>p\u00e9rdida de la biodiversidad<\/strong>&nbsp;y de la&nbsp;<strong>restauraci\u00f3n ecol\u00f3gica<\/strong>.<\/p>\n\n\n\n<figure class=\"wp-block-image\"><img decoding=\"async\" src=\"https:\/\/fotos.perfil.com\/\/2023\/05\/23\/900\/0\/2305planetario-1573807.jpg\" alt=\"2305_planetario\"\/><\/figure>\n\n\n\n<p>Las numerosas&nbsp;<strong>salas tem\u00e1ticas<\/strong>, dispuestas a lo largo de los casi&nbsp;<strong>800 metros cuadrados de superficie<\/strong>&nbsp;con que cuenta el lugar, est\u00e1n literalmente sumergidas en la estepa e invitan a explorar, en una original e interactiva muestra, la&nbsp;<strong>formaci\u00f3n geol\u00f3gica de la regi\u00f3n<\/strong>, desde la aparici\u00f3n de los humanos en el planeta, la evoluci\u00f3n de sus especies, la crisis de biodiversidad y la restauraci\u00f3n de los ecosistemas como una soluci\u00f3n a la crisis de extinci\u00f3n y al&nbsp;<strong>cambio clim\u00e1tico<\/strong>.<\/p>\n\n\n\n<p>Cabe se\u00f1alar que la creaci\u00f3n de este Centro de Interpretaci\u00f3n y Planetario es una de las iniciativas conjuntas que est\u00e1n previstas en el \u201c<strong>Plan Estrat\u00e9gico 2020-2023\u201d&nbsp;<\/strong>consensuado entre la provincia de Santa Cruz y la&nbsp;<strong>Fundaci\u00f3n Rewilding Argentina<\/strong>&nbsp;con el fin de&nbsp;<strong>potenciar y de posicionar a la regi\u00f3n noroeste de Santa Cruz como un gran destino cultural y de turismo de naturaleza.<\/strong><\/p>\n\n\n\n<figure class=\"wp-block-image\"><img decoding=\"async\" src=\"https:\/\/fotos.perfil.com\/\/2023\/05\/23\/900\/0\/2304planetario-1573803.jpg\" alt=\"2304_planetario\"\/><\/figure>\n\n\n\n<p>\u201cEl destino tur\u00edstico Parque Patagonia, en el noroeste de Santa Cruz, aumenta su&nbsp;<strong>capacidad y calidad para recibir visitantes<\/strong>, con la apertura de este nuevo Centro de Interpretaci\u00f3n y Planetario\u201d, se\u00f1al\u00f3&nbsp;<strong>Sof\u00eda Heinonen, directora de Rewilding Argentina.<\/strong><\/p>\n\n\n\n<p>\u201cLas&nbsp;<strong>\u00e1reas protegidas<\/strong>&nbsp;de la regi\u00f3n no solo cuentan con excelentes oportunidades de&nbsp;<strong>avistar fauna, y hacer trekkings<\/strong>&nbsp;con excelentes vistas a lagos, ca\u00f1adones y glaciares, sino que se suma el&nbsp;<strong>espect\u00e1culo de los cielos y su interpretaci\u00f3n\u201d,&nbsp;<\/strong>concluy\u00f3 la especialista.<\/p>\n\n\n\n<div style=\"height:100px\" aria-hidden=\"true\" class=\"wp-block-spacer\"><\/div>\n\n\n\n<h2 class=\"wp-block-heading\" id=\"h-galeria-de-imagenes\">Galer\u00eda de im\u00e1genes<\/h2>\n\n\n\n<figure class=\"wp-block-image\"><a href=\"https:\/\/fotos.perfil.com\/2023\/05\/23\/2305planetario-1573793.jpg\"><img decoding=\"async\" src=\"https:\/\/fotos.perfil.com\/2023\/05\/23\/cropped\/250\/250\/center\/2305planetario-1573793.jpg\" alt=\"El lugar se emplaza sobre una superficie de 800 metros cuadrdos.\"\/><\/a><\/figure>\n\n\n\n<figure class=\"wp-block-image\"><a href=\"https:\/\/fotos.perfil.com\/2023\/05\/23\/2305planetario-1573807.jpg\"><img decoding=\"async\" src=\"https:\/\/fotos.perfil.com\/2023\/05\/23\/cropped\/250\/250\/center\/2305planetario-1573807.jpg\" alt=\"Ofrecer\u00e1 innovadoras muestras interactivas acerca tanto de la astronom\u00eda y de la geolog\u00eda.\"\/><\/a><\/figure>\n\n\n\n<figure class=\"wp-block-image\"><a href=\"https:\/\/fotos.perfil.com\/2023\/05\/23\/2304planetario-1573803.jpg\"><img decoding=\"async\" src=\"https:\/\/fotos.perfil.com\/2023\/05\/23\/cropped\/250\/250\/center\/2304planetario-1573803.jpg\" alt=\"El lugar ya puede ser visitado por el publico.\"\/><\/a><\/figure>\n\n\n\n<figure class=\"wp-block-image\"><a href=\"https:\/\/fotos.perfil.com\/2023\/05\/23\/2305planetario-1573802.jpg\"><img decoding=\"async\" src=\"https:\/\/fotos.perfil.com\/2023\/05\/23\/cropped\/250\/250\/center\/2305planetario-1573802.jpg\" alt=\"Las numerosas salas tem\u00e1ticas est\u00e1n literalmente sumergidas en la estepa santacruce\u00f1a. \"\/><\/a><\/figure>\n\n\n\n<figure class=\"wp-block-image\"><a href=\"https:\/\/fotos.perfil.com\/2023\/05\/23\/2305planetario-1573799.jpg\"><img decoding=\"async\" src=\"https:\/\/fotos.perfil.com\/2023\/05\/23\/cropped\/250\/250\/center\/2305planetario-1573799.jpg\" alt=\"Cuenta con un gran espacio para interpretar los cielos y las estrellas.\"\/><\/a><\/figure>\n\n\n\n<p>Fuente: weekend.perfil.com<\/p>\n","protected":false},"excerpt":{"rendered":"","protected":false},"author":2,"featured_media":78299,"comment_status":"open","ping_status":"open","sticky":false,"template":"","format":"standard","meta":{"site-sidebar-layout":"default","site-content-layout":"","ast-site-content-layout":"default","site-content-style":"default","site-sidebar-style":"default","ast-global-header-display":"","ast-banner-title-visibility":"","ast-main-header-display":"","ast-hfb-above-header-display":"","ast-hfb-below-header-display":"","ast-hfb-mobile-header-display":"","site-post-title":"","ast-breadcrumbs-content":"","ast-featured-img":"","footer-sml-layout":"","ast-disable-related-posts":"","theme-transparent-header-meta":"","adv-header-id-meta":"","stick-header-meta":"","header-above-stick-meta":"","header-main-stick-meta":"","header-below-stick-meta":"","astra-migrate-meta-layouts":"default","ast-page-background-enabled":"default","ast-page-background-meta":{"desktop":{"background-color":"var(--ast-global-color-5)","background-image":"","background-repeat":"repeat","background-position":"center center","background-size":"auto","background-attachment":"scroll","background-type":"","background-media":"","overlay-type":"","overlay-color":"","overlay-opacity":"","overlay-gradient":""},"tablet":{"background-color":"","background-image":"","background-repeat":"repeat","background-position":"center center","background-size":"auto","background-attachment":"scroll","background-type":"","background-media":"","overlay-type":"","overlay-color":"","overlay-opacity":"","overlay-gradient":""},"mobile":{"background-color":"","background-image":"","background-repeat":"repeat","background-position":"center center","background-size":"auto","background-attachment":"scroll","background-type":"","background-media":"","overlay-type":"","overlay-color":"","overlay-opacity":"","overlay-gradient":""}},"ast-content-background-meta":{"desktop":{"background-color":"var(--ast-global-color-4)","background-image":"","background-repeat":"repeat","background-position":"center center","background-size":"auto","background-attachment":"scroll","background-type":"","background-media":"","overlay-type":"","overlay-color":"","overlay-opacity":"","overlay-gradient":""},"tablet":{"background-color":"var(--ast-global-color-4)","background-image":"","background-repeat":"repeat","background-position":"center center","background-size":"auto","background-attachment":"scroll","background-type":"","background-media":"","overlay-type":"","overlay-color":"","overlay-opacity":"","overlay-gradient":""},"mobile":{"background-color":"var(--ast-global-color-4)","background-image":"","background-repeat":"repeat","background-position":"center center","background-size":"auto","background-attachment":"scroll","background-type":"","background-media":"","overlay-type":"","overlay-color":"","overlay-opacity":"","overlay-gradient":""}},"footnotes":""},"categories":[13],"tags":[],"class_list":["post-78297","post","type-post","status-publish","format-standard","has-post-thumbnail","hentry","category-provinciales"],"yoast_head":"<!-- This site is optimized with the Yoast SEO Premium plugin v23.0 (Yoast SEO v27.4) - https:\/\/yoast.com\/product\/yoast-seo-premium-wordpress\/ -->\n<title>Te invitamos a conocer el flamante Centro de Interpretaci\u00f3n y Planetario Elsa Rosenvasser Feher de Santa Cruz<\/title>\n<meta name=\"robots\" content=\"index, follow, max-snippet:-1, max-image-preview:large, max-video-preview:-1\" \/>\n<link rel=\"canonical\" href=\"https:\/\/patagoniambiental.com.ar\/info\/te-invitamos-a-conocer-el-flamante-centro-de-interpretacion-y-planetario-elsa-rosenvasser-feher-de-santa-cruz\/\" \/>\n<meta property=\"og:locale\" content=\"es_ES\" \/>\n<meta property=\"og:type\" content=\"article\" \/>\n<meta property=\"og:title\" content=\"Te invitamos a conocer el flamante Centro de Interpretaci\u00f3n y Planetario Elsa Rosenvasser Feher de Santa Cruz\" \/>\n<meta property=\"og:url\" content=\"https:\/\/patagoniambiental.com.ar\/info\/te-invitamos-a-conocer-el-flamante-centro-de-interpretacion-y-planetario-elsa-rosenvasser-feher-de-santa-cruz\/\" \/>\n<meta property=\"og:site_name\" content=\"Patagonia Ambiental\" \/>\n<meta property=\"article:publisher\" content=\"https:\/\/www.facebook.com\/patagonia.ambiental\" \/>\n<meta property=\"article:author\" content=\"https:\/\/www.facebook.com\/share\/1C1V8Gv9BX\/?mibextid=qi2Omg\" \/>\n<meta property=\"article:published_time\" content=\"2023-05-28T10:00:00+00:00\" \/>\n<meta property=\"article:modified_time\" content=\"2024-08-16T21:09:18+00:00\" \/>\n<meta property=\"og:image\" content=\"https:\/\/patagoniambiental.com.ar\/info\/wp-content\/uploads\/2023\/05\/2305planetario-1573793.jpg\" \/>\n\t<meta property=\"og:image:width\" content=\"960\" \/>\n\t<meta property=\"og:image:height\" content=\"540\" \/>\n\t<meta property=\"og:image:type\" content=\"image\/jpeg\" \/>\n<meta name=\"author\" content=\"Patagonia Ambiental\" \/>\n<meta name=\"twitter:card\" content=\"summary_large_image\" \/>\n<meta name=\"twitter:creator\" content=\"@PatAmb\" \/>\n<meta name=\"twitter:site\" content=\"@PatAmb\" \/>\n<script type=\"application\/ld+json\" class=\"yoast-schema-graph\">{\"@context\":\"https:\\\/\\\/schema.org\",\"@graph\":[{\"@type\":\"Article\",\"@id\":\"https:\\\/\\\/patagoniambiental.com.ar\\\/info\\\/te-invitamos-a-conocer-el-flamante-centro-de-interpretacion-y-planetario-elsa-rosenvasser-feher-de-santa-cruz\\\/#article\",\"isPartOf\":{\"@id\":\"https:\\\/\\\/patagoniambiental.com.ar\\\/info\\\/te-invitamos-a-conocer-el-flamante-centro-de-interpretacion-y-planetario-elsa-rosenvasser-feher-de-santa-cruz\\\/\"},\"author\":{\"name\":\"Patagonia Ambiental\",\"@id\":\"https:\\\/\\\/patagoniambiental.com.ar\\\/info\\\/#\\\/schema\\\/person\\\/db12bff64bbcbf6a253710bf0ea37b5d\"},\"headline\":\"Te invitamos a conocer el flamante Centro de Interpretaci\u00f3n y Planetario Elsa Rosenvasser Feher de Santa Cruz\",\"datePublished\":\"2023-05-28T10:00:00+00:00\",\"dateModified\":\"2024-08-16T21:09:18+00:00\",\"mainEntityOfPage\":{\"@id\":\"https:\\\/\\\/patagoniambiental.com.ar\\\/info\\\/te-invitamos-a-conocer-el-flamante-centro-de-interpretacion-y-planetario-elsa-rosenvasser-feher-de-santa-cruz\\\/\"},\"wordCount\":503,\"commentCount\":0,\"publisher\":{\"@id\":\"https:\\\/\\\/patagoniambiental.com.ar\\\/info\\\/#organization\"},\"image\":{\"@id\":\"https:\\\/\\\/patagoniambiental.com.ar\\\/info\\\/te-invitamos-a-conocer-el-flamante-centro-de-interpretacion-y-planetario-elsa-rosenvasser-feher-de-santa-cruz\\\/#primaryimage\"},\"thumbnailUrl\":\"https:\\\/\\\/patagoniambiental.com.ar\\\/info\\\/wp-content\\\/uploads\\\/2023\\\/05\\\/2305planetario-1573793.jpg\",\"articleSection\":[\"Provinciales\"],\"inLanguage\":\"es\",\"potentialAction\":[{\"@type\":\"CommentAction\",\"name\":\"Comment\",\"target\":[\"https:\\\/\\\/patagoniambiental.com.ar\\\/info\\\/te-invitamos-a-conocer-el-flamante-centro-de-interpretacion-y-planetario-elsa-rosenvasser-feher-de-santa-cruz\\\/#respond\"]}]},{\"@type\":\"WebPage\",\"@id\":\"https:\\\/\\\/patagoniambiental.com.ar\\\/info\\\/te-invitamos-a-conocer-el-flamante-centro-de-interpretacion-y-planetario-elsa-rosenvasser-feher-de-santa-cruz\\\/\",\"url\":\"https:\\\/\\\/patagoniambiental.com.ar\\\/info\\\/te-invitamos-a-conocer-el-flamante-centro-de-interpretacion-y-planetario-elsa-rosenvasser-feher-de-santa-cruz\\\/\",\"name\":\"Te invitamos a conocer el flamante Centro de Interpretaci\u00f3n y Planetario Elsa Rosenvasser Feher de Santa Cruz\",\"isPartOf\":{\"@id\":\"https:\\\/\\\/patagoniambiental.com.ar\\\/info\\\/#website\"},\"primaryImageOfPage\":{\"@id\":\"https:\\\/\\\/patagoniambiental.com.ar\\\/info\\\/te-invitamos-a-conocer-el-flamante-centro-de-interpretacion-y-planetario-elsa-rosenvasser-feher-de-santa-cruz\\\/#primaryimage\"},\"image\":{\"@id\":\"https:\\\/\\\/patagoniambiental.com.ar\\\/info\\\/te-invitamos-a-conocer-el-flamante-centro-de-interpretacion-y-planetario-elsa-rosenvasser-feher-de-santa-cruz\\\/#primaryimage\"},\"thumbnailUrl\":\"https:\\\/\\\/patagoniambiental.com.ar\\\/info\\\/wp-content\\\/uploads\\\/2023\\\/05\\\/2305planetario-1573793.jpg\",\"datePublished\":\"2023-05-28T10:00:00+00:00\",\"dateModified\":\"2024-08-16T21:09:18+00:00\",\"breadcrumb\":{\"@id\":\"https:\\\/\\\/patagoniambiental.com.ar\\\/info\\\/te-invitamos-a-conocer-el-flamante-centro-de-interpretacion-y-planetario-elsa-rosenvasser-feher-de-santa-cruz\\\/#breadcrumb\"},\"inLanguage\":\"es\",\"potentialAction\":[{\"@type\":\"ReadAction\",\"target\":[\"https:\\\/\\\/patagoniambiental.com.ar\\\/info\\\/te-invitamos-a-conocer-el-flamante-centro-de-interpretacion-y-planetario-elsa-rosenvasser-feher-de-santa-cruz\\\/\"]}]},{\"@type\":\"ImageObject\",\"inLanguage\":\"es\",\"@id\":\"https:\\\/\\\/patagoniambiental.com.ar\\\/info\\\/te-invitamos-a-conocer-el-flamante-centro-de-interpretacion-y-planetario-elsa-rosenvasser-feher-de-santa-cruz\\\/#primaryimage\",\"url\":\"https:\\\/\\\/patagoniambiental.com.ar\\\/info\\\/wp-content\\\/uploads\\\/2023\\\/05\\\/2305planetario-1573793.jpg\",\"contentUrl\":\"https:\\\/\\\/patagoniambiental.com.ar\\\/info\\\/wp-content\\\/uploads\\\/2023\\\/05\\\/2305planetario-1573793.jpg\",\"width\":960,\"height\":540},{\"@type\":\"BreadcrumbList\",\"@id\":\"https:\\\/\\\/patagoniambiental.com.ar\\\/info\\\/te-invitamos-a-conocer-el-flamante-centro-de-interpretacion-y-planetario-elsa-rosenvasser-feher-de-santa-cruz\\\/#breadcrumb\",\"itemListElement\":[{\"@type\":\"ListItem\",\"position\":1,\"name\":\"Inicio\",\"item\":\"https:\\\/\\\/patagoniambiental.com.ar\\\/info\\\/\"},{\"@type\":\"ListItem\",\"position\":2,\"name\":\"Te invitamos a conocer el flamante Centro de Interpretaci\u00f3n y Planetario Elsa Rosenvasser Feher de Santa Cruz\"}]},{\"@type\":\"WebSite\",\"@id\":\"https:\\\/\\\/patagoniambiental.com.ar\\\/info\\\/#website\",\"url\":\"https:\\\/\\\/patagoniambiental.com.ar\\\/info\\\/\",\"name\":\"Patagonia Ambiental\",\"description\":\"Monitoreo y an\u00e1lisis de la situaci\u00f3n geopol\u00edtica en el mundo y su implicancia en la Patagonia\",\"publisher\":{\"@id\":\"https:\\\/\\\/patagoniambiental.com.ar\\\/info\\\/#organization\"},\"potentialAction\":[{\"@type\":\"SearchAction\",\"target\":{\"@type\":\"EntryPoint\",\"urlTemplate\":\"https:\\\/\\\/patagoniambiental.com.ar\\\/info\\\/?s={search_term_string}\"},\"query-input\":{\"@type\":\"PropertyValueSpecification\",\"valueRequired\":true,\"valueName\":\"search_term_string\"}}],\"inLanguage\":\"es\"},{\"@type\":\"Organization\",\"@id\":\"https:\\\/\\\/patagoniambiental.com.ar\\\/info\\\/#organization\",\"name\":\"Patagonia Ambiental\",\"url\":\"https:\\\/\\\/patagoniambiental.com.ar\\\/info\\\/\",\"logo\":{\"@type\":\"ImageObject\",\"inLanguage\":\"es\",\"@id\":\"https:\\\/\\\/patagoniambiental.com.ar\\\/info\\\/#\\\/schema\\\/logo\\\/image\\\/\",\"url\":\"https:\\\/\\\/patagoniambiental.com.ar\\\/info\\\/wp-content\\\/uploads\\\/2025\\\/05\\\/LOGO-PATAGONIA-AMBIENTAL.png\",\"contentUrl\":\"https:\\\/\\\/patagoniambiental.com.ar\\\/info\\\/wp-content\\\/uploads\\\/2025\\\/05\\\/LOGO-PATAGONIA-AMBIENTAL.png\",\"width\":433,\"height\":250,\"caption\":\"Patagonia Ambiental\"},\"image\":{\"@id\":\"https:\\\/\\\/patagoniambiental.com.ar\\\/info\\\/#\\\/schema\\\/logo\\\/image\\\/\"},\"sameAs\":[\"https:\\\/\\\/www.facebook.com\\\/patagonia.ambiental\",\"https:\\\/\\\/x.com\\\/PatAmb\"]},{\"@type\":\"Person\",\"@id\":\"https:\\\/\\\/patagoniambiental.com.ar\\\/info\\\/#\\\/schema\\\/person\\\/db12bff64bbcbf6a253710bf0ea37b5d\",\"name\":\"Patagonia Ambiental\",\"description\":\"Andr\u00e9s Nievas T\u00e9cnico en manejo ambiental, consultor Ambiental y escritor para medios locales e internacionales sobre temas de geopolitica y medio ambiente.\",\"sameAs\":[\"http:\\\/\\\/www.patagoniambiental.com.ar\",\"https:\\\/\\\/www.facebook.com\\\/share\\\/1C1V8Gv9BX\\\/?mibextid=qi2Omg\",\"@patagoniambiental\",\"https:\\\/\\\/youtube.com\\\/@patagoniaambiental2023?si=BLt58t0wuXquxlYZ\"]}]}<\/script>\n<!-- \/ Yoast SEO Premium plugin. -->","yoast_head_json":{"title":"Te invitamos a conocer el flamante Centro de Interpretaci\u00f3n y Planetario Elsa Rosenvasser Feher de Santa Cruz","robots":{"index":"index","follow":"follow","max-snippet":"max-snippet:-1","max-image-preview":"max-image-preview:large","max-video-preview":"max-video-preview:-1"},"canonical":"https:\/\/patagoniambiental.com.ar\/info\/te-invitamos-a-conocer-el-flamante-centro-de-interpretacion-y-planetario-elsa-rosenvasser-feher-de-santa-cruz\/","og_locale":"es_ES","og_type":"article","og_title":"Te invitamos a conocer el flamante Centro de Interpretaci\u00f3n y Planetario Elsa Rosenvasser Feher de Santa Cruz","og_url":"https:\/\/patagoniambiental.com.ar\/info\/te-invitamos-a-conocer-el-flamante-centro-de-interpretacion-y-planetario-elsa-rosenvasser-feher-de-santa-cruz\/","og_site_name":"Patagonia Ambiental","article_publisher":"https:\/\/www.facebook.com\/patagonia.ambiental","article_author":"https:\/\/www.facebook.com\/share\/1C1V8Gv9BX\/?mibextid=qi2Omg","article_published_time":"2023-05-28T10:00:00+00:00","article_modified_time":"2024-08-16T21:09:18+00:00","og_image":[{"width":960,"height":540,"url":"https:\/\/patagoniambiental.com.ar\/info\/wp-content\/uploads\/2023\/05\/2305planetario-1573793.jpg","type":"image\/jpeg"}],"author":"Patagonia Ambiental","twitter_card":"summary_large_image","twitter_creator":"@PatAmb","twitter_site":"@PatAmb","schema":{"@context":"https:\/\/schema.org","@graph":[{"@type":"Article","@id":"https:\/\/patagoniambiental.com.ar\/info\/te-invitamos-a-conocer-el-flamante-centro-de-interpretacion-y-planetario-elsa-rosenvasser-feher-de-santa-cruz\/#article","isPartOf":{"@id":"https:\/\/patagoniambiental.com.ar\/info\/te-invitamos-a-conocer-el-flamante-centro-de-interpretacion-y-planetario-elsa-rosenvasser-feher-de-santa-cruz\/"},"author":{"name":"Patagonia Ambiental","@id":"https:\/\/patagoniambiental.com.ar\/info\/#\/schema\/person\/db12bff64bbcbf6a253710bf0ea37b5d"},"headline":"Te invitamos a conocer el flamante Centro de Interpretaci\u00f3n y Planetario Elsa Rosenvasser Feher de Santa Cruz","datePublished":"2023-05-28T10:00:00+00:00","dateModified":"2024-08-16T21:09:18+00:00","mainEntityOfPage":{"@id":"https:\/\/patagoniambiental.com.ar\/info\/te-invitamos-a-conocer-el-flamante-centro-de-interpretacion-y-planetario-elsa-rosenvasser-feher-de-santa-cruz\/"},"wordCount":503,"commentCount":0,"publisher":{"@id":"https:\/\/patagoniambiental.com.ar\/info\/#organization"},"image":{"@id":"https:\/\/patagoniambiental.com.ar\/info\/te-invitamos-a-conocer-el-flamante-centro-de-interpretacion-y-planetario-elsa-rosenvasser-feher-de-santa-cruz\/#primaryimage"},"thumbnailUrl":"https:\/\/patagoniambiental.com.ar\/info\/wp-content\/uploads\/2023\/05\/2305planetario-1573793.jpg","articleSection":["Provinciales"],"inLanguage":"es","potentialAction":[{"@type":"CommentAction","name":"Comment","target":["https:\/\/patagoniambiental.com.ar\/info\/te-invitamos-a-conocer-el-flamante-centro-de-interpretacion-y-planetario-elsa-rosenvasser-feher-de-santa-cruz\/#respond"]}]},{"@type":"WebPage","@id":"https:\/\/patagoniambiental.com.ar\/info\/te-invitamos-a-conocer-el-flamante-centro-de-interpretacion-y-planetario-elsa-rosenvasser-feher-de-santa-cruz\/","url":"https:\/\/patagoniambiental.com.ar\/info\/te-invitamos-a-conocer-el-flamante-centro-de-interpretacion-y-planetario-elsa-rosenvasser-feher-de-santa-cruz\/","name":"Te invitamos a conocer el flamante Centro de Interpretaci\u00f3n y Planetario Elsa Rosenvasser Feher de Santa Cruz","isPartOf":{"@id":"https:\/\/patagoniambiental.com.ar\/info\/#website"},"primaryImageOfPage":{"@id":"https:\/\/patagoniambiental.com.ar\/info\/te-invitamos-a-conocer-el-flamante-centro-de-interpretacion-y-planetario-elsa-rosenvasser-feher-de-santa-cruz\/#primaryimage"},"image":{"@id":"https:\/\/patagoniambiental.com.ar\/info\/te-invitamos-a-conocer-el-flamante-centro-de-interpretacion-y-planetario-elsa-rosenvasser-feher-de-santa-cruz\/#primaryimage"},"thumbnailUrl":"https:\/\/patagoniambiental.com.ar\/info\/wp-content\/uploads\/2023\/05\/2305planetario-1573793.jpg","datePublished":"2023-05-28T10:00:00+00:00","dateModified":"2024-08-16T21:09:18+00:00","breadcrumb":{"@id":"https:\/\/patagoniambiental.com.ar\/info\/te-invitamos-a-conocer-el-flamante-centro-de-interpretacion-y-planetario-elsa-rosenvasser-feher-de-santa-cruz\/#breadcrumb"},"inLanguage":"es","potentialAction":[{"@type":"ReadAction","target":["https:\/\/patagoniambiental.com.ar\/info\/te-invitamos-a-conocer-el-flamante-centro-de-interpretacion-y-planetario-elsa-rosenvasser-feher-de-santa-cruz\/"]}]},{"@type":"ImageObject","inLanguage":"es","@id":"https:\/\/patagoniambiental.com.ar\/info\/te-invitamos-a-conocer-el-flamante-centro-de-interpretacion-y-planetario-elsa-rosenvasser-feher-de-santa-cruz\/#primaryimage","url":"https:\/\/patagoniambiental.com.ar\/info\/wp-content\/uploads\/2023\/05\/2305planetario-1573793.jpg","contentUrl":"https:\/\/patagoniambiental.com.ar\/info\/wp-content\/uploads\/2023\/05\/2305planetario-1573793.jpg","width":960,"height":540},{"@type":"BreadcrumbList","@id":"https:\/\/patagoniambiental.com.ar\/info\/te-invitamos-a-conocer-el-flamante-centro-de-interpretacion-y-planetario-elsa-rosenvasser-feher-de-santa-cruz\/#breadcrumb","itemListElement":[{"@type":"ListItem","position":1,"name":"Inicio","item":"https:\/\/patagoniambiental.com.ar\/info\/"},{"@type":"ListItem","position":2,"name":"Te invitamos a conocer el flamante Centro de Interpretaci\u00f3n y Planetario Elsa Rosenvasser Feher de Santa Cruz"}]},{"@type":"WebSite","@id":"https:\/\/patagoniambiental.com.ar\/info\/#website","url":"https:\/\/patagoniambiental.com.ar\/info\/","name":"Patagonia Ambiental","description":"Monitoreo y an\u00e1lisis de la situaci\u00f3n geopol\u00edtica en el mundo y su implicancia en la Patagonia","publisher":{"@id":"https:\/\/patagoniambiental.com.ar\/info\/#organization"},"potentialAction":[{"@type":"SearchAction","target":{"@type":"EntryPoint","urlTemplate":"https:\/\/patagoniambiental.com.ar\/info\/?s={search_term_string}"},"query-input":{"@type":"PropertyValueSpecification","valueRequired":true,"valueName":"search_term_string"}}],"inLanguage":"es"},{"@type":"Organization","@id":"https:\/\/patagoniambiental.com.ar\/info\/#organization","name":"Patagonia Ambiental","url":"https:\/\/patagoniambiental.com.ar\/info\/","logo":{"@type":"ImageObject","inLanguage":"es","@id":"https:\/\/patagoniambiental.com.ar\/info\/#\/schema\/logo\/image\/","url":"https:\/\/patagoniambiental.com.ar\/info\/wp-content\/uploads\/2025\/05\/LOGO-PATAGONIA-AMBIENTAL.png","contentUrl":"https:\/\/patagoniambiental.com.ar\/info\/wp-content\/uploads\/2025\/05\/LOGO-PATAGONIA-AMBIENTAL.png","width":433,"height":250,"caption":"Patagonia Ambiental"},"image":{"@id":"https:\/\/patagoniambiental.com.ar\/info\/#\/schema\/logo\/image\/"},"sameAs":["https:\/\/www.facebook.com\/patagonia.ambiental","https:\/\/x.com\/PatAmb"]},{"@type":"Person","@id":"https:\/\/patagoniambiental.com.ar\/info\/#\/schema\/person\/db12bff64bbcbf6a253710bf0ea37b5d","name":"Patagonia Ambiental","description":"Andr\u00e9s Nievas T\u00e9cnico en manejo ambiental, consultor Ambiental y escritor para medios locales e internacionales sobre temas de geopolitica y medio ambiente.","sameAs":["http:\/\/www.patagoniambiental.com.ar","https:\/\/www.facebook.com\/share\/1C1V8Gv9BX\/?mibextid=qi2Omg","@patagoniambiental","https:\/\/youtube.com\/@patagoniaambiental2023?si=BLt58t0wuXquxlYZ"]}]}},"_links":{"self":[{"href":"https:\/\/patagoniambiental.com.ar\/info\/wp-json\/wp\/v2\/posts\/78297","targetHints":{"allow":["GET"]}}],"collection":[{"href":"https:\/\/patagoniambiental.com.ar\/info\/wp-json\/wp\/v2\/posts"}],"about":[{"href":"https:\/\/patagoniambiental.com.ar\/info\/wp-json\/wp\/v2\/types\/post"}],"author":[{"embeddable":true,"href":"https:\/\/patagoniambiental.com.ar\/info\/wp-json\/wp\/v2\/users\/2"}],"replies":[{"embeddable":true,"href":"https:\/\/patagoniambiental.com.ar\/info\/wp-json\/wp\/v2\/comments?post=78297"}],"version-history":[{"count":0,"href":"https:\/\/patagoniambiental.com.ar\/info\/wp-json\/wp\/v2\/posts\/78297\/revisions"}],"wp:featuredmedia":[{"embeddable":true,"href":"https:\/\/patagoniambiental.com.ar\/info\/wp-json\/wp\/v2\/media\/78299"}],"wp:attachment":[{"href":"https:\/\/patagoniambiental.com.ar\/info\/wp-json\/wp\/v2\/media?parent=78297"}],"wp:term":[{"taxonomy":"category","embeddable":true,"href":"https:\/\/patagoniambiental.com.ar\/info\/wp-json\/wp\/v2\/categories?post=78297"},{"taxonomy":"post_tag","embeddable":true,"href":"https:\/\/patagoniambiental.com.ar\/info\/wp-json\/wp\/v2\/tags?post=78297"}],"curies":[{"name":"wp","href":"https:\/\/api.w.org\/{rel}","templated":true}]}}