{"id":78390,"date":"2023-06-02T19:00:00","date_gmt":"2023-06-02T22:00:00","guid":{"rendered":"https:\/\/patagoniambiental.com.ar\/info\/?p=78390"},"modified":"2024-08-16T17:10:14","modified_gmt":"2024-08-16T20:10:14","slug":"el-programa-vivi-neuquen-suma-una-promocion-en-villa-el-chocon","status":"publish","type":"post","link":"https:\/\/patagoniambiental.com.ar\/info\/el-programa-vivi-neuquen-suma-una-promocion-en-villa-el-chocon\/","title":{"rendered":"El programa Viv\u00ed Neuqu\u00e9n suma una promoci\u00f3n en Villa El Choc\u00f3n"},"content":{"rendered":"\n<!--more-->\n\n\n\n<p><em>Se trata de un alojamiento en el que el turista puede alojar dos noches y abona solamente una.&nbsp; La misma es v\u00e1lida para d\u00edas de semana de lunes a jueves -exceptuando feriado -, y con vigencia hasta el 30 de junio.<\/em><\/p>\n\n\n\n<p>El ministerio de Turismo provincial sum\u00f3 un nuevo establecimiento tur\u00edstico al programa de descuentos y beneficios Viv\u00ed Neuqu\u00e9n. Se trata del alojamiento de Caba\u00f1as del Choc\u00f3n ubicado en Villa El Choc\u00f3n situada a 80 kil\u00f3metros de Neuqu\u00e9n capital.<\/p>\n\n\n\n<p>La prestaci\u00f3n tur\u00edstica cuenta con una promoci\u00f3n en la que el turista puede alojarse dos noches y abona solamente una.&nbsp; La misma es v\u00e1lida para d\u00edas de semana de lunes a jueves -exceptuando feriado -, y con vigencia hasta el 30 de junio.<\/p>\n\n\n\n<p>Cabe mencionar que la coordinadora de la cartera tur\u00edstica, Vilma Barreras y la coordinadora del Consejo Provincial de Turismo a cargo del programa, Ana Paula Rodr\u00edguez, mantuvieron un encuentro taller con prestadores tur\u00edsticos de la localidad. En el mismo participaron la secretaria de Turismo local, Fabiana Pueyrred\u00f3n y la directora del \u00e1rea, Adriana Galarza.<\/p>\n\n\n\n<p>En este sentido, se inform\u00f3&nbsp; que pr\u00f3ximamente se sumar\u00e1n m\u00e1s prestaciones de la villa tur\u00edstica. Actualmente hay vigentes unas 40 promociones que se pueden encontrar en el micrositio de Viv\u00ed Neuqu\u00e9n en&nbsp;<a href=\"http:\/\/www.neuquentur.gob.ar\/\" target=\"_blank\" rel=\"noreferrer noopener\">www.neuquentur.gob.ar<\/a><\/p>\n\n\n\n<p>El ministro de Turismo, Sandro Badilla, se reuni\u00f3 con el intendente local, Nicol\u00e1s Di Fonzo para repasar el trabajo realizado en materia tur\u00edstica y recorrieron distintos sitios y atractivos de la localidad.<\/p>\n\n\n\n<div style=\"height:100px\" aria-hidden=\"true\" class=\"wp-block-spacer\"><\/div>\n\n\n\n<h2 class=\"wp-block-heading\" id=\"h-vivi-neuquen\"><strong>Viv\u00cd Neuqu\u00e9n<\/strong><\/h2>\n\n\n\n<p>Viv\u00ed Neuqu\u00e9n alienta al p\u00fablico a recorrer y disfrutar de destinos y atractivos neuquinos en cualquier \u00e9poca del a\u00f1o, complementando con actividades recreativas y tur\u00edsticas, especialmente en estad\u00edas cortas y con beneficios en distintos rubros.<\/p>\n\n\n\n<p>En este sentido, el programa promueve que las comunidades locales tengan un flujo tur\u00edstico permanente bajo la idea de \u201cestacionalidad cero\u201d.<\/p>\n\n\n\n<p>Se esperan que se vayan sumando muchas m\u00e1s propuestas con una amplia variedad de opciones en alojamientos, gastronom\u00eda, excursiones, paseos y en transporte, entre otras.<\/p>\n\n\n\n<p>La iniciativa moviliza al turismo interno para que el p\u00fablico pueda conocer nuevos destinos o repetir sus viajes. Adem\u00e1s, se fomenta la articulaci\u00f3n p\u00fablica y privada entre empresas e instituciones con acciones de comercializaci\u00f3n dirigidas a los residentes.<\/p>\n\n\n\n<p>Esta estrategia favorece a las empresas con una cuota de mercado repetitiva y fiel respecto a sus consumos tur\u00edsticos.<\/p>\n\n\n\n<p>Surgido de las asambleas del Consejo Provincial de Turismo (CPT), Viv\u00ed Neuqu\u00e9n apunta a ser canal entre los sectores p\u00fablicos, privados y los turistas.<\/p>\n\n\n\n<div style=\"height:100px\" aria-hidden=\"true\" class=\"wp-block-spacer\"><\/div>\n\n\n\n<h2 class=\"wp-block-heading\" id=\"h-de-que-se-trata\"><strong>\u00bfDe qu\u00e9 se trata?<\/strong><\/h2>\n\n\n\n<p>Son acuerdos comerciales con tarjetas de cr\u00e9dito locales, instituciones y sectores intermedios. Pueden participar empresas locales, privadas, mixtas y estatales, que desean fidelizar a sus clientes, promoviendo el impulso al consumo local e incentivando la cadena de valor de la actividad dentro de la Provincia.<\/p>\n\n\n\n<p>Fuente: Neuquen Informa <\/p>\n","protected":false},"excerpt":{"rendered":"","protected":false},"author":2,"featured_media":78391,"comment_status":"open","ping_status":"open","sticky":false,"template":"","format":"standard","meta":{"site-sidebar-layout":"default","site-content-layout":"","ast-site-content-layout":"default","site-content-style":"default","site-sidebar-style":"default","ast-global-header-display":"","ast-banner-title-visibility":"","ast-main-header-display":"","ast-hfb-above-header-display":"","ast-hfb-below-header-display":"","ast-hfb-mobile-header-display":"","site-post-title":"","ast-breadcrumbs-content":"","ast-featured-img":"","footer-sml-layout":"","ast-disable-related-posts":"","theme-transparent-header-meta":"","adv-header-id-meta":"","stick-header-meta":"","header-above-stick-meta":"","header-main-stick-meta":"","header-below-stick-meta":"","astra-migrate-meta-layouts":"default","ast-page-background-enabled":"default","ast-page-background-meta":{"desktop":{"background-color":"var(--ast-global-color-5)","background-image":"","background-repeat":"repeat","background-position":"center center","background-size":"auto","background-attachment":"scroll","background-type":"","background-media":"","overlay-type":"","overlay-color":"","overlay-opacity":"","overlay-gradient":""},"tablet":{"background-color":"","background-image":"","background-repeat":"repeat","background-position":"center center","background-size":"auto","background-attachment":"scroll","background-type":"","background-media":"","overlay-type":"","overlay-color":"","overlay-opacity":"","overlay-gradient":""},"mobile":{"background-color":"","background-image":"","background-repeat":"repeat","background-position":"center center","background-size":"auto","background-attachment":"scroll","background-type":"","background-media":"","overlay-type":"","overlay-color":"","overlay-opacity":"","overlay-gradient":""}},"ast-content-background-meta":{"desktop":{"background-color":"var(--ast-global-color-4)","background-image":"","background-repeat":"repeat","background-position":"center center","background-size":"auto","background-attachment":"scroll","background-type":"","background-media":"","overlay-type":"","overlay-color":"","overlay-opacity":"","overlay-gradient":""},"tablet":{"background-color":"var(--ast-global-color-4)","background-image":"","background-repeat":"repeat","background-position":"center center","background-size":"auto","background-attachment":"scroll","background-type":"","background-media":"","overlay-type":"","overlay-color":"","overlay-opacity":"","overlay-gradient":""},"mobile":{"background-color":"var(--ast-global-color-4)","background-image":"","background-repeat":"repeat","background-position":"center center","background-size":"auto","background-attachment":"scroll","background-type":"","background-media":"","overlay-type":"","overlay-color":"","overlay-opacity":"","overlay-gradient":""}},"footnotes":""},"categories":[13],"tags":[],"class_list":["post-78390","post","type-post","status-publish","format-standard","has-post-thumbnail","hentry","category-provinciales"],"yoast_head":"<!-- This site is optimized with the Yoast SEO Premium plugin v23.0 (Yoast SEO v27.4) - https:\/\/yoast.com\/product\/yoast-seo-premium-wordpress\/ -->\n<title>El programa Viv\u00ed Neuqu\u00e9n suma una promoci\u00f3n en Villa El Choc\u00f3n<\/title>\n<meta name=\"robots\" content=\"index, follow, max-snippet:-1, max-image-preview:large, max-video-preview:-1\" \/>\n<link rel=\"canonical\" href=\"https:\/\/patagoniambiental.com.ar\/info\/el-programa-vivi-neuquen-suma-una-promocion-en-villa-el-chocon\/\" \/>\n<meta property=\"og:locale\" content=\"es_ES\" \/>\n<meta property=\"og:type\" content=\"article\" \/>\n<meta property=\"og:title\" content=\"El programa Viv\u00ed Neuqu\u00e9n suma una promoci\u00f3n en Villa El Choc\u00f3n\" \/>\n<meta property=\"og:url\" content=\"https:\/\/patagoniambiental.com.ar\/info\/el-programa-vivi-neuquen-suma-una-promocion-en-villa-el-chocon\/\" \/>\n<meta property=\"og:site_name\" content=\"Patagonia Ambiental\" \/>\n<meta property=\"article:publisher\" content=\"https:\/\/www.facebook.com\/patagonia.ambiental\" \/>\n<meta property=\"article:author\" content=\"https:\/\/www.facebook.com\/share\/1C1V8Gv9BX\/?mibextid=qi2Omg\" \/>\n<meta property=\"article:published_time\" content=\"2023-06-02T22:00:00+00:00\" \/>\n<meta property=\"article:modified_time\" content=\"2024-08-16T20:10:14+00:00\" \/>\n<meta property=\"og:image\" content=\"https:\/\/patagoniambiental.com.ar\/info\/wp-content\/uploads\/2023\/06\/thumbnail_web-Sandro-Badilla-recorrida-miradores-en-Villa-el-Chocon_4550.jpg\" \/>\n\t<meta property=\"og:image:width\" content=\"1403\" \/>\n\t<meta property=\"og:image:height\" content=\"693\" \/>\n\t<meta property=\"og:image:type\" content=\"image\/jpeg\" \/>\n<meta name=\"author\" content=\"Patagonia Ambiental\" \/>\n<meta name=\"twitter:card\" content=\"summary_large_image\" \/>\n<meta name=\"twitter:creator\" content=\"@PatAmb\" \/>\n<meta name=\"twitter:site\" content=\"@PatAmb\" \/>\n<script type=\"application\/ld+json\" class=\"yoast-schema-graph\">{\"@context\":\"https:\\\/\\\/schema.org\",\"@graph\":[{\"@type\":\"Article\",\"@id\":\"https:\\\/\\\/patagoniambiental.com.ar\\\/info\\\/el-programa-vivi-neuquen-suma-una-promocion-en-villa-el-chocon\\\/#article\",\"isPartOf\":{\"@id\":\"https:\\\/\\\/patagoniambiental.com.ar\\\/info\\\/el-programa-vivi-neuquen-suma-una-promocion-en-villa-el-chocon\\\/\"},\"author\":{\"name\":\"Patagonia Ambiental\",\"@id\":\"https:\\\/\\\/patagoniambiental.com.ar\\\/info\\\/#\\\/schema\\\/person\\\/db12bff64bbcbf6a253710bf0ea37b5d\"},\"headline\":\"El programa Viv\u00ed Neuqu\u00e9n suma una promoci\u00f3n en Villa El Choc\u00f3n\",\"datePublished\":\"2023-06-02T22:00:00+00:00\",\"dateModified\":\"2024-08-16T20:10:14+00:00\",\"mainEntityOfPage\":{\"@id\":\"https:\\\/\\\/patagoniambiental.com.ar\\\/info\\\/el-programa-vivi-neuquen-suma-una-promocion-en-villa-el-chocon\\\/\"},\"wordCount\":517,\"commentCount\":0,\"publisher\":{\"@id\":\"https:\\\/\\\/patagoniambiental.com.ar\\\/info\\\/#organization\"},\"image\":{\"@id\":\"https:\\\/\\\/patagoniambiental.com.ar\\\/info\\\/el-programa-vivi-neuquen-suma-una-promocion-en-villa-el-chocon\\\/#primaryimage\"},\"thumbnailUrl\":\"https:\\\/\\\/patagoniambiental.com.ar\\\/info\\\/wp-content\\\/uploads\\\/2023\\\/06\\\/thumbnail_web-Sandro-Badilla-recorrida-miradores-en-Villa-el-Chocon_4550.jpg\",\"articleSection\":[\"Provinciales\"],\"inLanguage\":\"es\",\"potentialAction\":[{\"@type\":\"CommentAction\",\"name\":\"Comment\",\"target\":[\"https:\\\/\\\/patagoniambiental.com.ar\\\/info\\\/el-programa-vivi-neuquen-suma-una-promocion-en-villa-el-chocon\\\/#respond\"]}]},{\"@type\":\"WebPage\",\"@id\":\"https:\\\/\\\/patagoniambiental.com.ar\\\/info\\\/el-programa-vivi-neuquen-suma-una-promocion-en-villa-el-chocon\\\/\",\"url\":\"https:\\\/\\\/patagoniambiental.com.ar\\\/info\\\/el-programa-vivi-neuquen-suma-una-promocion-en-villa-el-chocon\\\/\",\"name\":\"El programa Viv\u00ed Neuqu\u00e9n suma una promoci\u00f3n en Villa El Choc\u00f3n\",\"isPartOf\":{\"@id\":\"https:\\\/\\\/patagoniambiental.com.ar\\\/info\\\/#website\"},\"primaryImageOfPage\":{\"@id\":\"https:\\\/\\\/patagoniambiental.com.ar\\\/info\\\/el-programa-vivi-neuquen-suma-una-promocion-en-villa-el-chocon\\\/#primaryimage\"},\"image\":{\"@id\":\"https:\\\/\\\/patagoniambiental.com.ar\\\/info\\\/el-programa-vivi-neuquen-suma-una-promocion-en-villa-el-chocon\\\/#primaryimage\"},\"thumbnailUrl\":\"https:\\\/\\\/patagoniambiental.com.ar\\\/info\\\/wp-content\\\/uploads\\\/2023\\\/06\\\/thumbnail_web-Sandro-Badilla-recorrida-miradores-en-Villa-el-Chocon_4550.jpg\",\"datePublished\":\"2023-06-02T22:00:00+00:00\",\"dateModified\":\"2024-08-16T20:10:14+00:00\",\"breadcrumb\":{\"@id\":\"https:\\\/\\\/patagoniambiental.com.ar\\\/info\\\/el-programa-vivi-neuquen-suma-una-promocion-en-villa-el-chocon\\\/#breadcrumb\"},\"inLanguage\":\"es\",\"potentialAction\":[{\"@type\":\"ReadAction\",\"target\":[\"https:\\\/\\\/patagoniambiental.com.ar\\\/info\\\/el-programa-vivi-neuquen-suma-una-promocion-en-villa-el-chocon\\\/\"]}]},{\"@type\":\"ImageObject\",\"inLanguage\":\"es\",\"@id\":\"https:\\\/\\\/patagoniambiental.com.ar\\\/info\\\/el-programa-vivi-neuquen-suma-una-promocion-en-villa-el-chocon\\\/#primaryimage\",\"url\":\"https:\\\/\\\/patagoniambiental.com.ar\\\/info\\\/wp-content\\\/uploads\\\/2023\\\/06\\\/thumbnail_web-Sandro-Badilla-recorrida-miradores-en-Villa-el-Chocon_4550.jpg\",\"contentUrl\":\"https:\\\/\\\/patagoniambiental.com.ar\\\/info\\\/wp-content\\\/uploads\\\/2023\\\/06\\\/thumbnail_web-Sandro-Badilla-recorrida-miradores-en-Villa-el-Chocon_4550.jpg\",\"width\":1200,\"height\":593},{\"@type\":\"BreadcrumbList\",\"@id\":\"https:\\\/\\\/patagoniambiental.com.ar\\\/info\\\/el-programa-vivi-neuquen-suma-una-promocion-en-villa-el-chocon\\\/#breadcrumb\",\"itemListElement\":[{\"@type\":\"ListItem\",\"position\":1,\"name\":\"Inicio\",\"item\":\"https:\\\/\\\/patagoniambiental.com.ar\\\/info\\\/\"},{\"@type\":\"ListItem\",\"position\":2,\"name\":\"El programa Viv\u00ed Neuqu\u00e9n suma una promoci\u00f3n en Villa El Choc\u00f3n\"}]},{\"@type\":\"WebSite\",\"@id\":\"https:\\\/\\\/patagoniambiental.com.ar\\\/info\\\/#website\",\"url\":\"https:\\\/\\\/patagoniambiental.com.ar\\\/info\\\/\",\"name\":\"Patagonia Ambiental\",\"description\":\"Monitoreo y an\u00e1lisis de la situaci\u00f3n geopol\u00edtica en el mundo y su implicancia en la Patagonia\",\"publisher\":{\"@id\":\"https:\\\/\\\/patagoniambiental.com.ar\\\/info\\\/#organization\"},\"potentialAction\":[{\"@type\":\"SearchAction\",\"target\":{\"@type\":\"EntryPoint\",\"urlTemplate\":\"https:\\\/\\\/patagoniambiental.com.ar\\\/info\\\/?s={search_term_string}\"},\"query-input\":{\"@type\":\"PropertyValueSpecification\",\"valueRequired\":true,\"valueName\":\"search_term_string\"}}],\"inLanguage\":\"es\"},{\"@type\":\"Organization\",\"@id\":\"https:\\\/\\\/patagoniambiental.com.ar\\\/info\\\/#organization\",\"name\":\"Patagonia Ambiental\",\"url\":\"https:\\\/\\\/patagoniambiental.com.ar\\\/info\\\/\",\"logo\":{\"@type\":\"ImageObject\",\"inLanguage\":\"es\",\"@id\":\"https:\\\/\\\/patagoniambiental.com.ar\\\/info\\\/#\\\/schema\\\/logo\\\/image\\\/\",\"url\":\"https:\\\/\\\/patagoniambiental.com.ar\\\/info\\\/wp-content\\\/uploads\\\/2025\\\/05\\\/LOGO-PATAGONIA-AMBIENTAL.png\",\"contentUrl\":\"https:\\\/\\\/patagoniambiental.com.ar\\\/info\\\/wp-content\\\/uploads\\\/2025\\\/05\\\/LOGO-PATAGONIA-AMBIENTAL.png\",\"width\":433,\"height\":250,\"caption\":\"Patagonia Ambiental\"},\"image\":{\"@id\":\"https:\\\/\\\/patagoniambiental.com.ar\\\/info\\\/#\\\/schema\\\/logo\\\/image\\\/\"},\"sameAs\":[\"https:\\\/\\\/www.facebook.com\\\/patagonia.ambiental\",\"https:\\\/\\\/x.com\\\/PatAmb\"]},{\"@type\":\"Person\",\"@id\":\"https:\\\/\\\/patagoniambiental.com.ar\\\/info\\\/#\\\/schema\\\/person\\\/db12bff64bbcbf6a253710bf0ea37b5d\",\"name\":\"Patagonia Ambiental\",\"description\":\"Andr\u00e9s Nievas T\u00e9cnico en manejo ambiental, consultor Ambiental y escritor para medios locales e internacionales sobre temas de geopolitica y medio ambiente.\",\"sameAs\":[\"http:\\\/\\\/www.patagoniambiental.com.ar\",\"https:\\\/\\\/www.facebook.com\\\/share\\\/1C1V8Gv9BX\\\/?mibextid=qi2Omg\",\"@patagoniambiental\",\"https:\\\/\\\/youtube.com\\\/@patagoniaambiental2023?si=BLt58t0wuXquxlYZ\"]}]}<\/script>\n<!-- \/ Yoast SEO Premium plugin. -->","yoast_head_json":{"title":"El programa Viv\u00ed Neuqu\u00e9n suma una promoci\u00f3n en Villa El Choc\u00f3n","robots":{"index":"index","follow":"follow","max-snippet":"max-snippet:-1","max-image-preview":"max-image-preview:large","max-video-preview":"max-video-preview:-1"},"canonical":"https:\/\/patagoniambiental.com.ar\/info\/el-programa-vivi-neuquen-suma-una-promocion-en-villa-el-chocon\/","og_locale":"es_ES","og_type":"article","og_title":"El programa Viv\u00ed Neuqu\u00e9n suma una promoci\u00f3n en Villa El Choc\u00f3n","og_url":"https:\/\/patagoniambiental.com.ar\/info\/el-programa-vivi-neuquen-suma-una-promocion-en-villa-el-chocon\/","og_site_name":"Patagonia Ambiental","article_publisher":"https:\/\/www.facebook.com\/patagonia.ambiental","article_author":"https:\/\/www.facebook.com\/share\/1C1V8Gv9BX\/?mibextid=qi2Omg","article_published_time":"2023-06-02T22:00:00+00:00","article_modified_time":"2024-08-16T20:10:14+00:00","og_image":[{"width":1403,"height":693,"url":"https:\/\/patagoniambiental.com.ar\/info\/wp-content\/uploads\/2023\/06\/thumbnail_web-Sandro-Badilla-recorrida-miradores-en-Villa-el-Chocon_4550.jpg","type":"image\/jpeg"}],"author":"Patagonia Ambiental","twitter_card":"summary_large_image","twitter_creator":"@PatAmb","twitter_site":"@PatAmb","schema":{"@context":"https:\/\/schema.org","@graph":[{"@type":"Article","@id":"https:\/\/patagoniambiental.com.ar\/info\/el-programa-vivi-neuquen-suma-una-promocion-en-villa-el-chocon\/#article","isPartOf":{"@id":"https:\/\/patagoniambiental.com.ar\/info\/el-programa-vivi-neuquen-suma-una-promocion-en-villa-el-chocon\/"},"author":{"name":"Patagonia Ambiental","@id":"https:\/\/patagoniambiental.com.ar\/info\/#\/schema\/person\/db12bff64bbcbf6a253710bf0ea37b5d"},"headline":"El programa Viv\u00ed Neuqu\u00e9n suma una promoci\u00f3n en Villa El Choc\u00f3n","datePublished":"2023-06-02T22:00:00+00:00","dateModified":"2024-08-16T20:10:14+00:00","mainEntityOfPage":{"@id":"https:\/\/patagoniambiental.com.ar\/info\/el-programa-vivi-neuquen-suma-una-promocion-en-villa-el-chocon\/"},"wordCount":517,"commentCount":0,"publisher":{"@id":"https:\/\/patagoniambiental.com.ar\/info\/#organization"},"image":{"@id":"https:\/\/patagoniambiental.com.ar\/info\/el-programa-vivi-neuquen-suma-una-promocion-en-villa-el-chocon\/#primaryimage"},"thumbnailUrl":"https:\/\/patagoniambiental.com.ar\/info\/wp-content\/uploads\/2023\/06\/thumbnail_web-Sandro-Badilla-recorrida-miradores-en-Villa-el-Chocon_4550.jpg","articleSection":["Provinciales"],"inLanguage":"es","potentialAction":[{"@type":"CommentAction","name":"Comment","target":["https:\/\/patagoniambiental.com.ar\/info\/el-programa-vivi-neuquen-suma-una-promocion-en-villa-el-chocon\/#respond"]}]},{"@type":"WebPage","@id":"https:\/\/patagoniambiental.com.ar\/info\/el-programa-vivi-neuquen-suma-una-promocion-en-villa-el-chocon\/","url":"https:\/\/patagoniambiental.com.ar\/info\/el-programa-vivi-neuquen-suma-una-promocion-en-villa-el-chocon\/","name":"El programa Viv\u00ed Neuqu\u00e9n suma una promoci\u00f3n en Villa El Choc\u00f3n","isPartOf":{"@id":"https:\/\/patagoniambiental.com.ar\/info\/#website"},"primaryImageOfPage":{"@id":"https:\/\/patagoniambiental.com.ar\/info\/el-programa-vivi-neuquen-suma-una-promocion-en-villa-el-chocon\/#primaryimage"},"image":{"@id":"https:\/\/patagoniambiental.com.ar\/info\/el-programa-vivi-neuquen-suma-una-promocion-en-villa-el-chocon\/#primaryimage"},"thumbnailUrl":"https:\/\/patagoniambiental.com.ar\/info\/wp-content\/uploads\/2023\/06\/thumbnail_web-Sandro-Badilla-recorrida-miradores-en-Villa-el-Chocon_4550.jpg","datePublished":"2023-06-02T22:00:00+00:00","dateModified":"2024-08-16T20:10:14+00:00","breadcrumb":{"@id":"https:\/\/patagoniambiental.com.ar\/info\/el-programa-vivi-neuquen-suma-una-promocion-en-villa-el-chocon\/#breadcrumb"},"inLanguage":"es","potentialAction":[{"@type":"ReadAction","target":["https:\/\/patagoniambiental.com.ar\/info\/el-programa-vivi-neuquen-suma-una-promocion-en-villa-el-chocon\/"]}]},{"@type":"ImageObject","inLanguage":"es","@id":"https:\/\/patagoniambiental.com.ar\/info\/el-programa-vivi-neuquen-suma-una-promocion-en-villa-el-chocon\/#primaryimage","url":"https:\/\/patagoniambiental.com.ar\/info\/wp-content\/uploads\/2023\/06\/thumbnail_web-Sandro-Badilla-recorrida-miradores-en-Villa-el-Chocon_4550.jpg","contentUrl":"https:\/\/patagoniambiental.com.ar\/info\/wp-content\/uploads\/2023\/06\/thumbnail_web-Sandro-Badilla-recorrida-miradores-en-Villa-el-Chocon_4550.jpg","width":1200,"height":593},{"@type":"BreadcrumbList","@id":"https:\/\/patagoniambiental.com.ar\/info\/el-programa-vivi-neuquen-suma-una-promocion-en-villa-el-chocon\/#breadcrumb","itemListElement":[{"@type":"ListItem","position":1,"name":"Inicio","item":"https:\/\/patagoniambiental.com.ar\/info\/"},{"@type":"ListItem","position":2,"name":"El programa Viv\u00ed Neuqu\u00e9n suma una promoci\u00f3n en Villa El Choc\u00f3n"}]},{"@type":"WebSite","@id":"https:\/\/patagoniambiental.com.ar\/info\/#website","url":"https:\/\/patagoniambiental.com.ar\/info\/","name":"Patagonia Ambiental","description":"Monitoreo y an\u00e1lisis de la situaci\u00f3n geopol\u00edtica en el mundo y su implicancia en la Patagonia","publisher":{"@id":"https:\/\/patagoniambiental.com.ar\/info\/#organization"},"potentialAction":[{"@type":"SearchAction","target":{"@type":"EntryPoint","urlTemplate":"https:\/\/patagoniambiental.com.ar\/info\/?s={search_term_string}"},"query-input":{"@type":"PropertyValueSpecification","valueRequired":true,"valueName":"search_term_string"}}],"inLanguage":"es"},{"@type":"Organization","@id":"https:\/\/patagoniambiental.com.ar\/info\/#organization","name":"Patagonia Ambiental","url":"https:\/\/patagoniambiental.com.ar\/info\/","logo":{"@type":"ImageObject","inLanguage":"es","@id":"https:\/\/patagoniambiental.com.ar\/info\/#\/schema\/logo\/image\/","url":"https:\/\/patagoniambiental.com.ar\/info\/wp-content\/uploads\/2025\/05\/LOGO-PATAGONIA-AMBIENTAL.png","contentUrl":"https:\/\/patagoniambiental.com.ar\/info\/wp-content\/uploads\/2025\/05\/LOGO-PATAGONIA-AMBIENTAL.png","width":433,"height":250,"caption":"Patagonia Ambiental"},"image":{"@id":"https:\/\/patagoniambiental.com.ar\/info\/#\/schema\/logo\/image\/"},"sameAs":["https:\/\/www.facebook.com\/patagonia.ambiental","https:\/\/x.com\/PatAmb"]},{"@type":"Person","@id":"https:\/\/patagoniambiental.com.ar\/info\/#\/schema\/person\/db12bff64bbcbf6a253710bf0ea37b5d","name":"Patagonia Ambiental","description":"Andr\u00e9s Nievas T\u00e9cnico en manejo ambiental, consultor Ambiental y escritor para medios locales e internacionales sobre temas de geopolitica y medio ambiente.","sameAs":["http:\/\/www.patagoniambiental.com.ar","https:\/\/www.facebook.com\/share\/1C1V8Gv9BX\/?mibextid=qi2Omg","@patagoniambiental","https:\/\/youtube.com\/@patagoniaambiental2023?si=BLt58t0wuXquxlYZ"]}]}},"_links":{"self":[{"href":"https:\/\/patagoniambiental.com.ar\/info\/wp-json\/wp\/v2\/posts\/78390","targetHints":{"allow":["GET"]}}],"collection":[{"href":"https:\/\/patagoniambiental.com.ar\/info\/wp-json\/wp\/v2\/posts"}],"about":[{"href":"https:\/\/patagoniambiental.com.ar\/info\/wp-json\/wp\/v2\/types\/post"}],"author":[{"embeddable":true,"href":"https:\/\/patagoniambiental.com.ar\/info\/wp-json\/wp\/v2\/users\/2"}],"replies":[{"embeddable":true,"href":"https:\/\/patagoniambiental.com.ar\/info\/wp-json\/wp\/v2\/comments?post=78390"}],"version-history":[{"count":0,"href":"https:\/\/patagoniambiental.com.ar\/info\/wp-json\/wp\/v2\/posts\/78390\/revisions"}],"wp:featuredmedia":[{"embeddable":true,"href":"https:\/\/patagoniambiental.com.ar\/info\/wp-json\/wp\/v2\/media\/78391"}],"wp:attachment":[{"href":"https:\/\/patagoniambiental.com.ar\/info\/wp-json\/wp\/v2\/media?parent=78390"}],"wp:term":[{"taxonomy":"category","embeddable":true,"href":"https:\/\/patagoniambiental.com.ar\/info\/wp-json\/wp\/v2\/categories?post=78390"},{"taxonomy":"post_tag","embeddable":true,"href":"https:\/\/patagoniambiental.com.ar\/info\/wp-json\/wp\/v2\/tags?post=78390"}],"curies":[{"name":"wp","href":"https:\/\/api.w.org\/{rel}","templated":true}]}}