{"id":78431,"date":"2023-06-10T07:00:00","date_gmt":"2023-06-10T10:00:00","guid":{"rendered":"https:\/\/patagoniambiental.com.ar\/info\/?p=78431"},"modified":"2024-08-16T16:59:44","modified_gmt":"2024-08-16T19:59:44","slug":"la-plata-presentaron-el-primer-omnibus-a-propulsion-electrica-con-baterias-de-litio-del-pais","status":"publish","type":"post","link":"https:\/\/patagoniambiental.com.ar\/info\/la-plata-presentaron-el-primer-omnibus-a-propulsion-electrica-con-baterias-de-litio-del-pais\/","title":{"rendered":"Presentaron el primer \u00f3mnibus a propulsi\u00f3n el\u00e9ctrica con bater\u00edas de litio del pa\u00eds"},"content":{"rendered":"\n<!--more-->\n\n\n\n<p><strong>El primer \u00f3mnibus a propulsi\u00f3n el\u00e9ctrica con bater\u00edas de litio del pa\u00eds, financiado por el Ministerio de Ciencia, Tecnolog\u00eda e Innovaci\u00f3n y desarrollado por la Facultada de Ingenier\u00eda de la Universidad Nacional de La Plata (UNLP), fue presentado ayer en el marco del D\u00eda Mundial del Ambiente.<\/strong><\/p>\n\n\n\n<p>El ministro Daniel Filmus particip\u00f3 de la presentaci\u00f3n de la unidad reconvertida por profesionales y t\u00e9cnicos de la Facultad de Ingenier\u00eda y de la Empresa Nueve de Julio S.A.T.<\/p>\n\n\n\n<p>El veh\u00edculo tiene una autonom\u00eda de 200 kil\u00f3metros y para su desarrollo cont\u00f3 con un aporte de 49 millones de pesos otorgado por la Agencia I+D+i, que funciona bajo la \u00f3rbita del Ministerio de Ciencia.<\/p>\n\n\n\n<p>Filmus felicit\u00f3 a los trabajadores de la empresa y a los profesionales de la UNLP, y destac\u00f3 que es \u201csustantivo y fundamental que trabajemos en cuidar un mundo que, si no tomamos medidas dr\u00e1sticas, vamos a sufrir consecuencias a\u00fan m\u00e1s dram\u00e1ticas que las que ya padecemos, como la sequ\u00eda\u201d.<\/p>\n\n\n\n<p>\u201cEste D\u00eda del Ambiente tiene el sentido de tomar conciencia de que solo es posible resolver las problem\u00e1ticas actuales por medio de la ciencia y la tecnolog\u00eda\u201d, subray\u00f3.<\/p>\n\n\n\n<p>El funcionario resalt\u00f3 que uno de los desaf\u00edos \u201ces evitar abordar este tema desde una perspectiva colonial\u201d y remarc\u00f3 que \u201cbasta ver c\u00f3mo las regulaciones de la Uni\u00f3n Europea y los pa\u00edses centrales, bajo el argumento del cambio clim\u00e1tico, tambi\u00e9n funcionan como una barrera aduanera para-arancelaria que impide a nuestros pa\u00edses, que no tienen las mismas condiciones para desarrollar ciencia y tecnolog\u00eda, colocar nuestros productos en el mercado global\u00bb.<\/p>\n\n\n\n<p>\u00abLos efectos del cambio clim\u00e1tico los sufrimos todos los pa\u00edses, pero los producen fundamentalmente los pa\u00edses del hemisferio norte\u201d, sostuvo.<\/p>\n\n\n\n<p>Filmus destac\u00f3 la importancia de la articulaci\u00f3n p\u00fablico-privada y advirti\u00f3: \u201cSi no articulamos no tenemos destino, tenemos que defender las conquistas imprescindibles que la ciencia y la tecnolog\u00eda colocan al servicio de nuestra gente\u201d.<\/p>\n\n\n\n<p>Agreg\u00f3 que \u201cla electromovilidad tiene un impacto enorme en la calidad de vida de nuestra sociedad\u00bb y se\u00f1al\u00f3 que \u00abhace falta que el Estado genere mecanismos de incentivo fiscal\u00bb que \u00abpermita que haya inversiones serias de empresarios, del Estado nacional y las provincias\u201d.<\/p>\n\n\n\n<p>\u201cEs urgente una ley de electromovilidad. Tenemos que tener una perspectiva de desarrollo tecnol\u00f3gico propio\u00bb, expres\u00f3.<\/p>\n\n\n\n<p>Por su parte, el vicepresidente de la UNLP, Fernando Tauber, resalt\u00f3 que \u201choy es un d\u00eda hist\u00f3rico para nuestra ciudad\u00bb y agradeci\u00f3 a \u00ablos sectores del Gobierno que nos vienen acompa\u00f1ando en proyectos tan ambiciosos para construir soberan\u00eda desde el conocimiento\u00bb.<\/p>\n\n\n\n<div style=\"height:100px\" aria-hidden=\"true\" class=\"wp-block-spacer\"><\/div>\n\n\n\n<h2 class=\"wp-block-heading\" id=\"h-proyecto\"><strong>PROYECTO<\/strong><\/h2>\n\n\n\n<p>La Facultad de Ingenier\u00eda y la empresa realizaron un primer prototipo de micro el\u00e9ctrico en diciembre del 2020, que llegaba a recorrer hasta 60 kil\u00f3metros.<\/p>\n\n\n\n<p>Los trabajos se llevaron adelante en las instalaciones del Centro Tecnol\u00f3gico Aeroespacial (CTA-UNLP).<\/p>\n\n\n\n<p>En cuanto al tiempo de carga de la bater\u00eda, el \u00f3mnibus cuenta con un cargador de 40 kW se puede realizar entre 4 y 6 horas.<\/p>\n\n\n\n<p>Para la reconversi\u00f3n del micro, se sac\u00f3 todo el sistema de propulsi\u00f3n a combusti\u00f3n, motor, tanque de combustible y sistemas de refrigeraci\u00f3n y se dej\u00f3 la instalaci\u00f3n el\u00e9ctrica original y la instalaci\u00f3n del sistema neum\u00e1tico, encargada de los frenos y la suspensi\u00f3n.<\/p>\n\n\n\n<p>Se le coloc\u00f3 la bater\u00eda, el motor y un nuevo compresor que se adapt\u00f3 para el sistema de neum\u00e1ticos y se acomod\u00f3 la instalaci\u00f3n el\u00e9ctrica para compatibilizar los dos sistemas (el nuevo y el de f\u00e1brica) y que puedan coexistir en el coche, indicaron.<\/p>\n\n\n\n<p>Participaron del proyecto los ingenieros Alejandro Patanella (aeron\u00e1utico), Guillermo Garaventta (electr\u00f3nico) y Bautista Nebbia (electromec\u00e1nico), adem\u00e1s de los estudiantes de Ingenier\u00eda Electromec\u00e1nica Javier Eguren, Juan Pablo Ane, Juan Ignacio Cuenca y Francisco Tiberi y el t\u00e9cnico electro-mec\u00e1nico y estudiante de Ingenier\u00eda Electr\u00f3nica Alejandro Epifanio.<\/p>\n\n\n\n<p>Fuente: radiodon.com.ar<\/p>\n","protected":false},"excerpt":{"rendered":"","protected":false},"author":2,"featured_media":78432,"comment_status":"open","ping_status":"open","sticky":false,"template":"","format":"standard","meta":{"site-sidebar-layout":"default","site-content-layout":"","ast-site-content-layout":"default","site-content-style":"default","site-sidebar-style":"default","ast-global-header-display":"","ast-banner-title-visibility":"","ast-main-header-display":"","ast-hfb-above-header-display":"","ast-hfb-below-header-display":"","ast-hfb-mobile-header-display":"","site-post-title":"","ast-breadcrumbs-content":"","ast-featured-img":"","footer-sml-layout":"","ast-disable-related-posts":"","theme-transparent-header-meta":"","adv-header-id-meta":"","stick-header-meta":"","header-above-stick-meta":"","header-main-stick-meta":"","header-below-stick-meta":"","astra-migrate-meta-layouts":"default","ast-page-background-enabled":"default","ast-page-background-meta":{"desktop":{"background-color":"var(--ast-global-color-5)","background-image":"","background-repeat":"repeat","background-position":"center center","background-size":"auto","background-attachment":"scroll","background-type":"","background-media":"","overlay-type":"","overlay-color":"","overlay-opacity":"","overlay-gradient":""},"tablet":{"background-color":"","background-image":"","background-repeat":"repeat","background-position":"center center","background-size":"auto","background-attachment":"scroll","background-type":"","background-media":"","overlay-type":"","overlay-color":"","overlay-opacity":"","overlay-gradient":""},"mobile":{"background-color":"","background-image":"","background-repeat":"repeat","background-position":"center center","background-size":"auto","background-attachment":"scroll","background-type":"","background-media":"","overlay-type":"","overlay-color":"","overlay-opacity":"","overlay-gradient":""}},"ast-content-background-meta":{"desktop":{"background-color":"var(--ast-global-color-4)","background-image":"","background-repeat":"repeat","background-position":"center center","background-size":"auto","background-attachment":"scroll","background-type":"","background-media":"","overlay-type":"","overlay-color":"","overlay-opacity":"","overlay-gradient":""},"tablet":{"background-color":"var(--ast-global-color-4)","background-image":"","background-repeat":"repeat","background-position":"center center","background-size":"auto","background-attachment":"scroll","background-type":"","background-media":"","overlay-type":"","overlay-color":"","overlay-opacity":"","overlay-gradient":""},"mobile":{"background-color":"var(--ast-global-color-4)","background-image":"","background-repeat":"repeat","background-position":"center center","background-size":"auto","background-attachment":"scroll","background-type":"","background-media":"","overlay-type":"","overlay-color":"","overlay-opacity":"","overlay-gradient":""}},"footnotes":""},"categories":[13],"tags":[],"class_list":["post-78431","post","type-post","status-publish","format-standard","has-post-thumbnail","hentry","category-provinciales"],"yoast_head":"<!-- This site is optimized with the Yoast SEO Premium plugin v23.0 (Yoast SEO v27.4) - https:\/\/yoast.com\/product\/yoast-seo-premium-wordpress\/ -->\n<title>Presentaron el primer \u00f3mnibus a propulsi\u00f3n el\u00e9ctrica con bater\u00edas de litio del pa\u00eds<\/title>\n<meta name=\"robots\" content=\"index, follow, max-snippet:-1, max-image-preview:large, max-video-preview:-1\" \/>\n<link rel=\"canonical\" href=\"https:\/\/patagoniambiental.com.ar\/info\/la-plata-presentaron-el-primer-omnibus-a-propulsion-electrica-con-baterias-de-litio-del-pais\/\" \/>\n<meta property=\"og:locale\" content=\"es_ES\" \/>\n<meta property=\"og:type\" content=\"article\" \/>\n<meta property=\"og:title\" content=\"Presentaron el primer \u00f3mnibus a propulsi\u00f3n el\u00e9ctrica con bater\u00edas de litio del pa\u00eds\" \/>\n<meta property=\"og:url\" content=\"https:\/\/patagoniambiental.com.ar\/info\/la-plata-presentaron-el-primer-omnibus-a-propulsion-electrica-con-baterias-de-litio-del-pais\/\" \/>\n<meta property=\"og:site_name\" content=\"Patagonia Ambiental\" \/>\n<meta property=\"article:publisher\" content=\"https:\/\/www.facebook.com\/patagonia.ambiental\" \/>\n<meta property=\"article:author\" content=\"https:\/\/www.facebook.com\/share\/1C1V8Gv9BX\/?mibextid=qi2Omg\" \/>\n<meta property=\"article:published_time\" content=\"2023-06-10T10:00:00+00:00\" \/>\n<meta property=\"article:modified_time\" content=\"2024-08-16T19:59:44+00:00\" \/>\n<meta property=\"og:image\" content=\"https:\/\/patagoniambiental.com.ar\/info\/wp-content\/uploads\/2023\/06\/index-1.jpeg\" \/>\n\t<meta property=\"og:image:width\" content=\"300\" \/>\n\t<meta property=\"og:image:height\" content=\"168\" \/>\n\t<meta property=\"og:image:type\" content=\"image\/jpeg\" \/>\n<meta name=\"author\" content=\"Patagonia Ambiental\" \/>\n<meta name=\"twitter:card\" content=\"summary_large_image\" \/>\n<meta name=\"twitter:creator\" content=\"@PatAmb\" \/>\n<meta name=\"twitter:site\" content=\"@PatAmb\" \/>\n<script type=\"application\/ld+json\" class=\"yoast-schema-graph\">{\"@context\":\"https:\\\/\\\/schema.org\",\"@graph\":[{\"@type\":\"Article\",\"@id\":\"https:\\\/\\\/patagoniambiental.com.ar\\\/info\\\/la-plata-presentaron-el-primer-omnibus-a-propulsion-electrica-con-baterias-de-litio-del-pais\\\/#article\",\"isPartOf\":{\"@id\":\"https:\\\/\\\/patagoniambiental.com.ar\\\/info\\\/la-plata-presentaron-el-primer-omnibus-a-propulsion-electrica-con-baterias-de-litio-del-pais\\\/\"},\"author\":{\"name\":\"Patagonia Ambiental\",\"@id\":\"https:\\\/\\\/patagoniambiental.com.ar\\\/info\\\/#\\\/schema\\\/person\\\/db12bff64bbcbf6a253710bf0ea37b5d\"},\"headline\":\"Presentaron el primer \u00f3mnibus a propulsi\u00f3n el\u00e9ctrica con bater\u00edas de litio del pa\u00eds\",\"datePublished\":\"2023-06-10T10:00:00+00:00\",\"dateModified\":\"2024-08-16T19:59:44+00:00\",\"mainEntityOfPage\":{\"@id\":\"https:\\\/\\\/patagoniambiental.com.ar\\\/info\\\/la-plata-presentaron-el-primer-omnibus-a-propulsion-electrica-con-baterias-de-litio-del-pais\\\/\"},\"wordCount\":695,\"commentCount\":0,\"publisher\":{\"@id\":\"https:\\\/\\\/patagoniambiental.com.ar\\\/info\\\/#organization\"},\"image\":{\"@id\":\"https:\\\/\\\/patagoniambiental.com.ar\\\/info\\\/la-plata-presentaron-el-primer-omnibus-a-propulsion-electrica-con-baterias-de-litio-del-pais\\\/#primaryimage\"},\"thumbnailUrl\":\"https:\\\/\\\/patagoniambiental.com.ar\\\/info\\\/wp-content\\\/uploads\\\/2023\\\/06\\\/index-1.jpeg\",\"articleSection\":[\"Provinciales\"],\"inLanguage\":\"es\",\"potentialAction\":[{\"@type\":\"CommentAction\",\"name\":\"Comment\",\"target\":[\"https:\\\/\\\/patagoniambiental.com.ar\\\/info\\\/la-plata-presentaron-el-primer-omnibus-a-propulsion-electrica-con-baterias-de-litio-del-pais\\\/#respond\"]}]},{\"@type\":\"WebPage\",\"@id\":\"https:\\\/\\\/patagoniambiental.com.ar\\\/info\\\/la-plata-presentaron-el-primer-omnibus-a-propulsion-electrica-con-baterias-de-litio-del-pais\\\/\",\"url\":\"https:\\\/\\\/patagoniambiental.com.ar\\\/info\\\/la-plata-presentaron-el-primer-omnibus-a-propulsion-electrica-con-baterias-de-litio-del-pais\\\/\",\"name\":\"Presentaron el primer \u00f3mnibus a propulsi\u00f3n el\u00e9ctrica con bater\u00edas de litio del pa\u00eds\",\"isPartOf\":{\"@id\":\"https:\\\/\\\/patagoniambiental.com.ar\\\/info\\\/#website\"},\"primaryImageOfPage\":{\"@id\":\"https:\\\/\\\/patagoniambiental.com.ar\\\/info\\\/la-plata-presentaron-el-primer-omnibus-a-propulsion-electrica-con-baterias-de-litio-del-pais\\\/#primaryimage\"},\"image\":{\"@id\":\"https:\\\/\\\/patagoniambiental.com.ar\\\/info\\\/la-plata-presentaron-el-primer-omnibus-a-propulsion-electrica-con-baterias-de-litio-del-pais\\\/#primaryimage\"},\"thumbnailUrl\":\"https:\\\/\\\/patagoniambiental.com.ar\\\/info\\\/wp-content\\\/uploads\\\/2023\\\/06\\\/index-1.jpeg\",\"datePublished\":\"2023-06-10T10:00:00+00:00\",\"dateModified\":\"2024-08-16T19:59:44+00:00\",\"breadcrumb\":{\"@id\":\"https:\\\/\\\/patagoniambiental.com.ar\\\/info\\\/la-plata-presentaron-el-primer-omnibus-a-propulsion-electrica-con-baterias-de-litio-del-pais\\\/#breadcrumb\"},\"inLanguage\":\"es\",\"potentialAction\":[{\"@type\":\"ReadAction\",\"target\":[\"https:\\\/\\\/patagoniambiental.com.ar\\\/info\\\/la-plata-presentaron-el-primer-omnibus-a-propulsion-electrica-con-baterias-de-litio-del-pais\\\/\"]}]},{\"@type\":\"ImageObject\",\"inLanguage\":\"es\",\"@id\":\"https:\\\/\\\/patagoniambiental.com.ar\\\/info\\\/la-plata-presentaron-el-primer-omnibus-a-propulsion-electrica-con-baterias-de-litio-del-pais\\\/#primaryimage\",\"url\":\"https:\\\/\\\/patagoniambiental.com.ar\\\/info\\\/wp-content\\\/uploads\\\/2023\\\/06\\\/index-1.jpeg\",\"contentUrl\":\"https:\\\/\\\/patagoniambiental.com.ar\\\/info\\\/wp-content\\\/uploads\\\/2023\\\/06\\\/index-1.jpeg\",\"width\":300,\"height\":168},{\"@type\":\"BreadcrumbList\",\"@id\":\"https:\\\/\\\/patagoniambiental.com.ar\\\/info\\\/la-plata-presentaron-el-primer-omnibus-a-propulsion-electrica-con-baterias-de-litio-del-pais\\\/#breadcrumb\",\"itemListElement\":[{\"@type\":\"ListItem\",\"position\":1,\"name\":\"Inicio\",\"item\":\"https:\\\/\\\/patagoniambiental.com.ar\\\/info\\\/\"},{\"@type\":\"ListItem\",\"position\":2,\"name\":\"Presentaron el primer \u00f3mnibus a propulsi\u00f3n el\u00e9ctrica con bater\u00edas de litio del pa\u00eds\"}]},{\"@type\":\"WebSite\",\"@id\":\"https:\\\/\\\/patagoniambiental.com.ar\\\/info\\\/#website\",\"url\":\"https:\\\/\\\/patagoniambiental.com.ar\\\/info\\\/\",\"name\":\"Patagonia Ambiental\",\"description\":\"Monitoreo y an\u00e1lisis de la situaci\u00f3n geopol\u00edtica en el mundo y su implicancia en la Patagonia\",\"publisher\":{\"@id\":\"https:\\\/\\\/patagoniambiental.com.ar\\\/info\\\/#organization\"},\"potentialAction\":[{\"@type\":\"SearchAction\",\"target\":{\"@type\":\"EntryPoint\",\"urlTemplate\":\"https:\\\/\\\/patagoniambiental.com.ar\\\/info\\\/?s={search_term_string}\"},\"query-input\":{\"@type\":\"PropertyValueSpecification\",\"valueRequired\":true,\"valueName\":\"search_term_string\"}}],\"inLanguage\":\"es\"},{\"@type\":\"Organization\",\"@id\":\"https:\\\/\\\/patagoniambiental.com.ar\\\/info\\\/#organization\",\"name\":\"Patagonia Ambiental\",\"url\":\"https:\\\/\\\/patagoniambiental.com.ar\\\/info\\\/\",\"logo\":{\"@type\":\"ImageObject\",\"inLanguage\":\"es\",\"@id\":\"https:\\\/\\\/patagoniambiental.com.ar\\\/info\\\/#\\\/schema\\\/logo\\\/image\\\/\",\"url\":\"https:\\\/\\\/patagoniambiental.com.ar\\\/info\\\/wp-content\\\/uploads\\\/2025\\\/05\\\/LOGO-PATAGONIA-AMBIENTAL.png\",\"contentUrl\":\"https:\\\/\\\/patagoniambiental.com.ar\\\/info\\\/wp-content\\\/uploads\\\/2025\\\/05\\\/LOGO-PATAGONIA-AMBIENTAL.png\",\"width\":433,\"height\":250,\"caption\":\"Patagonia Ambiental\"},\"image\":{\"@id\":\"https:\\\/\\\/patagoniambiental.com.ar\\\/info\\\/#\\\/schema\\\/logo\\\/image\\\/\"},\"sameAs\":[\"https:\\\/\\\/www.facebook.com\\\/patagonia.ambiental\",\"https:\\\/\\\/x.com\\\/PatAmb\"]},{\"@type\":\"Person\",\"@id\":\"https:\\\/\\\/patagoniambiental.com.ar\\\/info\\\/#\\\/schema\\\/person\\\/db12bff64bbcbf6a253710bf0ea37b5d\",\"name\":\"Patagonia Ambiental\",\"description\":\"Andr\u00e9s Nievas T\u00e9cnico en manejo ambiental, consultor Ambiental y escritor para medios locales e internacionales sobre temas de geopolitica y medio ambiente.\",\"sameAs\":[\"http:\\\/\\\/www.patagoniambiental.com.ar\",\"https:\\\/\\\/www.facebook.com\\\/share\\\/1C1V8Gv9BX\\\/?mibextid=qi2Omg\",\"@patagoniambiental\",\"https:\\\/\\\/youtube.com\\\/@patagoniaambiental2023?si=BLt58t0wuXquxlYZ\"]}]}<\/script>\n<!-- \/ Yoast SEO Premium plugin. -->","yoast_head_json":{"title":"Presentaron el primer \u00f3mnibus a propulsi\u00f3n el\u00e9ctrica con bater\u00edas de litio del pa\u00eds","robots":{"index":"index","follow":"follow","max-snippet":"max-snippet:-1","max-image-preview":"max-image-preview:large","max-video-preview":"max-video-preview:-1"},"canonical":"https:\/\/patagoniambiental.com.ar\/info\/la-plata-presentaron-el-primer-omnibus-a-propulsion-electrica-con-baterias-de-litio-del-pais\/","og_locale":"es_ES","og_type":"article","og_title":"Presentaron el primer \u00f3mnibus a propulsi\u00f3n el\u00e9ctrica con bater\u00edas de litio del pa\u00eds","og_url":"https:\/\/patagoniambiental.com.ar\/info\/la-plata-presentaron-el-primer-omnibus-a-propulsion-electrica-con-baterias-de-litio-del-pais\/","og_site_name":"Patagonia Ambiental","article_publisher":"https:\/\/www.facebook.com\/patagonia.ambiental","article_author":"https:\/\/www.facebook.com\/share\/1C1V8Gv9BX\/?mibextid=qi2Omg","article_published_time":"2023-06-10T10:00:00+00:00","article_modified_time":"2024-08-16T19:59:44+00:00","og_image":[{"width":300,"height":168,"url":"https:\/\/patagoniambiental.com.ar\/info\/wp-content\/uploads\/2023\/06\/index-1.jpeg","type":"image\/jpeg"}],"author":"Patagonia Ambiental","twitter_card":"summary_large_image","twitter_creator":"@PatAmb","twitter_site":"@PatAmb","schema":{"@context":"https:\/\/schema.org","@graph":[{"@type":"Article","@id":"https:\/\/patagoniambiental.com.ar\/info\/la-plata-presentaron-el-primer-omnibus-a-propulsion-electrica-con-baterias-de-litio-del-pais\/#article","isPartOf":{"@id":"https:\/\/patagoniambiental.com.ar\/info\/la-plata-presentaron-el-primer-omnibus-a-propulsion-electrica-con-baterias-de-litio-del-pais\/"},"author":{"name":"Patagonia Ambiental","@id":"https:\/\/patagoniambiental.com.ar\/info\/#\/schema\/person\/db12bff64bbcbf6a253710bf0ea37b5d"},"headline":"Presentaron el primer \u00f3mnibus a propulsi\u00f3n el\u00e9ctrica con bater\u00edas de litio del pa\u00eds","datePublished":"2023-06-10T10:00:00+00:00","dateModified":"2024-08-16T19:59:44+00:00","mainEntityOfPage":{"@id":"https:\/\/patagoniambiental.com.ar\/info\/la-plata-presentaron-el-primer-omnibus-a-propulsion-electrica-con-baterias-de-litio-del-pais\/"},"wordCount":695,"commentCount":0,"publisher":{"@id":"https:\/\/patagoniambiental.com.ar\/info\/#organization"},"image":{"@id":"https:\/\/patagoniambiental.com.ar\/info\/la-plata-presentaron-el-primer-omnibus-a-propulsion-electrica-con-baterias-de-litio-del-pais\/#primaryimage"},"thumbnailUrl":"https:\/\/patagoniambiental.com.ar\/info\/wp-content\/uploads\/2023\/06\/index-1.jpeg","articleSection":["Provinciales"],"inLanguage":"es","potentialAction":[{"@type":"CommentAction","name":"Comment","target":["https:\/\/patagoniambiental.com.ar\/info\/la-plata-presentaron-el-primer-omnibus-a-propulsion-electrica-con-baterias-de-litio-del-pais\/#respond"]}]},{"@type":"WebPage","@id":"https:\/\/patagoniambiental.com.ar\/info\/la-plata-presentaron-el-primer-omnibus-a-propulsion-electrica-con-baterias-de-litio-del-pais\/","url":"https:\/\/patagoniambiental.com.ar\/info\/la-plata-presentaron-el-primer-omnibus-a-propulsion-electrica-con-baterias-de-litio-del-pais\/","name":"Presentaron el primer \u00f3mnibus a propulsi\u00f3n el\u00e9ctrica con bater\u00edas de litio del pa\u00eds","isPartOf":{"@id":"https:\/\/patagoniambiental.com.ar\/info\/#website"},"primaryImageOfPage":{"@id":"https:\/\/patagoniambiental.com.ar\/info\/la-plata-presentaron-el-primer-omnibus-a-propulsion-electrica-con-baterias-de-litio-del-pais\/#primaryimage"},"image":{"@id":"https:\/\/patagoniambiental.com.ar\/info\/la-plata-presentaron-el-primer-omnibus-a-propulsion-electrica-con-baterias-de-litio-del-pais\/#primaryimage"},"thumbnailUrl":"https:\/\/patagoniambiental.com.ar\/info\/wp-content\/uploads\/2023\/06\/index-1.jpeg","datePublished":"2023-06-10T10:00:00+00:00","dateModified":"2024-08-16T19:59:44+00:00","breadcrumb":{"@id":"https:\/\/patagoniambiental.com.ar\/info\/la-plata-presentaron-el-primer-omnibus-a-propulsion-electrica-con-baterias-de-litio-del-pais\/#breadcrumb"},"inLanguage":"es","potentialAction":[{"@type":"ReadAction","target":["https:\/\/patagoniambiental.com.ar\/info\/la-plata-presentaron-el-primer-omnibus-a-propulsion-electrica-con-baterias-de-litio-del-pais\/"]}]},{"@type":"ImageObject","inLanguage":"es","@id":"https:\/\/patagoniambiental.com.ar\/info\/la-plata-presentaron-el-primer-omnibus-a-propulsion-electrica-con-baterias-de-litio-del-pais\/#primaryimage","url":"https:\/\/patagoniambiental.com.ar\/info\/wp-content\/uploads\/2023\/06\/index-1.jpeg","contentUrl":"https:\/\/patagoniambiental.com.ar\/info\/wp-content\/uploads\/2023\/06\/index-1.jpeg","width":300,"height":168},{"@type":"BreadcrumbList","@id":"https:\/\/patagoniambiental.com.ar\/info\/la-plata-presentaron-el-primer-omnibus-a-propulsion-electrica-con-baterias-de-litio-del-pais\/#breadcrumb","itemListElement":[{"@type":"ListItem","position":1,"name":"Inicio","item":"https:\/\/patagoniambiental.com.ar\/info\/"},{"@type":"ListItem","position":2,"name":"Presentaron el primer \u00f3mnibus a propulsi\u00f3n el\u00e9ctrica con bater\u00edas de litio del pa\u00eds"}]},{"@type":"WebSite","@id":"https:\/\/patagoniambiental.com.ar\/info\/#website","url":"https:\/\/patagoniambiental.com.ar\/info\/","name":"Patagonia Ambiental","description":"Monitoreo y an\u00e1lisis de la situaci\u00f3n geopol\u00edtica en el mundo y su implicancia en la Patagonia","publisher":{"@id":"https:\/\/patagoniambiental.com.ar\/info\/#organization"},"potentialAction":[{"@type":"SearchAction","target":{"@type":"EntryPoint","urlTemplate":"https:\/\/patagoniambiental.com.ar\/info\/?s={search_term_string}"},"query-input":{"@type":"PropertyValueSpecification","valueRequired":true,"valueName":"search_term_string"}}],"inLanguage":"es"},{"@type":"Organization","@id":"https:\/\/patagoniambiental.com.ar\/info\/#organization","name":"Patagonia Ambiental","url":"https:\/\/patagoniambiental.com.ar\/info\/","logo":{"@type":"ImageObject","inLanguage":"es","@id":"https:\/\/patagoniambiental.com.ar\/info\/#\/schema\/logo\/image\/","url":"https:\/\/patagoniambiental.com.ar\/info\/wp-content\/uploads\/2025\/05\/LOGO-PATAGONIA-AMBIENTAL.png","contentUrl":"https:\/\/patagoniambiental.com.ar\/info\/wp-content\/uploads\/2025\/05\/LOGO-PATAGONIA-AMBIENTAL.png","width":433,"height":250,"caption":"Patagonia Ambiental"},"image":{"@id":"https:\/\/patagoniambiental.com.ar\/info\/#\/schema\/logo\/image\/"},"sameAs":["https:\/\/www.facebook.com\/patagonia.ambiental","https:\/\/x.com\/PatAmb"]},{"@type":"Person","@id":"https:\/\/patagoniambiental.com.ar\/info\/#\/schema\/person\/db12bff64bbcbf6a253710bf0ea37b5d","name":"Patagonia Ambiental","description":"Andr\u00e9s Nievas T\u00e9cnico en manejo ambiental, consultor Ambiental y escritor para medios locales e internacionales sobre temas de geopolitica y medio ambiente.","sameAs":["http:\/\/www.patagoniambiental.com.ar","https:\/\/www.facebook.com\/share\/1C1V8Gv9BX\/?mibextid=qi2Omg","@patagoniambiental","https:\/\/youtube.com\/@patagoniaambiental2023?si=BLt58t0wuXquxlYZ"]}]}},"_links":{"self":[{"href":"https:\/\/patagoniambiental.com.ar\/info\/wp-json\/wp\/v2\/posts\/78431","targetHints":{"allow":["GET"]}}],"collection":[{"href":"https:\/\/patagoniambiental.com.ar\/info\/wp-json\/wp\/v2\/posts"}],"about":[{"href":"https:\/\/patagoniambiental.com.ar\/info\/wp-json\/wp\/v2\/types\/post"}],"author":[{"embeddable":true,"href":"https:\/\/patagoniambiental.com.ar\/info\/wp-json\/wp\/v2\/users\/2"}],"replies":[{"embeddable":true,"href":"https:\/\/patagoniambiental.com.ar\/info\/wp-json\/wp\/v2\/comments?post=78431"}],"version-history":[{"count":0,"href":"https:\/\/patagoniambiental.com.ar\/info\/wp-json\/wp\/v2\/posts\/78431\/revisions"}],"wp:featuredmedia":[{"embeddable":true,"href":"https:\/\/patagoniambiental.com.ar\/info\/wp-json\/wp\/v2\/media\/78432"}],"wp:attachment":[{"href":"https:\/\/patagoniambiental.com.ar\/info\/wp-json\/wp\/v2\/media?parent=78431"}],"wp:term":[{"taxonomy":"category","embeddable":true,"href":"https:\/\/patagoniambiental.com.ar\/info\/wp-json\/wp\/v2\/categories?post=78431"},{"taxonomy":"post_tag","embeddable":true,"href":"https:\/\/patagoniambiental.com.ar\/info\/wp-json\/wp\/v2\/tags?post=78431"}],"curies":[{"name":"wp","href":"https:\/\/api.w.org\/{rel}","templated":true}]}}