{"id":78453,"date":"2023-06-08T19:00:00","date_gmt":"2023-06-08T22:00:00","guid":{"rendered":"https:\/\/patagoniambiental.com.ar\/info\/?p=78453"},"modified":"2024-08-16T17:02:53","modified_gmt":"2024-08-16T20:02:53","slug":"avanza-buen-ritmo-la-nueva-oficina-de-turismo-de-moquehue","status":"publish","type":"post","link":"https:\/\/patagoniambiental.com.ar\/info\/avanza-buen-ritmo-la-nueva-oficina-de-turismo-de-moquehue\/","title":{"rendered":"Avanza buen ritmo la nueva oficina de Turismo de Moquehue"},"content":{"rendered":"\n<!--more-->\n\n\n\n<p><em>La obra, que brindar\u00e1 servicios a los turistas y a los prestadores tur\u00edsticos, cuenta con una inversi\u00f3n de 26 millones de pesos.<\/em><\/p>\n\n\n\n<p>La nueva oficina de servicios tur\u00edsticos de Moquehue registra un nivel de ejecuci\u00f3n del 70 % y est\u00e1 ubicada sobre la ruta provincial N\u00b0 11, en el acceso a la villa. Su ubicaci\u00f3n es estrat\u00e9gica en funci\u00f3n de la accesibilidad a la aldea de monta\u00f1a, en un sitio desde el cual se accede a los diferentes atractivos y servicios tur\u00edsticos de la localidad.<\/p>\n\n\n\n<p>La Provincia lleva adelante los trabajos en una tarea en conjunto entre el municipio de Villa Pehuenia-Moquehue, la Direcci\u00f3n Provincial de Vialidad (DPV), la Unidad Provincial de Enlace y Ejecuci\u00f3n de Proyectos con Financiamiento Externo (Upefe) y el Ministerio de Turismo de la provincia. La obra cuenta con un presupuesto oficial de 26 millones de pesos.<\/p>\n\n\n\n<p>El proyecto contempl\u00f3 la construcci\u00f3n de una oficina de informes tur\u00edsticos de 130 metros cuadrados, con un \u00e1rea de atenci\u00f3n al turista, dos oficinas, ba\u00f1o p\u00fablico universal y ba\u00f1o privado para el personal; cocina y entrepiso para dep\u00f3sito. En el exterior contar\u00e1 con sectores de estacionamiento al aire libre, que incluir\u00e1 estacionamiento accesible, con rampa de acceso.<\/p>\n\n\n\n<p>Cercano al sector de ingreso del edificio, se colocar\u00e1 un cartel informativo con mapa tur\u00edstico y c\u00f3digos QR confeccionado con estructura de madera, adem\u00e1s de los carteles indicativos para cada estacionamiento y de los carteles viales sobre la ruta provincial N\u00b0 11.<\/p>\n\n\n\n<p>Jorge Ferrer\u00eda, presidente de Upefe, destac\u00f3 el rol de las oficinas de informes tur\u00edsticos: \u201cTienen la funci\u00f3n de brindar informaci\u00f3n actualizada a los visitantes y orientarlo en su visita, no solamente informar acerca de los atractivos tur\u00edsticos, sino de los servicios, estado de las rutas, los comercios, es la puerta de entrada para el turista\u201d, sostuvo.<\/p>\n\n\n\n<p>Cabe destacar, que Moquehue forma parte de la Ruta del Pehu\u00e9n, priorizada en el Plan Estrat\u00e9gico de Desarrollo Tur\u00edstico Sustentable Neuqu\u00e9n 2030. El plazo de ejecuci\u00f3n es de 180 d\u00edas.<\/p>\n\n\n\n<p>Fuente: Neuquen Informa <\/p>\n","protected":false},"excerpt":{"rendered":"","protected":false},"author":2,"featured_media":78454,"comment_status":"open","ping_status":"open","sticky":false,"template":"","format":"standard","meta":{"site-sidebar-layout":"default","site-content-layout":"","ast-site-content-layout":"default","site-content-style":"default","site-sidebar-style":"default","ast-global-header-display":"","ast-banner-title-visibility":"","ast-main-header-display":"","ast-hfb-above-header-display":"","ast-hfb-below-header-display":"","ast-hfb-mobile-header-display":"","site-post-title":"","ast-breadcrumbs-content":"","ast-featured-img":"","footer-sml-layout":"","ast-disable-related-posts":"","theme-transparent-header-meta":"","adv-header-id-meta":"","stick-header-meta":"","header-above-stick-meta":"","header-main-stick-meta":"","header-below-stick-meta":"","astra-migrate-meta-layouts":"default","ast-page-background-enabled":"default","ast-page-background-meta":{"desktop":{"background-color":"var(--ast-global-color-5)","background-image":"","background-repeat":"repeat","background-position":"center center","background-size":"auto","background-attachment":"scroll","background-type":"","background-media":"","overlay-type":"","overlay-color":"","overlay-opacity":"","overlay-gradient":""},"tablet":{"background-color":"","background-image":"","background-repeat":"repeat","background-position":"center center","background-size":"auto","background-attachment":"scroll","background-type":"","background-media":"","overlay-type":"","overlay-color":"","overlay-opacity":"","overlay-gradient":""},"mobile":{"background-color":"","background-image":"","background-repeat":"repeat","background-position":"center center","background-size":"auto","background-attachment":"scroll","background-type":"","background-media":"","overlay-type":"","overlay-color":"","overlay-opacity":"","overlay-gradient":""}},"ast-content-background-meta":{"desktop":{"background-color":"var(--ast-global-color-4)","background-image":"","background-repeat":"repeat","background-position":"center center","background-size":"auto","background-attachment":"scroll","background-type":"","background-media":"","overlay-type":"","overlay-color":"","overlay-opacity":"","overlay-gradient":""},"tablet":{"background-color":"var(--ast-global-color-4)","background-image":"","background-repeat":"repeat","background-position":"center center","background-size":"auto","background-attachment":"scroll","background-type":"","background-media":"","overlay-type":"","overlay-color":"","overlay-opacity":"","overlay-gradient":""},"mobile":{"background-color":"var(--ast-global-color-4)","background-image":"","background-repeat":"repeat","background-position":"center center","background-size":"auto","background-attachment":"scroll","background-type":"","background-media":"","overlay-type":"","overlay-color":"","overlay-opacity":"","overlay-gradient":""}},"footnotes":""},"categories":[13],"tags":[],"class_list":["post-78453","post","type-post","status-publish","format-standard","has-post-thumbnail","hentry","category-provinciales"],"yoast_head":"<!-- This site is optimized with the Yoast SEO Premium plugin v23.0 (Yoast SEO v27.4) - https:\/\/yoast.com\/product\/yoast-seo-premium-wordpress\/ -->\n<title>Avanza buen ritmo la nueva oficina de Turismo de Moquehue<\/title>\n<meta name=\"robots\" content=\"index, follow, max-snippet:-1, max-image-preview:large, max-video-preview:-1\" \/>\n<link rel=\"canonical\" href=\"https:\/\/patagoniambiental.com.ar\/info\/avanza-buen-ritmo-la-nueva-oficina-de-turismo-de-moquehue\/\" \/>\n<meta property=\"og:locale\" content=\"es_ES\" \/>\n<meta property=\"og:type\" content=\"article\" \/>\n<meta property=\"og:title\" content=\"Avanza buen ritmo la nueva oficina de Turismo de Moquehue\" \/>\n<meta property=\"og:url\" content=\"https:\/\/patagoniambiental.com.ar\/info\/avanza-buen-ritmo-la-nueva-oficina-de-turismo-de-moquehue\/\" \/>\n<meta property=\"og:site_name\" content=\"Patagonia Ambiental\" \/>\n<meta property=\"article:publisher\" content=\"https:\/\/www.facebook.com\/patagonia.ambiental\" \/>\n<meta property=\"article:author\" content=\"https:\/\/www.facebook.com\/share\/1C1V8Gv9BX\/?mibextid=qi2Omg\" \/>\n<meta property=\"article:published_time\" content=\"2023-06-08T22:00:00+00:00\" \/>\n<meta property=\"article:modified_time\" content=\"2024-08-16T20:02:53+00:00\" \/>\n<meta property=\"og:image\" content=\"https:\/\/patagoniambiental.com.ar\/info\/wp-content\/uploads\/2023\/06\/thumbnail_web-oficina-turismo-moquehue-1.jpg\" \/>\n\t<meta property=\"og:image:width\" content=\"1403\" \/>\n\t<meta property=\"og:image:height\" content=\"693\" \/>\n\t<meta property=\"og:image:type\" content=\"image\/jpeg\" \/>\n<meta name=\"author\" content=\"Patagonia Ambiental\" \/>\n<meta name=\"twitter:card\" content=\"summary_large_image\" \/>\n<meta name=\"twitter:creator\" content=\"@PatAmb\" \/>\n<meta name=\"twitter:site\" content=\"@PatAmb\" \/>\n<script type=\"application\/ld+json\" class=\"yoast-schema-graph\">{\"@context\":\"https:\\\/\\\/schema.org\",\"@graph\":[{\"@type\":\"Article\",\"@id\":\"https:\\\/\\\/patagoniambiental.com.ar\\\/info\\\/avanza-buen-ritmo-la-nueva-oficina-de-turismo-de-moquehue\\\/#article\",\"isPartOf\":{\"@id\":\"https:\\\/\\\/patagoniambiental.com.ar\\\/info\\\/avanza-buen-ritmo-la-nueva-oficina-de-turismo-de-moquehue\\\/\"},\"author\":{\"name\":\"Patagonia Ambiental\",\"@id\":\"https:\\\/\\\/patagoniambiental.com.ar\\\/info\\\/#\\\/schema\\\/person\\\/db12bff64bbcbf6a253710bf0ea37b5d\"},\"headline\":\"Avanza buen ritmo la nueva oficina de Turismo de Moquehue\",\"datePublished\":\"2023-06-08T22:00:00+00:00\",\"dateModified\":\"2024-08-16T20:02:53+00:00\",\"mainEntityOfPage\":{\"@id\":\"https:\\\/\\\/patagoniambiental.com.ar\\\/info\\\/avanza-buen-ritmo-la-nueva-oficina-de-turismo-de-moquehue\\\/\"},\"wordCount\":362,\"commentCount\":0,\"publisher\":{\"@id\":\"https:\\\/\\\/patagoniambiental.com.ar\\\/info\\\/#organization\"},\"image\":{\"@id\":\"https:\\\/\\\/patagoniambiental.com.ar\\\/info\\\/avanza-buen-ritmo-la-nueva-oficina-de-turismo-de-moquehue\\\/#primaryimage\"},\"thumbnailUrl\":\"https:\\\/\\\/patagoniambiental.com.ar\\\/info\\\/wp-content\\\/uploads\\\/2023\\\/06\\\/thumbnail_web-oficina-turismo-moquehue-1.jpg\",\"articleSection\":[\"Provinciales\"],\"inLanguage\":\"es\",\"potentialAction\":[{\"@type\":\"CommentAction\",\"name\":\"Comment\",\"target\":[\"https:\\\/\\\/patagoniambiental.com.ar\\\/info\\\/avanza-buen-ritmo-la-nueva-oficina-de-turismo-de-moquehue\\\/#respond\"]}]},{\"@type\":\"WebPage\",\"@id\":\"https:\\\/\\\/patagoniambiental.com.ar\\\/info\\\/avanza-buen-ritmo-la-nueva-oficina-de-turismo-de-moquehue\\\/\",\"url\":\"https:\\\/\\\/patagoniambiental.com.ar\\\/info\\\/avanza-buen-ritmo-la-nueva-oficina-de-turismo-de-moquehue\\\/\",\"name\":\"Avanza buen ritmo la nueva oficina de Turismo de Moquehue\",\"isPartOf\":{\"@id\":\"https:\\\/\\\/patagoniambiental.com.ar\\\/info\\\/#website\"},\"primaryImageOfPage\":{\"@id\":\"https:\\\/\\\/patagoniambiental.com.ar\\\/info\\\/avanza-buen-ritmo-la-nueva-oficina-de-turismo-de-moquehue\\\/#primaryimage\"},\"image\":{\"@id\":\"https:\\\/\\\/patagoniambiental.com.ar\\\/info\\\/avanza-buen-ritmo-la-nueva-oficina-de-turismo-de-moquehue\\\/#primaryimage\"},\"thumbnailUrl\":\"https:\\\/\\\/patagoniambiental.com.ar\\\/info\\\/wp-content\\\/uploads\\\/2023\\\/06\\\/thumbnail_web-oficina-turismo-moquehue-1.jpg\",\"datePublished\":\"2023-06-08T22:00:00+00:00\",\"dateModified\":\"2024-08-16T20:02:53+00:00\",\"breadcrumb\":{\"@id\":\"https:\\\/\\\/patagoniambiental.com.ar\\\/info\\\/avanza-buen-ritmo-la-nueva-oficina-de-turismo-de-moquehue\\\/#breadcrumb\"},\"inLanguage\":\"es\",\"potentialAction\":[{\"@type\":\"ReadAction\",\"target\":[\"https:\\\/\\\/patagoniambiental.com.ar\\\/info\\\/avanza-buen-ritmo-la-nueva-oficina-de-turismo-de-moquehue\\\/\"]}]},{\"@type\":\"ImageObject\",\"inLanguage\":\"es\",\"@id\":\"https:\\\/\\\/patagoniambiental.com.ar\\\/info\\\/avanza-buen-ritmo-la-nueva-oficina-de-turismo-de-moquehue\\\/#primaryimage\",\"url\":\"https:\\\/\\\/patagoniambiental.com.ar\\\/info\\\/wp-content\\\/uploads\\\/2023\\\/06\\\/thumbnail_web-oficina-turismo-moquehue-1.jpg\",\"contentUrl\":\"https:\\\/\\\/patagoniambiental.com.ar\\\/info\\\/wp-content\\\/uploads\\\/2023\\\/06\\\/thumbnail_web-oficina-turismo-moquehue-1.jpg\",\"width\":1200,\"height\":593},{\"@type\":\"BreadcrumbList\",\"@id\":\"https:\\\/\\\/patagoniambiental.com.ar\\\/info\\\/avanza-buen-ritmo-la-nueva-oficina-de-turismo-de-moquehue\\\/#breadcrumb\",\"itemListElement\":[{\"@type\":\"ListItem\",\"position\":1,\"name\":\"Inicio\",\"item\":\"https:\\\/\\\/patagoniambiental.com.ar\\\/info\\\/\"},{\"@type\":\"ListItem\",\"position\":2,\"name\":\"Avanza buen ritmo la nueva oficina de Turismo de Moquehue\"}]},{\"@type\":\"WebSite\",\"@id\":\"https:\\\/\\\/patagoniambiental.com.ar\\\/info\\\/#website\",\"url\":\"https:\\\/\\\/patagoniambiental.com.ar\\\/info\\\/\",\"name\":\"Patagonia Ambiental\",\"description\":\"Monitoreo y an\u00e1lisis de la situaci\u00f3n geopol\u00edtica en el mundo y su implicancia en la Patagonia\",\"publisher\":{\"@id\":\"https:\\\/\\\/patagoniambiental.com.ar\\\/info\\\/#organization\"},\"potentialAction\":[{\"@type\":\"SearchAction\",\"target\":{\"@type\":\"EntryPoint\",\"urlTemplate\":\"https:\\\/\\\/patagoniambiental.com.ar\\\/info\\\/?s={search_term_string}\"},\"query-input\":{\"@type\":\"PropertyValueSpecification\",\"valueRequired\":true,\"valueName\":\"search_term_string\"}}],\"inLanguage\":\"es\"},{\"@type\":\"Organization\",\"@id\":\"https:\\\/\\\/patagoniambiental.com.ar\\\/info\\\/#organization\",\"name\":\"Patagonia Ambiental\",\"url\":\"https:\\\/\\\/patagoniambiental.com.ar\\\/info\\\/\",\"logo\":{\"@type\":\"ImageObject\",\"inLanguage\":\"es\",\"@id\":\"https:\\\/\\\/patagoniambiental.com.ar\\\/info\\\/#\\\/schema\\\/logo\\\/image\\\/\",\"url\":\"https:\\\/\\\/patagoniambiental.com.ar\\\/info\\\/wp-content\\\/uploads\\\/2025\\\/05\\\/LOGO-PATAGONIA-AMBIENTAL.png\",\"contentUrl\":\"https:\\\/\\\/patagoniambiental.com.ar\\\/info\\\/wp-content\\\/uploads\\\/2025\\\/05\\\/LOGO-PATAGONIA-AMBIENTAL.png\",\"width\":433,\"height\":250,\"caption\":\"Patagonia Ambiental\"},\"image\":{\"@id\":\"https:\\\/\\\/patagoniambiental.com.ar\\\/info\\\/#\\\/schema\\\/logo\\\/image\\\/\"},\"sameAs\":[\"https:\\\/\\\/www.facebook.com\\\/patagonia.ambiental\",\"https:\\\/\\\/x.com\\\/PatAmb\"]},{\"@type\":\"Person\",\"@id\":\"https:\\\/\\\/patagoniambiental.com.ar\\\/info\\\/#\\\/schema\\\/person\\\/db12bff64bbcbf6a253710bf0ea37b5d\",\"name\":\"Patagonia Ambiental\",\"description\":\"Andr\u00e9s Nievas T\u00e9cnico en manejo ambiental, consultor Ambiental y escritor para medios locales e internacionales sobre temas de geopolitica y medio ambiente.\",\"sameAs\":[\"http:\\\/\\\/www.patagoniambiental.com.ar\",\"https:\\\/\\\/www.facebook.com\\\/share\\\/1C1V8Gv9BX\\\/?mibextid=qi2Omg\",\"@patagoniambiental\",\"https:\\\/\\\/youtube.com\\\/@patagoniaambiental2023?si=BLt58t0wuXquxlYZ\"]}]}<\/script>\n<!-- \/ Yoast SEO Premium plugin. -->","yoast_head_json":{"title":"Avanza buen ritmo la nueva oficina de Turismo de Moquehue","robots":{"index":"index","follow":"follow","max-snippet":"max-snippet:-1","max-image-preview":"max-image-preview:large","max-video-preview":"max-video-preview:-1"},"canonical":"https:\/\/patagoniambiental.com.ar\/info\/avanza-buen-ritmo-la-nueva-oficina-de-turismo-de-moquehue\/","og_locale":"es_ES","og_type":"article","og_title":"Avanza buen ritmo la nueva oficina de Turismo de Moquehue","og_url":"https:\/\/patagoniambiental.com.ar\/info\/avanza-buen-ritmo-la-nueva-oficina-de-turismo-de-moquehue\/","og_site_name":"Patagonia Ambiental","article_publisher":"https:\/\/www.facebook.com\/patagonia.ambiental","article_author":"https:\/\/www.facebook.com\/share\/1C1V8Gv9BX\/?mibextid=qi2Omg","article_published_time":"2023-06-08T22:00:00+00:00","article_modified_time":"2024-08-16T20:02:53+00:00","og_image":[{"width":1403,"height":693,"url":"https:\/\/patagoniambiental.com.ar\/info\/wp-content\/uploads\/2023\/06\/thumbnail_web-oficina-turismo-moquehue-1.jpg","type":"image\/jpeg"}],"author":"Patagonia Ambiental","twitter_card":"summary_large_image","twitter_creator":"@PatAmb","twitter_site":"@PatAmb","schema":{"@context":"https:\/\/schema.org","@graph":[{"@type":"Article","@id":"https:\/\/patagoniambiental.com.ar\/info\/avanza-buen-ritmo-la-nueva-oficina-de-turismo-de-moquehue\/#article","isPartOf":{"@id":"https:\/\/patagoniambiental.com.ar\/info\/avanza-buen-ritmo-la-nueva-oficina-de-turismo-de-moquehue\/"},"author":{"name":"Patagonia Ambiental","@id":"https:\/\/patagoniambiental.com.ar\/info\/#\/schema\/person\/db12bff64bbcbf6a253710bf0ea37b5d"},"headline":"Avanza buen ritmo la nueva oficina de Turismo de Moquehue","datePublished":"2023-06-08T22:00:00+00:00","dateModified":"2024-08-16T20:02:53+00:00","mainEntityOfPage":{"@id":"https:\/\/patagoniambiental.com.ar\/info\/avanza-buen-ritmo-la-nueva-oficina-de-turismo-de-moquehue\/"},"wordCount":362,"commentCount":0,"publisher":{"@id":"https:\/\/patagoniambiental.com.ar\/info\/#organization"},"image":{"@id":"https:\/\/patagoniambiental.com.ar\/info\/avanza-buen-ritmo-la-nueva-oficina-de-turismo-de-moquehue\/#primaryimage"},"thumbnailUrl":"https:\/\/patagoniambiental.com.ar\/info\/wp-content\/uploads\/2023\/06\/thumbnail_web-oficina-turismo-moquehue-1.jpg","articleSection":["Provinciales"],"inLanguage":"es","potentialAction":[{"@type":"CommentAction","name":"Comment","target":["https:\/\/patagoniambiental.com.ar\/info\/avanza-buen-ritmo-la-nueva-oficina-de-turismo-de-moquehue\/#respond"]}]},{"@type":"WebPage","@id":"https:\/\/patagoniambiental.com.ar\/info\/avanza-buen-ritmo-la-nueva-oficina-de-turismo-de-moquehue\/","url":"https:\/\/patagoniambiental.com.ar\/info\/avanza-buen-ritmo-la-nueva-oficina-de-turismo-de-moquehue\/","name":"Avanza buen ritmo la nueva oficina de Turismo de Moquehue","isPartOf":{"@id":"https:\/\/patagoniambiental.com.ar\/info\/#website"},"primaryImageOfPage":{"@id":"https:\/\/patagoniambiental.com.ar\/info\/avanza-buen-ritmo-la-nueva-oficina-de-turismo-de-moquehue\/#primaryimage"},"image":{"@id":"https:\/\/patagoniambiental.com.ar\/info\/avanza-buen-ritmo-la-nueva-oficina-de-turismo-de-moquehue\/#primaryimage"},"thumbnailUrl":"https:\/\/patagoniambiental.com.ar\/info\/wp-content\/uploads\/2023\/06\/thumbnail_web-oficina-turismo-moquehue-1.jpg","datePublished":"2023-06-08T22:00:00+00:00","dateModified":"2024-08-16T20:02:53+00:00","breadcrumb":{"@id":"https:\/\/patagoniambiental.com.ar\/info\/avanza-buen-ritmo-la-nueva-oficina-de-turismo-de-moquehue\/#breadcrumb"},"inLanguage":"es","potentialAction":[{"@type":"ReadAction","target":["https:\/\/patagoniambiental.com.ar\/info\/avanza-buen-ritmo-la-nueva-oficina-de-turismo-de-moquehue\/"]}]},{"@type":"ImageObject","inLanguage":"es","@id":"https:\/\/patagoniambiental.com.ar\/info\/avanza-buen-ritmo-la-nueva-oficina-de-turismo-de-moquehue\/#primaryimage","url":"https:\/\/patagoniambiental.com.ar\/info\/wp-content\/uploads\/2023\/06\/thumbnail_web-oficina-turismo-moquehue-1.jpg","contentUrl":"https:\/\/patagoniambiental.com.ar\/info\/wp-content\/uploads\/2023\/06\/thumbnail_web-oficina-turismo-moquehue-1.jpg","width":1200,"height":593},{"@type":"BreadcrumbList","@id":"https:\/\/patagoniambiental.com.ar\/info\/avanza-buen-ritmo-la-nueva-oficina-de-turismo-de-moquehue\/#breadcrumb","itemListElement":[{"@type":"ListItem","position":1,"name":"Inicio","item":"https:\/\/patagoniambiental.com.ar\/info\/"},{"@type":"ListItem","position":2,"name":"Avanza buen ritmo la nueva oficina de Turismo de Moquehue"}]},{"@type":"WebSite","@id":"https:\/\/patagoniambiental.com.ar\/info\/#website","url":"https:\/\/patagoniambiental.com.ar\/info\/","name":"Patagonia Ambiental","description":"Monitoreo y an\u00e1lisis de la situaci\u00f3n geopol\u00edtica en el mundo y su implicancia en la Patagonia","publisher":{"@id":"https:\/\/patagoniambiental.com.ar\/info\/#organization"},"potentialAction":[{"@type":"SearchAction","target":{"@type":"EntryPoint","urlTemplate":"https:\/\/patagoniambiental.com.ar\/info\/?s={search_term_string}"},"query-input":{"@type":"PropertyValueSpecification","valueRequired":true,"valueName":"search_term_string"}}],"inLanguage":"es"},{"@type":"Organization","@id":"https:\/\/patagoniambiental.com.ar\/info\/#organization","name":"Patagonia Ambiental","url":"https:\/\/patagoniambiental.com.ar\/info\/","logo":{"@type":"ImageObject","inLanguage":"es","@id":"https:\/\/patagoniambiental.com.ar\/info\/#\/schema\/logo\/image\/","url":"https:\/\/patagoniambiental.com.ar\/info\/wp-content\/uploads\/2025\/05\/LOGO-PATAGONIA-AMBIENTAL.png","contentUrl":"https:\/\/patagoniambiental.com.ar\/info\/wp-content\/uploads\/2025\/05\/LOGO-PATAGONIA-AMBIENTAL.png","width":433,"height":250,"caption":"Patagonia Ambiental"},"image":{"@id":"https:\/\/patagoniambiental.com.ar\/info\/#\/schema\/logo\/image\/"},"sameAs":["https:\/\/www.facebook.com\/patagonia.ambiental","https:\/\/x.com\/PatAmb"]},{"@type":"Person","@id":"https:\/\/patagoniambiental.com.ar\/info\/#\/schema\/person\/db12bff64bbcbf6a253710bf0ea37b5d","name":"Patagonia Ambiental","description":"Andr\u00e9s Nievas T\u00e9cnico en manejo ambiental, consultor Ambiental y escritor para medios locales e internacionales sobre temas de geopolitica y medio ambiente.","sameAs":["http:\/\/www.patagoniambiental.com.ar","https:\/\/www.facebook.com\/share\/1C1V8Gv9BX\/?mibextid=qi2Omg","@patagoniambiental","https:\/\/youtube.com\/@patagoniaambiental2023?si=BLt58t0wuXquxlYZ"]}]}},"_links":{"self":[{"href":"https:\/\/patagoniambiental.com.ar\/info\/wp-json\/wp\/v2\/posts\/78453","targetHints":{"allow":["GET"]}}],"collection":[{"href":"https:\/\/patagoniambiental.com.ar\/info\/wp-json\/wp\/v2\/posts"}],"about":[{"href":"https:\/\/patagoniambiental.com.ar\/info\/wp-json\/wp\/v2\/types\/post"}],"author":[{"embeddable":true,"href":"https:\/\/patagoniambiental.com.ar\/info\/wp-json\/wp\/v2\/users\/2"}],"replies":[{"embeddable":true,"href":"https:\/\/patagoniambiental.com.ar\/info\/wp-json\/wp\/v2\/comments?post=78453"}],"version-history":[{"count":0,"href":"https:\/\/patagoniambiental.com.ar\/info\/wp-json\/wp\/v2\/posts\/78453\/revisions"}],"wp:featuredmedia":[{"embeddable":true,"href":"https:\/\/patagoniambiental.com.ar\/info\/wp-json\/wp\/v2\/media\/78454"}],"wp:attachment":[{"href":"https:\/\/patagoniambiental.com.ar\/info\/wp-json\/wp\/v2\/media?parent=78453"}],"wp:term":[{"taxonomy":"category","embeddable":true,"href":"https:\/\/patagoniambiental.com.ar\/info\/wp-json\/wp\/v2\/categories?post=78453"},{"taxonomy":"post_tag","embeddable":true,"href":"https:\/\/patagoniambiental.com.ar\/info\/wp-json\/wp\/v2\/tags?post=78453"}],"curies":[{"name":"wp","href":"https:\/\/api.w.org\/{rel}","templated":true}]}}