{"id":78456,"date":"2023-06-12T07:00:00","date_gmt":"2023-06-12T10:00:00","guid":{"rendered":"https:\/\/patagoniambiental.com.ar\/info\/?p=78456"},"modified":"2024-08-16T16:56:23","modified_gmt":"2024-08-16T19:56:23","slug":"nueva-secretaria-general-de-la-organizacion-meteorologica-mundial","status":"publish","type":"post","link":"https:\/\/patagoniambiental.com.ar\/info\/nueva-secretaria-general-de-la-organizacion-meteorologica-mundial\/","title":{"rendered":"Nueva Secretaria General de la Organizaci\u00f3n Meteorol\u00f3gica Mundial"},"content":{"rendered":"\n<!--more-->\n\n\n\n<p>La Dra. Celeste Saulo, investigadora del CONICET y Directora del Servicio Meteorol\u00f3gico Nacional, fue designada como Secretaria General de la Organizaci\u00f3n Meteorol\u00f3gica Mundial, instituci\u00f3n de liderazgo global que re\u00fane a 193 Estados y territorios miembros, y trabaja en el desarrollo de conocimientos t\u00e9cnicos y la cooperaci\u00f3n internacional en \u00e1reas como el clima, el tiempo y el agua, y tambi\u00e9n en otras cuestiones medioambientales.<\/p>\n\n\n\n<p>Celeste Saulo, de 59 a\u00f1os, es una reconocida cient\u00edfica y docente, licenciada en Ciencias Meteorol\u00f3gicas de la Universidad de Buenos Aires (UBA) y doctora en Ciencias de la Atm\u00f3sfera por la misma instituci\u00f3n. Cuenta con una destacada trayectoria acad\u00e9mica y docente tanto en Argentina como en el extranjero. A lo largo de su carrera cient\u00edfica se ha especializado en la predicci\u00f3n num\u00e9rica del tiempo, las interacciones entre tierra y atm\u00f3sfera, y el estudio de sistemas de precipitaci\u00f3n intensa en la zona meridional de Am\u00e9rica del Sur, entre otros, seg\u00fan su biograf\u00eda publicada en el sitio web de la OMM. Desde el 2014 dirige el Servicio Meteorol\u00f3gico Nacional. En los \u00faltimos a\u00f1os se ha centrado en problemas interdisciplinarios, incluyendo la producci\u00f3n de energ\u00eda e\u00f3lica, los servicios clim\u00e1ticos para aplicaciones agr\u00edcolas y los sistemas de alerta temprana.<\/p>\n\n\n\n<p>En este marco, la Legisladora M\u00f3nica Silva present\u00f3 un proyecto para declarar de \u201cinter\u00e9s cient\u00edfico, ambiental y educativo, la destacada trayectoria cient\u00edfica y acad\u00e9mica de la Doctora Andrea Celeste Saulo, reconocida tanto a nivel nacional como internacional y recientemente elegida como Secretaria General en el XIX Congreso de la Organizaci\u00f3n Meteorol\u00f3gica Mundial (OMM), realizado en Ginebra Suiza, del 29 de mayo al 2 de junio del a\u00f1o 2023. Convierti\u00e9ndose as\u00ed en la primer mujer y a la vez primera Latinoamericana en dirigir la Agencia Clim\u00e1tica\u201d.<\/p>\n\n\n\n<p><\/p>\n\n\n\n<p>Fuente: <strong>Bloque de Legisladores<br>Juntos\u00a0Somos R\u00edo Negro<\/strong><\/p>\n","protected":false},"excerpt":{"rendered":"","protected":false},"author":2,"featured_media":78457,"comment_status":"open","ping_status":"open","sticky":false,"template":"","format":"standard","meta":{"site-sidebar-layout":"default","site-content-layout":"","ast-site-content-layout":"default","site-content-style":"default","site-sidebar-style":"default","ast-global-header-display":"","ast-banner-title-visibility":"","ast-main-header-display":"","ast-hfb-above-header-display":"","ast-hfb-below-header-display":"","ast-hfb-mobile-header-display":"","site-post-title":"","ast-breadcrumbs-content":"","ast-featured-img":"","footer-sml-layout":"","ast-disable-related-posts":"","theme-transparent-header-meta":"","adv-header-id-meta":"","stick-header-meta":"","header-above-stick-meta":"","header-main-stick-meta":"","header-below-stick-meta":"","astra-migrate-meta-layouts":"default","ast-page-background-enabled":"default","ast-page-background-meta":{"desktop":{"background-color":"var(--ast-global-color-5)","background-image":"","background-repeat":"repeat","background-position":"center center","background-size":"auto","background-attachment":"scroll","background-type":"","background-media":"","overlay-type":"","overlay-color":"","overlay-opacity":"","overlay-gradient":""},"tablet":{"background-color":"","background-image":"","background-repeat":"repeat","background-position":"center center","background-size":"auto","background-attachment":"scroll","background-type":"","background-media":"","overlay-type":"","overlay-color":"","overlay-opacity":"","overlay-gradient":""},"mobile":{"background-color":"","background-image":"","background-repeat":"repeat","background-position":"center center","background-size":"auto","background-attachment":"scroll","background-type":"","background-media":"","overlay-type":"","overlay-color":"","overlay-opacity":"","overlay-gradient":""}},"ast-content-background-meta":{"desktop":{"background-color":"var(--ast-global-color-4)","background-image":"","background-repeat":"repeat","background-position":"center center","background-size":"auto","background-attachment":"scroll","background-type":"","background-media":"","overlay-type":"","overlay-color":"","overlay-opacity":"","overlay-gradient":""},"tablet":{"background-color":"var(--ast-global-color-4)","background-image":"","background-repeat":"repeat","background-position":"center center","background-size":"auto","background-attachment":"scroll","background-type":"","background-media":"","overlay-type":"","overlay-color":"","overlay-opacity":"","overlay-gradient":""},"mobile":{"background-color":"var(--ast-global-color-4)","background-image":"","background-repeat":"repeat","background-position":"center center","background-size":"auto","background-attachment":"scroll","background-type":"","background-media":"","overlay-type":"","overlay-color":"","overlay-opacity":"","overlay-gradient":""}},"footnotes":""},"categories":[13],"tags":[],"class_list":["post-78456","post","type-post","status-publish","format-standard","has-post-thumbnail","hentry","category-provinciales"],"yoast_head":"<!-- This site is optimized with the Yoast SEO Premium plugin v23.0 (Yoast SEO v27.4) - https:\/\/yoast.com\/product\/yoast-seo-premium-wordpress\/ -->\n<title>Nueva Secretaria General de la Organizaci\u00f3n Meteorol\u00f3gica Mundial<\/title>\n<meta name=\"robots\" content=\"index, follow, max-snippet:-1, max-image-preview:large, max-video-preview:-1\" \/>\n<link rel=\"canonical\" href=\"https:\/\/patagoniambiental.com.ar\/info\/nueva-secretaria-general-de-la-organizacion-meteorologica-mundial\/\" \/>\n<meta property=\"og:locale\" content=\"es_ES\" \/>\n<meta property=\"og:type\" content=\"article\" \/>\n<meta property=\"og:title\" content=\"Nueva Secretaria General de la Organizaci\u00f3n Meteorol\u00f3gica Mundial\" \/>\n<meta property=\"og:url\" content=\"https:\/\/patagoniambiental.com.ar\/info\/nueva-secretaria-general-de-la-organizacion-meteorologica-mundial\/\" \/>\n<meta property=\"og:site_name\" content=\"Patagonia Ambiental\" \/>\n<meta property=\"article:publisher\" content=\"https:\/\/www.facebook.com\/patagonia.ambiental\" \/>\n<meta property=\"article:author\" content=\"https:\/\/www.facebook.com\/share\/1C1V8Gv9BX\/?mibextid=qi2Omg\" \/>\n<meta property=\"article:published_time\" content=\"2023-06-12T10:00:00+00:00\" \/>\n<meta property=\"article:modified_time\" content=\"2024-08-16T19:56:23+00:00\" \/>\n<meta property=\"og:image\" content=\"https:\/\/patagoniambiental.com.ar\/info\/wp-content\/uploads\/2023\/06\/4TQMCNFHG5DTTCKEOO4GYHIT7A-600x418-1.jpg\" \/>\n\t<meta property=\"og:image:width\" content=\"600\" \/>\n\t<meta property=\"og:image:height\" content=\"418\" \/>\n\t<meta property=\"og:image:type\" content=\"image\/jpeg\" \/>\n<meta name=\"author\" content=\"Patagonia Ambiental\" \/>\n<meta name=\"twitter:card\" content=\"summary_large_image\" \/>\n<meta name=\"twitter:creator\" content=\"@PatAmb\" \/>\n<meta name=\"twitter:site\" content=\"@PatAmb\" \/>\n<script type=\"application\/ld+json\" class=\"yoast-schema-graph\">{\"@context\":\"https:\\\/\\\/schema.org\",\"@graph\":[{\"@type\":\"Article\",\"@id\":\"https:\\\/\\\/patagoniambiental.com.ar\\\/info\\\/nueva-secretaria-general-de-la-organizacion-meteorologica-mundial\\\/#article\",\"isPartOf\":{\"@id\":\"https:\\\/\\\/patagoniambiental.com.ar\\\/info\\\/nueva-secretaria-general-de-la-organizacion-meteorologica-mundial\\\/\"},\"author\":{\"name\":\"Patagonia Ambiental\",\"@id\":\"https:\\\/\\\/patagoniambiental.com.ar\\\/info\\\/#\\\/schema\\\/person\\\/db12bff64bbcbf6a253710bf0ea37b5d\"},\"headline\":\"Nueva Secretaria General de la Organizaci\u00f3n Meteorol\u00f3gica Mundial\",\"datePublished\":\"2023-06-12T10:00:00+00:00\",\"dateModified\":\"2024-08-16T19:56:23+00:00\",\"mainEntityOfPage\":{\"@id\":\"https:\\\/\\\/patagoniambiental.com.ar\\\/info\\\/nueva-secretaria-general-de-la-organizacion-meteorologica-mundial\\\/\"},\"wordCount\":334,\"commentCount\":0,\"publisher\":{\"@id\":\"https:\\\/\\\/patagoniambiental.com.ar\\\/info\\\/#organization\"},\"image\":{\"@id\":\"https:\\\/\\\/patagoniambiental.com.ar\\\/info\\\/nueva-secretaria-general-de-la-organizacion-meteorologica-mundial\\\/#primaryimage\"},\"thumbnailUrl\":\"https:\\\/\\\/patagoniambiental.com.ar\\\/info\\\/wp-content\\\/uploads\\\/2023\\\/06\\\/4TQMCNFHG5DTTCKEOO4GYHIT7A-600x418-1.jpg\",\"articleSection\":[\"Provinciales\"],\"inLanguage\":\"es\",\"potentialAction\":[{\"@type\":\"CommentAction\",\"name\":\"Comment\",\"target\":[\"https:\\\/\\\/patagoniambiental.com.ar\\\/info\\\/nueva-secretaria-general-de-la-organizacion-meteorologica-mundial\\\/#respond\"]}]},{\"@type\":\"WebPage\",\"@id\":\"https:\\\/\\\/patagoniambiental.com.ar\\\/info\\\/nueva-secretaria-general-de-la-organizacion-meteorologica-mundial\\\/\",\"url\":\"https:\\\/\\\/patagoniambiental.com.ar\\\/info\\\/nueva-secretaria-general-de-la-organizacion-meteorologica-mundial\\\/\",\"name\":\"Nueva Secretaria General de la Organizaci\u00f3n Meteorol\u00f3gica Mundial\",\"isPartOf\":{\"@id\":\"https:\\\/\\\/patagoniambiental.com.ar\\\/info\\\/#website\"},\"primaryImageOfPage\":{\"@id\":\"https:\\\/\\\/patagoniambiental.com.ar\\\/info\\\/nueva-secretaria-general-de-la-organizacion-meteorologica-mundial\\\/#primaryimage\"},\"image\":{\"@id\":\"https:\\\/\\\/patagoniambiental.com.ar\\\/info\\\/nueva-secretaria-general-de-la-organizacion-meteorologica-mundial\\\/#primaryimage\"},\"thumbnailUrl\":\"https:\\\/\\\/patagoniambiental.com.ar\\\/info\\\/wp-content\\\/uploads\\\/2023\\\/06\\\/4TQMCNFHG5DTTCKEOO4GYHIT7A-600x418-1.jpg\",\"datePublished\":\"2023-06-12T10:00:00+00:00\",\"dateModified\":\"2024-08-16T19:56:23+00:00\",\"breadcrumb\":{\"@id\":\"https:\\\/\\\/patagoniambiental.com.ar\\\/info\\\/nueva-secretaria-general-de-la-organizacion-meteorologica-mundial\\\/#breadcrumb\"},\"inLanguage\":\"es\",\"potentialAction\":[{\"@type\":\"ReadAction\",\"target\":[\"https:\\\/\\\/patagoniambiental.com.ar\\\/info\\\/nueva-secretaria-general-de-la-organizacion-meteorologica-mundial\\\/\"]}]},{\"@type\":\"ImageObject\",\"inLanguage\":\"es\",\"@id\":\"https:\\\/\\\/patagoniambiental.com.ar\\\/info\\\/nueva-secretaria-general-de-la-organizacion-meteorologica-mundial\\\/#primaryimage\",\"url\":\"https:\\\/\\\/patagoniambiental.com.ar\\\/info\\\/wp-content\\\/uploads\\\/2023\\\/06\\\/4TQMCNFHG5DTTCKEOO4GYHIT7A-600x418-1.jpg\",\"contentUrl\":\"https:\\\/\\\/patagoniambiental.com.ar\\\/info\\\/wp-content\\\/uploads\\\/2023\\\/06\\\/4TQMCNFHG5DTTCKEOO4GYHIT7A-600x418-1.jpg\",\"width\":600,\"height\":418},{\"@type\":\"BreadcrumbList\",\"@id\":\"https:\\\/\\\/patagoniambiental.com.ar\\\/info\\\/nueva-secretaria-general-de-la-organizacion-meteorologica-mundial\\\/#breadcrumb\",\"itemListElement\":[{\"@type\":\"ListItem\",\"position\":1,\"name\":\"Inicio\",\"item\":\"https:\\\/\\\/patagoniambiental.com.ar\\\/info\\\/\"},{\"@type\":\"ListItem\",\"position\":2,\"name\":\"Nueva Secretaria General de la Organizaci\u00f3n Meteorol\u00f3gica Mundial\"}]},{\"@type\":\"WebSite\",\"@id\":\"https:\\\/\\\/patagoniambiental.com.ar\\\/info\\\/#website\",\"url\":\"https:\\\/\\\/patagoniambiental.com.ar\\\/info\\\/\",\"name\":\"Patagonia Ambiental\",\"description\":\"Monitoreo y an\u00e1lisis de la situaci\u00f3n geopol\u00edtica en el mundo y su implicancia en la Patagonia\",\"publisher\":{\"@id\":\"https:\\\/\\\/patagoniambiental.com.ar\\\/info\\\/#organization\"},\"potentialAction\":[{\"@type\":\"SearchAction\",\"target\":{\"@type\":\"EntryPoint\",\"urlTemplate\":\"https:\\\/\\\/patagoniambiental.com.ar\\\/info\\\/?s={search_term_string}\"},\"query-input\":{\"@type\":\"PropertyValueSpecification\",\"valueRequired\":true,\"valueName\":\"search_term_string\"}}],\"inLanguage\":\"es\"},{\"@type\":\"Organization\",\"@id\":\"https:\\\/\\\/patagoniambiental.com.ar\\\/info\\\/#organization\",\"name\":\"Patagonia Ambiental\",\"url\":\"https:\\\/\\\/patagoniambiental.com.ar\\\/info\\\/\",\"logo\":{\"@type\":\"ImageObject\",\"inLanguage\":\"es\",\"@id\":\"https:\\\/\\\/patagoniambiental.com.ar\\\/info\\\/#\\\/schema\\\/logo\\\/image\\\/\",\"url\":\"https:\\\/\\\/patagoniambiental.com.ar\\\/info\\\/wp-content\\\/uploads\\\/2025\\\/05\\\/LOGO-PATAGONIA-AMBIENTAL.png\",\"contentUrl\":\"https:\\\/\\\/patagoniambiental.com.ar\\\/info\\\/wp-content\\\/uploads\\\/2025\\\/05\\\/LOGO-PATAGONIA-AMBIENTAL.png\",\"width\":433,\"height\":250,\"caption\":\"Patagonia Ambiental\"},\"image\":{\"@id\":\"https:\\\/\\\/patagoniambiental.com.ar\\\/info\\\/#\\\/schema\\\/logo\\\/image\\\/\"},\"sameAs\":[\"https:\\\/\\\/www.facebook.com\\\/patagonia.ambiental\",\"https:\\\/\\\/x.com\\\/PatAmb\"]},{\"@type\":\"Person\",\"@id\":\"https:\\\/\\\/patagoniambiental.com.ar\\\/info\\\/#\\\/schema\\\/person\\\/db12bff64bbcbf6a253710bf0ea37b5d\",\"name\":\"Patagonia Ambiental\",\"description\":\"Andr\u00e9s Nievas T\u00e9cnico en manejo ambiental, consultor Ambiental y escritor para medios locales e internacionales sobre temas de geopolitica y medio ambiente.\",\"sameAs\":[\"http:\\\/\\\/www.patagoniambiental.com.ar\",\"https:\\\/\\\/www.facebook.com\\\/share\\\/1C1V8Gv9BX\\\/?mibextid=qi2Omg\",\"@patagoniambiental\",\"https:\\\/\\\/youtube.com\\\/@patagoniaambiental2023?si=BLt58t0wuXquxlYZ\"]}]}<\/script>\n<!-- \/ Yoast SEO Premium plugin. -->","yoast_head_json":{"title":"Nueva Secretaria General de la Organizaci\u00f3n Meteorol\u00f3gica Mundial","robots":{"index":"index","follow":"follow","max-snippet":"max-snippet:-1","max-image-preview":"max-image-preview:large","max-video-preview":"max-video-preview:-1"},"canonical":"https:\/\/patagoniambiental.com.ar\/info\/nueva-secretaria-general-de-la-organizacion-meteorologica-mundial\/","og_locale":"es_ES","og_type":"article","og_title":"Nueva Secretaria General de la Organizaci\u00f3n Meteorol\u00f3gica Mundial","og_url":"https:\/\/patagoniambiental.com.ar\/info\/nueva-secretaria-general-de-la-organizacion-meteorologica-mundial\/","og_site_name":"Patagonia Ambiental","article_publisher":"https:\/\/www.facebook.com\/patagonia.ambiental","article_author":"https:\/\/www.facebook.com\/share\/1C1V8Gv9BX\/?mibextid=qi2Omg","article_published_time":"2023-06-12T10:00:00+00:00","article_modified_time":"2024-08-16T19:56:23+00:00","og_image":[{"width":600,"height":418,"url":"https:\/\/patagoniambiental.com.ar\/info\/wp-content\/uploads\/2023\/06\/4TQMCNFHG5DTTCKEOO4GYHIT7A-600x418-1.jpg","type":"image\/jpeg"}],"author":"Patagonia Ambiental","twitter_card":"summary_large_image","twitter_creator":"@PatAmb","twitter_site":"@PatAmb","schema":{"@context":"https:\/\/schema.org","@graph":[{"@type":"Article","@id":"https:\/\/patagoniambiental.com.ar\/info\/nueva-secretaria-general-de-la-organizacion-meteorologica-mundial\/#article","isPartOf":{"@id":"https:\/\/patagoniambiental.com.ar\/info\/nueva-secretaria-general-de-la-organizacion-meteorologica-mundial\/"},"author":{"name":"Patagonia Ambiental","@id":"https:\/\/patagoniambiental.com.ar\/info\/#\/schema\/person\/db12bff64bbcbf6a253710bf0ea37b5d"},"headline":"Nueva Secretaria General de la Organizaci\u00f3n Meteorol\u00f3gica Mundial","datePublished":"2023-06-12T10:00:00+00:00","dateModified":"2024-08-16T19:56:23+00:00","mainEntityOfPage":{"@id":"https:\/\/patagoniambiental.com.ar\/info\/nueva-secretaria-general-de-la-organizacion-meteorologica-mundial\/"},"wordCount":334,"commentCount":0,"publisher":{"@id":"https:\/\/patagoniambiental.com.ar\/info\/#organization"},"image":{"@id":"https:\/\/patagoniambiental.com.ar\/info\/nueva-secretaria-general-de-la-organizacion-meteorologica-mundial\/#primaryimage"},"thumbnailUrl":"https:\/\/patagoniambiental.com.ar\/info\/wp-content\/uploads\/2023\/06\/4TQMCNFHG5DTTCKEOO4GYHIT7A-600x418-1.jpg","articleSection":["Provinciales"],"inLanguage":"es","potentialAction":[{"@type":"CommentAction","name":"Comment","target":["https:\/\/patagoniambiental.com.ar\/info\/nueva-secretaria-general-de-la-organizacion-meteorologica-mundial\/#respond"]}]},{"@type":"WebPage","@id":"https:\/\/patagoniambiental.com.ar\/info\/nueva-secretaria-general-de-la-organizacion-meteorologica-mundial\/","url":"https:\/\/patagoniambiental.com.ar\/info\/nueva-secretaria-general-de-la-organizacion-meteorologica-mundial\/","name":"Nueva Secretaria General de la Organizaci\u00f3n Meteorol\u00f3gica Mundial","isPartOf":{"@id":"https:\/\/patagoniambiental.com.ar\/info\/#website"},"primaryImageOfPage":{"@id":"https:\/\/patagoniambiental.com.ar\/info\/nueva-secretaria-general-de-la-organizacion-meteorologica-mundial\/#primaryimage"},"image":{"@id":"https:\/\/patagoniambiental.com.ar\/info\/nueva-secretaria-general-de-la-organizacion-meteorologica-mundial\/#primaryimage"},"thumbnailUrl":"https:\/\/patagoniambiental.com.ar\/info\/wp-content\/uploads\/2023\/06\/4TQMCNFHG5DTTCKEOO4GYHIT7A-600x418-1.jpg","datePublished":"2023-06-12T10:00:00+00:00","dateModified":"2024-08-16T19:56:23+00:00","breadcrumb":{"@id":"https:\/\/patagoniambiental.com.ar\/info\/nueva-secretaria-general-de-la-organizacion-meteorologica-mundial\/#breadcrumb"},"inLanguage":"es","potentialAction":[{"@type":"ReadAction","target":["https:\/\/patagoniambiental.com.ar\/info\/nueva-secretaria-general-de-la-organizacion-meteorologica-mundial\/"]}]},{"@type":"ImageObject","inLanguage":"es","@id":"https:\/\/patagoniambiental.com.ar\/info\/nueva-secretaria-general-de-la-organizacion-meteorologica-mundial\/#primaryimage","url":"https:\/\/patagoniambiental.com.ar\/info\/wp-content\/uploads\/2023\/06\/4TQMCNFHG5DTTCKEOO4GYHIT7A-600x418-1.jpg","contentUrl":"https:\/\/patagoniambiental.com.ar\/info\/wp-content\/uploads\/2023\/06\/4TQMCNFHG5DTTCKEOO4GYHIT7A-600x418-1.jpg","width":600,"height":418},{"@type":"BreadcrumbList","@id":"https:\/\/patagoniambiental.com.ar\/info\/nueva-secretaria-general-de-la-organizacion-meteorologica-mundial\/#breadcrumb","itemListElement":[{"@type":"ListItem","position":1,"name":"Inicio","item":"https:\/\/patagoniambiental.com.ar\/info\/"},{"@type":"ListItem","position":2,"name":"Nueva Secretaria General de la Organizaci\u00f3n Meteorol\u00f3gica Mundial"}]},{"@type":"WebSite","@id":"https:\/\/patagoniambiental.com.ar\/info\/#website","url":"https:\/\/patagoniambiental.com.ar\/info\/","name":"Patagonia Ambiental","description":"Monitoreo y an\u00e1lisis de la situaci\u00f3n geopol\u00edtica en el mundo y su implicancia en la Patagonia","publisher":{"@id":"https:\/\/patagoniambiental.com.ar\/info\/#organization"},"potentialAction":[{"@type":"SearchAction","target":{"@type":"EntryPoint","urlTemplate":"https:\/\/patagoniambiental.com.ar\/info\/?s={search_term_string}"},"query-input":{"@type":"PropertyValueSpecification","valueRequired":true,"valueName":"search_term_string"}}],"inLanguage":"es"},{"@type":"Organization","@id":"https:\/\/patagoniambiental.com.ar\/info\/#organization","name":"Patagonia Ambiental","url":"https:\/\/patagoniambiental.com.ar\/info\/","logo":{"@type":"ImageObject","inLanguage":"es","@id":"https:\/\/patagoniambiental.com.ar\/info\/#\/schema\/logo\/image\/","url":"https:\/\/patagoniambiental.com.ar\/info\/wp-content\/uploads\/2025\/05\/LOGO-PATAGONIA-AMBIENTAL.png","contentUrl":"https:\/\/patagoniambiental.com.ar\/info\/wp-content\/uploads\/2025\/05\/LOGO-PATAGONIA-AMBIENTAL.png","width":433,"height":250,"caption":"Patagonia Ambiental"},"image":{"@id":"https:\/\/patagoniambiental.com.ar\/info\/#\/schema\/logo\/image\/"},"sameAs":["https:\/\/www.facebook.com\/patagonia.ambiental","https:\/\/x.com\/PatAmb"]},{"@type":"Person","@id":"https:\/\/patagoniambiental.com.ar\/info\/#\/schema\/person\/db12bff64bbcbf6a253710bf0ea37b5d","name":"Patagonia Ambiental","description":"Andr\u00e9s Nievas T\u00e9cnico en manejo ambiental, consultor Ambiental y escritor para medios locales e internacionales sobre temas de geopolitica y medio ambiente.","sameAs":["http:\/\/www.patagoniambiental.com.ar","https:\/\/www.facebook.com\/share\/1C1V8Gv9BX\/?mibextid=qi2Omg","@patagoniambiental","https:\/\/youtube.com\/@patagoniaambiental2023?si=BLt58t0wuXquxlYZ"]}]}},"_links":{"self":[{"href":"https:\/\/patagoniambiental.com.ar\/info\/wp-json\/wp\/v2\/posts\/78456","targetHints":{"allow":["GET"]}}],"collection":[{"href":"https:\/\/patagoniambiental.com.ar\/info\/wp-json\/wp\/v2\/posts"}],"about":[{"href":"https:\/\/patagoniambiental.com.ar\/info\/wp-json\/wp\/v2\/types\/post"}],"author":[{"embeddable":true,"href":"https:\/\/patagoniambiental.com.ar\/info\/wp-json\/wp\/v2\/users\/2"}],"replies":[{"embeddable":true,"href":"https:\/\/patagoniambiental.com.ar\/info\/wp-json\/wp\/v2\/comments?post=78456"}],"version-history":[{"count":0,"href":"https:\/\/patagoniambiental.com.ar\/info\/wp-json\/wp\/v2\/posts\/78456\/revisions"}],"wp:featuredmedia":[{"embeddable":true,"href":"https:\/\/patagoniambiental.com.ar\/info\/wp-json\/wp\/v2\/media\/78457"}],"wp:attachment":[{"href":"https:\/\/patagoniambiental.com.ar\/info\/wp-json\/wp\/v2\/media?parent=78456"}],"wp:term":[{"taxonomy":"category","embeddable":true,"href":"https:\/\/patagoniambiental.com.ar\/info\/wp-json\/wp\/v2\/categories?post=78456"},{"taxonomy":"post_tag","embeddable":true,"href":"https:\/\/patagoniambiental.com.ar\/info\/wp-json\/wp\/v2\/tags?post=78456"}],"curies":[{"name":"wp","href":"https:\/\/api.w.org\/{rel}","templated":true}]}}