{"id":78473,"date":"2023-06-09T19:00:00","date_gmt":"2023-06-09T22:00:00","guid":{"rendered":"https:\/\/patagoniambiental.com.ar\/info\/?p=78473"},"modified":"2024-08-16T17:01:04","modified_gmt":"2024-08-16T20:01:04","slug":"positivo-balance-de-la-semana-del-ambiente-en-santa-rosa","status":"publish","type":"post","link":"https:\/\/patagoniambiental.com.ar\/info\/positivo-balance-de-la-semana-del-ambiente-en-santa-rosa\/","title":{"rendered":"Positivo balance de la Semana del Ambiente en Santa Rosa"},"content":{"rendered":"\n<!--more-->\n\n\n\n<p>La \u00abSemana del Ambiente\u00bb culmin\u00f3 hoy luego de una serie de actividades que impuls\u00f3 la Municipalidad de Santa Rosa junto a diversas instituciones. \u201cEl balance es muy positivo\u201d, destac\u00f3 la subsecretaria de Ambiente y Servicios P\u00fablicos de la comuna, Mar\u00eda Fern\u00e1ndez.<\/p>\n\n\n\n<p>Durante esta semana se llevaron a cabo distintas acciones de concientizaci\u00f3n en el marco del programa Santa Rosa Ambiental y en colaboraci\u00f3n con la Secretar\u00eda de Energ\u00eda y Miner\u00eda de La Pampa, la Subsecretar\u00eda de Ambiente de La Pampa, la Universidad Nacional de La Pampa, Dafas, la Cooperativa \u201cBrote Popular\u201d y la Organizaci\u00f3n \u201cLuchadoras de la Vida\u201d. Las jornadas comenzaron el lunes con un acto institucional en la Plaza San Mart\u00edn, stands ambientales dirigidos al p\u00fablico en general, escuelas primarias y colegios de Santa Rosa. El martes se realiz\u00f3 en Dafas una actividad de concientizaci\u00f3n sobre la Gesti\u00f3n Integral de Residuos S\u00f3lidos Urbanos.https:\/\/82b346aac977fa203cc4cec8e2c40c52.safeframe.googlesyndication.com\/safeframe\/1-0-40\/html\/container.html?n=0<\/p>\n\n\n\n<p>El mi\u00e9rcoles se llev\u00f3 a cabo un recorrido por la Escuela Hort\u00edcola Municipal, en el que estudiantes del Colegio Mabel Peralbo conocieron la historia del Mercado Municipal, recorrieron los espacios de permacultura, realizaron talleres e incorporaron conocimientos sobre pr\u00e1ctica agroecol\u00f3gica. El jueves se realiz\u00f3 una visita guiada para estudiantes de nivel secundario por la Reserva Natural Urbana Estancia \u201cLa Malvina\u201d y el viernes una actividad de concientizaci\u00f3n en el Concejo Deliberante, sobre el cambio clim\u00e1tico titulada \u201cLaboratorio Clim\u00e1tico\u201d, dirigida a estudiantes del nivel primario.<\/p>\n\n\n\n<p>La subsecretaria Mar\u00eda Fern\u00e1ndez destac\u00f3 que el balance \u00abes muy positivo. Articulamos esfuerzos con el Gobierno provincial, instituciones educativas y otros organismos para poder llevar a cabo distintas acciones pensando siempre en ampliar la llegada a cada vecino y vecina\u201d.<\/p>\n\n\n\n<p>Finalmente, remarc\u00f3 \u201cel d\u00eda del Ambiente es una fecha muy importante que nos atraviesa a todos y en particular a nosotros como Estado, con la responsabilidad de seguir construyendo conciencia con hechos concretos, tal como lo venimos haciendo desde la puesta en marcha del programa Santa Rosa Ambiental\u201d.<\/p>\n\n\n\n<div style=\"height:100px\" aria-hidden=\"true\" class=\"wp-block-spacer\"><\/div>\n\n\n\n<h2 class=\"wp-block-heading\" id=\"h-programa\"><strong>Programa.<\/strong><\/h2>\n\n\n\n<p>Santa Rosa Ambiental es un programa implementado por la gesti\u00f3n del intendente Luciano di N\u00e1poli que tiene como ejes la recuperaci\u00f3n y revalorizaci\u00f3n de residuos, as\u00ed como tambi\u00e9n la inclusi\u00f3n social a trav\u00e9s de la generaci\u00f3n de empleo. El programa integra todas las etapas de la gesti\u00f3n, y tal como indican los valores de la econom\u00eda circular, promueve la participaci\u00f3n activa de la ciudadan\u00eda.<br>\u201cDesde noviembre del 2021 hemos recuperado 1.420.000 kg de materiales reciclables\u201d, se\u00f1al\u00f3 la subsecretaria y asegur\u00f3 que se proyecta una gran cantidad de acciones en el mediano y corto plazo para \u201cseguir construyendo una ciudad ambientalmente sostenible y socialmente inclusiva\u201d.<\/p>\n\n\n\n<p>Fuente: www.laarena.com.ar<\/p>\n","protected":false},"excerpt":{"rendered":"","protected":false},"author":2,"featured_media":0,"comment_status":"open","ping_status":"open","sticky":false,"template":"","format":"standard","meta":{"site-sidebar-layout":"default","site-content-layout":"","ast-site-content-layout":"default","site-content-style":"default","site-sidebar-style":"default","ast-global-header-display":"","ast-banner-title-visibility":"","ast-main-header-display":"","ast-hfb-above-header-display":"","ast-hfb-below-header-display":"","ast-hfb-mobile-header-display":"","site-post-title":"","ast-breadcrumbs-content":"","ast-featured-img":"","footer-sml-layout":"","ast-disable-related-posts":"","theme-transparent-header-meta":"","adv-header-id-meta":"","stick-header-meta":"","header-above-stick-meta":"","header-main-stick-meta":"","header-below-stick-meta":"","astra-migrate-meta-layouts":"default","ast-page-background-enabled":"default","ast-page-background-meta":{"desktop":{"background-color":"var(--ast-global-color-5)","background-image":"","background-repeat":"repeat","background-position":"center center","background-size":"auto","background-attachment":"scroll","background-type":"","background-media":"","overlay-type":"","overlay-color":"","overlay-opacity":"","overlay-gradient":""},"tablet":{"background-color":"","background-image":"","background-repeat":"repeat","background-position":"center center","background-size":"auto","background-attachment":"scroll","background-type":"","background-media":"","overlay-type":"","overlay-color":"","overlay-opacity":"","overlay-gradient":""},"mobile":{"background-color":"","background-image":"","background-repeat":"repeat","background-position":"center center","background-size":"auto","background-attachment":"scroll","background-type":"","background-media":"","overlay-type":"","overlay-color":"","overlay-opacity":"","overlay-gradient":""}},"ast-content-background-meta":{"desktop":{"background-color":"var(--ast-global-color-4)","background-image":"","background-repeat":"repeat","background-position":"center center","background-size":"auto","background-attachment":"scroll","background-type":"","background-media":"","overlay-type":"","overlay-color":"","overlay-opacity":"","overlay-gradient":""},"tablet":{"background-color":"var(--ast-global-color-4)","background-image":"","background-repeat":"repeat","background-position":"center center","background-size":"auto","background-attachment":"scroll","background-type":"","background-media":"","overlay-type":"","overlay-color":"","overlay-opacity":"","overlay-gradient":""},"mobile":{"background-color":"var(--ast-global-color-4)","background-image":"","background-repeat":"repeat","background-position":"center center","background-size":"auto","background-attachment":"scroll","background-type":"","background-media":"","overlay-type":"","overlay-color":"","overlay-opacity":"","overlay-gradient":""}},"footnotes":""},"categories":[1],"tags":[],"class_list":["post-78473","post","type-post","status-publish","format-standard","hentry","category-noticias"],"yoast_head":"<!-- This site is optimized with the Yoast SEO Premium plugin v23.0 (Yoast SEO v27.4) - https:\/\/yoast.com\/product\/yoast-seo-premium-wordpress\/ -->\n<title>Positivo balance de la Semana del Ambiente en Santa Rosa<\/title>\n<meta name=\"robots\" content=\"index, follow, max-snippet:-1, max-image-preview:large, max-video-preview:-1\" \/>\n<link rel=\"canonical\" href=\"https:\/\/patagoniambiental.com.ar\/info\/positivo-balance-de-la-semana-del-ambiente-en-santa-rosa\/\" \/>\n<meta property=\"og:locale\" content=\"es_ES\" \/>\n<meta property=\"og:type\" content=\"article\" \/>\n<meta property=\"og:title\" content=\"Positivo balance de la Semana del Ambiente en Santa Rosa\" \/>\n<meta property=\"og:url\" content=\"https:\/\/patagoniambiental.com.ar\/info\/positivo-balance-de-la-semana-del-ambiente-en-santa-rosa\/\" \/>\n<meta property=\"og:site_name\" content=\"Patagonia Ambiental\" \/>\n<meta property=\"article:publisher\" content=\"https:\/\/www.facebook.com\/patagonia.ambiental\" \/>\n<meta property=\"article:author\" content=\"https:\/\/www.facebook.com\/share\/1C1V8Gv9BX\/?mibextid=qi2Omg\" \/>\n<meta property=\"article:published_time\" content=\"2023-06-09T22:00:00+00:00\" \/>\n<meta property=\"article:modified_time\" content=\"2024-08-16T20:01:04+00:00\" \/>\n<meta name=\"author\" content=\"Patagonia Ambiental\" \/>\n<meta name=\"twitter:card\" content=\"summary_large_image\" \/>\n<meta name=\"twitter:creator\" content=\"@PatAmb\" \/>\n<meta name=\"twitter:site\" content=\"@PatAmb\" \/>\n<script type=\"application\/ld+json\" class=\"yoast-schema-graph\">{\"@context\":\"https:\\\/\\\/schema.org\",\"@graph\":[{\"@type\":\"Article\",\"@id\":\"https:\\\/\\\/patagoniambiental.com.ar\\\/info\\\/positivo-balance-de-la-semana-del-ambiente-en-santa-rosa\\\/#article\",\"isPartOf\":{\"@id\":\"https:\\\/\\\/patagoniambiental.com.ar\\\/info\\\/positivo-balance-de-la-semana-del-ambiente-en-santa-rosa\\\/\"},\"author\":{\"name\":\"Patagonia Ambiental\",\"@id\":\"https:\\\/\\\/patagoniambiental.com.ar\\\/info\\\/#\\\/schema\\\/person\\\/db12bff64bbcbf6a253710bf0ea37b5d\"},\"headline\":\"Positivo balance de la Semana del Ambiente en Santa Rosa\",\"datePublished\":\"2023-06-09T22:00:00+00:00\",\"dateModified\":\"2024-08-16T20:01:04+00:00\",\"mainEntityOfPage\":{\"@id\":\"https:\\\/\\\/patagoniambiental.com.ar\\\/info\\\/positivo-balance-de-la-semana-del-ambiente-en-santa-rosa\\\/\"},\"wordCount\":491,\"commentCount\":0,\"publisher\":{\"@id\":\"https:\\\/\\\/patagoniambiental.com.ar\\\/info\\\/#organization\"},\"articleSection\":[\"Noticias\"],\"inLanguage\":\"es\",\"potentialAction\":[{\"@type\":\"CommentAction\",\"name\":\"Comment\",\"target\":[\"https:\\\/\\\/patagoniambiental.com.ar\\\/info\\\/positivo-balance-de-la-semana-del-ambiente-en-santa-rosa\\\/#respond\"]}]},{\"@type\":\"WebPage\",\"@id\":\"https:\\\/\\\/patagoniambiental.com.ar\\\/info\\\/positivo-balance-de-la-semana-del-ambiente-en-santa-rosa\\\/\",\"url\":\"https:\\\/\\\/patagoniambiental.com.ar\\\/info\\\/positivo-balance-de-la-semana-del-ambiente-en-santa-rosa\\\/\",\"name\":\"Positivo balance de la Semana del Ambiente en Santa Rosa\",\"isPartOf\":{\"@id\":\"https:\\\/\\\/patagoniambiental.com.ar\\\/info\\\/#website\"},\"datePublished\":\"2023-06-09T22:00:00+00:00\",\"dateModified\":\"2024-08-16T20:01:04+00:00\",\"breadcrumb\":{\"@id\":\"https:\\\/\\\/patagoniambiental.com.ar\\\/info\\\/positivo-balance-de-la-semana-del-ambiente-en-santa-rosa\\\/#breadcrumb\"},\"inLanguage\":\"es\",\"potentialAction\":[{\"@type\":\"ReadAction\",\"target\":[\"https:\\\/\\\/patagoniambiental.com.ar\\\/info\\\/positivo-balance-de-la-semana-del-ambiente-en-santa-rosa\\\/\"]}]},{\"@type\":\"BreadcrumbList\",\"@id\":\"https:\\\/\\\/patagoniambiental.com.ar\\\/info\\\/positivo-balance-de-la-semana-del-ambiente-en-santa-rosa\\\/#breadcrumb\",\"itemListElement\":[{\"@type\":\"ListItem\",\"position\":1,\"name\":\"Inicio\",\"item\":\"https:\\\/\\\/patagoniambiental.com.ar\\\/info\\\/\"},{\"@type\":\"ListItem\",\"position\":2,\"name\":\"Positivo balance de la Semana del Ambiente en Santa Rosa\"}]},{\"@type\":\"WebSite\",\"@id\":\"https:\\\/\\\/patagoniambiental.com.ar\\\/info\\\/#website\",\"url\":\"https:\\\/\\\/patagoniambiental.com.ar\\\/info\\\/\",\"name\":\"Patagonia Ambiental\",\"description\":\"Monitoreo y an\u00e1lisis de la situaci\u00f3n geopol\u00edtica en el mundo y su implicancia en la Patagonia\",\"publisher\":{\"@id\":\"https:\\\/\\\/patagoniambiental.com.ar\\\/info\\\/#organization\"},\"potentialAction\":[{\"@type\":\"SearchAction\",\"target\":{\"@type\":\"EntryPoint\",\"urlTemplate\":\"https:\\\/\\\/patagoniambiental.com.ar\\\/info\\\/?s={search_term_string}\"},\"query-input\":{\"@type\":\"PropertyValueSpecification\",\"valueRequired\":true,\"valueName\":\"search_term_string\"}}],\"inLanguage\":\"es\"},{\"@type\":\"Organization\",\"@id\":\"https:\\\/\\\/patagoniambiental.com.ar\\\/info\\\/#organization\",\"name\":\"Patagonia Ambiental\",\"url\":\"https:\\\/\\\/patagoniambiental.com.ar\\\/info\\\/\",\"logo\":{\"@type\":\"ImageObject\",\"inLanguage\":\"es\",\"@id\":\"https:\\\/\\\/patagoniambiental.com.ar\\\/info\\\/#\\\/schema\\\/logo\\\/image\\\/\",\"url\":\"https:\\\/\\\/patagoniambiental.com.ar\\\/info\\\/wp-content\\\/uploads\\\/2025\\\/05\\\/LOGO-PATAGONIA-AMBIENTAL.png\",\"contentUrl\":\"https:\\\/\\\/patagoniambiental.com.ar\\\/info\\\/wp-content\\\/uploads\\\/2025\\\/05\\\/LOGO-PATAGONIA-AMBIENTAL.png\",\"width\":433,\"height\":250,\"caption\":\"Patagonia Ambiental\"},\"image\":{\"@id\":\"https:\\\/\\\/patagoniambiental.com.ar\\\/info\\\/#\\\/schema\\\/logo\\\/image\\\/\"},\"sameAs\":[\"https:\\\/\\\/www.facebook.com\\\/patagonia.ambiental\",\"https:\\\/\\\/x.com\\\/PatAmb\"]},{\"@type\":\"Person\",\"@id\":\"https:\\\/\\\/patagoniambiental.com.ar\\\/info\\\/#\\\/schema\\\/person\\\/db12bff64bbcbf6a253710bf0ea37b5d\",\"name\":\"Patagonia Ambiental\",\"description\":\"Andr\u00e9s Nievas T\u00e9cnico en manejo ambiental, consultor Ambiental y escritor para medios locales e internacionales sobre temas de geopolitica y medio ambiente.\",\"sameAs\":[\"http:\\\/\\\/www.patagoniambiental.com.ar\",\"https:\\\/\\\/www.facebook.com\\\/share\\\/1C1V8Gv9BX\\\/?mibextid=qi2Omg\",\"@patagoniambiental\",\"https:\\\/\\\/youtube.com\\\/@patagoniaambiental2023?si=BLt58t0wuXquxlYZ\"]}]}<\/script>\n<!-- \/ Yoast SEO Premium plugin. -->","yoast_head_json":{"title":"Positivo balance de la Semana del Ambiente en Santa Rosa","robots":{"index":"index","follow":"follow","max-snippet":"max-snippet:-1","max-image-preview":"max-image-preview:large","max-video-preview":"max-video-preview:-1"},"canonical":"https:\/\/patagoniambiental.com.ar\/info\/positivo-balance-de-la-semana-del-ambiente-en-santa-rosa\/","og_locale":"es_ES","og_type":"article","og_title":"Positivo balance de la Semana del Ambiente en Santa Rosa","og_url":"https:\/\/patagoniambiental.com.ar\/info\/positivo-balance-de-la-semana-del-ambiente-en-santa-rosa\/","og_site_name":"Patagonia Ambiental","article_publisher":"https:\/\/www.facebook.com\/patagonia.ambiental","article_author":"https:\/\/www.facebook.com\/share\/1C1V8Gv9BX\/?mibextid=qi2Omg","article_published_time":"2023-06-09T22:00:00+00:00","article_modified_time":"2024-08-16T20:01:04+00:00","author":"Patagonia Ambiental","twitter_card":"summary_large_image","twitter_creator":"@PatAmb","twitter_site":"@PatAmb","schema":{"@context":"https:\/\/schema.org","@graph":[{"@type":"Article","@id":"https:\/\/patagoniambiental.com.ar\/info\/positivo-balance-de-la-semana-del-ambiente-en-santa-rosa\/#article","isPartOf":{"@id":"https:\/\/patagoniambiental.com.ar\/info\/positivo-balance-de-la-semana-del-ambiente-en-santa-rosa\/"},"author":{"name":"Patagonia Ambiental","@id":"https:\/\/patagoniambiental.com.ar\/info\/#\/schema\/person\/db12bff64bbcbf6a253710bf0ea37b5d"},"headline":"Positivo balance de la Semana del Ambiente en Santa Rosa","datePublished":"2023-06-09T22:00:00+00:00","dateModified":"2024-08-16T20:01:04+00:00","mainEntityOfPage":{"@id":"https:\/\/patagoniambiental.com.ar\/info\/positivo-balance-de-la-semana-del-ambiente-en-santa-rosa\/"},"wordCount":491,"commentCount":0,"publisher":{"@id":"https:\/\/patagoniambiental.com.ar\/info\/#organization"},"articleSection":["Noticias"],"inLanguage":"es","potentialAction":[{"@type":"CommentAction","name":"Comment","target":["https:\/\/patagoniambiental.com.ar\/info\/positivo-balance-de-la-semana-del-ambiente-en-santa-rosa\/#respond"]}]},{"@type":"WebPage","@id":"https:\/\/patagoniambiental.com.ar\/info\/positivo-balance-de-la-semana-del-ambiente-en-santa-rosa\/","url":"https:\/\/patagoniambiental.com.ar\/info\/positivo-balance-de-la-semana-del-ambiente-en-santa-rosa\/","name":"Positivo balance de la Semana del Ambiente en Santa Rosa","isPartOf":{"@id":"https:\/\/patagoniambiental.com.ar\/info\/#website"},"datePublished":"2023-06-09T22:00:00+00:00","dateModified":"2024-08-16T20:01:04+00:00","breadcrumb":{"@id":"https:\/\/patagoniambiental.com.ar\/info\/positivo-balance-de-la-semana-del-ambiente-en-santa-rosa\/#breadcrumb"},"inLanguage":"es","potentialAction":[{"@type":"ReadAction","target":["https:\/\/patagoniambiental.com.ar\/info\/positivo-balance-de-la-semana-del-ambiente-en-santa-rosa\/"]}]},{"@type":"BreadcrumbList","@id":"https:\/\/patagoniambiental.com.ar\/info\/positivo-balance-de-la-semana-del-ambiente-en-santa-rosa\/#breadcrumb","itemListElement":[{"@type":"ListItem","position":1,"name":"Inicio","item":"https:\/\/patagoniambiental.com.ar\/info\/"},{"@type":"ListItem","position":2,"name":"Positivo balance de la Semana del Ambiente en Santa Rosa"}]},{"@type":"WebSite","@id":"https:\/\/patagoniambiental.com.ar\/info\/#website","url":"https:\/\/patagoniambiental.com.ar\/info\/","name":"Patagonia Ambiental","description":"Monitoreo y an\u00e1lisis de la situaci\u00f3n geopol\u00edtica en el mundo y su implicancia en la Patagonia","publisher":{"@id":"https:\/\/patagoniambiental.com.ar\/info\/#organization"},"potentialAction":[{"@type":"SearchAction","target":{"@type":"EntryPoint","urlTemplate":"https:\/\/patagoniambiental.com.ar\/info\/?s={search_term_string}"},"query-input":{"@type":"PropertyValueSpecification","valueRequired":true,"valueName":"search_term_string"}}],"inLanguage":"es"},{"@type":"Organization","@id":"https:\/\/patagoniambiental.com.ar\/info\/#organization","name":"Patagonia Ambiental","url":"https:\/\/patagoniambiental.com.ar\/info\/","logo":{"@type":"ImageObject","inLanguage":"es","@id":"https:\/\/patagoniambiental.com.ar\/info\/#\/schema\/logo\/image\/","url":"https:\/\/patagoniambiental.com.ar\/info\/wp-content\/uploads\/2025\/05\/LOGO-PATAGONIA-AMBIENTAL.png","contentUrl":"https:\/\/patagoniambiental.com.ar\/info\/wp-content\/uploads\/2025\/05\/LOGO-PATAGONIA-AMBIENTAL.png","width":433,"height":250,"caption":"Patagonia Ambiental"},"image":{"@id":"https:\/\/patagoniambiental.com.ar\/info\/#\/schema\/logo\/image\/"},"sameAs":["https:\/\/www.facebook.com\/patagonia.ambiental","https:\/\/x.com\/PatAmb"]},{"@type":"Person","@id":"https:\/\/patagoniambiental.com.ar\/info\/#\/schema\/person\/db12bff64bbcbf6a253710bf0ea37b5d","name":"Patagonia Ambiental","description":"Andr\u00e9s Nievas T\u00e9cnico en manejo ambiental, consultor Ambiental y escritor para medios locales e internacionales sobre temas de geopolitica y medio ambiente.","sameAs":["http:\/\/www.patagoniambiental.com.ar","https:\/\/www.facebook.com\/share\/1C1V8Gv9BX\/?mibextid=qi2Omg","@patagoniambiental","https:\/\/youtube.com\/@patagoniaambiental2023?si=BLt58t0wuXquxlYZ"]}]}},"_links":{"self":[{"href":"https:\/\/patagoniambiental.com.ar\/info\/wp-json\/wp\/v2\/posts\/78473","targetHints":{"allow":["GET"]}}],"collection":[{"href":"https:\/\/patagoniambiental.com.ar\/info\/wp-json\/wp\/v2\/posts"}],"about":[{"href":"https:\/\/patagoniambiental.com.ar\/info\/wp-json\/wp\/v2\/types\/post"}],"author":[{"embeddable":true,"href":"https:\/\/patagoniambiental.com.ar\/info\/wp-json\/wp\/v2\/users\/2"}],"replies":[{"embeddable":true,"href":"https:\/\/patagoniambiental.com.ar\/info\/wp-json\/wp\/v2\/comments?post=78473"}],"version-history":[{"count":0,"href":"https:\/\/patagoniambiental.com.ar\/info\/wp-json\/wp\/v2\/posts\/78473\/revisions"}],"wp:attachment":[{"href":"https:\/\/patagoniambiental.com.ar\/info\/wp-json\/wp\/v2\/media?parent=78473"}],"wp:term":[{"taxonomy":"category","embeddable":true,"href":"https:\/\/patagoniambiental.com.ar\/info\/wp-json\/wp\/v2\/categories?post=78473"},{"taxonomy":"post_tag","embeddable":true,"href":"https:\/\/patagoniambiental.com.ar\/info\/wp-json\/wp\/v2\/tags?post=78473"}],"curies":[{"name":"wp","href":"https:\/\/api.w.org\/{rel}","templated":true}]}}