{"id":78475,"date":"2023-06-09T19:00:00","date_gmt":"2023-06-09T22:00:00","guid":{"rendered":"https:\/\/patagoniambiental.com.ar\/info\/?p=78475"},"modified":"2024-08-16T17:00:33","modified_gmt":"2024-08-16T20:00:33","slug":"la-oposicion-denunciara-penalmente-a-los-responsables-del-avance-del-puerto-de-china-en-tierra-del-fuego","status":"publish","type":"post","link":"https:\/\/patagoniambiental.com.ar\/info\/la-oposicion-denunciara-penalmente-a-los-responsables-del-avance-del-puerto-de-china-en-tierra-del-fuego\/","title":{"rendered":"La oposici\u00f3n denunciar\u00e1 a los responsables del avance del puerto Chino en Tierra del Fuego"},"content":{"rendered":"\n<!--more-->\n\n\n\n<p>Tierra del Fuego.-Tal como adelant\u00f3 Infobae, el gobernador de Tierra del Fuego Gustavo Melella ratific\u00f3 mediante el decreto provincial 3312\/22 la construcci\u00f3n de la base naval y dio giro a M\u00f3nica Urquiza, presidenta de la Legislatura fueguina, para que sea tratado por sus diputados. El acuerdo fue firmado con la empresa estatal china Shaanxi Chemical Industry Group Co. Ltd. y la oposici\u00f3n denunciar\u00e1 penalmente a los responsables, seg\u00fan adelantaron.<\/p>\n\n\n\n<p>Ocurre que la Argentina contin\u00faa facilit\u00e1ndole el ingreso a cuestiones estrat\u00e9gicas a China y esta vez lo hace en Tierra del Fuego, la puerta a la Ant\u00e1rtida que el r\u00e9gimen de Xi Jinping pretende como parte de sus proyectos expansionistas en el mundo: lo har\u00e1 mediante la autorizaci\u00f3n para construir un puerto multiprop\u00f3sito en la provincia m\u00e1s austral del pa\u00eds, un reclamo reiterado de Beijing.<\/p>\n\n\n\n<p>\u201cMelella le da luz verde al estado chino para construir un puerto en nuestra provincia. El memor\u00e1ndum firmado y ratificado por el gobernador, promueve el control de una empresa estatal china sobre nuestra infraestructura estrat\u00e9gica\u201d, explic\u00f3 Federico Frigerio, diputado nacional.<\/p>\n\n\n\n<p>\u201cEl puerto es de car\u00e1cter estrat\u00e9gico por lo que solo puede ser operado por empresas de capitales nacionales, p\u00fablicos, privados o mixtos, pero nacionales. Melella esper\u00f3 a que pasaran las elecciones provinciales para blanquear el memor\u00e1ndum\u201d, se\u00f1al\u00f3 el legislador y advirti\u00f3: \u201cNo vamos a permitir que ning\u00fan estado extranjero controle nuestra infraestructura estrat\u00e9gica. \u00bfHabr\u00e1 esperado a ratificarlo despu\u00e9s de las elecciones porque la inversi\u00f3n esconde directa o indirectamente cesi\u00f3n de soberan\u00eda? Veremos\u201d.<\/p>\n\n\n\n<p>\u201cEl gobierno nacional avanza con el gobernador de Tierra de Fuego, Gustavo Melella, en la construcci\u00f3n de un puerto en territorio nacional con capitales chinos. Nos metemos en el conflicto Estados Unidos\u2014China por la puerta equivocada\u201d, expuso Miguel \u00c1ngel Pichetto a trav\u00e9s de sus redes sociales.<\/p>\n\n\n\n<p>Luego, el titular de Encuentro Republicano Federal y Auditor General de la Naci\u00f3n, complet\u00f3: \u201cEstas decisiones de Argentina no hacen m\u00e1s que generar tensiones con Occidente y Estados Unidos. Es un tema de seguridad nacional. No entienden nada\u201d.<\/p>\n\n\n\n<p>El memor\u00e1ndum -escrito tanto en chino como en castellano- se\u00f1ala que el r\u00e9gimen asi\u00e1tico eligi\u00f3 a aquella provincia porque \u201cest\u00e1 ubicada en el extremo sur de Sudam\u00e9rica, es rica en recursos de gas natural y es una de las nuevas potencias industriales de Argentina\u201d, en referencia al ensamble tecnol\u00f3gico que se desarrolla en Tierra del Fuego.<\/p>\n\n\n\n<p>La diputada nacional por la Ciudad de Buenos Aires Mariana Zuvic tambi\u00e9n expres\u00f3 su postura de manera p\u00fablica y se\u00f1al\u00f3 con letras en may\u00fasculas: \u201cPresentaremos denuncia penal contra los responsables de esta entrega hist\u00f3rica de nuestra soberan\u00eda\u201d.<\/p>\n\n\n\n<p>Zuvic precis\u00f3: \u201c9 meses ocultaron el Memor\u00e1ndum con China. Durante 9 meses en sendos pedidos de informe y accesos solicitamos a MRECIC, MINDEF, MECON, JGM el contenido del memor\u00e1ndum\u201d.<\/p>\n\n\n\n<p>\u201cEl Memorando de Entendimiento de Melella con una empresa del Estado chino no respeta los dispuesto en el art\u00edculo 124 de la Constituci\u00f3n que exige sea conocido por el Congreso. Esto aborda facultades delegadas como las relaciones exteriores y la defensa nacional sin que dichas \u00e1reas hayan tomado la intervenci\u00f3n de su competencia\u201d, complet\u00f3 la legisladora.<\/p>\n\n\n\n<p>En el marco de las cr\u00edticas por la iniciativa del mandatario fueguino, el diputado nacional Fernando Iglesias comparti\u00f3 un mensaje en ingl\u00e9s en el que precis\u00f3: \u201cVendiendo Argentina por el yuan\u201d. El senador nacional Pablo Daniel Blanco, en tanto, fue m\u00e1s imperativo en su reclamo: \u201cExijo la inmediata intervenci\u00f3n del Canciller Santiago Cafiero para que haga p\u00fablica la posici\u00f3n del gobierno nacional con respecto al memor\u00e1ndum firmado entre el gobernador Melella y la empresa estatal china Shaanxi Chemical Industry Group Co. Ltd.\u201d.<\/p>\n\n\n\n<p>\u201cEl gobernador le debe a los fueguinos y a los argentinos una explicaci\u00f3n pormenorizada de los alcances del memor\u00e1ndum que con tanto inter\u00e9s impulsa as\u00ed como sus implicaciones para nuestra soberan\u00eda\u201d, demand\u00f3 Blanco a continuaci\u00f3n y enfatiz\u00f3: \u201cAbrirle las puertas a una potencia totalitaria como China en el sur de nuestro pa\u00eds es facilitarle un enclave estrat\u00e9gico que puede llegar a vulnerar y comprometer nuestra soberan\u00eda. Es por ello que solicito que Canciller\u00eda se expida urgentemente al respecto\u201d.<\/p>\n\n\n\n<p>En el cierre de su breve hilo de Twitter, el legislador fueguino complet\u00f3: \u201cNo estoy dispuesto a permitir que mi provincia quede comprometida como prenda de negociaciones entre un gobierno nacional desesperado por fondos y el r\u00e9gimen de Xi Jinping que aprovecha este tipo de debilidades para afianzar su pol\u00edtica expansionista\u201d.<\/p>\n\n\n\n<p>Tal como adelant\u00f3 este medio, el contrato entre las partes que lleg\u00f3 a la Legislatura fueguina detalla: \u201cShaanxi Chemical Group invertir\u00e1 en la construcci\u00f3n de un proyecto con una capacidad anual de 600.000 toneladas de amon\u00edaco sint\u00e9tico, 900.000 toneladas de urea y 100.000 toneladas de glifosato en el sur de Argentina, m\u00e1s la construcci\u00f3n de una terminal portuaria multiprop\u00f3sito con recinto interno -que permite el amarre de de embarcaciones de 20.000 toneladas- y una central el\u00e9ctrica de 100MW\u201d.<\/p>\n\n\n\n<p>Pero, adem\u00e1s, el memor\u00e1ndum rubricado por Melella abre las puertas a m\u00e1s desembarcos del r\u00e9gimen en la Patagonia: \u201cLa construcci\u00f3n sin contratiempos del proyecto ser\u00e1 ejemplar para la inversi\u00f3n de empresas chinas en el sur de Argentina\u201d. El decreto ingres\u00f3 a la legislatura provincial el lunes 5 de junio.<\/p>\n\n\n\n<p>La compa\u00f1\u00eda formalmente detr\u00e1s del proyecto es, como dice el documento al que tuvo acceso este medio, China Shaanxi Chemical Industry Group. Sin embargo, fuentes del sector aseguran que resulta dif\u00edcil de creer que una empresa qu\u00edmica como aquella se dedique a la construcci\u00f3n de un puerto y que en cambio esa tarea estar\u00eda delegada a otro gigante controlado por el r\u00e9gimen: HydroChina Corp. Shaanxi Group es una firma estatal de energ\u00eda y qu\u00edmica desarrollada por el Comit\u00e9 Provincial del Partido de Shaanxi y el gobierno provincial de aquel pa\u00eds.<\/p>\n\n\n\n<p>\u201cDe concretarse este proyecto, se tratar\u00eda de una peligrosa cesi\u00f3n de soberan\u00eda con consecuencias dif\u00edciles de mensurar para nuestra pol\u00edtica exterior ya que nos aleja de las democracias de Occidente, sin mencionar que el mismo deber\u00eda haber contado con discusi\u00f3n amplia, prudente, sensata y mesurada que involucre al menos la participaci\u00f3n del Poder Ejecutivo Nacional a trav\u00e9s de la Canciller\u00eda y el Ministerio de Defensa\u201d, advirti\u00f3 a su vez el senador nacional Julio Mart\u00ednez.<\/p>\n\n\n\n<p>Fuente: Infobae.<\/p>\n","protected":false},"excerpt":{"rendered":"","protected":false},"author":2,"featured_media":78476,"comment_status":"open","ping_status":"open","sticky":false,"template":"","format":"standard","meta":{"site-sidebar-layout":"default","site-content-layout":"","ast-site-content-layout":"default","site-content-style":"default","site-sidebar-style":"default","ast-global-header-display":"","ast-banner-title-visibility":"","ast-main-header-display":"","ast-hfb-above-header-display":"","ast-hfb-below-header-display":"","ast-hfb-mobile-header-display":"","site-post-title":"","ast-breadcrumbs-content":"","ast-featured-img":"","footer-sml-layout":"","ast-disable-related-posts":"","theme-transparent-header-meta":"","adv-header-id-meta":"","stick-header-meta":"","header-above-stick-meta":"","header-main-stick-meta":"","header-below-stick-meta":"","astra-migrate-meta-layouts":"default","ast-page-background-enabled":"default","ast-page-background-meta":{"desktop":{"background-color":"var(--ast-global-color-5)","background-image":"","background-repeat":"repeat","background-position":"center center","background-size":"auto","background-attachment":"scroll","background-type":"","background-media":"","overlay-type":"","overlay-color":"","overlay-opacity":"","overlay-gradient":""},"tablet":{"background-color":"","background-image":"","background-repeat":"repeat","background-position":"center center","background-size":"auto","background-attachment":"scroll","background-type":"","background-media":"","overlay-type":"","overlay-color":"","overlay-opacity":"","overlay-gradient":""},"mobile":{"background-color":"","background-image":"","background-repeat":"repeat","background-position":"center center","background-size":"auto","background-attachment":"scroll","background-type":"","background-media":"","overlay-type":"","overlay-color":"","overlay-opacity":"","overlay-gradient":""}},"ast-content-background-meta":{"desktop":{"background-color":"var(--ast-global-color-4)","background-image":"","background-repeat":"repeat","background-position":"center center","background-size":"auto","background-attachment":"scroll","background-type":"","background-media":"","overlay-type":"","overlay-color":"","overlay-opacity":"","overlay-gradient":""},"tablet":{"background-color":"var(--ast-global-color-4)","background-image":"","background-repeat":"repeat","background-position":"center center","background-size":"auto","background-attachment":"scroll","background-type":"","background-media":"","overlay-type":"","overlay-color":"","overlay-opacity":"","overlay-gradient":""},"mobile":{"background-color":"var(--ast-global-color-4)","background-image":"","background-repeat":"repeat","background-position":"center center","background-size":"auto","background-attachment":"scroll","background-type":"","background-media":"","overlay-type":"","overlay-color":"","overlay-opacity":"","overlay-gradient":""}},"footnotes":""},"categories":[13],"tags":[],"class_list":["post-78475","post","type-post","status-publish","format-standard","has-post-thumbnail","hentry","category-provinciales"],"yoast_head":"<!-- This site is optimized with the Yoast SEO Premium plugin v23.0 (Yoast SEO v27.4) - https:\/\/yoast.com\/product\/yoast-seo-premium-wordpress\/ -->\n<title>La oposici\u00f3n denunciar\u00e1 a los responsables del avance del puerto Chino en Tierra del Fuego<\/title>\n<meta name=\"robots\" content=\"index, follow, max-snippet:-1, max-image-preview:large, max-video-preview:-1\" \/>\n<link rel=\"canonical\" href=\"https:\/\/patagoniambiental.com.ar\/info\/la-oposicion-denunciara-penalmente-a-los-responsables-del-avance-del-puerto-de-china-en-tierra-del-fuego\/\" \/>\n<meta property=\"og:locale\" content=\"es_ES\" \/>\n<meta property=\"og:type\" content=\"article\" \/>\n<meta property=\"og:title\" content=\"La oposici\u00f3n denunciar\u00e1 a los responsables del avance del puerto Chino en Tierra del Fuego\" \/>\n<meta property=\"og:url\" content=\"https:\/\/patagoniambiental.com.ar\/info\/la-oposicion-denunciara-penalmente-a-los-responsables-del-avance-del-puerto-de-china-en-tierra-del-fuego\/\" \/>\n<meta property=\"og:site_name\" content=\"Patagonia Ambiental\" \/>\n<meta property=\"article:publisher\" content=\"https:\/\/www.facebook.com\/patagonia.ambiental\" \/>\n<meta property=\"article:author\" content=\"https:\/\/www.facebook.com\/share\/1C1V8Gv9BX\/?mibextid=qi2Omg\" \/>\n<meta property=\"article:published_time\" content=\"2023-06-09T22:00:00+00:00\" \/>\n<meta property=\"article:modified_time\" content=\"2024-08-16T20:00:33+00:00\" \/>\n<meta property=\"og:image\" content=\"https:\/\/patagoniambiental.com.ar\/info\/wp-content\/uploads\/2023\/06\/4-10070.jpg\" \/>\n\t<meta property=\"og:image:width\" content=\"1024\" \/>\n\t<meta property=\"og:image:height\" content=\"535\" \/>\n\t<meta property=\"og:image:type\" content=\"image\/jpeg\" \/>\n<meta name=\"author\" content=\"Patagonia Ambiental\" \/>\n<meta name=\"twitter:card\" content=\"summary_large_image\" \/>\n<meta name=\"twitter:creator\" content=\"@PatAmb\" \/>\n<meta name=\"twitter:site\" content=\"@PatAmb\" \/>\n<script type=\"application\/ld+json\" class=\"yoast-schema-graph\">{\"@context\":\"https:\\\/\\\/schema.org\",\"@graph\":[{\"@type\":\"Article\",\"@id\":\"https:\\\/\\\/patagoniambiental.com.ar\\\/info\\\/la-oposicion-denunciara-penalmente-a-los-responsables-del-avance-del-puerto-de-china-en-tierra-del-fuego\\\/#article\",\"isPartOf\":{\"@id\":\"https:\\\/\\\/patagoniambiental.com.ar\\\/info\\\/la-oposicion-denunciara-penalmente-a-los-responsables-del-avance-del-puerto-de-china-en-tierra-del-fuego\\\/\"},\"author\":{\"name\":\"Patagonia Ambiental\",\"@id\":\"https:\\\/\\\/patagoniambiental.com.ar\\\/info\\\/#\\\/schema\\\/person\\\/db12bff64bbcbf6a253710bf0ea37b5d\"},\"headline\":\"La oposici\u00f3n denunciar\u00e1 a los responsables del avance del puerto Chino en Tierra del Fuego\",\"datePublished\":\"2023-06-09T22:00:00+00:00\",\"dateModified\":\"2024-08-16T20:00:33+00:00\",\"mainEntityOfPage\":{\"@id\":\"https:\\\/\\\/patagoniambiental.com.ar\\\/info\\\/la-oposicion-denunciara-penalmente-a-los-responsables-del-avance-del-puerto-de-china-en-tierra-del-fuego\\\/\"},\"wordCount\":1120,\"commentCount\":0,\"publisher\":{\"@id\":\"https:\\\/\\\/patagoniambiental.com.ar\\\/info\\\/#organization\"},\"image\":{\"@id\":\"https:\\\/\\\/patagoniambiental.com.ar\\\/info\\\/la-oposicion-denunciara-penalmente-a-los-responsables-del-avance-del-puerto-de-china-en-tierra-del-fuego\\\/#primaryimage\"},\"thumbnailUrl\":\"https:\\\/\\\/patagoniambiental.com.ar\\\/info\\\/wp-content\\\/uploads\\\/2023\\\/06\\\/4-10070.jpg\",\"articleSection\":[\"Provinciales\"],\"inLanguage\":\"es\",\"potentialAction\":[{\"@type\":\"CommentAction\",\"name\":\"Comment\",\"target\":[\"https:\\\/\\\/patagoniambiental.com.ar\\\/info\\\/la-oposicion-denunciara-penalmente-a-los-responsables-del-avance-del-puerto-de-china-en-tierra-del-fuego\\\/#respond\"]}]},{\"@type\":\"WebPage\",\"@id\":\"https:\\\/\\\/patagoniambiental.com.ar\\\/info\\\/la-oposicion-denunciara-penalmente-a-los-responsables-del-avance-del-puerto-de-china-en-tierra-del-fuego\\\/\",\"url\":\"https:\\\/\\\/patagoniambiental.com.ar\\\/info\\\/la-oposicion-denunciara-penalmente-a-los-responsables-del-avance-del-puerto-de-china-en-tierra-del-fuego\\\/\",\"name\":\"La oposici\u00f3n denunciar\u00e1 a los responsables del avance del puerto Chino en Tierra del Fuego\",\"isPartOf\":{\"@id\":\"https:\\\/\\\/patagoniambiental.com.ar\\\/info\\\/#website\"},\"primaryImageOfPage\":{\"@id\":\"https:\\\/\\\/patagoniambiental.com.ar\\\/info\\\/la-oposicion-denunciara-penalmente-a-los-responsables-del-avance-del-puerto-de-china-en-tierra-del-fuego\\\/#primaryimage\"},\"image\":{\"@id\":\"https:\\\/\\\/patagoniambiental.com.ar\\\/info\\\/la-oposicion-denunciara-penalmente-a-los-responsables-del-avance-del-puerto-de-china-en-tierra-del-fuego\\\/#primaryimage\"},\"thumbnailUrl\":\"https:\\\/\\\/patagoniambiental.com.ar\\\/info\\\/wp-content\\\/uploads\\\/2023\\\/06\\\/4-10070.jpg\",\"datePublished\":\"2023-06-09T22:00:00+00:00\",\"dateModified\":\"2024-08-16T20:00:33+00:00\",\"breadcrumb\":{\"@id\":\"https:\\\/\\\/patagoniambiental.com.ar\\\/info\\\/la-oposicion-denunciara-penalmente-a-los-responsables-del-avance-del-puerto-de-china-en-tierra-del-fuego\\\/#breadcrumb\"},\"inLanguage\":\"es\",\"potentialAction\":[{\"@type\":\"ReadAction\",\"target\":[\"https:\\\/\\\/patagoniambiental.com.ar\\\/info\\\/la-oposicion-denunciara-penalmente-a-los-responsables-del-avance-del-puerto-de-china-en-tierra-del-fuego\\\/\"]}]},{\"@type\":\"ImageObject\",\"inLanguage\":\"es\",\"@id\":\"https:\\\/\\\/patagoniambiental.com.ar\\\/info\\\/la-oposicion-denunciara-penalmente-a-los-responsables-del-avance-del-puerto-de-china-en-tierra-del-fuego\\\/#primaryimage\",\"url\":\"https:\\\/\\\/patagoniambiental.com.ar\\\/info\\\/wp-content\\\/uploads\\\/2023\\\/06\\\/4-10070.jpg\",\"contentUrl\":\"https:\\\/\\\/patagoniambiental.com.ar\\\/info\\\/wp-content\\\/uploads\\\/2023\\\/06\\\/4-10070.jpg\",\"width\":1024,\"height\":535},{\"@type\":\"BreadcrumbList\",\"@id\":\"https:\\\/\\\/patagoniambiental.com.ar\\\/info\\\/la-oposicion-denunciara-penalmente-a-los-responsables-del-avance-del-puerto-de-china-en-tierra-del-fuego\\\/#breadcrumb\",\"itemListElement\":[{\"@type\":\"ListItem\",\"position\":1,\"name\":\"Inicio\",\"item\":\"https:\\\/\\\/patagoniambiental.com.ar\\\/info\\\/\"},{\"@type\":\"ListItem\",\"position\":2,\"name\":\"La oposici\u00f3n denunciar\u00e1 a los responsables del avance del puerto Chino en Tierra del Fuego\"}]},{\"@type\":\"WebSite\",\"@id\":\"https:\\\/\\\/patagoniambiental.com.ar\\\/info\\\/#website\",\"url\":\"https:\\\/\\\/patagoniambiental.com.ar\\\/info\\\/\",\"name\":\"Patagonia Ambiental\",\"description\":\"Monitoreo y an\u00e1lisis de la situaci\u00f3n geopol\u00edtica en el mundo y su implicancia en la Patagonia\",\"publisher\":{\"@id\":\"https:\\\/\\\/patagoniambiental.com.ar\\\/info\\\/#organization\"},\"potentialAction\":[{\"@type\":\"SearchAction\",\"target\":{\"@type\":\"EntryPoint\",\"urlTemplate\":\"https:\\\/\\\/patagoniambiental.com.ar\\\/info\\\/?s={search_term_string}\"},\"query-input\":{\"@type\":\"PropertyValueSpecification\",\"valueRequired\":true,\"valueName\":\"search_term_string\"}}],\"inLanguage\":\"es\"},{\"@type\":\"Organization\",\"@id\":\"https:\\\/\\\/patagoniambiental.com.ar\\\/info\\\/#organization\",\"name\":\"Patagonia Ambiental\",\"url\":\"https:\\\/\\\/patagoniambiental.com.ar\\\/info\\\/\",\"logo\":{\"@type\":\"ImageObject\",\"inLanguage\":\"es\",\"@id\":\"https:\\\/\\\/patagoniambiental.com.ar\\\/info\\\/#\\\/schema\\\/logo\\\/image\\\/\",\"url\":\"https:\\\/\\\/patagoniambiental.com.ar\\\/info\\\/wp-content\\\/uploads\\\/2025\\\/05\\\/LOGO-PATAGONIA-AMBIENTAL.png\",\"contentUrl\":\"https:\\\/\\\/patagoniambiental.com.ar\\\/info\\\/wp-content\\\/uploads\\\/2025\\\/05\\\/LOGO-PATAGONIA-AMBIENTAL.png\",\"width\":433,\"height\":250,\"caption\":\"Patagonia Ambiental\"},\"image\":{\"@id\":\"https:\\\/\\\/patagoniambiental.com.ar\\\/info\\\/#\\\/schema\\\/logo\\\/image\\\/\"},\"sameAs\":[\"https:\\\/\\\/www.facebook.com\\\/patagonia.ambiental\",\"https:\\\/\\\/x.com\\\/PatAmb\"]},{\"@type\":\"Person\",\"@id\":\"https:\\\/\\\/patagoniambiental.com.ar\\\/info\\\/#\\\/schema\\\/person\\\/db12bff64bbcbf6a253710bf0ea37b5d\",\"name\":\"Patagonia Ambiental\",\"description\":\"Andr\u00e9s Nievas T\u00e9cnico en manejo ambiental, consultor Ambiental y escritor para medios locales e internacionales sobre temas de geopolitica y medio ambiente.\",\"sameAs\":[\"http:\\\/\\\/www.patagoniambiental.com.ar\",\"https:\\\/\\\/www.facebook.com\\\/share\\\/1C1V8Gv9BX\\\/?mibextid=qi2Omg\",\"@patagoniambiental\",\"https:\\\/\\\/youtube.com\\\/@patagoniaambiental2023?si=BLt58t0wuXquxlYZ\"]}]}<\/script>\n<!-- \/ Yoast SEO Premium plugin. -->","yoast_head_json":{"title":"La oposici\u00f3n denunciar\u00e1 a los responsables del avance del puerto Chino en Tierra del Fuego","robots":{"index":"index","follow":"follow","max-snippet":"max-snippet:-1","max-image-preview":"max-image-preview:large","max-video-preview":"max-video-preview:-1"},"canonical":"https:\/\/patagoniambiental.com.ar\/info\/la-oposicion-denunciara-penalmente-a-los-responsables-del-avance-del-puerto-de-china-en-tierra-del-fuego\/","og_locale":"es_ES","og_type":"article","og_title":"La oposici\u00f3n denunciar\u00e1 a los responsables del avance del puerto Chino en Tierra del Fuego","og_url":"https:\/\/patagoniambiental.com.ar\/info\/la-oposicion-denunciara-penalmente-a-los-responsables-del-avance-del-puerto-de-china-en-tierra-del-fuego\/","og_site_name":"Patagonia Ambiental","article_publisher":"https:\/\/www.facebook.com\/patagonia.ambiental","article_author":"https:\/\/www.facebook.com\/share\/1C1V8Gv9BX\/?mibextid=qi2Omg","article_published_time":"2023-06-09T22:00:00+00:00","article_modified_time":"2024-08-16T20:00:33+00:00","og_image":[{"width":1024,"height":535,"url":"https:\/\/patagoniambiental.com.ar\/info\/wp-content\/uploads\/2023\/06\/4-10070.jpg","type":"image\/jpeg"}],"author":"Patagonia Ambiental","twitter_card":"summary_large_image","twitter_creator":"@PatAmb","twitter_site":"@PatAmb","schema":{"@context":"https:\/\/schema.org","@graph":[{"@type":"Article","@id":"https:\/\/patagoniambiental.com.ar\/info\/la-oposicion-denunciara-penalmente-a-los-responsables-del-avance-del-puerto-de-china-en-tierra-del-fuego\/#article","isPartOf":{"@id":"https:\/\/patagoniambiental.com.ar\/info\/la-oposicion-denunciara-penalmente-a-los-responsables-del-avance-del-puerto-de-china-en-tierra-del-fuego\/"},"author":{"name":"Patagonia Ambiental","@id":"https:\/\/patagoniambiental.com.ar\/info\/#\/schema\/person\/db12bff64bbcbf6a253710bf0ea37b5d"},"headline":"La oposici\u00f3n denunciar\u00e1 a los responsables del avance del puerto Chino en Tierra del Fuego","datePublished":"2023-06-09T22:00:00+00:00","dateModified":"2024-08-16T20:00:33+00:00","mainEntityOfPage":{"@id":"https:\/\/patagoniambiental.com.ar\/info\/la-oposicion-denunciara-penalmente-a-los-responsables-del-avance-del-puerto-de-china-en-tierra-del-fuego\/"},"wordCount":1120,"commentCount":0,"publisher":{"@id":"https:\/\/patagoniambiental.com.ar\/info\/#organization"},"image":{"@id":"https:\/\/patagoniambiental.com.ar\/info\/la-oposicion-denunciara-penalmente-a-los-responsables-del-avance-del-puerto-de-china-en-tierra-del-fuego\/#primaryimage"},"thumbnailUrl":"https:\/\/patagoniambiental.com.ar\/info\/wp-content\/uploads\/2023\/06\/4-10070.jpg","articleSection":["Provinciales"],"inLanguage":"es","potentialAction":[{"@type":"CommentAction","name":"Comment","target":["https:\/\/patagoniambiental.com.ar\/info\/la-oposicion-denunciara-penalmente-a-los-responsables-del-avance-del-puerto-de-china-en-tierra-del-fuego\/#respond"]}]},{"@type":"WebPage","@id":"https:\/\/patagoniambiental.com.ar\/info\/la-oposicion-denunciara-penalmente-a-los-responsables-del-avance-del-puerto-de-china-en-tierra-del-fuego\/","url":"https:\/\/patagoniambiental.com.ar\/info\/la-oposicion-denunciara-penalmente-a-los-responsables-del-avance-del-puerto-de-china-en-tierra-del-fuego\/","name":"La oposici\u00f3n denunciar\u00e1 a los responsables del avance del puerto Chino en Tierra del Fuego","isPartOf":{"@id":"https:\/\/patagoniambiental.com.ar\/info\/#website"},"primaryImageOfPage":{"@id":"https:\/\/patagoniambiental.com.ar\/info\/la-oposicion-denunciara-penalmente-a-los-responsables-del-avance-del-puerto-de-china-en-tierra-del-fuego\/#primaryimage"},"image":{"@id":"https:\/\/patagoniambiental.com.ar\/info\/la-oposicion-denunciara-penalmente-a-los-responsables-del-avance-del-puerto-de-china-en-tierra-del-fuego\/#primaryimage"},"thumbnailUrl":"https:\/\/patagoniambiental.com.ar\/info\/wp-content\/uploads\/2023\/06\/4-10070.jpg","datePublished":"2023-06-09T22:00:00+00:00","dateModified":"2024-08-16T20:00:33+00:00","breadcrumb":{"@id":"https:\/\/patagoniambiental.com.ar\/info\/la-oposicion-denunciara-penalmente-a-los-responsables-del-avance-del-puerto-de-china-en-tierra-del-fuego\/#breadcrumb"},"inLanguage":"es","potentialAction":[{"@type":"ReadAction","target":["https:\/\/patagoniambiental.com.ar\/info\/la-oposicion-denunciara-penalmente-a-los-responsables-del-avance-del-puerto-de-china-en-tierra-del-fuego\/"]}]},{"@type":"ImageObject","inLanguage":"es","@id":"https:\/\/patagoniambiental.com.ar\/info\/la-oposicion-denunciara-penalmente-a-los-responsables-del-avance-del-puerto-de-china-en-tierra-del-fuego\/#primaryimage","url":"https:\/\/patagoniambiental.com.ar\/info\/wp-content\/uploads\/2023\/06\/4-10070.jpg","contentUrl":"https:\/\/patagoniambiental.com.ar\/info\/wp-content\/uploads\/2023\/06\/4-10070.jpg","width":1024,"height":535},{"@type":"BreadcrumbList","@id":"https:\/\/patagoniambiental.com.ar\/info\/la-oposicion-denunciara-penalmente-a-los-responsables-del-avance-del-puerto-de-china-en-tierra-del-fuego\/#breadcrumb","itemListElement":[{"@type":"ListItem","position":1,"name":"Inicio","item":"https:\/\/patagoniambiental.com.ar\/info\/"},{"@type":"ListItem","position":2,"name":"La oposici\u00f3n denunciar\u00e1 a los responsables del avance del puerto Chino en Tierra del Fuego"}]},{"@type":"WebSite","@id":"https:\/\/patagoniambiental.com.ar\/info\/#website","url":"https:\/\/patagoniambiental.com.ar\/info\/","name":"Patagonia Ambiental","description":"Monitoreo y an\u00e1lisis de la situaci\u00f3n geopol\u00edtica en el mundo y su implicancia en la Patagonia","publisher":{"@id":"https:\/\/patagoniambiental.com.ar\/info\/#organization"},"potentialAction":[{"@type":"SearchAction","target":{"@type":"EntryPoint","urlTemplate":"https:\/\/patagoniambiental.com.ar\/info\/?s={search_term_string}"},"query-input":{"@type":"PropertyValueSpecification","valueRequired":true,"valueName":"search_term_string"}}],"inLanguage":"es"},{"@type":"Organization","@id":"https:\/\/patagoniambiental.com.ar\/info\/#organization","name":"Patagonia Ambiental","url":"https:\/\/patagoniambiental.com.ar\/info\/","logo":{"@type":"ImageObject","inLanguage":"es","@id":"https:\/\/patagoniambiental.com.ar\/info\/#\/schema\/logo\/image\/","url":"https:\/\/patagoniambiental.com.ar\/info\/wp-content\/uploads\/2025\/05\/LOGO-PATAGONIA-AMBIENTAL.png","contentUrl":"https:\/\/patagoniambiental.com.ar\/info\/wp-content\/uploads\/2025\/05\/LOGO-PATAGONIA-AMBIENTAL.png","width":433,"height":250,"caption":"Patagonia Ambiental"},"image":{"@id":"https:\/\/patagoniambiental.com.ar\/info\/#\/schema\/logo\/image\/"},"sameAs":["https:\/\/www.facebook.com\/patagonia.ambiental","https:\/\/x.com\/PatAmb"]},{"@type":"Person","@id":"https:\/\/patagoniambiental.com.ar\/info\/#\/schema\/person\/db12bff64bbcbf6a253710bf0ea37b5d","name":"Patagonia Ambiental","description":"Andr\u00e9s Nievas T\u00e9cnico en manejo ambiental, consultor Ambiental y escritor para medios locales e internacionales sobre temas de geopolitica y medio ambiente.","sameAs":["http:\/\/www.patagoniambiental.com.ar","https:\/\/www.facebook.com\/share\/1C1V8Gv9BX\/?mibextid=qi2Omg","@patagoniambiental","https:\/\/youtube.com\/@patagoniaambiental2023?si=BLt58t0wuXquxlYZ"]}]}},"_links":{"self":[{"href":"https:\/\/patagoniambiental.com.ar\/info\/wp-json\/wp\/v2\/posts\/78475","targetHints":{"allow":["GET"]}}],"collection":[{"href":"https:\/\/patagoniambiental.com.ar\/info\/wp-json\/wp\/v2\/posts"}],"about":[{"href":"https:\/\/patagoniambiental.com.ar\/info\/wp-json\/wp\/v2\/types\/post"}],"author":[{"embeddable":true,"href":"https:\/\/patagoniambiental.com.ar\/info\/wp-json\/wp\/v2\/users\/2"}],"replies":[{"embeddable":true,"href":"https:\/\/patagoniambiental.com.ar\/info\/wp-json\/wp\/v2\/comments?post=78475"}],"version-history":[{"count":0,"href":"https:\/\/patagoniambiental.com.ar\/info\/wp-json\/wp\/v2\/posts\/78475\/revisions"}],"wp:featuredmedia":[{"embeddable":true,"href":"https:\/\/patagoniambiental.com.ar\/info\/wp-json\/wp\/v2\/media\/78476"}],"wp:attachment":[{"href":"https:\/\/patagoniambiental.com.ar\/info\/wp-json\/wp\/v2\/media?parent=78475"}],"wp:term":[{"taxonomy":"category","embeddable":true,"href":"https:\/\/patagoniambiental.com.ar\/info\/wp-json\/wp\/v2\/categories?post=78475"},{"taxonomy":"post_tag","embeddable":true,"href":"https:\/\/patagoniambiental.com.ar\/info\/wp-json\/wp\/v2\/tags?post=78475"}],"curies":[{"name":"wp","href":"https:\/\/api.w.org\/{rel}","templated":true}]}}