{"id":78488,"date":"2023-06-20T19:00:00","date_gmt":"2023-06-20T22:00:00","guid":{"rendered":"https:\/\/patagoniambiental.com.ar\/info\/?p=78488"},"modified":"2024-08-16T16:50:46","modified_gmt":"2024-08-16T19:50:46","slug":"ambientalistas-estudian-en-santa-cruz-bosque-de-macroalgas-clave-para-mitigar-el-cambio-climatico","status":"publish","type":"post","link":"https:\/\/patagoniambiental.com.ar\/info\/ambientalistas-estudian-en-santa-cruz-bosque-de-macroalgas-clave-para-mitigar-el-cambio-climatico\/","title":{"rendered":"Ambientalistas estudian en Santa Cruz bosque de macroalgas para mitigar el cambio clim\u00e1tico"},"content":{"rendered":"\n<!--more-->\n\n\n\n<p>La fundaci\u00f3n Por el Mar (PEM) trabaja desde hace un a\u00f1o en los aproximadamente 1000 kil\u00f3metros de costa de Santa Cruz y en Tierra del Fuego, en la investigaci\u00f3n de un bosque de macroalgas que resulta clave para la mitigaci\u00f3n del cambio clim\u00e1tico, informaron fuentes ambientalistas.<\/p>\n\n\n\n<p>\u201cEstamos hace un a\u00f1o trabajando en este corredor de algas de los bosques sumergidos en los que el mundo ha puesto el foco en esta d\u00e9cada porque se sabe que este ecosistema es clave para la mitigaci\u00f3n del Cambio Clim\u00e1tico, porque tiene una capacidad mucho m\u00e1s grande que el Amazonas de capturar carbono\u201d, explic\u00f3 a T\u00e9lam Marina Sasso, de la fundaci\u00f3n PEM.<\/p>\n\n\n\n<p>La ambientalista resalt\u00f3 que \u201choy el mundo est\u00e1 mirando este ecosistema, la agenda internacional est\u00e1 mirando cu\u00e1les son las medidas que va a tomar con este ecosistema la Argentina, que as\u00ed como fue pionera y reconocida en el mundo por la regulaci\u00f3n de la salmonicultura, puede ser pionera en la conservaci\u00f3n de lo que es este Amazonas del mar\u201d.<\/p>\n\n\n\n<p>Seg\u00fan inform\u00f3, \u201cen el mundo este ecosistema ya perdi\u00f3 casi un 40 por ciento y eso tiene que ver con varias razones, una de ellas es el cambio de la temperatura del agua\u201d, condici\u00f3n que \u201cen la Patagonia no cambi\u00f3 en los \u00faltimos 50 a\u00f1os y se prev\u00e9 que no va a cambiar por los pr\u00f3ximos 50\u201d.<\/p>\n\n\n\n<p>El dato cient\u00edfico surge de un estudio publicado en 2020 por Fried Lander, \u201cque descubre que en el Atl\u00e1ntico Sur a diferencia de todas las partes del mundo, la temperatura del agua no cambi\u00f3\u201d.<\/p>\n\n\n\n<p>\u201cEn Argentina, en Sud\u00e1frica y en algunas partes de Escocia y Chile, permanecen los \u00faltimos remanentes de este bosque de macroalgas en estado pristino, entonces la misi\u00f3n que tiene la fundaci\u00f3n Por el Mar en Argentina es buscar la protecci\u00f3n de este ecosistema principalmente y ofrecer pr\u00e1cticas sostenibles\u201d, indic\u00f3.<\/p>\n\n\n\n<p>Sasso ampli\u00f3 que \u201ceste ecosistema se cosecha en Chile y otras partes del mundo y esa fue una de las principales causas de que este ecosistema disminuya, la mala pr\u00e1ctica\u201d.<\/p>\n\n\n\n<p>\u201cPor eso estamos enfocados en acercar a la Argentina las mejores pr\u00e1cticas en relaci\u00f3n este ecosistema, para asegurarnos que se mantenga pristino y con la relevancia que est\u00e1 cobrando la Patagonia Argentina a nivel mundial por su capacidad de hacer frente a la crisis clim\u00e1tica\u201d, a\u00f1adi\u00f3.<\/p>\n\n\n\n<p>La ambientalista precis\u00f3 que el bosque kelp como se denomina esta alga, \u201ctiene una parte muy peque\u00f1a en Chubut y la mayor concentraci\u00f3n se ubica en la costa de Santa Cruz y Tierra del Fuego\u201d.<\/p>\n\n\n\n<p>En esta \u00faltima recientemente se cre\u00f3 el \u00e1rea natural protegida Pen\u00ednsula Mitre, destinada a esa protecci\u00f3n, en 200 mil hect\u00e1reas de bosque de kelp en Tierra del Fuego y en la isla de los Estados.<\/p>\n\n\n\n<p>\u201cEn Santa Cruz estamos en Puerto Deseado, Puerto San Juli\u00e1n y en R\u00edo Gallegos y en Tierra del Fuego, en Ushuaia, donde los investigadores hacen expediciones cient\u00edficas, se sumergen en los bosques de algas y buscan los argumentos para que despu\u00e9s los tomadores de decisiones puedan tomar las correctas medidas en este ecosistema\u201d, agreg\u00f3.<\/p>\n\n\n\n<p>Sasso destac\u00f3 que \u201cgracias a los resultados de un a\u00f1o de trabajo pudimos impulsar la firma de dos convenios con Naci\u00f3n y provincia\u201d.<\/p>\n\n\n\n<p>Por un lado est\u00e1 un convenio marco con el Ministerio de Ambiente y Desarrollo Sostenible de la Naci\u00f3n, la Administraci\u00f3n de Parques Nacionales, el Gobierno de Santa Cruz y la fundaci\u00f3n PEM que \u201cbusca abrir un espacio de trabajo a la fundaci\u00f3n en la costa, sobre todo en los tres parques interjurisdiccionales, Monte Le\u00f3n, Ping\u00fcinos y Makenke\u201d.<\/p>\n\n\n\n<p>\u201cSe trata de generar la informaci\u00f3n necesaria para la toma de las decisiones correctas en la gesti\u00f3n del recurso y as\u00ed proteger y restaurar el sistema marino de la provincia\u201d, agreg\u00f3.<\/p>\n\n\n\n<p>El otro es un acuerdo cuatripartito, en el que PEM se suma a otras organizaciones ambientalistas que trabajan hace m\u00e1s de 30 a\u00f1os en la provincia, en conservaci\u00f3n marina desde la ciencia y la educaci\u00f3n: Ambiente Sur, Fundaci\u00f3n Conociendo Nuestra Casa y Fundaci\u00f3n Cethus.<\/p>\n\n\n\n<p>\u201cNos asociamos los cuatro para trabajar en un plan de largo plazo para la conservaci\u00f3n marina, cada uno en su foco y en esa l\u00ednea se firm\u00f3 un convenio entre estas cuatro organizaciones y el Gobierno de Santa Cruz, para darle un marco al trabajo importante que se est\u00e1 haciendo y que se va a hacer en los pr\u00f3ximos a\u00f1os\u201d, afirm\u00f3.<\/p>\n\n\n\n<p>La ambientalista reflexion\u00f3 que \u201centre todos, podemos construir una visi\u00f3n de desarrollo sostenible y conservaci\u00f3n marina tanto para la provincia como para la Humanidad. Creo que el trabajo colaborativo fortalece cualquier objetivo que se quiera lograr\u201d.<\/p>\n\n\n\n<p>\u201cVer la voluntad pol\u00edtica que cuesta siempre mucho, que por lo menos hay una puerta abierta a ver lo que hay para gestionarlo mejor, es un faro de inspiraci\u00f3n\u201d, concluy\u00f3. <\/p>\n\n\n\n<p>Fuente: T\u00e9lam<\/p>\n","protected":false},"excerpt":{"rendered":"","protected":false},"author":2,"featured_media":78489,"comment_status":"open","ping_status":"open","sticky":false,"template":"","format":"standard","meta":{"site-sidebar-layout":"default","site-content-layout":"","ast-site-content-layout":"default","site-content-style":"default","site-sidebar-style":"default","ast-global-header-display":"","ast-banner-title-visibility":"","ast-main-header-display":"","ast-hfb-above-header-display":"","ast-hfb-below-header-display":"","ast-hfb-mobile-header-display":"","site-post-title":"","ast-breadcrumbs-content":"","ast-featured-img":"","footer-sml-layout":"","ast-disable-related-posts":"","theme-transparent-header-meta":"","adv-header-id-meta":"","stick-header-meta":"","header-above-stick-meta":"","header-main-stick-meta":"","header-below-stick-meta":"","astra-migrate-meta-layouts":"default","ast-page-background-enabled":"default","ast-page-background-meta":{"desktop":{"background-color":"var(--ast-global-color-5)","background-image":"","background-repeat":"repeat","background-position":"center center","background-size":"auto","background-attachment":"scroll","background-type":"","background-media":"","overlay-type":"","overlay-color":"","overlay-opacity":"","overlay-gradient":""},"tablet":{"background-color":"","background-image":"","background-repeat":"repeat","background-position":"center center","background-size":"auto","background-attachment":"scroll","background-type":"","background-media":"","overlay-type":"","overlay-color":"","overlay-opacity":"","overlay-gradient":""},"mobile":{"background-color":"","background-image":"","background-repeat":"repeat","background-position":"center center","background-size":"auto","background-attachment":"scroll","background-type":"","background-media":"","overlay-type":"","overlay-color":"","overlay-opacity":"","overlay-gradient":""}},"ast-content-background-meta":{"desktop":{"background-color":"var(--ast-global-color-4)","background-image":"","background-repeat":"repeat","background-position":"center center","background-size":"auto","background-attachment":"scroll","background-type":"","background-media":"","overlay-type":"","overlay-color":"","overlay-opacity":"","overlay-gradient":""},"tablet":{"background-color":"var(--ast-global-color-4)","background-image":"","background-repeat":"repeat","background-position":"center center","background-size":"auto","background-attachment":"scroll","background-type":"","background-media":"","overlay-type":"","overlay-color":"","overlay-opacity":"","overlay-gradient":""},"mobile":{"background-color":"var(--ast-global-color-4)","background-image":"","background-repeat":"repeat","background-position":"center center","background-size":"auto","background-attachment":"scroll","background-type":"","background-media":"","overlay-type":"","overlay-color":"","overlay-opacity":"","overlay-gradient":""}},"footnotes":""},"categories":[13],"tags":[],"class_list":["post-78488","post","type-post","status-publish","format-standard","has-post-thumbnail","hentry","category-provinciales"],"yoast_head":"<!-- This site is optimized with the Yoast SEO Premium plugin v23.0 (Yoast SEO v27.4) - https:\/\/yoast.com\/product\/yoast-seo-premium-wordpress\/ -->\n<title>Ambientalistas estudian en Santa Cruz bosque de macroalgas para mitigar el cambio clim\u00e1tico<\/title>\n<meta name=\"robots\" content=\"index, follow, max-snippet:-1, max-image-preview:large, max-video-preview:-1\" \/>\n<link rel=\"canonical\" href=\"https:\/\/patagoniambiental.com.ar\/info\/ambientalistas-estudian-en-santa-cruz-bosque-de-macroalgas-clave-para-mitigar-el-cambio-climatico\/\" \/>\n<meta property=\"og:locale\" content=\"es_ES\" \/>\n<meta property=\"og:type\" content=\"article\" \/>\n<meta property=\"og:title\" content=\"Ambientalistas estudian en Santa Cruz bosque de macroalgas para mitigar el cambio clim\u00e1tico\" \/>\n<meta property=\"og:url\" content=\"https:\/\/patagoniambiental.com.ar\/info\/ambientalistas-estudian-en-santa-cruz-bosque-de-macroalgas-clave-para-mitigar-el-cambio-climatico\/\" \/>\n<meta property=\"og:site_name\" content=\"Patagonia Ambiental\" \/>\n<meta property=\"article:publisher\" content=\"https:\/\/www.facebook.com\/patagonia.ambiental\" \/>\n<meta property=\"article:author\" content=\"https:\/\/www.facebook.com\/share\/1C1V8Gv9BX\/?mibextid=qi2Omg\" \/>\n<meta property=\"article:published_time\" content=\"2023-06-20T22:00:00+00:00\" \/>\n<meta property=\"article:modified_time\" content=\"2024-08-16T19:50:46+00:00\" \/>\n<meta property=\"og:image\" content=\"https:\/\/patagoniambiental.com.ar\/info\/wp-content\/uploads\/2023\/06\/bosque-de-macroalgas.jpeg\" \/>\n\t<meta property=\"og:image:width\" content=\"929\" \/>\n\t<meta property=\"og:image:height\" content=\"523\" \/>\n\t<meta property=\"og:image:type\" content=\"image\/jpeg\" \/>\n<meta name=\"author\" content=\"Patagonia Ambiental\" \/>\n<meta name=\"twitter:card\" content=\"summary_large_image\" \/>\n<meta name=\"twitter:creator\" content=\"@PatAmb\" \/>\n<meta name=\"twitter:site\" content=\"@PatAmb\" \/>\n<script type=\"application\/ld+json\" class=\"yoast-schema-graph\">{\"@context\":\"https:\\\/\\\/schema.org\",\"@graph\":[{\"@type\":\"Article\",\"@id\":\"https:\\\/\\\/patagoniambiental.com.ar\\\/info\\\/ambientalistas-estudian-en-santa-cruz-bosque-de-macroalgas-clave-para-mitigar-el-cambio-climatico\\\/#article\",\"isPartOf\":{\"@id\":\"https:\\\/\\\/patagoniambiental.com.ar\\\/info\\\/ambientalistas-estudian-en-santa-cruz-bosque-de-macroalgas-clave-para-mitigar-el-cambio-climatico\\\/\"},\"author\":{\"name\":\"Patagonia Ambiental\",\"@id\":\"https:\\\/\\\/patagoniambiental.com.ar\\\/info\\\/#\\\/schema\\\/person\\\/db12bff64bbcbf6a253710bf0ea37b5d\"},\"headline\":\"Ambientalistas estudian en Santa Cruz bosque de macroalgas para mitigar el cambio clim\u00e1tico\",\"datePublished\":\"2023-06-20T22:00:00+00:00\",\"dateModified\":\"2024-08-16T19:50:46+00:00\",\"mainEntityOfPage\":{\"@id\":\"https:\\\/\\\/patagoniambiental.com.ar\\\/info\\\/ambientalistas-estudian-en-santa-cruz-bosque-de-macroalgas-clave-para-mitigar-el-cambio-climatico\\\/\"},\"wordCount\":864,\"commentCount\":0,\"publisher\":{\"@id\":\"https:\\\/\\\/patagoniambiental.com.ar\\\/info\\\/#organization\"},\"image\":{\"@id\":\"https:\\\/\\\/patagoniambiental.com.ar\\\/info\\\/ambientalistas-estudian-en-santa-cruz-bosque-de-macroalgas-clave-para-mitigar-el-cambio-climatico\\\/#primaryimage\"},\"thumbnailUrl\":\"https:\\\/\\\/patagoniambiental.com.ar\\\/info\\\/wp-content\\\/uploads\\\/2023\\\/06\\\/bosque-de-macroalgas.jpeg\",\"articleSection\":[\"Provinciales\"],\"inLanguage\":\"es\",\"potentialAction\":[{\"@type\":\"CommentAction\",\"name\":\"Comment\",\"target\":[\"https:\\\/\\\/patagoniambiental.com.ar\\\/info\\\/ambientalistas-estudian-en-santa-cruz-bosque-de-macroalgas-clave-para-mitigar-el-cambio-climatico\\\/#respond\"]}]},{\"@type\":\"WebPage\",\"@id\":\"https:\\\/\\\/patagoniambiental.com.ar\\\/info\\\/ambientalistas-estudian-en-santa-cruz-bosque-de-macroalgas-clave-para-mitigar-el-cambio-climatico\\\/\",\"url\":\"https:\\\/\\\/patagoniambiental.com.ar\\\/info\\\/ambientalistas-estudian-en-santa-cruz-bosque-de-macroalgas-clave-para-mitigar-el-cambio-climatico\\\/\",\"name\":\"Ambientalistas estudian en Santa Cruz bosque de macroalgas para mitigar el cambio clim\u00e1tico\",\"isPartOf\":{\"@id\":\"https:\\\/\\\/patagoniambiental.com.ar\\\/info\\\/#website\"},\"primaryImageOfPage\":{\"@id\":\"https:\\\/\\\/patagoniambiental.com.ar\\\/info\\\/ambientalistas-estudian-en-santa-cruz-bosque-de-macroalgas-clave-para-mitigar-el-cambio-climatico\\\/#primaryimage\"},\"image\":{\"@id\":\"https:\\\/\\\/patagoniambiental.com.ar\\\/info\\\/ambientalistas-estudian-en-santa-cruz-bosque-de-macroalgas-clave-para-mitigar-el-cambio-climatico\\\/#primaryimage\"},\"thumbnailUrl\":\"https:\\\/\\\/patagoniambiental.com.ar\\\/info\\\/wp-content\\\/uploads\\\/2023\\\/06\\\/bosque-de-macroalgas.jpeg\",\"datePublished\":\"2023-06-20T22:00:00+00:00\",\"dateModified\":\"2024-08-16T19:50:46+00:00\",\"breadcrumb\":{\"@id\":\"https:\\\/\\\/patagoniambiental.com.ar\\\/info\\\/ambientalistas-estudian-en-santa-cruz-bosque-de-macroalgas-clave-para-mitigar-el-cambio-climatico\\\/#breadcrumb\"},\"inLanguage\":\"es\",\"potentialAction\":[{\"@type\":\"ReadAction\",\"target\":[\"https:\\\/\\\/patagoniambiental.com.ar\\\/info\\\/ambientalistas-estudian-en-santa-cruz-bosque-de-macroalgas-clave-para-mitigar-el-cambio-climatico\\\/\"]}]},{\"@type\":\"ImageObject\",\"inLanguage\":\"es\",\"@id\":\"https:\\\/\\\/patagoniambiental.com.ar\\\/info\\\/ambientalistas-estudian-en-santa-cruz-bosque-de-macroalgas-clave-para-mitigar-el-cambio-climatico\\\/#primaryimage\",\"url\":\"https:\\\/\\\/patagoniambiental.com.ar\\\/info\\\/wp-content\\\/uploads\\\/2023\\\/06\\\/bosque-de-macroalgas.jpeg\",\"contentUrl\":\"https:\\\/\\\/patagoniambiental.com.ar\\\/info\\\/wp-content\\\/uploads\\\/2023\\\/06\\\/bosque-de-macroalgas.jpeg\",\"width\":929,\"height\":523},{\"@type\":\"BreadcrumbList\",\"@id\":\"https:\\\/\\\/patagoniambiental.com.ar\\\/info\\\/ambientalistas-estudian-en-santa-cruz-bosque-de-macroalgas-clave-para-mitigar-el-cambio-climatico\\\/#breadcrumb\",\"itemListElement\":[{\"@type\":\"ListItem\",\"position\":1,\"name\":\"Inicio\",\"item\":\"https:\\\/\\\/patagoniambiental.com.ar\\\/info\\\/\"},{\"@type\":\"ListItem\",\"position\":2,\"name\":\"Ambientalistas estudian en Santa Cruz bosque de macroalgas para mitigar el cambio clim\u00e1tico\"}]},{\"@type\":\"WebSite\",\"@id\":\"https:\\\/\\\/patagoniambiental.com.ar\\\/info\\\/#website\",\"url\":\"https:\\\/\\\/patagoniambiental.com.ar\\\/info\\\/\",\"name\":\"Patagonia Ambiental\",\"description\":\"Monitoreo y an\u00e1lisis de la situaci\u00f3n geopol\u00edtica en el mundo y su implicancia en la Patagonia\",\"publisher\":{\"@id\":\"https:\\\/\\\/patagoniambiental.com.ar\\\/info\\\/#organization\"},\"potentialAction\":[{\"@type\":\"SearchAction\",\"target\":{\"@type\":\"EntryPoint\",\"urlTemplate\":\"https:\\\/\\\/patagoniambiental.com.ar\\\/info\\\/?s={search_term_string}\"},\"query-input\":{\"@type\":\"PropertyValueSpecification\",\"valueRequired\":true,\"valueName\":\"search_term_string\"}}],\"inLanguage\":\"es\"},{\"@type\":\"Organization\",\"@id\":\"https:\\\/\\\/patagoniambiental.com.ar\\\/info\\\/#organization\",\"name\":\"Patagonia Ambiental\",\"url\":\"https:\\\/\\\/patagoniambiental.com.ar\\\/info\\\/\",\"logo\":{\"@type\":\"ImageObject\",\"inLanguage\":\"es\",\"@id\":\"https:\\\/\\\/patagoniambiental.com.ar\\\/info\\\/#\\\/schema\\\/logo\\\/image\\\/\",\"url\":\"https:\\\/\\\/patagoniambiental.com.ar\\\/info\\\/wp-content\\\/uploads\\\/2025\\\/05\\\/LOGO-PATAGONIA-AMBIENTAL.png\",\"contentUrl\":\"https:\\\/\\\/patagoniambiental.com.ar\\\/info\\\/wp-content\\\/uploads\\\/2025\\\/05\\\/LOGO-PATAGONIA-AMBIENTAL.png\",\"width\":433,\"height\":250,\"caption\":\"Patagonia Ambiental\"},\"image\":{\"@id\":\"https:\\\/\\\/patagoniambiental.com.ar\\\/info\\\/#\\\/schema\\\/logo\\\/image\\\/\"},\"sameAs\":[\"https:\\\/\\\/www.facebook.com\\\/patagonia.ambiental\",\"https:\\\/\\\/x.com\\\/PatAmb\"]},{\"@type\":\"Person\",\"@id\":\"https:\\\/\\\/patagoniambiental.com.ar\\\/info\\\/#\\\/schema\\\/person\\\/db12bff64bbcbf6a253710bf0ea37b5d\",\"name\":\"Patagonia Ambiental\",\"description\":\"Andr\u00e9s Nievas T\u00e9cnico en manejo ambiental, consultor Ambiental y escritor para medios locales e internacionales sobre temas de geopolitica y medio ambiente.\",\"sameAs\":[\"http:\\\/\\\/www.patagoniambiental.com.ar\",\"https:\\\/\\\/www.facebook.com\\\/share\\\/1C1V8Gv9BX\\\/?mibextid=qi2Omg\",\"@patagoniambiental\",\"https:\\\/\\\/youtube.com\\\/@patagoniaambiental2023?si=BLt58t0wuXquxlYZ\"]}]}<\/script>\n<!-- \/ Yoast SEO Premium plugin. -->","yoast_head_json":{"title":"Ambientalistas estudian en Santa Cruz bosque de macroalgas para mitigar el cambio clim\u00e1tico","robots":{"index":"index","follow":"follow","max-snippet":"max-snippet:-1","max-image-preview":"max-image-preview:large","max-video-preview":"max-video-preview:-1"},"canonical":"https:\/\/patagoniambiental.com.ar\/info\/ambientalistas-estudian-en-santa-cruz-bosque-de-macroalgas-clave-para-mitigar-el-cambio-climatico\/","og_locale":"es_ES","og_type":"article","og_title":"Ambientalistas estudian en Santa Cruz bosque de macroalgas para mitigar el cambio clim\u00e1tico","og_url":"https:\/\/patagoniambiental.com.ar\/info\/ambientalistas-estudian-en-santa-cruz-bosque-de-macroalgas-clave-para-mitigar-el-cambio-climatico\/","og_site_name":"Patagonia Ambiental","article_publisher":"https:\/\/www.facebook.com\/patagonia.ambiental","article_author":"https:\/\/www.facebook.com\/share\/1C1V8Gv9BX\/?mibextid=qi2Omg","article_published_time":"2023-06-20T22:00:00+00:00","article_modified_time":"2024-08-16T19:50:46+00:00","og_image":[{"width":929,"height":523,"url":"https:\/\/patagoniambiental.com.ar\/info\/wp-content\/uploads\/2023\/06\/bosque-de-macroalgas.jpeg","type":"image\/jpeg"}],"author":"Patagonia Ambiental","twitter_card":"summary_large_image","twitter_creator":"@PatAmb","twitter_site":"@PatAmb","schema":{"@context":"https:\/\/schema.org","@graph":[{"@type":"Article","@id":"https:\/\/patagoniambiental.com.ar\/info\/ambientalistas-estudian-en-santa-cruz-bosque-de-macroalgas-clave-para-mitigar-el-cambio-climatico\/#article","isPartOf":{"@id":"https:\/\/patagoniambiental.com.ar\/info\/ambientalistas-estudian-en-santa-cruz-bosque-de-macroalgas-clave-para-mitigar-el-cambio-climatico\/"},"author":{"name":"Patagonia Ambiental","@id":"https:\/\/patagoniambiental.com.ar\/info\/#\/schema\/person\/db12bff64bbcbf6a253710bf0ea37b5d"},"headline":"Ambientalistas estudian en Santa Cruz bosque de macroalgas para mitigar el cambio clim\u00e1tico","datePublished":"2023-06-20T22:00:00+00:00","dateModified":"2024-08-16T19:50:46+00:00","mainEntityOfPage":{"@id":"https:\/\/patagoniambiental.com.ar\/info\/ambientalistas-estudian-en-santa-cruz-bosque-de-macroalgas-clave-para-mitigar-el-cambio-climatico\/"},"wordCount":864,"commentCount":0,"publisher":{"@id":"https:\/\/patagoniambiental.com.ar\/info\/#organization"},"image":{"@id":"https:\/\/patagoniambiental.com.ar\/info\/ambientalistas-estudian-en-santa-cruz-bosque-de-macroalgas-clave-para-mitigar-el-cambio-climatico\/#primaryimage"},"thumbnailUrl":"https:\/\/patagoniambiental.com.ar\/info\/wp-content\/uploads\/2023\/06\/bosque-de-macroalgas.jpeg","articleSection":["Provinciales"],"inLanguage":"es","potentialAction":[{"@type":"CommentAction","name":"Comment","target":["https:\/\/patagoniambiental.com.ar\/info\/ambientalistas-estudian-en-santa-cruz-bosque-de-macroalgas-clave-para-mitigar-el-cambio-climatico\/#respond"]}]},{"@type":"WebPage","@id":"https:\/\/patagoniambiental.com.ar\/info\/ambientalistas-estudian-en-santa-cruz-bosque-de-macroalgas-clave-para-mitigar-el-cambio-climatico\/","url":"https:\/\/patagoniambiental.com.ar\/info\/ambientalistas-estudian-en-santa-cruz-bosque-de-macroalgas-clave-para-mitigar-el-cambio-climatico\/","name":"Ambientalistas estudian en Santa Cruz bosque de macroalgas para mitigar el cambio clim\u00e1tico","isPartOf":{"@id":"https:\/\/patagoniambiental.com.ar\/info\/#website"},"primaryImageOfPage":{"@id":"https:\/\/patagoniambiental.com.ar\/info\/ambientalistas-estudian-en-santa-cruz-bosque-de-macroalgas-clave-para-mitigar-el-cambio-climatico\/#primaryimage"},"image":{"@id":"https:\/\/patagoniambiental.com.ar\/info\/ambientalistas-estudian-en-santa-cruz-bosque-de-macroalgas-clave-para-mitigar-el-cambio-climatico\/#primaryimage"},"thumbnailUrl":"https:\/\/patagoniambiental.com.ar\/info\/wp-content\/uploads\/2023\/06\/bosque-de-macroalgas.jpeg","datePublished":"2023-06-20T22:00:00+00:00","dateModified":"2024-08-16T19:50:46+00:00","breadcrumb":{"@id":"https:\/\/patagoniambiental.com.ar\/info\/ambientalistas-estudian-en-santa-cruz-bosque-de-macroalgas-clave-para-mitigar-el-cambio-climatico\/#breadcrumb"},"inLanguage":"es","potentialAction":[{"@type":"ReadAction","target":["https:\/\/patagoniambiental.com.ar\/info\/ambientalistas-estudian-en-santa-cruz-bosque-de-macroalgas-clave-para-mitigar-el-cambio-climatico\/"]}]},{"@type":"ImageObject","inLanguage":"es","@id":"https:\/\/patagoniambiental.com.ar\/info\/ambientalistas-estudian-en-santa-cruz-bosque-de-macroalgas-clave-para-mitigar-el-cambio-climatico\/#primaryimage","url":"https:\/\/patagoniambiental.com.ar\/info\/wp-content\/uploads\/2023\/06\/bosque-de-macroalgas.jpeg","contentUrl":"https:\/\/patagoniambiental.com.ar\/info\/wp-content\/uploads\/2023\/06\/bosque-de-macroalgas.jpeg","width":929,"height":523},{"@type":"BreadcrumbList","@id":"https:\/\/patagoniambiental.com.ar\/info\/ambientalistas-estudian-en-santa-cruz-bosque-de-macroalgas-clave-para-mitigar-el-cambio-climatico\/#breadcrumb","itemListElement":[{"@type":"ListItem","position":1,"name":"Inicio","item":"https:\/\/patagoniambiental.com.ar\/info\/"},{"@type":"ListItem","position":2,"name":"Ambientalistas estudian en Santa Cruz bosque de macroalgas para mitigar el cambio clim\u00e1tico"}]},{"@type":"WebSite","@id":"https:\/\/patagoniambiental.com.ar\/info\/#website","url":"https:\/\/patagoniambiental.com.ar\/info\/","name":"Patagonia Ambiental","description":"Monitoreo y an\u00e1lisis de la situaci\u00f3n geopol\u00edtica en el mundo y su implicancia en la Patagonia","publisher":{"@id":"https:\/\/patagoniambiental.com.ar\/info\/#organization"},"potentialAction":[{"@type":"SearchAction","target":{"@type":"EntryPoint","urlTemplate":"https:\/\/patagoniambiental.com.ar\/info\/?s={search_term_string}"},"query-input":{"@type":"PropertyValueSpecification","valueRequired":true,"valueName":"search_term_string"}}],"inLanguage":"es"},{"@type":"Organization","@id":"https:\/\/patagoniambiental.com.ar\/info\/#organization","name":"Patagonia Ambiental","url":"https:\/\/patagoniambiental.com.ar\/info\/","logo":{"@type":"ImageObject","inLanguage":"es","@id":"https:\/\/patagoniambiental.com.ar\/info\/#\/schema\/logo\/image\/","url":"https:\/\/patagoniambiental.com.ar\/info\/wp-content\/uploads\/2025\/05\/LOGO-PATAGONIA-AMBIENTAL.png","contentUrl":"https:\/\/patagoniambiental.com.ar\/info\/wp-content\/uploads\/2025\/05\/LOGO-PATAGONIA-AMBIENTAL.png","width":433,"height":250,"caption":"Patagonia Ambiental"},"image":{"@id":"https:\/\/patagoniambiental.com.ar\/info\/#\/schema\/logo\/image\/"},"sameAs":["https:\/\/www.facebook.com\/patagonia.ambiental","https:\/\/x.com\/PatAmb"]},{"@type":"Person","@id":"https:\/\/patagoniambiental.com.ar\/info\/#\/schema\/person\/db12bff64bbcbf6a253710bf0ea37b5d","name":"Patagonia Ambiental","description":"Andr\u00e9s Nievas T\u00e9cnico en manejo ambiental, consultor Ambiental y escritor para medios locales e internacionales sobre temas de geopolitica y medio ambiente.","sameAs":["http:\/\/www.patagoniambiental.com.ar","https:\/\/www.facebook.com\/share\/1C1V8Gv9BX\/?mibextid=qi2Omg","@patagoniambiental","https:\/\/youtube.com\/@patagoniaambiental2023?si=BLt58t0wuXquxlYZ"]}]}},"_links":{"self":[{"href":"https:\/\/patagoniambiental.com.ar\/info\/wp-json\/wp\/v2\/posts\/78488","targetHints":{"allow":["GET"]}}],"collection":[{"href":"https:\/\/patagoniambiental.com.ar\/info\/wp-json\/wp\/v2\/posts"}],"about":[{"href":"https:\/\/patagoniambiental.com.ar\/info\/wp-json\/wp\/v2\/types\/post"}],"author":[{"embeddable":true,"href":"https:\/\/patagoniambiental.com.ar\/info\/wp-json\/wp\/v2\/users\/2"}],"replies":[{"embeddable":true,"href":"https:\/\/patagoniambiental.com.ar\/info\/wp-json\/wp\/v2\/comments?post=78488"}],"version-history":[{"count":0,"href":"https:\/\/patagoniambiental.com.ar\/info\/wp-json\/wp\/v2\/posts\/78488\/revisions"}],"wp:featuredmedia":[{"embeddable":true,"href":"https:\/\/patagoniambiental.com.ar\/info\/wp-json\/wp\/v2\/media\/78489"}],"wp:attachment":[{"href":"https:\/\/patagoniambiental.com.ar\/info\/wp-json\/wp\/v2\/media?parent=78488"}],"wp:term":[{"taxonomy":"category","embeddable":true,"href":"https:\/\/patagoniambiental.com.ar\/info\/wp-json\/wp\/v2\/categories?post=78488"},{"taxonomy":"post_tag","embeddable":true,"href":"https:\/\/patagoniambiental.com.ar\/info\/wp-json\/wp\/v2\/tags?post=78488"}],"curies":[{"name":"wp","href":"https:\/\/api.w.org\/{rel}","templated":true}]}}