{"id":78511,"date":"2023-06-15T07:00:00","date_gmt":"2023-06-15T10:00:00","guid":{"rendered":"https:\/\/patagoniambiental.com.ar\/info\/?p=78511"},"modified":"2024-08-16T16:53:47","modified_gmt":"2024-08-16T19:53:47","slug":"en-octubre-exportaran-pescados-de-piedra-del-aguila-desde-el-aeropuerto-neuquino","status":"publish","type":"post","link":"https:\/\/patagoniambiental.com.ar\/info\/en-octubre-exportaran-pescados-de-piedra-del-aguila-desde-el-aeropuerto-neuquino\/","title":{"rendered":"En octubre exportar\u00e1n pescados de Piedra del \u00c1guila desde el aeropuerto neuquino"},"content":{"rendered":"\n<!--more-->\n\n\n\n<p><em>Todo el emprendimiento genera 230 puestos directos de empleo, en su mayor\u00eda mujeres, de Santo Tom\u00e1s, Piedra del \u00c1guila y Pic\u00fan Leuf\u00fa. Actualmente se exporta el producto fresco a Canad\u00e1 y Estados Unidos y se prev\u00e9 para los pr\u00f3ximos meses poder realizar los embarques desde el aeropuerto de Neuqu\u00e9n.<\/em><\/p>\n\n\n\n<p>El gobernador Omar Guti\u00e9rrez recorri\u00f3 hoy la planta de procesamiento de pescados ubicada en Piedra del \u00c1guila. Lo hizo acompa\u00f1ado por directivos de la empresa chilena Idris Patagonia-Mar Andino. El establecimiento, construido por la provincia y concesionado a esa firma, lleg\u00f3 actualmente a una producci\u00f3n de 3.000 toneladas de pescados y la generaci\u00f3n de 230 puestos de empleo en forma directa.<\/p>\n\n\n\n<p>Acompa\u00f1aron al mandatario provincial, el intendente de Piedra del \u00c1guila, Julio Hern\u00e1ndez; el titular de la empresa, Eduardo Kipreos y el gerente general, Lucas Maglio, entre otros.<\/p>\n\n\n\n<p>El gobernador destac\u00f3 la posibilidad del emprendimiento de generar puestos de empleo en Santo Tom\u00e1s, Pic\u00fan Leuf\u00fa y Piedra del \u00c1guila, tanto en forma directa como indirecta, y remarc\u00f3 el valor agregado de este producto, teniendo en cuenta que gran parte de los insumos que se utilizan en la elaboraci\u00f3n y exportaci\u00f3n de los productos, por caso, envases y otros componentes, son fabricados en la provincia.<\/p>\n\n\n\n<p>Guti\u00e9rrez anunci\u00f3 que, si bien se est\u00e1 exportando a trav\u00e9s de Ezeiza a Estados Unidos y Canad\u00e1, se prev\u00e9 para octubre, a partir de la incorporaci\u00f3n de maquinarias y la obtenci\u00f3n de las correspondientes habilitaciones de Aduanas, en Centenario, y del Senasa, poder exportar el pescado desde el aeropuerto de la ciudad de Neuqu\u00e9n, lo cual \u201cnos permitir\u00e1 sumar m\u00e1s ciclos y servicios dentro de la provincia y salir al mundo con producto neuquino de calidad y desde Neuqu\u00e9n\u201d.<\/p>\n\n\n\n<p>\u201cTal como se prev\u00e9, vamos por M\u00e9xico, vamos por Asia, vamos por Jap\u00f3n y otros mercados, y es muy importante todo esto que se est\u00e1 llevando adelante. Este a\u00f1o estamos llegando a 3.000 toneladas. El 90 por ciento se exporta y el a\u00f1o que viene estaremos llegando a un volumen de 5.000 toneladas, y se proyecta alcanzar las 10 mil toneladas en 2026\u201d, dijo el mandatario, y record\u00f3 que la empresa realiz\u00f3 una inversi\u00f3n de 20 millones de d\u00f3lares.<\/p>\n\n\n\n<p>Guti\u00e9rrez tambi\u00e9n adelant\u00f3 que se espera para los pr\u00f3ximos meses, exportar productos congelados, que aumentar\u00e1 m\u00e1s puestos de empleo y servicios, y agreg\u00f3 que este tipo de iniciativas \u201cson resultado de la articulaci\u00f3n p\u00fablica-privada\u201d.<\/p>\n\n\n\n<p>Kripeos explic\u00f3 que \u201ccon un proyecto que naci\u00f3 a partir del Centro PyME, conectamos aqu\u00ed con Lucas Maglio y planteamos un proyecto desafiante, que era producir truchas en el embalse de Piedra del \u00c1guila. Ya hemos caminado la mitad; estamos hace cinco a\u00f1os produciendo 3.000 toneladas\u201d.<\/p>\n\n\n\n<p>Por su parte, el intendente Hern\u00e1ndez celebr\u00f3 la iniciativa provincial que permiti\u00f3 no s\u00f3lo contar con la infraestructura para este desarrollo productivo sino tambi\u00e9n, por la inversi\u00f3n que realiz\u00f3 el grupo empresario, con impacto directo en la localidad y en la zona.<\/p>\n\n\n\n<p>Maglio indic\u00f3 que se prev\u00e9 para el a\u00f1o pr\u00f3ximo poder ampliar la planta y poder generar m\u00e1s puestos de empleo.<\/p>\n\n\n\n<p>Fuente: Neuquen Informa<\/p>\n","protected":false},"excerpt":{"rendered":"","protected":false},"author":2,"featured_media":78512,"comment_status":"open","ping_status":"open","sticky":false,"template":"","format":"standard","meta":{"site-sidebar-layout":"default","site-content-layout":"","ast-site-content-layout":"default","site-content-style":"default","site-sidebar-style":"default","ast-global-header-display":"","ast-banner-title-visibility":"","ast-main-header-display":"","ast-hfb-above-header-display":"","ast-hfb-below-header-display":"","ast-hfb-mobile-header-display":"","site-post-title":"","ast-breadcrumbs-content":"","ast-featured-img":"","footer-sml-layout":"","ast-disable-related-posts":"","theme-transparent-header-meta":"","adv-header-id-meta":"","stick-header-meta":"","header-above-stick-meta":"","header-main-stick-meta":"","header-below-stick-meta":"","astra-migrate-meta-layouts":"default","ast-page-background-enabled":"default","ast-page-background-meta":{"desktop":{"background-color":"var(--ast-global-color-5)","background-image":"","background-repeat":"repeat","background-position":"center center","background-size":"auto","background-attachment":"scroll","background-type":"","background-media":"","overlay-type":"","overlay-color":"","overlay-opacity":"","overlay-gradient":""},"tablet":{"background-color":"","background-image":"","background-repeat":"repeat","background-position":"center center","background-size":"auto","background-attachment":"scroll","background-type":"","background-media":"","overlay-type":"","overlay-color":"","overlay-opacity":"","overlay-gradient":""},"mobile":{"background-color":"","background-image":"","background-repeat":"repeat","background-position":"center center","background-size":"auto","background-attachment":"scroll","background-type":"","background-media":"","overlay-type":"","overlay-color":"","overlay-opacity":"","overlay-gradient":""}},"ast-content-background-meta":{"desktop":{"background-color":"var(--ast-global-color-4)","background-image":"","background-repeat":"repeat","background-position":"center center","background-size":"auto","background-attachment":"scroll","background-type":"","background-media":"","overlay-type":"","overlay-color":"","overlay-opacity":"","overlay-gradient":""},"tablet":{"background-color":"var(--ast-global-color-4)","background-image":"","background-repeat":"repeat","background-position":"center center","background-size":"auto","background-attachment":"scroll","background-type":"","background-media":"","overlay-type":"","overlay-color":"","overlay-opacity":"","overlay-gradient":""},"mobile":{"background-color":"var(--ast-global-color-4)","background-image":"","background-repeat":"repeat","background-position":"center center","background-size":"auto","background-attachment":"scroll","background-type":"","background-media":"","overlay-type":"","overlay-color":"","overlay-opacity":"","overlay-gradient":""}},"footnotes":""},"categories":[13],"tags":[],"class_list":["post-78511","post","type-post","status-publish","format-standard","has-post-thumbnail","hentry","category-provinciales"],"yoast_head":"<!-- This site is optimized with the Yoast SEO Premium plugin v23.0 (Yoast SEO v27.4) - https:\/\/yoast.com\/product\/yoast-seo-premium-wordpress\/ -->\n<title>En octubre exportar\u00e1n pescados de Piedra del \u00c1guila desde el aeropuerto neuquino<\/title>\n<meta name=\"robots\" content=\"index, follow, max-snippet:-1, max-image-preview:large, max-video-preview:-1\" \/>\n<link rel=\"canonical\" href=\"https:\/\/patagoniambiental.com.ar\/info\/en-octubre-exportaran-pescados-de-piedra-del-aguila-desde-el-aeropuerto-neuquino\/\" \/>\n<meta property=\"og:locale\" content=\"es_ES\" \/>\n<meta property=\"og:type\" content=\"article\" \/>\n<meta property=\"og:title\" content=\"En octubre exportar\u00e1n pescados de Piedra del \u00c1guila desde el aeropuerto neuquino\" \/>\n<meta property=\"og:url\" content=\"https:\/\/patagoniambiental.com.ar\/info\/en-octubre-exportaran-pescados-de-piedra-del-aguila-desde-el-aeropuerto-neuquino\/\" \/>\n<meta property=\"og:site_name\" content=\"Patagonia Ambiental\" \/>\n<meta property=\"article:publisher\" content=\"https:\/\/www.facebook.com\/patagonia.ambiental\" \/>\n<meta property=\"article:author\" content=\"https:\/\/www.facebook.com\/share\/1C1V8Gv9BX\/?mibextid=qi2Omg\" \/>\n<meta property=\"article:published_time\" content=\"2023-06-15T10:00:00+00:00\" \/>\n<meta property=\"article:modified_time\" content=\"2024-08-16T19:53:47+00:00\" \/>\n<meta property=\"og:image\" content=\"https:\/\/patagoniambiental.com.ar\/info\/wp-content\/uploads\/2023\/06\/thumbnail_WEb.Piedra-_SIP6326.jpg\" \/>\n\t<meta property=\"og:image:width\" content=\"1403\" \/>\n\t<meta property=\"og:image:height\" content=\"693\" \/>\n\t<meta property=\"og:image:type\" content=\"image\/jpeg\" \/>\n<meta name=\"author\" content=\"Patagonia Ambiental\" \/>\n<meta name=\"twitter:card\" content=\"summary_large_image\" \/>\n<meta name=\"twitter:creator\" content=\"@PatAmb\" \/>\n<meta name=\"twitter:site\" content=\"@PatAmb\" \/>\n<script type=\"application\/ld+json\" class=\"yoast-schema-graph\">{\"@context\":\"https:\\\/\\\/schema.org\",\"@graph\":[{\"@type\":\"Article\",\"@id\":\"https:\\\/\\\/patagoniambiental.com.ar\\\/info\\\/en-octubre-exportaran-pescados-de-piedra-del-aguila-desde-el-aeropuerto-neuquino\\\/#article\",\"isPartOf\":{\"@id\":\"https:\\\/\\\/patagoniambiental.com.ar\\\/info\\\/en-octubre-exportaran-pescados-de-piedra-del-aguila-desde-el-aeropuerto-neuquino\\\/\"},\"author\":{\"name\":\"Patagonia Ambiental\",\"@id\":\"https:\\\/\\\/patagoniambiental.com.ar\\\/info\\\/#\\\/schema\\\/person\\\/db12bff64bbcbf6a253710bf0ea37b5d\"},\"headline\":\"En octubre exportar\u00e1n pescados de Piedra del \u00c1guila desde el aeropuerto neuquino\",\"datePublished\":\"2023-06-15T10:00:00+00:00\",\"dateModified\":\"2024-08-16T19:53:47+00:00\",\"mainEntityOfPage\":{\"@id\":\"https:\\\/\\\/patagoniambiental.com.ar\\\/info\\\/en-octubre-exportaran-pescados-de-piedra-del-aguila-desde-el-aeropuerto-neuquino\\\/\"},\"wordCount\":551,\"commentCount\":0,\"publisher\":{\"@id\":\"https:\\\/\\\/patagoniambiental.com.ar\\\/info\\\/#organization\"},\"image\":{\"@id\":\"https:\\\/\\\/patagoniambiental.com.ar\\\/info\\\/en-octubre-exportaran-pescados-de-piedra-del-aguila-desde-el-aeropuerto-neuquino\\\/#primaryimage\"},\"thumbnailUrl\":\"https:\\\/\\\/patagoniambiental.com.ar\\\/info\\\/wp-content\\\/uploads\\\/2023\\\/06\\\/thumbnail_WEb.Piedra-_SIP6326.jpg\",\"articleSection\":[\"Provinciales\"],\"inLanguage\":\"es\",\"potentialAction\":[{\"@type\":\"CommentAction\",\"name\":\"Comment\",\"target\":[\"https:\\\/\\\/patagoniambiental.com.ar\\\/info\\\/en-octubre-exportaran-pescados-de-piedra-del-aguila-desde-el-aeropuerto-neuquino\\\/#respond\"]}]},{\"@type\":\"WebPage\",\"@id\":\"https:\\\/\\\/patagoniambiental.com.ar\\\/info\\\/en-octubre-exportaran-pescados-de-piedra-del-aguila-desde-el-aeropuerto-neuquino\\\/\",\"url\":\"https:\\\/\\\/patagoniambiental.com.ar\\\/info\\\/en-octubre-exportaran-pescados-de-piedra-del-aguila-desde-el-aeropuerto-neuquino\\\/\",\"name\":\"En octubre exportar\u00e1n pescados de Piedra del \u00c1guila desde el aeropuerto neuquino\",\"isPartOf\":{\"@id\":\"https:\\\/\\\/patagoniambiental.com.ar\\\/info\\\/#website\"},\"primaryImageOfPage\":{\"@id\":\"https:\\\/\\\/patagoniambiental.com.ar\\\/info\\\/en-octubre-exportaran-pescados-de-piedra-del-aguila-desde-el-aeropuerto-neuquino\\\/#primaryimage\"},\"image\":{\"@id\":\"https:\\\/\\\/patagoniambiental.com.ar\\\/info\\\/en-octubre-exportaran-pescados-de-piedra-del-aguila-desde-el-aeropuerto-neuquino\\\/#primaryimage\"},\"thumbnailUrl\":\"https:\\\/\\\/patagoniambiental.com.ar\\\/info\\\/wp-content\\\/uploads\\\/2023\\\/06\\\/thumbnail_WEb.Piedra-_SIP6326.jpg\",\"datePublished\":\"2023-06-15T10:00:00+00:00\",\"dateModified\":\"2024-08-16T19:53:47+00:00\",\"breadcrumb\":{\"@id\":\"https:\\\/\\\/patagoniambiental.com.ar\\\/info\\\/en-octubre-exportaran-pescados-de-piedra-del-aguila-desde-el-aeropuerto-neuquino\\\/#breadcrumb\"},\"inLanguage\":\"es\",\"potentialAction\":[{\"@type\":\"ReadAction\",\"target\":[\"https:\\\/\\\/patagoniambiental.com.ar\\\/info\\\/en-octubre-exportaran-pescados-de-piedra-del-aguila-desde-el-aeropuerto-neuquino\\\/\"]}]},{\"@type\":\"ImageObject\",\"inLanguage\":\"es\",\"@id\":\"https:\\\/\\\/patagoniambiental.com.ar\\\/info\\\/en-octubre-exportaran-pescados-de-piedra-del-aguila-desde-el-aeropuerto-neuquino\\\/#primaryimage\",\"url\":\"https:\\\/\\\/patagoniambiental.com.ar\\\/info\\\/wp-content\\\/uploads\\\/2023\\\/06\\\/thumbnail_WEb.Piedra-_SIP6326.jpg\",\"contentUrl\":\"https:\\\/\\\/patagoniambiental.com.ar\\\/info\\\/wp-content\\\/uploads\\\/2023\\\/06\\\/thumbnail_WEb.Piedra-_SIP6326.jpg\",\"width\":1200,\"height\":593},{\"@type\":\"BreadcrumbList\",\"@id\":\"https:\\\/\\\/patagoniambiental.com.ar\\\/info\\\/en-octubre-exportaran-pescados-de-piedra-del-aguila-desde-el-aeropuerto-neuquino\\\/#breadcrumb\",\"itemListElement\":[{\"@type\":\"ListItem\",\"position\":1,\"name\":\"Inicio\",\"item\":\"https:\\\/\\\/patagoniambiental.com.ar\\\/info\\\/\"},{\"@type\":\"ListItem\",\"position\":2,\"name\":\"En octubre exportar\u00e1n pescados de Piedra del \u00c1guila desde el aeropuerto neuquino\"}]},{\"@type\":\"WebSite\",\"@id\":\"https:\\\/\\\/patagoniambiental.com.ar\\\/info\\\/#website\",\"url\":\"https:\\\/\\\/patagoniambiental.com.ar\\\/info\\\/\",\"name\":\"Patagonia Ambiental\",\"description\":\"Monitoreo y an\u00e1lisis de la situaci\u00f3n geopol\u00edtica en el mundo y su implicancia en la Patagonia\",\"publisher\":{\"@id\":\"https:\\\/\\\/patagoniambiental.com.ar\\\/info\\\/#organization\"},\"potentialAction\":[{\"@type\":\"SearchAction\",\"target\":{\"@type\":\"EntryPoint\",\"urlTemplate\":\"https:\\\/\\\/patagoniambiental.com.ar\\\/info\\\/?s={search_term_string}\"},\"query-input\":{\"@type\":\"PropertyValueSpecification\",\"valueRequired\":true,\"valueName\":\"search_term_string\"}}],\"inLanguage\":\"es\"},{\"@type\":\"Organization\",\"@id\":\"https:\\\/\\\/patagoniambiental.com.ar\\\/info\\\/#organization\",\"name\":\"Patagonia Ambiental\",\"url\":\"https:\\\/\\\/patagoniambiental.com.ar\\\/info\\\/\",\"logo\":{\"@type\":\"ImageObject\",\"inLanguage\":\"es\",\"@id\":\"https:\\\/\\\/patagoniambiental.com.ar\\\/info\\\/#\\\/schema\\\/logo\\\/image\\\/\",\"url\":\"https:\\\/\\\/patagoniambiental.com.ar\\\/info\\\/wp-content\\\/uploads\\\/2025\\\/05\\\/LOGO-PATAGONIA-AMBIENTAL.png\",\"contentUrl\":\"https:\\\/\\\/patagoniambiental.com.ar\\\/info\\\/wp-content\\\/uploads\\\/2025\\\/05\\\/LOGO-PATAGONIA-AMBIENTAL.png\",\"width\":433,\"height\":250,\"caption\":\"Patagonia Ambiental\"},\"image\":{\"@id\":\"https:\\\/\\\/patagoniambiental.com.ar\\\/info\\\/#\\\/schema\\\/logo\\\/image\\\/\"},\"sameAs\":[\"https:\\\/\\\/www.facebook.com\\\/patagonia.ambiental\",\"https:\\\/\\\/x.com\\\/PatAmb\"]},{\"@type\":\"Person\",\"@id\":\"https:\\\/\\\/patagoniambiental.com.ar\\\/info\\\/#\\\/schema\\\/person\\\/db12bff64bbcbf6a253710bf0ea37b5d\",\"name\":\"Patagonia Ambiental\",\"description\":\"Andr\u00e9s Nievas T\u00e9cnico en manejo ambiental, consultor Ambiental y escritor para medios locales e internacionales sobre temas de geopolitica y medio ambiente.\",\"sameAs\":[\"http:\\\/\\\/www.patagoniambiental.com.ar\",\"https:\\\/\\\/www.facebook.com\\\/share\\\/1C1V8Gv9BX\\\/?mibextid=qi2Omg\",\"@patagoniambiental\",\"https:\\\/\\\/youtube.com\\\/@patagoniaambiental2023?si=BLt58t0wuXquxlYZ\"]}]}<\/script>\n<!-- \/ Yoast SEO Premium plugin. -->","yoast_head_json":{"title":"En octubre exportar\u00e1n pescados de Piedra del \u00c1guila desde el aeropuerto neuquino","robots":{"index":"index","follow":"follow","max-snippet":"max-snippet:-1","max-image-preview":"max-image-preview:large","max-video-preview":"max-video-preview:-1"},"canonical":"https:\/\/patagoniambiental.com.ar\/info\/en-octubre-exportaran-pescados-de-piedra-del-aguila-desde-el-aeropuerto-neuquino\/","og_locale":"es_ES","og_type":"article","og_title":"En octubre exportar\u00e1n pescados de Piedra del \u00c1guila desde el aeropuerto neuquino","og_url":"https:\/\/patagoniambiental.com.ar\/info\/en-octubre-exportaran-pescados-de-piedra-del-aguila-desde-el-aeropuerto-neuquino\/","og_site_name":"Patagonia Ambiental","article_publisher":"https:\/\/www.facebook.com\/patagonia.ambiental","article_author":"https:\/\/www.facebook.com\/share\/1C1V8Gv9BX\/?mibextid=qi2Omg","article_published_time":"2023-06-15T10:00:00+00:00","article_modified_time":"2024-08-16T19:53:47+00:00","og_image":[{"width":1403,"height":693,"url":"https:\/\/patagoniambiental.com.ar\/info\/wp-content\/uploads\/2023\/06\/thumbnail_WEb.Piedra-_SIP6326.jpg","type":"image\/jpeg"}],"author":"Patagonia Ambiental","twitter_card":"summary_large_image","twitter_creator":"@PatAmb","twitter_site":"@PatAmb","schema":{"@context":"https:\/\/schema.org","@graph":[{"@type":"Article","@id":"https:\/\/patagoniambiental.com.ar\/info\/en-octubre-exportaran-pescados-de-piedra-del-aguila-desde-el-aeropuerto-neuquino\/#article","isPartOf":{"@id":"https:\/\/patagoniambiental.com.ar\/info\/en-octubre-exportaran-pescados-de-piedra-del-aguila-desde-el-aeropuerto-neuquino\/"},"author":{"name":"Patagonia Ambiental","@id":"https:\/\/patagoniambiental.com.ar\/info\/#\/schema\/person\/db12bff64bbcbf6a253710bf0ea37b5d"},"headline":"En octubre exportar\u00e1n pescados de Piedra del \u00c1guila desde el aeropuerto neuquino","datePublished":"2023-06-15T10:00:00+00:00","dateModified":"2024-08-16T19:53:47+00:00","mainEntityOfPage":{"@id":"https:\/\/patagoniambiental.com.ar\/info\/en-octubre-exportaran-pescados-de-piedra-del-aguila-desde-el-aeropuerto-neuquino\/"},"wordCount":551,"commentCount":0,"publisher":{"@id":"https:\/\/patagoniambiental.com.ar\/info\/#organization"},"image":{"@id":"https:\/\/patagoniambiental.com.ar\/info\/en-octubre-exportaran-pescados-de-piedra-del-aguila-desde-el-aeropuerto-neuquino\/#primaryimage"},"thumbnailUrl":"https:\/\/patagoniambiental.com.ar\/info\/wp-content\/uploads\/2023\/06\/thumbnail_WEb.Piedra-_SIP6326.jpg","articleSection":["Provinciales"],"inLanguage":"es","potentialAction":[{"@type":"CommentAction","name":"Comment","target":["https:\/\/patagoniambiental.com.ar\/info\/en-octubre-exportaran-pescados-de-piedra-del-aguila-desde-el-aeropuerto-neuquino\/#respond"]}]},{"@type":"WebPage","@id":"https:\/\/patagoniambiental.com.ar\/info\/en-octubre-exportaran-pescados-de-piedra-del-aguila-desde-el-aeropuerto-neuquino\/","url":"https:\/\/patagoniambiental.com.ar\/info\/en-octubre-exportaran-pescados-de-piedra-del-aguila-desde-el-aeropuerto-neuquino\/","name":"En octubre exportar\u00e1n pescados de Piedra del \u00c1guila desde el aeropuerto neuquino","isPartOf":{"@id":"https:\/\/patagoniambiental.com.ar\/info\/#website"},"primaryImageOfPage":{"@id":"https:\/\/patagoniambiental.com.ar\/info\/en-octubre-exportaran-pescados-de-piedra-del-aguila-desde-el-aeropuerto-neuquino\/#primaryimage"},"image":{"@id":"https:\/\/patagoniambiental.com.ar\/info\/en-octubre-exportaran-pescados-de-piedra-del-aguila-desde-el-aeropuerto-neuquino\/#primaryimage"},"thumbnailUrl":"https:\/\/patagoniambiental.com.ar\/info\/wp-content\/uploads\/2023\/06\/thumbnail_WEb.Piedra-_SIP6326.jpg","datePublished":"2023-06-15T10:00:00+00:00","dateModified":"2024-08-16T19:53:47+00:00","breadcrumb":{"@id":"https:\/\/patagoniambiental.com.ar\/info\/en-octubre-exportaran-pescados-de-piedra-del-aguila-desde-el-aeropuerto-neuquino\/#breadcrumb"},"inLanguage":"es","potentialAction":[{"@type":"ReadAction","target":["https:\/\/patagoniambiental.com.ar\/info\/en-octubre-exportaran-pescados-de-piedra-del-aguila-desde-el-aeropuerto-neuquino\/"]}]},{"@type":"ImageObject","inLanguage":"es","@id":"https:\/\/patagoniambiental.com.ar\/info\/en-octubre-exportaran-pescados-de-piedra-del-aguila-desde-el-aeropuerto-neuquino\/#primaryimage","url":"https:\/\/patagoniambiental.com.ar\/info\/wp-content\/uploads\/2023\/06\/thumbnail_WEb.Piedra-_SIP6326.jpg","contentUrl":"https:\/\/patagoniambiental.com.ar\/info\/wp-content\/uploads\/2023\/06\/thumbnail_WEb.Piedra-_SIP6326.jpg","width":1200,"height":593},{"@type":"BreadcrumbList","@id":"https:\/\/patagoniambiental.com.ar\/info\/en-octubre-exportaran-pescados-de-piedra-del-aguila-desde-el-aeropuerto-neuquino\/#breadcrumb","itemListElement":[{"@type":"ListItem","position":1,"name":"Inicio","item":"https:\/\/patagoniambiental.com.ar\/info\/"},{"@type":"ListItem","position":2,"name":"En octubre exportar\u00e1n pescados de Piedra del \u00c1guila desde el aeropuerto neuquino"}]},{"@type":"WebSite","@id":"https:\/\/patagoniambiental.com.ar\/info\/#website","url":"https:\/\/patagoniambiental.com.ar\/info\/","name":"Patagonia Ambiental","description":"Monitoreo y an\u00e1lisis de la situaci\u00f3n geopol\u00edtica en el mundo y su implicancia en la Patagonia","publisher":{"@id":"https:\/\/patagoniambiental.com.ar\/info\/#organization"},"potentialAction":[{"@type":"SearchAction","target":{"@type":"EntryPoint","urlTemplate":"https:\/\/patagoniambiental.com.ar\/info\/?s={search_term_string}"},"query-input":{"@type":"PropertyValueSpecification","valueRequired":true,"valueName":"search_term_string"}}],"inLanguage":"es"},{"@type":"Organization","@id":"https:\/\/patagoniambiental.com.ar\/info\/#organization","name":"Patagonia Ambiental","url":"https:\/\/patagoniambiental.com.ar\/info\/","logo":{"@type":"ImageObject","inLanguage":"es","@id":"https:\/\/patagoniambiental.com.ar\/info\/#\/schema\/logo\/image\/","url":"https:\/\/patagoniambiental.com.ar\/info\/wp-content\/uploads\/2025\/05\/LOGO-PATAGONIA-AMBIENTAL.png","contentUrl":"https:\/\/patagoniambiental.com.ar\/info\/wp-content\/uploads\/2025\/05\/LOGO-PATAGONIA-AMBIENTAL.png","width":433,"height":250,"caption":"Patagonia Ambiental"},"image":{"@id":"https:\/\/patagoniambiental.com.ar\/info\/#\/schema\/logo\/image\/"},"sameAs":["https:\/\/www.facebook.com\/patagonia.ambiental","https:\/\/x.com\/PatAmb"]},{"@type":"Person","@id":"https:\/\/patagoniambiental.com.ar\/info\/#\/schema\/person\/db12bff64bbcbf6a253710bf0ea37b5d","name":"Patagonia Ambiental","description":"Andr\u00e9s Nievas T\u00e9cnico en manejo ambiental, consultor Ambiental y escritor para medios locales e internacionales sobre temas de geopolitica y medio ambiente.","sameAs":["http:\/\/www.patagoniambiental.com.ar","https:\/\/www.facebook.com\/share\/1C1V8Gv9BX\/?mibextid=qi2Omg","@patagoniambiental","https:\/\/youtube.com\/@patagoniaambiental2023?si=BLt58t0wuXquxlYZ"]}]}},"_links":{"self":[{"href":"https:\/\/patagoniambiental.com.ar\/info\/wp-json\/wp\/v2\/posts\/78511","targetHints":{"allow":["GET"]}}],"collection":[{"href":"https:\/\/patagoniambiental.com.ar\/info\/wp-json\/wp\/v2\/posts"}],"about":[{"href":"https:\/\/patagoniambiental.com.ar\/info\/wp-json\/wp\/v2\/types\/post"}],"author":[{"embeddable":true,"href":"https:\/\/patagoniambiental.com.ar\/info\/wp-json\/wp\/v2\/users\/2"}],"replies":[{"embeddable":true,"href":"https:\/\/patagoniambiental.com.ar\/info\/wp-json\/wp\/v2\/comments?post=78511"}],"version-history":[{"count":0,"href":"https:\/\/patagoniambiental.com.ar\/info\/wp-json\/wp\/v2\/posts\/78511\/revisions"}],"wp:featuredmedia":[{"embeddable":true,"href":"https:\/\/patagoniambiental.com.ar\/info\/wp-json\/wp\/v2\/media\/78512"}],"wp:attachment":[{"href":"https:\/\/patagoniambiental.com.ar\/info\/wp-json\/wp\/v2\/media?parent=78511"}],"wp:term":[{"taxonomy":"category","embeddable":true,"href":"https:\/\/patagoniambiental.com.ar\/info\/wp-json\/wp\/v2\/categories?post=78511"},{"taxonomy":"post_tag","embeddable":true,"href":"https:\/\/patagoniambiental.com.ar\/info\/wp-json\/wp\/v2\/tags?post=78511"}],"curies":[{"name":"wp","href":"https:\/\/api.w.org\/{rel}","templated":true}]}}