{"id":78514,"date":"2023-06-15T19:00:00","date_gmt":"2023-06-15T22:00:00","guid":{"rendered":"https:\/\/patagoniambiental.com.ar\/info\/?p=78514"},"modified":"2024-08-16T16:53:38","modified_gmt":"2024-08-16T19:53:38","slug":"el-paso-internacional-minas-nuble-es-declarado-paso-priorizado-por-argentina-y-chile","status":"publish","type":"post","link":"https:\/\/patagoniambiental.com.ar\/info\/el-paso-internacional-minas-nuble-es-declarado-paso-priorizado-por-argentina-y-chile\/","title":{"rendered":"El paso internacional Minas-\u00d1uble es declarado paso priorizado por Argentina y Chile"},"content":{"rendered":"\n<!--more-->\n\n\n\n<p><em>El ministro Jefe de Gabinete, Sebastian Gonz\u00e1lez particip\u00f3 este mi\u00e9rcoles de la reuni\u00f3n del Grupo T\u00e9cnico Mixto (GTM) Argentino-Chileno.<\/em><\/p>\n\n\n\n<p>El ministro Jefe de Gabinete, Sebastian Gonz\u00e1lez, intervino este mi\u00e9rcoles en la 50\u00aa reuni\u00f3n del Grupo T\u00e9cnico Mixto (GTM) Argentino-Chileno. La reuni\u00f3n anual en la que se analizan y monitorean las obras de pavimentaci\u00f3n de caminos de acceso a pasos fronterizos y la infraestructura de conectividad entre ambos pa\u00edses, se llev\u00f3 a cabo en el CCK de la ciudad de Buenos Aires.<\/p>\n\n\n\n<p>Participaron la embajadora de Chile en Argentina, B\u00e1rbara Figueroa y las m\u00e1ximas autoridades de las \u00e1reas de L\u00edmites y Fronteras de ambas canciller\u00edas, ministros Carlos Dettlef Beros y Gabriel Servetto. Tambi\u00e9n lo hicieron funcionarios de los ministerios de Obras P\u00fablicas, Interior y Seguridad de ambos pa\u00edses.<\/p>\n\n\n\n<p>Durante su exposici\u00f3n, el Jefe de Gabinete neuquino inform\u00f3 los distintos avances en las obras provinciales de conectividad en las zonas de influencia de los siete pasos fronterizos reconocidos hasta hoy como \u201cpriorizados\u201d en territorio provincial.<\/p>\n\n\n\n<p>Asimismo, destac\u00f3 la apertura de la traza de la ruta provincial 45 al paso Minas-\u00d1uble, ejecutada entre febrero y marzo por la direcci\u00f3n provincial de Vialidad. Adem\u00e1s, solicit\u00f3 formalmente al Grupo T\u00e9cnico Mixto la priorizaci\u00f3n de ese paso, en nombre de la provincia del Neuqu\u00e9n y de las localidades cercanas al paso en el departamento Minas, en especial Las Ovejas.<\/p>\n\n\n\n<p>Atento a esta solicitud, y luego de un intercambio de opiniones, las canciller\u00edas argentina y chilena aprobaron la solicitud, con la \u201cno objeci\u00f3n\u201d de los dem\u00e1s ministerios nacionales competentes.<\/p>\n\n\n\n<p>En el acta de la reuni\u00f3n bilateral, \u201cambas delegaciones coincidieron plenamente en la relevancia regional de este paso y en la necesidad de continuar promoviendo la pronta ejecuci\u00f3n de las obras y las medidas necesarias en ambos pa\u00edses que permitan mantenerlo operativo a la brevedad posible. En tal sentido, acordaron incorporar este paso al listado oficial de pasos fronterizos reconocidos y priorizados por ambos pa\u00edses actualmente -plasmado en el Plan Maestro 2014-2030-, con el objeto de seguir consolidando la conectividad entre los territorios de ambos pa\u00edses\u201d.<\/p>\n\n\n\n<p>De este modo, Minas-\u00d1uble pasa a ser el paso priorizado n\u00famero 27 entre Argentina y Chile, siendo Neuqu\u00e9n la provincia con mayor cantidad de pasos priorizados, ahora con ocho.<\/p>\n\n\n\n<p>El \u00faltimo paso fronterizo en territorio neuquino en recibir esta categorizaci\u00f3n hab\u00eda sido el paso Pichach\u00e9n, que obtuvo el aval del GTM en su reuni\u00f3n de 2014.<\/p>\n\n\n\n<p>Sobre el Grupo T\u00e9cnico Mixto argentino-chileno<\/p>\n\n\n\n<p>El GTM se cre\u00f3 en 1992, en cumplimiento del memor\u00e1ndum de Entendimiento sobre Integraci\u00f3n F\u00edsica y Facilitaci\u00f3n Fronteriza de 1991, por acuerdo de los Ministerios de Relaciones Exteriores de Argentina y Chile. Es la m\u00e1xima instancia t\u00e9cnica bilateral entre ambos pa\u00edses, y tiene a su cargo el estudio y priorizaci\u00f3n de v\u00edas de interconexi\u00f3n terrestre entre el Atl\u00e1ntico y el Pacifico, a trav\u00e9s de la cooperaci\u00f3n internacional en el contexto de la integraci\u00f3n del cono sur.<\/p>\n\n\n\n<div style=\"height:100px\" aria-hidden=\"true\" class=\"wp-block-spacer\"><\/div>\n\n\n\n<h2 class=\"wp-block-heading\" id=\"h-sobre-el-paso-minas-nuble\">Sobre el Paso Minas-\u00d1uble<\/h2>\n\n\n\n<p>Durante la VII Reuni\u00f3n de Gobernadores e Intendentes de Frontera Com\u00fan, realizada en 2018 en Santiago de Chile con la participaci\u00f3n del gobernador Omar Guti\u00e9rrez, se oficializ\u00f3 la denominaci\u00f3n \u201cMinas-\u00d1uble\u201d para el paso internacional que une al Norte neuquino con la Regi\u00f3n de \u00d1uble en Chile.<\/p>\n\n\n\n<p>Luego de un lapso de tiempo en el que se realizaron gestiones para asegurar los aspectos jur\u00eddicos de las tierras donde se localizar\u00eda el futuro camino internacional, entre febrero y de marzo de este a\u00f1o Vialidad Provincial termin\u00f3 de ejecutar la apertura de traza hacia el nuevo paso fronterizo, tras un arduo trabajo en tareas de relevamiento, topograf\u00eda y movimiento de suelo. El camino, de unos 14 kil\u00f3metros de extensi\u00f3n, nace al pie de la cordillera, en la ruta provincial 45, bordea las Lagunas de Epulauquen y Vaca Lauquen y llega al hito fronterizo.<\/p>\n\n\n\n<p>Ahora que la traza est\u00e1 concretada y se cuenta con un camino viable, se continuar\u00e1n realizando tareas de mejoramiento y ensanche del mismo, a fin de poder realizar la apertura temporal del paso durante el pr\u00f3ximo verano para el tr\u00e1nsito vecinal, y de esa manera, continuar progresando en la consolidaci\u00f3n de esta nueva v\u00eda de conectividad binacional.<\/p>\n\n\n\n<p>Fuente: Neuquen Informa <\/p>\n","protected":false},"excerpt":{"rendered":"","protected":false},"author":2,"featured_media":78515,"comment_status":"open","ping_status":"open","sticky":false,"template":"","format":"standard","meta":{"site-sidebar-layout":"default","site-content-layout":"","ast-site-content-layout":"default","site-content-style":"default","site-sidebar-style":"default","ast-global-header-display":"","ast-banner-title-visibility":"","ast-main-header-display":"","ast-hfb-above-header-display":"","ast-hfb-below-header-display":"","ast-hfb-mobile-header-display":"","site-post-title":"","ast-breadcrumbs-content":"","ast-featured-img":"","footer-sml-layout":"","ast-disable-related-posts":"","theme-transparent-header-meta":"","adv-header-id-meta":"","stick-header-meta":"","header-above-stick-meta":"","header-main-stick-meta":"","header-below-stick-meta":"","astra-migrate-meta-layouts":"default","ast-page-background-enabled":"default","ast-page-background-meta":{"desktop":{"background-color":"var(--ast-global-color-5)","background-image":"","background-repeat":"repeat","background-position":"center center","background-size":"auto","background-attachment":"scroll","background-type":"","background-media":"","overlay-type":"","overlay-color":"","overlay-opacity":"","overlay-gradient":""},"tablet":{"background-color":"","background-image":"","background-repeat":"repeat","background-position":"center center","background-size":"auto","background-attachment":"scroll","background-type":"","background-media":"","overlay-type":"","overlay-color":"","overlay-opacity":"","overlay-gradient":""},"mobile":{"background-color":"","background-image":"","background-repeat":"repeat","background-position":"center center","background-size":"auto","background-attachment":"scroll","background-type":"","background-media":"","overlay-type":"","overlay-color":"","overlay-opacity":"","overlay-gradient":""}},"ast-content-background-meta":{"desktop":{"background-color":"var(--ast-global-color-4)","background-image":"","background-repeat":"repeat","background-position":"center center","background-size":"auto","background-attachment":"scroll","background-type":"","background-media":"","overlay-type":"","overlay-color":"","overlay-opacity":"","overlay-gradient":""},"tablet":{"background-color":"var(--ast-global-color-4)","background-image":"","background-repeat":"repeat","background-position":"center center","background-size":"auto","background-attachment":"scroll","background-type":"","background-media":"","overlay-type":"","overlay-color":"","overlay-opacity":"","overlay-gradient":""},"mobile":{"background-color":"var(--ast-global-color-4)","background-image":"","background-repeat":"repeat","background-position":"center center","background-size":"auto","background-attachment":"scroll","background-type":"","background-media":"","overlay-type":"","overlay-color":"","overlay-opacity":"","overlay-gradient":""}},"footnotes":""},"categories":[13],"tags":[],"class_list":["post-78514","post","type-post","status-publish","format-standard","has-post-thumbnail","hentry","category-provinciales"],"yoast_head":"<!-- This site is optimized with the Yoast SEO Premium plugin v23.0 (Yoast SEO v27.4) - https:\/\/yoast.com\/product\/yoast-seo-premium-wordpress\/ -->\n<title>El paso internacional Minas-\u00d1uble es declarado paso priorizado por Argentina y Chile<\/title>\n<meta name=\"robots\" content=\"index, follow, max-snippet:-1, max-image-preview:large, max-video-preview:-1\" \/>\n<link rel=\"canonical\" href=\"https:\/\/patagoniambiental.com.ar\/info\/el-paso-internacional-minas-nuble-es-declarado-paso-priorizado-por-argentina-y-chile\/\" \/>\n<meta property=\"og:locale\" content=\"es_ES\" \/>\n<meta property=\"og:type\" content=\"article\" \/>\n<meta property=\"og:title\" content=\"El paso internacional Minas-\u00d1uble es declarado paso priorizado por Argentina y Chile\" \/>\n<meta property=\"og:url\" content=\"https:\/\/patagoniambiental.com.ar\/info\/el-paso-internacional-minas-nuble-es-declarado-paso-priorizado-por-argentina-y-chile\/\" \/>\n<meta property=\"og:site_name\" content=\"Patagonia Ambiental\" \/>\n<meta property=\"article:publisher\" content=\"https:\/\/www.facebook.com\/patagonia.ambiental\" \/>\n<meta property=\"article:author\" content=\"https:\/\/www.facebook.com\/share\/1C1V8Gv9BX\/?mibextid=qi2Omg\" \/>\n<meta property=\"article:published_time\" content=\"2023-06-15T22:00:00+00:00\" \/>\n<meta property=\"article:modified_time\" content=\"2024-08-16T19:53:38+00:00\" \/>\n<meta property=\"og:image\" content=\"https:\/\/patagoniambiental.com.ar\/info\/wp-content\/uploads\/2023\/06\/thumbnail_Web.El-Paso-Internacional-Minas-Nuble.jpg\" \/>\n\t<meta property=\"og:image:width\" content=\"1403\" \/>\n\t<meta property=\"og:image:height\" content=\"693\" \/>\n\t<meta property=\"og:image:type\" content=\"image\/jpeg\" \/>\n<meta name=\"author\" content=\"Patagonia Ambiental\" \/>\n<meta name=\"twitter:card\" content=\"summary_large_image\" \/>\n<meta name=\"twitter:creator\" content=\"@PatAmb\" \/>\n<meta name=\"twitter:site\" content=\"@PatAmb\" \/>\n<script type=\"application\/ld+json\" class=\"yoast-schema-graph\">{\"@context\":\"https:\\\/\\\/schema.org\",\"@graph\":[{\"@type\":\"Article\",\"@id\":\"https:\\\/\\\/patagoniambiental.com.ar\\\/info\\\/el-paso-internacional-minas-nuble-es-declarado-paso-priorizado-por-argentina-y-chile\\\/#article\",\"isPartOf\":{\"@id\":\"https:\\\/\\\/patagoniambiental.com.ar\\\/info\\\/el-paso-internacional-minas-nuble-es-declarado-paso-priorizado-por-argentina-y-chile\\\/\"},\"author\":{\"name\":\"Patagonia Ambiental\",\"@id\":\"https:\\\/\\\/patagoniambiental.com.ar\\\/info\\\/#\\\/schema\\\/person\\\/db12bff64bbcbf6a253710bf0ea37b5d\"},\"headline\":\"El paso internacional Minas-\u00d1uble es declarado paso priorizado por Argentina y Chile\",\"datePublished\":\"2023-06-15T22:00:00+00:00\",\"dateModified\":\"2024-08-16T19:53:38+00:00\",\"mainEntityOfPage\":{\"@id\":\"https:\\\/\\\/patagoniambiental.com.ar\\\/info\\\/el-paso-internacional-minas-nuble-es-declarado-paso-priorizado-por-argentina-y-chile\\\/\"},\"wordCount\":759,\"commentCount\":0,\"publisher\":{\"@id\":\"https:\\\/\\\/patagoniambiental.com.ar\\\/info\\\/#organization\"},\"image\":{\"@id\":\"https:\\\/\\\/patagoniambiental.com.ar\\\/info\\\/el-paso-internacional-minas-nuble-es-declarado-paso-priorizado-por-argentina-y-chile\\\/#primaryimage\"},\"thumbnailUrl\":\"https:\\\/\\\/patagoniambiental.com.ar\\\/info\\\/wp-content\\\/uploads\\\/2023\\\/06\\\/thumbnail_Web.El-Paso-Internacional-Minas-Nuble.jpg\",\"articleSection\":[\"Provinciales\"],\"inLanguage\":\"es\",\"potentialAction\":[{\"@type\":\"CommentAction\",\"name\":\"Comment\",\"target\":[\"https:\\\/\\\/patagoniambiental.com.ar\\\/info\\\/el-paso-internacional-minas-nuble-es-declarado-paso-priorizado-por-argentina-y-chile\\\/#respond\"]}]},{\"@type\":\"WebPage\",\"@id\":\"https:\\\/\\\/patagoniambiental.com.ar\\\/info\\\/el-paso-internacional-minas-nuble-es-declarado-paso-priorizado-por-argentina-y-chile\\\/\",\"url\":\"https:\\\/\\\/patagoniambiental.com.ar\\\/info\\\/el-paso-internacional-minas-nuble-es-declarado-paso-priorizado-por-argentina-y-chile\\\/\",\"name\":\"El paso internacional Minas-\u00d1uble es declarado paso priorizado por Argentina y Chile\",\"isPartOf\":{\"@id\":\"https:\\\/\\\/patagoniambiental.com.ar\\\/info\\\/#website\"},\"primaryImageOfPage\":{\"@id\":\"https:\\\/\\\/patagoniambiental.com.ar\\\/info\\\/el-paso-internacional-minas-nuble-es-declarado-paso-priorizado-por-argentina-y-chile\\\/#primaryimage\"},\"image\":{\"@id\":\"https:\\\/\\\/patagoniambiental.com.ar\\\/info\\\/el-paso-internacional-minas-nuble-es-declarado-paso-priorizado-por-argentina-y-chile\\\/#primaryimage\"},\"thumbnailUrl\":\"https:\\\/\\\/patagoniambiental.com.ar\\\/info\\\/wp-content\\\/uploads\\\/2023\\\/06\\\/thumbnail_Web.El-Paso-Internacional-Minas-Nuble.jpg\",\"datePublished\":\"2023-06-15T22:00:00+00:00\",\"dateModified\":\"2024-08-16T19:53:38+00:00\",\"breadcrumb\":{\"@id\":\"https:\\\/\\\/patagoniambiental.com.ar\\\/info\\\/el-paso-internacional-minas-nuble-es-declarado-paso-priorizado-por-argentina-y-chile\\\/#breadcrumb\"},\"inLanguage\":\"es\",\"potentialAction\":[{\"@type\":\"ReadAction\",\"target\":[\"https:\\\/\\\/patagoniambiental.com.ar\\\/info\\\/el-paso-internacional-minas-nuble-es-declarado-paso-priorizado-por-argentina-y-chile\\\/\"]}]},{\"@type\":\"ImageObject\",\"inLanguage\":\"es\",\"@id\":\"https:\\\/\\\/patagoniambiental.com.ar\\\/info\\\/el-paso-internacional-minas-nuble-es-declarado-paso-priorizado-por-argentina-y-chile\\\/#primaryimage\",\"url\":\"https:\\\/\\\/patagoniambiental.com.ar\\\/info\\\/wp-content\\\/uploads\\\/2023\\\/06\\\/thumbnail_Web.El-Paso-Internacional-Minas-Nuble.jpg\",\"contentUrl\":\"https:\\\/\\\/patagoniambiental.com.ar\\\/info\\\/wp-content\\\/uploads\\\/2023\\\/06\\\/thumbnail_Web.El-Paso-Internacional-Minas-Nuble.jpg\",\"width\":1200,\"height\":593},{\"@type\":\"BreadcrumbList\",\"@id\":\"https:\\\/\\\/patagoniambiental.com.ar\\\/info\\\/el-paso-internacional-minas-nuble-es-declarado-paso-priorizado-por-argentina-y-chile\\\/#breadcrumb\",\"itemListElement\":[{\"@type\":\"ListItem\",\"position\":1,\"name\":\"Inicio\",\"item\":\"https:\\\/\\\/patagoniambiental.com.ar\\\/info\\\/\"},{\"@type\":\"ListItem\",\"position\":2,\"name\":\"El paso internacional Minas-\u00d1uble es declarado paso priorizado por Argentina y Chile\"}]},{\"@type\":\"WebSite\",\"@id\":\"https:\\\/\\\/patagoniambiental.com.ar\\\/info\\\/#website\",\"url\":\"https:\\\/\\\/patagoniambiental.com.ar\\\/info\\\/\",\"name\":\"Patagonia Ambiental\",\"description\":\"Monitoreo y an\u00e1lisis de la situaci\u00f3n geopol\u00edtica en el mundo y su implicancia en la Patagonia\",\"publisher\":{\"@id\":\"https:\\\/\\\/patagoniambiental.com.ar\\\/info\\\/#organization\"},\"potentialAction\":[{\"@type\":\"SearchAction\",\"target\":{\"@type\":\"EntryPoint\",\"urlTemplate\":\"https:\\\/\\\/patagoniambiental.com.ar\\\/info\\\/?s={search_term_string}\"},\"query-input\":{\"@type\":\"PropertyValueSpecification\",\"valueRequired\":true,\"valueName\":\"search_term_string\"}}],\"inLanguage\":\"es\"},{\"@type\":\"Organization\",\"@id\":\"https:\\\/\\\/patagoniambiental.com.ar\\\/info\\\/#organization\",\"name\":\"Patagonia Ambiental\",\"url\":\"https:\\\/\\\/patagoniambiental.com.ar\\\/info\\\/\",\"logo\":{\"@type\":\"ImageObject\",\"inLanguage\":\"es\",\"@id\":\"https:\\\/\\\/patagoniambiental.com.ar\\\/info\\\/#\\\/schema\\\/logo\\\/image\\\/\",\"url\":\"https:\\\/\\\/patagoniambiental.com.ar\\\/info\\\/wp-content\\\/uploads\\\/2025\\\/05\\\/LOGO-PATAGONIA-AMBIENTAL.png\",\"contentUrl\":\"https:\\\/\\\/patagoniambiental.com.ar\\\/info\\\/wp-content\\\/uploads\\\/2025\\\/05\\\/LOGO-PATAGONIA-AMBIENTAL.png\",\"width\":433,\"height\":250,\"caption\":\"Patagonia Ambiental\"},\"image\":{\"@id\":\"https:\\\/\\\/patagoniambiental.com.ar\\\/info\\\/#\\\/schema\\\/logo\\\/image\\\/\"},\"sameAs\":[\"https:\\\/\\\/www.facebook.com\\\/patagonia.ambiental\",\"https:\\\/\\\/x.com\\\/PatAmb\"]},{\"@type\":\"Person\",\"@id\":\"https:\\\/\\\/patagoniambiental.com.ar\\\/info\\\/#\\\/schema\\\/person\\\/db12bff64bbcbf6a253710bf0ea37b5d\",\"name\":\"Patagonia Ambiental\",\"description\":\"Andr\u00e9s Nievas T\u00e9cnico en manejo ambiental, consultor Ambiental y escritor para medios locales e internacionales sobre temas de geopolitica y medio ambiente.\",\"sameAs\":[\"http:\\\/\\\/www.patagoniambiental.com.ar\",\"https:\\\/\\\/www.facebook.com\\\/share\\\/1C1V8Gv9BX\\\/?mibextid=qi2Omg\",\"@patagoniambiental\",\"https:\\\/\\\/youtube.com\\\/@patagoniaambiental2023?si=BLt58t0wuXquxlYZ\"]}]}<\/script>\n<!-- \/ Yoast SEO Premium plugin. -->","yoast_head_json":{"title":"El paso internacional Minas-\u00d1uble es declarado paso priorizado por Argentina y Chile","robots":{"index":"index","follow":"follow","max-snippet":"max-snippet:-1","max-image-preview":"max-image-preview:large","max-video-preview":"max-video-preview:-1"},"canonical":"https:\/\/patagoniambiental.com.ar\/info\/el-paso-internacional-minas-nuble-es-declarado-paso-priorizado-por-argentina-y-chile\/","og_locale":"es_ES","og_type":"article","og_title":"El paso internacional Minas-\u00d1uble es declarado paso priorizado por Argentina y Chile","og_url":"https:\/\/patagoniambiental.com.ar\/info\/el-paso-internacional-minas-nuble-es-declarado-paso-priorizado-por-argentina-y-chile\/","og_site_name":"Patagonia Ambiental","article_publisher":"https:\/\/www.facebook.com\/patagonia.ambiental","article_author":"https:\/\/www.facebook.com\/share\/1C1V8Gv9BX\/?mibextid=qi2Omg","article_published_time":"2023-06-15T22:00:00+00:00","article_modified_time":"2024-08-16T19:53:38+00:00","og_image":[{"width":1403,"height":693,"url":"https:\/\/patagoniambiental.com.ar\/info\/wp-content\/uploads\/2023\/06\/thumbnail_Web.El-Paso-Internacional-Minas-Nuble.jpg","type":"image\/jpeg"}],"author":"Patagonia Ambiental","twitter_card":"summary_large_image","twitter_creator":"@PatAmb","twitter_site":"@PatAmb","schema":{"@context":"https:\/\/schema.org","@graph":[{"@type":"Article","@id":"https:\/\/patagoniambiental.com.ar\/info\/el-paso-internacional-minas-nuble-es-declarado-paso-priorizado-por-argentina-y-chile\/#article","isPartOf":{"@id":"https:\/\/patagoniambiental.com.ar\/info\/el-paso-internacional-minas-nuble-es-declarado-paso-priorizado-por-argentina-y-chile\/"},"author":{"name":"Patagonia Ambiental","@id":"https:\/\/patagoniambiental.com.ar\/info\/#\/schema\/person\/db12bff64bbcbf6a253710bf0ea37b5d"},"headline":"El paso internacional Minas-\u00d1uble es declarado paso priorizado por Argentina y Chile","datePublished":"2023-06-15T22:00:00+00:00","dateModified":"2024-08-16T19:53:38+00:00","mainEntityOfPage":{"@id":"https:\/\/patagoniambiental.com.ar\/info\/el-paso-internacional-minas-nuble-es-declarado-paso-priorizado-por-argentina-y-chile\/"},"wordCount":759,"commentCount":0,"publisher":{"@id":"https:\/\/patagoniambiental.com.ar\/info\/#organization"},"image":{"@id":"https:\/\/patagoniambiental.com.ar\/info\/el-paso-internacional-minas-nuble-es-declarado-paso-priorizado-por-argentina-y-chile\/#primaryimage"},"thumbnailUrl":"https:\/\/patagoniambiental.com.ar\/info\/wp-content\/uploads\/2023\/06\/thumbnail_Web.El-Paso-Internacional-Minas-Nuble.jpg","articleSection":["Provinciales"],"inLanguage":"es","potentialAction":[{"@type":"CommentAction","name":"Comment","target":["https:\/\/patagoniambiental.com.ar\/info\/el-paso-internacional-minas-nuble-es-declarado-paso-priorizado-por-argentina-y-chile\/#respond"]}]},{"@type":"WebPage","@id":"https:\/\/patagoniambiental.com.ar\/info\/el-paso-internacional-minas-nuble-es-declarado-paso-priorizado-por-argentina-y-chile\/","url":"https:\/\/patagoniambiental.com.ar\/info\/el-paso-internacional-minas-nuble-es-declarado-paso-priorizado-por-argentina-y-chile\/","name":"El paso internacional Minas-\u00d1uble es declarado paso priorizado por Argentina y Chile","isPartOf":{"@id":"https:\/\/patagoniambiental.com.ar\/info\/#website"},"primaryImageOfPage":{"@id":"https:\/\/patagoniambiental.com.ar\/info\/el-paso-internacional-minas-nuble-es-declarado-paso-priorizado-por-argentina-y-chile\/#primaryimage"},"image":{"@id":"https:\/\/patagoniambiental.com.ar\/info\/el-paso-internacional-minas-nuble-es-declarado-paso-priorizado-por-argentina-y-chile\/#primaryimage"},"thumbnailUrl":"https:\/\/patagoniambiental.com.ar\/info\/wp-content\/uploads\/2023\/06\/thumbnail_Web.El-Paso-Internacional-Minas-Nuble.jpg","datePublished":"2023-06-15T22:00:00+00:00","dateModified":"2024-08-16T19:53:38+00:00","breadcrumb":{"@id":"https:\/\/patagoniambiental.com.ar\/info\/el-paso-internacional-minas-nuble-es-declarado-paso-priorizado-por-argentina-y-chile\/#breadcrumb"},"inLanguage":"es","potentialAction":[{"@type":"ReadAction","target":["https:\/\/patagoniambiental.com.ar\/info\/el-paso-internacional-minas-nuble-es-declarado-paso-priorizado-por-argentina-y-chile\/"]}]},{"@type":"ImageObject","inLanguage":"es","@id":"https:\/\/patagoniambiental.com.ar\/info\/el-paso-internacional-minas-nuble-es-declarado-paso-priorizado-por-argentina-y-chile\/#primaryimage","url":"https:\/\/patagoniambiental.com.ar\/info\/wp-content\/uploads\/2023\/06\/thumbnail_Web.El-Paso-Internacional-Minas-Nuble.jpg","contentUrl":"https:\/\/patagoniambiental.com.ar\/info\/wp-content\/uploads\/2023\/06\/thumbnail_Web.El-Paso-Internacional-Minas-Nuble.jpg","width":1200,"height":593},{"@type":"BreadcrumbList","@id":"https:\/\/patagoniambiental.com.ar\/info\/el-paso-internacional-minas-nuble-es-declarado-paso-priorizado-por-argentina-y-chile\/#breadcrumb","itemListElement":[{"@type":"ListItem","position":1,"name":"Inicio","item":"https:\/\/patagoniambiental.com.ar\/info\/"},{"@type":"ListItem","position":2,"name":"El paso internacional Minas-\u00d1uble es declarado paso priorizado por Argentina y Chile"}]},{"@type":"WebSite","@id":"https:\/\/patagoniambiental.com.ar\/info\/#website","url":"https:\/\/patagoniambiental.com.ar\/info\/","name":"Patagonia Ambiental","description":"Monitoreo y an\u00e1lisis de la situaci\u00f3n geopol\u00edtica en el mundo y su implicancia en la Patagonia","publisher":{"@id":"https:\/\/patagoniambiental.com.ar\/info\/#organization"},"potentialAction":[{"@type":"SearchAction","target":{"@type":"EntryPoint","urlTemplate":"https:\/\/patagoniambiental.com.ar\/info\/?s={search_term_string}"},"query-input":{"@type":"PropertyValueSpecification","valueRequired":true,"valueName":"search_term_string"}}],"inLanguage":"es"},{"@type":"Organization","@id":"https:\/\/patagoniambiental.com.ar\/info\/#organization","name":"Patagonia Ambiental","url":"https:\/\/patagoniambiental.com.ar\/info\/","logo":{"@type":"ImageObject","inLanguage":"es","@id":"https:\/\/patagoniambiental.com.ar\/info\/#\/schema\/logo\/image\/","url":"https:\/\/patagoniambiental.com.ar\/info\/wp-content\/uploads\/2025\/05\/LOGO-PATAGONIA-AMBIENTAL.png","contentUrl":"https:\/\/patagoniambiental.com.ar\/info\/wp-content\/uploads\/2025\/05\/LOGO-PATAGONIA-AMBIENTAL.png","width":433,"height":250,"caption":"Patagonia Ambiental"},"image":{"@id":"https:\/\/patagoniambiental.com.ar\/info\/#\/schema\/logo\/image\/"},"sameAs":["https:\/\/www.facebook.com\/patagonia.ambiental","https:\/\/x.com\/PatAmb"]},{"@type":"Person","@id":"https:\/\/patagoniambiental.com.ar\/info\/#\/schema\/person\/db12bff64bbcbf6a253710bf0ea37b5d","name":"Patagonia Ambiental","description":"Andr\u00e9s Nievas T\u00e9cnico en manejo ambiental, consultor Ambiental y escritor para medios locales e internacionales sobre temas de geopolitica y medio ambiente.","sameAs":["http:\/\/www.patagoniambiental.com.ar","https:\/\/www.facebook.com\/share\/1C1V8Gv9BX\/?mibextid=qi2Omg","@patagoniambiental","https:\/\/youtube.com\/@patagoniaambiental2023?si=BLt58t0wuXquxlYZ"]}]}},"_links":{"self":[{"href":"https:\/\/patagoniambiental.com.ar\/info\/wp-json\/wp\/v2\/posts\/78514","targetHints":{"allow":["GET"]}}],"collection":[{"href":"https:\/\/patagoniambiental.com.ar\/info\/wp-json\/wp\/v2\/posts"}],"about":[{"href":"https:\/\/patagoniambiental.com.ar\/info\/wp-json\/wp\/v2\/types\/post"}],"author":[{"embeddable":true,"href":"https:\/\/patagoniambiental.com.ar\/info\/wp-json\/wp\/v2\/users\/2"}],"replies":[{"embeddable":true,"href":"https:\/\/patagoniambiental.com.ar\/info\/wp-json\/wp\/v2\/comments?post=78514"}],"version-history":[{"count":0,"href":"https:\/\/patagoniambiental.com.ar\/info\/wp-json\/wp\/v2\/posts\/78514\/revisions"}],"wp:featuredmedia":[{"embeddable":true,"href":"https:\/\/patagoniambiental.com.ar\/info\/wp-json\/wp\/v2\/media\/78515"}],"wp:attachment":[{"href":"https:\/\/patagoniambiental.com.ar\/info\/wp-json\/wp\/v2\/media?parent=78514"}],"wp:term":[{"taxonomy":"category","embeddable":true,"href":"https:\/\/patagoniambiental.com.ar\/info\/wp-json\/wp\/v2\/categories?post=78514"},{"taxonomy":"post_tag","embeddable":true,"href":"https:\/\/patagoniambiental.com.ar\/info\/wp-json\/wp\/v2\/tags?post=78514"}],"curies":[{"name":"wp","href":"https:\/\/api.w.org\/{rel}","templated":true}]}}