{"id":78533,"date":"2023-06-30T07:00:00","date_gmt":"2023-06-30T10:00:00","guid":{"rendered":"https:\/\/patagoniambiental.com.ar\/info\/?p=78533"},"modified":"2024-08-16T16:42:12","modified_gmt":"2024-08-16T19:42:12","slug":"andacollo-descubren-un-tesoro-arqueologico-de-mas-de-3000-anos-tras-las-inundaciones","status":"publish","type":"post","link":"https:\/\/patagoniambiental.com.ar\/info\/andacollo-descubren-un-tesoro-arqueologico-de-mas-de-3000-anos-tras-las-inundaciones\/","title":{"rendered":"Descubren un tesoro arqueol\u00f3gico de m\u00e1s de 3000 a\u00f1os tras las inundaciones"},"content":{"rendered":"\n<!--more-->\n\n\n\n<p><em>La lluvia dej\u00f3 al descubierto restos arqueol\u00f3gicos ancestrales de una civilizaci\u00f3n prehisp\u00e1nica.<\/em><\/p>\n\n\n\n<p>Despu\u00e9s de las intensas precipitaciones de la semana pasada, que causaron la crecida del r\u00edo Neuqu\u00e9n, se han descubierto en la localidad de Andacollo nuevos restos arqueol\u00f3gicos ancestrales de una civilizaci\u00f3n prehisp\u00e1nica hasta ahora desconocida, con una antig\u00fcedad de m\u00e1s de 3000 a\u00f1os.<\/p>\n\n\n\n<p>\u201cEsta \u00e1rea protegida denominada GUBEVI fue descubierta en el 2008 cuando unas m\u00e1quinas que iban a hacer una cantera detectaron materiales y tres hombres -de apellidos Guzm\u00e1n, Besoqui y Villanueva- encontraron restos de huesos humanos y avisaron\u201d, inform\u00f3 Claudia Eugenia Della Negra, Directora General de Patrimonio Cultural Material, un \u00e1rea dependiente de la Direcci\u00f3n Provincial de Patrimonio del Ministerio de las Culturas de Neuqu\u00e9n.<\/p>\n\n\n\n<p>Esta semana, producto de la crecida del r\u00edo, se encontraron en el lugar antiguos artefactos y estructuras, como fragmentos de cer\u00e1mica, herramientas de piedra y restos \u00f3seos humanos, entre otros elementos, pertenecientes a una cultura que habit\u00f3 la zona en tiempos remotos.<\/p>\n\n\n\n<p>Arque\u00f3logos y especialistas en Patrimonio de la Provincia se han desplazado a la zona para llevar a cabo las tareas de excavaci\u00f3n y documentaci\u00f3n, en una colaboraci\u00f3n conjunta con agentes del Municipio de Andacollo, personal del museo municipal, as\u00ed como representantes de los departamentos de cultura y turismo de la localidad, del Concejo Deliberante y del \u00e1rea de la Secretar\u00eda de Producci\u00f3n, Turismo y Medio Ambiente.<\/p>\n\n\n\n<p>Tambi\u00e9n se encuentran presentes miembros de la comunidad y uno de los denunciantes originales que descubri\u00f3 el sitio, Sebasti\u00e1n Villanueva.<\/p>\n\n\n\n<p>Los especialistas est\u00e1n rescatando parte del sector menos da\u00f1ado. Se han tomado las medidas necesarias para proteger el \u00e1rea y se ha restringido el acceso hasta que los trabajos arqueol\u00f3gicos est\u00e9n completos.<\/p>\n\n\n\n<p>Della Negra asegur\u00f3 que se ha realizado el an\u00e1lisis de los materiales extra\u00eddos del sitio y se ha determinado que los restos tienen una antig\u00fcedad de 1800 a\u00f1os. La especialista especific\u00f3 que se encontr\u00f3 cer\u00e1mica cerca de los restos de un cr\u00e1neo, formando parte del Ajuar Funerario, as\u00ed como una base de molino depositada a los pies de una mujer.<\/p>\n\n\n\n<p>\u00abEn este sitio se encontrar\u00eda la cer\u00e1mica m\u00e1s antigua de la regi\u00f3n Norte. Este es un cementerio que tiene 2.000 a\u00f1os, tiene la cer\u00e1mica m\u00e1s antigua de la provincia de Neuqu\u00e9n y guarda relaci\u00f3n cultural con costumbres de 4.500 a\u00f1os atr\u00e1s, que fueron los primeros que fueron enterrados con los elementos de molienda a los pies. Ac\u00e1 pasa lo mismo, 2.000 a\u00f1os despu\u00e9s\u201d, a\u00f1adi\u00f3 la Directora.<\/p>\n\n\n\n<p>Se espera que los estudios en curso revelen m\u00e1s detalles sobre la cultura ancestral que habit\u00f3 la zona, permitiendo as\u00ed reconstruir su historia y honrar su legado, celebrando la riqueza cultural y la herencia de los antepasados.<\/p>\n\n\n\n<p>\u201cDesde el \u00e1rea de Patrimonio del Ministerio de las Culturas y desde el \u00e1rea de Cultura como autoridad de aplicaci\u00f3n se ha trabajado en atender las denuncias arqueol\u00f3gicas y preservar los lugares. En el caso de un lugar como \u00e9ste, que era un cementerio, se hab\u00eda preservado accionando con la municipalidad, en su momento, en el 2008\u201d, indic\u00f3 Della Negra.<\/p>\n\n\n\n<p>\u00abSabemos que puede haber otros entierros y, si los cementerios no est\u00e1n en peligro, se preservar\u00e1n. Solo se excavar\u00e1n en caso de que est\u00e9n expuestos a elementos naturales que los afecten, con el objetivo de evitar su deterioro\u00bb, afirm\u00f3. Adem\u00e1s, destac\u00f3 que se llevar\u00e1n a cabo acciones de rescate y preservaci\u00f3n necesarias en colaboraci\u00f3n con la municipalidad de Andacollo.<\/p>\n\n\n\n<p>\u201cNosotros lo que hacemos es, en caso de que algo corra riesgo de deterioro, como en este caso que el r\u00edo est\u00e1 avanzando y est\u00e1 rompiendo, se va a rescatar lo que est\u00e1 expuesto. Se analiza y se ve, como el resto del sitio, se guarda en el museo local de Andacollo. Nosotros llevamos el material, lo analizamos y lo devolvemos con un n\u00famero de registro y queda permanentemente en el Museo\u201d.<\/p>\n\n\n\n<div style=\"height:100px\" aria-hidden=\"true\" class=\"wp-block-spacer\"><\/div>\n\n\n\n<h2 class=\"wp-block-heading\" id=\"h-la-importancia-de-dar-aviso\"><strong>La importancia de dar aviso<\/strong><\/h2>\n\n\n\n<p>Cabe destacar, que Desde la Direcci\u00f3n Provincial de Patrimonio Cultural se presenta la Direcci\u00f3n de Lucha contra el Tr\u00e1fico y Delito Patrimonial, que tiene la funci\u00f3n de gestionar las denuncias de presunto tr\u00e1fico y delito contra el patrimonio cultural de la provincia del Neuqu\u00e9n ante la justicia en el marco de la Ley Provincial 2184\/96, la Ley Nacional N\u00ba 25743 y la Ley 2213.<\/p>\n\n\n\n<p>Por ello, es muy importante, ante un hallazgo casual, realizar la denuncia a la Direcci\u00f3n Provincial de Patrimonio Cultura, no tocar ni trasladar los objetos hallados.<\/p>\n\n\n\n<p>Para realizar denuncias, es posible acercarse a Vuelta de Obligado 50 de la Ciudad de Neuqu\u00e9n o llamar por consultar al 299 44765267.<\/p>\n\n\n\n<p>Fuente: Neuquen Informa <\/p>\n","protected":false},"excerpt":{"rendered":"","protected":false},"author":2,"featured_media":78534,"comment_status":"open","ping_status":"open","sticky":false,"template":"","format":"standard","meta":{"site-sidebar-layout":"default","site-content-layout":"","ast-site-content-layout":"default","site-content-style":"default","site-sidebar-style":"default","ast-global-header-display":"","ast-banner-title-visibility":"","ast-main-header-display":"","ast-hfb-above-header-display":"","ast-hfb-below-header-display":"","ast-hfb-mobile-header-display":"","site-post-title":"","ast-breadcrumbs-content":"","ast-featured-img":"","footer-sml-layout":"","ast-disable-related-posts":"","theme-transparent-header-meta":"","adv-header-id-meta":"","stick-header-meta":"","header-above-stick-meta":"","header-main-stick-meta":"","header-below-stick-meta":"","astra-migrate-meta-layouts":"default","ast-page-background-enabled":"default","ast-page-background-meta":{"desktop":{"background-color":"var(--ast-global-color-5)","background-image":"","background-repeat":"repeat","background-position":"center center","background-size":"auto","background-attachment":"scroll","background-type":"","background-media":"","overlay-type":"","overlay-color":"","overlay-opacity":"","overlay-gradient":""},"tablet":{"background-color":"","background-image":"","background-repeat":"repeat","background-position":"center center","background-size":"auto","background-attachment":"scroll","background-type":"","background-media":"","overlay-type":"","overlay-color":"","overlay-opacity":"","overlay-gradient":""},"mobile":{"background-color":"","background-image":"","background-repeat":"repeat","background-position":"center center","background-size":"auto","background-attachment":"scroll","background-type":"","background-media":"","overlay-type":"","overlay-color":"","overlay-opacity":"","overlay-gradient":""}},"ast-content-background-meta":{"desktop":{"background-color":"var(--ast-global-color-4)","background-image":"","background-repeat":"repeat","background-position":"center center","background-size":"auto","background-attachment":"scroll","background-type":"","background-media":"","overlay-type":"","overlay-color":"","overlay-opacity":"","overlay-gradient":""},"tablet":{"background-color":"var(--ast-global-color-4)","background-image":"","background-repeat":"repeat","background-position":"center center","background-size":"auto","background-attachment":"scroll","background-type":"","background-media":"","overlay-type":"","overlay-color":"","overlay-opacity":"","overlay-gradient":""},"mobile":{"background-color":"var(--ast-global-color-4)","background-image":"","background-repeat":"repeat","background-position":"center center","background-size":"auto","background-attachment":"scroll","background-type":"","background-media":"","overlay-type":"","overlay-color":"","overlay-opacity":"","overlay-gradient":""}},"footnotes":""},"categories":[13],"tags":[],"class_list":["post-78533","post","type-post","status-publish","format-standard","has-post-thumbnail","hentry","category-provinciales"],"yoast_head":"<!-- This site is optimized with the Yoast SEO Premium plugin v23.0 (Yoast SEO v27.4) - https:\/\/yoast.com\/product\/yoast-seo-premium-wordpress\/ -->\n<title>Descubren un tesoro arqueol\u00f3gico de m\u00e1s de 3000 a\u00f1os tras las inundaciones<\/title>\n<meta name=\"robots\" content=\"index, follow, max-snippet:-1, max-image-preview:large, max-video-preview:-1\" \/>\n<link rel=\"canonical\" href=\"https:\/\/patagoniambiental.com.ar\/info\/andacollo-descubren-un-tesoro-arqueologico-de-mas-de-3000-anos-tras-las-inundaciones\/\" \/>\n<meta property=\"og:locale\" content=\"es_ES\" \/>\n<meta property=\"og:type\" content=\"article\" \/>\n<meta property=\"og:title\" content=\"Descubren un tesoro arqueol\u00f3gico de m\u00e1s de 3000 a\u00f1os tras las inundaciones\" \/>\n<meta property=\"og:url\" content=\"https:\/\/patagoniambiental.com.ar\/info\/andacollo-descubren-un-tesoro-arqueologico-de-mas-de-3000-anos-tras-las-inundaciones\/\" \/>\n<meta property=\"og:site_name\" content=\"Patagonia Ambiental\" \/>\n<meta property=\"article:publisher\" content=\"https:\/\/www.facebook.com\/patagonia.ambiental\" \/>\n<meta property=\"article:author\" content=\"https:\/\/www.facebook.com\/share\/1C1V8Gv9BX\/?mibextid=qi2Omg\" \/>\n<meta property=\"article:published_time\" content=\"2023-06-30T10:00:00+00:00\" \/>\n<meta property=\"article:modified_time\" content=\"2024-08-16T19:42:12+00:00\" \/>\n<meta property=\"og:image\" content=\"https:\/\/patagoniambiental.com.ar\/info\/wp-content\/uploads\/2023\/07\/thumbnail_WEB-HALLAZGO-ARQUEOLOGICO-ANDACOLLO-29-1.jpg\" \/>\n\t<meta property=\"og:image:width\" content=\"1403\" \/>\n\t<meta property=\"og:image:height\" content=\"780\" \/>\n\t<meta property=\"og:image:type\" content=\"image\/jpeg\" \/>\n<meta name=\"author\" content=\"Patagonia Ambiental\" \/>\n<meta name=\"twitter:card\" content=\"summary_large_image\" \/>\n<meta name=\"twitter:creator\" content=\"@PatAmb\" \/>\n<meta name=\"twitter:site\" content=\"@PatAmb\" \/>\n<script type=\"application\/ld+json\" class=\"yoast-schema-graph\">{\"@context\":\"https:\\\/\\\/schema.org\",\"@graph\":[{\"@type\":\"Article\",\"@id\":\"https:\\\/\\\/patagoniambiental.com.ar\\\/info\\\/andacollo-descubren-un-tesoro-arqueologico-de-mas-de-3000-anos-tras-las-inundaciones\\\/#article\",\"isPartOf\":{\"@id\":\"https:\\\/\\\/patagoniambiental.com.ar\\\/info\\\/andacollo-descubren-un-tesoro-arqueologico-de-mas-de-3000-anos-tras-las-inundaciones\\\/\"},\"author\":{\"name\":\"Patagonia Ambiental\",\"@id\":\"https:\\\/\\\/patagoniambiental.com.ar\\\/info\\\/#\\\/schema\\\/person\\\/db12bff64bbcbf6a253710bf0ea37b5d\"},\"headline\":\"Descubren un tesoro arqueol\u00f3gico de m\u00e1s de 3000 a\u00f1os tras las inundaciones\",\"datePublished\":\"2023-06-30T10:00:00+00:00\",\"dateModified\":\"2024-08-16T19:42:12+00:00\",\"mainEntityOfPage\":{\"@id\":\"https:\\\/\\\/patagoniambiental.com.ar\\\/info\\\/andacollo-descubren-un-tesoro-arqueologico-de-mas-de-3000-anos-tras-las-inundaciones\\\/\"},\"wordCount\":827,\"commentCount\":0,\"publisher\":{\"@id\":\"https:\\\/\\\/patagoniambiental.com.ar\\\/info\\\/#organization\"},\"image\":{\"@id\":\"https:\\\/\\\/patagoniambiental.com.ar\\\/info\\\/andacollo-descubren-un-tesoro-arqueologico-de-mas-de-3000-anos-tras-las-inundaciones\\\/#primaryimage\"},\"thumbnailUrl\":\"https:\\\/\\\/patagoniambiental.com.ar\\\/info\\\/wp-content\\\/uploads\\\/2023\\\/07\\\/thumbnail_WEB-HALLAZGO-ARQUEOLOGICO-ANDACOLLO-29-1.jpg\",\"articleSection\":[\"Provinciales\"],\"inLanguage\":\"es\",\"potentialAction\":[{\"@type\":\"CommentAction\",\"name\":\"Comment\",\"target\":[\"https:\\\/\\\/patagoniambiental.com.ar\\\/info\\\/andacollo-descubren-un-tesoro-arqueologico-de-mas-de-3000-anos-tras-las-inundaciones\\\/#respond\"]}]},{\"@type\":\"WebPage\",\"@id\":\"https:\\\/\\\/patagoniambiental.com.ar\\\/info\\\/andacollo-descubren-un-tesoro-arqueologico-de-mas-de-3000-anos-tras-las-inundaciones\\\/\",\"url\":\"https:\\\/\\\/patagoniambiental.com.ar\\\/info\\\/andacollo-descubren-un-tesoro-arqueologico-de-mas-de-3000-anos-tras-las-inundaciones\\\/\",\"name\":\"Descubren un tesoro arqueol\u00f3gico de m\u00e1s de 3000 a\u00f1os tras las inundaciones\",\"isPartOf\":{\"@id\":\"https:\\\/\\\/patagoniambiental.com.ar\\\/info\\\/#website\"},\"primaryImageOfPage\":{\"@id\":\"https:\\\/\\\/patagoniambiental.com.ar\\\/info\\\/andacollo-descubren-un-tesoro-arqueologico-de-mas-de-3000-anos-tras-las-inundaciones\\\/#primaryimage\"},\"image\":{\"@id\":\"https:\\\/\\\/patagoniambiental.com.ar\\\/info\\\/andacollo-descubren-un-tesoro-arqueologico-de-mas-de-3000-anos-tras-las-inundaciones\\\/#primaryimage\"},\"thumbnailUrl\":\"https:\\\/\\\/patagoniambiental.com.ar\\\/info\\\/wp-content\\\/uploads\\\/2023\\\/07\\\/thumbnail_WEB-HALLAZGO-ARQUEOLOGICO-ANDACOLLO-29-1.jpg\",\"datePublished\":\"2023-06-30T10:00:00+00:00\",\"dateModified\":\"2024-08-16T19:42:12+00:00\",\"breadcrumb\":{\"@id\":\"https:\\\/\\\/patagoniambiental.com.ar\\\/info\\\/andacollo-descubren-un-tesoro-arqueologico-de-mas-de-3000-anos-tras-las-inundaciones\\\/#breadcrumb\"},\"inLanguage\":\"es\",\"potentialAction\":[{\"@type\":\"ReadAction\",\"target\":[\"https:\\\/\\\/patagoniambiental.com.ar\\\/info\\\/andacollo-descubren-un-tesoro-arqueologico-de-mas-de-3000-anos-tras-las-inundaciones\\\/\"]}]},{\"@type\":\"ImageObject\",\"inLanguage\":\"es\",\"@id\":\"https:\\\/\\\/patagoniambiental.com.ar\\\/info\\\/andacollo-descubren-un-tesoro-arqueologico-de-mas-de-3000-anos-tras-las-inundaciones\\\/#primaryimage\",\"url\":\"https:\\\/\\\/patagoniambiental.com.ar\\\/info\\\/wp-content\\\/uploads\\\/2023\\\/07\\\/thumbnail_WEB-HALLAZGO-ARQUEOLOGICO-ANDACOLLO-29-1.jpg\",\"contentUrl\":\"https:\\\/\\\/patagoniambiental.com.ar\\\/info\\\/wp-content\\\/uploads\\\/2023\\\/07\\\/thumbnail_WEB-HALLAZGO-ARQUEOLOGICO-ANDACOLLO-29-1.jpg\",\"width\":1079,\"height\":600},{\"@type\":\"BreadcrumbList\",\"@id\":\"https:\\\/\\\/patagoniambiental.com.ar\\\/info\\\/andacollo-descubren-un-tesoro-arqueologico-de-mas-de-3000-anos-tras-las-inundaciones\\\/#breadcrumb\",\"itemListElement\":[{\"@type\":\"ListItem\",\"position\":1,\"name\":\"Inicio\",\"item\":\"https:\\\/\\\/patagoniambiental.com.ar\\\/info\\\/\"},{\"@type\":\"ListItem\",\"position\":2,\"name\":\"Descubren un tesoro arqueol\u00f3gico de m\u00e1s de 3000 a\u00f1os tras las inundaciones\"}]},{\"@type\":\"WebSite\",\"@id\":\"https:\\\/\\\/patagoniambiental.com.ar\\\/info\\\/#website\",\"url\":\"https:\\\/\\\/patagoniambiental.com.ar\\\/info\\\/\",\"name\":\"Patagonia Ambiental\",\"description\":\"Monitoreo y an\u00e1lisis de la situaci\u00f3n geopol\u00edtica en el mundo y su implicancia en la Patagonia\",\"publisher\":{\"@id\":\"https:\\\/\\\/patagoniambiental.com.ar\\\/info\\\/#organization\"},\"potentialAction\":[{\"@type\":\"SearchAction\",\"target\":{\"@type\":\"EntryPoint\",\"urlTemplate\":\"https:\\\/\\\/patagoniambiental.com.ar\\\/info\\\/?s={search_term_string}\"},\"query-input\":{\"@type\":\"PropertyValueSpecification\",\"valueRequired\":true,\"valueName\":\"search_term_string\"}}],\"inLanguage\":\"es\"},{\"@type\":\"Organization\",\"@id\":\"https:\\\/\\\/patagoniambiental.com.ar\\\/info\\\/#organization\",\"name\":\"Patagonia Ambiental\",\"url\":\"https:\\\/\\\/patagoniambiental.com.ar\\\/info\\\/\",\"logo\":{\"@type\":\"ImageObject\",\"inLanguage\":\"es\",\"@id\":\"https:\\\/\\\/patagoniambiental.com.ar\\\/info\\\/#\\\/schema\\\/logo\\\/image\\\/\",\"url\":\"https:\\\/\\\/patagoniambiental.com.ar\\\/info\\\/wp-content\\\/uploads\\\/2025\\\/05\\\/LOGO-PATAGONIA-AMBIENTAL.png\",\"contentUrl\":\"https:\\\/\\\/patagoniambiental.com.ar\\\/info\\\/wp-content\\\/uploads\\\/2025\\\/05\\\/LOGO-PATAGONIA-AMBIENTAL.png\",\"width\":433,\"height\":250,\"caption\":\"Patagonia Ambiental\"},\"image\":{\"@id\":\"https:\\\/\\\/patagoniambiental.com.ar\\\/info\\\/#\\\/schema\\\/logo\\\/image\\\/\"},\"sameAs\":[\"https:\\\/\\\/www.facebook.com\\\/patagonia.ambiental\",\"https:\\\/\\\/x.com\\\/PatAmb\"]},{\"@type\":\"Person\",\"@id\":\"https:\\\/\\\/patagoniambiental.com.ar\\\/info\\\/#\\\/schema\\\/person\\\/db12bff64bbcbf6a253710bf0ea37b5d\",\"name\":\"Patagonia Ambiental\",\"description\":\"Andr\u00e9s Nievas T\u00e9cnico en manejo ambiental, consultor Ambiental y escritor para medios locales e internacionales sobre temas de geopolitica y medio ambiente.\",\"sameAs\":[\"http:\\\/\\\/www.patagoniambiental.com.ar\",\"https:\\\/\\\/www.facebook.com\\\/share\\\/1C1V8Gv9BX\\\/?mibextid=qi2Omg\",\"@patagoniambiental\",\"https:\\\/\\\/youtube.com\\\/@patagoniaambiental2023?si=BLt58t0wuXquxlYZ\"]}]}<\/script>\n<!-- \/ Yoast SEO Premium plugin. -->","yoast_head_json":{"title":"Descubren un tesoro arqueol\u00f3gico de m\u00e1s de 3000 a\u00f1os tras las inundaciones","robots":{"index":"index","follow":"follow","max-snippet":"max-snippet:-1","max-image-preview":"max-image-preview:large","max-video-preview":"max-video-preview:-1"},"canonical":"https:\/\/patagoniambiental.com.ar\/info\/andacollo-descubren-un-tesoro-arqueologico-de-mas-de-3000-anos-tras-las-inundaciones\/","og_locale":"es_ES","og_type":"article","og_title":"Descubren un tesoro arqueol\u00f3gico de m\u00e1s de 3000 a\u00f1os tras las inundaciones","og_url":"https:\/\/patagoniambiental.com.ar\/info\/andacollo-descubren-un-tesoro-arqueologico-de-mas-de-3000-anos-tras-las-inundaciones\/","og_site_name":"Patagonia Ambiental","article_publisher":"https:\/\/www.facebook.com\/patagonia.ambiental","article_author":"https:\/\/www.facebook.com\/share\/1C1V8Gv9BX\/?mibextid=qi2Omg","article_published_time":"2023-06-30T10:00:00+00:00","article_modified_time":"2024-08-16T19:42:12+00:00","og_image":[{"width":1403,"height":780,"url":"https:\/\/patagoniambiental.com.ar\/info\/wp-content\/uploads\/2023\/07\/thumbnail_WEB-HALLAZGO-ARQUEOLOGICO-ANDACOLLO-29-1.jpg","type":"image\/jpeg"}],"author":"Patagonia Ambiental","twitter_card":"summary_large_image","twitter_creator":"@PatAmb","twitter_site":"@PatAmb","schema":{"@context":"https:\/\/schema.org","@graph":[{"@type":"Article","@id":"https:\/\/patagoniambiental.com.ar\/info\/andacollo-descubren-un-tesoro-arqueologico-de-mas-de-3000-anos-tras-las-inundaciones\/#article","isPartOf":{"@id":"https:\/\/patagoniambiental.com.ar\/info\/andacollo-descubren-un-tesoro-arqueologico-de-mas-de-3000-anos-tras-las-inundaciones\/"},"author":{"name":"Patagonia Ambiental","@id":"https:\/\/patagoniambiental.com.ar\/info\/#\/schema\/person\/db12bff64bbcbf6a253710bf0ea37b5d"},"headline":"Descubren un tesoro arqueol\u00f3gico de m\u00e1s de 3000 a\u00f1os tras las inundaciones","datePublished":"2023-06-30T10:00:00+00:00","dateModified":"2024-08-16T19:42:12+00:00","mainEntityOfPage":{"@id":"https:\/\/patagoniambiental.com.ar\/info\/andacollo-descubren-un-tesoro-arqueologico-de-mas-de-3000-anos-tras-las-inundaciones\/"},"wordCount":827,"commentCount":0,"publisher":{"@id":"https:\/\/patagoniambiental.com.ar\/info\/#organization"},"image":{"@id":"https:\/\/patagoniambiental.com.ar\/info\/andacollo-descubren-un-tesoro-arqueologico-de-mas-de-3000-anos-tras-las-inundaciones\/#primaryimage"},"thumbnailUrl":"https:\/\/patagoniambiental.com.ar\/info\/wp-content\/uploads\/2023\/07\/thumbnail_WEB-HALLAZGO-ARQUEOLOGICO-ANDACOLLO-29-1.jpg","articleSection":["Provinciales"],"inLanguage":"es","potentialAction":[{"@type":"CommentAction","name":"Comment","target":["https:\/\/patagoniambiental.com.ar\/info\/andacollo-descubren-un-tesoro-arqueologico-de-mas-de-3000-anos-tras-las-inundaciones\/#respond"]}]},{"@type":"WebPage","@id":"https:\/\/patagoniambiental.com.ar\/info\/andacollo-descubren-un-tesoro-arqueologico-de-mas-de-3000-anos-tras-las-inundaciones\/","url":"https:\/\/patagoniambiental.com.ar\/info\/andacollo-descubren-un-tesoro-arqueologico-de-mas-de-3000-anos-tras-las-inundaciones\/","name":"Descubren un tesoro arqueol\u00f3gico de m\u00e1s de 3000 a\u00f1os tras las inundaciones","isPartOf":{"@id":"https:\/\/patagoniambiental.com.ar\/info\/#website"},"primaryImageOfPage":{"@id":"https:\/\/patagoniambiental.com.ar\/info\/andacollo-descubren-un-tesoro-arqueologico-de-mas-de-3000-anos-tras-las-inundaciones\/#primaryimage"},"image":{"@id":"https:\/\/patagoniambiental.com.ar\/info\/andacollo-descubren-un-tesoro-arqueologico-de-mas-de-3000-anos-tras-las-inundaciones\/#primaryimage"},"thumbnailUrl":"https:\/\/patagoniambiental.com.ar\/info\/wp-content\/uploads\/2023\/07\/thumbnail_WEB-HALLAZGO-ARQUEOLOGICO-ANDACOLLO-29-1.jpg","datePublished":"2023-06-30T10:00:00+00:00","dateModified":"2024-08-16T19:42:12+00:00","breadcrumb":{"@id":"https:\/\/patagoniambiental.com.ar\/info\/andacollo-descubren-un-tesoro-arqueologico-de-mas-de-3000-anos-tras-las-inundaciones\/#breadcrumb"},"inLanguage":"es","potentialAction":[{"@type":"ReadAction","target":["https:\/\/patagoniambiental.com.ar\/info\/andacollo-descubren-un-tesoro-arqueologico-de-mas-de-3000-anos-tras-las-inundaciones\/"]}]},{"@type":"ImageObject","inLanguage":"es","@id":"https:\/\/patagoniambiental.com.ar\/info\/andacollo-descubren-un-tesoro-arqueologico-de-mas-de-3000-anos-tras-las-inundaciones\/#primaryimage","url":"https:\/\/patagoniambiental.com.ar\/info\/wp-content\/uploads\/2023\/07\/thumbnail_WEB-HALLAZGO-ARQUEOLOGICO-ANDACOLLO-29-1.jpg","contentUrl":"https:\/\/patagoniambiental.com.ar\/info\/wp-content\/uploads\/2023\/07\/thumbnail_WEB-HALLAZGO-ARQUEOLOGICO-ANDACOLLO-29-1.jpg","width":1079,"height":600},{"@type":"BreadcrumbList","@id":"https:\/\/patagoniambiental.com.ar\/info\/andacollo-descubren-un-tesoro-arqueologico-de-mas-de-3000-anos-tras-las-inundaciones\/#breadcrumb","itemListElement":[{"@type":"ListItem","position":1,"name":"Inicio","item":"https:\/\/patagoniambiental.com.ar\/info\/"},{"@type":"ListItem","position":2,"name":"Descubren un tesoro arqueol\u00f3gico de m\u00e1s de 3000 a\u00f1os tras las inundaciones"}]},{"@type":"WebSite","@id":"https:\/\/patagoniambiental.com.ar\/info\/#website","url":"https:\/\/patagoniambiental.com.ar\/info\/","name":"Patagonia Ambiental","description":"Monitoreo y an\u00e1lisis de la situaci\u00f3n geopol\u00edtica en el mundo y su implicancia en la Patagonia","publisher":{"@id":"https:\/\/patagoniambiental.com.ar\/info\/#organization"},"potentialAction":[{"@type":"SearchAction","target":{"@type":"EntryPoint","urlTemplate":"https:\/\/patagoniambiental.com.ar\/info\/?s={search_term_string}"},"query-input":{"@type":"PropertyValueSpecification","valueRequired":true,"valueName":"search_term_string"}}],"inLanguage":"es"},{"@type":"Organization","@id":"https:\/\/patagoniambiental.com.ar\/info\/#organization","name":"Patagonia Ambiental","url":"https:\/\/patagoniambiental.com.ar\/info\/","logo":{"@type":"ImageObject","inLanguage":"es","@id":"https:\/\/patagoniambiental.com.ar\/info\/#\/schema\/logo\/image\/","url":"https:\/\/patagoniambiental.com.ar\/info\/wp-content\/uploads\/2025\/05\/LOGO-PATAGONIA-AMBIENTAL.png","contentUrl":"https:\/\/patagoniambiental.com.ar\/info\/wp-content\/uploads\/2025\/05\/LOGO-PATAGONIA-AMBIENTAL.png","width":433,"height":250,"caption":"Patagonia Ambiental"},"image":{"@id":"https:\/\/patagoniambiental.com.ar\/info\/#\/schema\/logo\/image\/"},"sameAs":["https:\/\/www.facebook.com\/patagonia.ambiental","https:\/\/x.com\/PatAmb"]},{"@type":"Person","@id":"https:\/\/patagoniambiental.com.ar\/info\/#\/schema\/person\/db12bff64bbcbf6a253710bf0ea37b5d","name":"Patagonia Ambiental","description":"Andr\u00e9s Nievas T\u00e9cnico en manejo ambiental, consultor Ambiental y escritor para medios locales e internacionales sobre temas de geopolitica y medio ambiente.","sameAs":["http:\/\/www.patagoniambiental.com.ar","https:\/\/www.facebook.com\/share\/1C1V8Gv9BX\/?mibextid=qi2Omg","@patagoniambiental","https:\/\/youtube.com\/@patagoniaambiental2023?si=BLt58t0wuXquxlYZ"]}]}},"_links":{"self":[{"href":"https:\/\/patagoniambiental.com.ar\/info\/wp-json\/wp\/v2\/posts\/78533","targetHints":{"allow":["GET"]}}],"collection":[{"href":"https:\/\/patagoniambiental.com.ar\/info\/wp-json\/wp\/v2\/posts"}],"about":[{"href":"https:\/\/patagoniambiental.com.ar\/info\/wp-json\/wp\/v2\/types\/post"}],"author":[{"embeddable":true,"href":"https:\/\/patagoniambiental.com.ar\/info\/wp-json\/wp\/v2\/users\/2"}],"replies":[{"embeddable":true,"href":"https:\/\/patagoniambiental.com.ar\/info\/wp-json\/wp\/v2\/comments?post=78533"}],"version-history":[{"count":0,"href":"https:\/\/patagoniambiental.com.ar\/info\/wp-json\/wp\/v2\/posts\/78533\/revisions"}],"wp:featuredmedia":[{"embeddable":true,"href":"https:\/\/patagoniambiental.com.ar\/info\/wp-json\/wp\/v2\/media\/78534"}],"wp:attachment":[{"href":"https:\/\/patagoniambiental.com.ar\/info\/wp-json\/wp\/v2\/media?parent=78533"}],"wp:term":[{"taxonomy":"category","embeddable":true,"href":"https:\/\/patagoniambiental.com.ar\/info\/wp-json\/wp\/v2\/categories?post=78533"},{"taxonomy":"post_tag","embeddable":true,"href":"https:\/\/patagoniambiental.com.ar\/info\/wp-json\/wp\/v2\/tags?post=78533"}],"curies":[{"name":"wp","href":"https:\/\/api.w.org\/{rel}","templated":true}]}}