{"id":78541,"date":"2023-07-01T07:00:00","date_gmt":"2023-07-01T10:00:00","guid":{"rendered":"https:\/\/patagoniambiental.com.ar\/info\/?p=78541"},"modified":"2023-07-01T10:30:20","modified_gmt":"2023-07-01T13:30:20","slug":"avanza-el-proyecto-de-electrificacion-en-santo-tomas-piedra-del-aguila","status":"publish","type":"post","link":"https:\/\/patagoniambiental.com.ar\/info\/avanza-el-proyecto-de-electrificacion-en-santo-tomas-piedra-del-aguila\/","title":{"rendered":"Avanza el proyecto de electrificaci\u00f3n en Santo Tom\u00e1s-Piedra del \u00c1guila"},"content":{"rendered":"\n<!--more-->\n\n\n\n<p id=\"geom_inter_1688218097952_61_38\"><em>Tiene por objetivo dotar de energ\u00eda el\u00e9ctrica por red a las zonas rurales del sur provincial a fin de incrementar la productividad y la sostenibilidad ambiental y social.<\/em><\/p>\n\n\n\n<p id=\"geom_inter_1688218097952_54_40\">Avanzan las acciones del proyecto \u201cDesarrollo Agropecuario en \u00c1reas Rurales con Electrificaci\u00f3n: Santo Tom\u00e1s-Piedra del \u00c1guila\u201d. El objetivo es dotar de energ\u00eda el\u00e9ctrica por red a las zonas rurales del sur provincial, logrando que su uso contribuya a incrementar la productividad y la sostenibilidad ambiental y social.<\/p>\n\n\n\n<p id=\"geom_inter_1688218102959_19_43\">Al respecto se desarrollaron encuentros en Piedra del \u00c1guila y Santo Tom\u00e1s, con la participaci\u00f3n del intendente de Piedra del Aguila, Julio Hern\u00e1ndez, y el Presidente de la Comisi\u00f3n de Fomento de Santo Tom\u00e1s, V\u00edctor L\u00f3pez, miembros del ministerio de Producci\u00f3n e Industria, del EPEN y de la empresa contratista adjudicada, Rovella Carranza. El encuentro en Santo Tom\u00e1s, cont\u00f3 tambi\u00e9n con la presencia de la comisi\u00f3n directiva de la Comunidad mapuche Z\u00fa\u00f1iga.<\/p>\n\n\n\n<p>En tal sentido, y desde su inicio, se trabaj\u00f3 en el Programa de Pueblos Ind\u00edgenas (PPI), garantizando la informaci\u00f3n, participaci\u00f3n y acompa\u00f1amiento de las acciones relativas a las obras con las comunidades mapuche Ancatruz y Zu\u00f1iga, a trav\u00e9s de sus autoridades comunitarias.<\/p>\n\n\n\n<p>El proyecto, que cuenta con financiamiento de la CAF y en su ejecuci\u00f3n intervienen el ministerio de Producci\u00f3n e Industria y el EPEN, contempla la construcci\u00f3n de 218 kil\u00f3metros de l\u00edneas de media tensi\u00f3n en los departamentos de Coll\u00f3n Cur\u00e1 y Catan Lil, alcanzando a parajes rurales cercanos a Piedra del \u00c1guila y Santo Tom\u00e1s, as\u00ed como a las comunidades mapuche Ancatruz y Z\u00fa\u00f1iga, respectivamente.&nbsp;<\/p>\n\n\n\n<p id=\"geom_inter_1688218103953_49_45\">A la fecha, finaliz\u00f3 el acondicionamiento del obrador y se trabaja en la postaci\u00f3n (instalaci\u00f3n de postes) en los parajes Zaina Yegua y Yunc\u00f3n (comunidad Ancatruz). Asimismo, se encuentran pr\u00f3ximos a iniciarse los tramos correspondientes a la zona de Carrancura (vecina a Piedra del \u00c1guila) y de la zona rural de Santo Tom\u00e1s.<\/p>\n\n\n\n<p id=\"geom_inter_1688218103954_24_47\">Adem\u00e1s, a la par se trabaja con el componente social y g\u00e9nero. Se implementa un c\u00f3digo de conducta y de relacionamiento con perspectiva de g\u00e9nero con la poblaci\u00f3n local. Acompa\u00f1ando esta l\u00ednea, se coordin\u00f3 en conjunto entre el ministerio de Producci\u00f3n e Industria y la Subsecretar\u00eda provincial de las Mujeres, la realizaci\u00f3n de un ciclo de Talleres de Sensibilizaci\u00f3n, destinado a personal jer\u00e1rquico y al personal contratado para la realizaci\u00f3n de la obra.<\/p>\n\n\n\n<p>Los talleres fueron brindados por el equipo de Masculinidades de esa Subsecretar\u00eda. La actividad form\u00f3 parte del Plan de Acci\u00f3n de G\u00e9nero (PAG) y&nbsp; las pol\u00edticas del ente financiador de la obra.&nbsp;Como parte del PAG, se trabaja adem\u00e1s activamente en la visibilizaci\u00f3n del trabajo productivo de las mujeres rurales beneficiarias del proyecto, destacando el impacto de este tipo de obras en el desarrollo productivo de la regi\u00f3n.&nbsp;Como parte de dicho plan, se&nbsp;identificaron&nbsp;mujeres&nbsp;productoras de la Agrupaci\u00f3n Mapuche Ancatruz para el acompa\u00f1amiento de potenciales proyectos para su presentaci\u00f3n en el concurso que se realiza por el D\u00eda de la Mujer Rural que se celebra cada 15 de octubre.<\/p>\n\n\n\n<p id=\"geom_inter_1688218104960_57_51\">Por \u00faltimo, se trabaja activamente en fomentar y realizar el seguimiento a los puestos de trabajo generados por el proyecto en la zona, lo que ha permitido que casi el 40% de la plantilla sea local.<\/p>\n\n\n\n<p id=\"geom_inter_1688218104960_24_49\">\u00a0Fuente: Neuquen Informa <\/p>\n","protected":false},"excerpt":{"rendered":"","protected":false},"author":2,"featured_media":78542,"comment_status":"open","ping_status":"open","sticky":false,"template":"","format":"standard","meta":{"site-sidebar-layout":"default","site-content-layout":"","ast-site-content-layout":"default","site-content-style":"default","site-sidebar-style":"default","ast-global-header-display":"","ast-banner-title-visibility":"","ast-main-header-display":"","ast-hfb-above-header-display":"","ast-hfb-below-header-display":"","ast-hfb-mobile-header-display":"","site-post-title":"","ast-breadcrumbs-content":"","ast-featured-img":"","footer-sml-layout":"","ast-disable-related-posts":"","theme-transparent-header-meta":"","adv-header-id-meta":"","stick-header-meta":"","header-above-stick-meta":"","header-main-stick-meta":"","header-below-stick-meta":"","astra-migrate-meta-layouts":"default","ast-page-background-enabled":"default","ast-page-background-meta":{"desktop":{"background-color":"var(--ast-global-color-5)","background-image":"","background-repeat":"repeat","background-position":"center center","background-size":"auto","background-attachment":"scroll","background-type":"","background-media":"","overlay-type":"","overlay-color":"","overlay-opacity":"","overlay-gradient":""},"tablet":{"background-color":"","background-image":"","background-repeat":"repeat","background-position":"center center","background-size":"auto","background-attachment":"scroll","background-type":"","background-media":"","overlay-type":"","overlay-color":"","overlay-opacity":"","overlay-gradient":""},"mobile":{"background-color":"","background-image":"","background-repeat":"repeat","background-position":"center center","background-size":"auto","background-attachment":"scroll","background-type":"","background-media":"","overlay-type":"","overlay-color":"","overlay-opacity":"","overlay-gradient":""}},"ast-content-background-meta":{"desktop":{"background-color":"var(--ast-global-color-4)","background-image":"","background-repeat":"repeat","background-position":"center center","background-size":"auto","background-attachment":"scroll","background-type":"","background-media":"","overlay-type":"","overlay-color":"","overlay-opacity":"","overlay-gradient":""},"tablet":{"background-color":"var(--ast-global-color-4)","background-image":"","background-repeat":"repeat","background-position":"center center","background-size":"auto","background-attachment":"scroll","background-type":"","background-media":"","overlay-type":"","overlay-color":"","overlay-opacity":"","overlay-gradient":""},"mobile":{"background-color":"var(--ast-global-color-4)","background-image":"","background-repeat":"repeat","background-position":"center center","background-size":"auto","background-attachment":"scroll","background-type":"","background-media":"","overlay-type":"","overlay-color":"","overlay-opacity":"","overlay-gradient":""}},"footnotes":""},"categories":[13],"tags":[],"class_list":["post-78541","post","type-post","status-publish","format-standard","has-post-thumbnail","hentry","category-provinciales"],"yoast_head":"<!-- This site is optimized with the Yoast SEO Premium plugin v23.0 (Yoast SEO v27.4) - https:\/\/yoast.com\/product\/yoast-seo-premium-wordpress\/ -->\n<title>Avanza el proyecto de electrificaci\u00f3n en Santo Tom\u00e1s-Piedra del \u00c1guila<\/title>\n<meta name=\"robots\" content=\"index, follow, max-snippet:-1, max-image-preview:large, max-video-preview:-1\" \/>\n<link rel=\"canonical\" href=\"https:\/\/patagoniambiental.com.ar\/info\/avanza-el-proyecto-de-electrificacion-en-santo-tomas-piedra-del-aguila\/\" \/>\n<meta property=\"og:locale\" content=\"es_ES\" \/>\n<meta property=\"og:type\" content=\"article\" \/>\n<meta property=\"og:title\" content=\"Avanza el proyecto de electrificaci\u00f3n en Santo Tom\u00e1s-Piedra del \u00c1guila\" \/>\n<meta property=\"og:url\" content=\"https:\/\/patagoniambiental.com.ar\/info\/avanza-el-proyecto-de-electrificacion-en-santo-tomas-piedra-del-aguila\/\" \/>\n<meta property=\"og:site_name\" content=\"Patagonia Ambiental\" \/>\n<meta property=\"article:publisher\" content=\"https:\/\/www.facebook.com\/patagonia.ambiental\" \/>\n<meta property=\"article:author\" content=\"https:\/\/www.facebook.com\/share\/1C1V8Gv9BX\/?mibextid=qi2Omg\" \/>\n<meta property=\"article:published_time\" content=\"2023-07-01T10:00:00+00:00\" \/>\n<meta property=\"article:modified_time\" content=\"2023-07-01T13:30:20+00:00\" \/>\n<meta property=\"og:image\" content=\"https:\/\/patagoniambiental.com.ar\/info\/wp-content\/uploads\/2023\/07\/thumbnail_web-Electrificacion-Santo-Tomas-Piedra-del-Aguila-1.jpg\" \/>\n\t<meta property=\"og:image:width\" content=\"1403\" \/>\n\t<meta property=\"og:image:height\" content=\"693\" \/>\n\t<meta property=\"og:image:type\" content=\"image\/jpeg\" \/>\n<meta name=\"author\" content=\"Patagonia Ambiental\" \/>\n<meta name=\"twitter:card\" content=\"summary_large_image\" \/>\n<meta name=\"twitter:creator\" content=\"@PatAmb\" \/>\n<meta name=\"twitter:site\" content=\"@PatAmb\" \/>\n<script type=\"application\/ld+json\" class=\"yoast-schema-graph\">{\"@context\":\"https:\\\/\\\/schema.org\",\"@graph\":[{\"@type\":\"Article\",\"@id\":\"https:\\\/\\\/patagoniambiental.com.ar\\\/info\\\/avanza-el-proyecto-de-electrificacion-en-santo-tomas-piedra-del-aguila\\\/#article\",\"isPartOf\":{\"@id\":\"https:\\\/\\\/patagoniambiental.com.ar\\\/info\\\/avanza-el-proyecto-de-electrificacion-en-santo-tomas-piedra-del-aguila\\\/\"},\"author\":{\"name\":\"Patagonia Ambiental\",\"@id\":\"https:\\\/\\\/patagoniambiental.com.ar\\\/info\\\/#\\\/schema\\\/person\\\/db12bff64bbcbf6a253710bf0ea37b5d\"},\"headline\":\"Avanza el proyecto de electrificaci\u00f3n en Santo Tom\u00e1s-Piedra del \u00c1guila\",\"datePublished\":\"2023-07-01T10:00:00+00:00\",\"dateModified\":\"2023-07-01T13:30:20+00:00\",\"mainEntityOfPage\":{\"@id\":\"https:\\\/\\\/patagoniambiental.com.ar\\\/info\\\/avanza-el-proyecto-de-electrificacion-en-santo-tomas-piedra-del-aguila\\\/\"},\"wordCount\":608,\"commentCount\":0,\"publisher\":{\"@id\":\"https:\\\/\\\/patagoniambiental.com.ar\\\/info\\\/#organization\"},\"image\":{\"@id\":\"https:\\\/\\\/patagoniambiental.com.ar\\\/info\\\/avanza-el-proyecto-de-electrificacion-en-santo-tomas-piedra-del-aguila\\\/#primaryimage\"},\"thumbnailUrl\":\"https:\\\/\\\/patagoniambiental.com.ar\\\/info\\\/wp-content\\\/uploads\\\/2023\\\/07\\\/thumbnail_web-Electrificacion-Santo-Tomas-Piedra-del-Aguila-1.jpg\",\"articleSection\":[\"Provinciales\"],\"inLanguage\":\"es\",\"potentialAction\":[{\"@type\":\"CommentAction\",\"name\":\"Comment\",\"target\":[\"https:\\\/\\\/patagoniambiental.com.ar\\\/info\\\/avanza-el-proyecto-de-electrificacion-en-santo-tomas-piedra-del-aguila\\\/#respond\"]}]},{\"@type\":\"WebPage\",\"@id\":\"https:\\\/\\\/patagoniambiental.com.ar\\\/info\\\/avanza-el-proyecto-de-electrificacion-en-santo-tomas-piedra-del-aguila\\\/\",\"url\":\"https:\\\/\\\/patagoniambiental.com.ar\\\/info\\\/avanza-el-proyecto-de-electrificacion-en-santo-tomas-piedra-del-aguila\\\/\",\"name\":\"Avanza el proyecto de electrificaci\u00f3n en Santo Tom\u00e1s-Piedra del \u00c1guila\",\"isPartOf\":{\"@id\":\"https:\\\/\\\/patagoniambiental.com.ar\\\/info\\\/#website\"},\"primaryImageOfPage\":{\"@id\":\"https:\\\/\\\/patagoniambiental.com.ar\\\/info\\\/avanza-el-proyecto-de-electrificacion-en-santo-tomas-piedra-del-aguila\\\/#primaryimage\"},\"image\":{\"@id\":\"https:\\\/\\\/patagoniambiental.com.ar\\\/info\\\/avanza-el-proyecto-de-electrificacion-en-santo-tomas-piedra-del-aguila\\\/#primaryimage\"},\"thumbnailUrl\":\"https:\\\/\\\/patagoniambiental.com.ar\\\/info\\\/wp-content\\\/uploads\\\/2023\\\/07\\\/thumbnail_web-Electrificacion-Santo-Tomas-Piedra-del-Aguila-1.jpg\",\"datePublished\":\"2023-07-01T10:00:00+00:00\",\"dateModified\":\"2023-07-01T13:30:20+00:00\",\"breadcrumb\":{\"@id\":\"https:\\\/\\\/patagoniambiental.com.ar\\\/info\\\/avanza-el-proyecto-de-electrificacion-en-santo-tomas-piedra-del-aguila\\\/#breadcrumb\"},\"inLanguage\":\"es\",\"potentialAction\":[{\"@type\":\"ReadAction\",\"target\":[\"https:\\\/\\\/patagoniambiental.com.ar\\\/info\\\/avanza-el-proyecto-de-electrificacion-en-santo-tomas-piedra-del-aguila\\\/\"]}]},{\"@type\":\"ImageObject\",\"inLanguage\":\"es\",\"@id\":\"https:\\\/\\\/patagoniambiental.com.ar\\\/info\\\/avanza-el-proyecto-de-electrificacion-en-santo-tomas-piedra-del-aguila\\\/#primaryimage\",\"url\":\"https:\\\/\\\/patagoniambiental.com.ar\\\/info\\\/wp-content\\\/uploads\\\/2023\\\/07\\\/thumbnail_web-Electrificacion-Santo-Tomas-Piedra-del-Aguila-1.jpg\",\"contentUrl\":\"https:\\\/\\\/patagoniambiental.com.ar\\\/info\\\/wp-content\\\/uploads\\\/2023\\\/07\\\/thumbnail_web-Electrificacion-Santo-Tomas-Piedra-del-Aguila-1.jpg\",\"width\":1200,\"height\":593},{\"@type\":\"BreadcrumbList\",\"@id\":\"https:\\\/\\\/patagoniambiental.com.ar\\\/info\\\/avanza-el-proyecto-de-electrificacion-en-santo-tomas-piedra-del-aguila\\\/#breadcrumb\",\"itemListElement\":[{\"@type\":\"ListItem\",\"position\":1,\"name\":\"Inicio\",\"item\":\"https:\\\/\\\/patagoniambiental.com.ar\\\/info\\\/\"},{\"@type\":\"ListItem\",\"position\":2,\"name\":\"Avanza el proyecto de electrificaci\u00f3n en Santo Tom\u00e1s-Piedra del \u00c1guila\"}]},{\"@type\":\"WebSite\",\"@id\":\"https:\\\/\\\/patagoniambiental.com.ar\\\/info\\\/#website\",\"url\":\"https:\\\/\\\/patagoniambiental.com.ar\\\/info\\\/\",\"name\":\"Patagonia Ambiental\",\"description\":\"Monitoreo y an\u00e1lisis de la situaci\u00f3n geopol\u00edtica en el mundo y su implicancia en la Patagonia\",\"publisher\":{\"@id\":\"https:\\\/\\\/patagoniambiental.com.ar\\\/info\\\/#organization\"},\"potentialAction\":[{\"@type\":\"SearchAction\",\"target\":{\"@type\":\"EntryPoint\",\"urlTemplate\":\"https:\\\/\\\/patagoniambiental.com.ar\\\/info\\\/?s={search_term_string}\"},\"query-input\":{\"@type\":\"PropertyValueSpecification\",\"valueRequired\":true,\"valueName\":\"search_term_string\"}}],\"inLanguage\":\"es\"},{\"@type\":\"Organization\",\"@id\":\"https:\\\/\\\/patagoniambiental.com.ar\\\/info\\\/#organization\",\"name\":\"Patagonia Ambiental\",\"url\":\"https:\\\/\\\/patagoniambiental.com.ar\\\/info\\\/\",\"logo\":{\"@type\":\"ImageObject\",\"inLanguage\":\"es\",\"@id\":\"https:\\\/\\\/patagoniambiental.com.ar\\\/info\\\/#\\\/schema\\\/logo\\\/image\\\/\",\"url\":\"https:\\\/\\\/patagoniambiental.com.ar\\\/info\\\/wp-content\\\/uploads\\\/2025\\\/05\\\/LOGO-PATAGONIA-AMBIENTAL.png\",\"contentUrl\":\"https:\\\/\\\/patagoniambiental.com.ar\\\/info\\\/wp-content\\\/uploads\\\/2025\\\/05\\\/LOGO-PATAGONIA-AMBIENTAL.png\",\"width\":433,\"height\":250,\"caption\":\"Patagonia Ambiental\"},\"image\":{\"@id\":\"https:\\\/\\\/patagoniambiental.com.ar\\\/info\\\/#\\\/schema\\\/logo\\\/image\\\/\"},\"sameAs\":[\"https:\\\/\\\/www.facebook.com\\\/patagonia.ambiental\",\"https:\\\/\\\/x.com\\\/PatAmb\"]},{\"@type\":\"Person\",\"@id\":\"https:\\\/\\\/patagoniambiental.com.ar\\\/info\\\/#\\\/schema\\\/person\\\/db12bff64bbcbf6a253710bf0ea37b5d\",\"name\":\"Patagonia Ambiental\",\"description\":\"Andr\u00e9s Nievas T\u00e9cnico en manejo ambiental, consultor Ambiental y escritor para medios locales e internacionales sobre temas de geopolitica y medio ambiente.\",\"sameAs\":[\"http:\\\/\\\/www.patagoniambiental.com.ar\",\"https:\\\/\\\/www.facebook.com\\\/share\\\/1C1V8Gv9BX\\\/?mibextid=qi2Omg\",\"@patagoniambiental\",\"https:\\\/\\\/youtube.com\\\/@patagoniaambiental2023?si=BLt58t0wuXquxlYZ\"]}]}<\/script>\n<!-- \/ Yoast SEO Premium plugin. -->","yoast_head_json":{"title":"Avanza el proyecto de electrificaci\u00f3n en Santo Tom\u00e1s-Piedra del \u00c1guila","robots":{"index":"index","follow":"follow","max-snippet":"max-snippet:-1","max-image-preview":"max-image-preview:large","max-video-preview":"max-video-preview:-1"},"canonical":"https:\/\/patagoniambiental.com.ar\/info\/avanza-el-proyecto-de-electrificacion-en-santo-tomas-piedra-del-aguila\/","og_locale":"es_ES","og_type":"article","og_title":"Avanza el proyecto de electrificaci\u00f3n en Santo Tom\u00e1s-Piedra del \u00c1guila","og_url":"https:\/\/patagoniambiental.com.ar\/info\/avanza-el-proyecto-de-electrificacion-en-santo-tomas-piedra-del-aguila\/","og_site_name":"Patagonia Ambiental","article_publisher":"https:\/\/www.facebook.com\/patagonia.ambiental","article_author":"https:\/\/www.facebook.com\/share\/1C1V8Gv9BX\/?mibextid=qi2Omg","article_published_time":"2023-07-01T10:00:00+00:00","article_modified_time":"2023-07-01T13:30:20+00:00","og_image":[{"width":1403,"height":693,"url":"https:\/\/patagoniambiental.com.ar\/info\/wp-content\/uploads\/2023\/07\/thumbnail_web-Electrificacion-Santo-Tomas-Piedra-del-Aguila-1.jpg","type":"image\/jpeg"}],"author":"Patagonia Ambiental","twitter_card":"summary_large_image","twitter_creator":"@PatAmb","twitter_site":"@PatAmb","schema":{"@context":"https:\/\/schema.org","@graph":[{"@type":"Article","@id":"https:\/\/patagoniambiental.com.ar\/info\/avanza-el-proyecto-de-electrificacion-en-santo-tomas-piedra-del-aguila\/#article","isPartOf":{"@id":"https:\/\/patagoniambiental.com.ar\/info\/avanza-el-proyecto-de-electrificacion-en-santo-tomas-piedra-del-aguila\/"},"author":{"name":"Patagonia Ambiental","@id":"https:\/\/patagoniambiental.com.ar\/info\/#\/schema\/person\/db12bff64bbcbf6a253710bf0ea37b5d"},"headline":"Avanza el proyecto de electrificaci\u00f3n en Santo Tom\u00e1s-Piedra del \u00c1guila","datePublished":"2023-07-01T10:00:00+00:00","dateModified":"2023-07-01T13:30:20+00:00","mainEntityOfPage":{"@id":"https:\/\/patagoniambiental.com.ar\/info\/avanza-el-proyecto-de-electrificacion-en-santo-tomas-piedra-del-aguila\/"},"wordCount":608,"commentCount":0,"publisher":{"@id":"https:\/\/patagoniambiental.com.ar\/info\/#organization"},"image":{"@id":"https:\/\/patagoniambiental.com.ar\/info\/avanza-el-proyecto-de-electrificacion-en-santo-tomas-piedra-del-aguila\/#primaryimage"},"thumbnailUrl":"https:\/\/patagoniambiental.com.ar\/info\/wp-content\/uploads\/2023\/07\/thumbnail_web-Electrificacion-Santo-Tomas-Piedra-del-Aguila-1.jpg","articleSection":["Provinciales"],"inLanguage":"es","potentialAction":[{"@type":"CommentAction","name":"Comment","target":["https:\/\/patagoniambiental.com.ar\/info\/avanza-el-proyecto-de-electrificacion-en-santo-tomas-piedra-del-aguila\/#respond"]}]},{"@type":"WebPage","@id":"https:\/\/patagoniambiental.com.ar\/info\/avanza-el-proyecto-de-electrificacion-en-santo-tomas-piedra-del-aguila\/","url":"https:\/\/patagoniambiental.com.ar\/info\/avanza-el-proyecto-de-electrificacion-en-santo-tomas-piedra-del-aguila\/","name":"Avanza el proyecto de electrificaci\u00f3n en Santo Tom\u00e1s-Piedra del \u00c1guila","isPartOf":{"@id":"https:\/\/patagoniambiental.com.ar\/info\/#website"},"primaryImageOfPage":{"@id":"https:\/\/patagoniambiental.com.ar\/info\/avanza-el-proyecto-de-electrificacion-en-santo-tomas-piedra-del-aguila\/#primaryimage"},"image":{"@id":"https:\/\/patagoniambiental.com.ar\/info\/avanza-el-proyecto-de-electrificacion-en-santo-tomas-piedra-del-aguila\/#primaryimage"},"thumbnailUrl":"https:\/\/patagoniambiental.com.ar\/info\/wp-content\/uploads\/2023\/07\/thumbnail_web-Electrificacion-Santo-Tomas-Piedra-del-Aguila-1.jpg","datePublished":"2023-07-01T10:00:00+00:00","dateModified":"2023-07-01T13:30:20+00:00","breadcrumb":{"@id":"https:\/\/patagoniambiental.com.ar\/info\/avanza-el-proyecto-de-electrificacion-en-santo-tomas-piedra-del-aguila\/#breadcrumb"},"inLanguage":"es","potentialAction":[{"@type":"ReadAction","target":["https:\/\/patagoniambiental.com.ar\/info\/avanza-el-proyecto-de-electrificacion-en-santo-tomas-piedra-del-aguila\/"]}]},{"@type":"ImageObject","inLanguage":"es","@id":"https:\/\/patagoniambiental.com.ar\/info\/avanza-el-proyecto-de-electrificacion-en-santo-tomas-piedra-del-aguila\/#primaryimage","url":"https:\/\/patagoniambiental.com.ar\/info\/wp-content\/uploads\/2023\/07\/thumbnail_web-Electrificacion-Santo-Tomas-Piedra-del-Aguila-1.jpg","contentUrl":"https:\/\/patagoniambiental.com.ar\/info\/wp-content\/uploads\/2023\/07\/thumbnail_web-Electrificacion-Santo-Tomas-Piedra-del-Aguila-1.jpg","width":1200,"height":593},{"@type":"BreadcrumbList","@id":"https:\/\/patagoniambiental.com.ar\/info\/avanza-el-proyecto-de-electrificacion-en-santo-tomas-piedra-del-aguila\/#breadcrumb","itemListElement":[{"@type":"ListItem","position":1,"name":"Inicio","item":"https:\/\/patagoniambiental.com.ar\/info\/"},{"@type":"ListItem","position":2,"name":"Avanza el proyecto de electrificaci\u00f3n en Santo Tom\u00e1s-Piedra del \u00c1guila"}]},{"@type":"WebSite","@id":"https:\/\/patagoniambiental.com.ar\/info\/#website","url":"https:\/\/patagoniambiental.com.ar\/info\/","name":"Patagonia Ambiental","description":"Monitoreo y an\u00e1lisis de la situaci\u00f3n geopol\u00edtica en el mundo y su implicancia en la Patagonia","publisher":{"@id":"https:\/\/patagoniambiental.com.ar\/info\/#organization"},"potentialAction":[{"@type":"SearchAction","target":{"@type":"EntryPoint","urlTemplate":"https:\/\/patagoniambiental.com.ar\/info\/?s={search_term_string}"},"query-input":{"@type":"PropertyValueSpecification","valueRequired":true,"valueName":"search_term_string"}}],"inLanguage":"es"},{"@type":"Organization","@id":"https:\/\/patagoniambiental.com.ar\/info\/#organization","name":"Patagonia Ambiental","url":"https:\/\/patagoniambiental.com.ar\/info\/","logo":{"@type":"ImageObject","inLanguage":"es","@id":"https:\/\/patagoniambiental.com.ar\/info\/#\/schema\/logo\/image\/","url":"https:\/\/patagoniambiental.com.ar\/info\/wp-content\/uploads\/2025\/05\/LOGO-PATAGONIA-AMBIENTAL.png","contentUrl":"https:\/\/patagoniambiental.com.ar\/info\/wp-content\/uploads\/2025\/05\/LOGO-PATAGONIA-AMBIENTAL.png","width":433,"height":250,"caption":"Patagonia Ambiental"},"image":{"@id":"https:\/\/patagoniambiental.com.ar\/info\/#\/schema\/logo\/image\/"},"sameAs":["https:\/\/www.facebook.com\/patagonia.ambiental","https:\/\/x.com\/PatAmb"]},{"@type":"Person","@id":"https:\/\/patagoniambiental.com.ar\/info\/#\/schema\/person\/db12bff64bbcbf6a253710bf0ea37b5d","name":"Patagonia Ambiental","description":"Andr\u00e9s Nievas T\u00e9cnico en manejo ambiental, consultor Ambiental y escritor para medios locales e internacionales sobre temas de geopolitica y medio ambiente.","sameAs":["http:\/\/www.patagoniambiental.com.ar","https:\/\/www.facebook.com\/share\/1C1V8Gv9BX\/?mibextid=qi2Omg","@patagoniambiental","https:\/\/youtube.com\/@patagoniaambiental2023?si=BLt58t0wuXquxlYZ"]}]}},"_links":{"self":[{"href":"https:\/\/patagoniambiental.com.ar\/info\/wp-json\/wp\/v2\/posts\/78541","targetHints":{"allow":["GET"]}}],"collection":[{"href":"https:\/\/patagoniambiental.com.ar\/info\/wp-json\/wp\/v2\/posts"}],"about":[{"href":"https:\/\/patagoniambiental.com.ar\/info\/wp-json\/wp\/v2\/types\/post"}],"author":[{"embeddable":true,"href":"https:\/\/patagoniambiental.com.ar\/info\/wp-json\/wp\/v2\/users\/2"}],"replies":[{"embeddable":true,"href":"https:\/\/patagoniambiental.com.ar\/info\/wp-json\/wp\/v2\/comments?post=78541"}],"version-history":[{"count":0,"href":"https:\/\/patagoniambiental.com.ar\/info\/wp-json\/wp\/v2\/posts\/78541\/revisions"}],"wp:featuredmedia":[{"embeddable":true,"href":"https:\/\/patagoniambiental.com.ar\/info\/wp-json\/wp\/v2\/media\/78542"}],"wp:attachment":[{"href":"https:\/\/patagoniambiental.com.ar\/info\/wp-json\/wp\/v2\/media?parent=78541"}],"wp:term":[{"taxonomy":"category","embeddable":true,"href":"https:\/\/patagoniambiental.com.ar\/info\/wp-json\/wp\/v2\/categories?post=78541"},{"taxonomy":"post_tag","embeddable":true,"href":"https:\/\/patagoniambiental.com.ar\/info\/wp-json\/wp\/v2\/tags?post=78541"}],"curies":[{"name":"wp","href":"https:\/\/api.w.org\/{rel}","templated":true}]}}