{"id":78554,"date":"2023-07-03T07:00:00","date_gmt":"2023-07-03T10:00:00","guid":{"rendered":"https:\/\/patagoniambiental.com.ar\/info\/?p=78554"},"modified":"2024-08-16T16:36:39","modified_gmt":"2024-08-16T19:36:39","slug":"vaca-muerta-mantiene-la-senda-exportadora-ampliando-los-mercados","status":"publish","type":"post","link":"https:\/\/patagoniambiental.com.ar\/info\/vaca-muerta-mantiene-la-senda-exportadora-ampliando-los-mercados\/","title":{"rendered":"Vaca Muerta mantiene la senda exportadora ampliando los mercados"},"content":{"rendered":"\n<!--more-->\n\n\n\n<p><em>La reactivaci\u00f3n del Oleoducto Trasandino permiti\u00f3 incrementar los env\u00edos al exterior, que entre enero y mayo acumularon m\u00e1s de 11 millones de barriles. Las exportaciones de gas tambi\u00e9n contin\u00faan su sendero alcista.&nbsp;<\/em><\/p>\n\n\n\n<p>Seg\u00fan inform\u00f3 este lunes el gobernador Omar Guti\u00e9rrez, en los primeros cinco meses de 2023 se acumularon env\u00edos al exterior por 11,25 millones de barriles (23% de la producci\u00f3n total en el per\u00edodo), valuados en 790,7 millones de d\u00f3lares. Se destaca el protagonismo de la petrolera nacional YPF SA, que luego de 16 a\u00f1os volvi\u00f3 a exportar crudo neuquino hacia Chile, luego de la reactivaci\u00f3n del Oleoducto Trasandino.<\/p>\n\n\n\n<p>En tanto, durante mayo \u00faltimo se exportaron m\u00e1s de 2,19 millones de barriles de petr\u00f3leo desde la provincia, representando el 22 % de la producci\u00f3n provincial, por cerca de 145,2 millones de d\u00f3lares a un precio promedio que rond\u00f3 los 66 d\u00f3lares el barril.<\/p>\n\n\n\n<p>En esta oportunidad, la empresa nacional export\u00f3 a Chile un total de 203.840 barriles. Esa cifra se suma a los env\u00edos que hizo Shell y que alcanzaron, durante mayo, los 42.141 barriles.<\/p>\n\n\n\n<p>Las empresas que realizaron los mayores env\u00edos en mayo fueron la Compa\u00f1\u00eda de Hidrocarburos No Convencional (470 mil barriles), Vista Energy (395 mil barriles), Shell (366 mil barriles) YPF SA (203,8 mil barriles) y Tecpetrol (201 mil barriles).<\/p>\n\n\n\n<p>El gobernador Omar Guti\u00e9rrez destac\u00f3 las cifras y record\u00f3 que \u201ca partir del domingo 9 de julio se podr\u00e1n transportar 11 millones de metros c\u00fabicos de gas, lo que, por mayor producci\u00f3n, le permitir\u00e1 a la Provincia, hasta fin de a\u00f1o, incrementar los ingresos por regal\u00edas en unos 8.000 millones de pesos\u201d.<\/p>\n\n\n\n<p>El mandatario agreg\u00f3 que \u201cestamos expectante por las obras de reversi\u00f3n del gasoducto del norte del pa\u00eds, generando la posibilidad de exportar nuestro gas a Bolivia, Brasil, Paraguay y Uruguay, adem\u00e1s de llegar a los hogares argentinos que hoy no cuentan con provisi\u00f3n de gas natural\u201d.<\/p>\n\n\n\n<figure class=\"wp-block-image size-full\"><img fetchpriority=\"high\" decoding=\"async\" width=\"567\" height=\"347\" src=\"https:\/\/patagoniambiental.com.ar\/info\/wp-content\/uploads\/2023\/07\/image.png\" alt=\"\" class=\"wp-image-78556\"\/><\/figure>\n\n\n\n<figure class=\"wp-block-image size-full\"><img decoding=\"async\" width=\"567\" height=\"347\" src=\"https:\/\/patagoniambiental.com.ar\/info\/wp-content\/uploads\/2023\/07\/image.png\" alt=\"\" class=\"wp-image-78555\"\/><\/figure>\n\n\n\n<p>Por otro lado, las exportaciones de gas de la provincia alcanzaron los 148,86 millones de metros c\u00fabicos, aproximadamente 4,8 MMm<sup>3<\/sup>&nbsp;por d\u00eda, representando 6% de las ventas de gas provincial de dicho mes. El precio promedio de estos env\u00edos fue de 8 d\u00f3lares por mill\u00f3n de BTU, alcanzando un valor cercano a los 43,9 millones de d\u00f3lares.<\/p>\n\n\n\n<p>En el per\u00edodo enero-mayo se export\u00f3 el 9 por ciento del gas producido, por un valor de 295,9 millones de d\u00f3lares. Es decir que sumando la exportaci\u00f3n de petr\u00f3leo y gas de esos cinco meses, se generaron ingresos por 1.086,5 millones de d\u00f3lares.<\/p>\n\n\n\n<p>Las firmas que concentraron las exportaciones de gas en mayo fueron Tecpetrol (28,5%), PAMPA (20,6%), Total Energies (17%), PAE (15,9%), YPF (10,2%). Se puede concluir que los env\u00edos, tanto de crudo como de gas, representaron m\u00e1s de 189 millones de d\u00f3lares en ese mes.&nbsp;<\/p>\n\n\n\n<figure class=\"wp-block-image size-full\"><img decoding=\"async\" width=\"554\" height=\"288\" src=\"https:\/\/patagoniambiental.com.ar\/info\/wp-content\/uploads\/2023\/07\/image-1.png\" alt=\"\" class=\"wp-image-78557\"\/><\/figure>\n\n\n\n<p>Fuente: Neuquen Informa <\/p>\n","protected":false},"excerpt":{"rendered":"","protected":false},"author":2,"featured_media":78559,"comment_status":"open","ping_status":"open","sticky":false,"template":"","format":"standard","meta":{"site-sidebar-layout":"default","site-content-layout":"","ast-site-content-layout":"default","site-content-style":"default","site-sidebar-style":"default","ast-global-header-display":"","ast-banner-title-visibility":"","ast-main-header-display":"","ast-hfb-above-header-display":"","ast-hfb-below-header-display":"","ast-hfb-mobile-header-display":"","site-post-title":"","ast-breadcrumbs-content":"","ast-featured-img":"","footer-sml-layout":"","ast-disable-related-posts":"","theme-transparent-header-meta":"","adv-header-id-meta":"","stick-header-meta":"","header-above-stick-meta":"","header-main-stick-meta":"","header-below-stick-meta":"","astra-migrate-meta-layouts":"default","ast-page-background-enabled":"default","ast-page-background-meta":{"desktop":{"background-color":"var(--ast-global-color-5)","background-image":"","background-repeat":"repeat","background-position":"center center","background-size":"auto","background-attachment":"scroll","background-type":"","background-media":"","overlay-type":"","overlay-color":"","overlay-opacity":"","overlay-gradient":""},"tablet":{"background-color":"","background-image":"","background-repeat":"repeat","background-position":"center center","background-size":"auto","background-attachment":"scroll","background-type":"","background-media":"","overlay-type":"","overlay-color":"","overlay-opacity":"","overlay-gradient":""},"mobile":{"background-color":"","background-image":"","background-repeat":"repeat","background-position":"center center","background-size":"auto","background-attachment":"scroll","background-type":"","background-media":"","overlay-type":"","overlay-color":"","overlay-opacity":"","overlay-gradient":""}},"ast-content-background-meta":{"desktop":{"background-color":"var(--ast-global-color-4)","background-image":"","background-repeat":"repeat","background-position":"center center","background-size":"auto","background-attachment":"scroll","background-type":"","background-media":"","overlay-type":"","overlay-color":"","overlay-opacity":"","overlay-gradient":""},"tablet":{"background-color":"var(--ast-global-color-4)","background-image":"","background-repeat":"repeat","background-position":"center center","background-size":"auto","background-attachment":"scroll","background-type":"","background-media":"","overlay-type":"","overlay-color":"","overlay-opacity":"","overlay-gradient":""},"mobile":{"background-color":"var(--ast-global-color-4)","background-image":"","background-repeat":"repeat","background-position":"center center","background-size":"auto","background-attachment":"scroll","background-type":"","background-media":"","overlay-type":"","overlay-color":"","overlay-opacity":"","overlay-gradient":""}},"footnotes":""},"categories":[13],"tags":[],"class_list":["post-78554","post","type-post","status-publish","format-standard","has-post-thumbnail","hentry","category-provinciales"],"yoast_head":"<!-- This site is optimized with the Yoast SEO Premium plugin v23.0 (Yoast SEO v27.4) - https:\/\/yoast.com\/product\/yoast-seo-premium-wordpress\/ -->\n<title>Vaca Muerta mantiene la senda exportadora ampliando los mercados<\/title>\n<meta name=\"robots\" content=\"index, follow, max-snippet:-1, max-image-preview:large, max-video-preview:-1\" \/>\n<link rel=\"canonical\" href=\"https:\/\/patagoniambiental.com.ar\/info\/vaca-muerta-mantiene-la-senda-exportadora-ampliando-los-mercados\/\" \/>\n<meta property=\"og:locale\" content=\"es_ES\" \/>\n<meta property=\"og:type\" content=\"article\" \/>\n<meta property=\"og:title\" content=\"Vaca Muerta mantiene la senda exportadora ampliando los mercados\" \/>\n<meta property=\"og:url\" content=\"https:\/\/patagoniambiental.com.ar\/info\/vaca-muerta-mantiene-la-senda-exportadora-ampliando-los-mercados\/\" \/>\n<meta property=\"og:site_name\" content=\"Patagonia Ambiental\" \/>\n<meta property=\"article:publisher\" content=\"https:\/\/www.facebook.com\/patagonia.ambiental\" \/>\n<meta property=\"article:author\" content=\"https:\/\/www.facebook.com\/share\/1C1V8Gv9BX\/?mibextid=qi2Omg\" \/>\n<meta property=\"article:published_time\" content=\"2023-07-03T10:00:00+00:00\" \/>\n<meta property=\"article:modified_time\" content=\"2024-08-16T19:36:39+00:00\" \/>\n<meta property=\"og:image\" content=\"https:\/\/patagoniambiental.com.ar\/info\/wp-content\/uploads\/2023\/07\/thumbnail__08A7866_WEB.jpg\" \/>\n\t<meta property=\"og:image:width\" content=\"1403\" \/>\n\t<meta property=\"og:image:height\" content=\"693\" \/>\n\t<meta property=\"og:image:type\" content=\"image\/jpeg\" \/>\n<meta name=\"author\" content=\"Patagonia Ambiental\" \/>\n<meta name=\"twitter:card\" content=\"summary_large_image\" \/>\n<meta name=\"twitter:creator\" content=\"@PatAmb\" \/>\n<meta name=\"twitter:site\" content=\"@PatAmb\" \/>\n<script type=\"application\/ld+json\" class=\"yoast-schema-graph\">{\"@context\":\"https:\\\/\\\/schema.org\",\"@graph\":[{\"@type\":\"Article\",\"@id\":\"https:\\\/\\\/patagoniambiental.com.ar\\\/info\\\/vaca-muerta-mantiene-la-senda-exportadora-ampliando-los-mercados\\\/#article\",\"isPartOf\":{\"@id\":\"https:\\\/\\\/patagoniambiental.com.ar\\\/info\\\/vaca-muerta-mantiene-la-senda-exportadora-ampliando-los-mercados\\\/\"},\"author\":{\"name\":\"Patagonia Ambiental\",\"@id\":\"https:\\\/\\\/patagoniambiental.com.ar\\\/info\\\/#\\\/schema\\\/person\\\/db12bff64bbcbf6a253710bf0ea37b5d\"},\"headline\":\"Vaca Muerta mantiene la senda exportadora ampliando los mercados\",\"datePublished\":\"2023-07-03T10:00:00+00:00\",\"dateModified\":\"2024-08-16T19:36:39+00:00\",\"mainEntityOfPage\":{\"@id\":\"https:\\\/\\\/patagoniambiental.com.ar\\\/info\\\/vaca-muerta-mantiene-la-senda-exportadora-ampliando-los-mercados\\\/\"},\"wordCount\":481,\"commentCount\":0,\"publisher\":{\"@id\":\"https:\\\/\\\/patagoniambiental.com.ar\\\/info\\\/#organization\"},\"image\":{\"@id\":\"https:\\\/\\\/patagoniambiental.com.ar\\\/info\\\/vaca-muerta-mantiene-la-senda-exportadora-ampliando-los-mercados\\\/#primaryimage\"},\"thumbnailUrl\":\"https:\\\/\\\/patagoniambiental.com.ar\\\/info\\\/wp-content\\\/uploads\\\/2023\\\/07\\\/thumbnail__08A7866_WEB.jpg\",\"articleSection\":[\"Provinciales\"],\"inLanguage\":\"es\",\"potentialAction\":[{\"@type\":\"CommentAction\",\"name\":\"Comment\",\"target\":[\"https:\\\/\\\/patagoniambiental.com.ar\\\/info\\\/vaca-muerta-mantiene-la-senda-exportadora-ampliando-los-mercados\\\/#respond\"]}]},{\"@type\":\"WebPage\",\"@id\":\"https:\\\/\\\/patagoniambiental.com.ar\\\/info\\\/vaca-muerta-mantiene-la-senda-exportadora-ampliando-los-mercados\\\/\",\"url\":\"https:\\\/\\\/patagoniambiental.com.ar\\\/info\\\/vaca-muerta-mantiene-la-senda-exportadora-ampliando-los-mercados\\\/\",\"name\":\"Vaca Muerta mantiene la senda exportadora ampliando los mercados\",\"isPartOf\":{\"@id\":\"https:\\\/\\\/patagoniambiental.com.ar\\\/info\\\/#website\"},\"primaryImageOfPage\":{\"@id\":\"https:\\\/\\\/patagoniambiental.com.ar\\\/info\\\/vaca-muerta-mantiene-la-senda-exportadora-ampliando-los-mercados\\\/#primaryimage\"},\"image\":{\"@id\":\"https:\\\/\\\/patagoniambiental.com.ar\\\/info\\\/vaca-muerta-mantiene-la-senda-exportadora-ampliando-los-mercados\\\/#primaryimage\"},\"thumbnailUrl\":\"https:\\\/\\\/patagoniambiental.com.ar\\\/info\\\/wp-content\\\/uploads\\\/2023\\\/07\\\/thumbnail__08A7866_WEB.jpg\",\"datePublished\":\"2023-07-03T10:00:00+00:00\",\"dateModified\":\"2024-08-16T19:36:39+00:00\",\"breadcrumb\":{\"@id\":\"https:\\\/\\\/patagoniambiental.com.ar\\\/info\\\/vaca-muerta-mantiene-la-senda-exportadora-ampliando-los-mercados\\\/#breadcrumb\"},\"inLanguage\":\"es\",\"potentialAction\":[{\"@type\":\"ReadAction\",\"target\":[\"https:\\\/\\\/patagoniambiental.com.ar\\\/info\\\/vaca-muerta-mantiene-la-senda-exportadora-ampliando-los-mercados\\\/\"]}]},{\"@type\":\"ImageObject\",\"inLanguage\":\"es\",\"@id\":\"https:\\\/\\\/patagoniambiental.com.ar\\\/info\\\/vaca-muerta-mantiene-la-senda-exportadora-ampliando-los-mercados\\\/#primaryimage\",\"url\":\"https:\\\/\\\/patagoniambiental.com.ar\\\/info\\\/wp-content\\\/uploads\\\/2023\\\/07\\\/thumbnail__08A7866_WEB.jpg\",\"contentUrl\":\"https:\\\/\\\/patagoniambiental.com.ar\\\/info\\\/wp-content\\\/uploads\\\/2023\\\/07\\\/thumbnail__08A7866_WEB.jpg\",\"width\":1200,\"height\":593},{\"@type\":\"BreadcrumbList\",\"@id\":\"https:\\\/\\\/patagoniambiental.com.ar\\\/info\\\/vaca-muerta-mantiene-la-senda-exportadora-ampliando-los-mercados\\\/#breadcrumb\",\"itemListElement\":[{\"@type\":\"ListItem\",\"position\":1,\"name\":\"Inicio\",\"item\":\"https:\\\/\\\/patagoniambiental.com.ar\\\/info\\\/\"},{\"@type\":\"ListItem\",\"position\":2,\"name\":\"Vaca Muerta mantiene la senda exportadora ampliando los mercados\"}]},{\"@type\":\"WebSite\",\"@id\":\"https:\\\/\\\/patagoniambiental.com.ar\\\/info\\\/#website\",\"url\":\"https:\\\/\\\/patagoniambiental.com.ar\\\/info\\\/\",\"name\":\"Patagonia Ambiental\",\"description\":\"Monitoreo y an\u00e1lisis de la situaci\u00f3n geopol\u00edtica en el mundo y su implicancia en la Patagonia\",\"publisher\":{\"@id\":\"https:\\\/\\\/patagoniambiental.com.ar\\\/info\\\/#organization\"},\"potentialAction\":[{\"@type\":\"SearchAction\",\"target\":{\"@type\":\"EntryPoint\",\"urlTemplate\":\"https:\\\/\\\/patagoniambiental.com.ar\\\/info\\\/?s={search_term_string}\"},\"query-input\":{\"@type\":\"PropertyValueSpecification\",\"valueRequired\":true,\"valueName\":\"search_term_string\"}}],\"inLanguage\":\"es\"},{\"@type\":\"Organization\",\"@id\":\"https:\\\/\\\/patagoniambiental.com.ar\\\/info\\\/#organization\",\"name\":\"Patagonia Ambiental\",\"url\":\"https:\\\/\\\/patagoniambiental.com.ar\\\/info\\\/\",\"logo\":{\"@type\":\"ImageObject\",\"inLanguage\":\"es\",\"@id\":\"https:\\\/\\\/patagoniambiental.com.ar\\\/info\\\/#\\\/schema\\\/logo\\\/image\\\/\",\"url\":\"https:\\\/\\\/patagoniambiental.com.ar\\\/info\\\/wp-content\\\/uploads\\\/2025\\\/05\\\/LOGO-PATAGONIA-AMBIENTAL.png\",\"contentUrl\":\"https:\\\/\\\/patagoniambiental.com.ar\\\/info\\\/wp-content\\\/uploads\\\/2025\\\/05\\\/LOGO-PATAGONIA-AMBIENTAL.png\",\"width\":433,\"height\":250,\"caption\":\"Patagonia Ambiental\"},\"image\":{\"@id\":\"https:\\\/\\\/patagoniambiental.com.ar\\\/info\\\/#\\\/schema\\\/logo\\\/image\\\/\"},\"sameAs\":[\"https:\\\/\\\/www.facebook.com\\\/patagonia.ambiental\",\"https:\\\/\\\/x.com\\\/PatAmb\"]},{\"@type\":\"Person\",\"@id\":\"https:\\\/\\\/patagoniambiental.com.ar\\\/info\\\/#\\\/schema\\\/person\\\/db12bff64bbcbf6a253710bf0ea37b5d\",\"name\":\"Patagonia Ambiental\",\"description\":\"Andr\u00e9s Nievas T\u00e9cnico en manejo ambiental, consultor Ambiental y escritor para medios locales e internacionales sobre temas de geopolitica y medio ambiente.\",\"sameAs\":[\"http:\\\/\\\/www.patagoniambiental.com.ar\",\"https:\\\/\\\/www.facebook.com\\\/share\\\/1C1V8Gv9BX\\\/?mibextid=qi2Omg\",\"@patagoniambiental\",\"https:\\\/\\\/youtube.com\\\/@patagoniaambiental2023?si=BLt58t0wuXquxlYZ\"]}]}<\/script>\n<!-- \/ Yoast SEO Premium plugin. -->","yoast_head_json":{"title":"Vaca Muerta mantiene la senda exportadora ampliando los mercados","robots":{"index":"index","follow":"follow","max-snippet":"max-snippet:-1","max-image-preview":"max-image-preview:large","max-video-preview":"max-video-preview:-1"},"canonical":"https:\/\/patagoniambiental.com.ar\/info\/vaca-muerta-mantiene-la-senda-exportadora-ampliando-los-mercados\/","og_locale":"es_ES","og_type":"article","og_title":"Vaca Muerta mantiene la senda exportadora ampliando los mercados","og_url":"https:\/\/patagoniambiental.com.ar\/info\/vaca-muerta-mantiene-la-senda-exportadora-ampliando-los-mercados\/","og_site_name":"Patagonia Ambiental","article_publisher":"https:\/\/www.facebook.com\/patagonia.ambiental","article_author":"https:\/\/www.facebook.com\/share\/1C1V8Gv9BX\/?mibextid=qi2Omg","article_published_time":"2023-07-03T10:00:00+00:00","article_modified_time":"2024-08-16T19:36:39+00:00","og_image":[{"width":1403,"height":693,"url":"https:\/\/patagoniambiental.com.ar\/info\/wp-content\/uploads\/2023\/07\/thumbnail__08A7866_WEB.jpg","type":"image\/jpeg"}],"author":"Patagonia Ambiental","twitter_card":"summary_large_image","twitter_creator":"@PatAmb","twitter_site":"@PatAmb","schema":{"@context":"https:\/\/schema.org","@graph":[{"@type":"Article","@id":"https:\/\/patagoniambiental.com.ar\/info\/vaca-muerta-mantiene-la-senda-exportadora-ampliando-los-mercados\/#article","isPartOf":{"@id":"https:\/\/patagoniambiental.com.ar\/info\/vaca-muerta-mantiene-la-senda-exportadora-ampliando-los-mercados\/"},"author":{"name":"Patagonia Ambiental","@id":"https:\/\/patagoniambiental.com.ar\/info\/#\/schema\/person\/db12bff64bbcbf6a253710bf0ea37b5d"},"headline":"Vaca Muerta mantiene la senda exportadora ampliando los mercados","datePublished":"2023-07-03T10:00:00+00:00","dateModified":"2024-08-16T19:36:39+00:00","mainEntityOfPage":{"@id":"https:\/\/patagoniambiental.com.ar\/info\/vaca-muerta-mantiene-la-senda-exportadora-ampliando-los-mercados\/"},"wordCount":481,"commentCount":0,"publisher":{"@id":"https:\/\/patagoniambiental.com.ar\/info\/#organization"},"image":{"@id":"https:\/\/patagoniambiental.com.ar\/info\/vaca-muerta-mantiene-la-senda-exportadora-ampliando-los-mercados\/#primaryimage"},"thumbnailUrl":"https:\/\/patagoniambiental.com.ar\/info\/wp-content\/uploads\/2023\/07\/thumbnail__08A7866_WEB.jpg","articleSection":["Provinciales"],"inLanguage":"es","potentialAction":[{"@type":"CommentAction","name":"Comment","target":["https:\/\/patagoniambiental.com.ar\/info\/vaca-muerta-mantiene-la-senda-exportadora-ampliando-los-mercados\/#respond"]}]},{"@type":"WebPage","@id":"https:\/\/patagoniambiental.com.ar\/info\/vaca-muerta-mantiene-la-senda-exportadora-ampliando-los-mercados\/","url":"https:\/\/patagoniambiental.com.ar\/info\/vaca-muerta-mantiene-la-senda-exportadora-ampliando-los-mercados\/","name":"Vaca Muerta mantiene la senda exportadora ampliando los mercados","isPartOf":{"@id":"https:\/\/patagoniambiental.com.ar\/info\/#website"},"primaryImageOfPage":{"@id":"https:\/\/patagoniambiental.com.ar\/info\/vaca-muerta-mantiene-la-senda-exportadora-ampliando-los-mercados\/#primaryimage"},"image":{"@id":"https:\/\/patagoniambiental.com.ar\/info\/vaca-muerta-mantiene-la-senda-exportadora-ampliando-los-mercados\/#primaryimage"},"thumbnailUrl":"https:\/\/patagoniambiental.com.ar\/info\/wp-content\/uploads\/2023\/07\/thumbnail__08A7866_WEB.jpg","datePublished":"2023-07-03T10:00:00+00:00","dateModified":"2024-08-16T19:36:39+00:00","breadcrumb":{"@id":"https:\/\/patagoniambiental.com.ar\/info\/vaca-muerta-mantiene-la-senda-exportadora-ampliando-los-mercados\/#breadcrumb"},"inLanguage":"es","potentialAction":[{"@type":"ReadAction","target":["https:\/\/patagoniambiental.com.ar\/info\/vaca-muerta-mantiene-la-senda-exportadora-ampliando-los-mercados\/"]}]},{"@type":"ImageObject","inLanguage":"es","@id":"https:\/\/patagoniambiental.com.ar\/info\/vaca-muerta-mantiene-la-senda-exportadora-ampliando-los-mercados\/#primaryimage","url":"https:\/\/patagoniambiental.com.ar\/info\/wp-content\/uploads\/2023\/07\/thumbnail__08A7866_WEB.jpg","contentUrl":"https:\/\/patagoniambiental.com.ar\/info\/wp-content\/uploads\/2023\/07\/thumbnail__08A7866_WEB.jpg","width":1200,"height":593},{"@type":"BreadcrumbList","@id":"https:\/\/patagoniambiental.com.ar\/info\/vaca-muerta-mantiene-la-senda-exportadora-ampliando-los-mercados\/#breadcrumb","itemListElement":[{"@type":"ListItem","position":1,"name":"Inicio","item":"https:\/\/patagoniambiental.com.ar\/info\/"},{"@type":"ListItem","position":2,"name":"Vaca Muerta mantiene la senda exportadora ampliando los mercados"}]},{"@type":"WebSite","@id":"https:\/\/patagoniambiental.com.ar\/info\/#website","url":"https:\/\/patagoniambiental.com.ar\/info\/","name":"Patagonia Ambiental","description":"Monitoreo y an\u00e1lisis de la situaci\u00f3n geopol\u00edtica en el mundo y su implicancia en la Patagonia","publisher":{"@id":"https:\/\/patagoniambiental.com.ar\/info\/#organization"},"potentialAction":[{"@type":"SearchAction","target":{"@type":"EntryPoint","urlTemplate":"https:\/\/patagoniambiental.com.ar\/info\/?s={search_term_string}"},"query-input":{"@type":"PropertyValueSpecification","valueRequired":true,"valueName":"search_term_string"}}],"inLanguage":"es"},{"@type":"Organization","@id":"https:\/\/patagoniambiental.com.ar\/info\/#organization","name":"Patagonia Ambiental","url":"https:\/\/patagoniambiental.com.ar\/info\/","logo":{"@type":"ImageObject","inLanguage":"es","@id":"https:\/\/patagoniambiental.com.ar\/info\/#\/schema\/logo\/image\/","url":"https:\/\/patagoniambiental.com.ar\/info\/wp-content\/uploads\/2025\/05\/LOGO-PATAGONIA-AMBIENTAL.png","contentUrl":"https:\/\/patagoniambiental.com.ar\/info\/wp-content\/uploads\/2025\/05\/LOGO-PATAGONIA-AMBIENTAL.png","width":433,"height":250,"caption":"Patagonia Ambiental"},"image":{"@id":"https:\/\/patagoniambiental.com.ar\/info\/#\/schema\/logo\/image\/"},"sameAs":["https:\/\/www.facebook.com\/patagonia.ambiental","https:\/\/x.com\/PatAmb"]},{"@type":"Person","@id":"https:\/\/patagoniambiental.com.ar\/info\/#\/schema\/person\/db12bff64bbcbf6a253710bf0ea37b5d","name":"Patagonia Ambiental","description":"Andr\u00e9s Nievas T\u00e9cnico en manejo ambiental, consultor Ambiental y escritor para medios locales e internacionales sobre temas de geopolitica y medio ambiente.","sameAs":["http:\/\/www.patagoniambiental.com.ar","https:\/\/www.facebook.com\/share\/1C1V8Gv9BX\/?mibextid=qi2Omg","@patagoniambiental","https:\/\/youtube.com\/@patagoniaambiental2023?si=BLt58t0wuXquxlYZ"]}]}},"_links":{"self":[{"href":"https:\/\/patagoniambiental.com.ar\/info\/wp-json\/wp\/v2\/posts\/78554","targetHints":{"allow":["GET"]}}],"collection":[{"href":"https:\/\/patagoniambiental.com.ar\/info\/wp-json\/wp\/v2\/posts"}],"about":[{"href":"https:\/\/patagoniambiental.com.ar\/info\/wp-json\/wp\/v2\/types\/post"}],"author":[{"embeddable":true,"href":"https:\/\/patagoniambiental.com.ar\/info\/wp-json\/wp\/v2\/users\/2"}],"replies":[{"embeddable":true,"href":"https:\/\/patagoniambiental.com.ar\/info\/wp-json\/wp\/v2\/comments?post=78554"}],"version-history":[{"count":0,"href":"https:\/\/patagoniambiental.com.ar\/info\/wp-json\/wp\/v2\/posts\/78554\/revisions"}],"wp:featuredmedia":[{"embeddable":true,"href":"https:\/\/patagoniambiental.com.ar\/info\/wp-json\/wp\/v2\/media\/78559"}],"wp:attachment":[{"href":"https:\/\/patagoniambiental.com.ar\/info\/wp-json\/wp\/v2\/media?parent=78554"}],"wp:term":[{"taxonomy":"category","embeddable":true,"href":"https:\/\/patagoniambiental.com.ar\/info\/wp-json\/wp\/v2\/categories?post=78554"},{"taxonomy":"post_tag","embeddable":true,"href":"https:\/\/patagoniambiental.com.ar\/info\/wp-json\/wp\/v2\/tags?post=78554"}],"curies":[{"name":"wp","href":"https:\/\/api.w.org\/{rel}","templated":true}]}}