{"id":78561,"date":"2023-07-03T19:00:00","date_gmt":"2023-07-03T22:00:00","guid":{"rendered":"https:\/\/patagoniambiental.com.ar\/info\/?p=78561"},"modified":"2024-08-16T16:35:55","modified_gmt":"2024-08-16T19:35:55","slug":"trabajan-en-la-conservacion-de-especies-vegetales-del-bosque-nativo","status":"publish","type":"post","link":"https:\/\/patagoniambiental.com.ar\/info\/trabajan-en-la-conservacion-de-especies-vegetales-del-bosque-nativo\/","title":{"rendered":"Trabajan en la conservaci\u00f3n de especies vegetales del bosque nativo"},"content":{"rendered":"\n<!--more-->\n\n\n\n<p><em>Es por el Plan \u201cInstalaci\u00f3n y Puesta en Marcha del Banco de Germoplasma Vegetal para la Conservaci\u00f3n de los Bosques Nativos de la Provincia del Neuqu\u00e9n (BGVN)\u201d, que se financia a trav\u00e9s de los recursos disponibles de la ley de bosques nativos.<\/em><\/p>\n\n\n\n<p>Como parte del Plan \u201cInstalaci\u00f3n y Puesta en Marcha del Banco de Germoplasma Vegetal para la Conservaci\u00f3n de los Bosques Nativos de la Provincia del Neuqu\u00e9n (BGVN)\u201d, que se financia a trav\u00e9s de los recursos disponibles de la ley de bosques nativos, se propone lograr la conservaci\u00f3n de la variabilidad gen\u00e9tica de las especies vegetales que conforman el ecosistema del bosque nativo, cumpliendo un rol esencial en la conservaci\u00f3n de la flora y de los recursos fitogen\u00e9ticos de la Provincia del Neuqu\u00e9n.<\/p>\n\n\n\n<p>\u201cLa conservaci\u00f3n gen\u00e9tica de las especies que crecen en el bosque nativo se logra a trav\u00e9s de la implementaci\u00f3n de un sistema de almacenamiento a perpetuidad del germoplasma vegetal, entendiendo por germoplasma, a toda parte de un ser vivo que tiene la capacidad de generar un nuevo ser, siendo en este caso puntual, la semilla, el germoplasma a conservar\u201d, explic\u00f3 el Director de Bosque Nativo de la Subsecretar\u00eda de Producci\u00f3n, Mariano Catal\u00e1n.<\/p>\n\n\n\n<p>Ampli\u00f3 que \u201cpara la conservaci\u00f3n del material gen\u00e9tico de las especies del bosque andino patag\u00f3nico seleccionadas, se plante\u00f3 un tiempo de almacenamiento de aproximadamente 5 a\u00f1os, tiempo en el que las semillas, tras ser sometidas a ensayos de calidad y a procesos de reducci\u00f3n de su humedad interna, son almacenadas a bajas temperaturas (-18\u00b0 C; -20 \u00b0C)\u201d.<\/p>\n\n\n\n<p>El banco del almacenamiento se encuentra instalado en dependencias del Asentamiento Universitario de San Mart\u00edn de los Andes (AUSMA), perteneciente a la Universidad Nacional del Comahue, donde comparten espacio f\u00edsico con el Laboratorio de An\u00e1lisis de Calidad de Semillas acreditado, desde el a\u00f1o 2.010, por el Instituto Nacional de Semillas (INASE \u2013 l\/7680). \u201cDe esta manera garantizamos que los instrumentales y procedimientos para los ensayos necesarios para el an\u00e1lisis y determinaci\u00f3n de la calidad de las semillas recolectadas, se realiza siguiendo lo establecido por las normas ISTA(International Seed Teasting Association).<\/p>\n\n\n\n<p>A su vez, el plan contribuye directamente a los lineamientos estrat\u00e9gicos para la implementaci\u00f3n de la ley 2780. La ejecuci\u00f3n contempla la erogaci\u00f3n de fondos totales equivalentes a $7.273.821, ejecutados en dos etapas. La primera etapa 691.282 pesos y la segunda etapa 6.582.539 pesos.<\/p>\n\n\n\n<div style=\"height:100px\" aria-hidden=\"true\" class=\"wp-block-spacer\"><\/div>\n\n\n\n<h2 class=\"wp-block-heading\" id=\"h-actividades-desarrolladas\"><strong>Actividades desarrolladas<\/strong><\/h2>\n\n\n\n<p>Desde que se encuentra en funcionamiento el plan, se realizaron cosechas de semillas en diferentes \u00e1reas de la provincia. Las especies principales cosechadas fueron araucana (araucaria), Nothofagus nervosa (raul\u00ed), Nothofagus obliqua (roble pell\u00edn), Nothofagus pumilio (lenga), Nothofagus antartica (\u00f1ire), Nothofagus dombeyi (coihue), Austrocedruschilensis (cipr\u00e9s de la cordillera), Maytenusboaria (mait\u00e9n), Lomatiahirsuta (radal), Embotriumcoccineum (notro), Chacayetrinervis (chacay), Luma apiculata (array\u00e1n).<\/p>\n\n\n\n<p>Adem\u00e1s se realiz\u00f3 un convenio con los viveros provinciales para que se pueda conservar parte de la semilla que ellos mismos cosechan. De la misma manera tambi\u00e9n se trabaj\u00f3 con semillas aportadas por Corfone.<\/p>\n\n\n\n<p>La Subsecretar\u00eda de Producci\u00f3n, mediante su Direcci\u00f3n General de Recursos Forestales, utiliz\u00f3 el instrumental durante las campa\u00f1as de evaluaci\u00f3n de la productividad de la araucaria para la cosecha de semillas, su conteo y evaluaci\u00f3n posterior.<\/p>\n\n\n\n<p>El Banco de Germoplasma Vegetal forma parte de la Red Argentina de Bancos de Germoplasma de Plantas Nativas (Red ARGENA), entidad de car\u00e1cter civil que nuclea a las Universidades Nacionales p\u00fablicas y privadas, diferentes \u00f3rganos de gobierno, ONGs y personas naturales o jur\u00eddicas que poseen colecciones de germoplasma de especies vegetales nativas.<\/p>\n\n\n\n<p>La segunda etapa del plan contempla continuar con las actividades que se vienen desarrollando, entendiendo la importancia de poder mantener el banco de semillas vegetales como fuente de informaci\u00f3n gen\u00e9tica de diferentes zonas de la provincia, que pueden servir para restaurar \u00e1reas degradadas o que hayan sufrido un disturbio como incendios forestales, y preservar el material gen\u00e9tico de especies que hoy se hayan en peligro de extinci\u00f3n o en estado de vulnerabilidad.<\/p>\n\n\n\n<p>Fuente: Neuquen Informa <\/p>\n","protected":false},"excerpt":{"rendered":"","protected":false},"author":2,"featured_media":78562,"comment_status":"open","ping_status":"open","sticky":false,"template":"","format":"standard","meta":{"site-sidebar-layout":"default","site-content-layout":"","ast-site-content-layout":"default","site-content-style":"default","site-sidebar-style":"default","ast-global-header-display":"","ast-banner-title-visibility":"","ast-main-header-display":"","ast-hfb-above-header-display":"","ast-hfb-below-header-display":"","ast-hfb-mobile-header-display":"","site-post-title":"","ast-breadcrumbs-content":"","ast-featured-img":"","footer-sml-layout":"","ast-disable-related-posts":"","theme-transparent-header-meta":"","adv-header-id-meta":"","stick-header-meta":"","header-above-stick-meta":"","header-main-stick-meta":"","header-below-stick-meta":"","astra-migrate-meta-layouts":"default","ast-page-background-enabled":"default","ast-page-background-meta":{"desktop":{"background-color":"var(--ast-global-color-5)","background-image":"","background-repeat":"repeat","background-position":"center center","background-size":"auto","background-attachment":"scroll","background-type":"","background-media":"","overlay-type":"","overlay-color":"","overlay-opacity":"","overlay-gradient":""},"tablet":{"background-color":"","background-image":"","background-repeat":"repeat","background-position":"center center","background-size":"auto","background-attachment":"scroll","background-type":"","background-media":"","overlay-type":"","overlay-color":"","overlay-opacity":"","overlay-gradient":""},"mobile":{"background-color":"","background-image":"","background-repeat":"repeat","background-position":"center center","background-size":"auto","background-attachment":"scroll","background-type":"","background-media":"","overlay-type":"","overlay-color":"","overlay-opacity":"","overlay-gradient":""}},"ast-content-background-meta":{"desktop":{"background-color":"var(--ast-global-color-4)","background-image":"","background-repeat":"repeat","background-position":"center center","background-size":"auto","background-attachment":"scroll","background-type":"","background-media":"","overlay-type":"","overlay-color":"","overlay-opacity":"","overlay-gradient":""},"tablet":{"background-color":"var(--ast-global-color-4)","background-image":"","background-repeat":"repeat","background-position":"center center","background-size":"auto","background-attachment":"scroll","background-type":"","background-media":"","overlay-type":"","overlay-color":"","overlay-opacity":"","overlay-gradient":""},"mobile":{"background-color":"var(--ast-global-color-4)","background-image":"","background-repeat":"repeat","background-position":"center center","background-size":"auto","background-attachment":"scroll","background-type":"","background-media":"","overlay-type":"","overlay-color":"","overlay-opacity":"","overlay-gradient":""}},"footnotes":""},"categories":[13],"tags":[],"class_list":["post-78561","post","type-post","status-publish","format-standard","has-post-thumbnail","hentry","category-provinciales"],"yoast_head":"<!-- This site is optimized with the Yoast SEO Premium plugin v23.0 (Yoast SEO v27.4) - https:\/\/yoast.com\/product\/yoast-seo-premium-wordpress\/ -->\n<title>Trabajan en la conservaci\u00f3n de especies vegetales del bosque nativo<\/title>\n<meta name=\"robots\" content=\"index, follow, max-snippet:-1, max-image-preview:large, max-video-preview:-1\" \/>\n<link rel=\"canonical\" href=\"https:\/\/patagoniambiental.com.ar\/info\/trabajan-en-la-conservacion-de-especies-vegetales-del-bosque-nativo\/\" \/>\n<meta property=\"og:locale\" content=\"es_ES\" \/>\n<meta property=\"og:type\" content=\"article\" \/>\n<meta property=\"og:title\" content=\"Trabajan en la conservaci\u00f3n de especies vegetales del bosque nativo\" \/>\n<meta property=\"og:url\" content=\"https:\/\/patagoniambiental.com.ar\/info\/trabajan-en-la-conservacion-de-especies-vegetales-del-bosque-nativo\/\" \/>\n<meta property=\"og:site_name\" content=\"Patagonia Ambiental\" \/>\n<meta property=\"article:publisher\" content=\"https:\/\/www.facebook.com\/patagonia.ambiental\" \/>\n<meta property=\"article:author\" content=\"https:\/\/www.facebook.com\/share\/1C1V8Gv9BX\/?mibextid=qi2Omg\" \/>\n<meta property=\"article:published_time\" content=\"2023-07-03T22:00:00+00:00\" \/>\n<meta property=\"article:modified_time\" content=\"2024-08-16T19:35:55+00:00\" \/>\n<meta property=\"og:image\" content=\"https:\/\/patagoniambiental.com.ar\/info\/wp-content\/uploads\/2023\/07\/thumbnail_web-bosque-nativo-17.jpg\" \/>\n\t<meta property=\"og:image:width\" content=\"1403\" \/>\n\t<meta property=\"og:image:height\" content=\"693\" \/>\n\t<meta property=\"og:image:type\" content=\"image\/jpeg\" \/>\n<meta name=\"author\" content=\"Patagonia Ambiental\" \/>\n<meta name=\"twitter:card\" content=\"summary_large_image\" \/>\n<meta name=\"twitter:creator\" content=\"@PatAmb\" \/>\n<meta name=\"twitter:site\" content=\"@PatAmb\" \/>\n<script type=\"application\/ld+json\" class=\"yoast-schema-graph\">{\"@context\":\"https:\\\/\\\/schema.org\",\"@graph\":[{\"@type\":\"Article\",\"@id\":\"https:\\\/\\\/patagoniambiental.com.ar\\\/info\\\/trabajan-en-la-conservacion-de-especies-vegetales-del-bosque-nativo\\\/#article\",\"isPartOf\":{\"@id\":\"https:\\\/\\\/patagoniambiental.com.ar\\\/info\\\/trabajan-en-la-conservacion-de-especies-vegetales-del-bosque-nativo\\\/\"},\"author\":{\"name\":\"Patagonia Ambiental\",\"@id\":\"https:\\\/\\\/patagoniambiental.com.ar\\\/info\\\/#\\\/schema\\\/person\\\/db12bff64bbcbf6a253710bf0ea37b5d\"},\"headline\":\"Trabajan en la conservaci\u00f3n de especies vegetales del bosque nativo\",\"datePublished\":\"2023-07-03T22:00:00+00:00\",\"dateModified\":\"2024-08-16T19:35:55+00:00\",\"mainEntityOfPage\":{\"@id\":\"https:\\\/\\\/patagoniambiental.com.ar\\\/info\\\/trabajan-en-la-conservacion-de-especies-vegetales-del-bosque-nativo\\\/\"},\"wordCount\":702,\"commentCount\":0,\"publisher\":{\"@id\":\"https:\\\/\\\/patagoniambiental.com.ar\\\/info\\\/#organization\"},\"image\":{\"@id\":\"https:\\\/\\\/patagoniambiental.com.ar\\\/info\\\/trabajan-en-la-conservacion-de-especies-vegetales-del-bosque-nativo\\\/#primaryimage\"},\"thumbnailUrl\":\"https:\\\/\\\/patagoniambiental.com.ar\\\/info\\\/wp-content\\\/uploads\\\/2023\\\/07\\\/thumbnail_web-bosque-nativo-17.jpg\",\"articleSection\":[\"Provinciales\"],\"inLanguage\":\"es\",\"potentialAction\":[{\"@type\":\"CommentAction\",\"name\":\"Comment\",\"target\":[\"https:\\\/\\\/patagoniambiental.com.ar\\\/info\\\/trabajan-en-la-conservacion-de-especies-vegetales-del-bosque-nativo\\\/#respond\"]}]},{\"@type\":\"WebPage\",\"@id\":\"https:\\\/\\\/patagoniambiental.com.ar\\\/info\\\/trabajan-en-la-conservacion-de-especies-vegetales-del-bosque-nativo\\\/\",\"url\":\"https:\\\/\\\/patagoniambiental.com.ar\\\/info\\\/trabajan-en-la-conservacion-de-especies-vegetales-del-bosque-nativo\\\/\",\"name\":\"Trabajan en la conservaci\u00f3n de especies vegetales del bosque nativo\",\"isPartOf\":{\"@id\":\"https:\\\/\\\/patagoniambiental.com.ar\\\/info\\\/#website\"},\"primaryImageOfPage\":{\"@id\":\"https:\\\/\\\/patagoniambiental.com.ar\\\/info\\\/trabajan-en-la-conservacion-de-especies-vegetales-del-bosque-nativo\\\/#primaryimage\"},\"image\":{\"@id\":\"https:\\\/\\\/patagoniambiental.com.ar\\\/info\\\/trabajan-en-la-conservacion-de-especies-vegetales-del-bosque-nativo\\\/#primaryimage\"},\"thumbnailUrl\":\"https:\\\/\\\/patagoniambiental.com.ar\\\/info\\\/wp-content\\\/uploads\\\/2023\\\/07\\\/thumbnail_web-bosque-nativo-17.jpg\",\"datePublished\":\"2023-07-03T22:00:00+00:00\",\"dateModified\":\"2024-08-16T19:35:55+00:00\",\"breadcrumb\":{\"@id\":\"https:\\\/\\\/patagoniambiental.com.ar\\\/info\\\/trabajan-en-la-conservacion-de-especies-vegetales-del-bosque-nativo\\\/#breadcrumb\"},\"inLanguage\":\"es\",\"potentialAction\":[{\"@type\":\"ReadAction\",\"target\":[\"https:\\\/\\\/patagoniambiental.com.ar\\\/info\\\/trabajan-en-la-conservacion-de-especies-vegetales-del-bosque-nativo\\\/\"]}]},{\"@type\":\"ImageObject\",\"inLanguage\":\"es\",\"@id\":\"https:\\\/\\\/patagoniambiental.com.ar\\\/info\\\/trabajan-en-la-conservacion-de-especies-vegetales-del-bosque-nativo\\\/#primaryimage\",\"url\":\"https:\\\/\\\/patagoniambiental.com.ar\\\/info\\\/wp-content\\\/uploads\\\/2023\\\/07\\\/thumbnail_web-bosque-nativo-17.jpg\",\"contentUrl\":\"https:\\\/\\\/patagoniambiental.com.ar\\\/info\\\/wp-content\\\/uploads\\\/2023\\\/07\\\/thumbnail_web-bosque-nativo-17.jpg\",\"width\":1200,\"height\":593},{\"@type\":\"BreadcrumbList\",\"@id\":\"https:\\\/\\\/patagoniambiental.com.ar\\\/info\\\/trabajan-en-la-conservacion-de-especies-vegetales-del-bosque-nativo\\\/#breadcrumb\",\"itemListElement\":[{\"@type\":\"ListItem\",\"position\":1,\"name\":\"Inicio\",\"item\":\"https:\\\/\\\/patagoniambiental.com.ar\\\/info\\\/\"},{\"@type\":\"ListItem\",\"position\":2,\"name\":\"Trabajan en la conservaci\u00f3n de especies vegetales del bosque nativo\"}]},{\"@type\":\"WebSite\",\"@id\":\"https:\\\/\\\/patagoniambiental.com.ar\\\/info\\\/#website\",\"url\":\"https:\\\/\\\/patagoniambiental.com.ar\\\/info\\\/\",\"name\":\"Patagonia Ambiental\",\"description\":\"Monitoreo y an\u00e1lisis de la situaci\u00f3n geopol\u00edtica en el mundo y su implicancia en la Patagonia\",\"publisher\":{\"@id\":\"https:\\\/\\\/patagoniambiental.com.ar\\\/info\\\/#organization\"},\"potentialAction\":[{\"@type\":\"SearchAction\",\"target\":{\"@type\":\"EntryPoint\",\"urlTemplate\":\"https:\\\/\\\/patagoniambiental.com.ar\\\/info\\\/?s={search_term_string}\"},\"query-input\":{\"@type\":\"PropertyValueSpecification\",\"valueRequired\":true,\"valueName\":\"search_term_string\"}}],\"inLanguage\":\"es\"},{\"@type\":\"Organization\",\"@id\":\"https:\\\/\\\/patagoniambiental.com.ar\\\/info\\\/#organization\",\"name\":\"Patagonia Ambiental\",\"url\":\"https:\\\/\\\/patagoniambiental.com.ar\\\/info\\\/\",\"logo\":{\"@type\":\"ImageObject\",\"inLanguage\":\"es\",\"@id\":\"https:\\\/\\\/patagoniambiental.com.ar\\\/info\\\/#\\\/schema\\\/logo\\\/image\\\/\",\"url\":\"https:\\\/\\\/patagoniambiental.com.ar\\\/info\\\/wp-content\\\/uploads\\\/2025\\\/05\\\/LOGO-PATAGONIA-AMBIENTAL.png\",\"contentUrl\":\"https:\\\/\\\/patagoniambiental.com.ar\\\/info\\\/wp-content\\\/uploads\\\/2025\\\/05\\\/LOGO-PATAGONIA-AMBIENTAL.png\",\"width\":433,\"height\":250,\"caption\":\"Patagonia Ambiental\"},\"image\":{\"@id\":\"https:\\\/\\\/patagoniambiental.com.ar\\\/info\\\/#\\\/schema\\\/logo\\\/image\\\/\"},\"sameAs\":[\"https:\\\/\\\/www.facebook.com\\\/patagonia.ambiental\",\"https:\\\/\\\/x.com\\\/PatAmb\"]},{\"@type\":\"Person\",\"@id\":\"https:\\\/\\\/patagoniambiental.com.ar\\\/info\\\/#\\\/schema\\\/person\\\/db12bff64bbcbf6a253710bf0ea37b5d\",\"name\":\"Patagonia Ambiental\",\"description\":\"Andr\u00e9s Nievas T\u00e9cnico en manejo ambiental, consultor Ambiental y escritor para medios locales e internacionales sobre temas de geopolitica y medio ambiente.\",\"sameAs\":[\"http:\\\/\\\/www.patagoniambiental.com.ar\",\"https:\\\/\\\/www.facebook.com\\\/share\\\/1C1V8Gv9BX\\\/?mibextid=qi2Omg\",\"@patagoniambiental\",\"https:\\\/\\\/youtube.com\\\/@patagoniaambiental2023?si=BLt58t0wuXquxlYZ\"]}]}<\/script>\n<!-- \/ Yoast SEO Premium plugin. -->","yoast_head_json":{"title":"Trabajan en la conservaci\u00f3n de especies vegetales del bosque nativo","robots":{"index":"index","follow":"follow","max-snippet":"max-snippet:-1","max-image-preview":"max-image-preview:large","max-video-preview":"max-video-preview:-1"},"canonical":"https:\/\/patagoniambiental.com.ar\/info\/trabajan-en-la-conservacion-de-especies-vegetales-del-bosque-nativo\/","og_locale":"es_ES","og_type":"article","og_title":"Trabajan en la conservaci\u00f3n de especies vegetales del bosque nativo","og_url":"https:\/\/patagoniambiental.com.ar\/info\/trabajan-en-la-conservacion-de-especies-vegetales-del-bosque-nativo\/","og_site_name":"Patagonia Ambiental","article_publisher":"https:\/\/www.facebook.com\/patagonia.ambiental","article_author":"https:\/\/www.facebook.com\/share\/1C1V8Gv9BX\/?mibextid=qi2Omg","article_published_time":"2023-07-03T22:00:00+00:00","article_modified_time":"2024-08-16T19:35:55+00:00","og_image":[{"width":1403,"height":693,"url":"https:\/\/patagoniambiental.com.ar\/info\/wp-content\/uploads\/2023\/07\/thumbnail_web-bosque-nativo-17.jpg","type":"image\/jpeg"}],"author":"Patagonia Ambiental","twitter_card":"summary_large_image","twitter_creator":"@PatAmb","twitter_site":"@PatAmb","schema":{"@context":"https:\/\/schema.org","@graph":[{"@type":"Article","@id":"https:\/\/patagoniambiental.com.ar\/info\/trabajan-en-la-conservacion-de-especies-vegetales-del-bosque-nativo\/#article","isPartOf":{"@id":"https:\/\/patagoniambiental.com.ar\/info\/trabajan-en-la-conservacion-de-especies-vegetales-del-bosque-nativo\/"},"author":{"name":"Patagonia Ambiental","@id":"https:\/\/patagoniambiental.com.ar\/info\/#\/schema\/person\/db12bff64bbcbf6a253710bf0ea37b5d"},"headline":"Trabajan en la conservaci\u00f3n de especies vegetales del bosque nativo","datePublished":"2023-07-03T22:00:00+00:00","dateModified":"2024-08-16T19:35:55+00:00","mainEntityOfPage":{"@id":"https:\/\/patagoniambiental.com.ar\/info\/trabajan-en-la-conservacion-de-especies-vegetales-del-bosque-nativo\/"},"wordCount":702,"commentCount":0,"publisher":{"@id":"https:\/\/patagoniambiental.com.ar\/info\/#organization"},"image":{"@id":"https:\/\/patagoniambiental.com.ar\/info\/trabajan-en-la-conservacion-de-especies-vegetales-del-bosque-nativo\/#primaryimage"},"thumbnailUrl":"https:\/\/patagoniambiental.com.ar\/info\/wp-content\/uploads\/2023\/07\/thumbnail_web-bosque-nativo-17.jpg","articleSection":["Provinciales"],"inLanguage":"es","potentialAction":[{"@type":"CommentAction","name":"Comment","target":["https:\/\/patagoniambiental.com.ar\/info\/trabajan-en-la-conservacion-de-especies-vegetales-del-bosque-nativo\/#respond"]}]},{"@type":"WebPage","@id":"https:\/\/patagoniambiental.com.ar\/info\/trabajan-en-la-conservacion-de-especies-vegetales-del-bosque-nativo\/","url":"https:\/\/patagoniambiental.com.ar\/info\/trabajan-en-la-conservacion-de-especies-vegetales-del-bosque-nativo\/","name":"Trabajan en la conservaci\u00f3n de especies vegetales del bosque nativo","isPartOf":{"@id":"https:\/\/patagoniambiental.com.ar\/info\/#website"},"primaryImageOfPage":{"@id":"https:\/\/patagoniambiental.com.ar\/info\/trabajan-en-la-conservacion-de-especies-vegetales-del-bosque-nativo\/#primaryimage"},"image":{"@id":"https:\/\/patagoniambiental.com.ar\/info\/trabajan-en-la-conservacion-de-especies-vegetales-del-bosque-nativo\/#primaryimage"},"thumbnailUrl":"https:\/\/patagoniambiental.com.ar\/info\/wp-content\/uploads\/2023\/07\/thumbnail_web-bosque-nativo-17.jpg","datePublished":"2023-07-03T22:00:00+00:00","dateModified":"2024-08-16T19:35:55+00:00","breadcrumb":{"@id":"https:\/\/patagoniambiental.com.ar\/info\/trabajan-en-la-conservacion-de-especies-vegetales-del-bosque-nativo\/#breadcrumb"},"inLanguage":"es","potentialAction":[{"@type":"ReadAction","target":["https:\/\/patagoniambiental.com.ar\/info\/trabajan-en-la-conservacion-de-especies-vegetales-del-bosque-nativo\/"]}]},{"@type":"ImageObject","inLanguage":"es","@id":"https:\/\/patagoniambiental.com.ar\/info\/trabajan-en-la-conservacion-de-especies-vegetales-del-bosque-nativo\/#primaryimage","url":"https:\/\/patagoniambiental.com.ar\/info\/wp-content\/uploads\/2023\/07\/thumbnail_web-bosque-nativo-17.jpg","contentUrl":"https:\/\/patagoniambiental.com.ar\/info\/wp-content\/uploads\/2023\/07\/thumbnail_web-bosque-nativo-17.jpg","width":1200,"height":593},{"@type":"BreadcrumbList","@id":"https:\/\/patagoniambiental.com.ar\/info\/trabajan-en-la-conservacion-de-especies-vegetales-del-bosque-nativo\/#breadcrumb","itemListElement":[{"@type":"ListItem","position":1,"name":"Inicio","item":"https:\/\/patagoniambiental.com.ar\/info\/"},{"@type":"ListItem","position":2,"name":"Trabajan en la conservaci\u00f3n de especies vegetales del bosque nativo"}]},{"@type":"WebSite","@id":"https:\/\/patagoniambiental.com.ar\/info\/#website","url":"https:\/\/patagoniambiental.com.ar\/info\/","name":"Patagonia Ambiental","description":"Monitoreo y an\u00e1lisis de la situaci\u00f3n geopol\u00edtica en el mundo y su implicancia en la Patagonia","publisher":{"@id":"https:\/\/patagoniambiental.com.ar\/info\/#organization"},"potentialAction":[{"@type":"SearchAction","target":{"@type":"EntryPoint","urlTemplate":"https:\/\/patagoniambiental.com.ar\/info\/?s={search_term_string}"},"query-input":{"@type":"PropertyValueSpecification","valueRequired":true,"valueName":"search_term_string"}}],"inLanguage":"es"},{"@type":"Organization","@id":"https:\/\/patagoniambiental.com.ar\/info\/#organization","name":"Patagonia Ambiental","url":"https:\/\/patagoniambiental.com.ar\/info\/","logo":{"@type":"ImageObject","inLanguage":"es","@id":"https:\/\/patagoniambiental.com.ar\/info\/#\/schema\/logo\/image\/","url":"https:\/\/patagoniambiental.com.ar\/info\/wp-content\/uploads\/2025\/05\/LOGO-PATAGONIA-AMBIENTAL.png","contentUrl":"https:\/\/patagoniambiental.com.ar\/info\/wp-content\/uploads\/2025\/05\/LOGO-PATAGONIA-AMBIENTAL.png","width":433,"height":250,"caption":"Patagonia Ambiental"},"image":{"@id":"https:\/\/patagoniambiental.com.ar\/info\/#\/schema\/logo\/image\/"},"sameAs":["https:\/\/www.facebook.com\/patagonia.ambiental","https:\/\/x.com\/PatAmb"]},{"@type":"Person","@id":"https:\/\/patagoniambiental.com.ar\/info\/#\/schema\/person\/db12bff64bbcbf6a253710bf0ea37b5d","name":"Patagonia Ambiental","description":"Andr\u00e9s Nievas T\u00e9cnico en manejo ambiental, consultor Ambiental y escritor para medios locales e internacionales sobre temas de geopolitica y medio ambiente.","sameAs":["http:\/\/www.patagoniambiental.com.ar","https:\/\/www.facebook.com\/share\/1C1V8Gv9BX\/?mibextid=qi2Omg","@patagoniambiental","https:\/\/youtube.com\/@patagoniaambiental2023?si=BLt58t0wuXquxlYZ"]}]}},"_links":{"self":[{"href":"https:\/\/patagoniambiental.com.ar\/info\/wp-json\/wp\/v2\/posts\/78561","targetHints":{"allow":["GET"]}}],"collection":[{"href":"https:\/\/patagoniambiental.com.ar\/info\/wp-json\/wp\/v2\/posts"}],"about":[{"href":"https:\/\/patagoniambiental.com.ar\/info\/wp-json\/wp\/v2\/types\/post"}],"author":[{"embeddable":true,"href":"https:\/\/patagoniambiental.com.ar\/info\/wp-json\/wp\/v2\/users\/2"}],"replies":[{"embeddable":true,"href":"https:\/\/patagoniambiental.com.ar\/info\/wp-json\/wp\/v2\/comments?post=78561"}],"version-history":[{"count":0,"href":"https:\/\/patagoniambiental.com.ar\/info\/wp-json\/wp\/v2\/posts\/78561\/revisions"}],"wp:featuredmedia":[{"embeddable":true,"href":"https:\/\/patagoniambiental.com.ar\/info\/wp-json\/wp\/v2\/media\/78562"}],"wp:attachment":[{"href":"https:\/\/patagoniambiental.com.ar\/info\/wp-json\/wp\/v2\/media?parent=78561"}],"wp:term":[{"taxonomy":"category","embeddable":true,"href":"https:\/\/patagoniambiental.com.ar\/info\/wp-json\/wp\/v2\/categories?post=78561"},{"taxonomy":"post_tag","embeddable":true,"href":"https:\/\/patagoniambiental.com.ar\/info\/wp-json\/wp\/v2\/tags?post=78561"}],"curies":[{"name":"wp","href":"https:\/\/api.w.org\/{rel}","templated":true}]}}