{"id":78585,"date":"2023-07-06T07:00:00","date_gmt":"2023-07-06T10:00:00","guid":{"rendered":"https:\/\/patagoniambiental.com.ar\/info\/?p=78585"},"modified":"2024-08-16T16:27:38","modified_gmt":"2024-08-16T19:27:38","slug":"areas-naturales-protegidas-seran-santuarios-del-condor","status":"publish","type":"post","link":"https:\/\/patagoniambiental.com.ar\/info\/areas-naturales-protegidas-seran-santuarios-del-condor\/","title":{"rendered":"\u00c1reas Naturales Protegidas ser\u00e1n \u201cSantuarios del C\u00f3ndor\u201d"},"content":{"rendered":"\n<!--more-->\n\n\n\n<h3 class=\"wp-block-heading\" id=\"h-la-direccion-provincial-de-areas-naturales-protegidas-firmo-un-acuerdo-con-fundacion-bioandina-argentina-como-parte-del-programa-de-conservacion-condor-andino-de-argentina\">La direcci\u00f3n provincial de \u00c1reas Naturales Protegidas firm\u00f3 un acuerdo con Fundaci\u00f3n Bioandina Argentina, como parte del Programa de Conservaci\u00f3n C\u00f3ndor Andino de Argentina.<\/h3>\n\n\n\n<p><a href=\"https:\/\/www.facebook.com\/sharer\/sharer.php?u=https%3A%2F%2Fwww.neuquenalinstante.com.ar%2Fnoticias%2F2023%2F07%2F04%2F97825-areas-naturales-protegidas-seran-santuarios-del-condor\" target=\"_blank\" rel=\"noreferrer noopener\">&nbsp;<\/a><a href=\"https:\/\/twitter.com\/share?text=%C3%81reas%20Naturales%20Protegidas%20ser%C3%A1n%20%E2%80%9CSantuarios%20del%20C%C3%B3ndor%E2%80%9D&amp;url=https%3A%2F%2Fwww.neuquenalinstante.com.ar%2Fnoticias%2F2023%2F07%2F04%2F97825-areas-naturales-protegidas-seran-santuarios-del-condor\" target=\"_blank\" rel=\"noreferrer noopener\">&nbsp;<\/a><a href=\"https:\/\/www.linkedin.com\/shareArticle?mini=true&amp;url=https%3A%2F%2Fwww.neuquenalinstante.com.ar%2Fnoticias%2F2023%2F07%2F04%2F97825-areas-naturales-protegidas-seran-santuarios-del-condor&amp;title=%C3%81reas%20Naturales%20Protegidas%20ser%C3%A1n%20%E2%80%9CSantuarios%20del%20C%C3%B3ndor%E2%80%9D&amp;summary=\" target=\"_blank\" rel=\"noreferrer noopener\">&nbsp;<\/a><a href=\"https:\/\/pinterest.com\/pin\/create\/button\/?url=https%3A%2F%2Fwww.neuquenalinstante.com.ar%2Fnoticias%2F2023%2F07%2F04%2F97825-areas-naturales-protegidas-seran-santuarios-del-condor&amp;description=%C3%81reas%20Naturales%20Protegidas%20ser%C3%A1n%20%E2%80%9CSantuarios%20del%20C%C3%B3ndor%E2%80%9D\" target=\"_blank\" rel=\"noreferrer noopener\"><\/a><\/p>\n\n\n\n<figure class=\"wp-block-image\"><img decoding=\"async\" src=\"https:\/\/neuquenalinstante-s3.cdn.net.ar\/s3i233\/2023\/07\/neuquenalinstante2\/images\/07\/66\/76674_08bbe43647ca03ae50be30371459f23eee8719c6136da3bc870c235ef3069b60\/md.webp\" alt=\"\u00c1reas Naturales Protegidas ser\u00e1n \u201cSantuarios del C\u00f3ndor\u201d\" title=\"\u00c1reas Naturales Protegidas ser\u00e1n \u201cSantuarios del C\u00f3ndor\u201d\"\/><\/figure>\n\n\n\n<p>El Gobierno de la Provincia declar\u00f3 a las \u00c1reas Naturales Protegidas (ANP) Auca Mahuida, Batea Mahuida, Boca Del Chimehu\u00edn, Ca\u00f1ada Molina, Cha\u00f1y, Copahue Caviahue, Cuchillo-Cura, Domuyo, El Tromen y Epulauquen como Santuarios del C\u00f3ndor para la Conservaci\u00f3n de la Naturaleza (SCCN).<\/p>\n\n\n\n<p>En conjunto, estas ANP suman 241.216 hect\u00e1reas a una red de corredores biol\u00f3gicos, declarada de inter\u00e9s federal por el Consejo Federal de Medio Ambiente que, en las provincias de Jujuy, Salta, Tucum\u00e1n, San Juan, C\u00f3rdoba, San Luis y Mendoza ya cuenta con 67.780 kil\u00f3metros cuadrados de Santuarios para la conservaci\u00f3n de esta especie.<\/p>\n\n\n\n<p>Los SCCN son \u00e1reas naturales protegidas donde se trabaja activamente en la conservaci\u00f3n del C\u00f3ndor Andino (Vultur gryphus) y el cuidado de su ecosistema. La declaraci\u00f3n de santuarios se concret\u00f3 gracias a un acuerdo de colaboraci\u00f3n entre la direcci\u00f3n provincial de \u00c1reas Naturales Protegidas y Recursos Faun\u00edsticos, dependiente de la Secretar\u00eda de Desarrollo Territorial y Ambiente de la provincia y la Fundaci\u00f3n Bioandina Argentina, como parte del Programa de Conservaci\u00f3n C\u00f3ndor Andino de Argentina.<\/p>\n\n\n\n<p>El envenenamiento por uso ilegal de cebos t\u00f3xicos, la intoxicaci\u00f3n por balas de plomo, choques contra cables de alta tensi\u00f3n, la caza furtiva, el tr\u00e1fico ilegal, la alteraci\u00f3n del ambiente, son solo algunas de las causas de extinci\u00f3n que afectan a estas emblem\u00e1ticas aves en todo Sudam\u00e9rica.<\/p>\n\n\n\n<p>Parte del trabajo consiste en organizar actividades de educaci\u00f3n ambiental enfocadas en esta especie. Se capacita a t\u00e9cnicos y guardaparques en protocolos espec\u00edficos de acci\u00f3n; se realizan censos de poblaci\u00f3n para llevar un registro actualizado de la din\u00e1mica y composici\u00f3n poblacional; y se limitan las actividades que puedan ponerlos en peligro, especialmente protegiendo sus dormideros y nidos.<\/p>\n\n\n\n<p>Ante la presencia de un c\u00f3ndor herido o en riesgo se lo asiste para organizar su rescate, rehabilitaci\u00f3n y posterior liberaci\u00f3n. Adem\u00e1s, se llevan a cabo estudios cient\u00edficos que permiten conocer mejor su biolog\u00eda y estado de conservaci\u00f3n, para asegurar la supervivencia de estas aves.<\/p>\n\n\n\n<p>Para mayor informaci\u00f3n, ingresar a&nbsp;<a href=\"http:\/\/www.bioandina.org.ar\/\">www.bioandina.org.ar<\/a><\/p>\n\n\n\n<p>Fuente: Neuqu\u00e9n Al Instante<\/p>\n","protected":false},"excerpt":{"rendered":"","protected":false},"author":2,"featured_media":78586,"comment_status":"open","ping_status":"open","sticky":false,"template":"","format":"standard","meta":{"site-sidebar-layout":"default","site-content-layout":"","ast-site-content-layout":"default","site-content-style":"default","site-sidebar-style":"default","ast-global-header-display":"","ast-banner-title-visibility":"","ast-main-header-display":"","ast-hfb-above-header-display":"","ast-hfb-below-header-display":"","ast-hfb-mobile-header-display":"","site-post-title":"","ast-breadcrumbs-content":"","ast-featured-img":"","footer-sml-layout":"","ast-disable-related-posts":"","theme-transparent-header-meta":"","adv-header-id-meta":"","stick-header-meta":"","header-above-stick-meta":"","header-main-stick-meta":"","header-below-stick-meta":"","astra-migrate-meta-layouts":"default","ast-page-background-enabled":"default","ast-page-background-meta":{"desktop":{"background-color":"var(--ast-global-color-5)","background-image":"","background-repeat":"repeat","background-position":"center center","background-size":"auto","background-attachment":"scroll","background-type":"","background-media":"","overlay-type":"","overlay-color":"","overlay-opacity":"","overlay-gradient":""},"tablet":{"background-color":"","background-image":"","background-repeat":"repeat","background-position":"center center","background-size":"auto","background-attachment":"scroll","background-type":"","background-media":"","overlay-type":"","overlay-color":"","overlay-opacity":"","overlay-gradient":""},"mobile":{"background-color":"","background-image":"","background-repeat":"repeat","background-position":"center center","background-size":"auto","background-attachment":"scroll","background-type":"","background-media":"","overlay-type":"","overlay-color":"","overlay-opacity":"","overlay-gradient":""}},"ast-content-background-meta":{"desktop":{"background-color":"var(--ast-global-color-4)","background-image":"","background-repeat":"repeat","background-position":"center center","background-size":"auto","background-attachment":"scroll","background-type":"","background-media":"","overlay-type":"","overlay-color":"","overlay-opacity":"","overlay-gradient":""},"tablet":{"background-color":"var(--ast-global-color-4)","background-image":"","background-repeat":"repeat","background-position":"center center","background-size":"auto","background-attachment":"scroll","background-type":"","background-media":"","overlay-type":"","overlay-color":"","overlay-opacity":"","overlay-gradient":""},"mobile":{"background-color":"var(--ast-global-color-4)","background-image":"","background-repeat":"repeat","background-position":"center center","background-size":"auto","background-attachment":"scroll","background-type":"","background-media":"","overlay-type":"","overlay-color":"","overlay-opacity":"","overlay-gradient":""}},"footnotes":""},"categories":[3],"tags":[],"class_list":["post-78585","post","type-post","status-publish","format-standard","has-post-thumbnail","hentry","category-ong"],"yoast_head":"<!-- This site is optimized with the Yoast SEO Premium plugin v23.0 (Yoast SEO v27.5) - https:\/\/yoast.com\/product\/yoast-seo-premium-wordpress\/ -->\n<title>\u00c1reas Naturales Protegidas ser\u00e1n \u201cSantuarios del C\u00f3ndor\u201d<\/title>\n<meta name=\"robots\" content=\"index, follow, max-snippet:-1, max-image-preview:large, max-video-preview:-1\" \/>\n<link rel=\"canonical\" href=\"https:\/\/patagoniambiental.com.ar\/info\/areas-naturales-protegidas-seran-santuarios-del-condor\/\" \/>\n<meta property=\"og:locale\" content=\"es_ES\" \/>\n<meta property=\"og:type\" content=\"article\" \/>\n<meta property=\"og:title\" content=\"\u00c1reas Naturales Protegidas ser\u00e1n \u201cSantuarios del C\u00f3ndor\u201d\" \/>\n<meta property=\"og:url\" content=\"https:\/\/patagoniambiental.com.ar\/info\/areas-naturales-protegidas-seran-santuarios-del-condor\/\" \/>\n<meta property=\"og:site_name\" content=\"Patagonia Ambiental\" \/>\n<meta property=\"article:publisher\" content=\"https:\/\/www.facebook.com\/patagonia.ambiental\" \/>\n<meta property=\"article:author\" content=\"https:\/\/www.facebook.com\/share\/1C1V8Gv9BX\/?mibextid=qi2Omg\" \/>\n<meta property=\"article:published_time\" content=\"2023-07-06T10:00:00+00:00\" \/>\n<meta property=\"article:modified_time\" content=\"2024-08-16T19:27:38+00:00\" \/>\n<meta property=\"og:image\" content=\"https:\/\/patagoniambiental.com.ar\/info\/wp-content\/uploads\/2023\/07\/Sin-titulo-4.png\" \/>\n\t<meta property=\"og:image:width\" content=\"789\" \/>\n\t<meta property=\"og:image:height\" content=\"461\" \/>\n\t<meta property=\"og:image:type\" content=\"image\/png\" \/>\n<meta name=\"author\" content=\"Patagonia Ambiental\" \/>\n<meta name=\"twitter:card\" content=\"summary_large_image\" \/>\n<meta name=\"twitter:creator\" content=\"@PatAmb\" \/>\n<meta name=\"twitter:site\" content=\"@PatAmb\" \/>\n<script type=\"application\/ld+json\" class=\"yoast-schema-graph\">{\"@context\":\"https:\\\/\\\/schema.org\",\"@graph\":[{\"@type\":\"Article\",\"@id\":\"https:\\\/\\\/patagoniambiental.com.ar\\\/info\\\/areas-naturales-protegidas-seran-santuarios-del-condor\\\/#article\",\"isPartOf\":{\"@id\":\"https:\\\/\\\/patagoniambiental.com.ar\\\/info\\\/areas-naturales-protegidas-seran-santuarios-del-condor\\\/\"},\"author\":{\"name\":\"Patagonia Ambiental\",\"@id\":\"https:\\\/\\\/patagoniambiental.com.ar\\\/info\\\/#\\\/schema\\\/person\\\/db12bff64bbcbf6a253710bf0ea37b5d\"},\"headline\":\"\u00c1reas Naturales Protegidas ser\u00e1n \u201cSantuarios del C\u00f3ndor\u201d\",\"datePublished\":\"2023-07-06T10:00:00+00:00\",\"dateModified\":\"2024-08-16T19:27:38+00:00\",\"mainEntityOfPage\":{\"@id\":\"https:\\\/\\\/patagoniambiental.com.ar\\\/info\\\/areas-naturales-protegidas-seran-santuarios-del-condor\\\/\"},\"wordCount\":415,\"commentCount\":0,\"publisher\":{\"@id\":\"https:\\\/\\\/patagoniambiental.com.ar\\\/info\\\/#organization\"},\"image\":{\"@id\":\"https:\\\/\\\/patagoniambiental.com.ar\\\/info\\\/areas-naturales-protegidas-seran-santuarios-del-condor\\\/#primaryimage\"},\"thumbnailUrl\":\"https:\\\/\\\/patagoniambiental.com.ar\\\/info\\\/wp-content\\\/uploads\\\/2023\\\/07\\\/Sin-titulo-4.png\",\"articleSection\":[\"ONG\"],\"inLanguage\":\"es\",\"potentialAction\":[{\"@type\":\"CommentAction\",\"name\":\"Comment\",\"target\":[\"https:\\\/\\\/patagoniambiental.com.ar\\\/info\\\/areas-naturales-protegidas-seran-santuarios-del-condor\\\/#respond\"]}]},{\"@type\":\"WebPage\",\"@id\":\"https:\\\/\\\/patagoniambiental.com.ar\\\/info\\\/areas-naturales-protegidas-seran-santuarios-del-condor\\\/\",\"url\":\"https:\\\/\\\/patagoniambiental.com.ar\\\/info\\\/areas-naturales-protegidas-seran-santuarios-del-condor\\\/\",\"name\":\"\u00c1reas Naturales Protegidas ser\u00e1n \u201cSantuarios del C\u00f3ndor\u201d\",\"isPartOf\":{\"@id\":\"https:\\\/\\\/patagoniambiental.com.ar\\\/info\\\/#website\"},\"primaryImageOfPage\":{\"@id\":\"https:\\\/\\\/patagoniambiental.com.ar\\\/info\\\/areas-naturales-protegidas-seran-santuarios-del-condor\\\/#primaryimage\"},\"image\":{\"@id\":\"https:\\\/\\\/patagoniambiental.com.ar\\\/info\\\/areas-naturales-protegidas-seran-santuarios-del-condor\\\/#primaryimage\"},\"thumbnailUrl\":\"https:\\\/\\\/patagoniambiental.com.ar\\\/info\\\/wp-content\\\/uploads\\\/2023\\\/07\\\/Sin-titulo-4.png\",\"datePublished\":\"2023-07-06T10:00:00+00:00\",\"dateModified\":\"2024-08-16T19:27:38+00:00\",\"breadcrumb\":{\"@id\":\"https:\\\/\\\/patagoniambiental.com.ar\\\/info\\\/areas-naturales-protegidas-seran-santuarios-del-condor\\\/#breadcrumb\"},\"inLanguage\":\"es\",\"potentialAction\":[{\"@type\":\"ReadAction\",\"target\":[\"https:\\\/\\\/patagoniambiental.com.ar\\\/info\\\/areas-naturales-protegidas-seran-santuarios-del-condor\\\/\"]}]},{\"@type\":\"ImageObject\",\"inLanguage\":\"es\",\"@id\":\"https:\\\/\\\/patagoniambiental.com.ar\\\/info\\\/areas-naturales-protegidas-seran-santuarios-del-condor\\\/#primaryimage\",\"url\":\"https:\\\/\\\/patagoniambiental.com.ar\\\/info\\\/wp-content\\\/uploads\\\/2023\\\/07\\\/Sin-titulo-4.png\",\"contentUrl\":\"https:\\\/\\\/patagoniambiental.com.ar\\\/info\\\/wp-content\\\/uploads\\\/2023\\\/07\\\/Sin-titulo-4.png\",\"width\":789,\"height\":461},{\"@type\":\"BreadcrumbList\",\"@id\":\"https:\\\/\\\/patagoniambiental.com.ar\\\/info\\\/areas-naturales-protegidas-seran-santuarios-del-condor\\\/#breadcrumb\",\"itemListElement\":[{\"@type\":\"ListItem\",\"position\":1,\"name\":\"Inicio\",\"item\":\"https:\\\/\\\/patagoniambiental.com.ar\\\/info\\\/\"},{\"@type\":\"ListItem\",\"position\":2,\"name\":\"\u00c1reas Naturales Protegidas ser\u00e1n \u201cSantuarios del C\u00f3ndor\u201d\"}]},{\"@type\":\"WebSite\",\"@id\":\"https:\\\/\\\/patagoniambiental.com.ar\\\/info\\\/#website\",\"url\":\"https:\\\/\\\/patagoniambiental.com.ar\\\/info\\\/\",\"name\":\"Patagonia Ambiental\",\"description\":\"Monitoreo y an\u00e1lisis de la situaci\u00f3n geopol\u00edtica en el mundo y su implicancia en la Patagonia\",\"publisher\":{\"@id\":\"https:\\\/\\\/patagoniambiental.com.ar\\\/info\\\/#organization\"},\"potentialAction\":[{\"@type\":\"SearchAction\",\"target\":{\"@type\":\"EntryPoint\",\"urlTemplate\":\"https:\\\/\\\/patagoniambiental.com.ar\\\/info\\\/?s={search_term_string}\"},\"query-input\":{\"@type\":\"PropertyValueSpecification\",\"valueRequired\":true,\"valueName\":\"search_term_string\"}}],\"inLanguage\":\"es\"},{\"@type\":\"Organization\",\"@id\":\"https:\\\/\\\/patagoniambiental.com.ar\\\/info\\\/#organization\",\"name\":\"Patagonia Ambiental\",\"url\":\"https:\\\/\\\/patagoniambiental.com.ar\\\/info\\\/\",\"logo\":{\"@type\":\"ImageObject\",\"inLanguage\":\"es\",\"@id\":\"https:\\\/\\\/patagoniambiental.com.ar\\\/info\\\/#\\\/schema\\\/logo\\\/image\\\/\",\"url\":\"https:\\\/\\\/patagoniambiental.com.ar\\\/info\\\/wp-content\\\/uploads\\\/2025\\\/05\\\/LOGO-PATAGONIA-AMBIENTAL.png\",\"contentUrl\":\"https:\\\/\\\/patagoniambiental.com.ar\\\/info\\\/wp-content\\\/uploads\\\/2025\\\/05\\\/LOGO-PATAGONIA-AMBIENTAL.png\",\"width\":433,\"height\":250,\"caption\":\"Patagonia Ambiental\"},\"image\":{\"@id\":\"https:\\\/\\\/patagoniambiental.com.ar\\\/info\\\/#\\\/schema\\\/logo\\\/image\\\/\"},\"sameAs\":[\"https:\\\/\\\/www.facebook.com\\\/patagonia.ambiental\",\"https:\\\/\\\/x.com\\\/PatAmb\"]},{\"@type\":\"Person\",\"@id\":\"https:\\\/\\\/patagoniambiental.com.ar\\\/info\\\/#\\\/schema\\\/person\\\/db12bff64bbcbf6a253710bf0ea37b5d\",\"name\":\"Patagonia Ambiental\",\"description\":\"Andr\u00e9s Nievas T\u00e9cnico en manejo ambiental, consultor Ambiental y escritor para medios locales e internacionales sobre temas de geopolitica y medio ambiente.\",\"sameAs\":[\"http:\\\/\\\/www.patagoniambiental.com.ar\",\"https:\\\/\\\/www.facebook.com\\\/share\\\/1C1V8Gv9BX\\\/?mibextid=qi2Omg\",\"@patagoniambiental\",\"https:\\\/\\\/youtube.com\\\/@patagoniaambiental2023?si=BLt58t0wuXquxlYZ\"]}]}<\/script>\n<!-- \/ Yoast SEO Premium plugin. -->","yoast_head_json":{"title":"\u00c1reas Naturales Protegidas ser\u00e1n \u201cSantuarios del C\u00f3ndor\u201d","robots":{"index":"index","follow":"follow","max-snippet":"max-snippet:-1","max-image-preview":"max-image-preview:large","max-video-preview":"max-video-preview:-1"},"canonical":"https:\/\/patagoniambiental.com.ar\/info\/areas-naturales-protegidas-seran-santuarios-del-condor\/","og_locale":"es_ES","og_type":"article","og_title":"\u00c1reas Naturales Protegidas ser\u00e1n \u201cSantuarios del C\u00f3ndor\u201d","og_url":"https:\/\/patagoniambiental.com.ar\/info\/areas-naturales-protegidas-seran-santuarios-del-condor\/","og_site_name":"Patagonia Ambiental","article_publisher":"https:\/\/www.facebook.com\/patagonia.ambiental","article_author":"https:\/\/www.facebook.com\/share\/1C1V8Gv9BX\/?mibextid=qi2Omg","article_published_time":"2023-07-06T10:00:00+00:00","article_modified_time":"2024-08-16T19:27:38+00:00","og_image":[{"width":789,"height":461,"url":"https:\/\/patagoniambiental.com.ar\/info\/wp-content\/uploads\/2023\/07\/Sin-titulo-4.png","type":"image\/png"}],"author":"Patagonia Ambiental","twitter_card":"summary_large_image","twitter_creator":"@PatAmb","twitter_site":"@PatAmb","schema":{"@context":"https:\/\/schema.org","@graph":[{"@type":"Article","@id":"https:\/\/patagoniambiental.com.ar\/info\/areas-naturales-protegidas-seran-santuarios-del-condor\/#article","isPartOf":{"@id":"https:\/\/patagoniambiental.com.ar\/info\/areas-naturales-protegidas-seran-santuarios-del-condor\/"},"author":{"name":"Patagonia Ambiental","@id":"https:\/\/patagoniambiental.com.ar\/info\/#\/schema\/person\/db12bff64bbcbf6a253710bf0ea37b5d"},"headline":"\u00c1reas Naturales Protegidas ser\u00e1n \u201cSantuarios del C\u00f3ndor\u201d","datePublished":"2023-07-06T10:00:00+00:00","dateModified":"2024-08-16T19:27:38+00:00","mainEntityOfPage":{"@id":"https:\/\/patagoniambiental.com.ar\/info\/areas-naturales-protegidas-seran-santuarios-del-condor\/"},"wordCount":415,"commentCount":0,"publisher":{"@id":"https:\/\/patagoniambiental.com.ar\/info\/#organization"},"image":{"@id":"https:\/\/patagoniambiental.com.ar\/info\/areas-naturales-protegidas-seran-santuarios-del-condor\/#primaryimage"},"thumbnailUrl":"https:\/\/patagoniambiental.com.ar\/info\/wp-content\/uploads\/2023\/07\/Sin-titulo-4.png","articleSection":["ONG"],"inLanguage":"es","potentialAction":[{"@type":"CommentAction","name":"Comment","target":["https:\/\/patagoniambiental.com.ar\/info\/areas-naturales-protegidas-seran-santuarios-del-condor\/#respond"]}]},{"@type":"WebPage","@id":"https:\/\/patagoniambiental.com.ar\/info\/areas-naturales-protegidas-seran-santuarios-del-condor\/","url":"https:\/\/patagoniambiental.com.ar\/info\/areas-naturales-protegidas-seran-santuarios-del-condor\/","name":"\u00c1reas Naturales Protegidas ser\u00e1n \u201cSantuarios del C\u00f3ndor\u201d","isPartOf":{"@id":"https:\/\/patagoniambiental.com.ar\/info\/#website"},"primaryImageOfPage":{"@id":"https:\/\/patagoniambiental.com.ar\/info\/areas-naturales-protegidas-seran-santuarios-del-condor\/#primaryimage"},"image":{"@id":"https:\/\/patagoniambiental.com.ar\/info\/areas-naturales-protegidas-seran-santuarios-del-condor\/#primaryimage"},"thumbnailUrl":"https:\/\/patagoniambiental.com.ar\/info\/wp-content\/uploads\/2023\/07\/Sin-titulo-4.png","datePublished":"2023-07-06T10:00:00+00:00","dateModified":"2024-08-16T19:27:38+00:00","breadcrumb":{"@id":"https:\/\/patagoniambiental.com.ar\/info\/areas-naturales-protegidas-seran-santuarios-del-condor\/#breadcrumb"},"inLanguage":"es","potentialAction":[{"@type":"ReadAction","target":["https:\/\/patagoniambiental.com.ar\/info\/areas-naturales-protegidas-seran-santuarios-del-condor\/"]}]},{"@type":"ImageObject","inLanguage":"es","@id":"https:\/\/patagoniambiental.com.ar\/info\/areas-naturales-protegidas-seran-santuarios-del-condor\/#primaryimage","url":"https:\/\/patagoniambiental.com.ar\/info\/wp-content\/uploads\/2023\/07\/Sin-titulo-4.png","contentUrl":"https:\/\/patagoniambiental.com.ar\/info\/wp-content\/uploads\/2023\/07\/Sin-titulo-4.png","width":789,"height":461},{"@type":"BreadcrumbList","@id":"https:\/\/patagoniambiental.com.ar\/info\/areas-naturales-protegidas-seran-santuarios-del-condor\/#breadcrumb","itemListElement":[{"@type":"ListItem","position":1,"name":"Inicio","item":"https:\/\/patagoniambiental.com.ar\/info\/"},{"@type":"ListItem","position":2,"name":"\u00c1reas Naturales Protegidas ser\u00e1n \u201cSantuarios del C\u00f3ndor\u201d"}]},{"@type":"WebSite","@id":"https:\/\/patagoniambiental.com.ar\/info\/#website","url":"https:\/\/patagoniambiental.com.ar\/info\/","name":"Patagonia Ambiental","description":"Monitoreo y an\u00e1lisis de la situaci\u00f3n geopol\u00edtica en el mundo y su implicancia en la Patagonia","publisher":{"@id":"https:\/\/patagoniambiental.com.ar\/info\/#organization"},"potentialAction":[{"@type":"SearchAction","target":{"@type":"EntryPoint","urlTemplate":"https:\/\/patagoniambiental.com.ar\/info\/?s={search_term_string}"},"query-input":{"@type":"PropertyValueSpecification","valueRequired":true,"valueName":"search_term_string"}}],"inLanguage":"es"},{"@type":"Organization","@id":"https:\/\/patagoniambiental.com.ar\/info\/#organization","name":"Patagonia Ambiental","url":"https:\/\/patagoniambiental.com.ar\/info\/","logo":{"@type":"ImageObject","inLanguage":"es","@id":"https:\/\/patagoniambiental.com.ar\/info\/#\/schema\/logo\/image\/","url":"https:\/\/patagoniambiental.com.ar\/info\/wp-content\/uploads\/2025\/05\/LOGO-PATAGONIA-AMBIENTAL.png","contentUrl":"https:\/\/patagoniambiental.com.ar\/info\/wp-content\/uploads\/2025\/05\/LOGO-PATAGONIA-AMBIENTAL.png","width":433,"height":250,"caption":"Patagonia Ambiental"},"image":{"@id":"https:\/\/patagoniambiental.com.ar\/info\/#\/schema\/logo\/image\/"},"sameAs":["https:\/\/www.facebook.com\/patagonia.ambiental","https:\/\/x.com\/PatAmb"]},{"@type":"Person","@id":"https:\/\/patagoniambiental.com.ar\/info\/#\/schema\/person\/db12bff64bbcbf6a253710bf0ea37b5d","name":"Patagonia Ambiental","description":"Andr\u00e9s Nievas T\u00e9cnico en manejo ambiental, consultor Ambiental y escritor para medios locales e internacionales sobre temas de geopolitica y medio ambiente.","sameAs":["http:\/\/www.patagoniambiental.com.ar","https:\/\/www.facebook.com\/share\/1C1V8Gv9BX\/?mibextid=qi2Omg","@patagoniambiental","https:\/\/youtube.com\/@patagoniaambiental2023?si=BLt58t0wuXquxlYZ"]}]}},"_links":{"self":[{"href":"https:\/\/patagoniambiental.com.ar\/info\/wp-json\/wp\/v2\/posts\/78585","targetHints":{"allow":["GET"]}}],"collection":[{"href":"https:\/\/patagoniambiental.com.ar\/info\/wp-json\/wp\/v2\/posts"}],"about":[{"href":"https:\/\/patagoniambiental.com.ar\/info\/wp-json\/wp\/v2\/types\/post"}],"author":[{"embeddable":true,"href":"https:\/\/patagoniambiental.com.ar\/info\/wp-json\/wp\/v2\/users\/2"}],"replies":[{"embeddable":true,"href":"https:\/\/patagoniambiental.com.ar\/info\/wp-json\/wp\/v2\/comments?post=78585"}],"version-history":[{"count":0,"href":"https:\/\/patagoniambiental.com.ar\/info\/wp-json\/wp\/v2\/posts\/78585\/revisions"}],"wp:featuredmedia":[{"embeddable":true,"href":"https:\/\/patagoniambiental.com.ar\/info\/wp-json\/wp\/v2\/media\/78586"}],"wp:attachment":[{"href":"https:\/\/patagoniambiental.com.ar\/info\/wp-json\/wp\/v2\/media?parent=78585"}],"wp:term":[{"taxonomy":"category","embeddable":true,"href":"https:\/\/patagoniambiental.com.ar\/info\/wp-json\/wp\/v2\/categories?post=78585"},{"taxonomy":"post_tag","embeddable":true,"href":"https:\/\/patagoniambiental.com.ar\/info\/wp-json\/wp\/v2\/tags?post=78585"}],"curies":[{"name":"wp","href":"https:\/\/api.w.org\/{rel}","templated":true}]}}