{"id":78597,"date":"2023-07-03T19:00:00","date_gmt":"2023-07-03T22:00:00","guid":{"rendered":"https:\/\/patagoniambiental.com.ar\/info\/?p=78597"},"modified":"2024-08-16T16:35:36","modified_gmt":"2024-08-16T19:35:36","slug":"un-grupo-de-guanacos-fue-trasladado-de-santa-cruz-a-la-pampa-para-su-reintroduccion","status":"publish","type":"post","link":"https:\/\/patagoniambiental.com.ar\/info\/un-grupo-de-guanacos-fue-trasladado-de-santa-cruz-a-la-pampa-para-su-reintroduccion\/","title":{"rendered":"Guanacos fueron trasladados de Santa Cruz a La Pampa para reintroducci\u00f3n"},"content":{"rendered":"\n<!--more-->\n\n\n\n<p>Un grupo de 31 guanacos silvestres fue trasladado desde la provincia de Santa Cruz hasta La Pampa, donde la especie est\u00e1 casi extinta, en el marco de un proyecto de reintroducci\u00f3n de este animal que asumi\u00f3 el gobierno pampeano, inform\u00f3 este lunes&nbsp;la Fundaci\u00f3n Rewilding Argentina que particip\u00f3 de la translocaci\u00f3n.<\/p>\n\n\n\n<figure class=\"wp-block-image\"><img decoding=\"async\" src=\"https:\/\/www.tiemposur.com.ar\/uploads\/noticia_galeria\/2023\/07\/03\/file_175485_main1\" alt=\"\"\/><\/figure>\n\n\n\n<p><a href=\"javascript:;\"><\/a><\/p>\n\n\n\n<p><a class=\"\" href=\"javascript: void(0)\"><\/a><a class=\" \" href=\"javascript: void(0)\"><\/a><a href=\"whatsapp:\/\/send?text=Mira%20esto:%20Un%20grupo%20de%20guanacos%20fue%20trasladado%20de%20Santa%20Cruz%20a%20La%20Pampa%20para%20su%20reintroducci%C3%B3n%20|%20https:\/\/www.tiemposur.com.ar\/turismo-y-ambiente\/un-grupo-de-guanacos-fue-trasladado-de-santa-cruz-a-la-pampa-para-su-reintroduccion\"><\/a><a class=\"\" href=\"mailto:?subject=Mira%20esto:%20Un%20grupo%20de%20guanacos%20fue%20trasladado%20de%20Santa%20Cruz%20a%20La%20Pampa%20para%20su%20reintroducci%C3%B3n%20|%20https:\/\/www.tiemposur.com.ar\/turismo-y-ambiente\/un-grupo-de-guanacos-fue-trasladado-de-santa-cruz-a-la-pampa-para-su-reintroduccion\"><\/a><a href=\"javascript:;\"><\/a>Los ejemplares se suman a la incipiente poblaci\u00f3n de la reserva natural Parque Luro tras 40 a\u00f1os de extinci\u00f3n en la zona, donde se est\u00e1 desarrollando el programa de reintroducci\u00f3n desde fines de 2022.<br>\u201cEn la provincia de La Pampa, y en el Parque Luro en particular, estamos llevando adelante un proyecto de restauraci\u00f3n de especies extintas que asoma como uno de los m\u00e1s ambiciosos de Argentina y Sudam\u00e9rica\u00bb, resalt\u00f3 el subsecretario de Ambiente de La Pampa, Fabi\u00e1n Tittarelli, sobre el trabajo conjunto con el gobierno de Santa Cruz y la Fundaci\u00f3n Rewilding.<br>La iniciativa, denominada El Retorno de los Nuestros, recupera \u00abno solo a nuestra naturaleza sino a nuestra identidad como pampeanos y la vuelta del guanaco al Parque Luro es una noticia que nos llena de orgullo\u201d, expres\u00f3 en un comunicado la Fundaci\u00f3n.<br>Por su parte, el ministro de Ambiente y Desarrollo Sostenible, Juan Cabandi\u00e9, destac\u00f3 \u201cla importancia que dos provincias argentinas y el Ministerio de Ambiente de la Naci\u00f3n trabajen juntos para recuperar las poblaciones de guanaco del centro de Argentina, se\u00f1alando el rumbo en lo que a restauraci\u00f3n de ecosistemas naturales se refiere\u201d.<br>A diferencia de las anteriores, las traslocaciones de este a\u00f1o tomaron \u00abmayor escala\u00bb y, en total, un grupo de 31 guanacos fueron llevados desde la estepa santacruce\u00f1a del Parque Patagonia, en el noroeste de Santa Cruz, a los caldenales de Parque Luro en la capital de La Pampa.<br>El arreo, la captura y el transporte -un proceso que dur\u00f3 unas veinte horas- se realizaron \u00aben \u00f3ptimas condiciones bajo el permanente monitoreo de bi\u00f3logos y veterinarios\u00bb y con la autorizaci\u00f3n de la cartera de ambiente.<br>Durante tres semanas, los guanacos permanecer\u00e1n en un corral de aclimataci\u00f3n hasta su liberaci\u00f3n definitiva.<\/p>\n\n\n\n<p>El guanaco es el herb\u00edvoro de mayor tama\u00f1o de Sudam\u00e9rica y, si bien contin\u00faa siendo com\u00fan en ciertas \u00e1reas de la Patagonia, ha desaparecido en buena medida o por completo en otros lugares, como en casi todo el centro y norte de Argentina, indic\u00f3 Rewilding.<br>En el Parque Patagonia Argentina, las poblaciones de guanacos permanecen saludables y su demograf\u00eda y estado sanitario se encuentran monitoreados por expertos, lo que los convierte en excelentes \u201cpoblaciones fuente\u201d para restaurar las poblaciones de esta especie all\u00ed donde est\u00e1 desaparecida.<br>\u201cEl gobierno de Santa Cruz le otorga m\u00e1xima prioridad a la conservaci\u00f3n de especies amenazadas como el huemul y al manejo de especies sin problemas de conservaci\u00f3n en la provincia como el guanaco. Como parte de este manejo colaboramos con la Provincia de La Pampa donando guanacos, dado que los mismos est\u00e1n en extinci\u00f3n en esta provincia\u201d, sostuvo por su parte la gobernadora de Santa Cruz, Alicia Kirchner.<br>Por su parte, Sebasti\u00e1n Di Martino, Director de conservaci\u00f3n de Rewilding Argentina, asegur\u00f3 que \u201ceste tipo de translocaciones ofrece un gran potencial para recuperar poblaciones de guanacos en La Pampa y en otras regiones de Argentina\u00bb.<br>\u00abEl regreso del guanaco a esas regiones permitir\u00e1 recuperar el proceso de herbivor\u00eda que cumple la especie, que es esencial para recuperar y mantener saludables los ecosistemas\u201d, enfatiz\u00f3.<br>Asimismo, esta especie considerada \u00abcarism\u00e1tica\u00bb representa un gran atractivo para el turismo de naturaleza y las actividades de avistaje de fauna silvestre.<\/p>\n\n\n\n<p>Fuente: www.tiemposur.com.ar<\/p>\n","protected":false},"excerpt":{"rendered":"","protected":false},"author":2,"featured_media":78598,"comment_status":"open","ping_status":"open","sticky":false,"template":"","format":"standard","meta":{"site-sidebar-layout":"default","site-content-layout":"","ast-site-content-layout":"default","site-content-style":"default","site-sidebar-style":"default","ast-global-header-display":"","ast-banner-title-visibility":"","ast-main-header-display":"","ast-hfb-above-header-display":"","ast-hfb-below-header-display":"","ast-hfb-mobile-header-display":"","site-post-title":"","ast-breadcrumbs-content":"","ast-featured-img":"","footer-sml-layout":"","ast-disable-related-posts":"","theme-transparent-header-meta":"","adv-header-id-meta":"","stick-header-meta":"","header-above-stick-meta":"","header-main-stick-meta":"","header-below-stick-meta":"","astra-migrate-meta-layouts":"default","ast-page-background-enabled":"default","ast-page-background-meta":{"desktop":{"background-color":"var(--ast-global-color-5)","background-image":"","background-repeat":"repeat","background-position":"center center","background-size":"auto","background-attachment":"scroll","background-type":"","background-media":"","overlay-type":"","overlay-color":"","overlay-opacity":"","overlay-gradient":""},"tablet":{"background-color":"","background-image":"","background-repeat":"repeat","background-position":"center center","background-size":"auto","background-attachment":"scroll","background-type":"","background-media":"","overlay-type":"","overlay-color":"","overlay-opacity":"","overlay-gradient":""},"mobile":{"background-color":"","background-image":"","background-repeat":"repeat","background-position":"center center","background-size":"auto","background-attachment":"scroll","background-type":"","background-media":"","overlay-type":"","overlay-color":"","overlay-opacity":"","overlay-gradient":""}},"ast-content-background-meta":{"desktop":{"background-color":"var(--ast-global-color-4)","background-image":"","background-repeat":"repeat","background-position":"center center","background-size":"auto","background-attachment":"scroll","background-type":"","background-media":"","overlay-type":"","overlay-color":"","overlay-opacity":"","overlay-gradient":""},"tablet":{"background-color":"var(--ast-global-color-4)","background-image":"","background-repeat":"repeat","background-position":"center center","background-size":"auto","background-attachment":"scroll","background-type":"","background-media":"","overlay-type":"","overlay-color":"","overlay-opacity":"","overlay-gradient":""},"mobile":{"background-color":"var(--ast-global-color-4)","background-image":"","background-repeat":"repeat","background-position":"center center","background-size":"auto","background-attachment":"scroll","background-type":"","background-media":"","overlay-type":"","overlay-color":"","overlay-opacity":"","overlay-gradient":""}},"footnotes":""},"categories":[13],"tags":[],"class_list":["post-78597","post","type-post","status-publish","format-standard","has-post-thumbnail","hentry","category-provinciales"],"yoast_head":"<!-- This site is optimized with the Yoast SEO Premium plugin v23.0 (Yoast SEO v27.4) - https:\/\/yoast.com\/product\/yoast-seo-premium-wordpress\/ -->\n<title>Guanacos fueron trasladados de Santa Cruz a La Pampa para reintroducci\u00f3n<\/title>\n<meta name=\"robots\" content=\"index, follow, max-snippet:-1, max-image-preview:large, max-video-preview:-1\" \/>\n<link rel=\"canonical\" href=\"https:\/\/patagoniambiental.com.ar\/info\/un-grupo-de-guanacos-fue-trasladado-de-santa-cruz-a-la-pampa-para-su-reintroduccion\/\" \/>\n<meta property=\"og:locale\" content=\"es_ES\" \/>\n<meta property=\"og:type\" content=\"article\" \/>\n<meta property=\"og:title\" content=\"Guanacos fueron trasladados de Santa Cruz a La Pampa para reintroducci\u00f3n\" \/>\n<meta property=\"og:url\" content=\"https:\/\/patagoniambiental.com.ar\/info\/un-grupo-de-guanacos-fue-trasladado-de-santa-cruz-a-la-pampa-para-su-reintroduccion\/\" \/>\n<meta property=\"og:site_name\" content=\"Patagonia Ambiental\" \/>\n<meta property=\"article:publisher\" content=\"https:\/\/www.facebook.com\/patagonia.ambiental\" \/>\n<meta property=\"article:author\" content=\"https:\/\/www.facebook.com\/share\/1C1V8Gv9BX\/?mibextid=qi2Omg\" \/>\n<meta property=\"article:published_time\" content=\"2023-07-03T22:00:00+00:00\" \/>\n<meta property=\"article:modified_time\" content=\"2024-08-16T19:35:36+00:00\" \/>\n<meta property=\"og:image\" content=\"https:\/\/patagoniambiental.com.ar\/info\/wp-content\/uploads\/2023\/07\/Sin-titulo-7.png\" \/>\n\t<meta property=\"og:image:width\" content=\"788\" \/>\n\t<meta property=\"og:image:height\" content=\"391\" \/>\n\t<meta property=\"og:image:type\" content=\"image\/png\" \/>\n<meta name=\"author\" content=\"Patagonia Ambiental\" \/>\n<meta name=\"twitter:card\" content=\"summary_large_image\" \/>\n<meta name=\"twitter:creator\" content=\"@PatAmb\" \/>\n<meta name=\"twitter:site\" content=\"@PatAmb\" \/>\n<script type=\"application\/ld+json\" class=\"yoast-schema-graph\">{\"@context\":\"https:\\\/\\\/schema.org\",\"@graph\":[{\"@type\":\"Article\",\"@id\":\"https:\\\/\\\/patagoniambiental.com.ar\\\/info\\\/un-grupo-de-guanacos-fue-trasladado-de-santa-cruz-a-la-pampa-para-su-reintroduccion\\\/#article\",\"isPartOf\":{\"@id\":\"https:\\\/\\\/patagoniambiental.com.ar\\\/info\\\/un-grupo-de-guanacos-fue-trasladado-de-santa-cruz-a-la-pampa-para-su-reintroduccion\\\/\"},\"author\":{\"name\":\"Patagonia Ambiental\",\"@id\":\"https:\\\/\\\/patagoniambiental.com.ar\\\/info\\\/#\\\/schema\\\/person\\\/db12bff64bbcbf6a253710bf0ea37b5d\"},\"headline\":\"Guanacos fueron trasladados de Santa Cruz a La Pampa para reintroducci\u00f3n\",\"datePublished\":\"2023-07-03T22:00:00+00:00\",\"dateModified\":\"2024-08-16T19:35:36+00:00\",\"mainEntityOfPage\":{\"@id\":\"https:\\\/\\\/patagoniambiental.com.ar\\\/info\\\/un-grupo-de-guanacos-fue-trasladado-de-santa-cruz-a-la-pampa-para-su-reintroduccion\\\/\"},\"wordCount\":629,\"commentCount\":0,\"publisher\":{\"@id\":\"https:\\\/\\\/patagoniambiental.com.ar\\\/info\\\/#organization\"},\"image\":{\"@id\":\"https:\\\/\\\/patagoniambiental.com.ar\\\/info\\\/un-grupo-de-guanacos-fue-trasladado-de-santa-cruz-a-la-pampa-para-su-reintroduccion\\\/#primaryimage\"},\"thumbnailUrl\":\"https:\\\/\\\/patagoniambiental.com.ar\\\/info\\\/wp-content\\\/uploads\\\/2023\\\/07\\\/Sin-titulo-7.png\",\"articleSection\":[\"Provinciales\"],\"inLanguage\":\"es\",\"potentialAction\":[{\"@type\":\"CommentAction\",\"name\":\"Comment\",\"target\":[\"https:\\\/\\\/patagoniambiental.com.ar\\\/info\\\/un-grupo-de-guanacos-fue-trasladado-de-santa-cruz-a-la-pampa-para-su-reintroduccion\\\/#respond\"]}]},{\"@type\":\"WebPage\",\"@id\":\"https:\\\/\\\/patagoniambiental.com.ar\\\/info\\\/un-grupo-de-guanacos-fue-trasladado-de-santa-cruz-a-la-pampa-para-su-reintroduccion\\\/\",\"url\":\"https:\\\/\\\/patagoniambiental.com.ar\\\/info\\\/un-grupo-de-guanacos-fue-trasladado-de-santa-cruz-a-la-pampa-para-su-reintroduccion\\\/\",\"name\":\"Guanacos fueron trasladados de Santa Cruz a La Pampa para reintroducci\u00f3n\",\"isPartOf\":{\"@id\":\"https:\\\/\\\/patagoniambiental.com.ar\\\/info\\\/#website\"},\"primaryImageOfPage\":{\"@id\":\"https:\\\/\\\/patagoniambiental.com.ar\\\/info\\\/un-grupo-de-guanacos-fue-trasladado-de-santa-cruz-a-la-pampa-para-su-reintroduccion\\\/#primaryimage\"},\"image\":{\"@id\":\"https:\\\/\\\/patagoniambiental.com.ar\\\/info\\\/un-grupo-de-guanacos-fue-trasladado-de-santa-cruz-a-la-pampa-para-su-reintroduccion\\\/#primaryimage\"},\"thumbnailUrl\":\"https:\\\/\\\/patagoniambiental.com.ar\\\/info\\\/wp-content\\\/uploads\\\/2023\\\/07\\\/Sin-titulo-7.png\",\"datePublished\":\"2023-07-03T22:00:00+00:00\",\"dateModified\":\"2024-08-16T19:35:36+00:00\",\"breadcrumb\":{\"@id\":\"https:\\\/\\\/patagoniambiental.com.ar\\\/info\\\/un-grupo-de-guanacos-fue-trasladado-de-santa-cruz-a-la-pampa-para-su-reintroduccion\\\/#breadcrumb\"},\"inLanguage\":\"es\",\"potentialAction\":[{\"@type\":\"ReadAction\",\"target\":[\"https:\\\/\\\/patagoniambiental.com.ar\\\/info\\\/un-grupo-de-guanacos-fue-trasladado-de-santa-cruz-a-la-pampa-para-su-reintroduccion\\\/\"]}]},{\"@type\":\"ImageObject\",\"inLanguage\":\"es\",\"@id\":\"https:\\\/\\\/patagoniambiental.com.ar\\\/info\\\/un-grupo-de-guanacos-fue-trasladado-de-santa-cruz-a-la-pampa-para-su-reintroduccion\\\/#primaryimage\",\"url\":\"https:\\\/\\\/patagoniambiental.com.ar\\\/info\\\/wp-content\\\/uploads\\\/2023\\\/07\\\/Sin-titulo-7.png\",\"contentUrl\":\"https:\\\/\\\/patagoniambiental.com.ar\\\/info\\\/wp-content\\\/uploads\\\/2023\\\/07\\\/Sin-titulo-7.png\",\"width\":788,\"height\":391},{\"@type\":\"BreadcrumbList\",\"@id\":\"https:\\\/\\\/patagoniambiental.com.ar\\\/info\\\/un-grupo-de-guanacos-fue-trasladado-de-santa-cruz-a-la-pampa-para-su-reintroduccion\\\/#breadcrumb\",\"itemListElement\":[{\"@type\":\"ListItem\",\"position\":1,\"name\":\"Inicio\",\"item\":\"https:\\\/\\\/patagoniambiental.com.ar\\\/info\\\/\"},{\"@type\":\"ListItem\",\"position\":2,\"name\":\"Guanacos fueron trasladados de Santa Cruz a La Pampa para reintroducci\u00f3n\"}]},{\"@type\":\"WebSite\",\"@id\":\"https:\\\/\\\/patagoniambiental.com.ar\\\/info\\\/#website\",\"url\":\"https:\\\/\\\/patagoniambiental.com.ar\\\/info\\\/\",\"name\":\"Patagonia Ambiental\",\"description\":\"Monitoreo y an\u00e1lisis de la situaci\u00f3n geopol\u00edtica en el mundo y su implicancia en la Patagonia\",\"publisher\":{\"@id\":\"https:\\\/\\\/patagoniambiental.com.ar\\\/info\\\/#organization\"},\"potentialAction\":[{\"@type\":\"SearchAction\",\"target\":{\"@type\":\"EntryPoint\",\"urlTemplate\":\"https:\\\/\\\/patagoniambiental.com.ar\\\/info\\\/?s={search_term_string}\"},\"query-input\":{\"@type\":\"PropertyValueSpecification\",\"valueRequired\":true,\"valueName\":\"search_term_string\"}}],\"inLanguage\":\"es\"},{\"@type\":\"Organization\",\"@id\":\"https:\\\/\\\/patagoniambiental.com.ar\\\/info\\\/#organization\",\"name\":\"Patagonia Ambiental\",\"url\":\"https:\\\/\\\/patagoniambiental.com.ar\\\/info\\\/\",\"logo\":{\"@type\":\"ImageObject\",\"inLanguage\":\"es\",\"@id\":\"https:\\\/\\\/patagoniambiental.com.ar\\\/info\\\/#\\\/schema\\\/logo\\\/image\\\/\",\"url\":\"https:\\\/\\\/patagoniambiental.com.ar\\\/info\\\/wp-content\\\/uploads\\\/2025\\\/05\\\/LOGO-PATAGONIA-AMBIENTAL.png\",\"contentUrl\":\"https:\\\/\\\/patagoniambiental.com.ar\\\/info\\\/wp-content\\\/uploads\\\/2025\\\/05\\\/LOGO-PATAGONIA-AMBIENTAL.png\",\"width\":433,\"height\":250,\"caption\":\"Patagonia Ambiental\"},\"image\":{\"@id\":\"https:\\\/\\\/patagoniambiental.com.ar\\\/info\\\/#\\\/schema\\\/logo\\\/image\\\/\"},\"sameAs\":[\"https:\\\/\\\/www.facebook.com\\\/patagonia.ambiental\",\"https:\\\/\\\/x.com\\\/PatAmb\"]},{\"@type\":\"Person\",\"@id\":\"https:\\\/\\\/patagoniambiental.com.ar\\\/info\\\/#\\\/schema\\\/person\\\/db12bff64bbcbf6a253710bf0ea37b5d\",\"name\":\"Patagonia Ambiental\",\"description\":\"Andr\u00e9s Nievas T\u00e9cnico en manejo ambiental, consultor Ambiental y escritor para medios locales e internacionales sobre temas de geopolitica y medio ambiente.\",\"sameAs\":[\"http:\\\/\\\/www.patagoniambiental.com.ar\",\"https:\\\/\\\/www.facebook.com\\\/share\\\/1C1V8Gv9BX\\\/?mibextid=qi2Omg\",\"@patagoniambiental\",\"https:\\\/\\\/youtube.com\\\/@patagoniaambiental2023?si=BLt58t0wuXquxlYZ\"]}]}<\/script>\n<!-- \/ Yoast SEO Premium plugin. -->","yoast_head_json":{"title":"Guanacos fueron trasladados de Santa Cruz a La Pampa para reintroducci\u00f3n","robots":{"index":"index","follow":"follow","max-snippet":"max-snippet:-1","max-image-preview":"max-image-preview:large","max-video-preview":"max-video-preview:-1"},"canonical":"https:\/\/patagoniambiental.com.ar\/info\/un-grupo-de-guanacos-fue-trasladado-de-santa-cruz-a-la-pampa-para-su-reintroduccion\/","og_locale":"es_ES","og_type":"article","og_title":"Guanacos fueron trasladados de Santa Cruz a La Pampa para reintroducci\u00f3n","og_url":"https:\/\/patagoniambiental.com.ar\/info\/un-grupo-de-guanacos-fue-trasladado-de-santa-cruz-a-la-pampa-para-su-reintroduccion\/","og_site_name":"Patagonia Ambiental","article_publisher":"https:\/\/www.facebook.com\/patagonia.ambiental","article_author":"https:\/\/www.facebook.com\/share\/1C1V8Gv9BX\/?mibextid=qi2Omg","article_published_time":"2023-07-03T22:00:00+00:00","article_modified_time":"2024-08-16T19:35:36+00:00","og_image":[{"width":788,"height":391,"url":"https:\/\/patagoniambiental.com.ar\/info\/wp-content\/uploads\/2023\/07\/Sin-titulo-7.png","type":"image\/png"}],"author":"Patagonia Ambiental","twitter_card":"summary_large_image","twitter_creator":"@PatAmb","twitter_site":"@PatAmb","schema":{"@context":"https:\/\/schema.org","@graph":[{"@type":"Article","@id":"https:\/\/patagoniambiental.com.ar\/info\/un-grupo-de-guanacos-fue-trasladado-de-santa-cruz-a-la-pampa-para-su-reintroduccion\/#article","isPartOf":{"@id":"https:\/\/patagoniambiental.com.ar\/info\/un-grupo-de-guanacos-fue-trasladado-de-santa-cruz-a-la-pampa-para-su-reintroduccion\/"},"author":{"name":"Patagonia Ambiental","@id":"https:\/\/patagoniambiental.com.ar\/info\/#\/schema\/person\/db12bff64bbcbf6a253710bf0ea37b5d"},"headline":"Guanacos fueron trasladados de Santa Cruz a La Pampa para reintroducci\u00f3n","datePublished":"2023-07-03T22:00:00+00:00","dateModified":"2024-08-16T19:35:36+00:00","mainEntityOfPage":{"@id":"https:\/\/patagoniambiental.com.ar\/info\/un-grupo-de-guanacos-fue-trasladado-de-santa-cruz-a-la-pampa-para-su-reintroduccion\/"},"wordCount":629,"commentCount":0,"publisher":{"@id":"https:\/\/patagoniambiental.com.ar\/info\/#organization"},"image":{"@id":"https:\/\/patagoniambiental.com.ar\/info\/un-grupo-de-guanacos-fue-trasladado-de-santa-cruz-a-la-pampa-para-su-reintroduccion\/#primaryimage"},"thumbnailUrl":"https:\/\/patagoniambiental.com.ar\/info\/wp-content\/uploads\/2023\/07\/Sin-titulo-7.png","articleSection":["Provinciales"],"inLanguage":"es","potentialAction":[{"@type":"CommentAction","name":"Comment","target":["https:\/\/patagoniambiental.com.ar\/info\/un-grupo-de-guanacos-fue-trasladado-de-santa-cruz-a-la-pampa-para-su-reintroduccion\/#respond"]}]},{"@type":"WebPage","@id":"https:\/\/patagoniambiental.com.ar\/info\/un-grupo-de-guanacos-fue-trasladado-de-santa-cruz-a-la-pampa-para-su-reintroduccion\/","url":"https:\/\/patagoniambiental.com.ar\/info\/un-grupo-de-guanacos-fue-trasladado-de-santa-cruz-a-la-pampa-para-su-reintroduccion\/","name":"Guanacos fueron trasladados de Santa Cruz a La Pampa para reintroducci\u00f3n","isPartOf":{"@id":"https:\/\/patagoniambiental.com.ar\/info\/#website"},"primaryImageOfPage":{"@id":"https:\/\/patagoniambiental.com.ar\/info\/un-grupo-de-guanacos-fue-trasladado-de-santa-cruz-a-la-pampa-para-su-reintroduccion\/#primaryimage"},"image":{"@id":"https:\/\/patagoniambiental.com.ar\/info\/un-grupo-de-guanacos-fue-trasladado-de-santa-cruz-a-la-pampa-para-su-reintroduccion\/#primaryimage"},"thumbnailUrl":"https:\/\/patagoniambiental.com.ar\/info\/wp-content\/uploads\/2023\/07\/Sin-titulo-7.png","datePublished":"2023-07-03T22:00:00+00:00","dateModified":"2024-08-16T19:35:36+00:00","breadcrumb":{"@id":"https:\/\/patagoniambiental.com.ar\/info\/un-grupo-de-guanacos-fue-trasladado-de-santa-cruz-a-la-pampa-para-su-reintroduccion\/#breadcrumb"},"inLanguage":"es","potentialAction":[{"@type":"ReadAction","target":["https:\/\/patagoniambiental.com.ar\/info\/un-grupo-de-guanacos-fue-trasladado-de-santa-cruz-a-la-pampa-para-su-reintroduccion\/"]}]},{"@type":"ImageObject","inLanguage":"es","@id":"https:\/\/patagoniambiental.com.ar\/info\/un-grupo-de-guanacos-fue-trasladado-de-santa-cruz-a-la-pampa-para-su-reintroduccion\/#primaryimage","url":"https:\/\/patagoniambiental.com.ar\/info\/wp-content\/uploads\/2023\/07\/Sin-titulo-7.png","contentUrl":"https:\/\/patagoniambiental.com.ar\/info\/wp-content\/uploads\/2023\/07\/Sin-titulo-7.png","width":788,"height":391},{"@type":"BreadcrumbList","@id":"https:\/\/patagoniambiental.com.ar\/info\/un-grupo-de-guanacos-fue-trasladado-de-santa-cruz-a-la-pampa-para-su-reintroduccion\/#breadcrumb","itemListElement":[{"@type":"ListItem","position":1,"name":"Inicio","item":"https:\/\/patagoniambiental.com.ar\/info\/"},{"@type":"ListItem","position":2,"name":"Guanacos fueron trasladados de Santa Cruz a La Pampa para reintroducci\u00f3n"}]},{"@type":"WebSite","@id":"https:\/\/patagoniambiental.com.ar\/info\/#website","url":"https:\/\/patagoniambiental.com.ar\/info\/","name":"Patagonia Ambiental","description":"Monitoreo y an\u00e1lisis de la situaci\u00f3n geopol\u00edtica en el mundo y su implicancia en la Patagonia","publisher":{"@id":"https:\/\/patagoniambiental.com.ar\/info\/#organization"},"potentialAction":[{"@type":"SearchAction","target":{"@type":"EntryPoint","urlTemplate":"https:\/\/patagoniambiental.com.ar\/info\/?s={search_term_string}"},"query-input":{"@type":"PropertyValueSpecification","valueRequired":true,"valueName":"search_term_string"}}],"inLanguage":"es"},{"@type":"Organization","@id":"https:\/\/patagoniambiental.com.ar\/info\/#organization","name":"Patagonia Ambiental","url":"https:\/\/patagoniambiental.com.ar\/info\/","logo":{"@type":"ImageObject","inLanguage":"es","@id":"https:\/\/patagoniambiental.com.ar\/info\/#\/schema\/logo\/image\/","url":"https:\/\/patagoniambiental.com.ar\/info\/wp-content\/uploads\/2025\/05\/LOGO-PATAGONIA-AMBIENTAL.png","contentUrl":"https:\/\/patagoniambiental.com.ar\/info\/wp-content\/uploads\/2025\/05\/LOGO-PATAGONIA-AMBIENTAL.png","width":433,"height":250,"caption":"Patagonia Ambiental"},"image":{"@id":"https:\/\/patagoniambiental.com.ar\/info\/#\/schema\/logo\/image\/"},"sameAs":["https:\/\/www.facebook.com\/patagonia.ambiental","https:\/\/x.com\/PatAmb"]},{"@type":"Person","@id":"https:\/\/patagoniambiental.com.ar\/info\/#\/schema\/person\/db12bff64bbcbf6a253710bf0ea37b5d","name":"Patagonia Ambiental","description":"Andr\u00e9s Nievas T\u00e9cnico en manejo ambiental, consultor Ambiental y escritor para medios locales e internacionales sobre temas de geopolitica y medio ambiente.","sameAs":["http:\/\/www.patagoniambiental.com.ar","https:\/\/www.facebook.com\/share\/1C1V8Gv9BX\/?mibextid=qi2Omg","@patagoniambiental","https:\/\/youtube.com\/@patagoniaambiental2023?si=BLt58t0wuXquxlYZ"]}]}},"_links":{"self":[{"href":"https:\/\/patagoniambiental.com.ar\/info\/wp-json\/wp\/v2\/posts\/78597","targetHints":{"allow":["GET"]}}],"collection":[{"href":"https:\/\/patagoniambiental.com.ar\/info\/wp-json\/wp\/v2\/posts"}],"about":[{"href":"https:\/\/patagoniambiental.com.ar\/info\/wp-json\/wp\/v2\/types\/post"}],"author":[{"embeddable":true,"href":"https:\/\/patagoniambiental.com.ar\/info\/wp-json\/wp\/v2\/users\/2"}],"replies":[{"embeddable":true,"href":"https:\/\/patagoniambiental.com.ar\/info\/wp-json\/wp\/v2\/comments?post=78597"}],"version-history":[{"count":0,"href":"https:\/\/patagoniambiental.com.ar\/info\/wp-json\/wp\/v2\/posts\/78597\/revisions"}],"wp:featuredmedia":[{"embeddable":true,"href":"https:\/\/patagoniambiental.com.ar\/info\/wp-json\/wp\/v2\/media\/78598"}],"wp:attachment":[{"href":"https:\/\/patagoniambiental.com.ar\/info\/wp-json\/wp\/v2\/media?parent=78597"}],"wp:term":[{"taxonomy":"category","embeddable":true,"href":"https:\/\/patagoniambiental.com.ar\/info\/wp-json\/wp\/v2\/categories?post=78597"},{"taxonomy":"post_tag","embeddable":true,"href":"https:\/\/patagoniambiental.com.ar\/info\/wp-json\/wp\/v2\/tags?post=78597"}],"curies":[{"name":"wp","href":"https:\/\/api.w.org\/{rel}","templated":true}]}}