{"id":78642,"date":"2023-07-10T19:00:00","date_gmt":"2023-07-10T22:00:00","guid":{"rendered":"https:\/\/patagoniambiental.com.ar\/info\/?p=78642"},"modified":"2023-07-10T23:46:58","modified_gmt":"2023-07-11T02:46:58","slug":"la-obra-del-polo-cientifico-tecnologico-presenta-un-avance-del-50","status":"publish","type":"post","link":"https:\/\/patagoniambiental.com.ar\/info\/la-obra-del-polo-cientifico-tecnologico-presenta-un-avance-del-50\/","title":{"rendered":"La obra del Polo Cient\u00edfico Tecnol\u00f3gico presenta un avance del 50%"},"content":{"rendered":"\n<!--more-->\n\n\n\n<p><em>El gobernador Omar Guti\u00e9rrez y el intendente Mariano Gaido recorrieron esta ma\u00f1ana la obra del Polo Cient\u00edfico Tecnol\u00f3gico, ubicado en la zona norte de la capital neuquina, que contar\u00e1 con una superficie de 6.500 metros cuadrados repartidos en tres edificios.<\/em><\/p>\n\n\n\n<p>Durante esta ma\u00f1ana, el gobernador Omar Guti\u00e9rrez y el intendente Mariano Gaido recorrieron la obra del Polo Cient\u00edfico Tecnol\u00f3gico de la ciudad de Neuqu\u00e9n, ubicado en calles Huil\u00e9n y Soldi acompa\u00f1ados por el ministro provincial de Turismo, Sandro Badilla, y la presidenta del Concejo Deliberante, Claudia Argumedo.<\/p>\n\n\n\n<p>El mandatario provincial se\u00f1al\u00f3 que el Polo Cient\u00edfico Tecnol\u00f3gico es \u201cuna obra hist\u00f3rica que hace al desarrollo estructural y estrat\u00e9gico de la ciudad de Neuqu\u00e9n y de la provincia\u201d.<\/p>\n\n\n\n<p>\u201cJunto al intendente de la ciudad de Neuqu\u00e9n, Mariano (Gaido) estamos levantando el primer Polo Cient\u00edfico Tecnol\u00f3gico de innovaci\u00f3n en Ciencia y Tecnolog\u00eda para el desarrollo del conocimiento, que impacta y promueve las distintas actividades econ\u00f3micas de la provincia\u201d, agreg\u00f3 Guti\u00e9rrez. \u201cEs un ejemplo y un hito \u2013dijo- y aqu\u00ed deber\u00e1 impactar el tr\u00e1nsito educativo y no solo de innovaci\u00f3n cient\u00edfica, sino de investigaci\u00f3n\u201d.<\/p>\n\n\n\n<p>Destac\u00f3, adem\u00e1s, la articulaci\u00f3n p\u00fablico-privada y el rol del Estado al involucrarse activamente y promover la econom\u00eda del conocimiento con una fuerte inversi\u00f3n.<\/p>\n\n\n\n<p>Detall\u00f3 que son tres naves edificios los que se ejecutan. \u201cEl primero lo habremos de inaugurar el presente a\u00f1o y donde se han generado m\u00e1s de 100 puestos de trabajo\u201d, precis\u00f3.<\/p>\n\n\n\n<p>Por su parte, el intendente Gaido se\u00f1al\u00f3 que \u201cel Polo Cient\u00edfico Tecnol\u00f3gico ya es una realidad y va a permitir que se desarrolle la industria del petr\u00f3leo y el gas, y la biomedcina, entre otras especialidades\u201d.<\/p>\n\n\n\n<p>Finalmente, el secretario de Coordinaci\u00f3n e Infraestructura del Municipio de Neuqu\u00e9n, Alejandro Nicola, destac\u00f3 que la obra -que est\u00e1 llevando adelante el gobierno en conjunto con empresas privadas- \u201cavanza en tiempo y forma y ya nos encontramos con un plazo de ejecuci\u00f3n del 50 por ciento\u201d.<\/p>\n\n\n\n<p>El Polo Cient\u00edfico Tecnol\u00f3gico generar\u00e1 sustentabilidad y sostenibilidad de empleos de calidad, profundizar\u00e1 la industrializaci\u00f3n en origen de los recursos, posibilitando el trabajo conjunto y articulado para fortalecer el ADN del desarrollo social con las universidades p\u00fablicas y privadas, para seguir ampliando y diversificando la matriz econ\u00f3mica, productiva y tur\u00edstica industrial de la ciudad y la provincia.<\/p>\n\n\n\n<p>Con la construcci\u00f3n de empresas privadas, municipales y provinciales el proyecto avanza, a fin de generar trabajo de calidad, competitividad y eficiencia, adem\u00e1s de fortalecer la matriz econ\u00f3mica, productiva y tur\u00edstica de la capital neuquina.<\/p>\n\n\n\n<p>Fuente: Neuquen Informa <\/p>\n","protected":false},"excerpt":{"rendered":"","protected":false},"author":2,"featured_media":78643,"comment_status":"open","ping_status":"open","sticky":false,"template":"","format":"standard","meta":{"site-sidebar-layout":"default","site-content-layout":"","ast-site-content-layout":"default","site-content-style":"default","site-sidebar-style":"default","ast-global-header-display":"","ast-banner-title-visibility":"","ast-main-header-display":"","ast-hfb-above-header-display":"","ast-hfb-below-header-display":"","ast-hfb-mobile-header-display":"","site-post-title":"","ast-breadcrumbs-content":"","ast-featured-img":"","footer-sml-layout":"","ast-disable-related-posts":"","theme-transparent-header-meta":"","adv-header-id-meta":"","stick-header-meta":"","header-above-stick-meta":"","header-main-stick-meta":"","header-below-stick-meta":"","astra-migrate-meta-layouts":"default","ast-page-background-enabled":"default","ast-page-background-meta":{"desktop":{"background-color":"var(--ast-global-color-5)","background-image":"","background-repeat":"repeat","background-position":"center center","background-size":"auto","background-attachment":"scroll","background-type":"","background-media":"","overlay-type":"","overlay-color":"","overlay-opacity":"","overlay-gradient":""},"tablet":{"background-color":"","background-image":"","background-repeat":"repeat","background-position":"center center","background-size":"auto","background-attachment":"scroll","background-type":"","background-media":"","overlay-type":"","overlay-color":"","overlay-opacity":"","overlay-gradient":""},"mobile":{"background-color":"","background-image":"","background-repeat":"repeat","background-position":"center center","background-size":"auto","background-attachment":"scroll","background-type":"","background-media":"","overlay-type":"","overlay-color":"","overlay-opacity":"","overlay-gradient":""}},"ast-content-background-meta":{"desktop":{"background-color":"var(--ast-global-color-4)","background-image":"","background-repeat":"repeat","background-position":"center center","background-size":"auto","background-attachment":"scroll","background-type":"","background-media":"","overlay-type":"","overlay-color":"","overlay-opacity":"","overlay-gradient":""},"tablet":{"background-color":"var(--ast-global-color-4)","background-image":"","background-repeat":"repeat","background-position":"center center","background-size":"auto","background-attachment":"scroll","background-type":"","background-media":"","overlay-type":"","overlay-color":"","overlay-opacity":"","overlay-gradient":""},"mobile":{"background-color":"var(--ast-global-color-4)","background-image":"","background-repeat":"repeat","background-position":"center center","background-size":"auto","background-attachment":"scroll","background-type":"","background-media":"","overlay-type":"","overlay-color":"","overlay-opacity":"","overlay-gradient":""}},"footnotes":""},"categories":[13],"tags":[],"class_list":["post-78642","post","type-post","status-publish","format-standard","has-post-thumbnail","hentry","category-provinciales"],"yoast_head":"<!-- This site is optimized with the Yoast SEO Premium plugin v23.0 (Yoast SEO v27.4) - https:\/\/yoast.com\/product\/yoast-seo-premium-wordpress\/ -->\n<title>La obra del Polo Cient\u00edfico Tecnol\u00f3gico presenta un avance del 50%<\/title>\n<meta name=\"robots\" content=\"index, follow, max-snippet:-1, max-image-preview:large, max-video-preview:-1\" \/>\n<link rel=\"canonical\" href=\"https:\/\/patagoniambiental.com.ar\/info\/la-obra-del-polo-cientifico-tecnologico-presenta-un-avance-del-50\/\" \/>\n<meta property=\"og:locale\" content=\"es_ES\" \/>\n<meta property=\"og:type\" content=\"article\" \/>\n<meta property=\"og:title\" content=\"La obra del Polo Cient\u00edfico Tecnol\u00f3gico presenta un avance del 50%\" \/>\n<meta property=\"og:url\" content=\"https:\/\/patagoniambiental.com.ar\/info\/la-obra-del-polo-cientifico-tecnologico-presenta-un-avance-del-50\/\" \/>\n<meta property=\"og:site_name\" content=\"Patagonia Ambiental\" \/>\n<meta property=\"article:publisher\" content=\"https:\/\/www.facebook.com\/patagonia.ambiental\" \/>\n<meta property=\"article:author\" content=\"https:\/\/www.facebook.com\/share\/1C1V8Gv9BX\/?mibextid=qi2Omg\" \/>\n<meta property=\"article:published_time\" content=\"2023-07-10T22:00:00+00:00\" \/>\n<meta property=\"article:modified_time\" content=\"2023-07-11T02:46:58+00:00\" \/>\n<meta property=\"og:image\" content=\"https:\/\/patagoniambiental.com.ar\/info\/wp-content\/uploads\/2023\/07\/thumbnail_web-Recorrida-Polo-Tecnologico-83E5D6.jpg\" \/>\n\t<meta property=\"og:image:width\" content=\"1559\" \/>\n\t<meta property=\"og:image:height\" content=\"780\" \/>\n\t<meta property=\"og:image:type\" content=\"image\/jpeg\" \/>\n<meta name=\"author\" content=\"Patagonia Ambiental\" \/>\n<meta name=\"twitter:card\" content=\"summary_large_image\" \/>\n<meta name=\"twitter:creator\" content=\"@PatAmb\" \/>\n<meta name=\"twitter:site\" content=\"@PatAmb\" \/>\n<script type=\"application\/ld+json\" class=\"yoast-schema-graph\">{\"@context\":\"https:\\\/\\\/schema.org\",\"@graph\":[{\"@type\":\"Article\",\"@id\":\"https:\\\/\\\/patagoniambiental.com.ar\\\/info\\\/la-obra-del-polo-cientifico-tecnologico-presenta-un-avance-del-50\\\/#article\",\"isPartOf\":{\"@id\":\"https:\\\/\\\/patagoniambiental.com.ar\\\/info\\\/la-obra-del-polo-cientifico-tecnologico-presenta-un-avance-del-50\\\/\"},\"author\":{\"name\":\"Patagonia Ambiental\",\"@id\":\"https:\\\/\\\/patagoniambiental.com.ar\\\/info\\\/#\\\/schema\\\/person\\\/db12bff64bbcbf6a253710bf0ea37b5d\"},\"headline\":\"La obra del Polo Cient\u00edfico Tecnol\u00f3gico presenta un avance del 50%\",\"datePublished\":\"2023-07-10T22:00:00+00:00\",\"dateModified\":\"2023-07-11T02:46:58+00:00\",\"mainEntityOfPage\":{\"@id\":\"https:\\\/\\\/patagoniambiental.com.ar\\\/info\\\/la-obra-del-polo-cientifico-tecnologico-presenta-un-avance-del-50\\\/\"},\"wordCount\":472,\"commentCount\":0,\"publisher\":{\"@id\":\"https:\\\/\\\/patagoniambiental.com.ar\\\/info\\\/#organization\"},\"image\":{\"@id\":\"https:\\\/\\\/patagoniambiental.com.ar\\\/info\\\/la-obra-del-polo-cientifico-tecnologico-presenta-un-avance-del-50\\\/#primaryimage\"},\"thumbnailUrl\":\"https:\\\/\\\/patagoniambiental.com.ar\\\/info\\\/wp-content\\\/uploads\\\/2023\\\/07\\\/thumbnail_web-Recorrida-Polo-Tecnologico-83E5D6.jpg\",\"articleSection\":[\"Provinciales\"],\"inLanguage\":\"es\",\"potentialAction\":[{\"@type\":\"CommentAction\",\"name\":\"Comment\",\"target\":[\"https:\\\/\\\/patagoniambiental.com.ar\\\/info\\\/la-obra-del-polo-cientifico-tecnologico-presenta-un-avance-del-50\\\/#respond\"]}]},{\"@type\":\"WebPage\",\"@id\":\"https:\\\/\\\/patagoniambiental.com.ar\\\/info\\\/la-obra-del-polo-cientifico-tecnologico-presenta-un-avance-del-50\\\/\",\"url\":\"https:\\\/\\\/patagoniambiental.com.ar\\\/info\\\/la-obra-del-polo-cientifico-tecnologico-presenta-un-avance-del-50\\\/\",\"name\":\"La obra del Polo Cient\u00edfico Tecnol\u00f3gico presenta un avance del 50%\",\"isPartOf\":{\"@id\":\"https:\\\/\\\/patagoniambiental.com.ar\\\/info\\\/#website\"},\"primaryImageOfPage\":{\"@id\":\"https:\\\/\\\/patagoniambiental.com.ar\\\/info\\\/la-obra-del-polo-cientifico-tecnologico-presenta-un-avance-del-50\\\/#primaryimage\"},\"image\":{\"@id\":\"https:\\\/\\\/patagoniambiental.com.ar\\\/info\\\/la-obra-del-polo-cientifico-tecnologico-presenta-un-avance-del-50\\\/#primaryimage\"},\"thumbnailUrl\":\"https:\\\/\\\/patagoniambiental.com.ar\\\/info\\\/wp-content\\\/uploads\\\/2023\\\/07\\\/thumbnail_web-Recorrida-Polo-Tecnologico-83E5D6.jpg\",\"datePublished\":\"2023-07-10T22:00:00+00:00\",\"dateModified\":\"2023-07-11T02:46:58+00:00\",\"breadcrumb\":{\"@id\":\"https:\\\/\\\/patagoniambiental.com.ar\\\/info\\\/la-obra-del-polo-cientifico-tecnologico-presenta-un-avance-del-50\\\/#breadcrumb\"},\"inLanguage\":\"es\",\"potentialAction\":[{\"@type\":\"ReadAction\",\"target\":[\"https:\\\/\\\/patagoniambiental.com.ar\\\/info\\\/la-obra-del-polo-cientifico-tecnologico-presenta-un-avance-del-50\\\/\"]}]},{\"@type\":\"ImageObject\",\"inLanguage\":\"es\",\"@id\":\"https:\\\/\\\/patagoniambiental.com.ar\\\/info\\\/la-obra-del-polo-cientifico-tecnologico-presenta-un-avance-del-50\\\/#primaryimage\",\"url\":\"https:\\\/\\\/patagoniambiental.com.ar\\\/info\\\/wp-content\\\/uploads\\\/2023\\\/07\\\/thumbnail_web-Recorrida-Polo-Tecnologico-83E5D6.jpg\",\"contentUrl\":\"https:\\\/\\\/patagoniambiental.com.ar\\\/info\\\/wp-content\\\/uploads\\\/2023\\\/07\\\/thumbnail_web-Recorrida-Polo-Tecnologico-83E5D6.jpg\",\"width\":1200,\"height\":600},{\"@type\":\"BreadcrumbList\",\"@id\":\"https:\\\/\\\/patagoniambiental.com.ar\\\/info\\\/la-obra-del-polo-cientifico-tecnologico-presenta-un-avance-del-50\\\/#breadcrumb\",\"itemListElement\":[{\"@type\":\"ListItem\",\"position\":1,\"name\":\"Inicio\",\"item\":\"https:\\\/\\\/patagoniambiental.com.ar\\\/info\\\/\"},{\"@type\":\"ListItem\",\"position\":2,\"name\":\"La obra del Polo Cient\u00edfico Tecnol\u00f3gico presenta un avance del 50%\"}]},{\"@type\":\"WebSite\",\"@id\":\"https:\\\/\\\/patagoniambiental.com.ar\\\/info\\\/#website\",\"url\":\"https:\\\/\\\/patagoniambiental.com.ar\\\/info\\\/\",\"name\":\"Patagonia Ambiental\",\"description\":\"Monitoreo y an\u00e1lisis de la situaci\u00f3n geopol\u00edtica en el mundo y su implicancia en la Patagonia\",\"publisher\":{\"@id\":\"https:\\\/\\\/patagoniambiental.com.ar\\\/info\\\/#organization\"},\"potentialAction\":[{\"@type\":\"SearchAction\",\"target\":{\"@type\":\"EntryPoint\",\"urlTemplate\":\"https:\\\/\\\/patagoniambiental.com.ar\\\/info\\\/?s={search_term_string}\"},\"query-input\":{\"@type\":\"PropertyValueSpecification\",\"valueRequired\":true,\"valueName\":\"search_term_string\"}}],\"inLanguage\":\"es\"},{\"@type\":\"Organization\",\"@id\":\"https:\\\/\\\/patagoniambiental.com.ar\\\/info\\\/#organization\",\"name\":\"Patagonia Ambiental\",\"url\":\"https:\\\/\\\/patagoniambiental.com.ar\\\/info\\\/\",\"logo\":{\"@type\":\"ImageObject\",\"inLanguage\":\"es\",\"@id\":\"https:\\\/\\\/patagoniambiental.com.ar\\\/info\\\/#\\\/schema\\\/logo\\\/image\\\/\",\"url\":\"https:\\\/\\\/patagoniambiental.com.ar\\\/info\\\/wp-content\\\/uploads\\\/2025\\\/05\\\/LOGO-PATAGONIA-AMBIENTAL.png\",\"contentUrl\":\"https:\\\/\\\/patagoniambiental.com.ar\\\/info\\\/wp-content\\\/uploads\\\/2025\\\/05\\\/LOGO-PATAGONIA-AMBIENTAL.png\",\"width\":433,\"height\":250,\"caption\":\"Patagonia Ambiental\"},\"image\":{\"@id\":\"https:\\\/\\\/patagoniambiental.com.ar\\\/info\\\/#\\\/schema\\\/logo\\\/image\\\/\"},\"sameAs\":[\"https:\\\/\\\/www.facebook.com\\\/patagonia.ambiental\",\"https:\\\/\\\/x.com\\\/PatAmb\"]},{\"@type\":\"Person\",\"@id\":\"https:\\\/\\\/patagoniambiental.com.ar\\\/info\\\/#\\\/schema\\\/person\\\/db12bff64bbcbf6a253710bf0ea37b5d\",\"name\":\"Patagonia Ambiental\",\"description\":\"Andr\u00e9s Nievas T\u00e9cnico en manejo ambiental, consultor Ambiental y escritor para medios locales e internacionales sobre temas de geopolitica y medio ambiente.\",\"sameAs\":[\"http:\\\/\\\/www.patagoniambiental.com.ar\",\"https:\\\/\\\/www.facebook.com\\\/share\\\/1C1V8Gv9BX\\\/?mibextid=qi2Omg\",\"@patagoniambiental\",\"https:\\\/\\\/youtube.com\\\/@patagoniaambiental2023?si=BLt58t0wuXquxlYZ\"]}]}<\/script>\n<!-- \/ Yoast SEO Premium plugin. -->","yoast_head_json":{"title":"La obra del Polo Cient\u00edfico Tecnol\u00f3gico presenta un avance del 50%","robots":{"index":"index","follow":"follow","max-snippet":"max-snippet:-1","max-image-preview":"max-image-preview:large","max-video-preview":"max-video-preview:-1"},"canonical":"https:\/\/patagoniambiental.com.ar\/info\/la-obra-del-polo-cientifico-tecnologico-presenta-un-avance-del-50\/","og_locale":"es_ES","og_type":"article","og_title":"La obra del Polo Cient\u00edfico Tecnol\u00f3gico presenta un avance del 50%","og_url":"https:\/\/patagoniambiental.com.ar\/info\/la-obra-del-polo-cientifico-tecnologico-presenta-un-avance-del-50\/","og_site_name":"Patagonia Ambiental","article_publisher":"https:\/\/www.facebook.com\/patagonia.ambiental","article_author":"https:\/\/www.facebook.com\/share\/1C1V8Gv9BX\/?mibextid=qi2Omg","article_published_time":"2023-07-10T22:00:00+00:00","article_modified_time":"2023-07-11T02:46:58+00:00","og_image":[{"width":1559,"height":780,"url":"https:\/\/patagoniambiental.com.ar\/info\/wp-content\/uploads\/2023\/07\/thumbnail_web-Recorrida-Polo-Tecnologico-83E5D6.jpg","type":"image\/jpeg"}],"author":"Patagonia Ambiental","twitter_card":"summary_large_image","twitter_creator":"@PatAmb","twitter_site":"@PatAmb","schema":{"@context":"https:\/\/schema.org","@graph":[{"@type":"Article","@id":"https:\/\/patagoniambiental.com.ar\/info\/la-obra-del-polo-cientifico-tecnologico-presenta-un-avance-del-50\/#article","isPartOf":{"@id":"https:\/\/patagoniambiental.com.ar\/info\/la-obra-del-polo-cientifico-tecnologico-presenta-un-avance-del-50\/"},"author":{"name":"Patagonia Ambiental","@id":"https:\/\/patagoniambiental.com.ar\/info\/#\/schema\/person\/db12bff64bbcbf6a253710bf0ea37b5d"},"headline":"La obra del Polo Cient\u00edfico Tecnol\u00f3gico presenta un avance del 50%","datePublished":"2023-07-10T22:00:00+00:00","dateModified":"2023-07-11T02:46:58+00:00","mainEntityOfPage":{"@id":"https:\/\/patagoniambiental.com.ar\/info\/la-obra-del-polo-cientifico-tecnologico-presenta-un-avance-del-50\/"},"wordCount":472,"commentCount":0,"publisher":{"@id":"https:\/\/patagoniambiental.com.ar\/info\/#organization"},"image":{"@id":"https:\/\/patagoniambiental.com.ar\/info\/la-obra-del-polo-cientifico-tecnologico-presenta-un-avance-del-50\/#primaryimage"},"thumbnailUrl":"https:\/\/patagoniambiental.com.ar\/info\/wp-content\/uploads\/2023\/07\/thumbnail_web-Recorrida-Polo-Tecnologico-83E5D6.jpg","articleSection":["Provinciales"],"inLanguage":"es","potentialAction":[{"@type":"CommentAction","name":"Comment","target":["https:\/\/patagoniambiental.com.ar\/info\/la-obra-del-polo-cientifico-tecnologico-presenta-un-avance-del-50\/#respond"]}]},{"@type":"WebPage","@id":"https:\/\/patagoniambiental.com.ar\/info\/la-obra-del-polo-cientifico-tecnologico-presenta-un-avance-del-50\/","url":"https:\/\/patagoniambiental.com.ar\/info\/la-obra-del-polo-cientifico-tecnologico-presenta-un-avance-del-50\/","name":"La obra del Polo Cient\u00edfico Tecnol\u00f3gico presenta un avance del 50%","isPartOf":{"@id":"https:\/\/patagoniambiental.com.ar\/info\/#website"},"primaryImageOfPage":{"@id":"https:\/\/patagoniambiental.com.ar\/info\/la-obra-del-polo-cientifico-tecnologico-presenta-un-avance-del-50\/#primaryimage"},"image":{"@id":"https:\/\/patagoniambiental.com.ar\/info\/la-obra-del-polo-cientifico-tecnologico-presenta-un-avance-del-50\/#primaryimage"},"thumbnailUrl":"https:\/\/patagoniambiental.com.ar\/info\/wp-content\/uploads\/2023\/07\/thumbnail_web-Recorrida-Polo-Tecnologico-83E5D6.jpg","datePublished":"2023-07-10T22:00:00+00:00","dateModified":"2023-07-11T02:46:58+00:00","breadcrumb":{"@id":"https:\/\/patagoniambiental.com.ar\/info\/la-obra-del-polo-cientifico-tecnologico-presenta-un-avance-del-50\/#breadcrumb"},"inLanguage":"es","potentialAction":[{"@type":"ReadAction","target":["https:\/\/patagoniambiental.com.ar\/info\/la-obra-del-polo-cientifico-tecnologico-presenta-un-avance-del-50\/"]}]},{"@type":"ImageObject","inLanguage":"es","@id":"https:\/\/patagoniambiental.com.ar\/info\/la-obra-del-polo-cientifico-tecnologico-presenta-un-avance-del-50\/#primaryimage","url":"https:\/\/patagoniambiental.com.ar\/info\/wp-content\/uploads\/2023\/07\/thumbnail_web-Recorrida-Polo-Tecnologico-83E5D6.jpg","contentUrl":"https:\/\/patagoniambiental.com.ar\/info\/wp-content\/uploads\/2023\/07\/thumbnail_web-Recorrida-Polo-Tecnologico-83E5D6.jpg","width":1200,"height":600},{"@type":"BreadcrumbList","@id":"https:\/\/patagoniambiental.com.ar\/info\/la-obra-del-polo-cientifico-tecnologico-presenta-un-avance-del-50\/#breadcrumb","itemListElement":[{"@type":"ListItem","position":1,"name":"Inicio","item":"https:\/\/patagoniambiental.com.ar\/info\/"},{"@type":"ListItem","position":2,"name":"La obra del Polo Cient\u00edfico Tecnol\u00f3gico presenta un avance del 50%"}]},{"@type":"WebSite","@id":"https:\/\/patagoniambiental.com.ar\/info\/#website","url":"https:\/\/patagoniambiental.com.ar\/info\/","name":"Patagonia Ambiental","description":"Monitoreo y an\u00e1lisis de la situaci\u00f3n geopol\u00edtica en el mundo y su implicancia en la Patagonia","publisher":{"@id":"https:\/\/patagoniambiental.com.ar\/info\/#organization"},"potentialAction":[{"@type":"SearchAction","target":{"@type":"EntryPoint","urlTemplate":"https:\/\/patagoniambiental.com.ar\/info\/?s={search_term_string}"},"query-input":{"@type":"PropertyValueSpecification","valueRequired":true,"valueName":"search_term_string"}}],"inLanguage":"es"},{"@type":"Organization","@id":"https:\/\/patagoniambiental.com.ar\/info\/#organization","name":"Patagonia Ambiental","url":"https:\/\/patagoniambiental.com.ar\/info\/","logo":{"@type":"ImageObject","inLanguage":"es","@id":"https:\/\/patagoniambiental.com.ar\/info\/#\/schema\/logo\/image\/","url":"https:\/\/patagoniambiental.com.ar\/info\/wp-content\/uploads\/2025\/05\/LOGO-PATAGONIA-AMBIENTAL.png","contentUrl":"https:\/\/patagoniambiental.com.ar\/info\/wp-content\/uploads\/2025\/05\/LOGO-PATAGONIA-AMBIENTAL.png","width":433,"height":250,"caption":"Patagonia Ambiental"},"image":{"@id":"https:\/\/patagoniambiental.com.ar\/info\/#\/schema\/logo\/image\/"},"sameAs":["https:\/\/www.facebook.com\/patagonia.ambiental","https:\/\/x.com\/PatAmb"]},{"@type":"Person","@id":"https:\/\/patagoniambiental.com.ar\/info\/#\/schema\/person\/db12bff64bbcbf6a253710bf0ea37b5d","name":"Patagonia Ambiental","description":"Andr\u00e9s Nievas T\u00e9cnico en manejo ambiental, consultor Ambiental y escritor para medios locales e internacionales sobre temas de geopolitica y medio ambiente.","sameAs":["http:\/\/www.patagoniambiental.com.ar","https:\/\/www.facebook.com\/share\/1C1V8Gv9BX\/?mibextid=qi2Omg","@patagoniambiental","https:\/\/youtube.com\/@patagoniaambiental2023?si=BLt58t0wuXquxlYZ"]}]}},"_links":{"self":[{"href":"https:\/\/patagoniambiental.com.ar\/info\/wp-json\/wp\/v2\/posts\/78642","targetHints":{"allow":["GET"]}}],"collection":[{"href":"https:\/\/patagoniambiental.com.ar\/info\/wp-json\/wp\/v2\/posts"}],"about":[{"href":"https:\/\/patagoniambiental.com.ar\/info\/wp-json\/wp\/v2\/types\/post"}],"author":[{"embeddable":true,"href":"https:\/\/patagoniambiental.com.ar\/info\/wp-json\/wp\/v2\/users\/2"}],"replies":[{"embeddable":true,"href":"https:\/\/patagoniambiental.com.ar\/info\/wp-json\/wp\/v2\/comments?post=78642"}],"version-history":[{"count":0,"href":"https:\/\/patagoniambiental.com.ar\/info\/wp-json\/wp\/v2\/posts\/78642\/revisions"}],"wp:featuredmedia":[{"embeddable":true,"href":"https:\/\/patagoniambiental.com.ar\/info\/wp-json\/wp\/v2\/media\/78643"}],"wp:attachment":[{"href":"https:\/\/patagoniambiental.com.ar\/info\/wp-json\/wp\/v2\/media?parent=78642"}],"wp:term":[{"taxonomy":"category","embeddable":true,"href":"https:\/\/patagoniambiental.com.ar\/info\/wp-json\/wp\/v2\/categories?post=78642"},{"taxonomy":"post_tag","embeddable":true,"href":"https:\/\/patagoniambiental.com.ar\/info\/wp-json\/wp\/v2\/tags?post=78642"}],"curies":[{"name":"wp","href":"https:\/\/api.w.org\/{rel}","templated":true}]}}