{"id":78710,"date":"2023-07-23T19:00:00","date_gmt":"2023-07-23T22:00:00","guid":{"rendered":"https:\/\/patagoniambiental.com.ar\/info\/?p=78710"},"modified":"2023-07-23T16:05:25","modified_gmt":"2023-07-23T19:05:25","slug":"paleontologia-y-tecnologia-en-el-museo-del-desierto-patagonico-de-anelo","status":"publish","type":"post","link":"https:\/\/patagoniambiental.com.ar\/info\/paleontologia-y-tecnologia-en-el-museo-del-desierto-patagonico-de-anelo\/","title":{"rendered":"Paleontolog\u00eda y tecnolog\u00eda en el museo del Desierto Patag\u00f3nico de A\u00f1elo"},"content":{"rendered":"\n<!--more-->\n\n\n\n<p><strong>El espacio permite conocer la historia de los hidrocarburos y de los dinosaurios de la regi\u00f3n, con el nuevo hallazgo de un \u201cgigante\u201d. Tambi\u00e9n se encuentra en la localidad el bosque petrificado m\u00e1s grande del pa\u00eds.<\/strong><\/p>\n\n\n\n<p>A trav\u00e9s de un convenio entre la Universidad Nacional del Comahue y la Municipalidad local, funciona desde hace dos meses en A\u00f1elo el museo del Desierto Patag\u00f3nico, que articula mediante la tecnolog\u00eda la historia de los hidrocarburos con los recientes hallazgos de f\u00f3siles de dinosaurios.<\/p>\n\n\n\n<p>En una recorrida realizada por autoridades de la Agencia Neuquina de Innovaci\u00f3n para el Desarrollo (ANIDE) la directora provincial de Econom\u00eda del Conocimiento, Innovaci\u00f3n Productiva e Industrias Creativas, Paula Salinas, expres\u00f3 que \u201ces muy interesante el uso de la tecnolog\u00eda de manera interactiva dentro del museo como un atractivo que invita, sobre todo a los m\u00e1s peque\u00f1os, a interiorizarse de una manera din\u00e1mica y recreativa\u201d.<\/p>\n\n\n\n<p>De la visita tambi\u00e9n participaron el director provincial de innovaci\u00f3n social y fortalecimiento de capacidades, Ariel Chara y el director general de econom\u00eda del conocimiento e innovaci\u00f3n productiva, Guillermo Navone.<\/p>\n\n\n\n<p>Salinas destac\u00f3 adem\u00e1s \u201cel gran trabajo que vienen impulsando desde hace a\u00f1os los profesionales Dom\u00e9nica Dos Santos y Juan Porfili, tanto en el museo de la Universidad Nacional del Comahue como en el dise\u00f1o y armado del museo del Desierto Patag\u00f3nico de A\u00f1elo\u201d, y asegur\u00f3 que \u201cesto permite no solo visibilizar los recursos paleontol\u00f3gicos, sino poner en valor la generaci\u00f3n de conocimiento a trav\u00e9s de la investigaci\u00f3n\u201d.<\/p>\n\n\n\n<p>Por su parte la directora del museo, Dom\u00e9nica Dos Santos, afirm\u00f3 que el museo \u201cbusca unir la paleontolog\u00eda con la tecnolog\u00eda: por eso contamos la historia de A\u00f1elo, hablamos de la geolog\u00eda local, de hidrocarburos y de la riqueza paleontol\u00f3gica de la localidad, tenemos videos mapping y el bosque petrificado m\u00e1s grande de Argentina\u201d.<\/p>\n\n\n\n<p>Acerca del \u00faltimo hallazgo paleontol\u00f3gico en Tratay\u00e9n, cont\u00f3 que fue gracias \u201ca un vecino de la localidad a 8 kil\u00f3metros de aqu\u00ed, caminando. Encontr\u00f3 un f\u00e9mur en la barda, fuimos a rescatarlo y hoy estamos empezando a estudiarlo\u201d. Explic\u00f3 que hasta el momento se pudo constatar que como la pieza \u00f3sea tiene 2,18 metros de largo el f\u00f3sil \u201cest\u00e1 entre los 5 dinosaurios m\u00e1s grandes del mundo\u201d.<\/p>\n\n\n\n<p>Fuente: Neuquen Informa <\/p>\n","protected":false},"excerpt":{"rendered":"","protected":false},"author":2,"featured_media":78711,"comment_status":"open","ping_status":"open","sticky":false,"template":"","format":"standard","meta":{"site-sidebar-layout":"default","site-content-layout":"","ast-site-content-layout":"default","site-content-style":"default","site-sidebar-style":"default","ast-global-header-display":"","ast-banner-title-visibility":"","ast-main-header-display":"","ast-hfb-above-header-display":"","ast-hfb-below-header-display":"","ast-hfb-mobile-header-display":"","site-post-title":"","ast-breadcrumbs-content":"","ast-featured-img":"","footer-sml-layout":"","ast-disable-related-posts":"","theme-transparent-header-meta":"","adv-header-id-meta":"","stick-header-meta":"","header-above-stick-meta":"","header-main-stick-meta":"","header-below-stick-meta":"","astra-migrate-meta-layouts":"default","ast-page-background-enabled":"default","ast-page-background-meta":{"desktop":{"background-color":"var(--ast-global-color-5)","background-image":"","background-repeat":"repeat","background-position":"center center","background-size":"auto","background-attachment":"scroll","background-type":"","background-media":"","overlay-type":"","overlay-color":"","overlay-opacity":"","overlay-gradient":""},"tablet":{"background-color":"","background-image":"","background-repeat":"repeat","background-position":"center center","background-size":"auto","background-attachment":"scroll","background-type":"","background-media":"","overlay-type":"","overlay-color":"","overlay-opacity":"","overlay-gradient":""},"mobile":{"background-color":"","background-image":"","background-repeat":"repeat","background-position":"center center","background-size":"auto","background-attachment":"scroll","background-type":"","background-media":"","overlay-type":"","overlay-color":"","overlay-opacity":"","overlay-gradient":""}},"ast-content-background-meta":{"desktop":{"background-color":"var(--ast-global-color-4)","background-image":"","background-repeat":"repeat","background-position":"center center","background-size":"auto","background-attachment":"scroll","background-type":"","background-media":"","overlay-type":"","overlay-color":"","overlay-opacity":"","overlay-gradient":""},"tablet":{"background-color":"var(--ast-global-color-4)","background-image":"","background-repeat":"repeat","background-position":"center center","background-size":"auto","background-attachment":"scroll","background-type":"","background-media":"","overlay-type":"","overlay-color":"","overlay-opacity":"","overlay-gradient":""},"mobile":{"background-color":"var(--ast-global-color-4)","background-image":"","background-repeat":"repeat","background-position":"center center","background-size":"auto","background-attachment":"scroll","background-type":"","background-media":"","overlay-type":"","overlay-color":"","overlay-opacity":"","overlay-gradient":""}},"footnotes":""},"categories":[13],"tags":[],"class_list":["post-78710","post","type-post","status-publish","format-standard","has-post-thumbnail","hentry","category-provinciales"],"yoast_head":"<!-- This site is optimized with the Yoast SEO Premium plugin v23.0 (Yoast SEO v27.4) - https:\/\/yoast.com\/product\/yoast-seo-premium-wordpress\/ -->\n<title>Paleontolog\u00eda y tecnolog\u00eda en el museo del Desierto Patag\u00f3nico de A\u00f1elo<\/title>\n<meta name=\"robots\" content=\"index, follow, max-snippet:-1, max-image-preview:large, max-video-preview:-1\" \/>\n<link rel=\"canonical\" href=\"https:\/\/patagoniambiental.com.ar\/info\/paleontologia-y-tecnologia-en-el-museo-del-desierto-patagonico-de-anelo\/\" \/>\n<meta property=\"og:locale\" content=\"es_ES\" \/>\n<meta property=\"og:type\" content=\"article\" \/>\n<meta property=\"og:title\" content=\"Paleontolog\u00eda y tecnolog\u00eda en el museo del Desierto Patag\u00f3nico de A\u00f1elo\" \/>\n<meta property=\"og:url\" content=\"https:\/\/patagoniambiental.com.ar\/info\/paleontologia-y-tecnologia-en-el-museo-del-desierto-patagonico-de-anelo\/\" \/>\n<meta property=\"og:site_name\" content=\"Patagonia Ambiental\" \/>\n<meta property=\"article:publisher\" content=\"https:\/\/www.facebook.com\/patagonia.ambiental\" \/>\n<meta property=\"article:author\" content=\"https:\/\/www.facebook.com\/share\/1C1V8Gv9BX\/?mibextid=qi2Omg\" \/>\n<meta property=\"article:published_time\" content=\"2023-07-23T22:00:00+00:00\" \/>\n<meta property=\"og:image\" content=\"https:\/\/patagoniambiental.com.ar\/info\/wp-content\/uploads\/2023\/07\/thumbnail_web-Museo-Anelo-2-980x559-1-696x387-1.jpg\" \/>\n\t<meta property=\"og:image:width\" content=\"696\" \/>\n\t<meta property=\"og:image:height\" content=\"387\" \/>\n\t<meta property=\"og:image:type\" content=\"image\/jpeg\" \/>\n<meta name=\"author\" content=\"Patagonia Ambiental\" \/>\n<meta name=\"twitter:card\" content=\"summary_large_image\" \/>\n<meta name=\"twitter:creator\" content=\"@PatAmb\" \/>\n<meta name=\"twitter:site\" content=\"@PatAmb\" \/>\n<script type=\"application\/ld+json\" class=\"yoast-schema-graph\">{\"@context\":\"https:\\\/\\\/schema.org\",\"@graph\":[{\"@type\":\"Article\",\"@id\":\"https:\\\/\\\/patagoniambiental.com.ar\\\/info\\\/paleontologia-y-tecnologia-en-el-museo-del-desierto-patagonico-de-anelo\\\/#article\",\"isPartOf\":{\"@id\":\"https:\\\/\\\/patagoniambiental.com.ar\\\/info\\\/paleontologia-y-tecnologia-en-el-museo-del-desierto-patagonico-de-anelo\\\/\"},\"author\":{\"name\":\"Patagonia Ambiental\",\"@id\":\"https:\\\/\\\/patagoniambiental.com.ar\\\/info\\\/#\\\/schema\\\/person\\\/db12bff64bbcbf6a253710bf0ea37b5d\"},\"headline\":\"Paleontolog\u00eda y tecnolog\u00eda en el museo del Desierto Patag\u00f3nico de A\u00f1elo\",\"datePublished\":\"2023-07-23T22:00:00+00:00\",\"mainEntityOfPage\":{\"@id\":\"https:\\\/\\\/patagoniambiental.com.ar\\\/info\\\/paleontologia-y-tecnologia-en-el-museo-del-desierto-patagonico-de-anelo\\\/\"},\"wordCount\":422,\"commentCount\":0,\"publisher\":{\"@id\":\"https:\\\/\\\/patagoniambiental.com.ar\\\/info\\\/#organization\"},\"image\":{\"@id\":\"https:\\\/\\\/patagoniambiental.com.ar\\\/info\\\/paleontologia-y-tecnologia-en-el-museo-del-desierto-patagonico-de-anelo\\\/#primaryimage\"},\"thumbnailUrl\":\"https:\\\/\\\/patagoniambiental.com.ar\\\/info\\\/wp-content\\\/uploads\\\/2023\\\/07\\\/thumbnail_web-Museo-Anelo-2-980x559-1-696x387-1.jpg\",\"articleSection\":[\"Provinciales\"],\"inLanguage\":\"es\",\"potentialAction\":[{\"@type\":\"CommentAction\",\"name\":\"Comment\",\"target\":[\"https:\\\/\\\/patagoniambiental.com.ar\\\/info\\\/paleontologia-y-tecnologia-en-el-museo-del-desierto-patagonico-de-anelo\\\/#respond\"]}]},{\"@type\":\"WebPage\",\"@id\":\"https:\\\/\\\/patagoniambiental.com.ar\\\/info\\\/paleontologia-y-tecnologia-en-el-museo-del-desierto-patagonico-de-anelo\\\/\",\"url\":\"https:\\\/\\\/patagoniambiental.com.ar\\\/info\\\/paleontologia-y-tecnologia-en-el-museo-del-desierto-patagonico-de-anelo\\\/\",\"name\":\"Paleontolog\u00eda y tecnolog\u00eda en el museo del Desierto Patag\u00f3nico de A\u00f1elo\",\"isPartOf\":{\"@id\":\"https:\\\/\\\/patagoniambiental.com.ar\\\/info\\\/#website\"},\"primaryImageOfPage\":{\"@id\":\"https:\\\/\\\/patagoniambiental.com.ar\\\/info\\\/paleontologia-y-tecnologia-en-el-museo-del-desierto-patagonico-de-anelo\\\/#primaryimage\"},\"image\":{\"@id\":\"https:\\\/\\\/patagoniambiental.com.ar\\\/info\\\/paleontologia-y-tecnologia-en-el-museo-del-desierto-patagonico-de-anelo\\\/#primaryimage\"},\"thumbnailUrl\":\"https:\\\/\\\/patagoniambiental.com.ar\\\/info\\\/wp-content\\\/uploads\\\/2023\\\/07\\\/thumbnail_web-Museo-Anelo-2-980x559-1-696x387-1.jpg\",\"datePublished\":\"2023-07-23T22:00:00+00:00\",\"breadcrumb\":{\"@id\":\"https:\\\/\\\/patagoniambiental.com.ar\\\/info\\\/paleontologia-y-tecnologia-en-el-museo-del-desierto-patagonico-de-anelo\\\/#breadcrumb\"},\"inLanguage\":\"es\",\"potentialAction\":[{\"@type\":\"ReadAction\",\"target\":[\"https:\\\/\\\/patagoniambiental.com.ar\\\/info\\\/paleontologia-y-tecnologia-en-el-museo-del-desierto-patagonico-de-anelo\\\/\"]}]},{\"@type\":\"ImageObject\",\"inLanguage\":\"es\",\"@id\":\"https:\\\/\\\/patagoniambiental.com.ar\\\/info\\\/paleontologia-y-tecnologia-en-el-museo-del-desierto-patagonico-de-anelo\\\/#primaryimage\",\"url\":\"https:\\\/\\\/patagoniambiental.com.ar\\\/info\\\/wp-content\\\/uploads\\\/2023\\\/07\\\/thumbnail_web-Museo-Anelo-2-980x559-1-696x387-1.jpg\",\"contentUrl\":\"https:\\\/\\\/patagoniambiental.com.ar\\\/info\\\/wp-content\\\/uploads\\\/2023\\\/07\\\/thumbnail_web-Museo-Anelo-2-980x559-1-696x387-1.jpg\",\"width\":696,\"height\":387},{\"@type\":\"BreadcrumbList\",\"@id\":\"https:\\\/\\\/patagoniambiental.com.ar\\\/info\\\/paleontologia-y-tecnologia-en-el-museo-del-desierto-patagonico-de-anelo\\\/#breadcrumb\",\"itemListElement\":[{\"@type\":\"ListItem\",\"position\":1,\"name\":\"Inicio\",\"item\":\"https:\\\/\\\/patagoniambiental.com.ar\\\/info\\\/\"},{\"@type\":\"ListItem\",\"position\":2,\"name\":\"Paleontolog\u00eda y tecnolog\u00eda en el museo del Desierto Patag\u00f3nico de A\u00f1elo\"}]},{\"@type\":\"WebSite\",\"@id\":\"https:\\\/\\\/patagoniambiental.com.ar\\\/info\\\/#website\",\"url\":\"https:\\\/\\\/patagoniambiental.com.ar\\\/info\\\/\",\"name\":\"Patagonia Ambiental\",\"description\":\"Monitoreo y an\u00e1lisis de la situaci\u00f3n geopol\u00edtica en el mundo y su implicancia en la Patagonia\",\"publisher\":{\"@id\":\"https:\\\/\\\/patagoniambiental.com.ar\\\/info\\\/#organization\"},\"potentialAction\":[{\"@type\":\"SearchAction\",\"target\":{\"@type\":\"EntryPoint\",\"urlTemplate\":\"https:\\\/\\\/patagoniambiental.com.ar\\\/info\\\/?s={search_term_string}\"},\"query-input\":{\"@type\":\"PropertyValueSpecification\",\"valueRequired\":true,\"valueName\":\"search_term_string\"}}],\"inLanguage\":\"es\"},{\"@type\":\"Organization\",\"@id\":\"https:\\\/\\\/patagoniambiental.com.ar\\\/info\\\/#organization\",\"name\":\"Patagonia Ambiental\",\"url\":\"https:\\\/\\\/patagoniambiental.com.ar\\\/info\\\/\",\"logo\":{\"@type\":\"ImageObject\",\"inLanguage\":\"es\",\"@id\":\"https:\\\/\\\/patagoniambiental.com.ar\\\/info\\\/#\\\/schema\\\/logo\\\/image\\\/\",\"url\":\"https:\\\/\\\/patagoniambiental.com.ar\\\/info\\\/wp-content\\\/uploads\\\/2025\\\/05\\\/LOGO-PATAGONIA-AMBIENTAL.png\",\"contentUrl\":\"https:\\\/\\\/patagoniambiental.com.ar\\\/info\\\/wp-content\\\/uploads\\\/2025\\\/05\\\/LOGO-PATAGONIA-AMBIENTAL.png\",\"width\":433,\"height\":250,\"caption\":\"Patagonia Ambiental\"},\"image\":{\"@id\":\"https:\\\/\\\/patagoniambiental.com.ar\\\/info\\\/#\\\/schema\\\/logo\\\/image\\\/\"},\"sameAs\":[\"https:\\\/\\\/www.facebook.com\\\/patagonia.ambiental\",\"https:\\\/\\\/x.com\\\/PatAmb\"]},{\"@type\":\"Person\",\"@id\":\"https:\\\/\\\/patagoniambiental.com.ar\\\/info\\\/#\\\/schema\\\/person\\\/db12bff64bbcbf6a253710bf0ea37b5d\",\"name\":\"Patagonia Ambiental\",\"description\":\"Andr\u00e9s Nievas T\u00e9cnico en manejo ambiental, consultor Ambiental y escritor para medios locales e internacionales sobre temas de geopolitica y medio ambiente.\",\"sameAs\":[\"http:\\\/\\\/www.patagoniambiental.com.ar\",\"https:\\\/\\\/www.facebook.com\\\/share\\\/1C1V8Gv9BX\\\/?mibextid=qi2Omg\",\"@patagoniambiental\",\"https:\\\/\\\/youtube.com\\\/@patagoniaambiental2023?si=BLt58t0wuXquxlYZ\"]}]}<\/script>\n<!-- \/ Yoast SEO Premium plugin. -->","yoast_head_json":{"title":"Paleontolog\u00eda y tecnolog\u00eda en el museo del Desierto Patag\u00f3nico de A\u00f1elo","robots":{"index":"index","follow":"follow","max-snippet":"max-snippet:-1","max-image-preview":"max-image-preview:large","max-video-preview":"max-video-preview:-1"},"canonical":"https:\/\/patagoniambiental.com.ar\/info\/paleontologia-y-tecnologia-en-el-museo-del-desierto-patagonico-de-anelo\/","og_locale":"es_ES","og_type":"article","og_title":"Paleontolog\u00eda y tecnolog\u00eda en el museo del Desierto Patag\u00f3nico de A\u00f1elo","og_url":"https:\/\/patagoniambiental.com.ar\/info\/paleontologia-y-tecnologia-en-el-museo-del-desierto-patagonico-de-anelo\/","og_site_name":"Patagonia Ambiental","article_publisher":"https:\/\/www.facebook.com\/patagonia.ambiental","article_author":"https:\/\/www.facebook.com\/share\/1C1V8Gv9BX\/?mibextid=qi2Omg","article_published_time":"2023-07-23T22:00:00+00:00","og_image":[{"width":696,"height":387,"url":"https:\/\/patagoniambiental.com.ar\/info\/wp-content\/uploads\/2023\/07\/thumbnail_web-Museo-Anelo-2-980x559-1-696x387-1.jpg","type":"image\/jpeg"}],"author":"Patagonia Ambiental","twitter_card":"summary_large_image","twitter_creator":"@PatAmb","twitter_site":"@PatAmb","schema":{"@context":"https:\/\/schema.org","@graph":[{"@type":"Article","@id":"https:\/\/patagoniambiental.com.ar\/info\/paleontologia-y-tecnologia-en-el-museo-del-desierto-patagonico-de-anelo\/#article","isPartOf":{"@id":"https:\/\/patagoniambiental.com.ar\/info\/paleontologia-y-tecnologia-en-el-museo-del-desierto-patagonico-de-anelo\/"},"author":{"name":"Patagonia Ambiental","@id":"https:\/\/patagoniambiental.com.ar\/info\/#\/schema\/person\/db12bff64bbcbf6a253710bf0ea37b5d"},"headline":"Paleontolog\u00eda y tecnolog\u00eda en el museo del Desierto Patag\u00f3nico de A\u00f1elo","datePublished":"2023-07-23T22:00:00+00:00","mainEntityOfPage":{"@id":"https:\/\/patagoniambiental.com.ar\/info\/paleontologia-y-tecnologia-en-el-museo-del-desierto-patagonico-de-anelo\/"},"wordCount":422,"commentCount":0,"publisher":{"@id":"https:\/\/patagoniambiental.com.ar\/info\/#organization"},"image":{"@id":"https:\/\/patagoniambiental.com.ar\/info\/paleontologia-y-tecnologia-en-el-museo-del-desierto-patagonico-de-anelo\/#primaryimage"},"thumbnailUrl":"https:\/\/patagoniambiental.com.ar\/info\/wp-content\/uploads\/2023\/07\/thumbnail_web-Museo-Anelo-2-980x559-1-696x387-1.jpg","articleSection":["Provinciales"],"inLanguage":"es","potentialAction":[{"@type":"CommentAction","name":"Comment","target":["https:\/\/patagoniambiental.com.ar\/info\/paleontologia-y-tecnologia-en-el-museo-del-desierto-patagonico-de-anelo\/#respond"]}]},{"@type":"WebPage","@id":"https:\/\/patagoniambiental.com.ar\/info\/paleontologia-y-tecnologia-en-el-museo-del-desierto-patagonico-de-anelo\/","url":"https:\/\/patagoniambiental.com.ar\/info\/paleontologia-y-tecnologia-en-el-museo-del-desierto-patagonico-de-anelo\/","name":"Paleontolog\u00eda y tecnolog\u00eda en el museo del Desierto Patag\u00f3nico de A\u00f1elo","isPartOf":{"@id":"https:\/\/patagoniambiental.com.ar\/info\/#website"},"primaryImageOfPage":{"@id":"https:\/\/patagoniambiental.com.ar\/info\/paleontologia-y-tecnologia-en-el-museo-del-desierto-patagonico-de-anelo\/#primaryimage"},"image":{"@id":"https:\/\/patagoniambiental.com.ar\/info\/paleontologia-y-tecnologia-en-el-museo-del-desierto-patagonico-de-anelo\/#primaryimage"},"thumbnailUrl":"https:\/\/patagoniambiental.com.ar\/info\/wp-content\/uploads\/2023\/07\/thumbnail_web-Museo-Anelo-2-980x559-1-696x387-1.jpg","datePublished":"2023-07-23T22:00:00+00:00","breadcrumb":{"@id":"https:\/\/patagoniambiental.com.ar\/info\/paleontologia-y-tecnologia-en-el-museo-del-desierto-patagonico-de-anelo\/#breadcrumb"},"inLanguage":"es","potentialAction":[{"@type":"ReadAction","target":["https:\/\/patagoniambiental.com.ar\/info\/paleontologia-y-tecnologia-en-el-museo-del-desierto-patagonico-de-anelo\/"]}]},{"@type":"ImageObject","inLanguage":"es","@id":"https:\/\/patagoniambiental.com.ar\/info\/paleontologia-y-tecnologia-en-el-museo-del-desierto-patagonico-de-anelo\/#primaryimage","url":"https:\/\/patagoniambiental.com.ar\/info\/wp-content\/uploads\/2023\/07\/thumbnail_web-Museo-Anelo-2-980x559-1-696x387-1.jpg","contentUrl":"https:\/\/patagoniambiental.com.ar\/info\/wp-content\/uploads\/2023\/07\/thumbnail_web-Museo-Anelo-2-980x559-1-696x387-1.jpg","width":696,"height":387},{"@type":"BreadcrumbList","@id":"https:\/\/patagoniambiental.com.ar\/info\/paleontologia-y-tecnologia-en-el-museo-del-desierto-patagonico-de-anelo\/#breadcrumb","itemListElement":[{"@type":"ListItem","position":1,"name":"Inicio","item":"https:\/\/patagoniambiental.com.ar\/info\/"},{"@type":"ListItem","position":2,"name":"Paleontolog\u00eda y tecnolog\u00eda en el museo del Desierto Patag\u00f3nico de A\u00f1elo"}]},{"@type":"WebSite","@id":"https:\/\/patagoniambiental.com.ar\/info\/#website","url":"https:\/\/patagoniambiental.com.ar\/info\/","name":"Patagonia Ambiental","description":"Monitoreo y an\u00e1lisis de la situaci\u00f3n geopol\u00edtica en el mundo y su implicancia en la Patagonia","publisher":{"@id":"https:\/\/patagoniambiental.com.ar\/info\/#organization"},"potentialAction":[{"@type":"SearchAction","target":{"@type":"EntryPoint","urlTemplate":"https:\/\/patagoniambiental.com.ar\/info\/?s={search_term_string}"},"query-input":{"@type":"PropertyValueSpecification","valueRequired":true,"valueName":"search_term_string"}}],"inLanguage":"es"},{"@type":"Organization","@id":"https:\/\/patagoniambiental.com.ar\/info\/#organization","name":"Patagonia Ambiental","url":"https:\/\/patagoniambiental.com.ar\/info\/","logo":{"@type":"ImageObject","inLanguage":"es","@id":"https:\/\/patagoniambiental.com.ar\/info\/#\/schema\/logo\/image\/","url":"https:\/\/patagoniambiental.com.ar\/info\/wp-content\/uploads\/2025\/05\/LOGO-PATAGONIA-AMBIENTAL.png","contentUrl":"https:\/\/patagoniambiental.com.ar\/info\/wp-content\/uploads\/2025\/05\/LOGO-PATAGONIA-AMBIENTAL.png","width":433,"height":250,"caption":"Patagonia Ambiental"},"image":{"@id":"https:\/\/patagoniambiental.com.ar\/info\/#\/schema\/logo\/image\/"},"sameAs":["https:\/\/www.facebook.com\/patagonia.ambiental","https:\/\/x.com\/PatAmb"]},{"@type":"Person","@id":"https:\/\/patagoniambiental.com.ar\/info\/#\/schema\/person\/db12bff64bbcbf6a253710bf0ea37b5d","name":"Patagonia Ambiental","description":"Andr\u00e9s Nievas T\u00e9cnico en manejo ambiental, consultor Ambiental y escritor para medios locales e internacionales sobre temas de geopolitica y medio ambiente.","sameAs":["http:\/\/www.patagoniambiental.com.ar","https:\/\/www.facebook.com\/share\/1C1V8Gv9BX\/?mibextid=qi2Omg","@patagoniambiental","https:\/\/youtube.com\/@patagoniaambiental2023?si=BLt58t0wuXquxlYZ"]}]}},"_links":{"self":[{"href":"https:\/\/patagoniambiental.com.ar\/info\/wp-json\/wp\/v2\/posts\/78710","targetHints":{"allow":["GET"]}}],"collection":[{"href":"https:\/\/patagoniambiental.com.ar\/info\/wp-json\/wp\/v2\/posts"}],"about":[{"href":"https:\/\/patagoniambiental.com.ar\/info\/wp-json\/wp\/v2\/types\/post"}],"author":[{"embeddable":true,"href":"https:\/\/patagoniambiental.com.ar\/info\/wp-json\/wp\/v2\/users\/2"}],"replies":[{"embeddable":true,"href":"https:\/\/patagoniambiental.com.ar\/info\/wp-json\/wp\/v2\/comments?post=78710"}],"version-history":[{"count":0,"href":"https:\/\/patagoniambiental.com.ar\/info\/wp-json\/wp\/v2\/posts\/78710\/revisions"}],"wp:featuredmedia":[{"embeddable":true,"href":"https:\/\/patagoniambiental.com.ar\/info\/wp-json\/wp\/v2\/media\/78711"}],"wp:attachment":[{"href":"https:\/\/patagoniambiental.com.ar\/info\/wp-json\/wp\/v2\/media?parent=78710"}],"wp:term":[{"taxonomy":"category","embeddable":true,"href":"https:\/\/patagoniambiental.com.ar\/info\/wp-json\/wp\/v2\/categories?post=78710"},{"taxonomy":"post_tag","embeddable":true,"href":"https:\/\/patagoniambiental.com.ar\/info\/wp-json\/wp\/v2\/tags?post=78710"}],"curies":[{"name":"wp","href":"https:\/\/api.w.org\/{rel}","templated":true}]}}