{"id":78716,"date":"2023-07-24T07:00:00","date_gmt":"2023-07-24T10:00:00","guid":{"rendered":"https:\/\/patagoniambiental.com.ar\/info\/?p=78716"},"modified":"2024-08-16T15:55:43","modified_gmt":"2024-08-16T18:55:43","slug":"proteccionistas-advierten-que-ballenas-y-delfines-sufren-la-amenaza-del-cambio-climatico-y-la-caza","status":"publish","type":"post","link":"https:\/\/patagoniambiental.com.ar\/info\/proteccionistas-advierten-que-ballenas-y-delfines-sufren-la-amenaza-del-cambio-climatico-y-la-caza\/","title":{"rendered":"Proteccionistas advierten que ballenas y delfines sufren amenaza del cambio clim\u00e1tico y la caza"},"content":{"rendered":"\n<!--more-->\n\n\n\n<p>Las ballenas y delfines ocupan un rol \u00abfundamental\u00bb dentro del ecosistema marino, pero en la actualidad \u00ablos contin\u00faan cazando\u00bb y se ven amenazados por el cambio clim\u00e1tico, advirtieron este domingo organizaciones no gubernamentales de protecci\u00f3n de oc\u00e9anos y de animales, en el marco D\u00eda Mundial de las Ballenas y los Delfines que se celebra hoy.<\/p>\n\n\n\n<p>En el mar argentino \u00abhay m\u00e1s de 20 especies de estos cet\u00e1ceos\u00bb, recordaron, tambi\u00e9n hoy, a trav\u00e9s de Twitter desde la iniciativa interministerial \u00abPampa Azul\u00bb, del Gobierno argentino, que articula acciones de investigaci\u00f3n cient\u00edfica, desarrollo tecnol\u00f3gico e innovaci\u00f3n para proporcionar bases cient\u00edficas a las pol\u00edticas oce\u00e1nicas nacionales.<\/p>\n\n\n\n<p>Entre las ballenas presentes est\u00e1n la franca austral, jorobada, azul, sei, minke y rorcuales; y, entre los delfines, los toninas, orcas, calderones, marsopas, delf\u00edn austral y oscuro.<\/p>\n\n\n\n<p>\u00abTodas estas especies se alimentan en la plataforma continental argentina. Desde Pampa Azul articulamos acciones de investigaci\u00f3n para dar bases cient\u00edficas a las pol\u00edticas oce\u00e1nicas nacionales incluyendo la conservaci\u00f3n y la creaci\u00f3n y gesti\u00f3n de \u00e1reas marinas protegidas\u00bb, precisaron.<\/p>\n\n\n\n<p>La Comisi\u00f3n Ballenera Internacional (CBI) declar\u00f3 el 23 de julio como el D\u00eda Mundial Contra la Caza de Ballenas en 1986, fecha que luego se convirti\u00f3 en el \u00abD\u00eda Mundial de las Ballenas y los Delfines\u00bb.<\/p>\n\n\n\n<p>Desde la ONG \u00abPor el mar\u00bb, que impulsa acciones para la protecci\u00f3n y restauraci\u00f3n del oc\u00e9ano, subrayaron que \u00abla preservaci\u00f3n de los cet\u00e1ceos que se promueve mediante el D\u00eda Mundial de las Ballenas y los Delfines es de vital importancia para la conservaci\u00f3n del ecosistema marino y, por ende, de toda la tierra\u00bb.<\/p>\n\n\n\n<p>\u00abEn 1986, la CBI implement\u00f3 una moratoria a la captura comercial de ballenas, lo que quiz\u00e1s fue el paso m\u00e1s importante que se dio hasta ese momento para su conservaci\u00f3n. Antes de aquella fecha todav\u00eda se realizaban capturas comerciales de miles de ejemplares en todo el planeta. Si bien todav\u00eda se siguen cazando, por suerte cada vez son menos y, desde entonces, varias de las poblaciones comenzaron a recuperarse\u00bb, record\u00f3 en un comunicado Miguel I\u00f1\u00edguez, presidente de la Fundaci\u00f3n Cethus, ONG sin fines de lucro que se dedica a la investigaci\u00f3n, conservaci\u00f3n y divulgaci\u00f3n de los cet\u00e1ceos.<\/p>\n\n\n\n<p>Cuando la prohibici\u00f3n a la caza entr\u00f3 en vigencia en 1986, \u00ab3 millones de ballenas hab\u00edan sido asesinadas por las flotas balleneras industriales durante el siglo XX\u00bb, agreg\u00f3 por su parte a trav\u00e9s de la cuenta oficial de Twitter la co fundadora del Instituto de Conservaci\u00f3n de Ballenas (ICB Argentina), Roxana Schteinbarg, organizaci\u00f3n civil sin fines de lucro cuya misi\u00f3n es la conservaci\u00f3n de estos cet\u00e1ceos y los oc\u00e9anos a trav\u00e9s de la investigaci\u00f3n y educaci\u00f3n.<\/p>\n\n\n\n<p>No obstante, tras la moratoria, \u00abJap\u00f3n sigui\u00f3 cazando ballenas, aprovechando un vac\u00edo legal, argumentando falsos fines cient\u00edficos, y Noruega e Islandia lo hicieron bajo objeci\u00f3n y reserva de la moratoria\u00bb, denunci\u00f3 Schteinbarg.<\/p>\n\n\n\n<p>Y concluy\u00f3 que \u00ablas diversas consideraciones cient\u00edficas, como el rol de las ballenas en el funcionamiento de los ecosistemas marinos y sus contribuciones para mitigar las consecuencias del cambio clim\u00e1tico deber\u00edan ser argumentos suficientes para detener por completo su cacer\u00eda. Sin embargo, a\u00fan se las contin\u00faa cazando\u00bb.<\/p>\n\n\n\n<p>En Argentina, la especie de ballena m\u00e1s emblem\u00e1tica es la ballena franca austral, que tambi\u00e9n tiene su propio d\u00eda nacional cada 25 de septiembre.<\/p>\n\n\n\n<p>\u00abCon la recuperaci\u00f3n de la poblaci\u00f3n de estos animales en nuestro pa\u00eds, hoy pueden verse ejemplares con frecuencia no solamente en Pen\u00ednsula Vald\u00e9s, sino a lo largo de todo el litoral patag\u00f3nico, con presencia de ballena franca en la costa bonaerense, R\u00edo Negro, a lo largo de la costa santacruce\u00f1a y tambi\u00e9n con registros en Tierra del Fuego\u00bb, agreg\u00f3 I\u00f1\u00edguez.<\/p>\n\n\n\n<p>Asimismo, el especialista destac\u00f3 que \u00abtodo el Atl\u00e1ntico Sur es un \u00e1rea de no captura de ballenas\u00bb y que, en la actualidad, \u00ablas amenazas m\u00e1s importantes que sufren los cet\u00e1ceos son los efectos del cambio clim\u00e1tico sobre su principal alimento, el krill\u00bb.<\/p>\n\n\n\n<p>\u00abSi se reduce la cantidad de krill esto afecta a todas las especies que se alimentan de krill\u00bb, advirti\u00f3.<\/p>\n\n\n\n<p>De la misma manera, en las zonas donde existe un alto tr\u00e1fico de embarcaciones \u00abocurren impactos sobre las ballenas y las embarcaciones m\u00e1s grandes a veces ni se dan cuenta\u00bb, agreg\u00f3, y, adem\u00e1s, \u00abhay mortalidad por los aparejos de pesca, ya que los animales quedan enredados\u00bb.<\/p>\n\n\n\n<p>Por \u00faltimo I\u00f1\u00edguez resalt\u00f3 la importancia de convenios como el que firmaron el Gobierno de Santa Cruz y la Fundaci\u00f3n Por El Mar, Ambiente Sur y Conociendo Nuestra Casa, ya que uno de los puntos acordados implicar\u00e1 la conservaci\u00f3n de los bosques de algas de Santa Cruz, colchones de agua del que dependen varias especies de cet\u00e1ceos.<\/p>\n\n\n\n<p>Fuente: www.noticiasradioreflejos.com.ar<\/p>\n","protected":false},"excerpt":{"rendered":"","protected":false},"author":2,"featured_media":78717,"comment_status":"open","ping_status":"open","sticky":false,"template":"","format":"standard","meta":{"site-sidebar-layout":"default","site-content-layout":"","ast-site-content-layout":"default","site-content-style":"default","site-sidebar-style":"default","ast-global-header-display":"","ast-banner-title-visibility":"","ast-main-header-display":"","ast-hfb-above-header-display":"","ast-hfb-below-header-display":"","ast-hfb-mobile-header-display":"","site-post-title":"","ast-breadcrumbs-content":"","ast-featured-img":"","footer-sml-layout":"","ast-disable-related-posts":"","theme-transparent-header-meta":"","adv-header-id-meta":"","stick-header-meta":"","header-above-stick-meta":"","header-main-stick-meta":"","header-below-stick-meta":"","astra-migrate-meta-layouts":"default","ast-page-background-enabled":"default","ast-page-background-meta":{"desktop":{"background-color":"var(--ast-global-color-5)","background-image":"","background-repeat":"repeat","background-position":"center center","background-size":"auto","background-attachment":"scroll","background-type":"","background-media":"","overlay-type":"","overlay-color":"","overlay-opacity":"","overlay-gradient":""},"tablet":{"background-color":"","background-image":"","background-repeat":"repeat","background-position":"center center","background-size":"auto","background-attachment":"scroll","background-type":"","background-media":"","overlay-type":"","overlay-color":"","overlay-opacity":"","overlay-gradient":""},"mobile":{"background-color":"","background-image":"","background-repeat":"repeat","background-position":"center center","background-size":"auto","background-attachment":"scroll","background-type":"","background-media":"","overlay-type":"","overlay-color":"","overlay-opacity":"","overlay-gradient":""}},"ast-content-background-meta":{"desktop":{"background-color":"var(--ast-global-color-4)","background-image":"","background-repeat":"repeat","background-position":"center center","background-size":"auto","background-attachment":"scroll","background-type":"","background-media":"","overlay-type":"","overlay-color":"","overlay-opacity":"","overlay-gradient":""},"tablet":{"background-color":"var(--ast-global-color-4)","background-image":"","background-repeat":"repeat","background-position":"center center","background-size":"auto","background-attachment":"scroll","background-type":"","background-media":"","overlay-type":"","overlay-color":"","overlay-opacity":"","overlay-gradient":""},"mobile":{"background-color":"var(--ast-global-color-4)","background-image":"","background-repeat":"repeat","background-position":"center center","background-size":"auto","background-attachment":"scroll","background-type":"","background-media":"","overlay-type":"","overlay-color":"","overlay-opacity":"","overlay-gradient":""}},"footnotes":""},"categories":[3],"tags":[],"class_list":["post-78716","post","type-post","status-publish","format-standard","has-post-thumbnail","hentry","category-ong"],"yoast_head":"<!-- This site is optimized with the Yoast SEO Premium plugin v23.0 (Yoast SEO v27.5) - https:\/\/yoast.com\/product\/yoast-seo-premium-wordpress\/ -->\n<title>Proteccionistas advierten que ballenas y delfines sufren amenaza del cambio clim\u00e1tico y la caza<\/title>\n<meta name=\"robots\" content=\"index, follow, max-snippet:-1, max-image-preview:large, max-video-preview:-1\" \/>\n<link rel=\"canonical\" href=\"https:\/\/patagoniambiental.com.ar\/info\/proteccionistas-advierten-que-ballenas-y-delfines-sufren-la-amenaza-del-cambio-climatico-y-la-caza\/\" \/>\n<meta property=\"og:locale\" content=\"es_ES\" \/>\n<meta property=\"og:type\" content=\"article\" \/>\n<meta property=\"og:title\" content=\"Proteccionistas advierten que ballenas y delfines sufren amenaza del cambio clim\u00e1tico y la caza\" \/>\n<meta property=\"og:url\" content=\"https:\/\/patagoniambiental.com.ar\/info\/proteccionistas-advierten-que-ballenas-y-delfines-sufren-la-amenaza-del-cambio-climatico-y-la-caza\/\" \/>\n<meta property=\"og:site_name\" content=\"Patagonia Ambiental\" \/>\n<meta property=\"article:publisher\" content=\"https:\/\/www.facebook.com\/patagonia.ambiental\" \/>\n<meta property=\"article:author\" content=\"https:\/\/www.facebook.com\/share\/1C1V8Gv9BX\/?mibextid=qi2Omg\" \/>\n<meta property=\"article:published_time\" content=\"2023-07-24T10:00:00+00:00\" \/>\n<meta property=\"article:modified_time\" content=\"2024-08-16T18:55:43+00:00\" \/>\n<meta property=\"og:image\" content=\"https:\/\/patagoniambiental.com.ar\/info\/wp-content\/uploads\/2023\/07\/ballenas_y_delfines-750x375-1.jpg\" \/>\n\t<meta property=\"og:image:width\" content=\"750\" \/>\n\t<meta property=\"og:image:height\" content=\"375\" \/>\n\t<meta property=\"og:image:type\" content=\"image\/jpeg\" \/>\n<meta name=\"author\" content=\"Patagonia Ambiental\" \/>\n<meta name=\"twitter:card\" content=\"summary_large_image\" \/>\n<meta name=\"twitter:creator\" content=\"@PatAmb\" \/>\n<meta name=\"twitter:site\" content=\"@PatAmb\" \/>\n<script type=\"application\/ld+json\" class=\"yoast-schema-graph\">{\"@context\":\"https:\\\/\\\/schema.org\",\"@graph\":[{\"@type\":\"Article\",\"@id\":\"https:\\\/\\\/patagoniambiental.com.ar\\\/info\\\/proteccionistas-advierten-que-ballenas-y-delfines-sufren-la-amenaza-del-cambio-climatico-y-la-caza\\\/#article\",\"isPartOf\":{\"@id\":\"https:\\\/\\\/patagoniambiental.com.ar\\\/info\\\/proteccionistas-advierten-que-ballenas-y-delfines-sufren-la-amenaza-del-cambio-climatico-y-la-caza\\\/\"},\"author\":{\"name\":\"Patagonia Ambiental\",\"@id\":\"https:\\\/\\\/patagoniambiental.com.ar\\\/info\\\/#\\\/schema\\\/person\\\/db12bff64bbcbf6a253710bf0ea37b5d\"},\"headline\":\"Proteccionistas advierten que ballenas y delfines sufren amenaza del cambio clim\u00e1tico y la caza\",\"datePublished\":\"2023-07-24T10:00:00+00:00\",\"dateModified\":\"2024-08-16T18:55:43+00:00\",\"mainEntityOfPage\":{\"@id\":\"https:\\\/\\\/patagoniambiental.com.ar\\\/info\\\/proteccionistas-advierten-que-ballenas-y-delfines-sufren-la-amenaza-del-cambio-climatico-y-la-caza\\\/\"},\"wordCount\":863,\"commentCount\":0,\"publisher\":{\"@id\":\"https:\\\/\\\/patagoniambiental.com.ar\\\/info\\\/#organization\"},\"image\":{\"@id\":\"https:\\\/\\\/patagoniambiental.com.ar\\\/info\\\/proteccionistas-advierten-que-ballenas-y-delfines-sufren-la-amenaza-del-cambio-climatico-y-la-caza\\\/#primaryimage\"},\"thumbnailUrl\":\"https:\\\/\\\/patagoniambiental.com.ar\\\/info\\\/wp-content\\\/uploads\\\/2023\\\/07\\\/ballenas_y_delfines-750x375-1.jpg\",\"articleSection\":[\"ONG\"],\"inLanguage\":\"es\",\"potentialAction\":[{\"@type\":\"CommentAction\",\"name\":\"Comment\",\"target\":[\"https:\\\/\\\/patagoniambiental.com.ar\\\/info\\\/proteccionistas-advierten-que-ballenas-y-delfines-sufren-la-amenaza-del-cambio-climatico-y-la-caza\\\/#respond\"]}]},{\"@type\":\"WebPage\",\"@id\":\"https:\\\/\\\/patagoniambiental.com.ar\\\/info\\\/proteccionistas-advierten-que-ballenas-y-delfines-sufren-la-amenaza-del-cambio-climatico-y-la-caza\\\/\",\"url\":\"https:\\\/\\\/patagoniambiental.com.ar\\\/info\\\/proteccionistas-advierten-que-ballenas-y-delfines-sufren-la-amenaza-del-cambio-climatico-y-la-caza\\\/\",\"name\":\"Proteccionistas advierten que ballenas y delfines sufren amenaza del cambio clim\u00e1tico y la caza\",\"isPartOf\":{\"@id\":\"https:\\\/\\\/patagoniambiental.com.ar\\\/info\\\/#website\"},\"primaryImageOfPage\":{\"@id\":\"https:\\\/\\\/patagoniambiental.com.ar\\\/info\\\/proteccionistas-advierten-que-ballenas-y-delfines-sufren-la-amenaza-del-cambio-climatico-y-la-caza\\\/#primaryimage\"},\"image\":{\"@id\":\"https:\\\/\\\/patagoniambiental.com.ar\\\/info\\\/proteccionistas-advierten-que-ballenas-y-delfines-sufren-la-amenaza-del-cambio-climatico-y-la-caza\\\/#primaryimage\"},\"thumbnailUrl\":\"https:\\\/\\\/patagoniambiental.com.ar\\\/info\\\/wp-content\\\/uploads\\\/2023\\\/07\\\/ballenas_y_delfines-750x375-1.jpg\",\"datePublished\":\"2023-07-24T10:00:00+00:00\",\"dateModified\":\"2024-08-16T18:55:43+00:00\",\"breadcrumb\":{\"@id\":\"https:\\\/\\\/patagoniambiental.com.ar\\\/info\\\/proteccionistas-advierten-que-ballenas-y-delfines-sufren-la-amenaza-del-cambio-climatico-y-la-caza\\\/#breadcrumb\"},\"inLanguage\":\"es\",\"potentialAction\":[{\"@type\":\"ReadAction\",\"target\":[\"https:\\\/\\\/patagoniambiental.com.ar\\\/info\\\/proteccionistas-advierten-que-ballenas-y-delfines-sufren-la-amenaza-del-cambio-climatico-y-la-caza\\\/\"]}]},{\"@type\":\"ImageObject\",\"inLanguage\":\"es\",\"@id\":\"https:\\\/\\\/patagoniambiental.com.ar\\\/info\\\/proteccionistas-advierten-que-ballenas-y-delfines-sufren-la-amenaza-del-cambio-climatico-y-la-caza\\\/#primaryimage\",\"url\":\"https:\\\/\\\/patagoniambiental.com.ar\\\/info\\\/wp-content\\\/uploads\\\/2023\\\/07\\\/ballenas_y_delfines-750x375-1.jpg\",\"contentUrl\":\"https:\\\/\\\/patagoniambiental.com.ar\\\/info\\\/wp-content\\\/uploads\\\/2023\\\/07\\\/ballenas_y_delfines-750x375-1.jpg\",\"width\":750,\"height\":375},{\"@type\":\"BreadcrumbList\",\"@id\":\"https:\\\/\\\/patagoniambiental.com.ar\\\/info\\\/proteccionistas-advierten-que-ballenas-y-delfines-sufren-la-amenaza-del-cambio-climatico-y-la-caza\\\/#breadcrumb\",\"itemListElement\":[{\"@type\":\"ListItem\",\"position\":1,\"name\":\"Inicio\",\"item\":\"https:\\\/\\\/patagoniambiental.com.ar\\\/info\\\/\"},{\"@type\":\"ListItem\",\"position\":2,\"name\":\"Proteccionistas advierten que ballenas y delfines sufren amenaza del cambio clim\u00e1tico y la caza\"}]},{\"@type\":\"WebSite\",\"@id\":\"https:\\\/\\\/patagoniambiental.com.ar\\\/info\\\/#website\",\"url\":\"https:\\\/\\\/patagoniambiental.com.ar\\\/info\\\/\",\"name\":\"Patagonia Ambiental\",\"description\":\"Monitoreo y an\u00e1lisis de la situaci\u00f3n geopol\u00edtica en el mundo y su implicancia en la Patagonia\",\"publisher\":{\"@id\":\"https:\\\/\\\/patagoniambiental.com.ar\\\/info\\\/#organization\"},\"potentialAction\":[{\"@type\":\"SearchAction\",\"target\":{\"@type\":\"EntryPoint\",\"urlTemplate\":\"https:\\\/\\\/patagoniambiental.com.ar\\\/info\\\/?s={search_term_string}\"},\"query-input\":{\"@type\":\"PropertyValueSpecification\",\"valueRequired\":true,\"valueName\":\"search_term_string\"}}],\"inLanguage\":\"es\"},{\"@type\":\"Organization\",\"@id\":\"https:\\\/\\\/patagoniambiental.com.ar\\\/info\\\/#organization\",\"name\":\"Patagonia Ambiental\",\"url\":\"https:\\\/\\\/patagoniambiental.com.ar\\\/info\\\/\",\"logo\":{\"@type\":\"ImageObject\",\"inLanguage\":\"es\",\"@id\":\"https:\\\/\\\/patagoniambiental.com.ar\\\/info\\\/#\\\/schema\\\/logo\\\/image\\\/\",\"url\":\"https:\\\/\\\/patagoniambiental.com.ar\\\/info\\\/wp-content\\\/uploads\\\/2025\\\/05\\\/LOGO-PATAGONIA-AMBIENTAL.png\",\"contentUrl\":\"https:\\\/\\\/patagoniambiental.com.ar\\\/info\\\/wp-content\\\/uploads\\\/2025\\\/05\\\/LOGO-PATAGONIA-AMBIENTAL.png\",\"width\":433,\"height\":250,\"caption\":\"Patagonia Ambiental\"},\"image\":{\"@id\":\"https:\\\/\\\/patagoniambiental.com.ar\\\/info\\\/#\\\/schema\\\/logo\\\/image\\\/\"},\"sameAs\":[\"https:\\\/\\\/www.facebook.com\\\/patagonia.ambiental\",\"https:\\\/\\\/x.com\\\/PatAmb\"]},{\"@type\":\"Person\",\"@id\":\"https:\\\/\\\/patagoniambiental.com.ar\\\/info\\\/#\\\/schema\\\/person\\\/db12bff64bbcbf6a253710bf0ea37b5d\",\"name\":\"Patagonia Ambiental\",\"description\":\"Andr\u00e9s Nievas T\u00e9cnico en manejo ambiental, consultor Ambiental y escritor para medios locales e internacionales sobre temas de geopolitica y medio ambiente.\",\"sameAs\":[\"http:\\\/\\\/www.patagoniambiental.com.ar\",\"https:\\\/\\\/www.facebook.com\\\/share\\\/1C1V8Gv9BX\\\/?mibextid=qi2Omg\",\"@patagoniambiental\",\"https:\\\/\\\/youtube.com\\\/@patagoniaambiental2023?si=BLt58t0wuXquxlYZ\"]}]}<\/script>\n<!-- \/ Yoast SEO Premium plugin. -->","yoast_head_json":{"title":"Proteccionistas advierten que ballenas y delfines sufren amenaza del cambio clim\u00e1tico y la caza","robots":{"index":"index","follow":"follow","max-snippet":"max-snippet:-1","max-image-preview":"max-image-preview:large","max-video-preview":"max-video-preview:-1"},"canonical":"https:\/\/patagoniambiental.com.ar\/info\/proteccionistas-advierten-que-ballenas-y-delfines-sufren-la-amenaza-del-cambio-climatico-y-la-caza\/","og_locale":"es_ES","og_type":"article","og_title":"Proteccionistas advierten que ballenas y delfines sufren amenaza del cambio clim\u00e1tico y la caza","og_url":"https:\/\/patagoniambiental.com.ar\/info\/proteccionistas-advierten-que-ballenas-y-delfines-sufren-la-amenaza-del-cambio-climatico-y-la-caza\/","og_site_name":"Patagonia Ambiental","article_publisher":"https:\/\/www.facebook.com\/patagonia.ambiental","article_author":"https:\/\/www.facebook.com\/share\/1C1V8Gv9BX\/?mibextid=qi2Omg","article_published_time":"2023-07-24T10:00:00+00:00","article_modified_time":"2024-08-16T18:55:43+00:00","og_image":[{"width":750,"height":375,"url":"https:\/\/patagoniambiental.com.ar\/info\/wp-content\/uploads\/2023\/07\/ballenas_y_delfines-750x375-1.jpg","type":"image\/jpeg"}],"author":"Patagonia Ambiental","twitter_card":"summary_large_image","twitter_creator":"@PatAmb","twitter_site":"@PatAmb","schema":{"@context":"https:\/\/schema.org","@graph":[{"@type":"Article","@id":"https:\/\/patagoniambiental.com.ar\/info\/proteccionistas-advierten-que-ballenas-y-delfines-sufren-la-amenaza-del-cambio-climatico-y-la-caza\/#article","isPartOf":{"@id":"https:\/\/patagoniambiental.com.ar\/info\/proteccionistas-advierten-que-ballenas-y-delfines-sufren-la-amenaza-del-cambio-climatico-y-la-caza\/"},"author":{"name":"Patagonia Ambiental","@id":"https:\/\/patagoniambiental.com.ar\/info\/#\/schema\/person\/db12bff64bbcbf6a253710bf0ea37b5d"},"headline":"Proteccionistas advierten que ballenas y delfines sufren amenaza del cambio clim\u00e1tico y la caza","datePublished":"2023-07-24T10:00:00+00:00","dateModified":"2024-08-16T18:55:43+00:00","mainEntityOfPage":{"@id":"https:\/\/patagoniambiental.com.ar\/info\/proteccionistas-advierten-que-ballenas-y-delfines-sufren-la-amenaza-del-cambio-climatico-y-la-caza\/"},"wordCount":863,"commentCount":0,"publisher":{"@id":"https:\/\/patagoniambiental.com.ar\/info\/#organization"},"image":{"@id":"https:\/\/patagoniambiental.com.ar\/info\/proteccionistas-advierten-que-ballenas-y-delfines-sufren-la-amenaza-del-cambio-climatico-y-la-caza\/#primaryimage"},"thumbnailUrl":"https:\/\/patagoniambiental.com.ar\/info\/wp-content\/uploads\/2023\/07\/ballenas_y_delfines-750x375-1.jpg","articleSection":["ONG"],"inLanguage":"es","potentialAction":[{"@type":"CommentAction","name":"Comment","target":["https:\/\/patagoniambiental.com.ar\/info\/proteccionistas-advierten-que-ballenas-y-delfines-sufren-la-amenaza-del-cambio-climatico-y-la-caza\/#respond"]}]},{"@type":"WebPage","@id":"https:\/\/patagoniambiental.com.ar\/info\/proteccionistas-advierten-que-ballenas-y-delfines-sufren-la-amenaza-del-cambio-climatico-y-la-caza\/","url":"https:\/\/patagoniambiental.com.ar\/info\/proteccionistas-advierten-que-ballenas-y-delfines-sufren-la-amenaza-del-cambio-climatico-y-la-caza\/","name":"Proteccionistas advierten que ballenas y delfines sufren amenaza del cambio clim\u00e1tico y la caza","isPartOf":{"@id":"https:\/\/patagoniambiental.com.ar\/info\/#website"},"primaryImageOfPage":{"@id":"https:\/\/patagoniambiental.com.ar\/info\/proteccionistas-advierten-que-ballenas-y-delfines-sufren-la-amenaza-del-cambio-climatico-y-la-caza\/#primaryimage"},"image":{"@id":"https:\/\/patagoniambiental.com.ar\/info\/proteccionistas-advierten-que-ballenas-y-delfines-sufren-la-amenaza-del-cambio-climatico-y-la-caza\/#primaryimage"},"thumbnailUrl":"https:\/\/patagoniambiental.com.ar\/info\/wp-content\/uploads\/2023\/07\/ballenas_y_delfines-750x375-1.jpg","datePublished":"2023-07-24T10:00:00+00:00","dateModified":"2024-08-16T18:55:43+00:00","breadcrumb":{"@id":"https:\/\/patagoniambiental.com.ar\/info\/proteccionistas-advierten-que-ballenas-y-delfines-sufren-la-amenaza-del-cambio-climatico-y-la-caza\/#breadcrumb"},"inLanguage":"es","potentialAction":[{"@type":"ReadAction","target":["https:\/\/patagoniambiental.com.ar\/info\/proteccionistas-advierten-que-ballenas-y-delfines-sufren-la-amenaza-del-cambio-climatico-y-la-caza\/"]}]},{"@type":"ImageObject","inLanguage":"es","@id":"https:\/\/patagoniambiental.com.ar\/info\/proteccionistas-advierten-que-ballenas-y-delfines-sufren-la-amenaza-del-cambio-climatico-y-la-caza\/#primaryimage","url":"https:\/\/patagoniambiental.com.ar\/info\/wp-content\/uploads\/2023\/07\/ballenas_y_delfines-750x375-1.jpg","contentUrl":"https:\/\/patagoniambiental.com.ar\/info\/wp-content\/uploads\/2023\/07\/ballenas_y_delfines-750x375-1.jpg","width":750,"height":375},{"@type":"BreadcrumbList","@id":"https:\/\/patagoniambiental.com.ar\/info\/proteccionistas-advierten-que-ballenas-y-delfines-sufren-la-amenaza-del-cambio-climatico-y-la-caza\/#breadcrumb","itemListElement":[{"@type":"ListItem","position":1,"name":"Inicio","item":"https:\/\/patagoniambiental.com.ar\/info\/"},{"@type":"ListItem","position":2,"name":"Proteccionistas advierten que ballenas y delfines sufren amenaza del cambio clim\u00e1tico y la caza"}]},{"@type":"WebSite","@id":"https:\/\/patagoniambiental.com.ar\/info\/#website","url":"https:\/\/patagoniambiental.com.ar\/info\/","name":"Patagonia Ambiental","description":"Monitoreo y an\u00e1lisis de la situaci\u00f3n geopol\u00edtica en el mundo y su implicancia en la Patagonia","publisher":{"@id":"https:\/\/patagoniambiental.com.ar\/info\/#organization"},"potentialAction":[{"@type":"SearchAction","target":{"@type":"EntryPoint","urlTemplate":"https:\/\/patagoniambiental.com.ar\/info\/?s={search_term_string}"},"query-input":{"@type":"PropertyValueSpecification","valueRequired":true,"valueName":"search_term_string"}}],"inLanguage":"es"},{"@type":"Organization","@id":"https:\/\/patagoniambiental.com.ar\/info\/#organization","name":"Patagonia Ambiental","url":"https:\/\/patagoniambiental.com.ar\/info\/","logo":{"@type":"ImageObject","inLanguage":"es","@id":"https:\/\/patagoniambiental.com.ar\/info\/#\/schema\/logo\/image\/","url":"https:\/\/patagoniambiental.com.ar\/info\/wp-content\/uploads\/2025\/05\/LOGO-PATAGONIA-AMBIENTAL.png","contentUrl":"https:\/\/patagoniambiental.com.ar\/info\/wp-content\/uploads\/2025\/05\/LOGO-PATAGONIA-AMBIENTAL.png","width":433,"height":250,"caption":"Patagonia Ambiental"},"image":{"@id":"https:\/\/patagoniambiental.com.ar\/info\/#\/schema\/logo\/image\/"},"sameAs":["https:\/\/www.facebook.com\/patagonia.ambiental","https:\/\/x.com\/PatAmb"]},{"@type":"Person","@id":"https:\/\/patagoniambiental.com.ar\/info\/#\/schema\/person\/db12bff64bbcbf6a253710bf0ea37b5d","name":"Patagonia Ambiental","description":"Andr\u00e9s Nievas T\u00e9cnico en manejo ambiental, consultor Ambiental y escritor para medios locales e internacionales sobre temas de geopolitica y medio ambiente.","sameAs":["http:\/\/www.patagoniambiental.com.ar","https:\/\/www.facebook.com\/share\/1C1V8Gv9BX\/?mibextid=qi2Omg","@patagoniambiental","https:\/\/youtube.com\/@patagoniaambiental2023?si=BLt58t0wuXquxlYZ"]}]}},"_links":{"self":[{"href":"https:\/\/patagoniambiental.com.ar\/info\/wp-json\/wp\/v2\/posts\/78716","targetHints":{"allow":["GET"]}}],"collection":[{"href":"https:\/\/patagoniambiental.com.ar\/info\/wp-json\/wp\/v2\/posts"}],"about":[{"href":"https:\/\/patagoniambiental.com.ar\/info\/wp-json\/wp\/v2\/types\/post"}],"author":[{"embeddable":true,"href":"https:\/\/patagoniambiental.com.ar\/info\/wp-json\/wp\/v2\/users\/2"}],"replies":[{"embeddable":true,"href":"https:\/\/patagoniambiental.com.ar\/info\/wp-json\/wp\/v2\/comments?post=78716"}],"version-history":[{"count":0,"href":"https:\/\/patagoniambiental.com.ar\/info\/wp-json\/wp\/v2\/posts\/78716\/revisions"}],"wp:featuredmedia":[{"embeddable":true,"href":"https:\/\/patagoniambiental.com.ar\/info\/wp-json\/wp\/v2\/media\/78717"}],"wp:attachment":[{"href":"https:\/\/patagoniambiental.com.ar\/info\/wp-json\/wp\/v2\/media?parent=78716"}],"wp:term":[{"taxonomy":"category","embeddable":true,"href":"https:\/\/patagoniambiental.com.ar\/info\/wp-json\/wp\/v2\/categories?post=78716"},{"taxonomy":"post_tag","embeddable":true,"href":"https:\/\/patagoniambiental.com.ar\/info\/wp-json\/wp\/v2\/tags?post=78716"}],"curies":[{"name":"wp","href":"https:\/\/api.w.org\/{rel}","templated":true}]}}