{"id":78771,"date":"2023-09-22T07:00:00","date_gmt":"2023-09-22T10:00:00","guid":{"rendered":"https:\/\/patagoniambiental.com.ar\/info\/?p=78771"},"modified":"2024-08-16T11:03:19","modified_gmt":"2024-08-16T14:03:19","slug":"charcamata-un-trekking-en-la-patagonia-al-principio-de-los-tiempos","status":"publish","type":"post","link":"https:\/\/patagoniambiental.com.ar\/info\/charcamata-un-trekking-en-la-patagonia-al-principio-de-los-tiempos\/","title":{"rendered":"Charcamata: un trekking en la Patagonia al principio de los tiempos"},"content":{"rendered":"\n<!--more-->\n\n\n\n<h4 class=\"wp-block-heading\" id=\"h-esta-en-santa-cruz-recorre-el-corazon-de-los-canadones-del-rio-pinturas-hasta-un-alero-de-piedra-con-arte-rupestre-de-7000-anos-tiempo-estuvo-alli-y-lo-recomienda-para-cuando-llegue-el-calorcito-de-verano\">Est\u00e1 en Santa Cruz. Recorre el coraz\u00f3n de los ca\u00f1adones del r\u00edo Pinturas hasta un alero de piedra con arte rupestre de 7000 a\u00f1os. Tiempo estuvo all\u00ed y lo recomienda para cuando llegue el calorcito de verano.<\/h4>\n\n\n\n<p><a href=\"https:\/\/www.tiempoar.com.ar\/informacion-general\/charcamata-trekking-patagonia\/#comments-container\">&nbsp;<\/a><a href=\"https:\/\/facebook.com\/sharer.php?u=https:\/\/www.tiempoar.com.ar\/informacion-general\/charcamata-trekking-patagonia\/\" target=\"_blank\" rel=\"noreferrer noopener\">&nbsp;<\/a><\/p>\n\n\n\n<figure class=\"wp-block-image\"><img decoding=\"async\" src=\"https:\/\/www.tiempoar.com.ar\/wp-content\/uploads\/2023\/08\/Web_charcamata-12-camino-vecinal_FOTOS-REWILDING-ZOYEN-TURISMO.jpg\" alt=\"\"\/><\/figure>\n\n\n\n<p>Por:\u00a0<a href=\"https:\/\/www.tiempoar.com.ar\/autor\/sonia-renison\/\">Sonia Renison<\/a><a href=\"https:\/\/twitter.com\/soniarutera\">@soniarutera<\/a>.-<strong>Muchos hablan de \u201cCharcamata\u201d<\/strong>, foto en mano. Pocos han llegado a este puntito que ni se ve en un mapa.\u00a0<strong>Es un alero con pinturas rupestres que est\u00e1 en uno de los ca\u00f1adones que se extienden durante 100 km en el\u00a0<a href=\"https:\/\/www.santacruzpatagonia.gob.ar\/\" target=\"_blank\" rel=\"noreferrer noopener\">noroeste santacruce\u00f1o<\/a><\/strong>\u00a0y que tallaron las glaciaciones, el viento y el tiempo y convirtieron a la regi\u00f3n en un anclaje de la naturaleza en estado puro.\u00a0<\/p>\n\n\n\n<p>Desde las localidades de Los Antiguos y Perito Moreno en el extremo norte de este territorio y la franja que abrazan la gran Ruta Nacional 40 y la Ruta Esc\u00e9nica 41, todo al pie de la cordillera, son claves los pueblos de Lago Posadas, Bajo Caracoles y el Parque Provincial Cueva de las Manos con su Sitio Patrimonio de la Humanidad.&nbsp;<\/p>\n\n\n\n<figure class=\"wp-block-image\"><img decoding=\"async\" src=\"https:\/\/www.tiempoar.com.ar\/wp-content\/uploads\/2023\/08\/Web_charcamata-11-claudio-figueroa-primer-plano_FOTOS-REWILDING-ZOYEN-TURISMO-1024x683.jpg\" alt=\"\" class=\"wp-image-638038\"\/><\/figure>\n\n\n\n<p><em>Foto: FOTOS REWILDING\/ ZOYEN TURISMO<\/em><\/p>\n\n\n\n<p><strong>El r\u00edo Pinturas nace en el Lago Buenos Aires (Gral. Carreras del lado chileno) y es en parte de su traza que el paisaje del tri\u00e1sico ofrece paisajes exclusivos.&nbsp;<\/strong>En la Regi\u00f3n est\u00e1 el Parque Nacional Patagonia. Diversas extensiones fueron alguna vez estancias, donde la&nbsp;<a href=\"http:\/\/rewildingargentina.org\/\" target=\"_blank\" rel=\"noreferrer noopener\">Fundaci\u00f3n Rewilding Argentina<\/a>&nbsp;(relacionada con la ex Land Trust del millonario estadounidense Douglas Tompkins) compr\u00f3 campos y dise\u00f1\u00f3 diversas Reservas Naturales con la visi\u00f3n de integrar un gran \u00e1rea natural binacional que, por ahora, tiene distintos portales de acceso en la inmensidad que abarca.&nbsp;<\/p>\n\n\n\n<p><strong>Pero es el ingreso al novedoso Portal Ca\u00f1ad\u00f3n Pinturas -de acceso libre y gratuito- el que permite disfrutar de un sinf\u00edn de opciones de trekking<\/strong>. Nada m\u00e1s llegar desde la Ruta Nacional 40 a unos 48 kil\u00f3metros al sur de la localidad de Perito Moreno, est\u00e1 el centro de informes. A cinco minutos, hay un sitio para estacionar&nbsp; veh\u00edculos o las motor home. Se llega incluso caminando a un primer sendero, \u201cTierra de Colores\u201d, para disfrutar en familia (con ganas de caminar, obvio). Pero vamos por m\u00e1s. Al sendero s\u00f3lo se accede con gu\u00eda autorizado: Claudio Figueroa es el \u00fanico experto que conoce hasta la entra\u00f1a misma de la tierra.<\/p>\n\n\n\n<p><strong>Por aqu\u00ed se conjugan las historias tehuelches y mapuches<\/strong>. Es una traves\u00eda mitad en 4\u00d74 y mitad a pie para sentirse un pionero en un territorio inh\u00f3spito al que nos gusta decirle Patagonia Infinita.<\/p>\n\n\n\n<p>El horizonte est\u00e1 todo el tiempo o se adivina al fondo del ca\u00f1ad\u00f3n cuando pega alguna vuelta el r\u00edo, que es apenas un hilo en algunos tramos. Cuesta imaginar a los primeros ganaderos que llegaron aqu\u00ed un siglo atr\u00e1s, cuando hoy lleva toda la vida hacer este viaje que se realiza quiz\u00e1s, una vez o nunca.&nbsp;<\/p>\n\n\n\n<p><strong>Para Claudio Figueroa, -tercera generaci\u00f3n crecida en la regi\u00f3n-, el campo y la naturaleza est\u00e1n impregnados en su ADN<\/strong>. Se cri\u00f3 en la zona de Gobernador Gregores a donde llegaron sus abuelos yugoslavos hace un siglo. Naci\u00f3 y creci\u00f3 en la regi\u00f3n. Adem\u00e1s, estudi\u00f3 turismo y cuando los campos laneros de la zona cambiaron de due\u00f1os, fue uno de ellos al que le interes\u00f3 esta movida.&nbsp;<\/p>\n\n\n\n<p><strong>\u201cA Charcamata fui en 2009 con el due\u00f1o del campo, quien tambi\u00e9n era el due\u00f1o de la estancia Los Toldos en aquel momento. Hasta hoy, es mi lugar en el mundo\u201d<\/strong>, le dice a<strong>&nbsp;Tiempo<\/strong>&nbsp;mientras maneja la 4 x4 en la que va un grupo de cuatro con la expectativa de ver lo desconocido.<\/p>\n\n\n\n<p>La excursi\u00f3n comienza en La Posta de Los Toldos, un refugio puesto en valor con amoroso dise\u00f1o interior bien de campo, r\u00fastico chic y con la atenci\u00f3n justa para quien ama las traves\u00edas. Es uno de los hospedajes de este Portal Ca\u00f1ad\u00f3n Pinturas, que antes fue un puesto de estancia y que, adem\u00e1s, a unos 500 metros de distancia,&nbsp; cuenta con sitio de acampe para los motor home con instalaciones de duchas y cocina. Impecable.<\/p>\n\n\n\n<figure class=\"wp-block-image\"><img decoding=\"async\" src=\"https:\/\/www.tiempoar.com.ar\/wp-content\/uploads\/2023\/08\/Web_charcamata-rancho_FOTOS-REWILDING-ZOYEN-TURISMO-1024x683.jpg\" alt=\"\" class=\"wp-image-638178\"\/><\/figure>\n\n\n\n<div style=\"height:100px\" aria-hidden=\"true\" class=\"wp-block-spacer\"><\/div>\n\n\n\n<h2 class=\"wp-block-heading\" id=\"h-la-aventura\">La aventura<\/h2>\n\n\n\n<p><strong>Son las 9, y Figueroa, experto en turismo, llega puntual. Nos mira r\u00e1pido para aprobar vestimenta, calzado y abrigo y que todos estemos c\u00f3modos para caminar<\/strong>&nbsp;\u00bfAgua? Todos. Comienza la experiencia de este lugar donde siempre se siente como la primera vez, el paisaje est\u00e1 intacto desde hace miles de a\u00f1os.&nbsp;<\/p>\n\n\n\n<p>Cuesta imaginar alrededor de 80 aleros que albergan estos ca\u00f1adones de 30 metros de altura de los cu\u00e1les s\u00f3lo es famoso el sitio Cueva de Las Manos, Patrimonio de la Humanidad. Nosotros vamos a otro, tambi\u00e9n en esta zona de ca\u00f1adones y adonde se viaja todo un d\u00eda para acceder y volver.<\/p>\n\n\n\n<p><strong>En la traves\u00eda, hay varias estancias privadas como Las Buitreras y La Madrugada que ni se ven, salvo el nombre en los croquis. Pero aqu\u00ed, por un camino vecinal que s\u00f3lo conoce nuestro gu\u00eda, la inmensidad cobra fuerza y dimensi\u00f3n. Es meseta el paisaje y por momentos se ven guanacos y choiques (el \u00f1and\u00fa petiso de la Patagonia)<\/strong>. El relato es ideal para este viaje porque llega hasta los pueblos originarios. \u201cM\u00e1s adelante vamos a cruzar por uno de los puestos de la estancia donde vive Tiburcio Sayhueque, su bisabuelo fue el cacique Valent\u00edn Sayhueque\u201d, explica y cobra m\u00edstica el viaje.<\/p>\n\n\n\n<p>El paisaje cambia a medida que subimos y descendemos de la meseta. Figueroa se\u00f1ala el r\u00edo, que en un recodo se ensancha pero a\u00fan mantiene una capa de hielo en la ma\u00f1ana de oto\u00f1o.&nbsp;<\/p>\n\n\n\n<p>Las estancias que a\u00fan perduran \u201cson parte de la historia de la ganader\u00eda regional\u201d, cuenta como al pasar mientras estudia r\u00e1pido el r\u00edo que de lejos era un hilo. De cerca es ancho, profundo y corre fuerte. Del otro lado se ve un monte de \u00e1rboles a\u00fan verdes y otros dorados que resguardan la casa sencilla de campo donde vive Sayhueque. No vamos a molestar, sale humo de la chimenea, debe tener un fuego encendido para resguardarse del fr\u00edo.<\/p>\n\n\n\n<figure class=\"wp-block-image\"><img decoding=\"async\" src=\"https:\/\/www.tiempoar.com.ar\/wp-content\/uploads\/2023\/08\/Web_charcamata-9-avispa_FOTOS-REWILDING-ZOYEN-TURISMO-1024x683.jpg\" alt=\"\" class=\"wp-image-638037\"\/><\/figure>\n\n\n\n<p><strong>Seguimos viaje hasta que el camino trepa casi hasta arriba de la meseta y dibuja otra curva gigante en el paisaje que, en el fondo, revela otro monte de \u00e1rboles y se adivina una casa<\/strong>. Media hora pasa hasta que llegamos, cruzamos de nuevo el r\u00edo, rogando que no se quede el veh\u00edculo, y los caballos sueltos, unos criollos fuertes, se alejan al tranco.&nbsp;<\/p>\n\n\n\n<p>Nadie por aqu\u00ed ni por all\u00e1. Parece abandonado. Avanzamos por una huella hasta una tranquera que muestra el camino, ahora, hacia un ca\u00f1ad\u00f3n cerrado.&nbsp;<strong>El viaje es a los tumbos. De dif\u00edcil el acceso. Detiene la marcha y anuncia: \u201cAhora seguimos de a pie\u201d.<\/strong><\/p>\n\n\n\n<div style=\"height:100px\" aria-hidden=\"true\" class=\"wp-block-spacer\"><\/div>\n\n\n\n<h2 class=\"wp-block-heading\" id=\"h-paso-a-paso\">Paso a paso<\/h2>\n\n\n\n<p>Cada uno con su botella de agua y un abrigo en capas. Cuando pega la sombra hace fr\u00edo de verdad. Cuando pega el sol, tambi\u00e9n. El gu\u00eda va atento y mira hacia la cima rocosa de un lado y del otro por si asoma un chinchill\u00f3n anaranjado, uno de los roedores gigantes (Vizcacha de la Patagonia) que habita la zona, pero est\u00e1 muy escondido.&nbsp;<\/p>\n\n\n\n<p><strong>Hay una primera parada y sirve de descanso. Trepamos unos metros sobre una explanada natural de roca y la sombra se pone bien fr\u00eda cuando ingresamos a un alero en la monta\u00f1a. Han trabajado arque\u00f3logos y vemos las primeras pinturas rupestres sobre sus muros<\/strong>. Es tan dif\u00edcil llegar que estremece la intimidad de estar parado junto la pared de piedra mirando en solitario esa huella pintada por el hombre hace siete mil a\u00f1os.&nbsp;<\/p>\n\n\n\n<p>El gu\u00eda se sonr\u00ede tranquilo y explica la importancia del suelo, la roca, la formaci\u00f3n, y uno aprende de \u201cfallas geol\u00f3gicas\u201d, de \u201cignimbrita\u201d de \u201cmeseta Bas\u00e1ltica\u201d de paredones de 300 metros de altura. El temor es que aparezca un puma, pero casi cre\u00e9s que tambi\u00e9n puede aparecer un dinosaurio.&nbsp;<\/p>\n\n\n\n<div style=\"height:100px\" aria-hidden=\"true\" class=\"wp-block-spacer\"><\/div>\n\n\n\n<h2 class=\"wp-block-heading\" id=\"h-charcamata\">Charcamata<\/h2>\n\n\n\n<p><strong>La experiencia contin\u00faa, siempre a pie.<\/strong>&nbsp;El cielo turquesa, alguna nube lo nubla y uno mira desde abajo y al costado en un sinf\u00edn de ca\u00f1adones, que parecen laberintos dise\u00f1ados por un gigante.<strong>&nbsp;\u201cMe dejan ac\u00e1 y me largo a llorar\u201d, dice una rezagada ante la inmensidad y lo infinito del paisaje.<\/strong><\/p>\n\n\n\n<p>El verde es intenso cuando hay m\u00e1s agua y por momentos juegan a hacer reflejos la piedra y las algas, los musgos y el cielo. Es realmente emocionante la experiencia, por su simpleza, la de caminar en la naturaleza.&nbsp;<\/p>\n\n\n\n<p><strong>De pronto, el paisaje se abre, el ancho del ca\u00f1ad\u00f3n es como de cien metros, nos vemos m\u00e1s peque\u00f1os que nunca y la monta\u00f1a tiene al pie una boca gigante<\/strong>. \u201cEs ah\u00ed\u201d, dice el gu\u00eda y ya est\u00e1 adentro. Enorme el \u201calero\u201d de unos 80 metros de largo, 40 de alto y 20 de profundidad. Hace mucho fr\u00edo en la sombra, aprovechamos el mediod\u00eda y nos sentamos al sol a probar las \u201cviandas\u201d: tarta, s\u00e1ndwich y fruta, que todos devoramos. El sol se apura y nosotros tambi\u00e9n: queremos ver todas las pinturas rupestres en el alero gigante de Charcamata.<\/p>\n\n\n\n<p><strong>\u201cLo que est\u00e1n viendo no ha sufrido la intervenci\u00f3n humana actual, ni el ca\u00f1ad\u00f3n, ni el cauce, ni este alero\u201d, explica Claudio<\/strong>. Cada vez que llega, se da cuenta que estar tan cerca, en la intimidad del lugar, en silencio, viendo y re-descubriendo cada vez algo nuevo es lo que le hace sentir que es \u201csu lugar\u201d en el mundo.<\/p>\n\n\n\n<p><strong>Manos, puntos, guanacos, choiques, pumas, figuras geom\u00e9tricas. Hay de todo para ver.&nbsp;<\/strong>Es despacio hasta que se acostumbra la vista y de pronto son cientos de pinturas estampadas sobre la piedra, en los muros, en el techo. Son miles de a\u00f1os, ah\u00ed mismo, un pelicul\u00f3n al alcance de tus manos.&nbsp;<\/p>\n\n\n\n<p><strong>Hay que guardar energ\u00eda porque el regreso, tambi\u00e9n a pie. Una hora, vadeando el r\u00edo y siguiendo el cauce que forma la huella<\/strong>. Los muros parecen m\u00e1s amables ahora que los conocemos. Te miento si digo que fue m\u00e1s r\u00e1pido el regreso. Mir\u00e1s otros detalles, te entreten\u00e9s con alguna florcita silvestre. Una planta que jam\u00e1s viste y esos ca\u00f1adones que se repiten hasta el infinito y la idea fuerte de ser pionero en ese camino, en esa huella, es la verdadera experiencia.&nbsp;<\/p>\n\n\n\n<p>Se abre el paisaje y vemos el veh\u00edculo. En la cajuela, hay heladeritas con agua fresca, jugo y hasta caf\u00e9 o t\u00e9 que reconfortan el alma. Hay un premio: una dulzura que elabora una emprendedora local, un brownie cubierto de chocolate que tiene la forma de la huella del guanaco. Adentro. Y como si fuera en super ocho, todo de nuevo pero r\u00e1pido y pasado al rev\u00e9s. En el regreso a uno se le mezclan las im\u00e1genes como si un d\u00eda fuera una semana \u00bfTe pas\u00f3? Lo imagin\u00e9.<\/p>\n\n\n\n<p>Fuente: www.tiempoar.com.ar<\/p>\n","protected":false},"excerpt":{"rendered":"","protected":false},"author":2,"featured_media":78772,"comment_status":"open","ping_status":"open","sticky":false,"template":"","format":"standard","meta":{"site-sidebar-layout":"default","site-content-layout":"","ast-site-content-layout":"default","site-content-style":"default","site-sidebar-style":"default","ast-global-header-display":"","ast-banner-title-visibility":"","ast-main-header-display":"","ast-hfb-above-header-display":"","ast-hfb-below-header-display":"","ast-hfb-mobile-header-display":"","site-post-title":"","ast-breadcrumbs-content":"","ast-featured-img":"","footer-sml-layout":"","ast-disable-related-posts":"","theme-transparent-header-meta":"","adv-header-id-meta":"","stick-header-meta":"","header-above-stick-meta":"","header-main-stick-meta":"","header-below-stick-meta":"","astra-migrate-meta-layouts":"default","ast-page-background-enabled":"default","ast-page-background-meta":{"desktop":{"background-color":"var(--ast-global-color-5)","background-image":"","background-repeat":"repeat","background-position":"center center","background-size":"auto","background-attachment":"scroll","background-type":"","background-media":"","overlay-type":"","overlay-color":"","overlay-opacity":"","overlay-gradient":""},"tablet":{"background-color":"","background-image":"","background-repeat":"repeat","background-position":"center center","background-size":"auto","background-attachment":"scroll","background-type":"","background-media":"","overlay-type":"","overlay-color":"","overlay-opacity":"","overlay-gradient":""},"mobile":{"background-color":"","background-image":"","background-repeat":"repeat","background-position":"center center","background-size":"auto","background-attachment":"scroll","background-type":"","background-media":"","overlay-type":"","overlay-color":"","overlay-opacity":"","overlay-gradient":""}},"ast-content-background-meta":{"desktop":{"background-color":"var(--ast-global-color-4)","background-image":"","background-repeat":"repeat","background-position":"center center","background-size":"auto","background-attachment":"scroll","background-type":"","background-media":"","overlay-type":"","overlay-color":"","overlay-opacity":"","overlay-gradient":""},"tablet":{"background-color":"var(--ast-global-color-4)","background-image":"","background-repeat":"repeat","background-position":"center center","background-size":"auto","background-attachment":"scroll","background-type":"","background-media":"","overlay-type":"","overlay-color":"","overlay-opacity":"","overlay-gradient":""},"mobile":{"background-color":"var(--ast-global-color-4)","background-image":"","background-repeat":"repeat","background-position":"center center","background-size":"auto","background-attachment":"scroll","background-type":"","background-media":"","overlay-type":"","overlay-color":"","overlay-opacity":"","overlay-gradient":""}},"footnotes":""},"categories":[13],"tags":[],"class_list":["post-78771","post","type-post","status-publish","format-standard","has-post-thumbnail","hentry","category-provinciales"],"yoast_head":"<!-- This site is optimized with the Yoast SEO Premium plugin v23.0 (Yoast SEO v27.5) - https:\/\/yoast.com\/product\/yoast-seo-premium-wordpress\/ -->\n<title>Charcamata: un trekking en la Patagonia al principio de los tiempos<\/title>\n<meta name=\"robots\" content=\"index, follow, max-snippet:-1, max-image-preview:large, max-video-preview:-1\" \/>\n<link rel=\"canonical\" href=\"https:\/\/patagoniambiental.com.ar\/info\/charcamata-un-trekking-en-la-patagonia-al-principio-de-los-tiempos\/\" \/>\n<meta property=\"og:locale\" content=\"es_ES\" \/>\n<meta property=\"og:type\" content=\"article\" \/>\n<meta property=\"og:title\" content=\"Charcamata: un trekking en la Patagonia al principio de los tiempos\" \/>\n<meta property=\"og:url\" content=\"https:\/\/patagoniambiental.com.ar\/info\/charcamata-un-trekking-en-la-patagonia-al-principio-de-los-tiempos\/\" \/>\n<meta property=\"og:site_name\" content=\"Patagonia Ambiental\" \/>\n<meta property=\"article:publisher\" content=\"https:\/\/www.facebook.com\/patagonia.ambiental\" \/>\n<meta property=\"article:author\" content=\"https:\/\/www.facebook.com\/share\/1C1V8Gv9BX\/?mibextid=qi2Omg\" \/>\n<meta property=\"article:published_time\" content=\"2023-09-22T10:00:00+00:00\" \/>\n<meta property=\"article:modified_time\" content=\"2024-08-16T14:03:19+00:00\" \/>\n<meta property=\"og:image\" content=\"https:\/\/patagoniambiental.com.ar\/info\/wp-content\/uploads\/2023\/08\/Web_charcamata-12-camino-vecinal_FOTOS-REWILDING-ZOYEN-TURISMO.jpg\" \/>\n\t<meta property=\"og:image:width\" content=\"1200\" \/>\n\t<meta property=\"og:image:height\" content=\"800\" \/>\n\t<meta property=\"og:image:type\" content=\"image\/jpeg\" \/>\n<meta name=\"author\" content=\"Patagonia Ambiental\" \/>\n<meta name=\"twitter:card\" content=\"summary_large_image\" \/>\n<meta name=\"twitter:creator\" content=\"@PatAmb\" \/>\n<meta name=\"twitter:site\" content=\"@PatAmb\" \/>\n<script type=\"application\/ld+json\" class=\"yoast-schema-graph\">{\"@context\":\"https:\\\/\\\/schema.org\",\"@graph\":[{\"@type\":\"Article\",\"@id\":\"https:\\\/\\\/patagoniambiental.com.ar\\\/info\\\/charcamata-un-trekking-en-la-patagonia-al-principio-de-los-tiempos\\\/#article\",\"isPartOf\":{\"@id\":\"https:\\\/\\\/patagoniambiental.com.ar\\\/info\\\/charcamata-un-trekking-en-la-patagonia-al-principio-de-los-tiempos\\\/\"},\"author\":{\"name\":\"Patagonia Ambiental\",\"@id\":\"https:\\\/\\\/patagoniambiental.com.ar\\\/info\\\/#\\\/schema\\\/person\\\/db12bff64bbcbf6a253710bf0ea37b5d\"},\"headline\":\"Charcamata: un trekking en la Patagonia al principio de los tiempos\",\"datePublished\":\"2023-09-22T10:00:00+00:00\",\"dateModified\":\"2024-08-16T14:03:19+00:00\",\"mainEntityOfPage\":{\"@id\":\"https:\\\/\\\/patagoniambiental.com.ar\\\/info\\\/charcamata-un-trekking-en-la-patagonia-al-principio-de-los-tiempos\\\/\"},\"wordCount\":1904,\"commentCount\":0,\"publisher\":{\"@id\":\"https:\\\/\\\/patagoniambiental.com.ar\\\/info\\\/#organization\"},\"image\":{\"@id\":\"https:\\\/\\\/patagoniambiental.com.ar\\\/info\\\/charcamata-un-trekking-en-la-patagonia-al-principio-de-los-tiempos\\\/#primaryimage\"},\"thumbnailUrl\":\"https:\\\/\\\/patagoniambiental.com.ar\\\/info\\\/wp-content\\\/uploads\\\/2023\\\/08\\\/Web_charcamata-12-camino-vecinal_FOTOS-REWILDING-ZOYEN-TURISMO.jpg\",\"articleSection\":[\"Provinciales\"],\"inLanguage\":\"es\",\"potentialAction\":[{\"@type\":\"CommentAction\",\"name\":\"Comment\",\"target\":[\"https:\\\/\\\/patagoniambiental.com.ar\\\/info\\\/charcamata-un-trekking-en-la-patagonia-al-principio-de-los-tiempos\\\/#respond\"]}]},{\"@type\":\"WebPage\",\"@id\":\"https:\\\/\\\/patagoniambiental.com.ar\\\/info\\\/charcamata-un-trekking-en-la-patagonia-al-principio-de-los-tiempos\\\/\",\"url\":\"https:\\\/\\\/patagoniambiental.com.ar\\\/info\\\/charcamata-un-trekking-en-la-patagonia-al-principio-de-los-tiempos\\\/\",\"name\":\"Charcamata: un trekking en la Patagonia al principio de los tiempos\",\"isPartOf\":{\"@id\":\"https:\\\/\\\/patagoniambiental.com.ar\\\/info\\\/#website\"},\"primaryImageOfPage\":{\"@id\":\"https:\\\/\\\/patagoniambiental.com.ar\\\/info\\\/charcamata-un-trekking-en-la-patagonia-al-principio-de-los-tiempos\\\/#primaryimage\"},\"image\":{\"@id\":\"https:\\\/\\\/patagoniambiental.com.ar\\\/info\\\/charcamata-un-trekking-en-la-patagonia-al-principio-de-los-tiempos\\\/#primaryimage\"},\"thumbnailUrl\":\"https:\\\/\\\/patagoniambiental.com.ar\\\/info\\\/wp-content\\\/uploads\\\/2023\\\/08\\\/Web_charcamata-12-camino-vecinal_FOTOS-REWILDING-ZOYEN-TURISMO.jpg\",\"datePublished\":\"2023-09-22T10:00:00+00:00\",\"dateModified\":\"2024-08-16T14:03:19+00:00\",\"breadcrumb\":{\"@id\":\"https:\\\/\\\/patagoniambiental.com.ar\\\/info\\\/charcamata-un-trekking-en-la-patagonia-al-principio-de-los-tiempos\\\/#breadcrumb\"},\"inLanguage\":\"es\",\"potentialAction\":[{\"@type\":\"ReadAction\",\"target\":[\"https:\\\/\\\/patagoniambiental.com.ar\\\/info\\\/charcamata-un-trekking-en-la-patagonia-al-principio-de-los-tiempos\\\/\"]}]},{\"@type\":\"ImageObject\",\"inLanguage\":\"es\",\"@id\":\"https:\\\/\\\/patagoniambiental.com.ar\\\/info\\\/charcamata-un-trekking-en-la-patagonia-al-principio-de-los-tiempos\\\/#primaryimage\",\"url\":\"https:\\\/\\\/patagoniambiental.com.ar\\\/info\\\/wp-content\\\/uploads\\\/2023\\\/08\\\/Web_charcamata-12-camino-vecinal_FOTOS-REWILDING-ZOYEN-TURISMO.jpg\",\"contentUrl\":\"https:\\\/\\\/patagoniambiental.com.ar\\\/info\\\/wp-content\\\/uploads\\\/2023\\\/08\\\/Web_charcamata-12-camino-vecinal_FOTOS-REWILDING-ZOYEN-TURISMO.jpg\",\"width\":900,\"height\":600},{\"@type\":\"BreadcrumbList\",\"@id\":\"https:\\\/\\\/patagoniambiental.com.ar\\\/info\\\/charcamata-un-trekking-en-la-patagonia-al-principio-de-los-tiempos\\\/#breadcrumb\",\"itemListElement\":[{\"@type\":\"ListItem\",\"position\":1,\"name\":\"Inicio\",\"item\":\"https:\\\/\\\/patagoniambiental.com.ar\\\/info\\\/\"},{\"@type\":\"ListItem\",\"position\":2,\"name\":\"Charcamata: un trekking en la Patagonia al principio de los tiempos\"}]},{\"@type\":\"WebSite\",\"@id\":\"https:\\\/\\\/patagoniambiental.com.ar\\\/info\\\/#website\",\"url\":\"https:\\\/\\\/patagoniambiental.com.ar\\\/info\\\/\",\"name\":\"Patagonia Ambiental\",\"description\":\"Monitoreo y an\u00e1lisis de la situaci\u00f3n geopol\u00edtica en el mundo y su implicancia en la Patagonia\",\"publisher\":{\"@id\":\"https:\\\/\\\/patagoniambiental.com.ar\\\/info\\\/#organization\"},\"potentialAction\":[{\"@type\":\"SearchAction\",\"target\":{\"@type\":\"EntryPoint\",\"urlTemplate\":\"https:\\\/\\\/patagoniambiental.com.ar\\\/info\\\/?s={search_term_string}\"},\"query-input\":{\"@type\":\"PropertyValueSpecification\",\"valueRequired\":true,\"valueName\":\"search_term_string\"}}],\"inLanguage\":\"es\"},{\"@type\":\"Organization\",\"@id\":\"https:\\\/\\\/patagoniambiental.com.ar\\\/info\\\/#organization\",\"name\":\"Patagonia Ambiental\",\"url\":\"https:\\\/\\\/patagoniambiental.com.ar\\\/info\\\/\",\"logo\":{\"@type\":\"ImageObject\",\"inLanguage\":\"es\",\"@id\":\"https:\\\/\\\/patagoniambiental.com.ar\\\/info\\\/#\\\/schema\\\/logo\\\/image\\\/\",\"url\":\"https:\\\/\\\/patagoniambiental.com.ar\\\/info\\\/wp-content\\\/uploads\\\/2025\\\/05\\\/LOGO-PATAGONIA-AMBIENTAL.png\",\"contentUrl\":\"https:\\\/\\\/patagoniambiental.com.ar\\\/info\\\/wp-content\\\/uploads\\\/2025\\\/05\\\/LOGO-PATAGONIA-AMBIENTAL.png\",\"width\":433,\"height\":250,\"caption\":\"Patagonia Ambiental\"},\"image\":{\"@id\":\"https:\\\/\\\/patagoniambiental.com.ar\\\/info\\\/#\\\/schema\\\/logo\\\/image\\\/\"},\"sameAs\":[\"https:\\\/\\\/www.facebook.com\\\/patagonia.ambiental\",\"https:\\\/\\\/x.com\\\/PatAmb\"]},{\"@type\":\"Person\",\"@id\":\"https:\\\/\\\/patagoniambiental.com.ar\\\/info\\\/#\\\/schema\\\/person\\\/db12bff64bbcbf6a253710bf0ea37b5d\",\"name\":\"Patagonia Ambiental\",\"description\":\"Andr\u00e9s Nievas T\u00e9cnico en manejo ambiental, consultor Ambiental y escritor para medios locales e internacionales sobre temas de geopolitica y medio ambiente.\",\"sameAs\":[\"http:\\\/\\\/www.patagoniambiental.com.ar\",\"https:\\\/\\\/www.facebook.com\\\/share\\\/1C1V8Gv9BX\\\/?mibextid=qi2Omg\",\"@patagoniambiental\",\"https:\\\/\\\/youtube.com\\\/@patagoniaambiental2023?si=BLt58t0wuXquxlYZ\"]}]}<\/script>\n<!-- \/ Yoast SEO Premium plugin. -->","yoast_head_json":{"title":"Charcamata: un trekking en la Patagonia al principio de los tiempos","robots":{"index":"index","follow":"follow","max-snippet":"max-snippet:-1","max-image-preview":"max-image-preview:large","max-video-preview":"max-video-preview:-1"},"canonical":"https:\/\/patagoniambiental.com.ar\/info\/charcamata-un-trekking-en-la-patagonia-al-principio-de-los-tiempos\/","og_locale":"es_ES","og_type":"article","og_title":"Charcamata: un trekking en la Patagonia al principio de los tiempos","og_url":"https:\/\/patagoniambiental.com.ar\/info\/charcamata-un-trekking-en-la-patagonia-al-principio-de-los-tiempos\/","og_site_name":"Patagonia Ambiental","article_publisher":"https:\/\/www.facebook.com\/patagonia.ambiental","article_author":"https:\/\/www.facebook.com\/share\/1C1V8Gv9BX\/?mibextid=qi2Omg","article_published_time":"2023-09-22T10:00:00+00:00","article_modified_time":"2024-08-16T14:03:19+00:00","og_image":[{"width":1200,"height":800,"url":"https:\/\/patagoniambiental.com.ar\/info\/wp-content\/uploads\/2023\/08\/Web_charcamata-12-camino-vecinal_FOTOS-REWILDING-ZOYEN-TURISMO.jpg","type":"image\/jpeg"}],"author":"Patagonia Ambiental","twitter_card":"summary_large_image","twitter_creator":"@PatAmb","twitter_site":"@PatAmb","schema":{"@context":"https:\/\/schema.org","@graph":[{"@type":"Article","@id":"https:\/\/patagoniambiental.com.ar\/info\/charcamata-un-trekking-en-la-patagonia-al-principio-de-los-tiempos\/#article","isPartOf":{"@id":"https:\/\/patagoniambiental.com.ar\/info\/charcamata-un-trekking-en-la-patagonia-al-principio-de-los-tiempos\/"},"author":{"name":"Patagonia Ambiental","@id":"https:\/\/patagoniambiental.com.ar\/info\/#\/schema\/person\/db12bff64bbcbf6a253710bf0ea37b5d"},"headline":"Charcamata: un trekking en la Patagonia al principio de los tiempos","datePublished":"2023-09-22T10:00:00+00:00","dateModified":"2024-08-16T14:03:19+00:00","mainEntityOfPage":{"@id":"https:\/\/patagoniambiental.com.ar\/info\/charcamata-un-trekking-en-la-patagonia-al-principio-de-los-tiempos\/"},"wordCount":1904,"commentCount":0,"publisher":{"@id":"https:\/\/patagoniambiental.com.ar\/info\/#organization"},"image":{"@id":"https:\/\/patagoniambiental.com.ar\/info\/charcamata-un-trekking-en-la-patagonia-al-principio-de-los-tiempos\/#primaryimage"},"thumbnailUrl":"https:\/\/patagoniambiental.com.ar\/info\/wp-content\/uploads\/2023\/08\/Web_charcamata-12-camino-vecinal_FOTOS-REWILDING-ZOYEN-TURISMO.jpg","articleSection":["Provinciales"],"inLanguage":"es","potentialAction":[{"@type":"CommentAction","name":"Comment","target":["https:\/\/patagoniambiental.com.ar\/info\/charcamata-un-trekking-en-la-patagonia-al-principio-de-los-tiempos\/#respond"]}]},{"@type":"WebPage","@id":"https:\/\/patagoniambiental.com.ar\/info\/charcamata-un-trekking-en-la-patagonia-al-principio-de-los-tiempos\/","url":"https:\/\/patagoniambiental.com.ar\/info\/charcamata-un-trekking-en-la-patagonia-al-principio-de-los-tiempos\/","name":"Charcamata: un trekking en la Patagonia al principio de los tiempos","isPartOf":{"@id":"https:\/\/patagoniambiental.com.ar\/info\/#website"},"primaryImageOfPage":{"@id":"https:\/\/patagoniambiental.com.ar\/info\/charcamata-un-trekking-en-la-patagonia-al-principio-de-los-tiempos\/#primaryimage"},"image":{"@id":"https:\/\/patagoniambiental.com.ar\/info\/charcamata-un-trekking-en-la-patagonia-al-principio-de-los-tiempos\/#primaryimage"},"thumbnailUrl":"https:\/\/patagoniambiental.com.ar\/info\/wp-content\/uploads\/2023\/08\/Web_charcamata-12-camino-vecinal_FOTOS-REWILDING-ZOYEN-TURISMO.jpg","datePublished":"2023-09-22T10:00:00+00:00","dateModified":"2024-08-16T14:03:19+00:00","breadcrumb":{"@id":"https:\/\/patagoniambiental.com.ar\/info\/charcamata-un-trekking-en-la-patagonia-al-principio-de-los-tiempos\/#breadcrumb"},"inLanguage":"es","potentialAction":[{"@type":"ReadAction","target":["https:\/\/patagoniambiental.com.ar\/info\/charcamata-un-trekking-en-la-patagonia-al-principio-de-los-tiempos\/"]}]},{"@type":"ImageObject","inLanguage":"es","@id":"https:\/\/patagoniambiental.com.ar\/info\/charcamata-un-trekking-en-la-patagonia-al-principio-de-los-tiempos\/#primaryimage","url":"https:\/\/patagoniambiental.com.ar\/info\/wp-content\/uploads\/2023\/08\/Web_charcamata-12-camino-vecinal_FOTOS-REWILDING-ZOYEN-TURISMO.jpg","contentUrl":"https:\/\/patagoniambiental.com.ar\/info\/wp-content\/uploads\/2023\/08\/Web_charcamata-12-camino-vecinal_FOTOS-REWILDING-ZOYEN-TURISMO.jpg","width":900,"height":600},{"@type":"BreadcrumbList","@id":"https:\/\/patagoniambiental.com.ar\/info\/charcamata-un-trekking-en-la-patagonia-al-principio-de-los-tiempos\/#breadcrumb","itemListElement":[{"@type":"ListItem","position":1,"name":"Inicio","item":"https:\/\/patagoniambiental.com.ar\/info\/"},{"@type":"ListItem","position":2,"name":"Charcamata: un trekking en la Patagonia al principio de los tiempos"}]},{"@type":"WebSite","@id":"https:\/\/patagoniambiental.com.ar\/info\/#website","url":"https:\/\/patagoniambiental.com.ar\/info\/","name":"Patagonia Ambiental","description":"Monitoreo y an\u00e1lisis de la situaci\u00f3n geopol\u00edtica en el mundo y su implicancia en la Patagonia","publisher":{"@id":"https:\/\/patagoniambiental.com.ar\/info\/#organization"},"potentialAction":[{"@type":"SearchAction","target":{"@type":"EntryPoint","urlTemplate":"https:\/\/patagoniambiental.com.ar\/info\/?s={search_term_string}"},"query-input":{"@type":"PropertyValueSpecification","valueRequired":true,"valueName":"search_term_string"}}],"inLanguage":"es"},{"@type":"Organization","@id":"https:\/\/patagoniambiental.com.ar\/info\/#organization","name":"Patagonia Ambiental","url":"https:\/\/patagoniambiental.com.ar\/info\/","logo":{"@type":"ImageObject","inLanguage":"es","@id":"https:\/\/patagoniambiental.com.ar\/info\/#\/schema\/logo\/image\/","url":"https:\/\/patagoniambiental.com.ar\/info\/wp-content\/uploads\/2025\/05\/LOGO-PATAGONIA-AMBIENTAL.png","contentUrl":"https:\/\/patagoniambiental.com.ar\/info\/wp-content\/uploads\/2025\/05\/LOGO-PATAGONIA-AMBIENTAL.png","width":433,"height":250,"caption":"Patagonia Ambiental"},"image":{"@id":"https:\/\/patagoniambiental.com.ar\/info\/#\/schema\/logo\/image\/"},"sameAs":["https:\/\/www.facebook.com\/patagonia.ambiental","https:\/\/x.com\/PatAmb"]},{"@type":"Person","@id":"https:\/\/patagoniambiental.com.ar\/info\/#\/schema\/person\/db12bff64bbcbf6a253710bf0ea37b5d","name":"Patagonia Ambiental","description":"Andr\u00e9s Nievas T\u00e9cnico en manejo ambiental, consultor Ambiental y escritor para medios locales e internacionales sobre temas de geopolitica y medio ambiente.","sameAs":["http:\/\/www.patagoniambiental.com.ar","https:\/\/www.facebook.com\/share\/1C1V8Gv9BX\/?mibextid=qi2Omg","@patagoniambiental","https:\/\/youtube.com\/@patagoniaambiental2023?si=BLt58t0wuXquxlYZ"]}]}},"_links":{"self":[{"href":"https:\/\/patagoniambiental.com.ar\/info\/wp-json\/wp\/v2\/posts\/78771","targetHints":{"allow":["GET"]}}],"collection":[{"href":"https:\/\/patagoniambiental.com.ar\/info\/wp-json\/wp\/v2\/posts"}],"about":[{"href":"https:\/\/patagoniambiental.com.ar\/info\/wp-json\/wp\/v2\/types\/post"}],"author":[{"embeddable":true,"href":"https:\/\/patagoniambiental.com.ar\/info\/wp-json\/wp\/v2\/users\/2"}],"replies":[{"embeddable":true,"href":"https:\/\/patagoniambiental.com.ar\/info\/wp-json\/wp\/v2\/comments?post=78771"}],"version-history":[{"count":0,"href":"https:\/\/patagoniambiental.com.ar\/info\/wp-json\/wp\/v2\/posts\/78771\/revisions"}],"wp:featuredmedia":[{"embeddable":true,"href":"https:\/\/patagoniambiental.com.ar\/info\/wp-json\/wp\/v2\/media\/78772"}],"wp:attachment":[{"href":"https:\/\/patagoniambiental.com.ar\/info\/wp-json\/wp\/v2\/media?parent=78771"}],"wp:term":[{"taxonomy":"category","embeddable":true,"href":"https:\/\/patagoniambiental.com.ar\/info\/wp-json\/wp\/v2\/categories?post=78771"},{"taxonomy":"post_tag","embeddable":true,"href":"https:\/\/patagoniambiental.com.ar\/info\/wp-json\/wp\/v2\/tags?post=78771"}],"curies":[{"name":"wp","href":"https:\/\/api.w.org\/{rel}","templated":true}]}}