{"id":78795,"date":"2023-08-11T07:00:00","date_gmt":"2023-08-11T10:00:00","guid":{"rendered":"https:\/\/patagoniambiental.com.ar\/info\/?p=78795"},"modified":"2024-08-16T12:54:04","modified_gmt":"2024-08-16T15:54:04","slug":"jovenes-exploradores-se-sumergen-en-la-belleza-de-la-naturaleza-en-el-parque-nacional-patagonia","status":"publish","type":"post","link":"https:\/\/patagoniambiental.com.ar\/info\/jovenes-exploradores-se-sumergen-en-la-belleza-de-la-naturaleza-en-el-parque-nacional-patagonia\/","title":{"rendered":"J\u00f3venes exploradores se sumergen en el Parque Nacional Patagonia"},"content":{"rendered":"\n<!--more-->\n\n\n\n<h4 class=\"wp-block-heading\" id=\"h-hernan-luisi-intendente-del-parque-nacional-patagonia-habla-con-entusiasmo-sobre-la-iniciativa-que-ha-llevado-a-jovenes-a-compartir-una-jornada-con-el-y-su-equipo-y-vivir-experiencias-unicas-en-el-maravilloso-marco-natural-de-la-region\">Hern\u00e1n Luisi, intendente del Parque Nacional Patagonia, habla con entusiasmo sobre la iniciativa que ha llevado a j\u00f3venes a compartir una jornada con \u00e9l y su equipo y vivir experiencias \u00fanicas en el maravilloso marco natural de la regi\u00f3n.<\/h4>\n\n\n\n<p>El Programa Exploradores de Parque Patagonia, sigue brindando a ni\u00f1os y ni\u00f1as del noroeste santacruce\u00f1o, la oportunidad de participar en una experiencia enriquecedora, involucrados en actividades educativas dise\u00f1adas para fomentar la comprensi\u00f3n y el respeto por el ambiente.<\/p>\n\n\n\n<p>Recientemente, las actividades tuvieron lugar en la estancia La Ascensi\u00f3n, espec\u00edficamente en el Centro de Informes del Portal la Ascensi\u00f3n, coordinado por el intendente de Parque Nacional Patagonia, Hern\u00e1n Luisi y con la participaci\u00f3n de guardaparques y brigadistas, los j\u00f3venes exploradores se sumergieron en un d\u00eda lleno de emocionantes desaf\u00edos y aprendizaje.\u00a0<strong>\u201cAdem\u00e1s de conocer la naturaleza circundante, los participantes tuvieron la oportunidad de interactuar con los agentes de conservaci\u00f3n, desde administrativos hasta guardaparques, y as\u00ed entender mejor su crucial rol en la protecci\u00f3n del entorno\u201d<\/strong>,\u00a0explica Luisi.<\/p>\n\n\n\n<p>El intendente del Parque cuenta que las actividades incluyeron juegos interactivos que fomentaron el aprendizaje sobre la vestimenta y herramientas utilizadas por los guardaparques y brigadistas.\u00a0<strong>\u201cFuimos identificando la vestimenta, los utensilios que usan los guardaparques y los brigadistas. Terminamos con uno de los chicos vestido con ropa de guardaparque y una de las chicas con ropa de brigadista\u201d<\/strong><br><br>Los j\u00f3venes tambi\u00e9n participaron en una b\u00fasqueda del tesoro que implicaba encontrar im\u00e1genes del Mac\u00e1 tobiano, especie emblema de este Parque Nacional y declarada Monumento Natural Provincial. Las preguntas relacionadas con esta especie permitieron a los participantes aprender sobre su h\u00e1bitat, comportamiento y la importancia de su conservaci\u00f3n en el ecosistema.\u00a0<strong>\u201cLa verdad que fue bastante interesante y los chicos respondieron muy, muy bien\u201d.<\/strong><\/p>\n\n\n\n<p>Tras la jornada de actividades en la reserva, los j\u00f3venes exploradores se dirigieron al camping Cabur\u00e9, a orillas del lago, donde realizaron actividades guiadas.&nbsp;<strong>\u201cLos chicos ten\u00edan un \u2018checklist\u2019 dise\u00f1ado por la Fundaci\u00f3n Rewilding, que alentaba a observar y aprender sobre la diversidad de aves, \u00e1rboles y elementos naturales presentes en la zona\u201d.<\/strong><\/p>\n\n\n\n<p>La culminaci\u00f3n de la experiencia se llev\u00f3 a cabo en el casco de la estancia, donde los j\u00f3venes compartieron un momento de camarader\u00eda acompa\u00f1ado de mate cocido, facturas y galletitas.&nbsp;<strong>\u201cComo instituci\u00f3n estamos muy contentos de que se pudo desarrollar esa actividad dentro de la reserva. Estamos para eso, para recibir a la gente, para educar. No hay nada mejor que esta actividad de educaci\u00f3n ambiental, para que los chicos puedan hacer algo distinto a estar conectados a una play, a una computadora o todo el d\u00eda, mirando la televisi\u00f3n. Hay cosas mucho m\u00e1s lindas, mucho m\u00e1s interesantes como salir y conectarse con la naturaleza\u201d<\/strong><\/p>\n\n\n\n<p><br>El evento no solo demostr\u00f3 la importancia de la educaci\u00f3n ambiental en un marco natural excepcional, sino tambi\u00e9n el poder de la participaci\u00f3n comunitaria en la promoci\u00f3n de la conservaci\u00f3n y el disfrute responsable de la naturaleza.<\/p>\n\n\n\n<p>Hern\u00e1n Luisi, apasionado intendente del Parque Nacional Patagonia, comparti\u00f3 su amor por la regi\u00f3n y su compromiso con la preservaci\u00f3n de su belleza natural. \u00abAmo la Patagonia\u00bb, afirm\u00f3 Luisi, destacando el espectacular paisaje de monta\u00f1as nevadas, lagos inmensos y una flora y fauna \u00fanicas.<br><br><strong>\u201cEsta Reserva Natural Silvestre, es un \u00e1rea protegida muy querida por los vecinos de la localidad de Los Antiguos, que hizo much\u00edsimo esfuerzo y apoy\u00f3 la creaci\u00f3n de esta \u00e1rea protegida desde un comienzo. As\u00ed es que, justamente, el entorno va m\u00e1s all\u00e1 de lo que es un lago espectacular y un paisaje de ensue\u00f1os con la cordillera nevada, es esta mezcla de sensaciones, de la herencia cultural y las huellas humanas con la conservaci\u00f3n del entorno\u201d<\/strong><\/p>\n\n\n\n<p>El Programa Exploradores de Parque Patagonia se ha convertido en una valiosa herramienta para empoderar a las nuevas generaciones con conocimiento y respeto por el ambiente, al tiempo que les brinda la oportunidad de conectarse directamente con la naturaleza que rodea sus hogares. La comunidad local y los j\u00f3venes participantes demuestran que el amor por la Patagonia y su protecci\u00f3n son responsabilidades compartidas y valores esenciales para preservar este tesoro natural para las generaciones venideras.<\/p>\n\n\n\n<h3 class=\"wp-block-heading\" id=\"h-fuente-www-eldiarionuevodia-com-ar\">Fuente: www.eldiarionuevodia.com.ar<\/h3>\n","protected":false},"excerpt":{"rendered":"","protected":false},"author":2,"featured_media":78796,"comment_status":"open","ping_status":"open","sticky":false,"template":"","format":"standard","meta":{"site-sidebar-layout":"default","site-content-layout":"","ast-site-content-layout":"default","site-content-style":"default","site-sidebar-style":"default","ast-global-header-display":"","ast-banner-title-visibility":"","ast-main-header-display":"","ast-hfb-above-header-display":"","ast-hfb-below-header-display":"","ast-hfb-mobile-header-display":"","site-post-title":"","ast-breadcrumbs-content":"","ast-featured-img":"","footer-sml-layout":"","ast-disable-related-posts":"","theme-transparent-header-meta":"","adv-header-id-meta":"","stick-header-meta":"","header-above-stick-meta":"","header-main-stick-meta":"","header-below-stick-meta":"","astra-migrate-meta-layouts":"default","ast-page-background-enabled":"default","ast-page-background-meta":{"desktop":{"background-color":"var(--ast-global-color-5)","background-image":"","background-repeat":"repeat","background-position":"center center","background-size":"auto","background-attachment":"scroll","background-type":"","background-media":"","overlay-type":"","overlay-color":"","overlay-opacity":"","overlay-gradient":""},"tablet":{"background-color":"","background-image":"","background-repeat":"repeat","background-position":"center center","background-size":"auto","background-attachment":"scroll","background-type":"","background-media":"","overlay-type":"","overlay-color":"","overlay-opacity":"","overlay-gradient":""},"mobile":{"background-color":"","background-image":"","background-repeat":"repeat","background-position":"center center","background-size":"auto","background-attachment":"scroll","background-type":"","background-media":"","overlay-type":"","overlay-color":"","overlay-opacity":"","overlay-gradient":""}},"ast-content-background-meta":{"desktop":{"background-color":"var(--ast-global-color-4)","background-image":"","background-repeat":"repeat","background-position":"center center","background-size":"auto","background-attachment":"scroll","background-type":"","background-media":"","overlay-type":"","overlay-color":"","overlay-opacity":"","overlay-gradient":""},"tablet":{"background-color":"var(--ast-global-color-4)","background-image":"","background-repeat":"repeat","background-position":"center center","background-size":"auto","background-attachment":"scroll","background-type":"","background-media":"","overlay-type":"","overlay-color":"","overlay-opacity":"","overlay-gradient":""},"mobile":{"background-color":"var(--ast-global-color-4)","background-image":"","background-repeat":"repeat","background-position":"center center","background-size":"auto","background-attachment":"scroll","background-type":"","background-media":"","overlay-type":"","overlay-color":"","overlay-opacity":"","overlay-gradient":""}},"footnotes":""},"categories":[20],"tags":[],"class_list":["post-78795","post","type-post","status-publish","format-standard","has-post-thumbnail","hentry","category-santa-cruz"],"yoast_head":"<!-- This site is optimized with the Yoast SEO Premium plugin v23.0 (Yoast SEO v27.4) - https:\/\/yoast.com\/product\/yoast-seo-premium-wordpress\/ -->\n<title>J\u00f3venes exploradores se sumergen en el Parque Nacional Patagonia<\/title>\n<meta name=\"robots\" content=\"index, follow, max-snippet:-1, max-image-preview:large, max-video-preview:-1\" \/>\n<link rel=\"canonical\" href=\"https:\/\/patagoniambiental.com.ar\/info\/jovenes-exploradores-se-sumergen-en-la-belleza-de-la-naturaleza-en-el-parque-nacional-patagonia\/\" \/>\n<meta property=\"og:locale\" content=\"es_ES\" \/>\n<meta property=\"og:type\" content=\"article\" \/>\n<meta property=\"og:title\" content=\"J\u00f3venes exploradores se sumergen en el Parque Nacional Patagonia\" \/>\n<meta property=\"og:url\" content=\"https:\/\/patagoniambiental.com.ar\/info\/jovenes-exploradores-se-sumergen-en-la-belleza-de-la-naturaleza-en-el-parque-nacional-patagonia\/\" \/>\n<meta property=\"og:site_name\" content=\"Patagonia Ambiental\" \/>\n<meta property=\"article:publisher\" content=\"https:\/\/www.facebook.com\/patagonia.ambiental\" \/>\n<meta property=\"article:author\" content=\"https:\/\/www.facebook.com\/share\/1C1V8Gv9BX\/?mibextid=qi2Omg\" \/>\n<meta property=\"article:published_time\" content=\"2023-08-11T10:00:00+00:00\" \/>\n<meta property=\"article:modified_time\" content=\"2024-08-16T15:54:04+00:00\" \/>\n<meta property=\"og:image\" content=\"https:\/\/patagoniambiental.com.ar\/info\/wp-content\/uploads\/2023\/08\/f960x540-245275_319350_15.jpg\" \/>\n\t<meta property=\"og:image:width\" content=\"960\" \/>\n\t<meta property=\"og:image:height\" content=\"540\" \/>\n\t<meta property=\"og:image:type\" content=\"image\/jpeg\" \/>\n<meta name=\"author\" content=\"Patagonia Ambiental\" \/>\n<meta name=\"twitter:card\" content=\"summary_large_image\" \/>\n<meta name=\"twitter:creator\" content=\"@PatAmb\" \/>\n<meta name=\"twitter:site\" content=\"@PatAmb\" \/>\n<script type=\"application\/ld+json\" class=\"yoast-schema-graph\">{\"@context\":\"https:\\\/\\\/schema.org\",\"@graph\":[{\"@type\":\"Article\",\"@id\":\"https:\\\/\\\/patagoniambiental.com.ar\\\/info\\\/jovenes-exploradores-se-sumergen-en-la-belleza-de-la-naturaleza-en-el-parque-nacional-patagonia\\\/#article\",\"isPartOf\":{\"@id\":\"https:\\\/\\\/patagoniambiental.com.ar\\\/info\\\/jovenes-exploradores-se-sumergen-en-la-belleza-de-la-naturaleza-en-el-parque-nacional-patagonia\\\/\"},\"author\":{\"name\":\"Patagonia Ambiental\",\"@id\":\"https:\\\/\\\/patagoniambiental.com.ar\\\/info\\\/#\\\/schema\\\/person\\\/db12bff64bbcbf6a253710bf0ea37b5d\"},\"headline\":\"J\u00f3venes exploradores se sumergen en el Parque Nacional Patagonia\",\"datePublished\":\"2023-08-11T10:00:00+00:00\",\"dateModified\":\"2024-08-16T15:54:04+00:00\",\"mainEntityOfPage\":{\"@id\":\"https:\\\/\\\/patagoniambiental.com.ar\\\/info\\\/jovenes-exploradores-se-sumergen-en-la-belleza-de-la-naturaleza-en-el-parque-nacional-patagonia\\\/\"},\"wordCount\":751,\"commentCount\":0,\"publisher\":{\"@id\":\"https:\\\/\\\/patagoniambiental.com.ar\\\/info\\\/#organization\"},\"image\":{\"@id\":\"https:\\\/\\\/patagoniambiental.com.ar\\\/info\\\/jovenes-exploradores-se-sumergen-en-la-belleza-de-la-naturaleza-en-el-parque-nacional-patagonia\\\/#primaryimage\"},\"thumbnailUrl\":\"https:\\\/\\\/patagoniambiental.com.ar\\\/info\\\/wp-content\\\/uploads\\\/2023\\\/08\\\/f960x540-245275_319350_15.jpg\",\"articleSection\":[\"Santa Cruz\"],\"inLanguage\":\"es\",\"potentialAction\":[{\"@type\":\"CommentAction\",\"name\":\"Comment\",\"target\":[\"https:\\\/\\\/patagoniambiental.com.ar\\\/info\\\/jovenes-exploradores-se-sumergen-en-la-belleza-de-la-naturaleza-en-el-parque-nacional-patagonia\\\/#respond\"]}]},{\"@type\":\"WebPage\",\"@id\":\"https:\\\/\\\/patagoniambiental.com.ar\\\/info\\\/jovenes-exploradores-se-sumergen-en-la-belleza-de-la-naturaleza-en-el-parque-nacional-patagonia\\\/\",\"url\":\"https:\\\/\\\/patagoniambiental.com.ar\\\/info\\\/jovenes-exploradores-se-sumergen-en-la-belleza-de-la-naturaleza-en-el-parque-nacional-patagonia\\\/\",\"name\":\"J\u00f3venes exploradores se sumergen en el Parque Nacional Patagonia\",\"isPartOf\":{\"@id\":\"https:\\\/\\\/patagoniambiental.com.ar\\\/info\\\/#website\"},\"primaryImageOfPage\":{\"@id\":\"https:\\\/\\\/patagoniambiental.com.ar\\\/info\\\/jovenes-exploradores-se-sumergen-en-la-belleza-de-la-naturaleza-en-el-parque-nacional-patagonia\\\/#primaryimage\"},\"image\":{\"@id\":\"https:\\\/\\\/patagoniambiental.com.ar\\\/info\\\/jovenes-exploradores-se-sumergen-en-la-belleza-de-la-naturaleza-en-el-parque-nacional-patagonia\\\/#primaryimage\"},\"thumbnailUrl\":\"https:\\\/\\\/patagoniambiental.com.ar\\\/info\\\/wp-content\\\/uploads\\\/2023\\\/08\\\/f960x540-245275_319350_15.jpg\",\"datePublished\":\"2023-08-11T10:00:00+00:00\",\"dateModified\":\"2024-08-16T15:54:04+00:00\",\"breadcrumb\":{\"@id\":\"https:\\\/\\\/patagoniambiental.com.ar\\\/info\\\/jovenes-exploradores-se-sumergen-en-la-belleza-de-la-naturaleza-en-el-parque-nacional-patagonia\\\/#breadcrumb\"},\"inLanguage\":\"es\",\"potentialAction\":[{\"@type\":\"ReadAction\",\"target\":[\"https:\\\/\\\/patagoniambiental.com.ar\\\/info\\\/jovenes-exploradores-se-sumergen-en-la-belleza-de-la-naturaleza-en-el-parque-nacional-patagonia\\\/\"]}]},{\"@type\":\"ImageObject\",\"inLanguage\":\"es\",\"@id\":\"https:\\\/\\\/patagoniambiental.com.ar\\\/info\\\/jovenes-exploradores-se-sumergen-en-la-belleza-de-la-naturaleza-en-el-parque-nacional-patagonia\\\/#primaryimage\",\"url\":\"https:\\\/\\\/patagoniambiental.com.ar\\\/info\\\/wp-content\\\/uploads\\\/2023\\\/08\\\/f960x540-245275_319350_15.jpg\",\"contentUrl\":\"https:\\\/\\\/patagoniambiental.com.ar\\\/info\\\/wp-content\\\/uploads\\\/2023\\\/08\\\/f960x540-245275_319350_15.jpg\",\"width\":960,\"height\":540},{\"@type\":\"BreadcrumbList\",\"@id\":\"https:\\\/\\\/patagoniambiental.com.ar\\\/info\\\/jovenes-exploradores-se-sumergen-en-la-belleza-de-la-naturaleza-en-el-parque-nacional-patagonia\\\/#breadcrumb\",\"itemListElement\":[{\"@type\":\"ListItem\",\"position\":1,\"name\":\"Inicio\",\"item\":\"https:\\\/\\\/patagoniambiental.com.ar\\\/info\\\/\"},{\"@type\":\"ListItem\",\"position\":2,\"name\":\"J\u00f3venes exploradores se sumergen en el Parque Nacional Patagonia\"}]},{\"@type\":\"WebSite\",\"@id\":\"https:\\\/\\\/patagoniambiental.com.ar\\\/info\\\/#website\",\"url\":\"https:\\\/\\\/patagoniambiental.com.ar\\\/info\\\/\",\"name\":\"Patagonia Ambiental\",\"description\":\"Monitoreo y an\u00e1lisis de la situaci\u00f3n geopol\u00edtica en el mundo y su implicancia en la Patagonia\",\"publisher\":{\"@id\":\"https:\\\/\\\/patagoniambiental.com.ar\\\/info\\\/#organization\"},\"potentialAction\":[{\"@type\":\"SearchAction\",\"target\":{\"@type\":\"EntryPoint\",\"urlTemplate\":\"https:\\\/\\\/patagoniambiental.com.ar\\\/info\\\/?s={search_term_string}\"},\"query-input\":{\"@type\":\"PropertyValueSpecification\",\"valueRequired\":true,\"valueName\":\"search_term_string\"}}],\"inLanguage\":\"es\"},{\"@type\":\"Organization\",\"@id\":\"https:\\\/\\\/patagoniambiental.com.ar\\\/info\\\/#organization\",\"name\":\"Patagonia Ambiental\",\"url\":\"https:\\\/\\\/patagoniambiental.com.ar\\\/info\\\/\",\"logo\":{\"@type\":\"ImageObject\",\"inLanguage\":\"es\",\"@id\":\"https:\\\/\\\/patagoniambiental.com.ar\\\/info\\\/#\\\/schema\\\/logo\\\/image\\\/\",\"url\":\"https:\\\/\\\/patagoniambiental.com.ar\\\/info\\\/wp-content\\\/uploads\\\/2025\\\/05\\\/LOGO-PATAGONIA-AMBIENTAL.png\",\"contentUrl\":\"https:\\\/\\\/patagoniambiental.com.ar\\\/info\\\/wp-content\\\/uploads\\\/2025\\\/05\\\/LOGO-PATAGONIA-AMBIENTAL.png\",\"width\":433,\"height\":250,\"caption\":\"Patagonia Ambiental\"},\"image\":{\"@id\":\"https:\\\/\\\/patagoniambiental.com.ar\\\/info\\\/#\\\/schema\\\/logo\\\/image\\\/\"},\"sameAs\":[\"https:\\\/\\\/www.facebook.com\\\/patagonia.ambiental\",\"https:\\\/\\\/x.com\\\/PatAmb\"]},{\"@type\":\"Person\",\"@id\":\"https:\\\/\\\/patagoniambiental.com.ar\\\/info\\\/#\\\/schema\\\/person\\\/db12bff64bbcbf6a253710bf0ea37b5d\",\"name\":\"Patagonia Ambiental\",\"description\":\"Andr\u00e9s Nievas T\u00e9cnico en manejo ambiental, consultor Ambiental y escritor para medios locales e internacionales sobre temas de geopolitica y medio ambiente.\",\"sameAs\":[\"http:\\\/\\\/www.patagoniambiental.com.ar\",\"https:\\\/\\\/www.facebook.com\\\/share\\\/1C1V8Gv9BX\\\/?mibextid=qi2Omg\",\"@patagoniambiental\",\"https:\\\/\\\/youtube.com\\\/@patagoniaambiental2023?si=BLt58t0wuXquxlYZ\"]}]}<\/script>\n<!-- \/ Yoast SEO Premium plugin. -->","yoast_head_json":{"title":"J\u00f3venes exploradores se sumergen en el Parque Nacional Patagonia","robots":{"index":"index","follow":"follow","max-snippet":"max-snippet:-1","max-image-preview":"max-image-preview:large","max-video-preview":"max-video-preview:-1"},"canonical":"https:\/\/patagoniambiental.com.ar\/info\/jovenes-exploradores-se-sumergen-en-la-belleza-de-la-naturaleza-en-el-parque-nacional-patagonia\/","og_locale":"es_ES","og_type":"article","og_title":"J\u00f3venes exploradores se sumergen en el Parque Nacional Patagonia","og_url":"https:\/\/patagoniambiental.com.ar\/info\/jovenes-exploradores-se-sumergen-en-la-belleza-de-la-naturaleza-en-el-parque-nacional-patagonia\/","og_site_name":"Patagonia Ambiental","article_publisher":"https:\/\/www.facebook.com\/patagonia.ambiental","article_author":"https:\/\/www.facebook.com\/share\/1C1V8Gv9BX\/?mibextid=qi2Omg","article_published_time":"2023-08-11T10:00:00+00:00","article_modified_time":"2024-08-16T15:54:04+00:00","og_image":[{"width":960,"height":540,"url":"https:\/\/patagoniambiental.com.ar\/info\/wp-content\/uploads\/2023\/08\/f960x540-245275_319350_15.jpg","type":"image\/jpeg"}],"author":"Patagonia Ambiental","twitter_card":"summary_large_image","twitter_creator":"@PatAmb","twitter_site":"@PatAmb","schema":{"@context":"https:\/\/schema.org","@graph":[{"@type":"Article","@id":"https:\/\/patagoniambiental.com.ar\/info\/jovenes-exploradores-se-sumergen-en-la-belleza-de-la-naturaleza-en-el-parque-nacional-patagonia\/#article","isPartOf":{"@id":"https:\/\/patagoniambiental.com.ar\/info\/jovenes-exploradores-se-sumergen-en-la-belleza-de-la-naturaleza-en-el-parque-nacional-patagonia\/"},"author":{"name":"Patagonia Ambiental","@id":"https:\/\/patagoniambiental.com.ar\/info\/#\/schema\/person\/db12bff64bbcbf6a253710bf0ea37b5d"},"headline":"J\u00f3venes exploradores se sumergen en el Parque Nacional Patagonia","datePublished":"2023-08-11T10:00:00+00:00","dateModified":"2024-08-16T15:54:04+00:00","mainEntityOfPage":{"@id":"https:\/\/patagoniambiental.com.ar\/info\/jovenes-exploradores-se-sumergen-en-la-belleza-de-la-naturaleza-en-el-parque-nacional-patagonia\/"},"wordCount":751,"commentCount":0,"publisher":{"@id":"https:\/\/patagoniambiental.com.ar\/info\/#organization"},"image":{"@id":"https:\/\/patagoniambiental.com.ar\/info\/jovenes-exploradores-se-sumergen-en-la-belleza-de-la-naturaleza-en-el-parque-nacional-patagonia\/#primaryimage"},"thumbnailUrl":"https:\/\/patagoniambiental.com.ar\/info\/wp-content\/uploads\/2023\/08\/f960x540-245275_319350_15.jpg","articleSection":["Santa Cruz"],"inLanguage":"es","potentialAction":[{"@type":"CommentAction","name":"Comment","target":["https:\/\/patagoniambiental.com.ar\/info\/jovenes-exploradores-se-sumergen-en-la-belleza-de-la-naturaleza-en-el-parque-nacional-patagonia\/#respond"]}]},{"@type":"WebPage","@id":"https:\/\/patagoniambiental.com.ar\/info\/jovenes-exploradores-se-sumergen-en-la-belleza-de-la-naturaleza-en-el-parque-nacional-patagonia\/","url":"https:\/\/patagoniambiental.com.ar\/info\/jovenes-exploradores-se-sumergen-en-la-belleza-de-la-naturaleza-en-el-parque-nacional-patagonia\/","name":"J\u00f3venes exploradores se sumergen en el Parque Nacional Patagonia","isPartOf":{"@id":"https:\/\/patagoniambiental.com.ar\/info\/#website"},"primaryImageOfPage":{"@id":"https:\/\/patagoniambiental.com.ar\/info\/jovenes-exploradores-se-sumergen-en-la-belleza-de-la-naturaleza-en-el-parque-nacional-patagonia\/#primaryimage"},"image":{"@id":"https:\/\/patagoniambiental.com.ar\/info\/jovenes-exploradores-se-sumergen-en-la-belleza-de-la-naturaleza-en-el-parque-nacional-patagonia\/#primaryimage"},"thumbnailUrl":"https:\/\/patagoniambiental.com.ar\/info\/wp-content\/uploads\/2023\/08\/f960x540-245275_319350_15.jpg","datePublished":"2023-08-11T10:00:00+00:00","dateModified":"2024-08-16T15:54:04+00:00","breadcrumb":{"@id":"https:\/\/patagoniambiental.com.ar\/info\/jovenes-exploradores-se-sumergen-en-la-belleza-de-la-naturaleza-en-el-parque-nacional-patagonia\/#breadcrumb"},"inLanguage":"es","potentialAction":[{"@type":"ReadAction","target":["https:\/\/patagoniambiental.com.ar\/info\/jovenes-exploradores-se-sumergen-en-la-belleza-de-la-naturaleza-en-el-parque-nacional-patagonia\/"]}]},{"@type":"ImageObject","inLanguage":"es","@id":"https:\/\/patagoniambiental.com.ar\/info\/jovenes-exploradores-se-sumergen-en-la-belleza-de-la-naturaleza-en-el-parque-nacional-patagonia\/#primaryimage","url":"https:\/\/patagoniambiental.com.ar\/info\/wp-content\/uploads\/2023\/08\/f960x540-245275_319350_15.jpg","contentUrl":"https:\/\/patagoniambiental.com.ar\/info\/wp-content\/uploads\/2023\/08\/f960x540-245275_319350_15.jpg","width":960,"height":540},{"@type":"BreadcrumbList","@id":"https:\/\/patagoniambiental.com.ar\/info\/jovenes-exploradores-se-sumergen-en-la-belleza-de-la-naturaleza-en-el-parque-nacional-patagonia\/#breadcrumb","itemListElement":[{"@type":"ListItem","position":1,"name":"Inicio","item":"https:\/\/patagoniambiental.com.ar\/info\/"},{"@type":"ListItem","position":2,"name":"J\u00f3venes exploradores se sumergen en el Parque Nacional Patagonia"}]},{"@type":"WebSite","@id":"https:\/\/patagoniambiental.com.ar\/info\/#website","url":"https:\/\/patagoniambiental.com.ar\/info\/","name":"Patagonia Ambiental","description":"Monitoreo y an\u00e1lisis de la situaci\u00f3n geopol\u00edtica en el mundo y su implicancia en la Patagonia","publisher":{"@id":"https:\/\/patagoniambiental.com.ar\/info\/#organization"},"potentialAction":[{"@type":"SearchAction","target":{"@type":"EntryPoint","urlTemplate":"https:\/\/patagoniambiental.com.ar\/info\/?s={search_term_string}"},"query-input":{"@type":"PropertyValueSpecification","valueRequired":true,"valueName":"search_term_string"}}],"inLanguage":"es"},{"@type":"Organization","@id":"https:\/\/patagoniambiental.com.ar\/info\/#organization","name":"Patagonia Ambiental","url":"https:\/\/patagoniambiental.com.ar\/info\/","logo":{"@type":"ImageObject","inLanguage":"es","@id":"https:\/\/patagoniambiental.com.ar\/info\/#\/schema\/logo\/image\/","url":"https:\/\/patagoniambiental.com.ar\/info\/wp-content\/uploads\/2025\/05\/LOGO-PATAGONIA-AMBIENTAL.png","contentUrl":"https:\/\/patagoniambiental.com.ar\/info\/wp-content\/uploads\/2025\/05\/LOGO-PATAGONIA-AMBIENTAL.png","width":433,"height":250,"caption":"Patagonia Ambiental"},"image":{"@id":"https:\/\/patagoniambiental.com.ar\/info\/#\/schema\/logo\/image\/"},"sameAs":["https:\/\/www.facebook.com\/patagonia.ambiental","https:\/\/x.com\/PatAmb"]},{"@type":"Person","@id":"https:\/\/patagoniambiental.com.ar\/info\/#\/schema\/person\/db12bff64bbcbf6a253710bf0ea37b5d","name":"Patagonia Ambiental","description":"Andr\u00e9s Nievas T\u00e9cnico en manejo ambiental, consultor Ambiental y escritor para medios locales e internacionales sobre temas de geopolitica y medio ambiente.","sameAs":["http:\/\/www.patagoniambiental.com.ar","https:\/\/www.facebook.com\/share\/1C1V8Gv9BX\/?mibextid=qi2Omg","@patagoniambiental","https:\/\/youtube.com\/@patagoniaambiental2023?si=BLt58t0wuXquxlYZ"]}]}},"_links":{"self":[{"href":"https:\/\/patagoniambiental.com.ar\/info\/wp-json\/wp\/v2\/posts\/78795","targetHints":{"allow":["GET"]}}],"collection":[{"href":"https:\/\/patagoniambiental.com.ar\/info\/wp-json\/wp\/v2\/posts"}],"about":[{"href":"https:\/\/patagoniambiental.com.ar\/info\/wp-json\/wp\/v2\/types\/post"}],"author":[{"embeddable":true,"href":"https:\/\/patagoniambiental.com.ar\/info\/wp-json\/wp\/v2\/users\/2"}],"replies":[{"embeddable":true,"href":"https:\/\/patagoniambiental.com.ar\/info\/wp-json\/wp\/v2\/comments?post=78795"}],"version-history":[{"count":0,"href":"https:\/\/patagoniambiental.com.ar\/info\/wp-json\/wp\/v2\/posts\/78795\/revisions"}],"wp:featuredmedia":[{"embeddable":true,"href":"https:\/\/patagoniambiental.com.ar\/info\/wp-json\/wp\/v2\/media\/78796"}],"wp:attachment":[{"href":"https:\/\/patagoniambiental.com.ar\/info\/wp-json\/wp\/v2\/media?parent=78795"}],"wp:term":[{"taxonomy":"category","embeddable":true,"href":"https:\/\/patagoniambiental.com.ar\/info\/wp-json\/wp\/v2\/categories?post=78795"},{"taxonomy":"post_tag","embeddable":true,"href":"https:\/\/patagoniambiental.com.ar\/info\/wp-json\/wp\/v2\/tags?post=78795"}],"curies":[{"name":"wp","href":"https:\/\/api.w.org\/{rel}","templated":true}]}}