{"id":78801,"date":"2023-08-10T07:00:00","date_gmt":"2023-08-10T10:00:00","guid":{"rendered":"https:\/\/patagoniambiental.com.ar\/info\/?p=78801"},"modified":"2024-08-16T12:54:21","modified_gmt":"2024-08-16T15:54:21","slug":"el-tren-patagonico-fue-distinguido-con-la-marca-pais","status":"publish","type":"post","link":"https:\/\/patagoniambiental.com.ar\/info\/el-tren-patagonico-fue-distinguido-con-la-marca-pais\/","title":{"rendered":"El Tren Patag\u00f3nico fue distinguido con la Marca Pa\u00eds"},"content":{"rendered":"\n<p><a href=\"https:\/\/www.facebook.com\/sharer\/sharer.php?u=https%3A%2F%2Fwww.barilocheopina.com%2Fnoticias%2F2023%2F08%2F10%2F68216-el-tren-patagonico-fue-distinguido-con-la-marca-pais\" target=\"_blank\" rel=\"noreferrer noopener\"><\/a><\/p>\n\n\n\n<!--more-->\n\n\n\n<p>El&nbsp;<strong>Tren Patag\u00f3nico<\/strong>, un aut\u00e9ntico s\u00edmbolo rionegrino, ha sido honrado con la prestigiosa&nbsp;<strong>Marca Pa\u00eds<\/strong>. Esta distinci\u00f3n, promovida por el&nbsp;<strong>Ministerio de Turismo y Deportes de la Naci\u00f3n<\/strong>, destaca la relevancia del servicio tur\u00edstico a nivel local y nacional.<\/p>\n\n\n\n<p>El Tren Patag\u00f3nico, una joya ferroviaria, ha conectado la provincia y ha llevado a los pasajeros en un inolvidable viaje de&nbsp;<strong>827 kil\u00f3metros<\/strong>, entre la Costa Atl\u00e1ntica y la majestuosidad de la Cordillera de los Andes.<\/p>\n\n\n\n<p>Conectando&nbsp;<strong>12 hist\u00f3ricas estaciones<\/strong>, esta aventura sobre rieles es un tesoro para los amantes de la naturaleza y la historia. Los viajes se realizan dos veces por semana, partiendo de&nbsp;<strong>Viedma a Bariloche los viernes a las 18,<\/strong>&nbsp;y regresando a la capital los domingos a las 17 (Los pasajes se pueden adquirir en estaciones del Tren o en l\u00ednea a trav\u00e9s de la p\u00e1gina oficial&nbsp;<a href=\"https:\/\/trenpatagonicosa.com.ar\/\">https:\/\/trenpatagonicosa.com.ar<\/a>).<\/p>\n\n\n\n<p>La experiencia se ampl\u00eda con emocionantes excursiones a bordo de<strong>&nbsp;La Trochita<\/strong>. En oto\u00f1o e invierno, llega hasta la Estaci\u00f3n Empalme 648, un lugar acogedor. En las estaciones c\u00e1lidas, explora a\u00fan m\u00e1s la estepa hasta la estaci\u00f3n&nbsp;<strong>Ojos de Agua<\/strong>, recientemente renovada, ofreciendo los sabores m\u00e1s exquisitos de la Patagonia.<\/p>\n\n\n\n<figure class=\"wp-block-image\"><img decoding=\"async\" src=\"https:\/\/barilocheopina1.cdn.net.ar\/252\/barilocheopina\/images\/01\/65\/13\/1651335_993b993c6a56ecb0d47eb3acb39d5bec484ef8909a8d6f0a6332332da8408998\/lg.webp\" alt=\"\"\/><\/figure>\n\n\n\n<p>Sum\u00e1ndose a esta experiencia, el&nbsp;<strong>Servicio Tur\u00edstico Nocturno une Bariloche con la Estaci\u00f3n Perito Moreno<\/strong>, donde encontrar\u00e1s delicias gastron\u00f3micas regionales y un asombroso astroturismo. Para brindar mayor conectividad, se ofrece transporte de pasajeros desde Ingeniero Jacobacci hasta Bariloche, y un servicio de carga vital para la regi\u00f3n.<\/p>\n\n\n\n<p>Este reconocimiento como Marca Pa\u00eds se suma al galard\u00f3n otorgado a La Trochita en 2022. Juntos, estos tesoros ferroviarios llevan la belleza, historia y cultura de R\u00edo Negro al mundo.<\/p>\n\n\n\n<p>Fuente: www.barilocheopina.com<\/p>\n","protected":false},"excerpt":{"rendered":"","protected":false},"author":2,"featured_media":78802,"comment_status":"open","ping_status":"open","sticky":false,"template":"","format":"standard","meta":{"site-sidebar-layout":"default","site-content-layout":"","ast-site-content-layout":"default","site-content-style":"default","site-sidebar-style":"default","ast-global-header-display":"","ast-banner-title-visibility":"","ast-main-header-display":"","ast-hfb-above-header-display":"","ast-hfb-below-header-display":"","ast-hfb-mobile-header-display":"","site-post-title":"","ast-breadcrumbs-content":"","ast-featured-img":"","footer-sml-layout":"","ast-disable-related-posts":"","theme-transparent-header-meta":"","adv-header-id-meta":"","stick-header-meta":"","header-above-stick-meta":"","header-main-stick-meta":"","header-below-stick-meta":"","astra-migrate-meta-layouts":"default","ast-page-background-enabled":"default","ast-page-background-meta":{"desktop":{"background-color":"var(--ast-global-color-5)","background-image":"","background-repeat":"repeat","background-position":"center center","background-size":"auto","background-attachment":"scroll","background-type":"","background-media":"","overlay-type":"","overlay-color":"","overlay-opacity":"","overlay-gradient":""},"tablet":{"background-color":"","background-image":"","background-repeat":"repeat","background-position":"center center","background-size":"auto","background-attachment":"scroll","background-type":"","background-media":"","overlay-type":"","overlay-color":"","overlay-opacity":"","overlay-gradient":""},"mobile":{"background-color":"","background-image":"","background-repeat":"repeat","background-position":"center center","background-size":"auto","background-attachment":"scroll","background-type":"","background-media":"","overlay-type":"","overlay-color":"","overlay-opacity":"","overlay-gradient":""}},"ast-content-background-meta":{"desktop":{"background-color":"var(--ast-global-color-4)","background-image":"","background-repeat":"repeat","background-position":"center center","background-size":"auto","background-attachment":"scroll","background-type":"","background-media":"","overlay-type":"","overlay-color":"","overlay-opacity":"","overlay-gradient":""},"tablet":{"background-color":"var(--ast-global-color-4)","background-image":"","background-repeat":"repeat","background-position":"center center","background-size":"auto","background-attachment":"scroll","background-type":"","background-media":"","overlay-type":"","overlay-color":"","overlay-opacity":"","overlay-gradient":""},"mobile":{"background-color":"var(--ast-global-color-4)","background-image":"","background-repeat":"repeat","background-position":"center center","background-size":"auto","background-attachment":"scroll","background-type":"","background-media":"","overlay-type":"","overlay-color":"","overlay-opacity":"","overlay-gradient":""}},"footnotes":""},"categories":[14],"tags":[],"class_list":["post-78801","post","type-post","status-publish","format-standard","has-post-thumbnail","hentry","category-rio-negro"],"yoast_head":"<!-- This site is optimized with the Yoast SEO Premium plugin v23.0 (Yoast SEO v27.4) - https:\/\/yoast.com\/product\/yoast-seo-premium-wordpress\/ -->\n<title>El Tren Patag\u00f3nico fue distinguido con la Marca Pa\u00eds<\/title>\n<meta name=\"robots\" content=\"index, follow, max-snippet:-1, max-image-preview:large, max-video-preview:-1\" \/>\n<link rel=\"canonical\" href=\"https:\/\/patagoniambiental.com.ar\/info\/el-tren-patagonico-fue-distinguido-con-la-marca-pais\/\" \/>\n<meta property=\"og:locale\" content=\"es_ES\" \/>\n<meta property=\"og:type\" content=\"article\" \/>\n<meta property=\"og:title\" content=\"El Tren Patag\u00f3nico fue distinguido con la Marca Pa\u00eds\" \/>\n<meta property=\"og:url\" content=\"https:\/\/patagoniambiental.com.ar\/info\/el-tren-patagonico-fue-distinguido-con-la-marca-pais\/\" \/>\n<meta property=\"og:site_name\" content=\"Patagonia Ambiental\" \/>\n<meta property=\"article:publisher\" content=\"https:\/\/www.facebook.com\/patagonia.ambiental\" \/>\n<meta property=\"article:author\" content=\"https:\/\/www.facebook.com\/share\/1C1V8Gv9BX\/?mibextid=qi2Omg\" \/>\n<meta property=\"article:published_time\" content=\"2023-08-10T10:00:00+00:00\" \/>\n<meta property=\"article:modified_time\" content=\"2024-08-16T15:54:21+00:00\" \/>\n<meta property=\"og:image\" content=\"https:\/\/patagoniambiental.com.ar\/info\/wp-content\/uploads\/2023\/08\/Sin-titulo-4.png\" \/>\n\t<meta property=\"og:image:width\" content=\"788\" \/>\n\t<meta property=\"og:image:height\" content=\"508\" \/>\n\t<meta property=\"og:image:type\" content=\"image\/png\" \/>\n<meta name=\"author\" content=\"Patagonia Ambiental\" \/>\n<meta name=\"twitter:card\" content=\"summary_large_image\" \/>\n<meta name=\"twitter:creator\" content=\"@PatAmb\" \/>\n<meta name=\"twitter:site\" content=\"@PatAmb\" \/>\n<script type=\"application\/ld+json\" class=\"yoast-schema-graph\">{\"@context\":\"https:\\\/\\\/schema.org\",\"@graph\":[{\"@type\":\"Article\",\"@id\":\"https:\\\/\\\/patagoniambiental.com.ar\\\/info\\\/el-tren-patagonico-fue-distinguido-con-la-marca-pais\\\/#article\",\"isPartOf\":{\"@id\":\"https:\\\/\\\/patagoniambiental.com.ar\\\/info\\\/el-tren-patagonico-fue-distinguido-con-la-marca-pais\\\/\"},\"author\":{\"name\":\"Patagonia Ambiental\",\"@id\":\"https:\\\/\\\/patagoniambiental.com.ar\\\/info\\\/#\\\/schema\\\/person\\\/db12bff64bbcbf6a253710bf0ea37b5d\"},\"headline\":\"El Tren Patag\u00f3nico fue distinguido con la Marca Pa\u00eds\",\"datePublished\":\"2023-08-10T10:00:00+00:00\",\"dateModified\":\"2024-08-16T15:54:21+00:00\",\"mainEntityOfPage\":{\"@id\":\"https:\\\/\\\/patagoniambiental.com.ar\\\/info\\\/el-tren-patagonico-fue-distinguido-con-la-marca-pais\\\/\"},\"wordCount\":323,\"commentCount\":0,\"publisher\":{\"@id\":\"https:\\\/\\\/patagoniambiental.com.ar\\\/info\\\/#organization\"},\"image\":{\"@id\":\"https:\\\/\\\/patagoniambiental.com.ar\\\/info\\\/el-tren-patagonico-fue-distinguido-con-la-marca-pais\\\/#primaryimage\"},\"thumbnailUrl\":\"https:\\\/\\\/patagoniambiental.com.ar\\\/info\\\/wp-content\\\/uploads\\\/2023\\\/08\\\/Sin-titulo-4.png\",\"articleSection\":[\"R\u00edo Negro\"],\"inLanguage\":\"es\",\"potentialAction\":[{\"@type\":\"CommentAction\",\"name\":\"Comment\",\"target\":[\"https:\\\/\\\/patagoniambiental.com.ar\\\/info\\\/el-tren-patagonico-fue-distinguido-con-la-marca-pais\\\/#respond\"]}]},{\"@type\":\"WebPage\",\"@id\":\"https:\\\/\\\/patagoniambiental.com.ar\\\/info\\\/el-tren-patagonico-fue-distinguido-con-la-marca-pais\\\/\",\"url\":\"https:\\\/\\\/patagoniambiental.com.ar\\\/info\\\/el-tren-patagonico-fue-distinguido-con-la-marca-pais\\\/\",\"name\":\"El Tren Patag\u00f3nico fue distinguido con la Marca Pa\u00eds\",\"isPartOf\":{\"@id\":\"https:\\\/\\\/patagoniambiental.com.ar\\\/info\\\/#website\"},\"primaryImageOfPage\":{\"@id\":\"https:\\\/\\\/patagoniambiental.com.ar\\\/info\\\/el-tren-patagonico-fue-distinguido-con-la-marca-pais\\\/#primaryimage\"},\"image\":{\"@id\":\"https:\\\/\\\/patagoniambiental.com.ar\\\/info\\\/el-tren-patagonico-fue-distinguido-con-la-marca-pais\\\/#primaryimage\"},\"thumbnailUrl\":\"https:\\\/\\\/patagoniambiental.com.ar\\\/info\\\/wp-content\\\/uploads\\\/2023\\\/08\\\/Sin-titulo-4.png\",\"datePublished\":\"2023-08-10T10:00:00+00:00\",\"dateModified\":\"2024-08-16T15:54:21+00:00\",\"breadcrumb\":{\"@id\":\"https:\\\/\\\/patagoniambiental.com.ar\\\/info\\\/el-tren-patagonico-fue-distinguido-con-la-marca-pais\\\/#breadcrumb\"},\"inLanguage\":\"es\",\"potentialAction\":[{\"@type\":\"ReadAction\",\"target\":[\"https:\\\/\\\/patagoniambiental.com.ar\\\/info\\\/el-tren-patagonico-fue-distinguido-con-la-marca-pais\\\/\"]}]},{\"@type\":\"ImageObject\",\"inLanguage\":\"es\",\"@id\":\"https:\\\/\\\/patagoniambiental.com.ar\\\/info\\\/el-tren-patagonico-fue-distinguido-con-la-marca-pais\\\/#primaryimage\",\"url\":\"https:\\\/\\\/patagoniambiental.com.ar\\\/info\\\/wp-content\\\/uploads\\\/2023\\\/08\\\/Sin-titulo-4.png\",\"contentUrl\":\"https:\\\/\\\/patagoniambiental.com.ar\\\/info\\\/wp-content\\\/uploads\\\/2023\\\/08\\\/Sin-titulo-4.png\",\"width\":788,\"height\":508},{\"@type\":\"BreadcrumbList\",\"@id\":\"https:\\\/\\\/patagoniambiental.com.ar\\\/info\\\/el-tren-patagonico-fue-distinguido-con-la-marca-pais\\\/#breadcrumb\",\"itemListElement\":[{\"@type\":\"ListItem\",\"position\":1,\"name\":\"Inicio\",\"item\":\"https:\\\/\\\/patagoniambiental.com.ar\\\/info\\\/\"},{\"@type\":\"ListItem\",\"position\":2,\"name\":\"El Tren Patag\u00f3nico fue distinguido con la Marca Pa\u00eds\"}]},{\"@type\":\"WebSite\",\"@id\":\"https:\\\/\\\/patagoniambiental.com.ar\\\/info\\\/#website\",\"url\":\"https:\\\/\\\/patagoniambiental.com.ar\\\/info\\\/\",\"name\":\"Patagonia Ambiental\",\"description\":\"Monitoreo y an\u00e1lisis de la situaci\u00f3n geopol\u00edtica en el mundo y su implicancia en la Patagonia\",\"publisher\":{\"@id\":\"https:\\\/\\\/patagoniambiental.com.ar\\\/info\\\/#organization\"},\"potentialAction\":[{\"@type\":\"SearchAction\",\"target\":{\"@type\":\"EntryPoint\",\"urlTemplate\":\"https:\\\/\\\/patagoniambiental.com.ar\\\/info\\\/?s={search_term_string}\"},\"query-input\":{\"@type\":\"PropertyValueSpecification\",\"valueRequired\":true,\"valueName\":\"search_term_string\"}}],\"inLanguage\":\"es\"},{\"@type\":\"Organization\",\"@id\":\"https:\\\/\\\/patagoniambiental.com.ar\\\/info\\\/#organization\",\"name\":\"Patagonia Ambiental\",\"url\":\"https:\\\/\\\/patagoniambiental.com.ar\\\/info\\\/\",\"logo\":{\"@type\":\"ImageObject\",\"inLanguage\":\"es\",\"@id\":\"https:\\\/\\\/patagoniambiental.com.ar\\\/info\\\/#\\\/schema\\\/logo\\\/image\\\/\",\"url\":\"https:\\\/\\\/patagoniambiental.com.ar\\\/info\\\/wp-content\\\/uploads\\\/2025\\\/05\\\/LOGO-PATAGONIA-AMBIENTAL.png\",\"contentUrl\":\"https:\\\/\\\/patagoniambiental.com.ar\\\/info\\\/wp-content\\\/uploads\\\/2025\\\/05\\\/LOGO-PATAGONIA-AMBIENTAL.png\",\"width\":433,\"height\":250,\"caption\":\"Patagonia Ambiental\"},\"image\":{\"@id\":\"https:\\\/\\\/patagoniambiental.com.ar\\\/info\\\/#\\\/schema\\\/logo\\\/image\\\/\"},\"sameAs\":[\"https:\\\/\\\/www.facebook.com\\\/patagonia.ambiental\",\"https:\\\/\\\/x.com\\\/PatAmb\"]},{\"@type\":\"Person\",\"@id\":\"https:\\\/\\\/patagoniambiental.com.ar\\\/info\\\/#\\\/schema\\\/person\\\/db12bff64bbcbf6a253710bf0ea37b5d\",\"name\":\"Patagonia Ambiental\",\"description\":\"Andr\u00e9s Nievas T\u00e9cnico en manejo ambiental, consultor Ambiental y escritor para medios locales e internacionales sobre temas de geopolitica y medio ambiente.\",\"sameAs\":[\"http:\\\/\\\/www.patagoniambiental.com.ar\",\"https:\\\/\\\/www.facebook.com\\\/share\\\/1C1V8Gv9BX\\\/?mibextid=qi2Omg\",\"@patagoniambiental\",\"https:\\\/\\\/youtube.com\\\/@patagoniaambiental2023?si=BLt58t0wuXquxlYZ\"]}]}<\/script>\n<!-- \/ Yoast SEO Premium plugin. -->","yoast_head_json":{"title":"El Tren Patag\u00f3nico fue distinguido con la Marca Pa\u00eds","robots":{"index":"index","follow":"follow","max-snippet":"max-snippet:-1","max-image-preview":"max-image-preview:large","max-video-preview":"max-video-preview:-1"},"canonical":"https:\/\/patagoniambiental.com.ar\/info\/el-tren-patagonico-fue-distinguido-con-la-marca-pais\/","og_locale":"es_ES","og_type":"article","og_title":"El Tren Patag\u00f3nico fue distinguido con la Marca Pa\u00eds","og_url":"https:\/\/patagoniambiental.com.ar\/info\/el-tren-patagonico-fue-distinguido-con-la-marca-pais\/","og_site_name":"Patagonia Ambiental","article_publisher":"https:\/\/www.facebook.com\/patagonia.ambiental","article_author":"https:\/\/www.facebook.com\/share\/1C1V8Gv9BX\/?mibextid=qi2Omg","article_published_time":"2023-08-10T10:00:00+00:00","article_modified_time":"2024-08-16T15:54:21+00:00","og_image":[{"width":788,"height":508,"url":"https:\/\/patagoniambiental.com.ar\/info\/wp-content\/uploads\/2023\/08\/Sin-titulo-4.png","type":"image\/png"}],"author":"Patagonia Ambiental","twitter_card":"summary_large_image","twitter_creator":"@PatAmb","twitter_site":"@PatAmb","schema":{"@context":"https:\/\/schema.org","@graph":[{"@type":"Article","@id":"https:\/\/patagoniambiental.com.ar\/info\/el-tren-patagonico-fue-distinguido-con-la-marca-pais\/#article","isPartOf":{"@id":"https:\/\/patagoniambiental.com.ar\/info\/el-tren-patagonico-fue-distinguido-con-la-marca-pais\/"},"author":{"name":"Patagonia Ambiental","@id":"https:\/\/patagoniambiental.com.ar\/info\/#\/schema\/person\/db12bff64bbcbf6a253710bf0ea37b5d"},"headline":"El Tren Patag\u00f3nico fue distinguido con la Marca Pa\u00eds","datePublished":"2023-08-10T10:00:00+00:00","dateModified":"2024-08-16T15:54:21+00:00","mainEntityOfPage":{"@id":"https:\/\/patagoniambiental.com.ar\/info\/el-tren-patagonico-fue-distinguido-con-la-marca-pais\/"},"wordCount":323,"commentCount":0,"publisher":{"@id":"https:\/\/patagoniambiental.com.ar\/info\/#organization"},"image":{"@id":"https:\/\/patagoniambiental.com.ar\/info\/el-tren-patagonico-fue-distinguido-con-la-marca-pais\/#primaryimage"},"thumbnailUrl":"https:\/\/patagoniambiental.com.ar\/info\/wp-content\/uploads\/2023\/08\/Sin-titulo-4.png","articleSection":["R\u00edo Negro"],"inLanguage":"es","potentialAction":[{"@type":"CommentAction","name":"Comment","target":["https:\/\/patagoniambiental.com.ar\/info\/el-tren-patagonico-fue-distinguido-con-la-marca-pais\/#respond"]}]},{"@type":"WebPage","@id":"https:\/\/patagoniambiental.com.ar\/info\/el-tren-patagonico-fue-distinguido-con-la-marca-pais\/","url":"https:\/\/patagoniambiental.com.ar\/info\/el-tren-patagonico-fue-distinguido-con-la-marca-pais\/","name":"El Tren Patag\u00f3nico fue distinguido con la Marca Pa\u00eds","isPartOf":{"@id":"https:\/\/patagoniambiental.com.ar\/info\/#website"},"primaryImageOfPage":{"@id":"https:\/\/patagoniambiental.com.ar\/info\/el-tren-patagonico-fue-distinguido-con-la-marca-pais\/#primaryimage"},"image":{"@id":"https:\/\/patagoniambiental.com.ar\/info\/el-tren-patagonico-fue-distinguido-con-la-marca-pais\/#primaryimage"},"thumbnailUrl":"https:\/\/patagoniambiental.com.ar\/info\/wp-content\/uploads\/2023\/08\/Sin-titulo-4.png","datePublished":"2023-08-10T10:00:00+00:00","dateModified":"2024-08-16T15:54:21+00:00","breadcrumb":{"@id":"https:\/\/patagoniambiental.com.ar\/info\/el-tren-patagonico-fue-distinguido-con-la-marca-pais\/#breadcrumb"},"inLanguage":"es","potentialAction":[{"@type":"ReadAction","target":["https:\/\/patagoniambiental.com.ar\/info\/el-tren-patagonico-fue-distinguido-con-la-marca-pais\/"]}]},{"@type":"ImageObject","inLanguage":"es","@id":"https:\/\/patagoniambiental.com.ar\/info\/el-tren-patagonico-fue-distinguido-con-la-marca-pais\/#primaryimage","url":"https:\/\/patagoniambiental.com.ar\/info\/wp-content\/uploads\/2023\/08\/Sin-titulo-4.png","contentUrl":"https:\/\/patagoniambiental.com.ar\/info\/wp-content\/uploads\/2023\/08\/Sin-titulo-4.png","width":788,"height":508},{"@type":"BreadcrumbList","@id":"https:\/\/patagoniambiental.com.ar\/info\/el-tren-patagonico-fue-distinguido-con-la-marca-pais\/#breadcrumb","itemListElement":[{"@type":"ListItem","position":1,"name":"Inicio","item":"https:\/\/patagoniambiental.com.ar\/info\/"},{"@type":"ListItem","position":2,"name":"El Tren Patag\u00f3nico fue distinguido con la Marca Pa\u00eds"}]},{"@type":"WebSite","@id":"https:\/\/patagoniambiental.com.ar\/info\/#website","url":"https:\/\/patagoniambiental.com.ar\/info\/","name":"Patagonia Ambiental","description":"Monitoreo y an\u00e1lisis de la situaci\u00f3n geopol\u00edtica en el mundo y su implicancia en la Patagonia","publisher":{"@id":"https:\/\/patagoniambiental.com.ar\/info\/#organization"},"potentialAction":[{"@type":"SearchAction","target":{"@type":"EntryPoint","urlTemplate":"https:\/\/patagoniambiental.com.ar\/info\/?s={search_term_string}"},"query-input":{"@type":"PropertyValueSpecification","valueRequired":true,"valueName":"search_term_string"}}],"inLanguage":"es"},{"@type":"Organization","@id":"https:\/\/patagoniambiental.com.ar\/info\/#organization","name":"Patagonia Ambiental","url":"https:\/\/patagoniambiental.com.ar\/info\/","logo":{"@type":"ImageObject","inLanguage":"es","@id":"https:\/\/patagoniambiental.com.ar\/info\/#\/schema\/logo\/image\/","url":"https:\/\/patagoniambiental.com.ar\/info\/wp-content\/uploads\/2025\/05\/LOGO-PATAGONIA-AMBIENTAL.png","contentUrl":"https:\/\/patagoniambiental.com.ar\/info\/wp-content\/uploads\/2025\/05\/LOGO-PATAGONIA-AMBIENTAL.png","width":433,"height":250,"caption":"Patagonia Ambiental"},"image":{"@id":"https:\/\/patagoniambiental.com.ar\/info\/#\/schema\/logo\/image\/"},"sameAs":["https:\/\/www.facebook.com\/patagonia.ambiental","https:\/\/x.com\/PatAmb"]},{"@type":"Person","@id":"https:\/\/patagoniambiental.com.ar\/info\/#\/schema\/person\/db12bff64bbcbf6a253710bf0ea37b5d","name":"Patagonia Ambiental","description":"Andr\u00e9s Nievas T\u00e9cnico en manejo ambiental, consultor Ambiental y escritor para medios locales e internacionales sobre temas de geopolitica y medio ambiente.","sameAs":["http:\/\/www.patagoniambiental.com.ar","https:\/\/www.facebook.com\/share\/1C1V8Gv9BX\/?mibextid=qi2Omg","@patagoniambiental","https:\/\/youtube.com\/@patagoniaambiental2023?si=BLt58t0wuXquxlYZ"]}]}},"_links":{"self":[{"href":"https:\/\/patagoniambiental.com.ar\/info\/wp-json\/wp\/v2\/posts\/78801","targetHints":{"allow":["GET"]}}],"collection":[{"href":"https:\/\/patagoniambiental.com.ar\/info\/wp-json\/wp\/v2\/posts"}],"about":[{"href":"https:\/\/patagoniambiental.com.ar\/info\/wp-json\/wp\/v2\/types\/post"}],"author":[{"embeddable":true,"href":"https:\/\/patagoniambiental.com.ar\/info\/wp-json\/wp\/v2\/users\/2"}],"replies":[{"embeddable":true,"href":"https:\/\/patagoniambiental.com.ar\/info\/wp-json\/wp\/v2\/comments?post=78801"}],"version-history":[{"count":0,"href":"https:\/\/patagoniambiental.com.ar\/info\/wp-json\/wp\/v2\/posts\/78801\/revisions"}],"wp:featuredmedia":[{"embeddable":true,"href":"https:\/\/patagoniambiental.com.ar\/info\/wp-json\/wp\/v2\/media\/78802"}],"wp:attachment":[{"href":"https:\/\/patagoniambiental.com.ar\/info\/wp-json\/wp\/v2\/media?parent=78801"}],"wp:term":[{"taxonomy":"category","embeddable":true,"href":"https:\/\/patagoniambiental.com.ar\/info\/wp-json\/wp\/v2\/categories?post=78801"},{"taxonomy":"post_tag","embeddable":true,"href":"https:\/\/patagoniambiental.com.ar\/info\/wp-json\/wp\/v2\/tags?post=78801"}],"curies":[{"name":"wp","href":"https:\/\/api.w.org\/{rel}","templated":true}]}}