{"id":78852,"date":"2023-08-27T07:00:00","date_gmt":"2023-08-27T10:00:00","guid":{"rendered":"https:\/\/patagoniambiental.com.ar\/info\/?p=78852"},"modified":"2024-08-16T12:24:32","modified_gmt":"2024-08-16T15:24:32","slug":"el-gobierno-amenazo-con-sacar-tierras-a-quienes-denunciaron-irregularidades-en-el-basural-de-lujan","status":"publish","type":"post","link":"https:\/\/patagoniambiental.com.ar\/info\/el-gobierno-amenazo-con-sacar-tierras-a-quienes-denunciaron-irregularidades-en-el-basural-de-lujan\/","title":{"rendered":"El Gobierno amenaz\u00f3 con sacar tierras a quienes denunciaron irregularidades en el basural de Luj\u00e1n"},"content":{"rendered":"\n<!--more-->\n\n\n\n<p><strong>Organizaciones no gubernamentales y vecinos de Luj\u00e1n presentaron una acci\u00f3n de amparo ambiental.<\/strong><\/p>\n\n\n\n<p><a href=\"javascript:Popup('https:\/\/www.facebook.com\/sharer\/sharer.php?u=https:\/\/www.minutoneuquen.com\/nacionales\/2023\/8\/27\/el-gobierno-amenazo-con-sacar-tierras-quienes-denunciaron-irregularidades-en-el-basural-de-lujan-336915.html%27,%27envio%27,700,435,%27no%27,%27yes%27);\"><\/a><\/p>\n\n\n\n<p><a href=\"https:\/\/web.whatsapp.com\/send?text=El+Gobierno+amenaz%C3%B3+con+sacar+tierras+a+quienes+denunciaron+irregularidades+en+el+basural+de+Luj%C3%A1n%20-%20https:\/\/www.minutoneuquen.com\/nacionales\/2023\/8\/27\/el-gobierno-amenazo-con-sacar-tierras-quienes-denunciaron-irregularidades-en-el-basural-de-lujan-336915.html\" target=\"_blank\" rel=\"noreferrer noopener\"><\/a><\/p>\n\n\n\n<p><a target=\"_blank\" rel=\"noreferrer noopener\" href=\"https:\/\/telegram.me\/share\/url?url=https:\/\/www.minutoneuquen.com\/nacionales\/2023\/8\/27\/el-gobierno-amenazo-con-sacar-tierras-quienes-denunciaron-irregularidades-en-el-basural-de-lujan-336915.html\"><\/a><\/p>\n\n\n\n<figure class=\"wp-block-image\"><a href=\"https:\/\/www.minutoneuquen.com\/u\/fotografias\/fotosnoticias\/2023\/8\/27\/621128.jpg\"><img decoding=\"async\" src=\"https:\/\/www.minutoneuquen.com\/u\/fotografias\/m\/2023\/8\/27\/f800x450-621128_672574_5050.jpg\" alt=\"El Gobierno amenaz\u00f3 con sacar tierras a quienes denunciaron irregularidades en el basural de Luj\u00e1n\"\/><\/a><figcaption class=\"wp-element-caption\">Contin\u00faa la pol\u00e9mica por el basural de Luj\u00e1n. Fuente: (Twitter).<\/figcaption><\/figure>\n\n\n\n<p><\/p>\n\n\n\n<p><a href=\"https:\/\/www.minutoneuquen.com\/autor\/lucia-paz-gimenez.html\">Por\u00a0Luc\u00eda Paz Gimenez<\/a>.-A trav\u00e9s del Ministerio de Ambiente y Desarrollo Sostenible, a cargo de Juan Cabandi\u00e9, el Gobierno parece contestarle a todos aquellos ciudadanos que denunciaron posibles irregularidades en las obras del Centro Ambiental y relleno sanitario ubicado en el denominado \u201cPredio Sucre\u201d, en\u00a0<strong>Luj\u00e1n<\/strong>, el cual forma parte del basural a cielo abierto m\u00e1s grande del pa\u00eds.<\/p>\n\n\n\n<p>Hace algunas semanas, varias organizaciones no gubernamentales y vecinos del&nbsp;<a href=\"https:\/\/www.minutoneuquen.com\/nacionales\/2021\/10\/16\/juan-cabandie-de-pasar-tener-el-basural-mas-grande-del-pais-tener-el-centro-ambiental-298832.html\" target=\"_blank\" rel=\"noreferrer noopener\">partido bonaerense<\/a>&nbsp;presentaron una acci\u00f3n de amparo ambiental, buscando que no se avance con el relleno sanitario. Ahora, funcionarios del Gobierno nacional amenazaron con expropiar propiedades de algunos de los denunciantes que viven en&nbsp;<strong>Luj\u00e1n<\/strong>, para extender el relleno en caso de que las parcelas previstas no alcancen.<\/p>\n\n\n\n<figure class=\"wp-block-image\"><img decoding=\"async\" src=\"https:\/\/www.minutoneuquen.com\/u\/fotografias\/m\/2023\/8\/27\/f768x1-621120_621247_5050.jpg\" alt=\"\"\/><figcaption class=\"wp-element-caption\">El comunicado presentado por el Ministro de&nbsp;Ambiente y Desarrollo Sostenible.<\/figcaption><\/figure>\n\n\n\n<p>El objetivo de la expropiaci\u00f3n parecen ser las tierras con certificaci\u00f3n org\u00e1nica que pertenecen a Viviana Novelle, una de las denunciantes, y que forman parte del emprendimiento productivo Tallo Verde Org\u00e1nico.&nbsp;Las obras incluyen el saneamiento de basurales que se encuentran instalados a lo largo y ancho del pa\u00eds, pero el m\u00e1s grande se encuentra en&nbsp;<strong>Luj\u00e1n<\/strong>, y se llevan a cabo con un pr\u00e9stamo del Banco Interamericano de Desarrollo (BID) otorgado a la Argentina por un monto total de 450 millones de d\u00f3lares.<\/p>\n\n\n\n<figure class=\"wp-block-image\"><img decoding=\"async\" src=\"https:\/\/www.minutoneuquen.com\/u\/fotografias\/m\/2023\/8\/27\/f768x1-621131_621258_5050.jpg\" alt=\"\"\/><figcaption class=\"wp-element-caption\">Las tierras que el Gobierno buscar\u00eda expropiar son las linderas con el Centro Ambiental.<\/figcaption><\/figure>\n\n\n\n<h3 class=\"wp-block-heading\" id=\"h-\"><\/h3>\n\n\n\n<div style=\"height:100px\" aria-hidden=\"true\" class=\"wp-block-spacer\"><\/div>\n\n\n\n<h2 class=\"wp-block-heading\" id=\"h-cuales-son-las-tierras-que-el-gobierno-amenaza-con-quitar-cerca-del-basural-de-lujan\">Cu\u00e1les son las tierras que el Gobierno amenaza con quitar cerca del basural de Luj\u00e1n<\/h2>\n\n\n\n<p>Las tierras que le interesan al Gobierno se encuentran linderas con el relleno sanitario en construcci\u00f3n, a pesar que en&nbsp;<strong>Luj\u00e1n<\/strong>, seg\u00fan consta en la causa judicial que corre actualmente, hay m\u00e1s de 160 lugares aptos para realizar ese tipo de obras, donde adem\u00e1s no se ver\u00eda perjudicado ning\u00fan vecino de la zona. Novelle, la due\u00f1a de los terrenos, asegura que se trata de una especie de intimidaci\u00f3n, ya que denuncia p\u00fablica y peri\u00f3dicamente la utilizaci\u00f3n de los predios.<\/p>\n\n\n\n<figure class=\"wp-block-image\"><img decoding=\"async\" src=\"https:\/\/www.minutoneuquen.com\/u\/fotografias\/m\/2023\/8\/27\/f768x1-621125_621252_5050.jpeg\" alt=\"\"\/><figcaption class=\"wp-element-caption\">Viviana Novelle, la propietaria de las tierras cercanas al Centro Ambiental y una de las denunciantes recurrentes.<\/figcaption><\/figure>\n\n\n\n<p>Despu\u00e9s de una serie de allanamientos realizados por la Polic\u00eda Federal Argentina, bajo las \u00f3rdenes del juez Elpidio Portocarrero Tezanos Pinto, se determin\u00f3 que en el vertedero, que depende de la intendencia del&nbsp;<a rel=\"noreferrer noopener\" href=\"https:\/\/twitter.com\/MuniLujan\" target=\"_blank\">distrito gobernado&nbsp;por Leonardo Boto<\/a>,&nbsp;se arrojan residuos patol\u00f3gicos y contaminantes, lo que est\u00e1 prohibido por la ley 24.051 de residuos peligrosos. La empresaria ya hab\u00eda sido amenazada anteriormente mediante carteles en el Concejo Deliberante de Luj\u00e1n, de mayor\u00eda oficialista.<\/p>\n\n\n\n<p>Fuente: www.minutoneuquen.com<\/p>\n","protected":false},"excerpt":{"rendered":"","protected":false},"author":2,"featured_media":78853,"comment_status":"open","ping_status":"open","sticky":false,"template":"","format":"standard","meta":{"site-sidebar-layout":"default","site-content-layout":"","ast-site-content-layout":"default","site-content-style":"default","site-sidebar-style":"default","ast-global-header-display":"","ast-banner-title-visibility":"","ast-main-header-display":"","ast-hfb-above-header-display":"","ast-hfb-below-header-display":"","ast-hfb-mobile-header-display":"","site-post-title":"","ast-breadcrumbs-content":"","ast-featured-img":"","footer-sml-layout":"","ast-disable-related-posts":"","theme-transparent-header-meta":"","adv-header-id-meta":"","stick-header-meta":"","header-above-stick-meta":"","header-main-stick-meta":"","header-below-stick-meta":"","astra-migrate-meta-layouts":"default","ast-page-background-enabled":"default","ast-page-background-meta":{"desktop":{"background-color":"var(--ast-global-color-5)","background-image":"","background-repeat":"repeat","background-position":"center center","background-size":"auto","background-attachment":"scroll","background-type":"","background-media":"","overlay-type":"","overlay-color":"","overlay-opacity":"","overlay-gradient":""},"tablet":{"background-color":"","background-image":"","background-repeat":"repeat","background-position":"center center","background-size":"auto","background-attachment":"scroll","background-type":"","background-media":"","overlay-type":"","overlay-color":"","overlay-opacity":"","overlay-gradient":""},"mobile":{"background-color":"","background-image":"","background-repeat":"repeat","background-position":"center center","background-size":"auto","background-attachment":"scroll","background-type":"","background-media":"","overlay-type":"","overlay-color":"","overlay-opacity":"","overlay-gradient":""}},"ast-content-background-meta":{"desktop":{"background-color":"var(--ast-global-color-4)","background-image":"","background-repeat":"repeat","background-position":"center center","background-size":"auto","background-attachment":"scroll","background-type":"","background-media":"","overlay-type":"","overlay-color":"","overlay-opacity":"","overlay-gradient":""},"tablet":{"background-color":"var(--ast-global-color-4)","background-image":"","background-repeat":"repeat","background-position":"center center","background-size":"auto","background-attachment":"scroll","background-type":"","background-media":"","overlay-type":"","overlay-color":"","overlay-opacity":"","overlay-gradient":""},"mobile":{"background-color":"var(--ast-global-color-4)","background-image":"","background-repeat":"repeat","background-position":"center center","background-size":"auto","background-attachment":"scroll","background-type":"","background-media":"","overlay-type":"","overlay-color":"","overlay-opacity":"","overlay-gradient":""}},"footnotes":""},"categories":[3],"tags":[],"class_list":["post-78852","post","type-post","status-publish","format-standard","has-post-thumbnail","hentry","category-ong"],"yoast_head":"<!-- This site is optimized with the Yoast SEO Premium plugin v23.0 (Yoast SEO v27.5) - https:\/\/yoast.com\/product\/yoast-seo-premium-wordpress\/ -->\n<title>El Gobierno amenaz\u00f3 con sacar tierras a quienes denunciaron irregularidades en el basural de Luj\u00e1n<\/title>\n<meta name=\"robots\" content=\"index, follow, max-snippet:-1, max-image-preview:large, max-video-preview:-1\" \/>\n<link rel=\"canonical\" href=\"https:\/\/patagoniambiental.com.ar\/info\/el-gobierno-amenazo-con-sacar-tierras-a-quienes-denunciaron-irregularidades-en-el-basural-de-lujan\/\" \/>\n<meta property=\"og:locale\" content=\"es_ES\" \/>\n<meta property=\"og:type\" content=\"article\" \/>\n<meta property=\"og:title\" content=\"El Gobierno amenaz\u00f3 con sacar tierras a quienes denunciaron irregularidades en el basural de Luj\u00e1n\" \/>\n<meta property=\"og:url\" content=\"https:\/\/patagoniambiental.com.ar\/info\/el-gobierno-amenazo-con-sacar-tierras-a-quienes-denunciaron-irregularidades-en-el-basural-de-lujan\/\" \/>\n<meta property=\"og:site_name\" content=\"Patagonia Ambiental\" \/>\n<meta property=\"article:publisher\" content=\"https:\/\/www.facebook.com\/patagonia.ambiental\" \/>\n<meta property=\"article:author\" content=\"https:\/\/www.facebook.com\/share\/1C1V8Gv9BX\/?mibextid=qi2Omg\" \/>\n<meta property=\"article:published_time\" content=\"2023-08-27T10:00:00+00:00\" \/>\n<meta property=\"article:modified_time\" content=\"2024-08-16T15:24:32+00:00\" \/>\n<meta property=\"og:image\" content=\"https:\/\/patagoniambiental.com.ar\/info\/wp-content\/uploads\/2023\/08\/f800x450-621128_672574_5050.jpg\" \/>\n\t<meta property=\"og:image:width\" content=\"800\" \/>\n\t<meta property=\"og:image:height\" content=\"450\" \/>\n\t<meta property=\"og:image:type\" content=\"image\/jpeg\" \/>\n<meta name=\"author\" content=\"Patagonia Ambiental\" \/>\n<meta name=\"twitter:card\" content=\"summary_large_image\" \/>\n<meta name=\"twitter:creator\" content=\"@PatAmb\" \/>\n<meta name=\"twitter:site\" content=\"@PatAmb\" \/>\n<script type=\"application\/ld+json\" class=\"yoast-schema-graph\">{\"@context\":\"https:\\\/\\\/schema.org\",\"@graph\":[{\"@type\":\"Article\",\"@id\":\"https:\\\/\\\/patagoniambiental.com.ar\\\/info\\\/el-gobierno-amenazo-con-sacar-tierras-a-quienes-denunciaron-irregularidades-en-el-basural-de-lujan\\\/#article\",\"isPartOf\":{\"@id\":\"https:\\\/\\\/patagoniambiental.com.ar\\\/info\\\/el-gobierno-amenazo-con-sacar-tierras-a-quienes-denunciaron-irregularidades-en-el-basural-de-lujan\\\/\"},\"author\":{\"name\":\"Patagonia Ambiental\",\"@id\":\"https:\\\/\\\/patagoniambiental.com.ar\\\/info\\\/#\\\/schema\\\/person\\\/db12bff64bbcbf6a253710bf0ea37b5d\"},\"headline\":\"El Gobierno amenaz\u00f3 con sacar tierras a quienes denunciaron irregularidades en el basural de Luj\u00e1n\",\"datePublished\":\"2023-08-27T10:00:00+00:00\",\"dateModified\":\"2024-08-16T15:24:32+00:00\",\"mainEntityOfPage\":{\"@id\":\"https:\\\/\\\/patagoniambiental.com.ar\\\/info\\\/el-gobierno-amenazo-con-sacar-tierras-a-quienes-denunciaron-irregularidades-en-el-basural-de-lujan\\\/\"},\"wordCount\":503,\"commentCount\":0,\"publisher\":{\"@id\":\"https:\\\/\\\/patagoniambiental.com.ar\\\/info\\\/#organization\"},\"image\":{\"@id\":\"https:\\\/\\\/patagoniambiental.com.ar\\\/info\\\/el-gobierno-amenazo-con-sacar-tierras-a-quienes-denunciaron-irregularidades-en-el-basural-de-lujan\\\/#primaryimage\"},\"thumbnailUrl\":\"https:\\\/\\\/patagoniambiental.com.ar\\\/info\\\/wp-content\\\/uploads\\\/2023\\\/08\\\/f800x450-621128_672574_5050.jpg\",\"articleSection\":[\"ONG\"],\"inLanguage\":\"es\",\"potentialAction\":[{\"@type\":\"CommentAction\",\"name\":\"Comment\",\"target\":[\"https:\\\/\\\/patagoniambiental.com.ar\\\/info\\\/el-gobierno-amenazo-con-sacar-tierras-a-quienes-denunciaron-irregularidades-en-el-basural-de-lujan\\\/#respond\"]}]},{\"@type\":\"WebPage\",\"@id\":\"https:\\\/\\\/patagoniambiental.com.ar\\\/info\\\/el-gobierno-amenazo-con-sacar-tierras-a-quienes-denunciaron-irregularidades-en-el-basural-de-lujan\\\/\",\"url\":\"https:\\\/\\\/patagoniambiental.com.ar\\\/info\\\/el-gobierno-amenazo-con-sacar-tierras-a-quienes-denunciaron-irregularidades-en-el-basural-de-lujan\\\/\",\"name\":\"El Gobierno amenaz\u00f3 con sacar tierras a quienes denunciaron irregularidades en el basural de Luj\u00e1n\",\"isPartOf\":{\"@id\":\"https:\\\/\\\/patagoniambiental.com.ar\\\/info\\\/#website\"},\"primaryImageOfPage\":{\"@id\":\"https:\\\/\\\/patagoniambiental.com.ar\\\/info\\\/el-gobierno-amenazo-con-sacar-tierras-a-quienes-denunciaron-irregularidades-en-el-basural-de-lujan\\\/#primaryimage\"},\"image\":{\"@id\":\"https:\\\/\\\/patagoniambiental.com.ar\\\/info\\\/el-gobierno-amenazo-con-sacar-tierras-a-quienes-denunciaron-irregularidades-en-el-basural-de-lujan\\\/#primaryimage\"},\"thumbnailUrl\":\"https:\\\/\\\/patagoniambiental.com.ar\\\/info\\\/wp-content\\\/uploads\\\/2023\\\/08\\\/f800x450-621128_672574_5050.jpg\",\"datePublished\":\"2023-08-27T10:00:00+00:00\",\"dateModified\":\"2024-08-16T15:24:32+00:00\",\"breadcrumb\":{\"@id\":\"https:\\\/\\\/patagoniambiental.com.ar\\\/info\\\/el-gobierno-amenazo-con-sacar-tierras-a-quienes-denunciaron-irregularidades-en-el-basural-de-lujan\\\/#breadcrumb\"},\"inLanguage\":\"es\",\"potentialAction\":[{\"@type\":\"ReadAction\",\"target\":[\"https:\\\/\\\/patagoniambiental.com.ar\\\/info\\\/el-gobierno-amenazo-con-sacar-tierras-a-quienes-denunciaron-irregularidades-en-el-basural-de-lujan\\\/\"]}]},{\"@type\":\"ImageObject\",\"inLanguage\":\"es\",\"@id\":\"https:\\\/\\\/patagoniambiental.com.ar\\\/info\\\/el-gobierno-amenazo-con-sacar-tierras-a-quienes-denunciaron-irregularidades-en-el-basural-de-lujan\\\/#primaryimage\",\"url\":\"https:\\\/\\\/patagoniambiental.com.ar\\\/info\\\/wp-content\\\/uploads\\\/2023\\\/08\\\/f800x450-621128_672574_5050.jpg\",\"contentUrl\":\"https:\\\/\\\/patagoniambiental.com.ar\\\/info\\\/wp-content\\\/uploads\\\/2023\\\/08\\\/f800x450-621128_672574_5050.jpg\",\"width\":800,\"height\":450},{\"@type\":\"BreadcrumbList\",\"@id\":\"https:\\\/\\\/patagoniambiental.com.ar\\\/info\\\/el-gobierno-amenazo-con-sacar-tierras-a-quienes-denunciaron-irregularidades-en-el-basural-de-lujan\\\/#breadcrumb\",\"itemListElement\":[{\"@type\":\"ListItem\",\"position\":1,\"name\":\"Inicio\",\"item\":\"https:\\\/\\\/patagoniambiental.com.ar\\\/info\\\/\"},{\"@type\":\"ListItem\",\"position\":2,\"name\":\"El Gobierno amenaz\u00f3 con sacar tierras a quienes denunciaron irregularidades en el basural de Luj\u00e1n\"}]},{\"@type\":\"WebSite\",\"@id\":\"https:\\\/\\\/patagoniambiental.com.ar\\\/info\\\/#website\",\"url\":\"https:\\\/\\\/patagoniambiental.com.ar\\\/info\\\/\",\"name\":\"Patagonia Ambiental\",\"description\":\"Monitoreo y an\u00e1lisis de la situaci\u00f3n geopol\u00edtica en el mundo y su implicancia en la Patagonia\",\"publisher\":{\"@id\":\"https:\\\/\\\/patagoniambiental.com.ar\\\/info\\\/#organization\"},\"potentialAction\":[{\"@type\":\"SearchAction\",\"target\":{\"@type\":\"EntryPoint\",\"urlTemplate\":\"https:\\\/\\\/patagoniambiental.com.ar\\\/info\\\/?s={search_term_string}\"},\"query-input\":{\"@type\":\"PropertyValueSpecification\",\"valueRequired\":true,\"valueName\":\"search_term_string\"}}],\"inLanguage\":\"es\"},{\"@type\":\"Organization\",\"@id\":\"https:\\\/\\\/patagoniambiental.com.ar\\\/info\\\/#organization\",\"name\":\"Patagonia Ambiental\",\"url\":\"https:\\\/\\\/patagoniambiental.com.ar\\\/info\\\/\",\"logo\":{\"@type\":\"ImageObject\",\"inLanguage\":\"es\",\"@id\":\"https:\\\/\\\/patagoniambiental.com.ar\\\/info\\\/#\\\/schema\\\/logo\\\/image\\\/\",\"url\":\"https:\\\/\\\/patagoniambiental.com.ar\\\/info\\\/wp-content\\\/uploads\\\/2025\\\/05\\\/LOGO-PATAGONIA-AMBIENTAL.png\",\"contentUrl\":\"https:\\\/\\\/patagoniambiental.com.ar\\\/info\\\/wp-content\\\/uploads\\\/2025\\\/05\\\/LOGO-PATAGONIA-AMBIENTAL.png\",\"width\":433,\"height\":250,\"caption\":\"Patagonia Ambiental\"},\"image\":{\"@id\":\"https:\\\/\\\/patagoniambiental.com.ar\\\/info\\\/#\\\/schema\\\/logo\\\/image\\\/\"},\"sameAs\":[\"https:\\\/\\\/www.facebook.com\\\/patagonia.ambiental\",\"https:\\\/\\\/x.com\\\/PatAmb\"]},{\"@type\":\"Person\",\"@id\":\"https:\\\/\\\/patagoniambiental.com.ar\\\/info\\\/#\\\/schema\\\/person\\\/db12bff64bbcbf6a253710bf0ea37b5d\",\"name\":\"Patagonia Ambiental\",\"description\":\"Andr\u00e9s Nievas T\u00e9cnico en manejo ambiental, consultor Ambiental y escritor para medios locales e internacionales sobre temas de geopolitica y medio ambiente.\",\"sameAs\":[\"http:\\\/\\\/www.patagoniambiental.com.ar\",\"https:\\\/\\\/www.facebook.com\\\/share\\\/1C1V8Gv9BX\\\/?mibextid=qi2Omg\",\"@patagoniambiental\",\"https:\\\/\\\/youtube.com\\\/@patagoniaambiental2023?si=BLt58t0wuXquxlYZ\"]}]}<\/script>\n<!-- \/ Yoast SEO Premium plugin. -->","yoast_head_json":{"title":"El Gobierno amenaz\u00f3 con sacar tierras a quienes denunciaron irregularidades en el basural de Luj\u00e1n","robots":{"index":"index","follow":"follow","max-snippet":"max-snippet:-1","max-image-preview":"max-image-preview:large","max-video-preview":"max-video-preview:-1"},"canonical":"https:\/\/patagoniambiental.com.ar\/info\/el-gobierno-amenazo-con-sacar-tierras-a-quienes-denunciaron-irregularidades-en-el-basural-de-lujan\/","og_locale":"es_ES","og_type":"article","og_title":"El Gobierno amenaz\u00f3 con sacar tierras a quienes denunciaron irregularidades en el basural de Luj\u00e1n","og_url":"https:\/\/patagoniambiental.com.ar\/info\/el-gobierno-amenazo-con-sacar-tierras-a-quienes-denunciaron-irregularidades-en-el-basural-de-lujan\/","og_site_name":"Patagonia Ambiental","article_publisher":"https:\/\/www.facebook.com\/patagonia.ambiental","article_author":"https:\/\/www.facebook.com\/share\/1C1V8Gv9BX\/?mibextid=qi2Omg","article_published_time":"2023-08-27T10:00:00+00:00","article_modified_time":"2024-08-16T15:24:32+00:00","og_image":[{"width":800,"height":450,"url":"https:\/\/patagoniambiental.com.ar\/info\/wp-content\/uploads\/2023\/08\/f800x450-621128_672574_5050.jpg","type":"image\/jpeg"}],"author":"Patagonia Ambiental","twitter_card":"summary_large_image","twitter_creator":"@PatAmb","twitter_site":"@PatAmb","schema":{"@context":"https:\/\/schema.org","@graph":[{"@type":"Article","@id":"https:\/\/patagoniambiental.com.ar\/info\/el-gobierno-amenazo-con-sacar-tierras-a-quienes-denunciaron-irregularidades-en-el-basural-de-lujan\/#article","isPartOf":{"@id":"https:\/\/patagoniambiental.com.ar\/info\/el-gobierno-amenazo-con-sacar-tierras-a-quienes-denunciaron-irregularidades-en-el-basural-de-lujan\/"},"author":{"name":"Patagonia Ambiental","@id":"https:\/\/patagoniambiental.com.ar\/info\/#\/schema\/person\/db12bff64bbcbf6a253710bf0ea37b5d"},"headline":"El Gobierno amenaz\u00f3 con sacar tierras a quienes denunciaron irregularidades en el basural de Luj\u00e1n","datePublished":"2023-08-27T10:00:00+00:00","dateModified":"2024-08-16T15:24:32+00:00","mainEntityOfPage":{"@id":"https:\/\/patagoniambiental.com.ar\/info\/el-gobierno-amenazo-con-sacar-tierras-a-quienes-denunciaron-irregularidades-en-el-basural-de-lujan\/"},"wordCount":503,"commentCount":0,"publisher":{"@id":"https:\/\/patagoniambiental.com.ar\/info\/#organization"},"image":{"@id":"https:\/\/patagoniambiental.com.ar\/info\/el-gobierno-amenazo-con-sacar-tierras-a-quienes-denunciaron-irregularidades-en-el-basural-de-lujan\/#primaryimage"},"thumbnailUrl":"https:\/\/patagoniambiental.com.ar\/info\/wp-content\/uploads\/2023\/08\/f800x450-621128_672574_5050.jpg","articleSection":["ONG"],"inLanguage":"es","potentialAction":[{"@type":"CommentAction","name":"Comment","target":["https:\/\/patagoniambiental.com.ar\/info\/el-gobierno-amenazo-con-sacar-tierras-a-quienes-denunciaron-irregularidades-en-el-basural-de-lujan\/#respond"]}]},{"@type":"WebPage","@id":"https:\/\/patagoniambiental.com.ar\/info\/el-gobierno-amenazo-con-sacar-tierras-a-quienes-denunciaron-irregularidades-en-el-basural-de-lujan\/","url":"https:\/\/patagoniambiental.com.ar\/info\/el-gobierno-amenazo-con-sacar-tierras-a-quienes-denunciaron-irregularidades-en-el-basural-de-lujan\/","name":"El Gobierno amenaz\u00f3 con sacar tierras a quienes denunciaron irregularidades en el basural de Luj\u00e1n","isPartOf":{"@id":"https:\/\/patagoniambiental.com.ar\/info\/#website"},"primaryImageOfPage":{"@id":"https:\/\/patagoniambiental.com.ar\/info\/el-gobierno-amenazo-con-sacar-tierras-a-quienes-denunciaron-irregularidades-en-el-basural-de-lujan\/#primaryimage"},"image":{"@id":"https:\/\/patagoniambiental.com.ar\/info\/el-gobierno-amenazo-con-sacar-tierras-a-quienes-denunciaron-irregularidades-en-el-basural-de-lujan\/#primaryimage"},"thumbnailUrl":"https:\/\/patagoniambiental.com.ar\/info\/wp-content\/uploads\/2023\/08\/f800x450-621128_672574_5050.jpg","datePublished":"2023-08-27T10:00:00+00:00","dateModified":"2024-08-16T15:24:32+00:00","breadcrumb":{"@id":"https:\/\/patagoniambiental.com.ar\/info\/el-gobierno-amenazo-con-sacar-tierras-a-quienes-denunciaron-irregularidades-en-el-basural-de-lujan\/#breadcrumb"},"inLanguage":"es","potentialAction":[{"@type":"ReadAction","target":["https:\/\/patagoniambiental.com.ar\/info\/el-gobierno-amenazo-con-sacar-tierras-a-quienes-denunciaron-irregularidades-en-el-basural-de-lujan\/"]}]},{"@type":"ImageObject","inLanguage":"es","@id":"https:\/\/patagoniambiental.com.ar\/info\/el-gobierno-amenazo-con-sacar-tierras-a-quienes-denunciaron-irregularidades-en-el-basural-de-lujan\/#primaryimage","url":"https:\/\/patagoniambiental.com.ar\/info\/wp-content\/uploads\/2023\/08\/f800x450-621128_672574_5050.jpg","contentUrl":"https:\/\/patagoniambiental.com.ar\/info\/wp-content\/uploads\/2023\/08\/f800x450-621128_672574_5050.jpg","width":800,"height":450},{"@type":"BreadcrumbList","@id":"https:\/\/patagoniambiental.com.ar\/info\/el-gobierno-amenazo-con-sacar-tierras-a-quienes-denunciaron-irregularidades-en-el-basural-de-lujan\/#breadcrumb","itemListElement":[{"@type":"ListItem","position":1,"name":"Inicio","item":"https:\/\/patagoniambiental.com.ar\/info\/"},{"@type":"ListItem","position":2,"name":"El Gobierno amenaz\u00f3 con sacar tierras a quienes denunciaron irregularidades en el basural de Luj\u00e1n"}]},{"@type":"WebSite","@id":"https:\/\/patagoniambiental.com.ar\/info\/#website","url":"https:\/\/patagoniambiental.com.ar\/info\/","name":"Patagonia Ambiental","description":"Monitoreo y an\u00e1lisis de la situaci\u00f3n geopol\u00edtica en el mundo y su implicancia en la Patagonia","publisher":{"@id":"https:\/\/patagoniambiental.com.ar\/info\/#organization"},"potentialAction":[{"@type":"SearchAction","target":{"@type":"EntryPoint","urlTemplate":"https:\/\/patagoniambiental.com.ar\/info\/?s={search_term_string}"},"query-input":{"@type":"PropertyValueSpecification","valueRequired":true,"valueName":"search_term_string"}}],"inLanguage":"es"},{"@type":"Organization","@id":"https:\/\/patagoniambiental.com.ar\/info\/#organization","name":"Patagonia Ambiental","url":"https:\/\/patagoniambiental.com.ar\/info\/","logo":{"@type":"ImageObject","inLanguage":"es","@id":"https:\/\/patagoniambiental.com.ar\/info\/#\/schema\/logo\/image\/","url":"https:\/\/patagoniambiental.com.ar\/info\/wp-content\/uploads\/2025\/05\/LOGO-PATAGONIA-AMBIENTAL.png","contentUrl":"https:\/\/patagoniambiental.com.ar\/info\/wp-content\/uploads\/2025\/05\/LOGO-PATAGONIA-AMBIENTAL.png","width":433,"height":250,"caption":"Patagonia Ambiental"},"image":{"@id":"https:\/\/patagoniambiental.com.ar\/info\/#\/schema\/logo\/image\/"},"sameAs":["https:\/\/www.facebook.com\/patagonia.ambiental","https:\/\/x.com\/PatAmb"]},{"@type":"Person","@id":"https:\/\/patagoniambiental.com.ar\/info\/#\/schema\/person\/db12bff64bbcbf6a253710bf0ea37b5d","name":"Patagonia Ambiental","description":"Andr\u00e9s Nievas T\u00e9cnico en manejo ambiental, consultor Ambiental y escritor para medios locales e internacionales sobre temas de geopolitica y medio ambiente.","sameAs":["http:\/\/www.patagoniambiental.com.ar","https:\/\/www.facebook.com\/share\/1C1V8Gv9BX\/?mibextid=qi2Omg","@patagoniambiental","https:\/\/youtube.com\/@patagoniaambiental2023?si=BLt58t0wuXquxlYZ"]}]}},"_links":{"self":[{"href":"https:\/\/patagoniambiental.com.ar\/info\/wp-json\/wp\/v2\/posts\/78852","targetHints":{"allow":["GET"]}}],"collection":[{"href":"https:\/\/patagoniambiental.com.ar\/info\/wp-json\/wp\/v2\/posts"}],"about":[{"href":"https:\/\/patagoniambiental.com.ar\/info\/wp-json\/wp\/v2\/types\/post"}],"author":[{"embeddable":true,"href":"https:\/\/patagoniambiental.com.ar\/info\/wp-json\/wp\/v2\/users\/2"}],"replies":[{"embeddable":true,"href":"https:\/\/patagoniambiental.com.ar\/info\/wp-json\/wp\/v2\/comments?post=78852"}],"version-history":[{"count":0,"href":"https:\/\/patagoniambiental.com.ar\/info\/wp-json\/wp\/v2\/posts\/78852\/revisions"}],"wp:featuredmedia":[{"embeddable":true,"href":"https:\/\/patagoniambiental.com.ar\/info\/wp-json\/wp\/v2\/media\/78853"}],"wp:attachment":[{"href":"https:\/\/patagoniambiental.com.ar\/info\/wp-json\/wp\/v2\/media?parent=78852"}],"wp:term":[{"taxonomy":"category","embeddable":true,"href":"https:\/\/patagoniambiental.com.ar\/info\/wp-json\/wp\/v2\/categories?post=78852"},{"taxonomy":"post_tag","embeddable":true,"href":"https:\/\/patagoniambiental.com.ar\/info\/wp-json\/wp\/v2\/tags?post=78852"}],"curies":[{"name":"wp","href":"https:\/\/api.w.org\/{rel}","templated":true}]}}