{"id":79001,"date":"2023-10-05T07:00:00","date_gmt":"2023-10-05T10:00:00","guid":{"rendered":"https:\/\/patagoniambiental.com.ar\/info\/?p=79001"},"modified":"2024-08-16T10:28:20","modified_gmt":"2024-08-16T13:28:20","slug":"tierra-del-fuego-presento-los-avances-del-plan-de-respuesta-provincial-al-cambio-climatico","status":"publish","type":"post","link":"https:\/\/patagoniambiental.com.ar\/info\/tierra-del-fuego-presento-los-avances-del-plan-de-respuesta-provincial-al-cambio-climatico\/","title":{"rendered":"Tierra del Fuego present\u00f3 los avances del plan de respuesta provincial al cambio clim\u00e1tico"},"content":{"rendered":"\n<!--more-->\n\n\n\n<h4 class=\"wp-block-heading\" id=\"h-fue-en-el-marco-del-ii-congreso-cientifico-provincial-sobre-cambio-climatico-esta-herramienta-permitira-establecer-estrategias-y-politicas-de-las-distintas-actividades-para-la-adaptacion-y-mitigacion-a-este-fenomeno-en-las-diferentes-areas-que-conforman-el-territorio-provincial\"><em>Fue en el marco del II Congreso Cient\u00edfico Provincial sobre Cambio Clim\u00e1tico. Esta herramienta permitir\u00e1 establecer estrategias y pol\u00edticas de las distintas actividades para la adaptaci\u00f3n y mitigaci\u00f3n a este fen\u00f3meno, en las diferentes \u00e1reas que conforman el territorio provincial.<\/em><\/h4>\n\n\n\n<figure class=\"wp-block-image\"><img decoding=\"async\" src=\"https:\/\/paralelo54online.com.ar\/wp-content\/uploads\/2023\/10\/photo1696085012-1024x683.jpeg\" alt=\"\" class=\"wp-image-60449\"\/><\/figure>\n\n\n\n<hr class=\"wp-block-separator has-alpha-channel-opacity\"\/>\n\n\n\n<p>La Secretar\u00eda de Ambiente junto a la Direcci\u00f3n Nacional de Cambio Clim\u00e1tico del Ministerio de Ambiente y Desarrollo Sostenible de Naci\u00f3n (MAyDS), presentaron los avances del Plan Provincial y Nacional de Respuesta de Cambio Clim\u00e1tico.<\/p>\n\n\n\n<p>En ese sentido, la secretaria de Ambiente, Eugenia Alvarez expres\u00f3 que \u201ceste trabajo no podr\u00eda haber sido posible sin el apoyo del Ministerio de Ambiente y Desarrollo Sostenible de Naci\u00f3n, del Programa de las Naciones Unidas para el Desarrollo y por supuesto, de todos los agentes de la Secretar\u00eda de Ambiente y otros entes gubernamentales. Nosotras tenemos el honor de presentar este avance, que es producto de una construcci\u00f3n colaborativa entre los distintos actores del territorio\u201d.<\/p>\n\n\n\n<p>Por su parte, la directora Nacional de Cambio Clim\u00e1tico, coment\u00f3 que \u201cse viene desarrollando hace tiempo en conjunto con la Secretar\u00eda de Ambiente, en esta suerte de experimento en el que intentamos articular la pol\u00edtica nacional con las pol\u00edticas provinciales, en el marco de la implementaci\u00f3n de la Ley de Presupuestos M\u00ednimos de adaptaci\u00f3n y mitigaci\u00f3n al cambio clim\u00e1tico y que enmarca tambi\u00e9n el ejercicio que venimos llevando adelante con las 24 jurisdicciones\u201d.<\/p>\n\n\n\n<p>Respecto a los avances del Plan, la Secretaria Alvarez precis\u00f3 que \u201cse realiza en base a los diagn\u00f3sticos en el territorio para luego transformarlos en acciones, pol\u00edticas y proyectos en combinaci\u00f3n con los sectores y actores. Lo m\u00e1s interesante de esto, es que tiene una gran variedad de conductores que tienen que estar todo el tiempo activos ejecutando y reportando el avance de sus medidas\u201d.<\/p>\n\n\n\n<p>\u201cNuestro plan tiene actualmente 33 medidas, de las cuales 13 son de adaptaci\u00f3n, 6 de mitigaci\u00f3n y 14 est\u00e1n combinadas, es decir, que desde su perspectiva de implementaci\u00f3n van a poder afectar y ayudar a hacer sinergia entre ambos componentes. Asimismo, 24 de estas 33 ya est\u00e1n en distintos niveles de implementaci\u00f3n, lo cual pone en evidencia que no hace falta esperar al plan escrito para ir canalizando parte de las iniciativas de las distintas \u00e1reas de gobierno e ir generando transformaciones y sinergias positivas en el territorio\u201d asegur\u00f3.<\/p>\n\n\n\n<p>La funcionaria provincial dijo que \u201clo m\u00e1s importante a considerar, es que independientemente del aporte nacional o mundial que hagamos en materia de emisiones, el cambio clim\u00e1tico nos va a llegar igual, y tenemos que desarrollar la capacidad para adaptarnos como sociedad, logrando minimizar sus efectos negativos\u201d.<\/p>\n\n\n\n<p>\u201cNo deben quedar dudas que el cambio clim\u00e1tico es real, que lo estamos transitando y que est\u00e1 en manos de todos nosotros desde el rol que ocupamos en ese escenario, hacer nuestra contribuci\u00f3n positiva y prepararnos ante este tipo de fen\u00f3menos\u201d concluy\u00f3.<\/p>\n\n\n\n<p>Fuente: paralelo54online.com.ar<\/p>\n","protected":false},"excerpt":{"rendered":"","protected":false},"author":2,"featured_media":79002,"comment_status":"open","ping_status":"open","sticky":false,"template":"","format":"standard","meta":{"site-sidebar-layout":"default","site-content-layout":"","ast-site-content-layout":"default","site-content-style":"default","site-sidebar-style":"default","ast-global-header-display":"","ast-banner-title-visibility":"","ast-main-header-display":"","ast-hfb-above-header-display":"","ast-hfb-below-header-display":"","ast-hfb-mobile-header-display":"","site-post-title":"","ast-breadcrumbs-content":"","ast-featured-img":"","footer-sml-layout":"","ast-disable-related-posts":"","theme-transparent-header-meta":"","adv-header-id-meta":"","stick-header-meta":"","header-above-stick-meta":"","header-main-stick-meta":"","header-below-stick-meta":"","astra-migrate-meta-layouts":"default","ast-page-background-enabled":"default","ast-page-background-meta":{"desktop":{"background-color":"var(--ast-global-color-5)","background-image":"","background-repeat":"repeat","background-position":"center center","background-size":"auto","background-attachment":"scroll","background-type":"","background-media":"","overlay-type":"","overlay-color":"","overlay-opacity":"","overlay-gradient":""},"tablet":{"background-color":"","background-image":"","background-repeat":"repeat","background-position":"center center","background-size":"auto","background-attachment":"scroll","background-type":"","background-media":"","overlay-type":"","overlay-color":"","overlay-opacity":"","overlay-gradient":""},"mobile":{"background-color":"","background-image":"","background-repeat":"repeat","background-position":"center center","background-size":"auto","background-attachment":"scroll","background-type":"","background-media":"","overlay-type":"","overlay-color":"","overlay-opacity":"","overlay-gradient":""}},"ast-content-background-meta":{"desktop":{"background-color":"var(--ast-global-color-4)","background-image":"","background-repeat":"repeat","background-position":"center center","background-size":"auto","background-attachment":"scroll","background-type":"","background-media":"","overlay-type":"","overlay-color":"","overlay-opacity":"","overlay-gradient":""},"tablet":{"background-color":"var(--ast-global-color-4)","background-image":"","background-repeat":"repeat","background-position":"center center","background-size":"auto","background-attachment":"scroll","background-type":"","background-media":"","overlay-type":"","overlay-color":"","overlay-opacity":"","overlay-gradient":""},"mobile":{"background-color":"var(--ast-global-color-4)","background-image":"","background-repeat":"repeat","background-position":"center center","background-size":"auto","background-attachment":"scroll","background-type":"","background-media":"","overlay-type":"","overlay-color":"","overlay-opacity":"","overlay-gradient":""}},"footnotes":""},"categories":[13],"tags":[],"class_list":["post-79001","post","type-post","status-publish","format-standard","has-post-thumbnail","hentry","category-provinciales"],"yoast_head":"<!-- This site is optimized with the Yoast SEO Premium plugin v23.0 (Yoast SEO v27.4) - https:\/\/yoast.com\/product\/yoast-seo-premium-wordpress\/ -->\n<title>Tierra del Fuego present\u00f3 los avances del plan de respuesta provincial al cambio clim\u00e1tico<\/title>\n<meta name=\"robots\" content=\"index, follow, max-snippet:-1, max-image-preview:large, max-video-preview:-1\" \/>\n<link rel=\"canonical\" href=\"https:\/\/patagoniambiental.com.ar\/info\/tierra-del-fuego-presento-los-avances-del-plan-de-respuesta-provincial-al-cambio-climatico\/\" \/>\n<meta property=\"og:locale\" content=\"es_ES\" \/>\n<meta property=\"og:type\" content=\"article\" \/>\n<meta property=\"og:title\" content=\"Tierra del Fuego present\u00f3 los avances del plan de respuesta provincial al cambio clim\u00e1tico\" \/>\n<meta property=\"og:url\" content=\"https:\/\/patagoniambiental.com.ar\/info\/tierra-del-fuego-presento-los-avances-del-plan-de-respuesta-provincial-al-cambio-climatico\/\" \/>\n<meta property=\"og:site_name\" content=\"Patagonia Ambiental\" \/>\n<meta property=\"article:publisher\" content=\"https:\/\/www.facebook.com\/patagonia.ambiental\" \/>\n<meta property=\"article:author\" content=\"https:\/\/www.facebook.com\/share\/1C1V8Gv9BX\/?mibextid=qi2Omg\" \/>\n<meta property=\"article:published_time\" content=\"2023-10-05T10:00:00+00:00\" \/>\n<meta property=\"article:modified_time\" content=\"2024-08-16T13:28:20+00:00\" \/>\n<meta property=\"og:image\" content=\"https:\/\/patagoniambiental.com.ar\/info\/wp-content\/uploads\/2023\/10\/photo1696085012-1024x683-1.jpeg\" \/>\n\t<meta property=\"og:image:width\" content=\"1024\" \/>\n\t<meta property=\"og:image:height\" content=\"683\" \/>\n\t<meta property=\"og:image:type\" content=\"image\/jpeg\" \/>\n<meta name=\"author\" content=\"Patagonia Ambiental\" \/>\n<meta name=\"twitter:card\" content=\"summary_large_image\" \/>\n<meta name=\"twitter:creator\" content=\"@PatAmb\" \/>\n<meta name=\"twitter:site\" content=\"@PatAmb\" \/>\n<script type=\"application\/ld+json\" class=\"yoast-schema-graph\">{\"@context\":\"https:\\\/\\\/schema.org\",\"@graph\":[{\"@type\":\"Article\",\"@id\":\"https:\\\/\\\/patagoniambiental.com.ar\\\/info\\\/tierra-del-fuego-presento-los-avances-del-plan-de-respuesta-provincial-al-cambio-climatico\\\/#article\",\"isPartOf\":{\"@id\":\"https:\\\/\\\/patagoniambiental.com.ar\\\/info\\\/tierra-del-fuego-presento-los-avances-del-plan-de-respuesta-provincial-al-cambio-climatico\\\/\"},\"author\":{\"name\":\"Patagonia Ambiental\",\"@id\":\"https:\\\/\\\/patagoniambiental.com.ar\\\/info\\\/#\\\/schema\\\/person\\\/db12bff64bbcbf6a253710bf0ea37b5d\"},\"headline\":\"Tierra del Fuego present\u00f3 los avances del plan de respuesta provincial al cambio clim\u00e1tico\",\"datePublished\":\"2023-10-05T10:00:00+00:00\",\"dateModified\":\"2024-08-16T13:28:20+00:00\",\"mainEntityOfPage\":{\"@id\":\"https:\\\/\\\/patagoniambiental.com.ar\\\/info\\\/tierra-del-fuego-presento-los-avances-del-plan-de-respuesta-provincial-al-cambio-climatico\\\/\"},\"wordCount\":520,\"commentCount\":0,\"publisher\":{\"@id\":\"https:\\\/\\\/patagoniambiental.com.ar\\\/info\\\/#organization\"},\"image\":{\"@id\":\"https:\\\/\\\/patagoniambiental.com.ar\\\/info\\\/tierra-del-fuego-presento-los-avances-del-plan-de-respuesta-provincial-al-cambio-climatico\\\/#primaryimage\"},\"thumbnailUrl\":\"https:\\\/\\\/patagoniambiental.com.ar\\\/info\\\/wp-content\\\/uploads\\\/2023\\\/10\\\/photo1696085012-1024x683-1.jpeg\",\"articleSection\":[\"Provinciales\"],\"inLanguage\":\"es\",\"potentialAction\":[{\"@type\":\"CommentAction\",\"name\":\"Comment\",\"target\":[\"https:\\\/\\\/patagoniambiental.com.ar\\\/info\\\/tierra-del-fuego-presento-los-avances-del-plan-de-respuesta-provincial-al-cambio-climatico\\\/#respond\"]}]},{\"@type\":\"WebPage\",\"@id\":\"https:\\\/\\\/patagoniambiental.com.ar\\\/info\\\/tierra-del-fuego-presento-los-avances-del-plan-de-respuesta-provincial-al-cambio-climatico\\\/\",\"url\":\"https:\\\/\\\/patagoniambiental.com.ar\\\/info\\\/tierra-del-fuego-presento-los-avances-del-plan-de-respuesta-provincial-al-cambio-climatico\\\/\",\"name\":\"Tierra del Fuego present\u00f3 los avances del plan de respuesta provincial al cambio clim\u00e1tico\",\"isPartOf\":{\"@id\":\"https:\\\/\\\/patagoniambiental.com.ar\\\/info\\\/#website\"},\"primaryImageOfPage\":{\"@id\":\"https:\\\/\\\/patagoniambiental.com.ar\\\/info\\\/tierra-del-fuego-presento-los-avances-del-plan-de-respuesta-provincial-al-cambio-climatico\\\/#primaryimage\"},\"image\":{\"@id\":\"https:\\\/\\\/patagoniambiental.com.ar\\\/info\\\/tierra-del-fuego-presento-los-avances-del-plan-de-respuesta-provincial-al-cambio-climatico\\\/#primaryimage\"},\"thumbnailUrl\":\"https:\\\/\\\/patagoniambiental.com.ar\\\/info\\\/wp-content\\\/uploads\\\/2023\\\/10\\\/photo1696085012-1024x683-1.jpeg\",\"datePublished\":\"2023-10-05T10:00:00+00:00\",\"dateModified\":\"2024-08-16T13:28:20+00:00\",\"breadcrumb\":{\"@id\":\"https:\\\/\\\/patagoniambiental.com.ar\\\/info\\\/tierra-del-fuego-presento-los-avances-del-plan-de-respuesta-provincial-al-cambio-climatico\\\/#breadcrumb\"},\"inLanguage\":\"es\",\"potentialAction\":[{\"@type\":\"ReadAction\",\"target\":[\"https:\\\/\\\/patagoniambiental.com.ar\\\/info\\\/tierra-del-fuego-presento-los-avances-del-plan-de-respuesta-provincial-al-cambio-climatico\\\/\"]}]},{\"@type\":\"ImageObject\",\"inLanguage\":\"es\",\"@id\":\"https:\\\/\\\/patagoniambiental.com.ar\\\/info\\\/tierra-del-fuego-presento-los-avances-del-plan-de-respuesta-provincial-al-cambio-climatico\\\/#primaryimage\",\"url\":\"https:\\\/\\\/patagoniambiental.com.ar\\\/info\\\/wp-content\\\/uploads\\\/2023\\\/10\\\/photo1696085012-1024x683-1.jpeg\",\"contentUrl\":\"https:\\\/\\\/patagoniambiental.com.ar\\\/info\\\/wp-content\\\/uploads\\\/2023\\\/10\\\/photo1696085012-1024x683-1.jpeg\",\"width\":900,\"height\":600},{\"@type\":\"BreadcrumbList\",\"@id\":\"https:\\\/\\\/patagoniambiental.com.ar\\\/info\\\/tierra-del-fuego-presento-los-avances-del-plan-de-respuesta-provincial-al-cambio-climatico\\\/#breadcrumb\",\"itemListElement\":[{\"@type\":\"ListItem\",\"position\":1,\"name\":\"Inicio\",\"item\":\"https:\\\/\\\/patagoniambiental.com.ar\\\/info\\\/\"},{\"@type\":\"ListItem\",\"position\":2,\"name\":\"Tierra del Fuego present\u00f3 los avances del plan de respuesta provincial al cambio clim\u00e1tico\"}]},{\"@type\":\"WebSite\",\"@id\":\"https:\\\/\\\/patagoniambiental.com.ar\\\/info\\\/#website\",\"url\":\"https:\\\/\\\/patagoniambiental.com.ar\\\/info\\\/\",\"name\":\"Patagonia Ambiental\",\"description\":\"Monitoreo y an\u00e1lisis de la situaci\u00f3n geopol\u00edtica en el mundo y su implicancia en la Patagonia\",\"publisher\":{\"@id\":\"https:\\\/\\\/patagoniambiental.com.ar\\\/info\\\/#organization\"},\"potentialAction\":[{\"@type\":\"SearchAction\",\"target\":{\"@type\":\"EntryPoint\",\"urlTemplate\":\"https:\\\/\\\/patagoniambiental.com.ar\\\/info\\\/?s={search_term_string}\"},\"query-input\":{\"@type\":\"PropertyValueSpecification\",\"valueRequired\":true,\"valueName\":\"search_term_string\"}}],\"inLanguage\":\"es\"},{\"@type\":\"Organization\",\"@id\":\"https:\\\/\\\/patagoniambiental.com.ar\\\/info\\\/#organization\",\"name\":\"Patagonia Ambiental\",\"url\":\"https:\\\/\\\/patagoniambiental.com.ar\\\/info\\\/\",\"logo\":{\"@type\":\"ImageObject\",\"inLanguage\":\"es\",\"@id\":\"https:\\\/\\\/patagoniambiental.com.ar\\\/info\\\/#\\\/schema\\\/logo\\\/image\\\/\",\"url\":\"https:\\\/\\\/patagoniambiental.com.ar\\\/info\\\/wp-content\\\/uploads\\\/2025\\\/05\\\/LOGO-PATAGONIA-AMBIENTAL.png\",\"contentUrl\":\"https:\\\/\\\/patagoniambiental.com.ar\\\/info\\\/wp-content\\\/uploads\\\/2025\\\/05\\\/LOGO-PATAGONIA-AMBIENTAL.png\",\"width\":433,\"height\":250,\"caption\":\"Patagonia Ambiental\"},\"image\":{\"@id\":\"https:\\\/\\\/patagoniambiental.com.ar\\\/info\\\/#\\\/schema\\\/logo\\\/image\\\/\"},\"sameAs\":[\"https:\\\/\\\/www.facebook.com\\\/patagonia.ambiental\",\"https:\\\/\\\/x.com\\\/PatAmb\"]},{\"@type\":\"Person\",\"@id\":\"https:\\\/\\\/patagoniambiental.com.ar\\\/info\\\/#\\\/schema\\\/person\\\/db12bff64bbcbf6a253710bf0ea37b5d\",\"name\":\"Patagonia Ambiental\",\"description\":\"Andr\u00e9s Nievas T\u00e9cnico en manejo ambiental, consultor Ambiental y escritor para medios locales e internacionales sobre temas de geopolitica y medio ambiente.\",\"sameAs\":[\"http:\\\/\\\/www.patagoniambiental.com.ar\",\"https:\\\/\\\/www.facebook.com\\\/share\\\/1C1V8Gv9BX\\\/?mibextid=qi2Omg\",\"@patagoniambiental\",\"https:\\\/\\\/youtube.com\\\/@patagoniaambiental2023?si=BLt58t0wuXquxlYZ\"]}]}<\/script>\n<!-- \/ Yoast SEO Premium plugin. -->","yoast_head_json":{"title":"Tierra del Fuego present\u00f3 los avances del plan de respuesta provincial al cambio clim\u00e1tico","robots":{"index":"index","follow":"follow","max-snippet":"max-snippet:-1","max-image-preview":"max-image-preview:large","max-video-preview":"max-video-preview:-1"},"canonical":"https:\/\/patagoniambiental.com.ar\/info\/tierra-del-fuego-presento-los-avances-del-plan-de-respuesta-provincial-al-cambio-climatico\/","og_locale":"es_ES","og_type":"article","og_title":"Tierra del Fuego present\u00f3 los avances del plan de respuesta provincial al cambio clim\u00e1tico","og_url":"https:\/\/patagoniambiental.com.ar\/info\/tierra-del-fuego-presento-los-avances-del-plan-de-respuesta-provincial-al-cambio-climatico\/","og_site_name":"Patagonia Ambiental","article_publisher":"https:\/\/www.facebook.com\/patagonia.ambiental","article_author":"https:\/\/www.facebook.com\/share\/1C1V8Gv9BX\/?mibextid=qi2Omg","article_published_time":"2023-10-05T10:00:00+00:00","article_modified_time":"2024-08-16T13:28:20+00:00","og_image":[{"width":1024,"height":683,"url":"https:\/\/patagoniambiental.com.ar\/info\/wp-content\/uploads\/2023\/10\/photo1696085012-1024x683-1.jpeg","type":"image\/jpeg"}],"author":"Patagonia Ambiental","twitter_card":"summary_large_image","twitter_creator":"@PatAmb","twitter_site":"@PatAmb","schema":{"@context":"https:\/\/schema.org","@graph":[{"@type":"Article","@id":"https:\/\/patagoniambiental.com.ar\/info\/tierra-del-fuego-presento-los-avances-del-plan-de-respuesta-provincial-al-cambio-climatico\/#article","isPartOf":{"@id":"https:\/\/patagoniambiental.com.ar\/info\/tierra-del-fuego-presento-los-avances-del-plan-de-respuesta-provincial-al-cambio-climatico\/"},"author":{"name":"Patagonia Ambiental","@id":"https:\/\/patagoniambiental.com.ar\/info\/#\/schema\/person\/db12bff64bbcbf6a253710bf0ea37b5d"},"headline":"Tierra del Fuego present\u00f3 los avances del plan de respuesta provincial al cambio clim\u00e1tico","datePublished":"2023-10-05T10:00:00+00:00","dateModified":"2024-08-16T13:28:20+00:00","mainEntityOfPage":{"@id":"https:\/\/patagoniambiental.com.ar\/info\/tierra-del-fuego-presento-los-avances-del-plan-de-respuesta-provincial-al-cambio-climatico\/"},"wordCount":520,"commentCount":0,"publisher":{"@id":"https:\/\/patagoniambiental.com.ar\/info\/#organization"},"image":{"@id":"https:\/\/patagoniambiental.com.ar\/info\/tierra-del-fuego-presento-los-avances-del-plan-de-respuesta-provincial-al-cambio-climatico\/#primaryimage"},"thumbnailUrl":"https:\/\/patagoniambiental.com.ar\/info\/wp-content\/uploads\/2023\/10\/photo1696085012-1024x683-1.jpeg","articleSection":["Provinciales"],"inLanguage":"es","potentialAction":[{"@type":"CommentAction","name":"Comment","target":["https:\/\/patagoniambiental.com.ar\/info\/tierra-del-fuego-presento-los-avances-del-plan-de-respuesta-provincial-al-cambio-climatico\/#respond"]}]},{"@type":"WebPage","@id":"https:\/\/patagoniambiental.com.ar\/info\/tierra-del-fuego-presento-los-avances-del-plan-de-respuesta-provincial-al-cambio-climatico\/","url":"https:\/\/patagoniambiental.com.ar\/info\/tierra-del-fuego-presento-los-avances-del-plan-de-respuesta-provincial-al-cambio-climatico\/","name":"Tierra del Fuego present\u00f3 los avances del plan de respuesta provincial al cambio clim\u00e1tico","isPartOf":{"@id":"https:\/\/patagoniambiental.com.ar\/info\/#website"},"primaryImageOfPage":{"@id":"https:\/\/patagoniambiental.com.ar\/info\/tierra-del-fuego-presento-los-avances-del-plan-de-respuesta-provincial-al-cambio-climatico\/#primaryimage"},"image":{"@id":"https:\/\/patagoniambiental.com.ar\/info\/tierra-del-fuego-presento-los-avances-del-plan-de-respuesta-provincial-al-cambio-climatico\/#primaryimage"},"thumbnailUrl":"https:\/\/patagoniambiental.com.ar\/info\/wp-content\/uploads\/2023\/10\/photo1696085012-1024x683-1.jpeg","datePublished":"2023-10-05T10:00:00+00:00","dateModified":"2024-08-16T13:28:20+00:00","breadcrumb":{"@id":"https:\/\/patagoniambiental.com.ar\/info\/tierra-del-fuego-presento-los-avances-del-plan-de-respuesta-provincial-al-cambio-climatico\/#breadcrumb"},"inLanguage":"es","potentialAction":[{"@type":"ReadAction","target":["https:\/\/patagoniambiental.com.ar\/info\/tierra-del-fuego-presento-los-avances-del-plan-de-respuesta-provincial-al-cambio-climatico\/"]}]},{"@type":"ImageObject","inLanguage":"es","@id":"https:\/\/patagoniambiental.com.ar\/info\/tierra-del-fuego-presento-los-avances-del-plan-de-respuesta-provincial-al-cambio-climatico\/#primaryimage","url":"https:\/\/patagoniambiental.com.ar\/info\/wp-content\/uploads\/2023\/10\/photo1696085012-1024x683-1.jpeg","contentUrl":"https:\/\/patagoniambiental.com.ar\/info\/wp-content\/uploads\/2023\/10\/photo1696085012-1024x683-1.jpeg","width":900,"height":600},{"@type":"BreadcrumbList","@id":"https:\/\/patagoniambiental.com.ar\/info\/tierra-del-fuego-presento-los-avances-del-plan-de-respuesta-provincial-al-cambio-climatico\/#breadcrumb","itemListElement":[{"@type":"ListItem","position":1,"name":"Inicio","item":"https:\/\/patagoniambiental.com.ar\/info\/"},{"@type":"ListItem","position":2,"name":"Tierra del Fuego present\u00f3 los avances del plan de respuesta provincial al cambio clim\u00e1tico"}]},{"@type":"WebSite","@id":"https:\/\/patagoniambiental.com.ar\/info\/#website","url":"https:\/\/patagoniambiental.com.ar\/info\/","name":"Patagonia Ambiental","description":"Monitoreo y an\u00e1lisis de la situaci\u00f3n geopol\u00edtica en el mundo y su implicancia en la Patagonia","publisher":{"@id":"https:\/\/patagoniambiental.com.ar\/info\/#organization"},"potentialAction":[{"@type":"SearchAction","target":{"@type":"EntryPoint","urlTemplate":"https:\/\/patagoniambiental.com.ar\/info\/?s={search_term_string}"},"query-input":{"@type":"PropertyValueSpecification","valueRequired":true,"valueName":"search_term_string"}}],"inLanguage":"es"},{"@type":"Organization","@id":"https:\/\/patagoniambiental.com.ar\/info\/#organization","name":"Patagonia Ambiental","url":"https:\/\/patagoniambiental.com.ar\/info\/","logo":{"@type":"ImageObject","inLanguage":"es","@id":"https:\/\/patagoniambiental.com.ar\/info\/#\/schema\/logo\/image\/","url":"https:\/\/patagoniambiental.com.ar\/info\/wp-content\/uploads\/2025\/05\/LOGO-PATAGONIA-AMBIENTAL.png","contentUrl":"https:\/\/patagoniambiental.com.ar\/info\/wp-content\/uploads\/2025\/05\/LOGO-PATAGONIA-AMBIENTAL.png","width":433,"height":250,"caption":"Patagonia Ambiental"},"image":{"@id":"https:\/\/patagoniambiental.com.ar\/info\/#\/schema\/logo\/image\/"},"sameAs":["https:\/\/www.facebook.com\/patagonia.ambiental","https:\/\/x.com\/PatAmb"]},{"@type":"Person","@id":"https:\/\/patagoniambiental.com.ar\/info\/#\/schema\/person\/db12bff64bbcbf6a253710bf0ea37b5d","name":"Patagonia Ambiental","description":"Andr\u00e9s Nievas T\u00e9cnico en manejo ambiental, consultor Ambiental y escritor para medios locales e internacionales sobre temas de geopolitica y medio ambiente.","sameAs":["http:\/\/www.patagoniambiental.com.ar","https:\/\/www.facebook.com\/share\/1C1V8Gv9BX\/?mibextid=qi2Omg","@patagoniambiental","https:\/\/youtube.com\/@patagoniaambiental2023?si=BLt58t0wuXquxlYZ"]}]}},"_links":{"self":[{"href":"https:\/\/patagoniambiental.com.ar\/info\/wp-json\/wp\/v2\/posts\/79001","targetHints":{"allow":["GET"]}}],"collection":[{"href":"https:\/\/patagoniambiental.com.ar\/info\/wp-json\/wp\/v2\/posts"}],"about":[{"href":"https:\/\/patagoniambiental.com.ar\/info\/wp-json\/wp\/v2\/types\/post"}],"author":[{"embeddable":true,"href":"https:\/\/patagoniambiental.com.ar\/info\/wp-json\/wp\/v2\/users\/2"}],"replies":[{"embeddable":true,"href":"https:\/\/patagoniambiental.com.ar\/info\/wp-json\/wp\/v2\/comments?post=79001"}],"version-history":[{"count":0,"href":"https:\/\/patagoniambiental.com.ar\/info\/wp-json\/wp\/v2\/posts\/79001\/revisions"}],"wp:featuredmedia":[{"embeddable":true,"href":"https:\/\/patagoniambiental.com.ar\/info\/wp-json\/wp\/v2\/media\/79002"}],"wp:attachment":[{"href":"https:\/\/patagoniambiental.com.ar\/info\/wp-json\/wp\/v2\/media?parent=79001"}],"wp:term":[{"taxonomy":"category","embeddable":true,"href":"https:\/\/patagoniambiental.com.ar\/info\/wp-json\/wp\/v2\/categories?post=79001"},{"taxonomy":"post_tag","embeddable":true,"href":"https:\/\/patagoniambiental.com.ar\/info\/wp-json\/wp\/v2\/tags?post=79001"}],"curies":[{"name":"wp","href":"https:\/\/api.w.org\/{rel}","templated":true}]}}