{"id":79151,"date":"2023-11-22T19:00:00","date_gmt":"2023-11-22T22:00:00","guid":{"rendered":"https:\/\/patagoniambiental.com.ar\/info\/?p=79151"},"modified":"2024-08-16T00:28:21","modified_gmt":"2024-08-16T03:28:21","slug":"la-provincia-suma-nuevos-diplomados-en-hidrogeno-verde","status":"publish","type":"post","link":"https:\/\/patagoniambiental.com.ar\/info\/la-provincia-suma-nuevos-diplomados-en-hidrogeno-verde\/","title":{"rendered":"La Provincia suma nuevos diplomados en Hidr\u00f3geno Verde"},"content":{"rendered":"\n<!--more-->\n\n\n\n<h4 class=\"wp-block-heading\" id=\"h-la-gobernadora-arabela-carreras-participo-hoy-en-viedma-de-la-entrega-de-certificados-correspondientes-a-la-segunda-cohorte-de-la-diplomatura-de-extension-en-hidrogeno-verde-dictada-en-la-universidad-nacional-de-rio-negro\">La Gobernadora Arabela Carreras particip\u00f3 hoy en Viedma de la entrega de certificados correspondientes a la segunda cohorte de la Diplomatura de Extensi\u00f3n en Hidr\u00f3geno Verde dictada en la Universidad Nacional de R\u00edo Negro.<\/h4>\n\n\n\n<p>La Gobernadora junto a autoridades de la UNRN entregaron los diplomas a los nuevos egresados. Cr\u00e9dito: Evangelina Mart\u00ednez \/ Rafael Alvian\/ Gobierno de R\u00edo Negro<\/p>\n\n\n\n<p>El acto se llev\u00f3 a cabo en el Campus de la Casa de Altos Estudios y acompa\u00f1aron el vicerrector de la Sede Atl\u00e1ntica, Daniel Barrio, el presidente del Instituto de Hidr\u00f3geno Verde, Patricio Solimano, y en conexi\u00f3n simult\u00e1nea desde el aula h\u00edbrida de la Sede Andina en Bariloche, el director de la Diplomatura de Extensi\u00f3n Universitaria, Juan Carlos Bolcich.<\/p>\n\n\n\n<p>Se trata de 66 nuevos egresados y egresadas, que se suman a los 36 que ya obtuvieron su diploma en 2022. Este a\u00f1o, fue dictada bajo la modalidad virtual, de tres meses de duraci\u00f3n y con cupo limitado, contemplando la participaci\u00f3n de 16 profesores y especialistas provenientes de todo el pa\u00eds.<\/p>\n\n\n\n<figure class=\"wp-block-image\"><img decoding=\"async\" src=\"https:\/\/silvercoder.rionegro.gov.ar\/files\/1700671045_5c78ec44ca94ed9255ac.jpg\" alt=\"\"\/><\/figure>\n\n\n\n<p>Esta formaci\u00f3n pretende acercar contenidos te\u00f3ricos a la poblaci\u00f3n de manera gratuita a trav\u00e9s de un sistema de becas buscando propiciar el desarrollo, formaci\u00f3n y provisi\u00f3n de recursos humanos formados para consolidar el Plan Estrat\u00e9gico de Hidr\u00f3geno Verde que impulsa el Gobierno de R\u00edo Negro.<\/p>\n\n\n\n<p>En la apertura, Carreras agradeci\u00f3 el compromiso de los y las estudiantes en esta nueva etapa. \u201cGracias por confiar en una materia tan nueva, si no nos animamos a ser innovadores y pioneros, dif\u00edcilmente cambiaremos todo lo que consideramos necesario. El planeta tiene problemas con el cambio clim\u00e1tico, por eso nos propusimos avanzar con distintas estrategias\u201d, remarc\u00f3.<\/p>\n\n\n\n<p>\u201cEsta transformaci\u00f3n energ\u00e9tica que es econ\u00f3mica, y donde es clave la energ\u00eda, es de todos, por eso tenemos que trabajar en conjunto. R\u00edo Negro tiene el primer Plan Estrat\u00e9gico de Hidr\u00f3geno Verde del pa\u00eds, y lo presentamos en Francia ante el mundo\u201d.<\/p>\n\n\n\n<figure class=\"wp-block-image\"><img decoding=\"async\" src=\"https:\/\/silvercoder.rionegro.gov.ar\/files\/1700671082_d9ea01f0625e9431dbfb.jpg\" alt=\"\"\/><\/figure>\n\n\n\n<p>Asimismo, la gobernadora destac\u00f3 el plan de desarrollo integral, con el apoyo de las universidades, los programas provinciales y la formaci\u00f3n laboral en diversos \u00e1mbitos vinculados a la tem\u00e1tica que ser\u00e1n fundamentales a futuro teniendo en cuenta crecimiento que conllevar\u00e1 la producci\u00f3n de hidr\u00f3geno verde en territorio rionegrino.<\/p>\n\n\n\n<p>Por su parte, Bolcich, sostuvo que \u201cagradezco a la Gobernadora Carreras, y a todo su equipo que tuvieron la decisi\u00f3n de apoyar esta diplomatura, con el deseo de continuar firme en todos los \u00e1mbitos que podamos para seguir sembrando conocimientos que sumen fundamentos\u201d.<\/p>\n\n\n\n<p>En tanto, el vicerrector de la UNRN, Daniel Barrio, indic\u00f3 que: \u00abdesde la universidad nos interesa fomentar estas formaciones, que si bien son trayectos cortos, permiten dar respuesta a lo que va demandando la agenda del desarrollo. Es necesario que se empiece a trabajar en las nuevas necesidades que la comunidad va marcando; necesidades urgentes que van surgiendo y para las que hemos asumido un gran compromiso\u00bb.<\/p>\n\n\n\n<p>https:\/\/w.soundcloud.com\/player\/?url=https:\/\/soundcloud.com\/comunicacionrn\/patricio-solimano-la-provincia-suma-nuevos-diplomados-en-hidrogeno-verde?utm_source=clipboard&#038;utm_medium=text&#038;utm_campaign=social_sharing<\/p>\n\n\n\n<p>Finalmente Solimano, explic\u00f3 que \u201cla funci\u00f3n era tratar de formar gente que pudiera dar la discusi\u00f3n con nivel, con calidad con concepto, con nuevas ideas y que entiendan de lo que se est\u00e1 hablando\u201d.<\/p>\n\n\n\n<figure class=\"wp-block-embed is-type-rich is-provider-gestor-del-servicio wp-block-embed-gestor-del-servicio wp-embed-aspect-16-9 wp-has-aspect-ratio\"><div class=\"wp-block-embed__wrapper\">\n<iframe title=\"La Provincia suma nuevos diplomados en Hidr\u00f3geno Verde\" width=\"500\" height=\"281\" src=\"https:\/\/www.youtube.com\/embed\/zObZS-FUAtw?feature=oembed\" frameborder=\"0\" allow=\"accelerometer; autoplay; clipboard-write; encrypted-media; gyroscope; picture-in-picture; web-share\" referrerpolicy=\"strict-origin-when-cross-origin\" allowfullscreen><\/iframe>\n<\/div><\/figure>\n\n\n\n<p>\u201cLo importante es que la Provincia gener\u00f3 eso, ganas de tener un proceso de desarrollo con cierta l\u00ednea y convoc\u00f3 a la universidad para generar m\u00e1s herramientas, por lo cual es central\u201d.<\/p>\n\n\n\n<figure class=\"wp-block-image\"><img decoding=\"async\" src=\"https:\/\/silvercoder.rionegro.gov.ar\/files\/1700671128_7fe1919b727a98a64311.jpg\" alt=\"\"\/><\/figure>\n\n\n\n<p><\/p>\n\n\n\n<p>Estuvieron presentes adem\u00e1s el secretario de Estado de Planificaci\u00f3n de la provincia, Daniel Sanguinetti, , el jefe de Gabinete Pablo Z\u00facaro, los ministros de Gobierno y Comunidad, Mariano Ferrari, de Econom\u00eda, Luis Vaisberg y de Turismo y Deporte, Diego Cannestraci, la secretaria de Coordinaci\u00f3n de Planificaci\u00f3n, Natalia Pretz, el presidente del IPAP, Mart\u00edn Alcalde, el vicerrector de la sede andina de la UNRN, Diego Aguiar, el subsecretario de Extensi\u00f3n de la Sede Alto Valle y Valle Medio, Leandro Bustos y dem\u00e1s autoridades de la Casa de Altos Estudios.<\/p>\n\n\n\n<p>Fuente: Gobierno de Rio Negro<\/p>\n","protected":false},"excerpt":{"rendered":"","protected":false},"author":2,"featured_media":79153,"comment_status":"open","ping_status":"open","sticky":false,"template":"","format":"standard","meta":{"site-sidebar-layout":"default","site-content-layout":"","ast-site-content-layout":"default","site-content-style":"default","site-sidebar-style":"default","ast-global-header-display":"","ast-banner-title-visibility":"","ast-main-header-display":"","ast-hfb-above-header-display":"","ast-hfb-below-header-display":"","ast-hfb-mobile-header-display":"","site-post-title":"","ast-breadcrumbs-content":"","ast-featured-img":"","footer-sml-layout":"","ast-disable-related-posts":"","theme-transparent-header-meta":"","adv-header-id-meta":"","stick-header-meta":"","header-above-stick-meta":"","header-main-stick-meta":"","header-below-stick-meta":"","astra-migrate-meta-layouts":"default","ast-page-background-enabled":"default","ast-page-background-meta":{"desktop":{"background-color":"var(--ast-global-color-5)","background-image":"","background-repeat":"repeat","background-position":"center center","background-size":"auto","background-attachment":"scroll","background-type":"","background-media":"","overlay-type":"","overlay-color":"","overlay-opacity":"","overlay-gradient":""},"tablet":{"background-color":"","background-image":"","background-repeat":"repeat","background-position":"center center","background-size":"auto","background-attachment":"scroll","background-type":"","background-media":"","overlay-type":"","overlay-color":"","overlay-opacity":"","overlay-gradient":""},"mobile":{"background-color":"","background-image":"","background-repeat":"repeat","background-position":"center center","background-size":"auto","background-attachment":"scroll","background-type":"","background-media":"","overlay-type":"","overlay-color":"","overlay-opacity":"","overlay-gradient":""}},"ast-content-background-meta":{"desktop":{"background-color":"var(--ast-global-color-4)","background-image":"","background-repeat":"repeat","background-position":"center center","background-size":"auto","background-attachment":"scroll","background-type":"","background-media":"","overlay-type":"","overlay-color":"","overlay-opacity":"","overlay-gradient":""},"tablet":{"background-color":"var(--ast-global-color-4)","background-image":"","background-repeat":"repeat","background-position":"center center","background-size":"auto","background-attachment":"scroll","background-type":"","background-media":"","overlay-type":"","overlay-color":"","overlay-opacity":"","overlay-gradient":""},"mobile":{"background-color":"var(--ast-global-color-4)","background-image":"","background-repeat":"repeat","background-position":"center center","background-size":"auto","background-attachment":"scroll","background-type":"","background-media":"","overlay-type":"","overlay-color":"","overlay-opacity":"","overlay-gradient":""}},"footnotes":""},"categories":[13],"tags":[],"class_list":["post-79151","post","type-post","status-publish","format-standard","has-post-thumbnail","hentry","category-provinciales"],"yoast_head":"<!-- This site is optimized with the Yoast SEO Premium plugin v23.0 (Yoast SEO v27.4) - https:\/\/yoast.com\/product\/yoast-seo-premium-wordpress\/ -->\n<title>La Provincia suma nuevos diplomados en Hidr\u00f3geno Verde<\/title>\n<meta name=\"robots\" content=\"index, follow, max-snippet:-1, max-image-preview:large, max-video-preview:-1\" \/>\n<link rel=\"canonical\" href=\"https:\/\/patagoniambiental.com.ar\/info\/la-provincia-suma-nuevos-diplomados-en-hidrogeno-verde\/\" \/>\n<meta property=\"og:locale\" content=\"es_ES\" \/>\n<meta property=\"og:type\" content=\"article\" \/>\n<meta property=\"og:title\" content=\"La Provincia suma nuevos diplomados en Hidr\u00f3geno Verde\" \/>\n<meta property=\"og:url\" content=\"https:\/\/patagoniambiental.com.ar\/info\/la-provincia-suma-nuevos-diplomados-en-hidrogeno-verde\/\" \/>\n<meta property=\"og:site_name\" content=\"Patagonia Ambiental\" \/>\n<meta property=\"article:publisher\" content=\"https:\/\/www.facebook.com\/patagonia.ambiental\" \/>\n<meta property=\"article:author\" content=\"https:\/\/www.facebook.com\/share\/1C1V8Gv9BX\/?mibextid=qi2Omg\" \/>\n<meta property=\"article:published_time\" content=\"2023-11-22T22:00:00+00:00\" \/>\n<meta property=\"article:modified_time\" content=\"2024-08-16T03:28:21+00:00\" \/>\n<meta property=\"og:image\" content=\"https:\/\/patagoniambiental.com.ar\/info\/wp-content\/uploads\/2023\/11\/Screenshon.jpg\" \/>\n\t<meta property=\"og:image:width\" content=\"976\" \/>\n\t<meta property=\"og:image:height\" content=\"535\" \/>\n\t<meta property=\"og:image:type\" content=\"image\/jpeg\" \/>\n<meta name=\"author\" content=\"Patagonia Ambiental\" \/>\n<meta name=\"twitter:card\" content=\"summary_large_image\" \/>\n<meta name=\"twitter:creator\" content=\"@PatAmb\" \/>\n<meta name=\"twitter:site\" content=\"@PatAmb\" \/>\n<script type=\"application\/ld+json\" class=\"yoast-schema-graph\">{\"@context\":\"https:\\\/\\\/schema.org\",\"@graph\":[{\"@type\":\"Article\",\"@id\":\"https:\\\/\\\/patagoniambiental.com.ar\\\/info\\\/la-provincia-suma-nuevos-diplomados-en-hidrogeno-verde\\\/#article\",\"isPartOf\":{\"@id\":\"https:\\\/\\\/patagoniambiental.com.ar\\\/info\\\/la-provincia-suma-nuevos-diplomados-en-hidrogeno-verde\\\/\"},\"author\":{\"name\":\"Patagonia Ambiental\",\"@id\":\"https:\\\/\\\/patagoniambiental.com.ar\\\/info\\\/#\\\/schema\\\/person\\\/db12bff64bbcbf6a253710bf0ea37b5d\"},\"headline\":\"La Provincia suma nuevos diplomados en Hidr\u00f3geno Verde\",\"datePublished\":\"2023-11-22T22:00:00+00:00\",\"dateModified\":\"2024-08-16T03:28:21+00:00\",\"mainEntityOfPage\":{\"@id\":\"https:\\\/\\\/patagoniambiental.com.ar\\\/info\\\/la-provincia-suma-nuevos-diplomados-en-hidrogeno-verde\\\/\"},\"wordCount\":717,\"commentCount\":0,\"publisher\":{\"@id\":\"https:\\\/\\\/patagoniambiental.com.ar\\\/info\\\/#organization\"},\"image\":{\"@id\":\"https:\\\/\\\/patagoniambiental.com.ar\\\/info\\\/la-provincia-suma-nuevos-diplomados-en-hidrogeno-verde\\\/#primaryimage\"},\"thumbnailUrl\":\"https:\\\/\\\/patagoniambiental.com.ar\\\/info\\\/wp-content\\\/uploads\\\/2023\\\/11\\\/Screenshon.jpg\",\"articleSection\":[\"Provinciales\"],\"inLanguage\":\"es\",\"potentialAction\":[{\"@type\":\"CommentAction\",\"name\":\"Comment\",\"target\":[\"https:\\\/\\\/patagoniambiental.com.ar\\\/info\\\/la-provincia-suma-nuevos-diplomados-en-hidrogeno-verde\\\/#respond\"]}]},{\"@type\":\"WebPage\",\"@id\":\"https:\\\/\\\/patagoniambiental.com.ar\\\/info\\\/la-provincia-suma-nuevos-diplomados-en-hidrogeno-verde\\\/\",\"url\":\"https:\\\/\\\/patagoniambiental.com.ar\\\/info\\\/la-provincia-suma-nuevos-diplomados-en-hidrogeno-verde\\\/\",\"name\":\"La Provincia suma nuevos diplomados en Hidr\u00f3geno Verde\",\"isPartOf\":{\"@id\":\"https:\\\/\\\/patagoniambiental.com.ar\\\/info\\\/#website\"},\"primaryImageOfPage\":{\"@id\":\"https:\\\/\\\/patagoniambiental.com.ar\\\/info\\\/la-provincia-suma-nuevos-diplomados-en-hidrogeno-verde\\\/#primaryimage\"},\"image\":{\"@id\":\"https:\\\/\\\/patagoniambiental.com.ar\\\/info\\\/la-provincia-suma-nuevos-diplomados-en-hidrogeno-verde\\\/#primaryimage\"},\"thumbnailUrl\":\"https:\\\/\\\/patagoniambiental.com.ar\\\/info\\\/wp-content\\\/uploads\\\/2023\\\/11\\\/Screenshon.jpg\",\"datePublished\":\"2023-11-22T22:00:00+00:00\",\"dateModified\":\"2024-08-16T03:28:21+00:00\",\"breadcrumb\":{\"@id\":\"https:\\\/\\\/patagoniambiental.com.ar\\\/info\\\/la-provincia-suma-nuevos-diplomados-en-hidrogeno-verde\\\/#breadcrumb\"},\"inLanguage\":\"es\",\"potentialAction\":[{\"@type\":\"ReadAction\",\"target\":[\"https:\\\/\\\/patagoniambiental.com.ar\\\/info\\\/la-provincia-suma-nuevos-diplomados-en-hidrogeno-verde\\\/\"]}]},{\"@type\":\"ImageObject\",\"inLanguage\":\"es\",\"@id\":\"https:\\\/\\\/patagoniambiental.com.ar\\\/info\\\/la-provincia-suma-nuevos-diplomados-en-hidrogeno-verde\\\/#primaryimage\",\"url\":\"https:\\\/\\\/patagoniambiental.com.ar\\\/info\\\/wp-content\\\/uploads\\\/2023\\\/11\\\/Screenshon.jpg\",\"contentUrl\":\"https:\\\/\\\/patagoniambiental.com.ar\\\/info\\\/wp-content\\\/uploads\\\/2023\\\/11\\\/Screenshon.jpg\",\"width\":976,\"height\":535},{\"@type\":\"BreadcrumbList\",\"@id\":\"https:\\\/\\\/patagoniambiental.com.ar\\\/info\\\/la-provincia-suma-nuevos-diplomados-en-hidrogeno-verde\\\/#breadcrumb\",\"itemListElement\":[{\"@type\":\"ListItem\",\"position\":1,\"name\":\"Inicio\",\"item\":\"https:\\\/\\\/patagoniambiental.com.ar\\\/info\\\/\"},{\"@type\":\"ListItem\",\"position\":2,\"name\":\"La Provincia suma nuevos diplomados en Hidr\u00f3geno Verde\"}]},{\"@type\":\"WebSite\",\"@id\":\"https:\\\/\\\/patagoniambiental.com.ar\\\/info\\\/#website\",\"url\":\"https:\\\/\\\/patagoniambiental.com.ar\\\/info\\\/\",\"name\":\"Patagonia Ambiental\",\"description\":\"Monitoreo y an\u00e1lisis de la situaci\u00f3n geopol\u00edtica en el mundo y su implicancia en la Patagonia\",\"publisher\":{\"@id\":\"https:\\\/\\\/patagoniambiental.com.ar\\\/info\\\/#organization\"},\"potentialAction\":[{\"@type\":\"SearchAction\",\"target\":{\"@type\":\"EntryPoint\",\"urlTemplate\":\"https:\\\/\\\/patagoniambiental.com.ar\\\/info\\\/?s={search_term_string}\"},\"query-input\":{\"@type\":\"PropertyValueSpecification\",\"valueRequired\":true,\"valueName\":\"search_term_string\"}}],\"inLanguage\":\"es\"},{\"@type\":\"Organization\",\"@id\":\"https:\\\/\\\/patagoniambiental.com.ar\\\/info\\\/#organization\",\"name\":\"Patagonia Ambiental\",\"url\":\"https:\\\/\\\/patagoniambiental.com.ar\\\/info\\\/\",\"logo\":{\"@type\":\"ImageObject\",\"inLanguage\":\"es\",\"@id\":\"https:\\\/\\\/patagoniambiental.com.ar\\\/info\\\/#\\\/schema\\\/logo\\\/image\\\/\",\"url\":\"https:\\\/\\\/patagoniambiental.com.ar\\\/info\\\/wp-content\\\/uploads\\\/2025\\\/05\\\/LOGO-PATAGONIA-AMBIENTAL.png\",\"contentUrl\":\"https:\\\/\\\/patagoniambiental.com.ar\\\/info\\\/wp-content\\\/uploads\\\/2025\\\/05\\\/LOGO-PATAGONIA-AMBIENTAL.png\",\"width\":433,\"height\":250,\"caption\":\"Patagonia Ambiental\"},\"image\":{\"@id\":\"https:\\\/\\\/patagoniambiental.com.ar\\\/info\\\/#\\\/schema\\\/logo\\\/image\\\/\"},\"sameAs\":[\"https:\\\/\\\/www.facebook.com\\\/patagonia.ambiental\",\"https:\\\/\\\/x.com\\\/PatAmb\"]},{\"@type\":\"Person\",\"@id\":\"https:\\\/\\\/patagoniambiental.com.ar\\\/info\\\/#\\\/schema\\\/person\\\/db12bff64bbcbf6a253710bf0ea37b5d\",\"name\":\"Patagonia Ambiental\",\"description\":\"Andr\u00e9s Nievas T\u00e9cnico en manejo ambiental, consultor Ambiental y escritor para medios locales e internacionales sobre temas de geopolitica y medio ambiente.\",\"sameAs\":[\"http:\\\/\\\/www.patagoniambiental.com.ar\",\"https:\\\/\\\/www.facebook.com\\\/share\\\/1C1V8Gv9BX\\\/?mibextid=qi2Omg\",\"@patagoniambiental\",\"https:\\\/\\\/youtube.com\\\/@patagoniaambiental2023?si=BLt58t0wuXquxlYZ\"]}]}<\/script>\n<!-- \/ Yoast SEO Premium plugin. -->","yoast_head_json":{"title":"La Provincia suma nuevos diplomados en Hidr\u00f3geno Verde","robots":{"index":"index","follow":"follow","max-snippet":"max-snippet:-1","max-image-preview":"max-image-preview:large","max-video-preview":"max-video-preview:-1"},"canonical":"https:\/\/patagoniambiental.com.ar\/info\/la-provincia-suma-nuevos-diplomados-en-hidrogeno-verde\/","og_locale":"es_ES","og_type":"article","og_title":"La Provincia suma nuevos diplomados en Hidr\u00f3geno Verde","og_url":"https:\/\/patagoniambiental.com.ar\/info\/la-provincia-suma-nuevos-diplomados-en-hidrogeno-verde\/","og_site_name":"Patagonia Ambiental","article_publisher":"https:\/\/www.facebook.com\/patagonia.ambiental","article_author":"https:\/\/www.facebook.com\/share\/1C1V8Gv9BX\/?mibextid=qi2Omg","article_published_time":"2023-11-22T22:00:00+00:00","article_modified_time":"2024-08-16T03:28:21+00:00","og_image":[{"width":976,"height":535,"url":"https:\/\/patagoniambiental.com.ar\/info\/wp-content\/uploads\/2023\/11\/Screenshon.jpg","type":"image\/jpeg"}],"author":"Patagonia Ambiental","twitter_card":"summary_large_image","twitter_creator":"@PatAmb","twitter_site":"@PatAmb","schema":{"@context":"https:\/\/schema.org","@graph":[{"@type":"Article","@id":"https:\/\/patagoniambiental.com.ar\/info\/la-provincia-suma-nuevos-diplomados-en-hidrogeno-verde\/#article","isPartOf":{"@id":"https:\/\/patagoniambiental.com.ar\/info\/la-provincia-suma-nuevos-diplomados-en-hidrogeno-verde\/"},"author":{"name":"Patagonia Ambiental","@id":"https:\/\/patagoniambiental.com.ar\/info\/#\/schema\/person\/db12bff64bbcbf6a253710bf0ea37b5d"},"headline":"La Provincia suma nuevos diplomados en Hidr\u00f3geno Verde","datePublished":"2023-11-22T22:00:00+00:00","dateModified":"2024-08-16T03:28:21+00:00","mainEntityOfPage":{"@id":"https:\/\/patagoniambiental.com.ar\/info\/la-provincia-suma-nuevos-diplomados-en-hidrogeno-verde\/"},"wordCount":717,"commentCount":0,"publisher":{"@id":"https:\/\/patagoniambiental.com.ar\/info\/#organization"},"image":{"@id":"https:\/\/patagoniambiental.com.ar\/info\/la-provincia-suma-nuevos-diplomados-en-hidrogeno-verde\/#primaryimage"},"thumbnailUrl":"https:\/\/patagoniambiental.com.ar\/info\/wp-content\/uploads\/2023\/11\/Screenshon.jpg","articleSection":["Provinciales"],"inLanguage":"es","potentialAction":[{"@type":"CommentAction","name":"Comment","target":["https:\/\/patagoniambiental.com.ar\/info\/la-provincia-suma-nuevos-diplomados-en-hidrogeno-verde\/#respond"]}]},{"@type":"WebPage","@id":"https:\/\/patagoniambiental.com.ar\/info\/la-provincia-suma-nuevos-diplomados-en-hidrogeno-verde\/","url":"https:\/\/patagoniambiental.com.ar\/info\/la-provincia-suma-nuevos-diplomados-en-hidrogeno-verde\/","name":"La Provincia suma nuevos diplomados en Hidr\u00f3geno Verde","isPartOf":{"@id":"https:\/\/patagoniambiental.com.ar\/info\/#website"},"primaryImageOfPage":{"@id":"https:\/\/patagoniambiental.com.ar\/info\/la-provincia-suma-nuevos-diplomados-en-hidrogeno-verde\/#primaryimage"},"image":{"@id":"https:\/\/patagoniambiental.com.ar\/info\/la-provincia-suma-nuevos-diplomados-en-hidrogeno-verde\/#primaryimage"},"thumbnailUrl":"https:\/\/patagoniambiental.com.ar\/info\/wp-content\/uploads\/2023\/11\/Screenshon.jpg","datePublished":"2023-11-22T22:00:00+00:00","dateModified":"2024-08-16T03:28:21+00:00","breadcrumb":{"@id":"https:\/\/patagoniambiental.com.ar\/info\/la-provincia-suma-nuevos-diplomados-en-hidrogeno-verde\/#breadcrumb"},"inLanguage":"es","potentialAction":[{"@type":"ReadAction","target":["https:\/\/patagoniambiental.com.ar\/info\/la-provincia-suma-nuevos-diplomados-en-hidrogeno-verde\/"]}]},{"@type":"ImageObject","inLanguage":"es","@id":"https:\/\/patagoniambiental.com.ar\/info\/la-provincia-suma-nuevos-diplomados-en-hidrogeno-verde\/#primaryimage","url":"https:\/\/patagoniambiental.com.ar\/info\/wp-content\/uploads\/2023\/11\/Screenshon.jpg","contentUrl":"https:\/\/patagoniambiental.com.ar\/info\/wp-content\/uploads\/2023\/11\/Screenshon.jpg","width":976,"height":535},{"@type":"BreadcrumbList","@id":"https:\/\/patagoniambiental.com.ar\/info\/la-provincia-suma-nuevos-diplomados-en-hidrogeno-verde\/#breadcrumb","itemListElement":[{"@type":"ListItem","position":1,"name":"Inicio","item":"https:\/\/patagoniambiental.com.ar\/info\/"},{"@type":"ListItem","position":2,"name":"La Provincia suma nuevos diplomados en Hidr\u00f3geno Verde"}]},{"@type":"WebSite","@id":"https:\/\/patagoniambiental.com.ar\/info\/#website","url":"https:\/\/patagoniambiental.com.ar\/info\/","name":"Patagonia Ambiental","description":"Monitoreo y an\u00e1lisis de la situaci\u00f3n geopol\u00edtica en el mundo y su implicancia en la Patagonia","publisher":{"@id":"https:\/\/patagoniambiental.com.ar\/info\/#organization"},"potentialAction":[{"@type":"SearchAction","target":{"@type":"EntryPoint","urlTemplate":"https:\/\/patagoniambiental.com.ar\/info\/?s={search_term_string}"},"query-input":{"@type":"PropertyValueSpecification","valueRequired":true,"valueName":"search_term_string"}}],"inLanguage":"es"},{"@type":"Organization","@id":"https:\/\/patagoniambiental.com.ar\/info\/#organization","name":"Patagonia Ambiental","url":"https:\/\/patagoniambiental.com.ar\/info\/","logo":{"@type":"ImageObject","inLanguage":"es","@id":"https:\/\/patagoniambiental.com.ar\/info\/#\/schema\/logo\/image\/","url":"https:\/\/patagoniambiental.com.ar\/info\/wp-content\/uploads\/2025\/05\/LOGO-PATAGONIA-AMBIENTAL.png","contentUrl":"https:\/\/patagoniambiental.com.ar\/info\/wp-content\/uploads\/2025\/05\/LOGO-PATAGONIA-AMBIENTAL.png","width":433,"height":250,"caption":"Patagonia Ambiental"},"image":{"@id":"https:\/\/patagoniambiental.com.ar\/info\/#\/schema\/logo\/image\/"},"sameAs":["https:\/\/www.facebook.com\/patagonia.ambiental","https:\/\/x.com\/PatAmb"]},{"@type":"Person","@id":"https:\/\/patagoniambiental.com.ar\/info\/#\/schema\/person\/db12bff64bbcbf6a253710bf0ea37b5d","name":"Patagonia Ambiental","description":"Andr\u00e9s Nievas T\u00e9cnico en manejo ambiental, consultor Ambiental y escritor para medios locales e internacionales sobre temas de geopolitica y medio ambiente.","sameAs":["http:\/\/www.patagoniambiental.com.ar","https:\/\/www.facebook.com\/share\/1C1V8Gv9BX\/?mibextid=qi2Omg","@patagoniambiental","https:\/\/youtube.com\/@patagoniaambiental2023?si=BLt58t0wuXquxlYZ"]}]}},"_links":{"self":[{"href":"https:\/\/patagoniambiental.com.ar\/info\/wp-json\/wp\/v2\/posts\/79151","targetHints":{"allow":["GET"]}}],"collection":[{"href":"https:\/\/patagoniambiental.com.ar\/info\/wp-json\/wp\/v2\/posts"}],"about":[{"href":"https:\/\/patagoniambiental.com.ar\/info\/wp-json\/wp\/v2\/types\/post"}],"author":[{"embeddable":true,"href":"https:\/\/patagoniambiental.com.ar\/info\/wp-json\/wp\/v2\/users\/2"}],"replies":[{"embeddable":true,"href":"https:\/\/patagoniambiental.com.ar\/info\/wp-json\/wp\/v2\/comments?post=79151"}],"version-history":[{"count":0,"href":"https:\/\/patagoniambiental.com.ar\/info\/wp-json\/wp\/v2\/posts\/79151\/revisions"}],"wp:featuredmedia":[{"embeddable":true,"href":"https:\/\/patagoniambiental.com.ar\/info\/wp-json\/wp\/v2\/media\/79153"}],"wp:attachment":[{"href":"https:\/\/patagoniambiental.com.ar\/info\/wp-json\/wp\/v2\/media?parent=79151"}],"wp:term":[{"taxonomy":"category","embeddable":true,"href":"https:\/\/patagoniambiental.com.ar\/info\/wp-json\/wp\/v2\/categories?post=79151"},{"taxonomy":"post_tag","embeddable":true,"href":"https:\/\/patagoniambiental.com.ar\/info\/wp-json\/wp\/v2\/tags?post=79151"}],"curies":[{"name":"wp","href":"https:\/\/api.w.org\/{rel}","templated":true}]}}