{"id":79197,"date":"2023-12-08T07:00:00","date_gmt":"2023-12-08T10:00:00","guid":{"rendered":"https:\/\/patagoniambiental.com.ar\/info\/?p=79197"},"modified":"2024-08-16T00:09:35","modified_gmt":"2024-08-16T03:09:35","slug":"relleno-sanitario-vivir-de-la-basura","status":"publish","type":"post","link":"https:\/\/patagoniambiental.com.ar\/info\/relleno-sanitario-vivir-de-la-basura\/","title":{"rendered":"Relleno sanitario: vivir de la basura"},"content":{"rendered":"\n<!--more-->\n\n\n\n<p>Las familias del relleno reciben desde hace 4 a\u00f1os las cajas navide\u00f1as de Navidad Coraz\u00f3n a Coraz\u00f3n<\/p>\n\n\n\n<figure class=\"wp-block-image\"><img decoding=\"async\" src=\"https:\/\/www.lapampanoticias.com.ar\/wp-content\/uploads\/2022\/12\/basura.png\" alt=\"\"\/><\/figure>\n\n\n\n<p>M\u00e1s de 80 familias&nbsp;viven de la basura en&nbsp;<strong>Santa Rosa<\/strong>&nbsp;desde hace 20 a\u00f1os. A una distancia de 40 cuadras de la<strong>&nbsp;Plaza San Mart\u00edn<\/strong>, detr\u00e1s de la&nbsp;<strong>Laguna Don Tom\u00e1s<\/strong>, al lado del basural, naci\u00f3 un barrio tambi\u00e9n llamado Relleno Sanitario o Amanecer.<\/p>\n\n\n\n<p>Por cuarto a\u00f1o consecutivo se realiza la&nbsp;<a href=\"https:\/\/www.lapampanoticias.com.ar\/noticias\/actualidad\/solidaridad\/se-lanzo-navidad-corazon-a-corazon-2023\/\" target=\"_blank\" rel=\"noreferrer noopener\">campa\u00f1a solidaria&nbsp;<strong>Navidad de Coraz\u00f3n a Coraz\u00f3n<\/strong><\/a>&nbsp;que les har\u00e1 llegar cajas navide\u00f1as para las familias que viven all\u00ed, entre otros.<\/p>\n\n\n\n<p>Algunos viven aqu\u00ed todo el a\u00f1o, otros s\u00f3lo vienen los fines de semana a \u00abcuidar su espacio\u00bb. Es un asentamiento sin luz, ni agua.&nbsp;Conviven con el olor. Conviven con la basura, su fuente de trabajo.<\/p>\n\n\n\n<p>Roxana es una de ellas. Esta instalada aqu\u00ed desde hace 7 a\u00f1os, junto a su marido y a sus dos hijos, que ya est\u00e1n en la secundaria.&nbsp;<em>\u201cEse basurero tiene oro escondido. Hay mucha gente trabajando ah\u00ed y buscando\u201d&nbsp;<\/em>nos cuenta con su sonrisa maravillosa, y se\u00f1ala&nbsp;<a href=\"https:\/\/www.lapampanoticias.com.ar\/opinion\/reciclados-de-ayer-montanas-de-basura-de-hoy\/\" target=\"_blank\" rel=\"noreferrer noopener\">esa monta\u00f1a de residuos<\/a>&nbsp;y tierra apisonada que se ve desde varios puntos de la capital provincial.<\/p>\n\n\n\n<p>Lo que juntan es para la comida. Cuando sobra un poquito m\u00e1s de plata invierten en \u201cun bichito\u201d: compran un chancho, una chiva, una gallina, para comer o vender. Su marido ten\u00eda un trabajo, luego de un accidente laboral se instal\u00f3 en el basural. Hoy trabajan los dos ac\u00e1.&nbsp;<em>\u201cVivimos del reciclaje\u201d<\/em>, nos cuenta.&nbsp;<\/p>\n\n\n\n<figure class=\"wp-block-image\"><img decoding=\"async\" src=\"https:\/\/www.lapampanoticias.com.ar\/wp-content\/uploads\/2023\/12\/5C4C4169-4800-435C-BFA8-A67A220A3769-700x525.jpeg\" alt=\"\" class=\"wp-image-45252\"\/><figcaption class=\"wp-element-caption\">Roxana, trabajadora del Relleno, mam\u00e1 de dos ni\u00f1os.<\/figcaption><\/figure>\n\n\n\n<p>Tienen un \u00abtrabajo independiente\u201d, y est\u00e1n organizados.&nbsp;Se dividen en horarios. Esperan los camiones. Abren las bolsas. Revuelven. Separan. Clasifican: fierros, hierro, lata, cart\u00f3n, pl\u00e1sticos, con mucha suerte\u2026 cobre, lo m\u00e1s valioso. Luego lo venden. Alcanza \u201cjusto\u201d para sobrevivir.&nbsp;<\/p>\n\n\n\n<p><strong>\u00bfCu\u00e1ntos les pagan por cada bolsa?&nbsp;<\/strong>Un kilo de cart\u00f3n vale $22, aluminio $500, bronce $2000, un kilo de cobre $4200.&nbsp;<\/p>\n\n\n\n<p>Un grupo de vecinos, nucleados en&nbsp;<strong>C\u00e1ritas Don Bosco<\/strong>&nbsp;y en&nbsp;<strong>Ex Alumnos Don Bosco<\/strong>&nbsp;los visita los fines de semana. Vienen a recorrer las casas. Vienen a charlar. A invitarlos a tomar la merienda. A conocer las necesidades y a tratar de ayudarlos a conseguir lo que necesiten.&nbsp;Tambi\u00e9n trabaj\u00f3 all\u00ed la fundaci\u00f3n&nbsp;<strong>Entretiempo&nbsp;<\/strong>quienes limpiaron un terreno e hicieron una canchita de f\u00fatbol. Una gran salida para los m\u00e1s chicos.&nbsp;Tambi\u00e9n la&nbsp;<strong>Fundaci\u00f3n S\u00ed<\/strong>.<\/p>\n\n\n\n<figure class=\"wp-block-image\"><img decoding=\"async\" src=\"https:\/\/www.lapampanoticias.com.ar\/wp-content\/uploads\/2023\/12\/hombre-basural-decsansando-700x525.jpeg\" alt=\"\" class=\"wp-image-45267\"\/><figcaption class=\"wp-element-caption\">Las jornadas son largas. El marido de Roxana hace turnos desde las 4 am hasta las 10 de la ma\u00f1ana para esperar las bolsas.<\/figcaption><\/figure>\n\n\n\n<p>Les dan apoyo escolar, y cuando pueden entrar m\u00e1s en confianza les ayudan a revisar los cuadernos de la escuela. Porque aqu\u00ed tambi\u00e9n&nbsp;hay chicos y chicos escolarizados, y con gran esfuerzo. Son alrededor de 30. En las visitas hacen juegos, festejan los cumplea\u00f1os y otras fechas importantes.&nbsp;<\/p>\n\n\n\n<p>El a\u00f1o pasado hicieron una tarde de lectura de cuentos -a cargo de&nbsp;<strong>Patricia de Oro<\/strong>-. Y fue hermoso. Se \u201cengancharon\u201d todos.&nbsp;<strong>Cecilia Bagliani<\/strong>&nbsp;tambi\u00e9n los visit\u00f3 con un taller de crianza para los madres y padres.&nbsp;pero les hace falta mucho m\u00e1s. No es f\u00e1cil. Los ni\u00f1os y ni\u00f1as suelen estar solos mientras los pap\u00e1s est\u00e1n en el basural. A cualquier edad.&nbsp;Falta mucha informaci\u00f3n.&nbsp;<\/p>\n\n\n\n<p>El s\u00e1bado 16 el mismo grupo los visitar\u00e1 con las&nbsp;<strong>Cajas Navide\u00f1as de De Coraz\u00f3n a Coraz\u00f3n.<\/strong>&nbsp;Y son muy esperadas por todos.&nbsp;Desde hace 4 a\u00f1os les llega este regalito tan especial armado con amor y dedicaci\u00f3n por otras familias de&nbsp;<strong>Santa Rosa.<\/strong>&nbsp;<\/p>\n\n\n\n<p>\u201cEl a\u00f1o pasado pusimos la caja navide\u00f1a en la mesa el 24, algunas cositas ya me hab\u00edan sacado los chicos. Hab\u00eda unos repasadores muy lindos y juguetes para los nenes. Un cockatil de frutas, riqu\u00edsimo, eso les gust\u00f3 mucho. Muy contentos estaban\u2026\u201dRoxana<\/p>\n\n\n\n<figure class=\"wp-block-image\"><img decoding=\"async\" src=\"https:\/\/www.lapampanoticias.com.ar\/wp-content\/uploads\/2023\/12\/raul-y-su-huerta-700x700.jpeg\" alt=\"\" class=\"wp-image-45268\"\/><figcaption class=\"wp-element-caption\">Ra\u00fal vive con 8 hijos en el Relleno. Tiene una huerta con todo tipo de verduras para su consumo.<\/figcaption><\/figure>\n\n\n\n<p>El s\u00e1bado 16, adem\u00e1s de las Cajas Coraz\u00f3n a Coraz\u00f3n tambi\u00e9n les traer\u00e1n arbolitos de navidad para cada casa y galletitas hechas en el&nbsp;<strong>Taller de Cocina<\/strong>&nbsp;de&nbsp;<strong>C\u00e1ritas de Don Bosco<\/strong>.&nbsp;\u00c9se d\u00eda, ser\u00e1 una fiesta.&nbsp;<\/p>\n\n\n\n<p>Fuente: hwww.lapampanoticias.com.ar<\/p>\n","protected":false},"excerpt":{"rendered":"","protected":false},"author":2,"featured_media":79198,"comment_status":"open","ping_status":"open","sticky":false,"template":"","format":"standard","meta":{"site-sidebar-layout":"default","site-content-layout":"","ast-site-content-layout":"default","site-content-style":"default","site-sidebar-style":"default","ast-global-header-display":"","ast-banner-title-visibility":"","ast-main-header-display":"","ast-hfb-above-header-display":"","ast-hfb-below-header-display":"","ast-hfb-mobile-header-display":"","site-post-title":"","ast-breadcrumbs-content":"","ast-featured-img":"","footer-sml-layout":"","ast-disable-related-posts":"","theme-transparent-header-meta":"","adv-header-id-meta":"","stick-header-meta":"","header-above-stick-meta":"","header-main-stick-meta":"","header-below-stick-meta":"","astra-migrate-meta-layouts":"default","ast-page-background-enabled":"default","ast-page-background-meta":{"desktop":{"background-color":"var(--ast-global-color-5)","background-image":"","background-repeat":"repeat","background-position":"center center","background-size":"auto","background-attachment":"scroll","background-type":"","background-media":"","overlay-type":"","overlay-color":"","overlay-opacity":"","overlay-gradient":""},"tablet":{"background-color":"","background-image":"","background-repeat":"repeat","background-position":"center center","background-size":"auto","background-attachment":"scroll","background-type":"","background-media":"","overlay-type":"","overlay-color":"","overlay-opacity":"","overlay-gradient":""},"mobile":{"background-color":"","background-image":"","background-repeat":"repeat","background-position":"center center","background-size":"auto","background-attachment":"scroll","background-type":"","background-media":"","overlay-type":"","overlay-color":"","overlay-opacity":"","overlay-gradient":""}},"ast-content-background-meta":{"desktop":{"background-color":"var(--ast-global-color-4)","background-image":"","background-repeat":"repeat","background-position":"center center","background-size":"auto","background-attachment":"scroll","background-type":"","background-media":"","overlay-type":"","overlay-color":"","overlay-opacity":"","overlay-gradient":""},"tablet":{"background-color":"var(--ast-global-color-4)","background-image":"","background-repeat":"repeat","background-position":"center center","background-size":"auto","background-attachment":"scroll","background-type":"","background-media":"","overlay-type":"","overlay-color":"","overlay-opacity":"","overlay-gradient":""},"mobile":{"background-color":"var(--ast-global-color-4)","background-image":"","background-repeat":"repeat","background-position":"center center","background-size":"auto","background-attachment":"scroll","background-type":"","background-media":"","overlay-type":"","overlay-color":"","overlay-opacity":"","overlay-gradient":""}},"footnotes":""},"categories":[3357],"tags":[],"class_list":["post-79197","post","type-post","status-publish","format-standard","has-post-thumbnail","hentry","category-girsu"],"yoast_head":"<!-- This site is optimized with the Yoast SEO Premium plugin v23.0 (Yoast SEO v27.5) - https:\/\/yoast.com\/product\/yoast-seo-premium-wordpress\/ -->\n<title>Relleno sanitario: vivir de la basura<\/title>\n<meta name=\"robots\" content=\"index, follow, max-snippet:-1, max-image-preview:large, max-video-preview:-1\" \/>\n<link rel=\"canonical\" href=\"https:\/\/patagoniambiental.com.ar\/info\/relleno-sanitario-vivir-de-la-basura\/\" \/>\n<meta property=\"og:locale\" content=\"es_ES\" \/>\n<meta property=\"og:type\" content=\"article\" \/>\n<meta property=\"og:title\" content=\"Relleno sanitario: vivir de la basura\" \/>\n<meta property=\"og:url\" content=\"https:\/\/patagoniambiental.com.ar\/info\/relleno-sanitario-vivir-de-la-basura\/\" \/>\n<meta property=\"og:site_name\" content=\"Patagonia Ambiental\" \/>\n<meta property=\"article:publisher\" content=\"https:\/\/www.facebook.com\/patagonia.ambiental\" \/>\n<meta property=\"article:author\" content=\"https:\/\/www.facebook.com\/share\/1C1V8Gv9BX\/?mibextid=qi2Omg\" \/>\n<meta property=\"article:published_time\" content=\"2023-12-08T10:00:00+00:00\" \/>\n<meta property=\"article:modified_time\" content=\"2024-08-16T03:09:35+00:00\" \/>\n<meta property=\"og:image\" content=\"https:\/\/patagoniambiental.com.ar\/info\/wp-content\/uploads\/2023\/12\/basura.png\" \/>\n\t<meta property=\"og:image:width\" content=\"800\" \/>\n\t<meta property=\"og:image:height\" content=\"450\" \/>\n\t<meta property=\"og:image:type\" content=\"image\/png\" \/>\n<meta name=\"author\" content=\"Patagonia Ambiental\" \/>\n<meta name=\"twitter:card\" content=\"summary_large_image\" \/>\n<meta name=\"twitter:creator\" content=\"@PatAmb\" \/>\n<meta name=\"twitter:site\" content=\"@PatAmb\" \/>\n<script type=\"application\/ld+json\" class=\"yoast-schema-graph\">{\"@context\":\"https:\\\/\\\/schema.org\",\"@graph\":[{\"@type\":\"Article\",\"@id\":\"https:\\\/\\\/patagoniambiental.com.ar\\\/info\\\/relleno-sanitario-vivir-de-la-basura\\\/#article\",\"isPartOf\":{\"@id\":\"https:\\\/\\\/patagoniambiental.com.ar\\\/info\\\/relleno-sanitario-vivir-de-la-basura\\\/\"},\"author\":{\"name\":\"Patagonia Ambiental\",\"@id\":\"https:\\\/\\\/patagoniambiental.com.ar\\\/info\\\/#\\\/schema\\\/person\\\/db12bff64bbcbf6a253710bf0ea37b5d\"},\"headline\":\"Relleno sanitario: vivir de la basura\",\"datePublished\":\"2023-12-08T10:00:00+00:00\",\"dateModified\":\"2024-08-16T03:09:35+00:00\",\"mainEntityOfPage\":{\"@id\":\"https:\\\/\\\/patagoniambiental.com.ar\\\/info\\\/relleno-sanitario-vivir-de-la-basura\\\/\"},\"wordCount\":779,\"commentCount\":0,\"publisher\":{\"@id\":\"https:\\\/\\\/patagoniambiental.com.ar\\\/info\\\/#organization\"},\"image\":{\"@id\":\"https:\\\/\\\/patagoniambiental.com.ar\\\/info\\\/relleno-sanitario-vivir-de-la-basura\\\/#primaryimage\"},\"thumbnailUrl\":\"https:\\\/\\\/patagoniambiental.com.ar\\\/info\\\/wp-content\\\/uploads\\\/2023\\\/12\\\/basura.png\",\"articleSection\":[\"GIRSU\"],\"inLanguage\":\"es\",\"potentialAction\":[{\"@type\":\"CommentAction\",\"name\":\"Comment\",\"target\":[\"https:\\\/\\\/patagoniambiental.com.ar\\\/info\\\/relleno-sanitario-vivir-de-la-basura\\\/#respond\"]}]},{\"@type\":\"WebPage\",\"@id\":\"https:\\\/\\\/patagoniambiental.com.ar\\\/info\\\/relleno-sanitario-vivir-de-la-basura\\\/\",\"url\":\"https:\\\/\\\/patagoniambiental.com.ar\\\/info\\\/relleno-sanitario-vivir-de-la-basura\\\/\",\"name\":\"Relleno sanitario: vivir de la basura\",\"isPartOf\":{\"@id\":\"https:\\\/\\\/patagoniambiental.com.ar\\\/info\\\/#website\"},\"primaryImageOfPage\":{\"@id\":\"https:\\\/\\\/patagoniambiental.com.ar\\\/info\\\/relleno-sanitario-vivir-de-la-basura\\\/#primaryimage\"},\"image\":{\"@id\":\"https:\\\/\\\/patagoniambiental.com.ar\\\/info\\\/relleno-sanitario-vivir-de-la-basura\\\/#primaryimage\"},\"thumbnailUrl\":\"https:\\\/\\\/patagoniambiental.com.ar\\\/info\\\/wp-content\\\/uploads\\\/2023\\\/12\\\/basura.png\",\"datePublished\":\"2023-12-08T10:00:00+00:00\",\"dateModified\":\"2024-08-16T03:09:35+00:00\",\"breadcrumb\":{\"@id\":\"https:\\\/\\\/patagoniambiental.com.ar\\\/info\\\/relleno-sanitario-vivir-de-la-basura\\\/#breadcrumb\"},\"inLanguage\":\"es\",\"potentialAction\":[{\"@type\":\"ReadAction\",\"target\":[\"https:\\\/\\\/patagoniambiental.com.ar\\\/info\\\/relleno-sanitario-vivir-de-la-basura\\\/\"]}]},{\"@type\":\"ImageObject\",\"inLanguage\":\"es\",\"@id\":\"https:\\\/\\\/patagoniambiental.com.ar\\\/info\\\/relleno-sanitario-vivir-de-la-basura\\\/#primaryimage\",\"url\":\"https:\\\/\\\/patagoniambiental.com.ar\\\/info\\\/wp-content\\\/uploads\\\/2023\\\/12\\\/basura.png\",\"contentUrl\":\"https:\\\/\\\/patagoniambiental.com.ar\\\/info\\\/wp-content\\\/uploads\\\/2023\\\/12\\\/basura.png\",\"width\":800,\"height\":450},{\"@type\":\"BreadcrumbList\",\"@id\":\"https:\\\/\\\/patagoniambiental.com.ar\\\/info\\\/relleno-sanitario-vivir-de-la-basura\\\/#breadcrumb\",\"itemListElement\":[{\"@type\":\"ListItem\",\"position\":1,\"name\":\"Inicio\",\"item\":\"https:\\\/\\\/patagoniambiental.com.ar\\\/info\\\/\"},{\"@type\":\"ListItem\",\"position\":2,\"name\":\"Relleno sanitario: vivir de la basura\"}]},{\"@type\":\"WebSite\",\"@id\":\"https:\\\/\\\/patagoniambiental.com.ar\\\/info\\\/#website\",\"url\":\"https:\\\/\\\/patagoniambiental.com.ar\\\/info\\\/\",\"name\":\"Patagonia Ambiental\",\"description\":\"Monitoreo y an\u00e1lisis de la situaci\u00f3n geopol\u00edtica en el mundo y su implicancia en la Patagonia\",\"publisher\":{\"@id\":\"https:\\\/\\\/patagoniambiental.com.ar\\\/info\\\/#organization\"},\"potentialAction\":[{\"@type\":\"SearchAction\",\"target\":{\"@type\":\"EntryPoint\",\"urlTemplate\":\"https:\\\/\\\/patagoniambiental.com.ar\\\/info\\\/?s={search_term_string}\"},\"query-input\":{\"@type\":\"PropertyValueSpecification\",\"valueRequired\":true,\"valueName\":\"search_term_string\"}}],\"inLanguage\":\"es\"},{\"@type\":\"Organization\",\"@id\":\"https:\\\/\\\/patagoniambiental.com.ar\\\/info\\\/#organization\",\"name\":\"Patagonia Ambiental\",\"url\":\"https:\\\/\\\/patagoniambiental.com.ar\\\/info\\\/\",\"logo\":{\"@type\":\"ImageObject\",\"inLanguage\":\"es\",\"@id\":\"https:\\\/\\\/patagoniambiental.com.ar\\\/info\\\/#\\\/schema\\\/logo\\\/image\\\/\",\"url\":\"https:\\\/\\\/patagoniambiental.com.ar\\\/info\\\/wp-content\\\/uploads\\\/2025\\\/05\\\/LOGO-PATAGONIA-AMBIENTAL.png\",\"contentUrl\":\"https:\\\/\\\/patagoniambiental.com.ar\\\/info\\\/wp-content\\\/uploads\\\/2025\\\/05\\\/LOGO-PATAGONIA-AMBIENTAL.png\",\"width\":433,\"height\":250,\"caption\":\"Patagonia Ambiental\"},\"image\":{\"@id\":\"https:\\\/\\\/patagoniambiental.com.ar\\\/info\\\/#\\\/schema\\\/logo\\\/image\\\/\"},\"sameAs\":[\"https:\\\/\\\/www.facebook.com\\\/patagonia.ambiental\",\"https:\\\/\\\/x.com\\\/PatAmb\"]},{\"@type\":\"Person\",\"@id\":\"https:\\\/\\\/patagoniambiental.com.ar\\\/info\\\/#\\\/schema\\\/person\\\/db12bff64bbcbf6a253710bf0ea37b5d\",\"name\":\"Patagonia Ambiental\",\"description\":\"Andr\u00e9s Nievas T\u00e9cnico en manejo ambiental, consultor Ambiental y escritor para medios locales e internacionales sobre temas de geopolitica y medio ambiente.\",\"sameAs\":[\"http:\\\/\\\/www.patagoniambiental.com.ar\",\"https:\\\/\\\/www.facebook.com\\\/share\\\/1C1V8Gv9BX\\\/?mibextid=qi2Omg\",\"@patagoniambiental\",\"https:\\\/\\\/youtube.com\\\/@patagoniaambiental2023?si=BLt58t0wuXquxlYZ\"]}]}<\/script>\n<!-- \/ Yoast SEO Premium plugin. -->","yoast_head_json":{"title":"Relleno sanitario: vivir de la basura","robots":{"index":"index","follow":"follow","max-snippet":"max-snippet:-1","max-image-preview":"max-image-preview:large","max-video-preview":"max-video-preview:-1"},"canonical":"https:\/\/patagoniambiental.com.ar\/info\/relleno-sanitario-vivir-de-la-basura\/","og_locale":"es_ES","og_type":"article","og_title":"Relleno sanitario: vivir de la basura","og_url":"https:\/\/patagoniambiental.com.ar\/info\/relleno-sanitario-vivir-de-la-basura\/","og_site_name":"Patagonia Ambiental","article_publisher":"https:\/\/www.facebook.com\/patagonia.ambiental","article_author":"https:\/\/www.facebook.com\/share\/1C1V8Gv9BX\/?mibextid=qi2Omg","article_published_time":"2023-12-08T10:00:00+00:00","article_modified_time":"2024-08-16T03:09:35+00:00","og_image":[{"width":800,"height":450,"url":"https:\/\/patagoniambiental.com.ar\/info\/wp-content\/uploads\/2023\/12\/basura.png","type":"image\/png"}],"author":"Patagonia Ambiental","twitter_card":"summary_large_image","twitter_creator":"@PatAmb","twitter_site":"@PatAmb","schema":{"@context":"https:\/\/schema.org","@graph":[{"@type":"Article","@id":"https:\/\/patagoniambiental.com.ar\/info\/relleno-sanitario-vivir-de-la-basura\/#article","isPartOf":{"@id":"https:\/\/patagoniambiental.com.ar\/info\/relleno-sanitario-vivir-de-la-basura\/"},"author":{"name":"Patagonia Ambiental","@id":"https:\/\/patagoniambiental.com.ar\/info\/#\/schema\/person\/db12bff64bbcbf6a253710bf0ea37b5d"},"headline":"Relleno sanitario: vivir de la basura","datePublished":"2023-12-08T10:00:00+00:00","dateModified":"2024-08-16T03:09:35+00:00","mainEntityOfPage":{"@id":"https:\/\/patagoniambiental.com.ar\/info\/relleno-sanitario-vivir-de-la-basura\/"},"wordCount":779,"commentCount":0,"publisher":{"@id":"https:\/\/patagoniambiental.com.ar\/info\/#organization"},"image":{"@id":"https:\/\/patagoniambiental.com.ar\/info\/relleno-sanitario-vivir-de-la-basura\/#primaryimage"},"thumbnailUrl":"https:\/\/patagoniambiental.com.ar\/info\/wp-content\/uploads\/2023\/12\/basura.png","articleSection":["GIRSU"],"inLanguage":"es","potentialAction":[{"@type":"CommentAction","name":"Comment","target":["https:\/\/patagoniambiental.com.ar\/info\/relleno-sanitario-vivir-de-la-basura\/#respond"]}]},{"@type":"WebPage","@id":"https:\/\/patagoniambiental.com.ar\/info\/relleno-sanitario-vivir-de-la-basura\/","url":"https:\/\/patagoniambiental.com.ar\/info\/relleno-sanitario-vivir-de-la-basura\/","name":"Relleno sanitario: vivir de la basura","isPartOf":{"@id":"https:\/\/patagoniambiental.com.ar\/info\/#website"},"primaryImageOfPage":{"@id":"https:\/\/patagoniambiental.com.ar\/info\/relleno-sanitario-vivir-de-la-basura\/#primaryimage"},"image":{"@id":"https:\/\/patagoniambiental.com.ar\/info\/relleno-sanitario-vivir-de-la-basura\/#primaryimage"},"thumbnailUrl":"https:\/\/patagoniambiental.com.ar\/info\/wp-content\/uploads\/2023\/12\/basura.png","datePublished":"2023-12-08T10:00:00+00:00","dateModified":"2024-08-16T03:09:35+00:00","breadcrumb":{"@id":"https:\/\/patagoniambiental.com.ar\/info\/relleno-sanitario-vivir-de-la-basura\/#breadcrumb"},"inLanguage":"es","potentialAction":[{"@type":"ReadAction","target":["https:\/\/patagoniambiental.com.ar\/info\/relleno-sanitario-vivir-de-la-basura\/"]}]},{"@type":"ImageObject","inLanguage":"es","@id":"https:\/\/patagoniambiental.com.ar\/info\/relleno-sanitario-vivir-de-la-basura\/#primaryimage","url":"https:\/\/patagoniambiental.com.ar\/info\/wp-content\/uploads\/2023\/12\/basura.png","contentUrl":"https:\/\/patagoniambiental.com.ar\/info\/wp-content\/uploads\/2023\/12\/basura.png","width":800,"height":450},{"@type":"BreadcrumbList","@id":"https:\/\/patagoniambiental.com.ar\/info\/relleno-sanitario-vivir-de-la-basura\/#breadcrumb","itemListElement":[{"@type":"ListItem","position":1,"name":"Inicio","item":"https:\/\/patagoniambiental.com.ar\/info\/"},{"@type":"ListItem","position":2,"name":"Relleno sanitario: vivir de la basura"}]},{"@type":"WebSite","@id":"https:\/\/patagoniambiental.com.ar\/info\/#website","url":"https:\/\/patagoniambiental.com.ar\/info\/","name":"Patagonia Ambiental","description":"Monitoreo y an\u00e1lisis de la situaci\u00f3n geopol\u00edtica en el mundo y su implicancia en la Patagonia","publisher":{"@id":"https:\/\/patagoniambiental.com.ar\/info\/#organization"},"potentialAction":[{"@type":"SearchAction","target":{"@type":"EntryPoint","urlTemplate":"https:\/\/patagoniambiental.com.ar\/info\/?s={search_term_string}"},"query-input":{"@type":"PropertyValueSpecification","valueRequired":true,"valueName":"search_term_string"}}],"inLanguage":"es"},{"@type":"Organization","@id":"https:\/\/patagoniambiental.com.ar\/info\/#organization","name":"Patagonia Ambiental","url":"https:\/\/patagoniambiental.com.ar\/info\/","logo":{"@type":"ImageObject","inLanguage":"es","@id":"https:\/\/patagoniambiental.com.ar\/info\/#\/schema\/logo\/image\/","url":"https:\/\/patagoniambiental.com.ar\/info\/wp-content\/uploads\/2025\/05\/LOGO-PATAGONIA-AMBIENTAL.png","contentUrl":"https:\/\/patagoniambiental.com.ar\/info\/wp-content\/uploads\/2025\/05\/LOGO-PATAGONIA-AMBIENTAL.png","width":433,"height":250,"caption":"Patagonia Ambiental"},"image":{"@id":"https:\/\/patagoniambiental.com.ar\/info\/#\/schema\/logo\/image\/"},"sameAs":["https:\/\/www.facebook.com\/patagonia.ambiental","https:\/\/x.com\/PatAmb"]},{"@type":"Person","@id":"https:\/\/patagoniambiental.com.ar\/info\/#\/schema\/person\/db12bff64bbcbf6a253710bf0ea37b5d","name":"Patagonia Ambiental","description":"Andr\u00e9s Nievas T\u00e9cnico en manejo ambiental, consultor Ambiental y escritor para medios locales e internacionales sobre temas de geopolitica y medio ambiente.","sameAs":["http:\/\/www.patagoniambiental.com.ar","https:\/\/www.facebook.com\/share\/1C1V8Gv9BX\/?mibextid=qi2Omg","@patagoniambiental","https:\/\/youtube.com\/@patagoniaambiental2023?si=BLt58t0wuXquxlYZ"]}]}},"_links":{"self":[{"href":"https:\/\/patagoniambiental.com.ar\/info\/wp-json\/wp\/v2\/posts\/79197","targetHints":{"allow":["GET"]}}],"collection":[{"href":"https:\/\/patagoniambiental.com.ar\/info\/wp-json\/wp\/v2\/posts"}],"about":[{"href":"https:\/\/patagoniambiental.com.ar\/info\/wp-json\/wp\/v2\/types\/post"}],"author":[{"embeddable":true,"href":"https:\/\/patagoniambiental.com.ar\/info\/wp-json\/wp\/v2\/users\/2"}],"replies":[{"embeddable":true,"href":"https:\/\/patagoniambiental.com.ar\/info\/wp-json\/wp\/v2\/comments?post=79197"}],"version-history":[{"count":0,"href":"https:\/\/patagoniambiental.com.ar\/info\/wp-json\/wp\/v2\/posts\/79197\/revisions"}],"wp:featuredmedia":[{"embeddable":true,"href":"https:\/\/patagoniambiental.com.ar\/info\/wp-json\/wp\/v2\/media\/79198"}],"wp:attachment":[{"href":"https:\/\/patagoniambiental.com.ar\/info\/wp-json\/wp\/v2\/media?parent=79197"}],"wp:term":[{"taxonomy":"category","embeddable":true,"href":"https:\/\/patagoniambiental.com.ar\/info\/wp-json\/wp\/v2\/categories?post=79197"},{"taxonomy":"post_tag","embeddable":true,"href":"https:\/\/patagoniambiental.com.ar\/info\/wp-json\/wp\/v2\/tags?post=79197"}],"curies":[{"name":"wp","href":"https:\/\/api.w.org\/{rel}","templated":true}]}}