{"id":79264,"date":"2023-12-23T08:58:19","date_gmt":"2023-12-23T11:58:19","guid":{"rendered":"https:\/\/patagoniambiental.com.ar\/info\/?p=79264"},"modified":"2024-08-15T23:49:31","modified_gmt":"2024-08-16T02:49:31","slug":"el-cprmdp-informo-sobre-el-regimen-para-la-proteccion-del-medio-ambiente","status":"publish","type":"post","link":"https:\/\/patagoniambiental.com.ar\/info\/el-cprmdp-informo-sobre-el-regimen-para-la-proteccion-del-medio-ambiente\/","title":{"rendered":"El CPRMDP inform\u00f3 sobre el R\u00e9gimen para la Protecci\u00f3n del Medio Ambiente"},"content":{"rendered":"\n<!--more-->\n\n\n\n<p>El Consorcio Portuario Regional de Mar del Plata, inform\u00f3 sobre el \u201cR\u00e9gimen para la protecci\u00f3n del Medio Ambiente\u201d. El mismo est\u00e1 relacionado con la clasificaci\u00f3n de residuos a bordo de las embarcaciones.<\/p>\n\n\n\n<figure class=\"wp-block-image\"><img decoding=\"async\" src=\"https:\/\/i0.wp.com\/pescare.com.ar\/wp-content\/uploads\/2023\/10\/Puerto-21OCT23-7.jpeg?fit=768%2C576&amp;ssl=1\" alt=\"\" title=\"El CPRMDP inform\u00f3 sobre el R\u00e9gimen para la Protecci\u00f3n del Medio Ambiente\"\/><\/figure>\n\n\n\n<p>Derrame de aceite usado en muelle 10<\/p>\n\n\n\n<p><a href=\"https:\/\/www.facebook.com\/sharer.php?u=https%3A%2F%2Fpescare.com.ar%2Fel-cprmdp-informo-sobre-el-regimen-para-la-proteccion-del-medio-ambiente%2F\" target=\"_blank\" rel=\"noreferrer noopener\"><\/a><a href=\"https:\/\/twitter.com\/intent\/tweet?url=https%3A%2F%2Fpescare.com.ar%2Fel-cprmdp-informo-sobre-el-regimen-para-la-proteccion-del-medio-ambiente%2F&amp;text=El%20CPRMDP%20inform%C3%B3%20sobre%20el%20R%C3%A9gimen%20para%20la%20Protecci%C3%B3n%20del%20Medio%20Ambiente\" target=\"_blank\" rel=\"noreferrer noopener\"><\/a><a href=\"mailto:?subject=El%20CPRMDP%20inform%C3%B3%20sobre%20el%20R%C3%A9gimen%20para%20la%20Protecci%C3%B3n%20del%20Medio%20Ambiente&amp;body=https%3A%2F%2Fpescare.com.ar%2Fel-cprmdp-informo-sobre-el-regimen-para-la-proteccion-del-medio-ambiente%2F\" target=\"_blank\" rel=\"noreferrer noopener\"><\/a><a href=\"https:\/\/wa.me\/?text=El%20CPRMDP%20inform%C3%B3%20sobre%20el%20R%C3%A9gimen%20para%20la%20Protecci%C3%B3n%20del%20Medio%20Ambiente%20https%3A%2F%2Fpescare.com.ar%2Fel-cprmdp-informo-sobre-el-regimen-para-la-proteccion-del-medio-ambiente%2F\" target=\"_blank\" rel=\"noreferrer noopener\"><\/a><\/p>\n\n\n\n<p>As\u00ed lo hizo saber el organismo provincial a trav\u00e9s de una nota rubricada por el Lic.&nbsp;<em>Cristian Tarantino<\/em>, gerente de seguridad y protecci\u00f3n mar\u00edtima, la cual fue enviada a distintas c\u00e1maras empresarias.<\/p>\n\n\n\n<p>Las normativas se encuadran en lo que se encuentra establecido en el Anexo V del Convenio MARPOL 73\/78 y la Ordenanza Mar\u00edtima 2\/98 \u2013Tomo 6- referida justamente al \u201cR\u00e9gimen para la protecci\u00f3n del Medio Ambiente\u201d, lo que est\u00e1 relacionada con los residuos a bordo de los distintos buques.<\/p>\n\n\n\n<p>Para ello el Consorcio Portuario Regional de Mar del Plata, tiene disponible el servicio de recolecci\u00f3n de residuos de empresas habilitadas para el retiro, transporte y disposici\u00f3n final, las cuales fueron detalladas para conocimiento de los actores del puerto marplatense, con sus correspondientes titulares, domicilios, n\u00fameros telef\u00f3nicos de contacto y su correo electr\u00f3nico:<\/p>\n\n\n\n<ul class=\"wp-block-list\">\n<li><em>Residuos especiales y residuos industriales no especiales<\/em><\/li>\n<\/ul>\n\n\n\n<ul class=\"wp-block-list\">\n<li>Bernbeu Sonia \u2013 Alfonsina Storni 6044 \u2013 2234653000 \u2013&nbsp;<a href=\"mailto:olgceb@hotmail.com\">olgceb@hotmail.com<\/a><\/li>\n\n\n\n<li>Mar del Plata Transervice S.R.L. \u2013 Azopardo 10050 \u2013 4654400 \u2013&nbsp;<a href=\"mailto:info@mdptranservices.com.ar\">info@mdptranservices.com.ar<\/a><\/li>\n\n\n\n<li>MF S.A. \u2013 Arana y Goiri 4605 \u2013 2234229663 \u2013&nbsp;<a href=\"mailto:gonzalez@hotmail.com\">gonzalez@hotmail.com<\/a><\/li>\n\n\n\n<li><em>Residuos s\u00f3lidos urbanos<\/em><\/li>\n<\/ul>\n\n\n\n<ul class=\"wp-block-list\">\n<li>Gonz\u00e1lez Jorge Andr\u00e9s \u2013 Soler 3443 \u2013 2234171388 &nbsp;\u2013&nbsp;<a href=\"mailto:gonzalez@hotmail.com\">gonzalez@hotmail.com<\/a><\/li>\n\n\n\n<li>Mar del Plata Transervice S.R.L. \u2013 Azopardo 10050 \u2013 465-4400 \u2013&nbsp;<a href=\"mailto:info@mdptranservice.com.ar\">info@mdptranservice.com.ar<\/a><\/li>\n\n\n\n<li>Moretti Jos\u00e9 Hip\u00f3lito \u2013 Transporte Fortuna del Mar S.A. \u2013 Soler 3443 \u2013 2234171388&nbsp;<a href=\"mailto:-contenedoresrodel@gmail.com\">-contenedoresrodel@gmail.com<\/a><\/li>\n\n\n\n<li>Transporte Fortuna del Mar \u2013 4671547 \u2013 ovatorti@hotmail.com<\/li>\n<\/ul>\n\n\n\n<p>En este sentido, el CPRMDP indic\u00f3 que \u201cindependientemente de lo expuesto, se recuerda \u2013 en lo que hace a la interfaz puerto- ciudad \u2013 la vigencia de la Ordenanza Municipal N\u00b0 20002, Decreto Reglamentario 2387 y Resoluci\u00f3n 89\/2013 ENSUR, (Registro de Grandes Generadores de Residuos S\u00f3lidos Urbanos), a la cual deber\u00e1 dar cumplimiento en caso de corresponder, , pudiendo a este respecto ante cualquier duda o informaci\u00f3n comunicarse con la&nbsp;<strong><em><a href=\"https:\/\/www.mardelplata.gob.ar\/documentos\/enosur\/ddjj%20e%20instructivo%20gg%202022.pdf\">Direcci\u00f3n de Gesti\u00f3n de Residuos<\/a><\/em><\/strong>&nbsp;enviando un mail a&nbsp;<a href=\"mailto:grandesgeneradores@emsur.gob.ar\">grandesgeneradores@emsur.gob.ar<\/a><\/p>\n\n\n\n<p>Al respecto, la Organizaci\u00f3n Mar\u00edtima Internacional se\u00f1ala sobre la \u201cProtecci\u00f3n de la contaminaci\u00f3n para la basura en los buques\u201d en el mencionado Anexo V del Convenio MARPOL, que la basura de los buques pueden ser igual de perjudiciales para la flora y fauna marina que los hidrocarburos y los productos qu\u00edmicos, destacando que el mayor peligro lo constituye el pl\u00e1stico, que puede flotar durante a\u00f1os.<\/p>\n\n\n\n<p>Los peces y mam\u00edferos marinos a veces confunden los pl\u00e1sticos con alimentos y pueden quedar atrapados en cuerdas de pl\u00e1stico, redes, bolsas y otros art\u00edculos, e incluso en art\u00edculos tan insignificantes como los aros de pl\u00e1stico que se usan para sujetar las latas de cervezas o de refrescos.<\/p>\n\n\n\n<p>La OMI adem\u00e1s puntualiza que mucha de la basura que aparece en las playas proviene de personas en las orillas (turistas) que dejan residuos en las playas, como as\u00ed tambi\u00e9n de pescadores que simplemente tiran basura por la borda.<\/p>\n\n\n\n<p><em>\u201cEn algunas zonas la mayor parte de la basura proviene de los buques que pasan por las cercan\u00edas para los que es m\u00e1s conveniente tirar la basura por la borda en lugar de eliminarla en los puertos\u201d<\/em>, se\u00f1ala el organismo internacional.<\/p>\n\n\n\n<p>Asimismo releva que&nbsp;<em>\u201cdurante mucho tiempo se crey\u00f3 que los oc\u00e9anos pod\u00edan absorber cualquier cosa que se tirara en ellos, pero esta actitud ha cambiado y existe una mayor sensibilizaci\u00f3n hacia el medio ambiente. Los mares pueden degradar muchos art\u00edculos, pero el proceso puede llevar meses o a\u00f1os.\u201d<\/em><\/p>\n\n\n\n<p>El Convenio MARPOL tiene por objeto eliminar y reducir la cantidad de basura que los buques descargan en el mar. Salvo disposici\u00f3n expresa en otro sentido, el Anexo V se aplica a todos los buques, lo que comprende a todos los buques de cualquier tipo que naveguen en el medio marino, lo que incluye desde embarcaciones mercantes o plataformas fijas o flotantes hasta buques no comerciales, como por ejemplo, naves o yates de recreo.<\/p>\n\n\n\n<p>Fuente: pescare.com.ar<\/p>\n","protected":false},"excerpt":{"rendered":"","protected":false},"author":2,"featured_media":79265,"comment_status":"open","ping_status":"open","sticky":false,"template":"","format":"standard","meta":{"site-sidebar-layout":"default","site-content-layout":"","ast-site-content-layout":"default","site-content-style":"default","site-sidebar-style":"default","ast-global-header-display":"","ast-banner-title-visibility":"","ast-main-header-display":"","ast-hfb-above-header-display":"","ast-hfb-below-header-display":"","ast-hfb-mobile-header-display":"","site-post-title":"","ast-breadcrumbs-content":"","ast-featured-img":"","footer-sml-layout":"","ast-disable-related-posts":"","theme-transparent-header-meta":"","adv-header-id-meta":"","stick-header-meta":"","header-above-stick-meta":"","header-main-stick-meta":"","header-below-stick-meta":"","astra-migrate-meta-layouts":"default","ast-page-background-enabled":"default","ast-page-background-meta":{"desktop":{"background-color":"var(--ast-global-color-5)","background-image":"","background-repeat":"repeat","background-position":"center center","background-size":"auto","background-attachment":"scroll","background-type":"","background-media":"","overlay-type":"","overlay-color":"","overlay-opacity":"","overlay-gradient":""},"tablet":{"background-color":"","background-image":"","background-repeat":"repeat","background-position":"center center","background-size":"auto","background-attachment":"scroll","background-type":"","background-media":"","overlay-type":"","overlay-color":"","overlay-opacity":"","overlay-gradient":""},"mobile":{"background-color":"","background-image":"","background-repeat":"repeat","background-position":"center center","background-size":"auto","background-attachment":"scroll","background-type":"","background-media":"","overlay-type":"","overlay-color":"","overlay-opacity":"","overlay-gradient":""}},"ast-content-background-meta":{"desktop":{"background-color":"var(--ast-global-color-4)","background-image":"","background-repeat":"repeat","background-position":"center center","background-size":"auto","background-attachment":"scroll","background-type":"","background-media":"","overlay-type":"","overlay-color":"","overlay-opacity":"","overlay-gradient":""},"tablet":{"background-color":"var(--ast-global-color-4)","background-image":"","background-repeat":"repeat","background-position":"center center","background-size":"auto","background-attachment":"scroll","background-type":"","background-media":"","overlay-type":"","overlay-color":"","overlay-opacity":"","overlay-gradient":""},"mobile":{"background-color":"var(--ast-global-color-4)","background-image":"","background-repeat":"repeat","background-position":"center center","background-size":"auto","background-attachment":"scroll","background-type":"","background-media":"","overlay-type":"","overlay-color":"","overlay-opacity":"","overlay-gradient":""}},"footnotes":""},"categories":[13],"tags":[],"class_list":["post-79264","post","type-post","status-publish","format-standard","has-post-thumbnail","hentry","category-provinciales"],"yoast_head":"<!-- This site is optimized with the Yoast SEO Premium plugin v23.0 (Yoast SEO v27.4) - https:\/\/yoast.com\/product\/yoast-seo-premium-wordpress\/ -->\n<title>El CPRMDP inform\u00f3 sobre el R\u00e9gimen para la Protecci\u00f3n del Medio Ambiente<\/title>\n<meta name=\"robots\" content=\"index, follow, max-snippet:-1, max-image-preview:large, max-video-preview:-1\" \/>\n<link rel=\"canonical\" href=\"https:\/\/patagoniambiental.com.ar\/info\/el-cprmdp-informo-sobre-el-regimen-para-la-proteccion-del-medio-ambiente\/\" \/>\n<meta property=\"og:locale\" content=\"es_ES\" \/>\n<meta property=\"og:type\" content=\"article\" \/>\n<meta property=\"og:title\" content=\"El CPRMDP inform\u00f3 sobre el R\u00e9gimen para la Protecci\u00f3n del Medio Ambiente\" \/>\n<meta property=\"og:url\" content=\"https:\/\/patagoniambiental.com.ar\/info\/el-cprmdp-informo-sobre-el-regimen-para-la-proteccion-del-medio-ambiente\/\" \/>\n<meta property=\"og:site_name\" content=\"Patagonia Ambiental\" \/>\n<meta property=\"article:publisher\" content=\"https:\/\/www.facebook.com\/patagonia.ambiental\" \/>\n<meta property=\"article:author\" content=\"https:\/\/www.facebook.com\/share\/1C1V8Gv9BX\/?mibextid=qi2Omg\" \/>\n<meta property=\"article:published_time\" content=\"2023-12-23T11:58:19+00:00\" \/>\n<meta property=\"article:modified_time\" content=\"2024-08-16T02:49:31+00:00\" \/>\n<meta property=\"og:image\" content=\"https:\/\/patagoniambiental.com.ar\/info\/wp-content\/uploads\/2023\/12\/Sin-titulo-9.png\" \/>\n\t<meta property=\"og:image:width\" content=\"709\" \/>\n\t<meta property=\"og:image:height\" content=\"459\" \/>\n\t<meta property=\"og:image:type\" content=\"image\/png\" \/>\n<meta name=\"author\" content=\"Patagonia Ambiental\" \/>\n<meta name=\"twitter:card\" content=\"summary_large_image\" \/>\n<meta name=\"twitter:creator\" content=\"@PatAmb\" \/>\n<meta name=\"twitter:site\" content=\"@PatAmb\" \/>\n<script type=\"application\/ld+json\" class=\"yoast-schema-graph\">{\"@context\":\"https:\\\/\\\/schema.org\",\"@graph\":[{\"@type\":\"Article\",\"@id\":\"https:\\\/\\\/patagoniambiental.com.ar\\\/info\\\/el-cprmdp-informo-sobre-el-regimen-para-la-proteccion-del-medio-ambiente\\\/#article\",\"isPartOf\":{\"@id\":\"https:\\\/\\\/patagoniambiental.com.ar\\\/info\\\/el-cprmdp-informo-sobre-el-regimen-para-la-proteccion-del-medio-ambiente\\\/\"},\"author\":{\"name\":\"Patagonia Ambiental\",\"@id\":\"https:\\\/\\\/patagoniambiental.com.ar\\\/info\\\/#\\\/schema\\\/person\\\/db12bff64bbcbf6a253710bf0ea37b5d\"},\"headline\":\"El CPRMDP inform\u00f3 sobre el R\u00e9gimen para la Protecci\u00f3n del Medio Ambiente\",\"datePublished\":\"2023-12-23T11:58:19+00:00\",\"dateModified\":\"2024-08-16T02:49:31+00:00\",\"mainEntityOfPage\":{\"@id\":\"https:\\\/\\\/patagoniambiental.com.ar\\\/info\\\/el-cprmdp-informo-sobre-el-regimen-para-la-proteccion-del-medio-ambiente\\\/\"},\"wordCount\":718,\"commentCount\":0,\"publisher\":{\"@id\":\"https:\\\/\\\/patagoniambiental.com.ar\\\/info\\\/#organization\"},\"image\":{\"@id\":\"https:\\\/\\\/patagoniambiental.com.ar\\\/info\\\/el-cprmdp-informo-sobre-el-regimen-para-la-proteccion-del-medio-ambiente\\\/#primaryimage\"},\"thumbnailUrl\":\"https:\\\/\\\/patagoniambiental.com.ar\\\/info\\\/wp-content\\\/uploads\\\/2023\\\/12\\\/Sin-titulo-9.png\",\"articleSection\":[\"Provinciales\"],\"inLanguage\":\"es\",\"potentialAction\":[{\"@type\":\"CommentAction\",\"name\":\"Comment\",\"target\":[\"https:\\\/\\\/patagoniambiental.com.ar\\\/info\\\/el-cprmdp-informo-sobre-el-regimen-para-la-proteccion-del-medio-ambiente\\\/#respond\"]}]},{\"@type\":\"WebPage\",\"@id\":\"https:\\\/\\\/patagoniambiental.com.ar\\\/info\\\/el-cprmdp-informo-sobre-el-regimen-para-la-proteccion-del-medio-ambiente\\\/\",\"url\":\"https:\\\/\\\/patagoniambiental.com.ar\\\/info\\\/el-cprmdp-informo-sobre-el-regimen-para-la-proteccion-del-medio-ambiente\\\/\",\"name\":\"El CPRMDP inform\u00f3 sobre el R\u00e9gimen para la Protecci\u00f3n del Medio Ambiente\",\"isPartOf\":{\"@id\":\"https:\\\/\\\/patagoniambiental.com.ar\\\/info\\\/#website\"},\"primaryImageOfPage\":{\"@id\":\"https:\\\/\\\/patagoniambiental.com.ar\\\/info\\\/el-cprmdp-informo-sobre-el-regimen-para-la-proteccion-del-medio-ambiente\\\/#primaryimage\"},\"image\":{\"@id\":\"https:\\\/\\\/patagoniambiental.com.ar\\\/info\\\/el-cprmdp-informo-sobre-el-regimen-para-la-proteccion-del-medio-ambiente\\\/#primaryimage\"},\"thumbnailUrl\":\"https:\\\/\\\/patagoniambiental.com.ar\\\/info\\\/wp-content\\\/uploads\\\/2023\\\/12\\\/Sin-titulo-9.png\",\"datePublished\":\"2023-12-23T11:58:19+00:00\",\"dateModified\":\"2024-08-16T02:49:31+00:00\",\"breadcrumb\":{\"@id\":\"https:\\\/\\\/patagoniambiental.com.ar\\\/info\\\/el-cprmdp-informo-sobre-el-regimen-para-la-proteccion-del-medio-ambiente\\\/#breadcrumb\"},\"inLanguage\":\"es\",\"potentialAction\":[{\"@type\":\"ReadAction\",\"target\":[\"https:\\\/\\\/patagoniambiental.com.ar\\\/info\\\/el-cprmdp-informo-sobre-el-regimen-para-la-proteccion-del-medio-ambiente\\\/\"]}]},{\"@type\":\"ImageObject\",\"inLanguage\":\"es\",\"@id\":\"https:\\\/\\\/patagoniambiental.com.ar\\\/info\\\/el-cprmdp-informo-sobre-el-regimen-para-la-proteccion-del-medio-ambiente\\\/#primaryimage\",\"url\":\"https:\\\/\\\/patagoniambiental.com.ar\\\/info\\\/wp-content\\\/uploads\\\/2023\\\/12\\\/Sin-titulo-9.png\",\"contentUrl\":\"https:\\\/\\\/patagoniambiental.com.ar\\\/info\\\/wp-content\\\/uploads\\\/2023\\\/12\\\/Sin-titulo-9.png\",\"width\":709,\"height\":459},{\"@type\":\"BreadcrumbList\",\"@id\":\"https:\\\/\\\/patagoniambiental.com.ar\\\/info\\\/el-cprmdp-informo-sobre-el-regimen-para-la-proteccion-del-medio-ambiente\\\/#breadcrumb\",\"itemListElement\":[{\"@type\":\"ListItem\",\"position\":1,\"name\":\"Inicio\",\"item\":\"https:\\\/\\\/patagoniambiental.com.ar\\\/info\\\/\"},{\"@type\":\"ListItem\",\"position\":2,\"name\":\"El CPRMDP inform\u00f3 sobre el R\u00e9gimen para la Protecci\u00f3n del Medio Ambiente\"}]},{\"@type\":\"WebSite\",\"@id\":\"https:\\\/\\\/patagoniambiental.com.ar\\\/info\\\/#website\",\"url\":\"https:\\\/\\\/patagoniambiental.com.ar\\\/info\\\/\",\"name\":\"Patagonia Ambiental\",\"description\":\"Monitoreo y an\u00e1lisis de la situaci\u00f3n geopol\u00edtica en el mundo y su implicancia en la Patagonia\",\"publisher\":{\"@id\":\"https:\\\/\\\/patagoniambiental.com.ar\\\/info\\\/#organization\"},\"potentialAction\":[{\"@type\":\"SearchAction\",\"target\":{\"@type\":\"EntryPoint\",\"urlTemplate\":\"https:\\\/\\\/patagoniambiental.com.ar\\\/info\\\/?s={search_term_string}\"},\"query-input\":{\"@type\":\"PropertyValueSpecification\",\"valueRequired\":true,\"valueName\":\"search_term_string\"}}],\"inLanguage\":\"es\"},{\"@type\":\"Organization\",\"@id\":\"https:\\\/\\\/patagoniambiental.com.ar\\\/info\\\/#organization\",\"name\":\"Patagonia Ambiental\",\"url\":\"https:\\\/\\\/patagoniambiental.com.ar\\\/info\\\/\",\"logo\":{\"@type\":\"ImageObject\",\"inLanguage\":\"es\",\"@id\":\"https:\\\/\\\/patagoniambiental.com.ar\\\/info\\\/#\\\/schema\\\/logo\\\/image\\\/\",\"url\":\"https:\\\/\\\/patagoniambiental.com.ar\\\/info\\\/wp-content\\\/uploads\\\/2025\\\/05\\\/LOGO-PATAGONIA-AMBIENTAL.png\",\"contentUrl\":\"https:\\\/\\\/patagoniambiental.com.ar\\\/info\\\/wp-content\\\/uploads\\\/2025\\\/05\\\/LOGO-PATAGONIA-AMBIENTAL.png\",\"width\":433,\"height\":250,\"caption\":\"Patagonia Ambiental\"},\"image\":{\"@id\":\"https:\\\/\\\/patagoniambiental.com.ar\\\/info\\\/#\\\/schema\\\/logo\\\/image\\\/\"},\"sameAs\":[\"https:\\\/\\\/www.facebook.com\\\/patagonia.ambiental\",\"https:\\\/\\\/x.com\\\/PatAmb\"]},{\"@type\":\"Person\",\"@id\":\"https:\\\/\\\/patagoniambiental.com.ar\\\/info\\\/#\\\/schema\\\/person\\\/db12bff64bbcbf6a253710bf0ea37b5d\",\"name\":\"Patagonia Ambiental\",\"description\":\"Andr\u00e9s Nievas T\u00e9cnico en manejo ambiental, consultor Ambiental y escritor para medios locales e internacionales sobre temas de geopolitica y medio ambiente.\",\"sameAs\":[\"http:\\\/\\\/www.patagoniambiental.com.ar\",\"https:\\\/\\\/www.facebook.com\\\/share\\\/1C1V8Gv9BX\\\/?mibextid=qi2Omg\",\"@patagoniambiental\",\"https:\\\/\\\/youtube.com\\\/@patagoniaambiental2023?si=BLt58t0wuXquxlYZ\"]}]}<\/script>\n<!-- \/ Yoast SEO Premium plugin. -->","yoast_head_json":{"title":"El CPRMDP inform\u00f3 sobre el R\u00e9gimen para la Protecci\u00f3n del Medio Ambiente","robots":{"index":"index","follow":"follow","max-snippet":"max-snippet:-1","max-image-preview":"max-image-preview:large","max-video-preview":"max-video-preview:-1"},"canonical":"https:\/\/patagoniambiental.com.ar\/info\/el-cprmdp-informo-sobre-el-regimen-para-la-proteccion-del-medio-ambiente\/","og_locale":"es_ES","og_type":"article","og_title":"El CPRMDP inform\u00f3 sobre el R\u00e9gimen para la Protecci\u00f3n del Medio Ambiente","og_url":"https:\/\/patagoniambiental.com.ar\/info\/el-cprmdp-informo-sobre-el-regimen-para-la-proteccion-del-medio-ambiente\/","og_site_name":"Patagonia Ambiental","article_publisher":"https:\/\/www.facebook.com\/patagonia.ambiental","article_author":"https:\/\/www.facebook.com\/share\/1C1V8Gv9BX\/?mibextid=qi2Omg","article_published_time":"2023-12-23T11:58:19+00:00","article_modified_time":"2024-08-16T02:49:31+00:00","og_image":[{"width":709,"height":459,"url":"https:\/\/patagoniambiental.com.ar\/info\/wp-content\/uploads\/2023\/12\/Sin-titulo-9.png","type":"image\/png"}],"author":"Patagonia Ambiental","twitter_card":"summary_large_image","twitter_creator":"@PatAmb","twitter_site":"@PatAmb","schema":{"@context":"https:\/\/schema.org","@graph":[{"@type":"Article","@id":"https:\/\/patagoniambiental.com.ar\/info\/el-cprmdp-informo-sobre-el-regimen-para-la-proteccion-del-medio-ambiente\/#article","isPartOf":{"@id":"https:\/\/patagoniambiental.com.ar\/info\/el-cprmdp-informo-sobre-el-regimen-para-la-proteccion-del-medio-ambiente\/"},"author":{"name":"Patagonia Ambiental","@id":"https:\/\/patagoniambiental.com.ar\/info\/#\/schema\/person\/db12bff64bbcbf6a253710bf0ea37b5d"},"headline":"El CPRMDP inform\u00f3 sobre el R\u00e9gimen para la Protecci\u00f3n del Medio Ambiente","datePublished":"2023-12-23T11:58:19+00:00","dateModified":"2024-08-16T02:49:31+00:00","mainEntityOfPage":{"@id":"https:\/\/patagoniambiental.com.ar\/info\/el-cprmdp-informo-sobre-el-regimen-para-la-proteccion-del-medio-ambiente\/"},"wordCount":718,"commentCount":0,"publisher":{"@id":"https:\/\/patagoniambiental.com.ar\/info\/#organization"},"image":{"@id":"https:\/\/patagoniambiental.com.ar\/info\/el-cprmdp-informo-sobre-el-regimen-para-la-proteccion-del-medio-ambiente\/#primaryimage"},"thumbnailUrl":"https:\/\/patagoniambiental.com.ar\/info\/wp-content\/uploads\/2023\/12\/Sin-titulo-9.png","articleSection":["Provinciales"],"inLanguage":"es","potentialAction":[{"@type":"CommentAction","name":"Comment","target":["https:\/\/patagoniambiental.com.ar\/info\/el-cprmdp-informo-sobre-el-regimen-para-la-proteccion-del-medio-ambiente\/#respond"]}]},{"@type":"WebPage","@id":"https:\/\/patagoniambiental.com.ar\/info\/el-cprmdp-informo-sobre-el-regimen-para-la-proteccion-del-medio-ambiente\/","url":"https:\/\/patagoniambiental.com.ar\/info\/el-cprmdp-informo-sobre-el-regimen-para-la-proteccion-del-medio-ambiente\/","name":"El CPRMDP inform\u00f3 sobre el R\u00e9gimen para la Protecci\u00f3n del Medio Ambiente","isPartOf":{"@id":"https:\/\/patagoniambiental.com.ar\/info\/#website"},"primaryImageOfPage":{"@id":"https:\/\/patagoniambiental.com.ar\/info\/el-cprmdp-informo-sobre-el-regimen-para-la-proteccion-del-medio-ambiente\/#primaryimage"},"image":{"@id":"https:\/\/patagoniambiental.com.ar\/info\/el-cprmdp-informo-sobre-el-regimen-para-la-proteccion-del-medio-ambiente\/#primaryimage"},"thumbnailUrl":"https:\/\/patagoniambiental.com.ar\/info\/wp-content\/uploads\/2023\/12\/Sin-titulo-9.png","datePublished":"2023-12-23T11:58:19+00:00","dateModified":"2024-08-16T02:49:31+00:00","breadcrumb":{"@id":"https:\/\/patagoniambiental.com.ar\/info\/el-cprmdp-informo-sobre-el-regimen-para-la-proteccion-del-medio-ambiente\/#breadcrumb"},"inLanguage":"es","potentialAction":[{"@type":"ReadAction","target":["https:\/\/patagoniambiental.com.ar\/info\/el-cprmdp-informo-sobre-el-regimen-para-la-proteccion-del-medio-ambiente\/"]}]},{"@type":"ImageObject","inLanguage":"es","@id":"https:\/\/patagoniambiental.com.ar\/info\/el-cprmdp-informo-sobre-el-regimen-para-la-proteccion-del-medio-ambiente\/#primaryimage","url":"https:\/\/patagoniambiental.com.ar\/info\/wp-content\/uploads\/2023\/12\/Sin-titulo-9.png","contentUrl":"https:\/\/patagoniambiental.com.ar\/info\/wp-content\/uploads\/2023\/12\/Sin-titulo-9.png","width":709,"height":459},{"@type":"BreadcrumbList","@id":"https:\/\/patagoniambiental.com.ar\/info\/el-cprmdp-informo-sobre-el-regimen-para-la-proteccion-del-medio-ambiente\/#breadcrumb","itemListElement":[{"@type":"ListItem","position":1,"name":"Inicio","item":"https:\/\/patagoniambiental.com.ar\/info\/"},{"@type":"ListItem","position":2,"name":"El CPRMDP inform\u00f3 sobre el R\u00e9gimen para la Protecci\u00f3n del Medio Ambiente"}]},{"@type":"WebSite","@id":"https:\/\/patagoniambiental.com.ar\/info\/#website","url":"https:\/\/patagoniambiental.com.ar\/info\/","name":"Patagonia Ambiental","description":"Monitoreo y an\u00e1lisis de la situaci\u00f3n geopol\u00edtica en el mundo y su implicancia en la Patagonia","publisher":{"@id":"https:\/\/patagoniambiental.com.ar\/info\/#organization"},"potentialAction":[{"@type":"SearchAction","target":{"@type":"EntryPoint","urlTemplate":"https:\/\/patagoniambiental.com.ar\/info\/?s={search_term_string}"},"query-input":{"@type":"PropertyValueSpecification","valueRequired":true,"valueName":"search_term_string"}}],"inLanguage":"es"},{"@type":"Organization","@id":"https:\/\/patagoniambiental.com.ar\/info\/#organization","name":"Patagonia Ambiental","url":"https:\/\/patagoniambiental.com.ar\/info\/","logo":{"@type":"ImageObject","inLanguage":"es","@id":"https:\/\/patagoniambiental.com.ar\/info\/#\/schema\/logo\/image\/","url":"https:\/\/patagoniambiental.com.ar\/info\/wp-content\/uploads\/2025\/05\/LOGO-PATAGONIA-AMBIENTAL.png","contentUrl":"https:\/\/patagoniambiental.com.ar\/info\/wp-content\/uploads\/2025\/05\/LOGO-PATAGONIA-AMBIENTAL.png","width":433,"height":250,"caption":"Patagonia Ambiental"},"image":{"@id":"https:\/\/patagoniambiental.com.ar\/info\/#\/schema\/logo\/image\/"},"sameAs":["https:\/\/www.facebook.com\/patagonia.ambiental","https:\/\/x.com\/PatAmb"]},{"@type":"Person","@id":"https:\/\/patagoniambiental.com.ar\/info\/#\/schema\/person\/db12bff64bbcbf6a253710bf0ea37b5d","name":"Patagonia Ambiental","description":"Andr\u00e9s Nievas T\u00e9cnico en manejo ambiental, consultor Ambiental y escritor para medios locales e internacionales sobre temas de geopolitica y medio ambiente.","sameAs":["http:\/\/www.patagoniambiental.com.ar","https:\/\/www.facebook.com\/share\/1C1V8Gv9BX\/?mibextid=qi2Omg","@patagoniambiental","https:\/\/youtube.com\/@patagoniaambiental2023?si=BLt58t0wuXquxlYZ"]}]}},"_links":{"self":[{"href":"https:\/\/patagoniambiental.com.ar\/info\/wp-json\/wp\/v2\/posts\/79264","targetHints":{"allow":["GET"]}}],"collection":[{"href":"https:\/\/patagoniambiental.com.ar\/info\/wp-json\/wp\/v2\/posts"}],"about":[{"href":"https:\/\/patagoniambiental.com.ar\/info\/wp-json\/wp\/v2\/types\/post"}],"author":[{"embeddable":true,"href":"https:\/\/patagoniambiental.com.ar\/info\/wp-json\/wp\/v2\/users\/2"}],"replies":[{"embeddable":true,"href":"https:\/\/patagoniambiental.com.ar\/info\/wp-json\/wp\/v2\/comments?post=79264"}],"version-history":[{"count":0,"href":"https:\/\/patagoniambiental.com.ar\/info\/wp-json\/wp\/v2\/posts\/79264\/revisions"}],"wp:featuredmedia":[{"embeddable":true,"href":"https:\/\/patagoniambiental.com.ar\/info\/wp-json\/wp\/v2\/media\/79265"}],"wp:attachment":[{"href":"https:\/\/patagoniambiental.com.ar\/info\/wp-json\/wp\/v2\/media?parent=79264"}],"wp:term":[{"taxonomy":"category","embeddable":true,"href":"https:\/\/patagoniambiental.com.ar\/info\/wp-json\/wp\/v2\/categories?post=79264"},{"taxonomy":"post_tag","embeddable":true,"href":"https:\/\/patagoniambiental.com.ar\/info\/wp-json\/wp\/v2\/tags?post=79264"}],"curies":[{"name":"wp","href":"https:\/\/api.w.org\/{rel}","templated":true}]}}