{"id":79267,"date":"2023-12-22T07:00:00","date_gmt":"2023-12-22T10:00:00","guid":{"rendered":"https:\/\/patagoniambiental.com.ar\/info\/?p=79267"},"modified":"2024-08-15T23:51:32","modified_gmt":"2024-08-16T02:51:32","slug":"la-corte-suprema-dejo-firme-el-fallo-que-ordena-el-traslado-del-chimpance-toti","status":"publish","type":"post","link":"https:\/\/patagoniambiental.com.ar\/info\/la-corte-suprema-dejo-firme-el-fallo-que-ordena-el-traslado-del-chimpance-toti\/","title":{"rendered":"La Corte Suprema dej\u00f3 firme el fallo que ordena el traslado del chimpance Toti"},"content":{"rendered":"\n<!--more-->\n\n\n\n<p>Roca.- La sentencia de amparo que orden\u00f3 el traslado del&nbsp;<a href=\"https:\/\/www.noticiasnqn.com.ar\/noticias\/2023\/05\/09\/276531-el-stj-confirm-el-fallo-que-ordena-trasladar-al-chimpanc-toti\">chimpanc\u00e9 Toti<\/a>&nbsp;a un centro de grandes primates fuera del pa\u00eds qued\u00f3 firme ante la Corte Suprema de Justicia de la Naci\u00f3n, que rechaz\u00f3 el recurso de queja del parque&nbsp;<a href=\"https:\/\/www.noticiasnqn.com.ar\/noticias\/2023\/08\/29\/281840-como-les-gusta-jugar-con-los-bigotesquisieron-robar-la-jaula-del-tigre-en-bubalco\">Bubalc\u00f3<\/a>.<\/p>\n\n\n\n<p>El m\u00e1ximo tribunal del pa\u00eds no ingres\u00f3 al an\u00e1lisis de fondo del caso, sino que rechaz\u00f3 directamente el recurso por considerarlo procesalmente \u201cinadmisible\u201d.<\/p>\n\n\n\n<p>El pr\u00f3ximo paso ser\u00e1 realizar pericias e informes \u201cpara determinar si&nbsp;<a href=\"https:\/\/www.noticiasnqn.com.ar\/noticias\/2023\/02\/06\/272474-fallo-orden-que-el-chimpanc-toti-sea-trasladado-a-un-santuario-de-grandes-primates\">Toti<\/a>&nbsp;puede ser remitido a un centro o santuario para grandes primates, teniendo en cuenta su edad y estado psicof\u00edsico\u201d, y a \u201cgestionar el lugar de destino en caso de que el traslado sea posible\u201d, tal como estaba previsto en la sentencia de primera instancia y confirm\u00f3 el Superior Tribunal de Justicia.<\/p>\n\n\n\n<p>Los avances en ese sentido implican trabajar con organismos provinciales y nacionales competentes en materia de ambiente, fauna y sanidad y con las organizaciones internacionales designadas, que emitir\u00e1n dict\u00e1menes y recomendaciones t\u00e9cnicas.<\/p>\n\n\n\n<div style=\"height:100px\" aria-hidden=\"true\" class=\"wp-block-spacer\"><\/div>\n\n\n\n<h2 class=\"wp-block-heading\" id=\"h-recurso-rechazado\"><br><strong>Recurso rechazado<\/strong><\/h2>\n\n\n\n<p>En febrero pasado, la jueza de amparo \u00c1ngela Sosa dict\u00f3 la sentencia que orden\u00f3 trasladar al chimpanc\u00e9 \u201ca un centro y\/o santuario para Grandes Primates\u201d, tal como lo hab\u00edan solicitado el Ministerio P\u00fablico de la Defensa de la Segunda Circunscripci\u00f3n y la ONG \u201cAsociaci\u00f3n de Funcionarios y Abogados por los Derechos de los Animales\u201d (Afada).<\/p>\n\n\n\n<p>Esa decisi\u00f3n fue recurrida por las autoridades del parque, que plante\u00f3 todas las instancias posibles de recursos hasta llegar a la Corte Suprema.<\/p>\n\n\n\n<p>Ayer, el m\u00e1ximo tribunal del pa\u00eds public\u00f3 su fallo que desestima el recurso de queja de Bubalc\u00f3. En los hechos, la sentencia implica que la decisi\u00f3n de la jueza de Roca ha quedado firme.<\/p>\n\n\n\n<p>\u201cEl recurso extraordinario, cuya denegaci\u00f3n origina la presente queja, es inadmisible (art. 280 del C\u00f3digo Procesal Civil y Comercial de la Naci\u00f3n). Por ello, se la desestima\u201d, dice la sentencia de la Corte.<\/p>\n\n\n\n<p>Fuente: www.noticiasnqn.com.ar<\/p>\n","protected":false},"excerpt":{"rendered":"","protected":false},"author":2,"featured_media":79268,"comment_status":"open","ping_status":"open","sticky":false,"template":"","format":"standard","meta":{"site-sidebar-layout":"default","site-content-layout":"","ast-site-content-layout":"default","site-content-style":"default","site-sidebar-style":"default","ast-global-header-display":"","ast-banner-title-visibility":"","ast-main-header-display":"","ast-hfb-above-header-display":"","ast-hfb-below-header-display":"","ast-hfb-mobile-header-display":"","site-post-title":"","ast-breadcrumbs-content":"","ast-featured-img":"","footer-sml-layout":"","ast-disable-related-posts":"","theme-transparent-header-meta":"","adv-header-id-meta":"","stick-header-meta":"","header-above-stick-meta":"","header-main-stick-meta":"","header-below-stick-meta":"","astra-migrate-meta-layouts":"default","ast-page-background-enabled":"default","ast-page-background-meta":{"desktop":{"background-color":"var(--ast-global-color-5)","background-image":"","background-repeat":"repeat","background-position":"center center","background-size":"auto","background-attachment":"scroll","background-type":"","background-media":"","overlay-type":"","overlay-color":"","overlay-opacity":"","overlay-gradient":""},"tablet":{"background-color":"","background-image":"","background-repeat":"repeat","background-position":"center center","background-size":"auto","background-attachment":"scroll","background-type":"","background-media":"","overlay-type":"","overlay-color":"","overlay-opacity":"","overlay-gradient":""},"mobile":{"background-color":"","background-image":"","background-repeat":"repeat","background-position":"center center","background-size":"auto","background-attachment":"scroll","background-type":"","background-media":"","overlay-type":"","overlay-color":"","overlay-opacity":"","overlay-gradient":""}},"ast-content-background-meta":{"desktop":{"background-color":"var(--ast-global-color-4)","background-image":"","background-repeat":"repeat","background-position":"center center","background-size":"auto","background-attachment":"scroll","background-type":"","background-media":"","overlay-type":"","overlay-color":"","overlay-opacity":"","overlay-gradient":""},"tablet":{"background-color":"var(--ast-global-color-4)","background-image":"","background-repeat":"repeat","background-position":"center center","background-size":"auto","background-attachment":"scroll","background-type":"","background-media":"","overlay-type":"","overlay-color":"","overlay-opacity":"","overlay-gradient":""},"mobile":{"background-color":"var(--ast-global-color-4)","background-image":"","background-repeat":"repeat","background-position":"center center","background-size":"auto","background-attachment":"scroll","background-type":"","background-media":"","overlay-type":"","overlay-color":"","overlay-opacity":"","overlay-gradient":""}},"footnotes":""},"categories":[13],"tags":[],"class_list":["post-79267","post","type-post","status-publish","format-standard","has-post-thumbnail","hentry","category-provinciales"],"yoast_head":"<!-- This site is optimized with the Yoast SEO Premium plugin v23.0 (Yoast SEO v27.4) - https:\/\/yoast.com\/product\/yoast-seo-premium-wordpress\/ -->\n<title>La Corte Suprema dej\u00f3 firme el fallo que ordena el traslado del chimpance Toti<\/title>\n<meta name=\"robots\" content=\"index, follow, max-snippet:-1, max-image-preview:large, max-video-preview:-1\" \/>\n<link rel=\"canonical\" href=\"https:\/\/patagoniambiental.com.ar\/info\/la-corte-suprema-dejo-firme-el-fallo-que-ordena-el-traslado-del-chimpance-toti\/\" \/>\n<meta property=\"og:locale\" content=\"es_ES\" \/>\n<meta property=\"og:type\" content=\"article\" \/>\n<meta property=\"og:title\" content=\"La Corte Suprema dej\u00f3 firme el fallo que ordena el traslado del chimpance Toti\" \/>\n<meta property=\"og:url\" content=\"https:\/\/patagoniambiental.com.ar\/info\/la-corte-suprema-dejo-firme-el-fallo-que-ordena-el-traslado-del-chimpance-toti\/\" \/>\n<meta property=\"og:site_name\" content=\"Patagonia Ambiental\" \/>\n<meta property=\"article:publisher\" content=\"https:\/\/www.facebook.com\/patagonia.ambiental\" \/>\n<meta property=\"article:author\" content=\"https:\/\/www.facebook.com\/share\/1C1V8Gv9BX\/?mibextid=qi2Omg\" \/>\n<meta property=\"article:published_time\" content=\"2023-12-22T10:00:00+00:00\" \/>\n<meta property=\"article:modified_time\" content=\"2024-08-16T02:51:32+00:00\" \/>\n<meta property=\"og:image\" content=\"https:\/\/patagoniambiental.com.ar\/info\/wp-content\/uploads\/2023\/12\/Sin-titulo-10.png\" \/>\n\t<meta property=\"og:image:width\" content=\"844\" \/>\n\t<meta property=\"og:image:height\" content=\"484\" \/>\n\t<meta property=\"og:image:type\" content=\"image\/png\" \/>\n<meta name=\"author\" content=\"Patagonia Ambiental\" \/>\n<meta name=\"twitter:card\" content=\"summary_large_image\" \/>\n<meta name=\"twitter:creator\" content=\"@PatAmb\" \/>\n<meta name=\"twitter:site\" content=\"@PatAmb\" \/>\n<script type=\"application\/ld+json\" class=\"yoast-schema-graph\">{\"@context\":\"https:\\\/\\\/schema.org\",\"@graph\":[{\"@type\":\"Article\",\"@id\":\"https:\\\/\\\/patagoniambiental.com.ar\\\/info\\\/la-corte-suprema-dejo-firme-el-fallo-que-ordena-el-traslado-del-chimpance-toti\\\/#article\",\"isPartOf\":{\"@id\":\"https:\\\/\\\/patagoniambiental.com.ar\\\/info\\\/la-corte-suprema-dejo-firme-el-fallo-que-ordena-el-traslado-del-chimpance-toti\\\/\"},\"author\":{\"name\":\"Patagonia Ambiental\",\"@id\":\"https:\\\/\\\/patagoniambiental.com.ar\\\/info\\\/#\\\/schema\\\/person\\\/db12bff64bbcbf6a253710bf0ea37b5d\"},\"headline\":\"La Corte Suprema dej\u00f3 firme el fallo que ordena el traslado del chimpance Toti\",\"datePublished\":\"2023-12-22T10:00:00+00:00\",\"dateModified\":\"2024-08-16T02:51:32+00:00\",\"mainEntityOfPage\":{\"@id\":\"https:\\\/\\\/patagoniambiental.com.ar\\\/info\\\/la-corte-suprema-dejo-firme-el-fallo-que-ordena-el-traslado-del-chimpance-toti\\\/\"},\"wordCount\":352,\"commentCount\":0,\"publisher\":{\"@id\":\"https:\\\/\\\/patagoniambiental.com.ar\\\/info\\\/#organization\"},\"image\":{\"@id\":\"https:\\\/\\\/patagoniambiental.com.ar\\\/info\\\/la-corte-suprema-dejo-firme-el-fallo-que-ordena-el-traslado-del-chimpance-toti\\\/#primaryimage\"},\"thumbnailUrl\":\"https:\\\/\\\/patagoniambiental.com.ar\\\/info\\\/wp-content\\\/uploads\\\/2023\\\/12\\\/Sin-titulo-10.png\",\"articleSection\":[\"Provinciales\"],\"inLanguage\":\"es\",\"potentialAction\":[{\"@type\":\"CommentAction\",\"name\":\"Comment\",\"target\":[\"https:\\\/\\\/patagoniambiental.com.ar\\\/info\\\/la-corte-suprema-dejo-firme-el-fallo-que-ordena-el-traslado-del-chimpance-toti\\\/#respond\"]}]},{\"@type\":\"WebPage\",\"@id\":\"https:\\\/\\\/patagoniambiental.com.ar\\\/info\\\/la-corte-suprema-dejo-firme-el-fallo-que-ordena-el-traslado-del-chimpance-toti\\\/\",\"url\":\"https:\\\/\\\/patagoniambiental.com.ar\\\/info\\\/la-corte-suprema-dejo-firme-el-fallo-que-ordena-el-traslado-del-chimpance-toti\\\/\",\"name\":\"La Corte Suprema dej\u00f3 firme el fallo que ordena el traslado del chimpance Toti\",\"isPartOf\":{\"@id\":\"https:\\\/\\\/patagoniambiental.com.ar\\\/info\\\/#website\"},\"primaryImageOfPage\":{\"@id\":\"https:\\\/\\\/patagoniambiental.com.ar\\\/info\\\/la-corte-suprema-dejo-firme-el-fallo-que-ordena-el-traslado-del-chimpance-toti\\\/#primaryimage\"},\"image\":{\"@id\":\"https:\\\/\\\/patagoniambiental.com.ar\\\/info\\\/la-corte-suprema-dejo-firme-el-fallo-que-ordena-el-traslado-del-chimpance-toti\\\/#primaryimage\"},\"thumbnailUrl\":\"https:\\\/\\\/patagoniambiental.com.ar\\\/info\\\/wp-content\\\/uploads\\\/2023\\\/12\\\/Sin-titulo-10.png\",\"datePublished\":\"2023-12-22T10:00:00+00:00\",\"dateModified\":\"2024-08-16T02:51:32+00:00\",\"breadcrumb\":{\"@id\":\"https:\\\/\\\/patagoniambiental.com.ar\\\/info\\\/la-corte-suprema-dejo-firme-el-fallo-que-ordena-el-traslado-del-chimpance-toti\\\/#breadcrumb\"},\"inLanguage\":\"es\",\"potentialAction\":[{\"@type\":\"ReadAction\",\"target\":[\"https:\\\/\\\/patagoniambiental.com.ar\\\/info\\\/la-corte-suprema-dejo-firme-el-fallo-que-ordena-el-traslado-del-chimpance-toti\\\/\"]}]},{\"@type\":\"ImageObject\",\"inLanguage\":\"es\",\"@id\":\"https:\\\/\\\/patagoniambiental.com.ar\\\/info\\\/la-corte-suprema-dejo-firme-el-fallo-que-ordena-el-traslado-del-chimpance-toti\\\/#primaryimage\",\"url\":\"https:\\\/\\\/patagoniambiental.com.ar\\\/info\\\/wp-content\\\/uploads\\\/2023\\\/12\\\/Sin-titulo-10.png\",\"contentUrl\":\"https:\\\/\\\/patagoniambiental.com.ar\\\/info\\\/wp-content\\\/uploads\\\/2023\\\/12\\\/Sin-titulo-10.png\",\"width\":844,\"height\":484},{\"@type\":\"BreadcrumbList\",\"@id\":\"https:\\\/\\\/patagoniambiental.com.ar\\\/info\\\/la-corte-suprema-dejo-firme-el-fallo-que-ordena-el-traslado-del-chimpance-toti\\\/#breadcrumb\",\"itemListElement\":[{\"@type\":\"ListItem\",\"position\":1,\"name\":\"Inicio\",\"item\":\"https:\\\/\\\/patagoniambiental.com.ar\\\/info\\\/\"},{\"@type\":\"ListItem\",\"position\":2,\"name\":\"La Corte Suprema dej\u00f3 firme el fallo que ordena el traslado del chimpance Toti\"}]},{\"@type\":\"WebSite\",\"@id\":\"https:\\\/\\\/patagoniambiental.com.ar\\\/info\\\/#website\",\"url\":\"https:\\\/\\\/patagoniambiental.com.ar\\\/info\\\/\",\"name\":\"Patagonia Ambiental\",\"description\":\"Monitoreo y an\u00e1lisis de la situaci\u00f3n geopol\u00edtica en el mundo y su implicancia en la Patagonia\",\"publisher\":{\"@id\":\"https:\\\/\\\/patagoniambiental.com.ar\\\/info\\\/#organization\"},\"potentialAction\":[{\"@type\":\"SearchAction\",\"target\":{\"@type\":\"EntryPoint\",\"urlTemplate\":\"https:\\\/\\\/patagoniambiental.com.ar\\\/info\\\/?s={search_term_string}\"},\"query-input\":{\"@type\":\"PropertyValueSpecification\",\"valueRequired\":true,\"valueName\":\"search_term_string\"}}],\"inLanguage\":\"es\"},{\"@type\":\"Organization\",\"@id\":\"https:\\\/\\\/patagoniambiental.com.ar\\\/info\\\/#organization\",\"name\":\"Patagonia Ambiental\",\"url\":\"https:\\\/\\\/patagoniambiental.com.ar\\\/info\\\/\",\"logo\":{\"@type\":\"ImageObject\",\"inLanguage\":\"es\",\"@id\":\"https:\\\/\\\/patagoniambiental.com.ar\\\/info\\\/#\\\/schema\\\/logo\\\/image\\\/\",\"url\":\"https:\\\/\\\/patagoniambiental.com.ar\\\/info\\\/wp-content\\\/uploads\\\/2025\\\/05\\\/LOGO-PATAGONIA-AMBIENTAL.png\",\"contentUrl\":\"https:\\\/\\\/patagoniambiental.com.ar\\\/info\\\/wp-content\\\/uploads\\\/2025\\\/05\\\/LOGO-PATAGONIA-AMBIENTAL.png\",\"width\":433,\"height\":250,\"caption\":\"Patagonia Ambiental\"},\"image\":{\"@id\":\"https:\\\/\\\/patagoniambiental.com.ar\\\/info\\\/#\\\/schema\\\/logo\\\/image\\\/\"},\"sameAs\":[\"https:\\\/\\\/www.facebook.com\\\/patagonia.ambiental\",\"https:\\\/\\\/x.com\\\/PatAmb\"]},{\"@type\":\"Person\",\"@id\":\"https:\\\/\\\/patagoniambiental.com.ar\\\/info\\\/#\\\/schema\\\/person\\\/db12bff64bbcbf6a253710bf0ea37b5d\",\"name\":\"Patagonia Ambiental\",\"description\":\"Andr\u00e9s Nievas T\u00e9cnico en manejo ambiental, consultor Ambiental y escritor para medios locales e internacionales sobre temas de geopolitica y medio ambiente.\",\"sameAs\":[\"http:\\\/\\\/www.patagoniambiental.com.ar\",\"https:\\\/\\\/www.facebook.com\\\/share\\\/1C1V8Gv9BX\\\/?mibextid=qi2Omg\",\"@patagoniambiental\",\"https:\\\/\\\/youtube.com\\\/@patagoniaambiental2023?si=BLt58t0wuXquxlYZ\"]}]}<\/script>\n<!-- \/ Yoast SEO Premium plugin. -->","yoast_head_json":{"title":"La Corte Suprema dej\u00f3 firme el fallo que ordena el traslado del chimpance Toti","robots":{"index":"index","follow":"follow","max-snippet":"max-snippet:-1","max-image-preview":"max-image-preview:large","max-video-preview":"max-video-preview:-1"},"canonical":"https:\/\/patagoniambiental.com.ar\/info\/la-corte-suprema-dejo-firme-el-fallo-que-ordena-el-traslado-del-chimpance-toti\/","og_locale":"es_ES","og_type":"article","og_title":"La Corte Suprema dej\u00f3 firme el fallo que ordena el traslado del chimpance Toti","og_url":"https:\/\/patagoniambiental.com.ar\/info\/la-corte-suprema-dejo-firme-el-fallo-que-ordena-el-traslado-del-chimpance-toti\/","og_site_name":"Patagonia Ambiental","article_publisher":"https:\/\/www.facebook.com\/patagonia.ambiental","article_author":"https:\/\/www.facebook.com\/share\/1C1V8Gv9BX\/?mibextid=qi2Omg","article_published_time":"2023-12-22T10:00:00+00:00","article_modified_time":"2024-08-16T02:51:32+00:00","og_image":[{"width":844,"height":484,"url":"https:\/\/patagoniambiental.com.ar\/info\/wp-content\/uploads\/2023\/12\/Sin-titulo-10.png","type":"image\/png"}],"author":"Patagonia Ambiental","twitter_card":"summary_large_image","twitter_creator":"@PatAmb","twitter_site":"@PatAmb","schema":{"@context":"https:\/\/schema.org","@graph":[{"@type":"Article","@id":"https:\/\/patagoniambiental.com.ar\/info\/la-corte-suprema-dejo-firme-el-fallo-que-ordena-el-traslado-del-chimpance-toti\/#article","isPartOf":{"@id":"https:\/\/patagoniambiental.com.ar\/info\/la-corte-suprema-dejo-firme-el-fallo-que-ordena-el-traslado-del-chimpance-toti\/"},"author":{"name":"Patagonia Ambiental","@id":"https:\/\/patagoniambiental.com.ar\/info\/#\/schema\/person\/db12bff64bbcbf6a253710bf0ea37b5d"},"headline":"La Corte Suprema dej\u00f3 firme el fallo que ordena el traslado del chimpance Toti","datePublished":"2023-12-22T10:00:00+00:00","dateModified":"2024-08-16T02:51:32+00:00","mainEntityOfPage":{"@id":"https:\/\/patagoniambiental.com.ar\/info\/la-corte-suprema-dejo-firme-el-fallo-que-ordena-el-traslado-del-chimpance-toti\/"},"wordCount":352,"commentCount":0,"publisher":{"@id":"https:\/\/patagoniambiental.com.ar\/info\/#organization"},"image":{"@id":"https:\/\/patagoniambiental.com.ar\/info\/la-corte-suprema-dejo-firme-el-fallo-que-ordena-el-traslado-del-chimpance-toti\/#primaryimage"},"thumbnailUrl":"https:\/\/patagoniambiental.com.ar\/info\/wp-content\/uploads\/2023\/12\/Sin-titulo-10.png","articleSection":["Provinciales"],"inLanguage":"es","potentialAction":[{"@type":"CommentAction","name":"Comment","target":["https:\/\/patagoniambiental.com.ar\/info\/la-corte-suprema-dejo-firme-el-fallo-que-ordena-el-traslado-del-chimpance-toti\/#respond"]}]},{"@type":"WebPage","@id":"https:\/\/patagoniambiental.com.ar\/info\/la-corte-suprema-dejo-firme-el-fallo-que-ordena-el-traslado-del-chimpance-toti\/","url":"https:\/\/patagoniambiental.com.ar\/info\/la-corte-suprema-dejo-firme-el-fallo-que-ordena-el-traslado-del-chimpance-toti\/","name":"La Corte Suprema dej\u00f3 firme el fallo que ordena el traslado del chimpance Toti","isPartOf":{"@id":"https:\/\/patagoniambiental.com.ar\/info\/#website"},"primaryImageOfPage":{"@id":"https:\/\/patagoniambiental.com.ar\/info\/la-corte-suprema-dejo-firme-el-fallo-que-ordena-el-traslado-del-chimpance-toti\/#primaryimage"},"image":{"@id":"https:\/\/patagoniambiental.com.ar\/info\/la-corte-suprema-dejo-firme-el-fallo-que-ordena-el-traslado-del-chimpance-toti\/#primaryimage"},"thumbnailUrl":"https:\/\/patagoniambiental.com.ar\/info\/wp-content\/uploads\/2023\/12\/Sin-titulo-10.png","datePublished":"2023-12-22T10:00:00+00:00","dateModified":"2024-08-16T02:51:32+00:00","breadcrumb":{"@id":"https:\/\/patagoniambiental.com.ar\/info\/la-corte-suprema-dejo-firme-el-fallo-que-ordena-el-traslado-del-chimpance-toti\/#breadcrumb"},"inLanguage":"es","potentialAction":[{"@type":"ReadAction","target":["https:\/\/patagoniambiental.com.ar\/info\/la-corte-suprema-dejo-firme-el-fallo-que-ordena-el-traslado-del-chimpance-toti\/"]}]},{"@type":"ImageObject","inLanguage":"es","@id":"https:\/\/patagoniambiental.com.ar\/info\/la-corte-suprema-dejo-firme-el-fallo-que-ordena-el-traslado-del-chimpance-toti\/#primaryimage","url":"https:\/\/patagoniambiental.com.ar\/info\/wp-content\/uploads\/2023\/12\/Sin-titulo-10.png","contentUrl":"https:\/\/patagoniambiental.com.ar\/info\/wp-content\/uploads\/2023\/12\/Sin-titulo-10.png","width":844,"height":484},{"@type":"BreadcrumbList","@id":"https:\/\/patagoniambiental.com.ar\/info\/la-corte-suprema-dejo-firme-el-fallo-que-ordena-el-traslado-del-chimpance-toti\/#breadcrumb","itemListElement":[{"@type":"ListItem","position":1,"name":"Inicio","item":"https:\/\/patagoniambiental.com.ar\/info\/"},{"@type":"ListItem","position":2,"name":"La Corte Suprema dej\u00f3 firme el fallo que ordena el traslado del chimpance Toti"}]},{"@type":"WebSite","@id":"https:\/\/patagoniambiental.com.ar\/info\/#website","url":"https:\/\/patagoniambiental.com.ar\/info\/","name":"Patagonia Ambiental","description":"Monitoreo y an\u00e1lisis de la situaci\u00f3n geopol\u00edtica en el mundo y su implicancia en la Patagonia","publisher":{"@id":"https:\/\/patagoniambiental.com.ar\/info\/#organization"},"potentialAction":[{"@type":"SearchAction","target":{"@type":"EntryPoint","urlTemplate":"https:\/\/patagoniambiental.com.ar\/info\/?s={search_term_string}"},"query-input":{"@type":"PropertyValueSpecification","valueRequired":true,"valueName":"search_term_string"}}],"inLanguage":"es"},{"@type":"Organization","@id":"https:\/\/patagoniambiental.com.ar\/info\/#organization","name":"Patagonia Ambiental","url":"https:\/\/patagoniambiental.com.ar\/info\/","logo":{"@type":"ImageObject","inLanguage":"es","@id":"https:\/\/patagoniambiental.com.ar\/info\/#\/schema\/logo\/image\/","url":"https:\/\/patagoniambiental.com.ar\/info\/wp-content\/uploads\/2025\/05\/LOGO-PATAGONIA-AMBIENTAL.png","contentUrl":"https:\/\/patagoniambiental.com.ar\/info\/wp-content\/uploads\/2025\/05\/LOGO-PATAGONIA-AMBIENTAL.png","width":433,"height":250,"caption":"Patagonia Ambiental"},"image":{"@id":"https:\/\/patagoniambiental.com.ar\/info\/#\/schema\/logo\/image\/"},"sameAs":["https:\/\/www.facebook.com\/patagonia.ambiental","https:\/\/x.com\/PatAmb"]},{"@type":"Person","@id":"https:\/\/patagoniambiental.com.ar\/info\/#\/schema\/person\/db12bff64bbcbf6a253710bf0ea37b5d","name":"Patagonia Ambiental","description":"Andr\u00e9s Nievas T\u00e9cnico en manejo ambiental, consultor Ambiental y escritor para medios locales e internacionales sobre temas de geopolitica y medio ambiente.","sameAs":["http:\/\/www.patagoniambiental.com.ar","https:\/\/www.facebook.com\/share\/1C1V8Gv9BX\/?mibextid=qi2Omg","@patagoniambiental","https:\/\/youtube.com\/@patagoniaambiental2023?si=BLt58t0wuXquxlYZ"]}]}},"_links":{"self":[{"href":"https:\/\/patagoniambiental.com.ar\/info\/wp-json\/wp\/v2\/posts\/79267","targetHints":{"allow":["GET"]}}],"collection":[{"href":"https:\/\/patagoniambiental.com.ar\/info\/wp-json\/wp\/v2\/posts"}],"about":[{"href":"https:\/\/patagoniambiental.com.ar\/info\/wp-json\/wp\/v2\/types\/post"}],"author":[{"embeddable":true,"href":"https:\/\/patagoniambiental.com.ar\/info\/wp-json\/wp\/v2\/users\/2"}],"replies":[{"embeddable":true,"href":"https:\/\/patagoniambiental.com.ar\/info\/wp-json\/wp\/v2\/comments?post=79267"}],"version-history":[{"count":0,"href":"https:\/\/patagoniambiental.com.ar\/info\/wp-json\/wp\/v2\/posts\/79267\/revisions"}],"wp:featuredmedia":[{"embeddable":true,"href":"https:\/\/patagoniambiental.com.ar\/info\/wp-json\/wp\/v2\/media\/79268"}],"wp:attachment":[{"href":"https:\/\/patagoniambiental.com.ar\/info\/wp-json\/wp\/v2\/media?parent=79267"}],"wp:term":[{"taxonomy":"category","embeddable":true,"href":"https:\/\/patagoniambiental.com.ar\/info\/wp-json\/wp\/v2\/categories?post=79267"},{"taxonomy":"post_tag","embeddable":true,"href":"https:\/\/patagoniambiental.com.ar\/info\/wp-json\/wp\/v2\/tags?post=79267"}],"curies":[{"name":"wp","href":"https:\/\/api.w.org\/{rel}","templated":true}]}}