{"id":79304,"date":"2023-12-27T19:00:00","date_gmt":"2023-12-27T22:00:00","guid":{"rendered":"https:\/\/patagoniambiental.com.ar\/info\/?p=79304"},"modified":"2024-08-15T23:42:20","modified_gmt":"2024-08-16T02:42:20","slug":"el-gobierno-autoriza-a-la-petrolera-equinor-a-realizar-exploraciones-en-la-costa-de-tierra-del-fuego","status":"publish","type":"post","link":"https:\/\/patagoniambiental.com.ar\/info\/el-gobierno-autoriza-a-la-petrolera-equinor-a-realizar-exploraciones-en-la-costa-de-tierra-del-fuego\/","title":{"rendered":"El Gobierno autoriza a petrolera Equinor a realizar exploraciones en la costa de Tierra del Fuego"},"content":{"rendered":"\n<!--more-->\n\n\n\n<h4 class=\"wp-block-heading\" id=\"h-habilita-que-haga-operaciones-sismicas-el-primer-paso-para-la-posterior-extraccion-de-crudo-una-medida-similar-genero-una-fuerte-resistencia-en-mar-del-plata-y-estuvo-dos-anos-frenada-por-el-poder-judicial\">Habilita que haga operaciones s\u00edsmicas, el primer paso para la posterior extracci\u00f3n de crudo; una medida similar gener\u00f3 una fuerte resistencia en Mar del Plata y estuvo dos a\u00f1os frenada por el Poder Judicial<\/h4>\n\n\n\n<figure class=\"wp-block-image\"><img decoding=\"async\" src=\"https:\/\/www.lanacion.com.ar\/resizer\/v2\/una-plataforma-de-equinor-en-X2KFNIF6DZDB3KJPHDANW4LY6E.JPG?auth=604d1bb8839f258f395b892a237f20260ab8197275fb40b7e130ceeaa49bf4e2&amp;width=420&amp;height=280&amp;quality=70&amp;smart=true\" alt=\"Una plataforma de Equinor, en Noruega\"\/><figcaption class=\"wp-element-caption\">Una plataforma de Equinor, en NoruegaCARINA JOHANSEN &#8211; NTB Scanpix<\/figcaption><\/figure>\n\n\n\n<p>El Gobierno dio el visto bueno para que la <strong>petrolera <\/strong>estatal de Noruega <a href=\"https:\/\/www.equinor.ar\/\" rel=\"noreferrer noopener\" target=\"_blank\"><strong>Equinor <\/strong><\/a>comience la exploraci\u00f3n de crudo en tres \u00e1reas de la costa de <strong>R\u00edo Grande<\/strong>, la ciudad m\u00e1s poblada de la provincia de <strong>Tierra del Fuego<\/strong>. La compa\u00f1\u00eda podr\u00e1, de esta manera, realizar las <strong>operaciones s\u00edsmicas<\/strong>, el primer paso para la posterior extracci\u00f3n de petr\u00f3leo, seg\u00fan fue informado por el Gobierno a trav\u00e9s del <a href=\"https:\/\/www.boletinoficial.gob.ar\/detalleAviso\/primera\/301366\/20231227\" rel=\"noreferrer noopener\" target=\"_blank\">Bolet\u00edn Oficial<\/a>.<\/p>\n\n\n\n<p>Tras prestar su \u201c<strong>conformidad<\/strong>\u201d con los requisitos solicitados a Equinor, entre ellos el <a href=\"https:\/\/consultapublica.argentina.gob.ar\/equinorausymlo\" rel=\"noreferrer noopener\" target=\"_blank\"><strong>estudio de impacto ambiental<\/strong><\/a>, <strong>Guillermo Francos<\/strong> como ministro del Interior -cartera que absorbi\u00f3 al exministerio de Ambiente- <strong>firm\u00f3 el aval para que se realice la operaci\u00f3n s\u00edsmica<\/strong>, que hace dos a\u00f1os despert\u00f3 un gran revuelvo cuando la petrolera noruega intent\u00f3 hacerlo en la costa de Mar del Plata.<\/p>\n\n\n\n<p>En ese caso, durante casi dos a\u00f1os una operaci\u00f3n igual a la que intentar\u00e1 Equinor en Tierra del Fuego estuvo frenada. Primero se dieron <a href=\"https:\/\/www.lanacion.com.ar\/economia\/multitudinaria-movilizacion-en-la-rambla-contra-la-explotacion-petrolera-frente-a-playas-de-mar-del-nid04012022\/\">numerosas protestas de marplatenses contra la exploraci\u00f3n<\/a>. No solo fueron grupos ambientalistas los que ped\u00edan frenar la operaci\u00f3n, sino que incluso <a href=\"https:\/\/www.lanacion.com.ar\/politica\/mar-del-plata-el-intendente-guillermo-montenegro-presento-un-recurso-de-amparo-para-detener-la-nid12012022\/\">el intendente, <strong>Guillermo Montenegro<\/strong>, de Pro, present\u00f3 un recurso de amparo para detener la actividad de la compa\u00f1\u00eda<\/a>.<\/p>\n\n\n\n<p>El ministerio de Ambiente en ese entonces, a cargo de <strong>Juan Cabandie<\/strong>, adopt\u00f3 una postura ambigua, al igual que el Gobierno en su conjunto. No hubo defensa clara del proyecto ni tampoco fue comunicado con nitidez a la poblaci\u00f3n los eventuales beneficios, a pesar de haber avalado y publicado en su momento la autorizaci\u00f3n en el Bolet\u00edn Oficial en 2021.<\/p>\n\n\n\n<p>El Poder Judicial <a href=\"https:\/\/www.lanacion.com.ar\/politica\/la-justicia-dicto-una-medida-cautelar-que-frena-la-exploracion-petrolera-frente-a-mar-del-plata-nid11022022\/\">concedi\u00f3 amparos<\/a> que impidieron que empiece la operaci\u00f3n hasta que, finalmente, el caso lleg\u00f3 a la Corte Suprema de Justicia. El mes pasado el m\u00e1ximo tribunal<a href=\"https:\/\/www.lanacion.com.ar\/politica\/la-corte-suprema-rechazo-recursos-de-ambientalistas-y-dio-luz-verde-para-explorar-petroleo-off-shore-nid02112023\/\"> dio luz verde a las actividades de Equinor en Mar del Plata<\/a> con el voto afirmativo de tres de los cuatro jueces: <strong>Horacio Rosatti, Carlos Rosenkrantz y Juan Carlos Maqueda<\/strong>.<\/p>\n\n\n\n<figure class=\"wp-block-image\"><img decoding=\"async\" src=\"https:\/\/resizer.glanacion.com\/resizer\/v2\/marcha-en-contra-la-instalacion-de-una-torre-KJK3KCWRP5CAJA2BTPGRBZYMB4.JPG?auth=719779b15279a79f1fa5d7e39de11c2af6fe9499a794e08aca6b7d8d9d4722cb&amp;width=420&amp;height=275&amp;quality=70&amp;smart=true\" alt=\"Marcha en contra la instalaci\u00f3n de una torre petrolera frente a la costa de Mar del Plata, 4 de Enero de 2022.\"\/><figcaption class=\"wp-element-caption\">Marcha en contra la instalaci\u00f3n de una torre petrolera frente a la costa de Mar del Plata, 4 de Enero de 2022.Mauro V. Rizzi &#8211; LA NACION<\/figcaption><\/figure>\n\n\n\n<p>El proyecto de Equinor en Tierra del Fuego, <strong>dividido en tres \u00e1reas<\/strong>, ser\u00e1 administrado en un 100% por la empresa y <strong>se realizar\u00e1 a 30 kil\u00f3metros de la costa de R\u00edo Grande<\/strong>. El tama\u00f1o del \u00e1rea de relevamiento total es de <strong>7810 km\u00b2<\/strong>, seg\u00fan hab\u00eda informado la empresa estatal noruega, una de las gigantes de la industria energ\u00e9tica a nivel mundial.<\/p>\n\n\n\n<p>\u201cSe espera que las operaciones <strong>duren alrededor de 150 d\u00edas<\/strong> y se desarrollar\u00e1n ininterrumpidamente las 24 horas del d\u00eda si las condiciones meteorol\u00f3gicas lo permiten\u201d, establece <a href=\"https:\/\/www.equinor.ar\/sismica-costa-afuera\/licencias-del-sur\" rel=\"noreferrer noopener\" target=\"_blank\">en su p\u00e1gina web<\/a> la compa\u00f1\u00eda sobre esta exploraci\u00f3n en el sur del pa\u00eds.<\/p>\n\n\n\n<figure class=\"wp-block-image\"><img decoding=\"async\" src=\"https:\/\/resizer.glanacion.com\/resizer\/v2\/la-empresa-noruega-equinor-fue-autorizada-por-el-3EMKFRPNY5BXNHHDFBJW366BVU.webp?auth=ae575104cdfe047f4725fa4eaa0324bd712bc600645e7d32351af8e48f715977&amp;width=420&amp;height=280&amp;quality=70&amp;smart=true\" alt=\"La empresa noruega Equinor fue autorizada por el Gobierno para iniciar las tareas de exploraci\u00f3n petrolera frente a las costas de Tierra del Fuego\"\/><figcaption class=\"wp-element-caption\">La empresa noruega Equinor fue autorizada por el Gobierno para iniciar las tareas de exploraci\u00f3n petrolera frente a las costas de Tierra del Fuego<\/figcaption><\/figure>\n\n\n\n<p>Equinor, fundada en 1972 y dirigida por Anders Opedal tambi\u00e9n tiene participaci\u00f3n en otras cinco \u00e1reas petroleras en la Argentina. Tres corresponden a las exploraciones que despertaron rechazos en Mar del Plata, ubicadas a 307 kil\u00f3metros dos de ellas y 443 kil\u00f3metros la restante. En una Equinor es operador solitario, en otra comparte la mitad con YPF y en la restante se suma Shell a las compa\u00f1\u00edas estatales de la Argentina y Noruega para dividirse el \u00e1rea en tres tercios.<\/p>\n\n\n\n<p>Las otras dos zonas a explorar son una en Buenos Aires y otra en el sur. La de Buenos Aires se encuentra antes de Mar del Plata, m\u00e1s cerca de la altura de los partidos de La Costa, mientras que la otra zona est\u00e1 a metros de estas tres \u00e1reas en el sur que el Gobierno aval\u00f3 este mi\u00e9rcoles a trav\u00e9s del Bolet\u00edn Oficial.<\/p>\n\n\n\n<p>Fuente: www.lanacion.com.ar<\/p>\n","protected":false},"excerpt":{"rendered":"","protected":false},"author":2,"featured_media":79305,"comment_status":"open","ping_status":"open","sticky":false,"template":"","format":"standard","meta":{"site-sidebar-layout":"default","site-content-layout":"","ast-site-content-layout":"default","site-content-style":"default","site-sidebar-style":"default","ast-global-header-display":"","ast-banner-title-visibility":"","ast-main-header-display":"","ast-hfb-above-header-display":"","ast-hfb-below-header-display":"","ast-hfb-mobile-header-display":"","site-post-title":"","ast-breadcrumbs-content":"","ast-featured-img":"","footer-sml-layout":"","ast-disable-related-posts":"","theme-transparent-header-meta":"","adv-header-id-meta":"","stick-header-meta":"","header-above-stick-meta":"","header-main-stick-meta":"","header-below-stick-meta":"","astra-migrate-meta-layouts":"default","ast-page-background-enabled":"default","ast-page-background-meta":{"desktop":{"background-color":"var(--ast-global-color-5)","background-image":"","background-repeat":"repeat","background-position":"center center","background-size":"auto","background-attachment":"scroll","background-type":"","background-media":"","overlay-type":"","overlay-color":"","overlay-opacity":"","overlay-gradient":""},"tablet":{"background-color":"","background-image":"","background-repeat":"repeat","background-position":"center center","background-size":"auto","background-attachment":"scroll","background-type":"","background-media":"","overlay-type":"","overlay-color":"","overlay-opacity":"","overlay-gradient":""},"mobile":{"background-color":"","background-image":"","background-repeat":"repeat","background-position":"center center","background-size":"auto","background-attachment":"scroll","background-type":"","background-media":"","overlay-type":"","overlay-color":"","overlay-opacity":"","overlay-gradient":""}},"ast-content-background-meta":{"desktop":{"background-color":"var(--ast-global-color-4)","background-image":"","background-repeat":"repeat","background-position":"center center","background-size":"auto","background-attachment":"scroll","background-type":"","background-media":"","overlay-type":"","overlay-color":"","overlay-opacity":"","overlay-gradient":""},"tablet":{"background-color":"var(--ast-global-color-4)","background-image":"","background-repeat":"repeat","background-position":"center center","background-size":"auto","background-attachment":"scroll","background-type":"","background-media":"","overlay-type":"","overlay-color":"","overlay-opacity":"","overlay-gradient":""},"mobile":{"background-color":"var(--ast-global-color-4)","background-image":"","background-repeat":"repeat","background-position":"center center","background-size":"auto","background-attachment":"scroll","background-type":"","background-media":"","overlay-type":"","overlay-color":"","overlay-opacity":"","overlay-gradient":""}},"footnotes":""},"categories":[19,10],"tags":[],"class_list":["post-79304","post","type-post","status-publish","format-standard","has-post-thumbnail","hentry","category-nacionales","category-rotador"],"yoast_head":"<!-- This site is optimized with the Yoast SEO Premium plugin v23.0 (Yoast SEO v27.4) - https:\/\/yoast.com\/product\/yoast-seo-premium-wordpress\/ -->\n<title>El Gobierno autoriza a petrolera Equinor a realizar exploraciones en la costa de Tierra del Fuego<\/title>\n<meta name=\"robots\" content=\"index, follow, max-snippet:-1, max-image-preview:large, max-video-preview:-1\" \/>\n<link rel=\"canonical\" href=\"https:\/\/patagoniambiental.com.ar\/info\/el-gobierno-autoriza-a-la-petrolera-equinor-a-realizar-exploraciones-en-la-costa-de-tierra-del-fuego\/\" \/>\n<meta property=\"og:locale\" content=\"es_ES\" \/>\n<meta property=\"og:type\" content=\"article\" \/>\n<meta property=\"og:title\" content=\"El Gobierno autoriza a petrolera Equinor a realizar exploraciones en la costa de Tierra del Fuego\" \/>\n<meta property=\"og:url\" content=\"https:\/\/patagoniambiental.com.ar\/info\/el-gobierno-autoriza-a-la-petrolera-equinor-a-realizar-exploraciones-en-la-costa-de-tierra-del-fuego\/\" \/>\n<meta property=\"og:site_name\" content=\"Patagonia Ambiental\" \/>\n<meta property=\"article:publisher\" content=\"https:\/\/www.facebook.com\/patagonia.ambiental\" \/>\n<meta property=\"article:author\" content=\"https:\/\/www.facebook.com\/share\/1C1V8Gv9BX\/?mibextid=qi2Omg\" \/>\n<meta property=\"article:published_time\" content=\"2023-12-27T22:00:00+00:00\" \/>\n<meta property=\"article:modified_time\" content=\"2024-08-16T02:42:20+00:00\" \/>\n<meta property=\"og:image\" content=\"https:\/\/patagoniambiental.com.ar\/info\/wp-content\/uploads\/2023\/12\/ego.jpg\" \/>\n\t<meta property=\"og:image:width\" content=\"703\" \/>\n\t<meta property=\"og:image:height\" content=\"417\" \/>\n\t<meta property=\"og:image:type\" content=\"image\/jpeg\" \/>\n<meta name=\"author\" content=\"Patagonia Ambiental\" \/>\n<meta name=\"twitter:card\" content=\"summary_large_image\" \/>\n<meta name=\"twitter:creator\" content=\"@PatAmb\" \/>\n<meta name=\"twitter:site\" content=\"@PatAmb\" \/>\n<script type=\"application\/ld+json\" class=\"yoast-schema-graph\">{\"@context\":\"https:\\\/\\\/schema.org\",\"@graph\":[{\"@type\":\"Article\",\"@id\":\"https:\\\/\\\/patagoniambiental.com.ar\\\/info\\\/el-gobierno-autoriza-a-la-petrolera-equinor-a-realizar-exploraciones-en-la-costa-de-tierra-del-fuego\\\/#article\",\"isPartOf\":{\"@id\":\"https:\\\/\\\/patagoniambiental.com.ar\\\/info\\\/el-gobierno-autoriza-a-la-petrolera-equinor-a-realizar-exploraciones-en-la-costa-de-tierra-del-fuego\\\/\"},\"author\":{\"name\":\"Patagonia Ambiental\",\"@id\":\"https:\\\/\\\/patagoniambiental.com.ar\\\/info\\\/#\\\/schema\\\/person\\\/db12bff64bbcbf6a253710bf0ea37b5d\"},\"headline\":\"El Gobierno autoriza a petrolera Equinor a realizar exploraciones en la costa de Tierra del Fuego\",\"datePublished\":\"2023-12-27T22:00:00+00:00\",\"dateModified\":\"2024-08-16T02:42:20+00:00\",\"mainEntityOfPage\":{\"@id\":\"https:\\\/\\\/patagoniambiental.com.ar\\\/info\\\/el-gobierno-autoriza-a-la-petrolera-equinor-a-realizar-exploraciones-en-la-costa-de-tierra-del-fuego\\\/\"},\"wordCount\":715,\"commentCount\":0,\"publisher\":{\"@id\":\"https:\\\/\\\/patagoniambiental.com.ar\\\/info\\\/#organization\"},\"image\":{\"@id\":\"https:\\\/\\\/patagoniambiental.com.ar\\\/info\\\/el-gobierno-autoriza-a-la-petrolera-equinor-a-realizar-exploraciones-en-la-costa-de-tierra-del-fuego\\\/#primaryimage\"},\"thumbnailUrl\":\"https:\\\/\\\/patagoniambiental.com.ar\\\/info\\\/wp-content\\\/uploads\\\/2023\\\/12\\\/ego.jpg\",\"articleSection\":[\"Nacionales\",\"Rotador\"],\"inLanguage\":\"es\",\"potentialAction\":[{\"@type\":\"CommentAction\",\"name\":\"Comment\",\"target\":[\"https:\\\/\\\/patagoniambiental.com.ar\\\/info\\\/el-gobierno-autoriza-a-la-petrolera-equinor-a-realizar-exploraciones-en-la-costa-de-tierra-del-fuego\\\/#respond\"]}]},{\"@type\":\"WebPage\",\"@id\":\"https:\\\/\\\/patagoniambiental.com.ar\\\/info\\\/el-gobierno-autoriza-a-la-petrolera-equinor-a-realizar-exploraciones-en-la-costa-de-tierra-del-fuego\\\/\",\"url\":\"https:\\\/\\\/patagoniambiental.com.ar\\\/info\\\/el-gobierno-autoriza-a-la-petrolera-equinor-a-realizar-exploraciones-en-la-costa-de-tierra-del-fuego\\\/\",\"name\":\"El Gobierno autoriza a petrolera Equinor a realizar exploraciones en la costa de Tierra del Fuego\",\"isPartOf\":{\"@id\":\"https:\\\/\\\/patagoniambiental.com.ar\\\/info\\\/#website\"},\"primaryImageOfPage\":{\"@id\":\"https:\\\/\\\/patagoniambiental.com.ar\\\/info\\\/el-gobierno-autoriza-a-la-petrolera-equinor-a-realizar-exploraciones-en-la-costa-de-tierra-del-fuego\\\/#primaryimage\"},\"image\":{\"@id\":\"https:\\\/\\\/patagoniambiental.com.ar\\\/info\\\/el-gobierno-autoriza-a-la-petrolera-equinor-a-realizar-exploraciones-en-la-costa-de-tierra-del-fuego\\\/#primaryimage\"},\"thumbnailUrl\":\"https:\\\/\\\/patagoniambiental.com.ar\\\/info\\\/wp-content\\\/uploads\\\/2023\\\/12\\\/ego.jpg\",\"datePublished\":\"2023-12-27T22:00:00+00:00\",\"dateModified\":\"2024-08-16T02:42:20+00:00\",\"breadcrumb\":{\"@id\":\"https:\\\/\\\/patagoniambiental.com.ar\\\/info\\\/el-gobierno-autoriza-a-la-petrolera-equinor-a-realizar-exploraciones-en-la-costa-de-tierra-del-fuego\\\/#breadcrumb\"},\"inLanguage\":\"es\",\"potentialAction\":[{\"@type\":\"ReadAction\",\"target\":[\"https:\\\/\\\/patagoniambiental.com.ar\\\/info\\\/el-gobierno-autoriza-a-la-petrolera-equinor-a-realizar-exploraciones-en-la-costa-de-tierra-del-fuego\\\/\"]}]},{\"@type\":\"ImageObject\",\"inLanguage\":\"es\",\"@id\":\"https:\\\/\\\/patagoniambiental.com.ar\\\/info\\\/el-gobierno-autoriza-a-la-petrolera-equinor-a-realizar-exploraciones-en-la-costa-de-tierra-del-fuego\\\/#primaryimage\",\"url\":\"https:\\\/\\\/patagoniambiental.com.ar\\\/info\\\/wp-content\\\/uploads\\\/2023\\\/12\\\/ego.jpg\",\"contentUrl\":\"https:\\\/\\\/patagoniambiental.com.ar\\\/info\\\/wp-content\\\/uploads\\\/2023\\\/12\\\/ego.jpg\",\"width\":703,\"height\":417},{\"@type\":\"BreadcrumbList\",\"@id\":\"https:\\\/\\\/patagoniambiental.com.ar\\\/info\\\/el-gobierno-autoriza-a-la-petrolera-equinor-a-realizar-exploraciones-en-la-costa-de-tierra-del-fuego\\\/#breadcrumb\",\"itemListElement\":[{\"@type\":\"ListItem\",\"position\":1,\"name\":\"Inicio\",\"item\":\"https:\\\/\\\/patagoniambiental.com.ar\\\/info\\\/\"},{\"@type\":\"ListItem\",\"position\":2,\"name\":\"El Gobierno autoriza a petrolera Equinor a realizar exploraciones en la costa de Tierra del Fuego\"}]},{\"@type\":\"WebSite\",\"@id\":\"https:\\\/\\\/patagoniambiental.com.ar\\\/info\\\/#website\",\"url\":\"https:\\\/\\\/patagoniambiental.com.ar\\\/info\\\/\",\"name\":\"Patagonia Ambiental\",\"description\":\"Monitoreo y an\u00e1lisis de la situaci\u00f3n geopol\u00edtica en el mundo y su implicancia en la Patagonia\",\"publisher\":{\"@id\":\"https:\\\/\\\/patagoniambiental.com.ar\\\/info\\\/#organization\"},\"potentialAction\":[{\"@type\":\"SearchAction\",\"target\":{\"@type\":\"EntryPoint\",\"urlTemplate\":\"https:\\\/\\\/patagoniambiental.com.ar\\\/info\\\/?s={search_term_string}\"},\"query-input\":{\"@type\":\"PropertyValueSpecification\",\"valueRequired\":true,\"valueName\":\"search_term_string\"}}],\"inLanguage\":\"es\"},{\"@type\":\"Organization\",\"@id\":\"https:\\\/\\\/patagoniambiental.com.ar\\\/info\\\/#organization\",\"name\":\"Patagonia Ambiental\",\"url\":\"https:\\\/\\\/patagoniambiental.com.ar\\\/info\\\/\",\"logo\":{\"@type\":\"ImageObject\",\"inLanguage\":\"es\",\"@id\":\"https:\\\/\\\/patagoniambiental.com.ar\\\/info\\\/#\\\/schema\\\/logo\\\/image\\\/\",\"url\":\"https:\\\/\\\/patagoniambiental.com.ar\\\/info\\\/wp-content\\\/uploads\\\/2025\\\/05\\\/LOGO-PATAGONIA-AMBIENTAL.png\",\"contentUrl\":\"https:\\\/\\\/patagoniambiental.com.ar\\\/info\\\/wp-content\\\/uploads\\\/2025\\\/05\\\/LOGO-PATAGONIA-AMBIENTAL.png\",\"width\":433,\"height\":250,\"caption\":\"Patagonia Ambiental\"},\"image\":{\"@id\":\"https:\\\/\\\/patagoniambiental.com.ar\\\/info\\\/#\\\/schema\\\/logo\\\/image\\\/\"},\"sameAs\":[\"https:\\\/\\\/www.facebook.com\\\/patagonia.ambiental\",\"https:\\\/\\\/x.com\\\/PatAmb\"]},{\"@type\":\"Person\",\"@id\":\"https:\\\/\\\/patagoniambiental.com.ar\\\/info\\\/#\\\/schema\\\/person\\\/db12bff64bbcbf6a253710bf0ea37b5d\",\"name\":\"Patagonia Ambiental\",\"description\":\"Andr\u00e9s Nievas T\u00e9cnico en manejo ambiental, consultor Ambiental y escritor para medios locales e internacionales sobre temas de geopolitica y medio ambiente.\",\"sameAs\":[\"http:\\\/\\\/www.patagoniambiental.com.ar\",\"https:\\\/\\\/www.facebook.com\\\/share\\\/1C1V8Gv9BX\\\/?mibextid=qi2Omg\",\"@patagoniambiental\",\"https:\\\/\\\/youtube.com\\\/@patagoniaambiental2023?si=BLt58t0wuXquxlYZ\"]}]}<\/script>\n<!-- \/ Yoast SEO Premium plugin. -->","yoast_head_json":{"title":"El Gobierno autoriza a petrolera Equinor a realizar exploraciones en la costa de Tierra del Fuego","robots":{"index":"index","follow":"follow","max-snippet":"max-snippet:-1","max-image-preview":"max-image-preview:large","max-video-preview":"max-video-preview:-1"},"canonical":"https:\/\/patagoniambiental.com.ar\/info\/el-gobierno-autoriza-a-la-petrolera-equinor-a-realizar-exploraciones-en-la-costa-de-tierra-del-fuego\/","og_locale":"es_ES","og_type":"article","og_title":"El Gobierno autoriza a petrolera Equinor a realizar exploraciones en la costa de Tierra del Fuego","og_url":"https:\/\/patagoniambiental.com.ar\/info\/el-gobierno-autoriza-a-la-petrolera-equinor-a-realizar-exploraciones-en-la-costa-de-tierra-del-fuego\/","og_site_name":"Patagonia Ambiental","article_publisher":"https:\/\/www.facebook.com\/patagonia.ambiental","article_author":"https:\/\/www.facebook.com\/share\/1C1V8Gv9BX\/?mibextid=qi2Omg","article_published_time":"2023-12-27T22:00:00+00:00","article_modified_time":"2024-08-16T02:42:20+00:00","og_image":[{"width":703,"height":417,"url":"https:\/\/patagoniambiental.com.ar\/info\/wp-content\/uploads\/2023\/12\/ego.jpg","type":"image\/jpeg"}],"author":"Patagonia Ambiental","twitter_card":"summary_large_image","twitter_creator":"@PatAmb","twitter_site":"@PatAmb","schema":{"@context":"https:\/\/schema.org","@graph":[{"@type":"Article","@id":"https:\/\/patagoniambiental.com.ar\/info\/el-gobierno-autoriza-a-la-petrolera-equinor-a-realizar-exploraciones-en-la-costa-de-tierra-del-fuego\/#article","isPartOf":{"@id":"https:\/\/patagoniambiental.com.ar\/info\/el-gobierno-autoriza-a-la-petrolera-equinor-a-realizar-exploraciones-en-la-costa-de-tierra-del-fuego\/"},"author":{"name":"Patagonia Ambiental","@id":"https:\/\/patagoniambiental.com.ar\/info\/#\/schema\/person\/db12bff64bbcbf6a253710bf0ea37b5d"},"headline":"El Gobierno autoriza a petrolera Equinor a realizar exploraciones en la costa de Tierra del Fuego","datePublished":"2023-12-27T22:00:00+00:00","dateModified":"2024-08-16T02:42:20+00:00","mainEntityOfPage":{"@id":"https:\/\/patagoniambiental.com.ar\/info\/el-gobierno-autoriza-a-la-petrolera-equinor-a-realizar-exploraciones-en-la-costa-de-tierra-del-fuego\/"},"wordCount":715,"commentCount":0,"publisher":{"@id":"https:\/\/patagoniambiental.com.ar\/info\/#organization"},"image":{"@id":"https:\/\/patagoniambiental.com.ar\/info\/el-gobierno-autoriza-a-la-petrolera-equinor-a-realizar-exploraciones-en-la-costa-de-tierra-del-fuego\/#primaryimage"},"thumbnailUrl":"https:\/\/patagoniambiental.com.ar\/info\/wp-content\/uploads\/2023\/12\/ego.jpg","articleSection":["Nacionales","Rotador"],"inLanguage":"es","potentialAction":[{"@type":"CommentAction","name":"Comment","target":["https:\/\/patagoniambiental.com.ar\/info\/el-gobierno-autoriza-a-la-petrolera-equinor-a-realizar-exploraciones-en-la-costa-de-tierra-del-fuego\/#respond"]}]},{"@type":"WebPage","@id":"https:\/\/patagoniambiental.com.ar\/info\/el-gobierno-autoriza-a-la-petrolera-equinor-a-realizar-exploraciones-en-la-costa-de-tierra-del-fuego\/","url":"https:\/\/patagoniambiental.com.ar\/info\/el-gobierno-autoriza-a-la-petrolera-equinor-a-realizar-exploraciones-en-la-costa-de-tierra-del-fuego\/","name":"El Gobierno autoriza a petrolera Equinor a realizar exploraciones en la costa de Tierra del Fuego","isPartOf":{"@id":"https:\/\/patagoniambiental.com.ar\/info\/#website"},"primaryImageOfPage":{"@id":"https:\/\/patagoniambiental.com.ar\/info\/el-gobierno-autoriza-a-la-petrolera-equinor-a-realizar-exploraciones-en-la-costa-de-tierra-del-fuego\/#primaryimage"},"image":{"@id":"https:\/\/patagoniambiental.com.ar\/info\/el-gobierno-autoriza-a-la-petrolera-equinor-a-realizar-exploraciones-en-la-costa-de-tierra-del-fuego\/#primaryimage"},"thumbnailUrl":"https:\/\/patagoniambiental.com.ar\/info\/wp-content\/uploads\/2023\/12\/ego.jpg","datePublished":"2023-12-27T22:00:00+00:00","dateModified":"2024-08-16T02:42:20+00:00","breadcrumb":{"@id":"https:\/\/patagoniambiental.com.ar\/info\/el-gobierno-autoriza-a-la-petrolera-equinor-a-realizar-exploraciones-en-la-costa-de-tierra-del-fuego\/#breadcrumb"},"inLanguage":"es","potentialAction":[{"@type":"ReadAction","target":["https:\/\/patagoniambiental.com.ar\/info\/el-gobierno-autoriza-a-la-petrolera-equinor-a-realizar-exploraciones-en-la-costa-de-tierra-del-fuego\/"]}]},{"@type":"ImageObject","inLanguage":"es","@id":"https:\/\/patagoniambiental.com.ar\/info\/el-gobierno-autoriza-a-la-petrolera-equinor-a-realizar-exploraciones-en-la-costa-de-tierra-del-fuego\/#primaryimage","url":"https:\/\/patagoniambiental.com.ar\/info\/wp-content\/uploads\/2023\/12\/ego.jpg","contentUrl":"https:\/\/patagoniambiental.com.ar\/info\/wp-content\/uploads\/2023\/12\/ego.jpg","width":703,"height":417},{"@type":"BreadcrumbList","@id":"https:\/\/patagoniambiental.com.ar\/info\/el-gobierno-autoriza-a-la-petrolera-equinor-a-realizar-exploraciones-en-la-costa-de-tierra-del-fuego\/#breadcrumb","itemListElement":[{"@type":"ListItem","position":1,"name":"Inicio","item":"https:\/\/patagoniambiental.com.ar\/info\/"},{"@type":"ListItem","position":2,"name":"El Gobierno autoriza a petrolera Equinor a realizar exploraciones en la costa de Tierra del Fuego"}]},{"@type":"WebSite","@id":"https:\/\/patagoniambiental.com.ar\/info\/#website","url":"https:\/\/patagoniambiental.com.ar\/info\/","name":"Patagonia Ambiental","description":"Monitoreo y an\u00e1lisis de la situaci\u00f3n geopol\u00edtica en el mundo y su implicancia en la Patagonia","publisher":{"@id":"https:\/\/patagoniambiental.com.ar\/info\/#organization"},"potentialAction":[{"@type":"SearchAction","target":{"@type":"EntryPoint","urlTemplate":"https:\/\/patagoniambiental.com.ar\/info\/?s={search_term_string}"},"query-input":{"@type":"PropertyValueSpecification","valueRequired":true,"valueName":"search_term_string"}}],"inLanguage":"es"},{"@type":"Organization","@id":"https:\/\/patagoniambiental.com.ar\/info\/#organization","name":"Patagonia Ambiental","url":"https:\/\/patagoniambiental.com.ar\/info\/","logo":{"@type":"ImageObject","inLanguage":"es","@id":"https:\/\/patagoniambiental.com.ar\/info\/#\/schema\/logo\/image\/","url":"https:\/\/patagoniambiental.com.ar\/info\/wp-content\/uploads\/2025\/05\/LOGO-PATAGONIA-AMBIENTAL.png","contentUrl":"https:\/\/patagoniambiental.com.ar\/info\/wp-content\/uploads\/2025\/05\/LOGO-PATAGONIA-AMBIENTAL.png","width":433,"height":250,"caption":"Patagonia Ambiental"},"image":{"@id":"https:\/\/patagoniambiental.com.ar\/info\/#\/schema\/logo\/image\/"},"sameAs":["https:\/\/www.facebook.com\/patagonia.ambiental","https:\/\/x.com\/PatAmb"]},{"@type":"Person","@id":"https:\/\/patagoniambiental.com.ar\/info\/#\/schema\/person\/db12bff64bbcbf6a253710bf0ea37b5d","name":"Patagonia Ambiental","description":"Andr\u00e9s Nievas T\u00e9cnico en manejo ambiental, consultor Ambiental y escritor para medios locales e internacionales sobre temas de geopolitica y medio ambiente.","sameAs":["http:\/\/www.patagoniambiental.com.ar","https:\/\/www.facebook.com\/share\/1C1V8Gv9BX\/?mibextid=qi2Omg","@patagoniambiental","https:\/\/youtube.com\/@patagoniaambiental2023?si=BLt58t0wuXquxlYZ"]}]}},"_links":{"self":[{"href":"https:\/\/patagoniambiental.com.ar\/info\/wp-json\/wp\/v2\/posts\/79304","targetHints":{"allow":["GET"]}}],"collection":[{"href":"https:\/\/patagoniambiental.com.ar\/info\/wp-json\/wp\/v2\/posts"}],"about":[{"href":"https:\/\/patagoniambiental.com.ar\/info\/wp-json\/wp\/v2\/types\/post"}],"author":[{"embeddable":true,"href":"https:\/\/patagoniambiental.com.ar\/info\/wp-json\/wp\/v2\/users\/2"}],"replies":[{"embeddable":true,"href":"https:\/\/patagoniambiental.com.ar\/info\/wp-json\/wp\/v2\/comments?post=79304"}],"version-history":[{"count":0,"href":"https:\/\/patagoniambiental.com.ar\/info\/wp-json\/wp\/v2\/posts\/79304\/revisions"}],"wp:featuredmedia":[{"embeddable":true,"href":"https:\/\/patagoniambiental.com.ar\/info\/wp-json\/wp\/v2\/media\/79305"}],"wp:attachment":[{"href":"https:\/\/patagoniambiental.com.ar\/info\/wp-json\/wp\/v2\/media?parent=79304"}],"wp:term":[{"taxonomy":"category","embeddable":true,"href":"https:\/\/patagoniambiental.com.ar\/info\/wp-json\/wp\/v2\/categories?post=79304"},{"taxonomy":"post_tag","embeddable":true,"href":"https:\/\/patagoniambiental.com.ar\/info\/wp-json\/wp\/v2\/tags?post=79304"}],"curies":[{"name":"wp","href":"https:\/\/api.w.org\/{rel}","templated":true}]}}