{"id":7934,"date":"2015-02-07T18:00:55","date_gmt":"2015-02-07T21:00:55","guid":{"rendered":"http:\/\/patagoniambiental.com.ar\/?p=7934"},"modified":"2015-02-07T18:00:55","modified_gmt":"2015-02-07T21:00:55","slug":"turbiedad-en-el-rio-aguas-rionegrinas-normaliza-paulatinamente-el-suministro","status":"publish","type":"post","link":"https:\/\/patagoniambiental.com.ar\/info\/turbiedad-en-el-rio-aguas-rionegrinas-normaliza-paulatinamente-el-suministro\/","title":{"rendered":"Turbiedad en el r\u00edo: Aguas Rionegrinas normaliza paulatinamente el suministro"},"content":{"rendered":"<p style=\"text-align: justify;\">Viedma &#8211; La empresa estatal Aguas Rionegrinas contin\u00faa trabajando contra la turbiedad\u00a0 normalizando el servicio en General Roca.<!--more--><\/p>\n<p style=\"text-align: justify;\">La turbiedad en el r\u00edo puede observarse a simple vista, en las ciudades del Valle que se abastecen del r\u00edo Negro, por su color amarronado producto de la cantidad de tierra que se encuentra en suspensi\u00f3n. En ciudades como Choele Choel, ya puede verse y se prev\u00e9 que en el transcurso de la semana que entrante la coloraci\u00f3n del r\u00edo pueda percibirse tambi\u00e9n en la ciudad de Viedma.<\/p>\n<p style=\"text-align: justify;\">En este marco, personal de la empresa Aguas Rionegrinas se encuentra monitoreando constantemente el estado de la turbiedad en las plantas potabilizadoras para mitigar los efectos de la turbiedad.<\/p>\n<p style=\"text-align: justify;\">En el informe elaborado por el servicio de Aguas Rionegrinas de Roca se advirti\u00f3 de cualquier manera que los niveles de turbiedad descendieron, pero a\u00fan se aguarda la ca\u00edda del \u00edndice de sedimentos para que la planta potabilizadora pueda producir a su m\u00e1xima capacidad.<\/p>\n<p style=\"text-align: justify;\">La prestaci\u00f3n fue afectada por m\u00e1s de 24 horas debido a la alta turbiedad en el r\u00edo Negro. De esta forma se reanud\u00f3 la captaci\u00f3n de agua cruda que es procesada en la planta y comenz\u00f3 a circular en la red de forma paulatina.<\/p>\n<p style=\"text-align: justify;\">El servicio est\u00e1 normaliz\u00e1ndose en los hogares y el l\u00edquido, que atraves\u00f3 el proceso de potabilizaci\u00f3n, se ver\u00e1 con una ligera opacidad.<\/p>\n<p style=\"text-align: justify;\">Es de suma importancia extremar el cuidado del recurso, evitando el derroche y haciendo una utilizaci\u00f3n solidaria.\u200e<\/p>\n<p style=\"text-align: justify;\">Por otra parte, personal de la empresa contin\u00faa trabajando en la zona de captaci\u00f3n realizando tareas para mitigar la turbiedad en el r\u00edo.<\/p>\n<p style=\"text-align: justify;\">\u200eEl resto de las ciudades afectadas por la turbiedad, contin\u00faan produciendo con normalidad.<\/p>\n<p style=\"text-align: justify;\">La l\u00ednea gratuita 0800 999 24827 contin\u00faa disponible para la recepci\u00f3n de reclamos y consultas.<\/p>\n<p style=\"text-align: justify;\"><strong>Sobre el aspecto del agua<\/strong><\/p>\n<p style=\"text-align: justify;\">Es preciso especificar que, a\u00fan frente al panorama m\u00e1s alentador en cuanto a los niveles de turbiedad, el agua que llegue a la red necesariamente se ver\u00e1 con aspecto ligeramente turbio.<\/p>\n<p style=\"text-align: justify;\">Ello es as\u00ed porque, a\u00fan funcionando al m\u00e1ximo la planta potabilizadora y con los filtros en estado \u00f3ptimo, es t\u00e9cnicamente imposible eliminar completamente los niveles de barro en planta.<\/p>\n<p style=\"text-align: justify;\">A esto se suma la urgencia por restablecer el servicio fundado en la l\u00f3gica necesidad de la comunidad de volver a contar con el suministro en sus hogares.<\/p>\n<p style=\"text-align: justify;\">Por ello, y a sabiendas de que el agua no ser\u00e1 incolora y deber\u00e1 recibir un tratamiento preventivo en los hogares previo al consumo.<\/p>\n<p style=\"text-align: justify;\">Este procedimiento de \u201cpotabilizaci\u00f3n con bajos niveles de turbiedad\u201d ya se realiz\u00f3 en oportunidades anteriores en las que las lluvias generaron este impacto en los cursos h\u00eddricos por lo que se sabe que la apariencia del agua no ser\u00e1 incolora.<\/p>\n<p style=\"text-align: justify;\">Frente a esto, Aguas Rionegrinas, como empresa estatal, solicita a los medios de comunicaci\u00f3n social y a las empresas de informaci\u00f3n que colaboren en la transmisi\u00f3n de pautas de prevenci\u00f3n que son necesarias en estos casos, difundiendo que el agua debe ser hervida o, en su defecto, recibir el agregado domiciliario de dos gotitas de lavandina por litro de agua, dejando reposar el l\u00edquido una hora antes de consumirlo.<\/p>\n<p style=\"text-align: justify;\">Del mismo modo, Aguas Rionegrinas alienta el uso responsable de la informaci\u00f3n que hace al bien p\u00fablico, ya que la desinformaci\u00f3n genera preocupaci\u00f3n.<\/p>\n<p style=\"text-align: justify;\">Por \u00faltimo, la empresa estatal remarca que el problema de la turbiedad en el agua es un problema externo para cualquier prestador del servicio y considerado muy grave en t\u00e9rminos t\u00e9cnicos.<\/p>\n<p style=\"text-align: justify;\">Esto es as\u00ed debido a que los barros producen un da\u00f1o en la planta, los filtros y en las ca\u00f1er\u00edas de la red que luego es preciso subsanar y eso s\u00f3lo puede hacerse de manera paulatina, disponiendo cambios de presi\u00f3n por sectores, durante varios d\u00edas, con m\u00faltiples perjuicios t\u00e9cnicos en el servicio.<\/p>\n","protected":false},"excerpt":{"rendered":"<p>Viedma &#8211; La empresa estatal Aguas Rionegrinas contin\u00faa trabajando contra la turbiedad\u00a0 normalizando el servicio en General Roca.<\/p>\n","protected":false},"author":2,"featured_media":7865,"comment_status":"closed","ping_status":"closed","sticky":false,"template":"","format":"standard","meta":{"site-sidebar-layout":"default","site-content-layout":"","ast-site-content-layout":"default","site-content-style":"default","site-sidebar-style":"default","ast-global-header-display":"","ast-banner-title-visibility":"","ast-main-header-display":"","ast-hfb-above-header-display":"","ast-hfb-below-header-display":"","ast-hfb-mobile-header-display":"","site-post-title":"","ast-breadcrumbs-content":"","ast-featured-img":"","footer-sml-layout":"","ast-disable-related-posts":"","theme-transparent-header-meta":"","adv-header-id-meta":"","stick-header-meta":"","header-above-stick-meta":"","header-main-stick-meta":"","header-below-stick-meta":"","astra-migrate-meta-layouts":"default","ast-page-background-enabled":"default","ast-page-background-meta":{"desktop":{"background-color":"var(--ast-global-color-5)","background-image":"","background-repeat":"repeat","background-position":"center center","background-size":"auto","background-attachment":"scroll","background-type":"","background-media":"","overlay-type":"","overlay-color":"","overlay-opacity":"","overlay-gradient":""},"tablet":{"background-color":"","background-image":"","background-repeat":"repeat","background-position":"center center","background-size":"auto","background-attachment":"scroll","background-type":"","background-media":"","overlay-type":"","overlay-color":"","overlay-opacity":"","overlay-gradient":""},"mobile":{"background-color":"","background-image":"","background-repeat":"repeat","background-position":"center center","background-size":"auto","background-attachment":"scroll","background-type":"","background-media":"","overlay-type":"","overlay-color":"","overlay-opacity":"","overlay-gradient":""}},"ast-content-background-meta":{"desktop":{"background-color":"var(--ast-global-color-4)","background-image":"","background-repeat":"repeat","background-position":"center center","background-size":"auto","background-attachment":"scroll","background-type":"","background-media":"","overlay-type":"","overlay-color":"","overlay-opacity":"","overlay-gradient":""},"tablet":{"background-color":"var(--ast-global-color-4)","background-image":"","background-repeat":"repeat","background-position":"center center","background-size":"auto","background-attachment":"scroll","background-type":"","background-media":"","overlay-type":"","overlay-color":"","overlay-opacity":"","overlay-gradient":""},"mobile":{"background-color":"var(--ast-global-color-4)","background-image":"","background-repeat":"repeat","background-position":"center center","background-size":"auto","background-attachment":"scroll","background-type":"","background-media":"","overlay-type":"","overlay-color":"","overlay-opacity":"","overlay-gradient":""}},"footnotes":""},"categories":[1,13,14],"tags":[1820,1034,829,2445],"class_list":["post-7934","post","type-post","status-publish","format-standard","has-post-thumbnail","hentry","category-noticias","category-provinciales","category-rio-negro","tag-aguas-rionegrinas","tag-rio-negro-2","tag-roca","tag-turbiedad"],"yoast_head":"<!-- This site is optimized with the Yoast SEO Premium plugin v23.0 (Yoast SEO v27.5) - https:\/\/yoast.com\/product\/yoast-seo-premium-wordpress\/ -->\n<title>Turbiedad en el r\u00edo: Aguas Rionegrinas normaliza paulatinamente el suministro<\/title>\n<meta name=\"robots\" content=\"index, follow, max-snippet:-1, max-image-preview:large, max-video-preview:-1\" \/>\n<link rel=\"canonical\" href=\"https:\/\/patagoniambiental.com.ar\/info\/turbiedad-en-el-rio-aguas-rionegrinas-normaliza-paulatinamente-el-suministro\/\" \/>\n<meta property=\"og:locale\" content=\"es_ES\" \/>\n<meta property=\"og:type\" content=\"article\" \/>\n<meta property=\"og:title\" content=\"Turbiedad en el r\u00edo: Aguas Rionegrinas normaliza paulatinamente el suministro\" \/>\n<meta property=\"og:description\" content=\"Viedma &#8211; La empresa estatal Aguas Rionegrinas contin\u00faa trabajando contra la turbiedad\u00a0 normalizando el servicio en General Roca.\" \/>\n<meta property=\"og:url\" content=\"https:\/\/patagoniambiental.com.ar\/info\/turbiedad-en-el-rio-aguas-rionegrinas-normaliza-paulatinamente-el-suministro\/\" \/>\n<meta property=\"og:site_name\" content=\"Patagonia Ambiental\" \/>\n<meta property=\"article:publisher\" content=\"https:\/\/www.facebook.com\/patagonia.ambiental\" \/>\n<meta property=\"article:author\" content=\"https:\/\/www.facebook.com\/share\/1C1V8Gv9BX\/?mibextid=qi2Omg\" \/>\n<meta property=\"article:published_time\" content=\"2015-02-07T21:00:55+00:00\" \/>\n<meta name=\"author\" content=\"Patagonia Ambiental\" \/>\n<meta name=\"twitter:card\" content=\"summary_large_image\" \/>\n<meta name=\"twitter:creator\" content=\"@PatAmb\" \/>\n<meta name=\"twitter:site\" content=\"@PatAmb\" \/>\n<script type=\"application\/ld+json\" class=\"yoast-schema-graph\">{\"@context\":\"https:\\\/\\\/schema.org\",\"@graph\":[{\"@type\":\"Article\",\"@id\":\"https:\\\/\\\/patagoniambiental.com.ar\\\/info\\\/turbiedad-en-el-rio-aguas-rionegrinas-normaliza-paulatinamente-el-suministro\\\/#article\",\"isPartOf\":{\"@id\":\"https:\\\/\\\/patagoniambiental.com.ar\\\/info\\\/turbiedad-en-el-rio-aguas-rionegrinas-normaliza-paulatinamente-el-suministro\\\/\"},\"author\":{\"name\":\"Patagonia Ambiental\",\"@id\":\"https:\\\/\\\/patagoniambiental.com.ar\\\/info\\\/#\\\/schema\\\/person\\\/db12bff64bbcbf6a253710bf0ea37b5d\"},\"headline\":\"Turbiedad en el r\u00edo: Aguas Rionegrinas normaliza paulatinamente el suministro\",\"datePublished\":\"2015-02-07T21:00:55+00:00\",\"mainEntityOfPage\":{\"@id\":\"https:\\\/\\\/patagoniambiental.com.ar\\\/info\\\/turbiedad-en-el-rio-aguas-rionegrinas-normaliza-paulatinamente-el-suministro\\\/\"},\"wordCount\":684,\"publisher\":{\"@id\":\"https:\\\/\\\/patagoniambiental.com.ar\\\/info\\\/#organization\"},\"image\":{\"@id\":\"https:\\\/\\\/patagoniambiental.com.ar\\\/info\\\/turbiedad-en-el-rio-aguas-rionegrinas-normaliza-paulatinamente-el-suministro\\\/#primaryimage\"},\"thumbnailUrl\":\"\",\"keywords\":[\"Aguas rionegrinas\",\"r\u00edo Negro\",\"Roca\",\"turbiedad\"],\"articleSection\":[\"Noticias\",\"Provinciales\",\"R\u00edo Negro\"],\"inLanguage\":\"es\"},{\"@type\":\"WebPage\",\"@id\":\"https:\\\/\\\/patagoniambiental.com.ar\\\/info\\\/turbiedad-en-el-rio-aguas-rionegrinas-normaliza-paulatinamente-el-suministro\\\/\",\"url\":\"https:\\\/\\\/patagoniambiental.com.ar\\\/info\\\/turbiedad-en-el-rio-aguas-rionegrinas-normaliza-paulatinamente-el-suministro\\\/\",\"name\":\"Turbiedad en el r\u00edo: Aguas Rionegrinas normaliza paulatinamente el suministro\",\"isPartOf\":{\"@id\":\"https:\\\/\\\/patagoniambiental.com.ar\\\/info\\\/#website\"},\"primaryImageOfPage\":{\"@id\":\"https:\\\/\\\/patagoniambiental.com.ar\\\/info\\\/turbiedad-en-el-rio-aguas-rionegrinas-normaliza-paulatinamente-el-suministro\\\/#primaryimage\"},\"image\":{\"@id\":\"https:\\\/\\\/patagoniambiental.com.ar\\\/info\\\/turbiedad-en-el-rio-aguas-rionegrinas-normaliza-paulatinamente-el-suministro\\\/#primaryimage\"},\"thumbnailUrl\":\"\",\"datePublished\":\"2015-02-07T21:00:55+00:00\",\"breadcrumb\":{\"@id\":\"https:\\\/\\\/patagoniambiental.com.ar\\\/info\\\/turbiedad-en-el-rio-aguas-rionegrinas-normaliza-paulatinamente-el-suministro\\\/#breadcrumb\"},\"inLanguage\":\"es\",\"potentialAction\":[{\"@type\":\"ReadAction\",\"target\":[\"https:\\\/\\\/patagoniambiental.com.ar\\\/info\\\/turbiedad-en-el-rio-aguas-rionegrinas-normaliza-paulatinamente-el-suministro\\\/\"]}]},{\"@type\":\"ImageObject\",\"inLanguage\":\"es\",\"@id\":\"https:\\\/\\\/patagoniambiental.com.ar\\\/info\\\/turbiedad-en-el-rio-aguas-rionegrinas-normaliza-paulatinamente-el-suministro\\\/#primaryimage\",\"url\":\"\",\"contentUrl\":\"\"},{\"@type\":\"BreadcrumbList\",\"@id\":\"https:\\\/\\\/patagoniambiental.com.ar\\\/info\\\/turbiedad-en-el-rio-aguas-rionegrinas-normaliza-paulatinamente-el-suministro\\\/#breadcrumb\",\"itemListElement\":[{\"@type\":\"ListItem\",\"position\":1,\"name\":\"Inicio\",\"item\":\"https:\\\/\\\/patagoniambiental.com.ar\\\/info\\\/\"},{\"@type\":\"ListItem\",\"position\":2,\"name\":\"Turbiedad en el r\u00edo: Aguas Rionegrinas normaliza paulatinamente el suministro\"}]},{\"@type\":\"WebSite\",\"@id\":\"https:\\\/\\\/patagoniambiental.com.ar\\\/info\\\/#website\",\"url\":\"https:\\\/\\\/patagoniambiental.com.ar\\\/info\\\/\",\"name\":\"Patagonia Ambiental\",\"description\":\"Monitoreo y an\u00e1lisis de la situaci\u00f3n geopol\u00edtica en el mundo y su implicancia en la Patagonia\",\"publisher\":{\"@id\":\"https:\\\/\\\/patagoniambiental.com.ar\\\/info\\\/#organization\"},\"potentialAction\":[{\"@type\":\"SearchAction\",\"target\":{\"@type\":\"EntryPoint\",\"urlTemplate\":\"https:\\\/\\\/patagoniambiental.com.ar\\\/info\\\/?s={search_term_string}\"},\"query-input\":{\"@type\":\"PropertyValueSpecification\",\"valueRequired\":true,\"valueName\":\"search_term_string\"}}],\"inLanguage\":\"es\"},{\"@type\":\"Organization\",\"@id\":\"https:\\\/\\\/patagoniambiental.com.ar\\\/info\\\/#organization\",\"name\":\"Patagonia Ambiental\",\"url\":\"https:\\\/\\\/patagoniambiental.com.ar\\\/info\\\/\",\"logo\":{\"@type\":\"ImageObject\",\"inLanguage\":\"es\",\"@id\":\"https:\\\/\\\/patagoniambiental.com.ar\\\/info\\\/#\\\/schema\\\/logo\\\/image\\\/\",\"url\":\"https:\\\/\\\/patagoniambiental.com.ar\\\/info\\\/wp-content\\\/uploads\\\/2025\\\/05\\\/LOGO-PATAGONIA-AMBIENTAL.png\",\"contentUrl\":\"https:\\\/\\\/patagoniambiental.com.ar\\\/info\\\/wp-content\\\/uploads\\\/2025\\\/05\\\/LOGO-PATAGONIA-AMBIENTAL.png\",\"width\":433,\"height\":250,\"caption\":\"Patagonia Ambiental\"},\"image\":{\"@id\":\"https:\\\/\\\/patagoniambiental.com.ar\\\/info\\\/#\\\/schema\\\/logo\\\/image\\\/\"},\"sameAs\":[\"https:\\\/\\\/www.facebook.com\\\/patagonia.ambiental\",\"https:\\\/\\\/x.com\\\/PatAmb\"]},{\"@type\":\"Person\",\"@id\":\"https:\\\/\\\/patagoniambiental.com.ar\\\/info\\\/#\\\/schema\\\/person\\\/db12bff64bbcbf6a253710bf0ea37b5d\",\"name\":\"Patagonia Ambiental\",\"description\":\"Andr\u00e9s Nievas T\u00e9cnico en manejo ambiental, consultor Ambiental y escritor para medios locales e internacionales sobre temas de geopolitica y medio ambiente.\",\"sameAs\":[\"http:\\\/\\\/www.patagoniambiental.com.ar\",\"https:\\\/\\\/www.facebook.com\\\/share\\\/1C1V8Gv9BX\\\/?mibextid=qi2Omg\",\"@patagoniambiental\",\"https:\\\/\\\/youtube.com\\\/@patagoniaambiental2023?si=BLt58t0wuXquxlYZ\"]}]}<\/script>\n<!-- \/ Yoast SEO Premium plugin. -->","yoast_head_json":{"title":"Turbiedad en el r\u00edo: Aguas Rionegrinas normaliza paulatinamente el suministro","robots":{"index":"index","follow":"follow","max-snippet":"max-snippet:-1","max-image-preview":"max-image-preview:large","max-video-preview":"max-video-preview:-1"},"canonical":"https:\/\/patagoniambiental.com.ar\/info\/turbiedad-en-el-rio-aguas-rionegrinas-normaliza-paulatinamente-el-suministro\/","og_locale":"es_ES","og_type":"article","og_title":"Turbiedad en el r\u00edo: Aguas Rionegrinas normaliza paulatinamente el suministro","og_description":"Viedma &#8211; La empresa estatal Aguas Rionegrinas contin\u00faa trabajando contra la turbiedad\u00a0 normalizando el servicio en General Roca.","og_url":"https:\/\/patagoniambiental.com.ar\/info\/turbiedad-en-el-rio-aguas-rionegrinas-normaliza-paulatinamente-el-suministro\/","og_site_name":"Patagonia Ambiental","article_publisher":"https:\/\/www.facebook.com\/patagonia.ambiental","article_author":"https:\/\/www.facebook.com\/share\/1C1V8Gv9BX\/?mibextid=qi2Omg","article_published_time":"2015-02-07T21:00:55+00:00","author":"Patagonia Ambiental","twitter_card":"summary_large_image","twitter_creator":"@PatAmb","twitter_site":"@PatAmb","schema":{"@context":"https:\/\/schema.org","@graph":[{"@type":"Article","@id":"https:\/\/patagoniambiental.com.ar\/info\/turbiedad-en-el-rio-aguas-rionegrinas-normaliza-paulatinamente-el-suministro\/#article","isPartOf":{"@id":"https:\/\/patagoniambiental.com.ar\/info\/turbiedad-en-el-rio-aguas-rionegrinas-normaliza-paulatinamente-el-suministro\/"},"author":{"name":"Patagonia Ambiental","@id":"https:\/\/patagoniambiental.com.ar\/info\/#\/schema\/person\/db12bff64bbcbf6a253710bf0ea37b5d"},"headline":"Turbiedad en el r\u00edo: Aguas Rionegrinas normaliza paulatinamente el suministro","datePublished":"2015-02-07T21:00:55+00:00","mainEntityOfPage":{"@id":"https:\/\/patagoniambiental.com.ar\/info\/turbiedad-en-el-rio-aguas-rionegrinas-normaliza-paulatinamente-el-suministro\/"},"wordCount":684,"publisher":{"@id":"https:\/\/patagoniambiental.com.ar\/info\/#organization"},"image":{"@id":"https:\/\/patagoniambiental.com.ar\/info\/turbiedad-en-el-rio-aguas-rionegrinas-normaliza-paulatinamente-el-suministro\/#primaryimage"},"thumbnailUrl":"","keywords":["Aguas rionegrinas","r\u00edo Negro","Roca","turbiedad"],"articleSection":["Noticias","Provinciales","R\u00edo Negro"],"inLanguage":"es"},{"@type":"WebPage","@id":"https:\/\/patagoniambiental.com.ar\/info\/turbiedad-en-el-rio-aguas-rionegrinas-normaliza-paulatinamente-el-suministro\/","url":"https:\/\/patagoniambiental.com.ar\/info\/turbiedad-en-el-rio-aguas-rionegrinas-normaliza-paulatinamente-el-suministro\/","name":"Turbiedad en el r\u00edo: Aguas Rionegrinas normaliza paulatinamente el suministro","isPartOf":{"@id":"https:\/\/patagoniambiental.com.ar\/info\/#website"},"primaryImageOfPage":{"@id":"https:\/\/patagoniambiental.com.ar\/info\/turbiedad-en-el-rio-aguas-rionegrinas-normaliza-paulatinamente-el-suministro\/#primaryimage"},"image":{"@id":"https:\/\/patagoniambiental.com.ar\/info\/turbiedad-en-el-rio-aguas-rionegrinas-normaliza-paulatinamente-el-suministro\/#primaryimage"},"thumbnailUrl":"","datePublished":"2015-02-07T21:00:55+00:00","breadcrumb":{"@id":"https:\/\/patagoniambiental.com.ar\/info\/turbiedad-en-el-rio-aguas-rionegrinas-normaliza-paulatinamente-el-suministro\/#breadcrumb"},"inLanguage":"es","potentialAction":[{"@type":"ReadAction","target":["https:\/\/patagoniambiental.com.ar\/info\/turbiedad-en-el-rio-aguas-rionegrinas-normaliza-paulatinamente-el-suministro\/"]}]},{"@type":"ImageObject","inLanguage":"es","@id":"https:\/\/patagoniambiental.com.ar\/info\/turbiedad-en-el-rio-aguas-rionegrinas-normaliza-paulatinamente-el-suministro\/#primaryimage","url":"","contentUrl":""},{"@type":"BreadcrumbList","@id":"https:\/\/patagoniambiental.com.ar\/info\/turbiedad-en-el-rio-aguas-rionegrinas-normaliza-paulatinamente-el-suministro\/#breadcrumb","itemListElement":[{"@type":"ListItem","position":1,"name":"Inicio","item":"https:\/\/patagoniambiental.com.ar\/info\/"},{"@type":"ListItem","position":2,"name":"Turbiedad en el r\u00edo: Aguas Rionegrinas normaliza paulatinamente el suministro"}]},{"@type":"WebSite","@id":"https:\/\/patagoniambiental.com.ar\/info\/#website","url":"https:\/\/patagoniambiental.com.ar\/info\/","name":"Patagonia Ambiental","description":"Monitoreo y an\u00e1lisis de la situaci\u00f3n geopol\u00edtica en el mundo y su implicancia en la Patagonia","publisher":{"@id":"https:\/\/patagoniambiental.com.ar\/info\/#organization"},"potentialAction":[{"@type":"SearchAction","target":{"@type":"EntryPoint","urlTemplate":"https:\/\/patagoniambiental.com.ar\/info\/?s={search_term_string}"},"query-input":{"@type":"PropertyValueSpecification","valueRequired":true,"valueName":"search_term_string"}}],"inLanguage":"es"},{"@type":"Organization","@id":"https:\/\/patagoniambiental.com.ar\/info\/#organization","name":"Patagonia Ambiental","url":"https:\/\/patagoniambiental.com.ar\/info\/","logo":{"@type":"ImageObject","inLanguage":"es","@id":"https:\/\/patagoniambiental.com.ar\/info\/#\/schema\/logo\/image\/","url":"https:\/\/patagoniambiental.com.ar\/info\/wp-content\/uploads\/2025\/05\/LOGO-PATAGONIA-AMBIENTAL.png","contentUrl":"https:\/\/patagoniambiental.com.ar\/info\/wp-content\/uploads\/2025\/05\/LOGO-PATAGONIA-AMBIENTAL.png","width":433,"height":250,"caption":"Patagonia Ambiental"},"image":{"@id":"https:\/\/patagoniambiental.com.ar\/info\/#\/schema\/logo\/image\/"},"sameAs":["https:\/\/www.facebook.com\/patagonia.ambiental","https:\/\/x.com\/PatAmb"]},{"@type":"Person","@id":"https:\/\/patagoniambiental.com.ar\/info\/#\/schema\/person\/db12bff64bbcbf6a253710bf0ea37b5d","name":"Patagonia Ambiental","description":"Andr\u00e9s Nievas T\u00e9cnico en manejo ambiental, consultor Ambiental y escritor para medios locales e internacionales sobre temas de geopolitica y medio ambiente.","sameAs":["http:\/\/www.patagoniambiental.com.ar","https:\/\/www.facebook.com\/share\/1C1V8Gv9BX\/?mibextid=qi2Omg","@patagoniambiental","https:\/\/youtube.com\/@patagoniaambiental2023?si=BLt58t0wuXquxlYZ"]}]}},"_links":{"self":[{"href":"https:\/\/patagoniambiental.com.ar\/info\/wp-json\/wp\/v2\/posts\/7934","targetHints":{"allow":["GET"]}}],"collection":[{"href":"https:\/\/patagoniambiental.com.ar\/info\/wp-json\/wp\/v2\/posts"}],"about":[{"href":"https:\/\/patagoniambiental.com.ar\/info\/wp-json\/wp\/v2\/types\/post"}],"author":[{"embeddable":true,"href":"https:\/\/patagoniambiental.com.ar\/info\/wp-json\/wp\/v2\/users\/2"}],"replies":[{"embeddable":true,"href":"https:\/\/patagoniambiental.com.ar\/info\/wp-json\/wp\/v2\/comments?post=7934"}],"version-history":[{"count":0,"href":"https:\/\/patagoniambiental.com.ar\/info\/wp-json\/wp\/v2\/posts\/7934\/revisions"}],"wp:featuredmedia":[{"embeddable":true,"href":"https:\/\/patagoniambiental.com.ar\/info\/wp-json\/"}],"wp:attachment":[{"href":"https:\/\/patagoniambiental.com.ar\/info\/wp-json\/wp\/v2\/media?parent=7934"}],"wp:term":[{"taxonomy":"category","embeddable":true,"href":"https:\/\/patagoniambiental.com.ar\/info\/wp-json\/wp\/v2\/categories?post=7934"},{"taxonomy":"post_tag","embeddable":true,"href":"https:\/\/patagoniambiental.com.ar\/info\/wp-json\/wp\/v2\/tags?post=7934"}],"curies":[{"name":"wp","href":"https:\/\/api.w.org\/{rel}","templated":true}]}}