{"id":79352,"date":"2024-01-11T16:34:06","date_gmt":"2024-01-11T19:34:06","guid":{"rendered":"https:\/\/patagoniambiental.com.ar\/info\/?p=79352"},"modified":"2024-08-15T12:23:28","modified_gmt":"2024-08-15T15:23:28","slug":"provincia-llevo-tranquilidad-a-los-productores-del-valle-por-los-niveles-de-agua-del-rio-chubut","status":"publish","type":"post","link":"https:\/\/patagoniambiental.com.ar\/info\/provincia-llevo-tranquilidad-a-los-productores-del-valle-por-los-niveles-de-agua-del-rio-chubut\/","title":{"rendered":"Provincia llev\u00f3 tranquilidad a los productores del Valle por los niveles de agua del r\u00edo Chubut"},"content":{"rendered":"\n<!--more-->\n\n\n\n<p>Desde el Instituto Provincial del Agua trabajan con intendentes de la regi\u00f3n para planificar las pr\u00f3ximas acciones relacionadas con la limpieza del R\u00edo Chubut y el estado del embalse del Dique Florentino Ameghino.<br><\/p>\n\n\n\n<p>El presidente del Instituto Provincial del Agua, Esteban Parra mantuvo recientemente una reuni\u00f3n de trabajo en el Concejo Deliberante de Gaiman, de la que participaron tambi\u00e9n el intendente de la localidad, Dar\u00edo James, y el titular del municipio de Rawson, Dami\u00e1n Biss.<br>Adem\u00e1s, estuvieron presentes el subsecretario de Protecci\u00f3n Civil y Gesti\u00f3n del Riesgo, Eduardo P\u00e9rez; el secretario de Servicios P\u00fablicos y Ambiente de Trelew, Sergio Hudson; el secretario de Obras P\u00fablicas de 28 de Julio, Gonzalo Conrad; y el concejal de Dolavon, Leonardo Reuque.<\/p>\n\n\n\n<div style=\"height:100px\" aria-hidden=\"true\" class=\"wp-block-spacer\"><\/div>\n\n\n\n<h2 class=\"wp-block-heading\" id=\"h-situacion-del-embalse-del-dique-ameghino\">SITUACION DEL EMBALSE DEL DIQUE AMEGHINO<\/h2>\n\n\n\n<p><br>Durante el encuentro, el titular del Instituto Provincial del Agua les llev\u00f3 tranquilidad a los intendentes del Valle, respecto a las preocupaciones planteadas por \u00e9stos con relaci\u00f3n al nivel del Dique Ameghino, explicando que \u00abel 20 de diciembre de 2023 el Dique lleg\u00f3 a su cota m\u00e1xima de llenado que fue de 163,70 metros, y a partir de entonces se comenz\u00f3 con un proceso de desembalse, por lo que la cantidad de agua que ingresa actualmente es menor a la que sale\u00bb, y a\u00f1adi\u00f3 que \u00abhoy por hoy est\u00e1n ingresando 30 metros c\u00fabicos por segundo, y se est\u00e1n erogando 73 metros c\u00fabicos por segundo\u00bb.<br>\u00abEl objetivo es llegar en abril a una cota de 154.9 metros, por lo que hay que bajar el embalse aproximadamente unos 8 metros y medio\u00bb, explic\u00f3 Parra, afirmando que \u00abestamos en un proceso normal de desembalse: no hay grandes alertas\u00bb.<\/p>\n\n\n\n<div style=\"height:100px\" aria-hidden=\"true\" class=\"wp-block-spacer\"><\/div>\n\n\n\n<h2 class=\"wp-block-heading\" id=\"h-limpieza-del-rio\">LIMPIEZA DEL RIO<\/h2>\n\n\n\n<p><br>Por otra parte, desde el Instituto Provincial del Agua detallaron que los actuales caudales de agua obligan a comenzar un proceso de limpieza del R\u00edo Chubut, y detallaron la importancia de poner en marcha un plan de mantenimiento junto a los municipios, la Compa\u00f1\u00eda de Riego y los vecinos.<br>En tal sentido, Parra explic\u00f3 que para el abordaje prioritario de las situaciones m\u00e1s delicadas se trabajar\u00e1 en conjunto con la Compa\u00f1\u00eda de Riego, que es quien posee la maquinaria adecuada y los equipos espec\u00edficos para poder actuar en caso de alguna emergencia.<br>De igual manera, refiri\u00f3 el presidente del Instituto, tambi\u00e9n se iniciar\u00e1 un trabajo con los municipios y los vecinos sobre delimitaci\u00f3n de la l\u00ednea de ribera del r\u00edo, con el objetivo de poder establecer con claridad los l\u00edmites de lo p\u00fablico y lo privado, principalmente en las m\u00e1rgenes del r\u00edo.<br>En este sentido Parra manifest\u00f3 que \u00aben los pr\u00f3ximos a\u00f1os debemos hacer un trabajo de inversi\u00f3n y gesti\u00f3n constante, tanto para la limpieza como para el mantenimiento, que permita as\u00ed un drenaje \u00f3ptimo de nuestro r\u00edo\u00bb.<\/p>\n\n\n\n<p><br>\u00a0Fuente: www.elchubut.com.ar<\/p>\n\n\n\n<p><\/p>\n","protected":false},"excerpt":{"rendered":"","protected":false},"author":2,"featured_media":79353,"comment_status":"open","ping_status":"open","sticky":false,"template":"","format":"standard","meta":{"site-sidebar-layout":"default","site-content-layout":"","ast-site-content-layout":"default","site-content-style":"default","site-sidebar-style":"default","ast-global-header-display":"","ast-banner-title-visibility":"","ast-main-header-display":"","ast-hfb-above-header-display":"","ast-hfb-below-header-display":"","ast-hfb-mobile-header-display":"","site-post-title":"","ast-breadcrumbs-content":"","ast-featured-img":"","footer-sml-layout":"","ast-disable-related-posts":"","theme-transparent-header-meta":"","adv-header-id-meta":"","stick-header-meta":"","header-above-stick-meta":"","header-main-stick-meta":"","header-below-stick-meta":"","astra-migrate-meta-layouts":"default","ast-page-background-enabled":"default","ast-page-background-meta":{"desktop":{"background-color":"var(--ast-global-color-5)","background-image":"","background-repeat":"repeat","background-position":"center center","background-size":"auto","background-attachment":"scroll","background-type":"","background-media":"","overlay-type":"","overlay-color":"","overlay-opacity":"","overlay-gradient":""},"tablet":{"background-color":"","background-image":"","background-repeat":"repeat","background-position":"center center","background-size":"auto","background-attachment":"scroll","background-type":"","background-media":"","overlay-type":"","overlay-color":"","overlay-opacity":"","overlay-gradient":""},"mobile":{"background-color":"","background-image":"","background-repeat":"repeat","background-position":"center center","background-size":"auto","background-attachment":"scroll","background-type":"","background-media":"","overlay-type":"","overlay-color":"","overlay-opacity":"","overlay-gradient":""}},"ast-content-background-meta":{"desktop":{"background-color":"var(--ast-global-color-4)","background-image":"","background-repeat":"repeat","background-position":"center center","background-size":"auto","background-attachment":"scroll","background-type":"","background-media":"","overlay-type":"","overlay-color":"","overlay-opacity":"","overlay-gradient":""},"tablet":{"background-color":"var(--ast-global-color-4)","background-image":"","background-repeat":"repeat","background-position":"center center","background-size":"auto","background-attachment":"scroll","background-type":"","background-media":"","overlay-type":"","overlay-color":"","overlay-opacity":"","overlay-gradient":""},"mobile":{"background-color":"var(--ast-global-color-4)","background-image":"","background-repeat":"repeat","background-position":"center center","background-size":"auto","background-attachment":"scroll","background-type":"","background-media":"","overlay-type":"","overlay-color":"","overlay-opacity":"","overlay-gradient":""}},"footnotes":""},"categories":[13],"tags":[],"class_list":["post-79352","post","type-post","status-publish","format-standard","has-post-thumbnail","hentry","category-provinciales"],"yoast_head":"<!-- This site is optimized with the Yoast SEO Premium plugin v23.0 (Yoast SEO v27.4) - https:\/\/yoast.com\/product\/yoast-seo-premium-wordpress\/ -->\n<title>Provincia llev\u00f3 tranquilidad a los productores del Valle por los niveles de agua del r\u00edo Chubut<\/title>\n<meta name=\"robots\" content=\"index, follow, max-snippet:-1, max-image-preview:large, max-video-preview:-1\" \/>\n<link rel=\"canonical\" href=\"https:\/\/patagoniambiental.com.ar\/info\/provincia-llevo-tranquilidad-a-los-productores-del-valle-por-los-niveles-de-agua-del-rio-chubut\/\" \/>\n<meta property=\"og:locale\" content=\"es_ES\" \/>\n<meta property=\"og:type\" content=\"article\" \/>\n<meta property=\"og:title\" content=\"Provincia llev\u00f3 tranquilidad a los productores del Valle por los niveles de agua del r\u00edo Chubut\" \/>\n<meta property=\"og:url\" content=\"https:\/\/patagoniambiental.com.ar\/info\/provincia-llevo-tranquilidad-a-los-productores-del-valle-por-los-niveles-de-agua-del-rio-chubut\/\" \/>\n<meta property=\"og:site_name\" content=\"Patagonia Ambiental\" \/>\n<meta property=\"article:publisher\" content=\"https:\/\/www.facebook.com\/patagonia.ambiental\" \/>\n<meta property=\"article:author\" content=\"https:\/\/www.facebook.com\/share\/1C1V8Gv9BX\/?mibextid=qi2Omg\" \/>\n<meta property=\"article:published_time\" content=\"2024-01-11T19:34:06+00:00\" \/>\n<meta property=\"article:modified_time\" content=\"2024-08-15T15:23:28+00:00\" \/>\n<meta property=\"og:image\" content=\"https:\/\/patagoniambiental.com.ar\/info\/wp-content\/uploads\/2024\/01\/Sin-titulo.png\" \/>\n\t<meta property=\"og:image:width\" content=\"838\" \/>\n\t<meta property=\"og:image:height\" content=\"480\" \/>\n\t<meta property=\"og:image:type\" content=\"image\/png\" \/>\n<meta name=\"author\" content=\"Patagonia Ambiental\" \/>\n<meta name=\"twitter:card\" content=\"summary_large_image\" \/>\n<meta name=\"twitter:creator\" content=\"@PatAmb\" \/>\n<meta name=\"twitter:site\" content=\"@PatAmb\" \/>\n<script type=\"application\/ld+json\" class=\"yoast-schema-graph\">{\"@context\":\"https:\\\/\\\/schema.org\",\"@graph\":[{\"@type\":\"Article\",\"@id\":\"https:\\\/\\\/patagoniambiental.com.ar\\\/info\\\/provincia-llevo-tranquilidad-a-los-productores-del-valle-por-los-niveles-de-agua-del-rio-chubut\\\/#article\",\"isPartOf\":{\"@id\":\"https:\\\/\\\/patagoniambiental.com.ar\\\/info\\\/provincia-llevo-tranquilidad-a-los-productores-del-valle-por-los-niveles-de-agua-del-rio-chubut\\\/\"},\"author\":{\"name\":\"Patagonia Ambiental\",\"@id\":\"https:\\\/\\\/patagoniambiental.com.ar\\\/info\\\/#\\\/schema\\\/person\\\/db12bff64bbcbf6a253710bf0ea37b5d\"},\"headline\":\"Provincia llev\u00f3 tranquilidad a los productores del Valle por los niveles de agua del r\u00edo Chubut\",\"datePublished\":\"2024-01-11T19:34:06+00:00\",\"dateModified\":\"2024-08-15T15:23:28+00:00\",\"mainEntityOfPage\":{\"@id\":\"https:\\\/\\\/patagoniambiental.com.ar\\\/info\\\/provincia-llevo-tranquilidad-a-los-productores-del-valle-por-los-niveles-de-agua-del-rio-chubut\\\/\"},\"wordCount\":502,\"commentCount\":0,\"publisher\":{\"@id\":\"https:\\\/\\\/patagoniambiental.com.ar\\\/info\\\/#organization\"},\"image\":{\"@id\":\"https:\\\/\\\/patagoniambiental.com.ar\\\/info\\\/provincia-llevo-tranquilidad-a-los-productores-del-valle-por-los-niveles-de-agua-del-rio-chubut\\\/#primaryimage\"},\"thumbnailUrl\":\"https:\\\/\\\/patagoniambiental.com.ar\\\/info\\\/wp-content\\\/uploads\\\/2024\\\/01\\\/Sin-titulo.png\",\"articleSection\":[\"Provinciales\"],\"inLanguage\":\"es\",\"potentialAction\":[{\"@type\":\"CommentAction\",\"name\":\"Comment\",\"target\":[\"https:\\\/\\\/patagoniambiental.com.ar\\\/info\\\/provincia-llevo-tranquilidad-a-los-productores-del-valle-por-los-niveles-de-agua-del-rio-chubut\\\/#respond\"]}]},{\"@type\":\"WebPage\",\"@id\":\"https:\\\/\\\/patagoniambiental.com.ar\\\/info\\\/provincia-llevo-tranquilidad-a-los-productores-del-valle-por-los-niveles-de-agua-del-rio-chubut\\\/\",\"url\":\"https:\\\/\\\/patagoniambiental.com.ar\\\/info\\\/provincia-llevo-tranquilidad-a-los-productores-del-valle-por-los-niveles-de-agua-del-rio-chubut\\\/\",\"name\":\"Provincia llev\u00f3 tranquilidad a los productores del Valle por los niveles de agua del r\u00edo Chubut\",\"isPartOf\":{\"@id\":\"https:\\\/\\\/patagoniambiental.com.ar\\\/info\\\/#website\"},\"primaryImageOfPage\":{\"@id\":\"https:\\\/\\\/patagoniambiental.com.ar\\\/info\\\/provincia-llevo-tranquilidad-a-los-productores-del-valle-por-los-niveles-de-agua-del-rio-chubut\\\/#primaryimage\"},\"image\":{\"@id\":\"https:\\\/\\\/patagoniambiental.com.ar\\\/info\\\/provincia-llevo-tranquilidad-a-los-productores-del-valle-por-los-niveles-de-agua-del-rio-chubut\\\/#primaryimage\"},\"thumbnailUrl\":\"https:\\\/\\\/patagoniambiental.com.ar\\\/info\\\/wp-content\\\/uploads\\\/2024\\\/01\\\/Sin-titulo.png\",\"datePublished\":\"2024-01-11T19:34:06+00:00\",\"dateModified\":\"2024-08-15T15:23:28+00:00\",\"breadcrumb\":{\"@id\":\"https:\\\/\\\/patagoniambiental.com.ar\\\/info\\\/provincia-llevo-tranquilidad-a-los-productores-del-valle-por-los-niveles-de-agua-del-rio-chubut\\\/#breadcrumb\"},\"inLanguage\":\"es\",\"potentialAction\":[{\"@type\":\"ReadAction\",\"target\":[\"https:\\\/\\\/patagoniambiental.com.ar\\\/info\\\/provincia-llevo-tranquilidad-a-los-productores-del-valle-por-los-niveles-de-agua-del-rio-chubut\\\/\"]}]},{\"@type\":\"ImageObject\",\"inLanguage\":\"es\",\"@id\":\"https:\\\/\\\/patagoniambiental.com.ar\\\/info\\\/provincia-llevo-tranquilidad-a-los-productores-del-valle-por-los-niveles-de-agua-del-rio-chubut\\\/#primaryimage\",\"url\":\"https:\\\/\\\/patagoniambiental.com.ar\\\/info\\\/wp-content\\\/uploads\\\/2024\\\/01\\\/Sin-titulo.png\",\"contentUrl\":\"https:\\\/\\\/patagoniambiental.com.ar\\\/info\\\/wp-content\\\/uploads\\\/2024\\\/01\\\/Sin-titulo.png\",\"width\":838,\"height\":480},{\"@type\":\"BreadcrumbList\",\"@id\":\"https:\\\/\\\/patagoniambiental.com.ar\\\/info\\\/provincia-llevo-tranquilidad-a-los-productores-del-valle-por-los-niveles-de-agua-del-rio-chubut\\\/#breadcrumb\",\"itemListElement\":[{\"@type\":\"ListItem\",\"position\":1,\"name\":\"Inicio\",\"item\":\"https:\\\/\\\/patagoniambiental.com.ar\\\/info\\\/\"},{\"@type\":\"ListItem\",\"position\":2,\"name\":\"Provincia llev\u00f3 tranquilidad a los productores del Valle por los niveles de agua del r\u00edo Chubut\"}]},{\"@type\":\"WebSite\",\"@id\":\"https:\\\/\\\/patagoniambiental.com.ar\\\/info\\\/#website\",\"url\":\"https:\\\/\\\/patagoniambiental.com.ar\\\/info\\\/\",\"name\":\"Patagonia Ambiental\",\"description\":\"Monitoreo y an\u00e1lisis de la situaci\u00f3n geopol\u00edtica en el mundo y su implicancia en la Patagonia\",\"publisher\":{\"@id\":\"https:\\\/\\\/patagoniambiental.com.ar\\\/info\\\/#organization\"},\"potentialAction\":[{\"@type\":\"SearchAction\",\"target\":{\"@type\":\"EntryPoint\",\"urlTemplate\":\"https:\\\/\\\/patagoniambiental.com.ar\\\/info\\\/?s={search_term_string}\"},\"query-input\":{\"@type\":\"PropertyValueSpecification\",\"valueRequired\":true,\"valueName\":\"search_term_string\"}}],\"inLanguage\":\"es\"},{\"@type\":\"Organization\",\"@id\":\"https:\\\/\\\/patagoniambiental.com.ar\\\/info\\\/#organization\",\"name\":\"Patagonia Ambiental\",\"url\":\"https:\\\/\\\/patagoniambiental.com.ar\\\/info\\\/\",\"logo\":{\"@type\":\"ImageObject\",\"inLanguage\":\"es\",\"@id\":\"https:\\\/\\\/patagoniambiental.com.ar\\\/info\\\/#\\\/schema\\\/logo\\\/image\\\/\",\"url\":\"https:\\\/\\\/patagoniambiental.com.ar\\\/info\\\/wp-content\\\/uploads\\\/2025\\\/05\\\/LOGO-PATAGONIA-AMBIENTAL.png\",\"contentUrl\":\"https:\\\/\\\/patagoniambiental.com.ar\\\/info\\\/wp-content\\\/uploads\\\/2025\\\/05\\\/LOGO-PATAGONIA-AMBIENTAL.png\",\"width\":433,\"height\":250,\"caption\":\"Patagonia Ambiental\"},\"image\":{\"@id\":\"https:\\\/\\\/patagoniambiental.com.ar\\\/info\\\/#\\\/schema\\\/logo\\\/image\\\/\"},\"sameAs\":[\"https:\\\/\\\/www.facebook.com\\\/patagonia.ambiental\",\"https:\\\/\\\/x.com\\\/PatAmb\"]},{\"@type\":\"Person\",\"@id\":\"https:\\\/\\\/patagoniambiental.com.ar\\\/info\\\/#\\\/schema\\\/person\\\/db12bff64bbcbf6a253710bf0ea37b5d\",\"name\":\"Patagonia Ambiental\",\"description\":\"Andr\u00e9s Nievas T\u00e9cnico en manejo ambiental, consultor Ambiental y escritor para medios locales e internacionales sobre temas de geopolitica y medio ambiente.\",\"sameAs\":[\"http:\\\/\\\/www.patagoniambiental.com.ar\",\"https:\\\/\\\/www.facebook.com\\\/share\\\/1C1V8Gv9BX\\\/?mibextid=qi2Omg\",\"@patagoniambiental\",\"https:\\\/\\\/youtube.com\\\/@patagoniaambiental2023?si=BLt58t0wuXquxlYZ\"]}]}<\/script>\n<!-- \/ Yoast SEO Premium plugin. -->","yoast_head_json":{"title":"Provincia llev\u00f3 tranquilidad a los productores del Valle por los niveles de agua del r\u00edo Chubut","robots":{"index":"index","follow":"follow","max-snippet":"max-snippet:-1","max-image-preview":"max-image-preview:large","max-video-preview":"max-video-preview:-1"},"canonical":"https:\/\/patagoniambiental.com.ar\/info\/provincia-llevo-tranquilidad-a-los-productores-del-valle-por-los-niveles-de-agua-del-rio-chubut\/","og_locale":"es_ES","og_type":"article","og_title":"Provincia llev\u00f3 tranquilidad a los productores del Valle por los niveles de agua del r\u00edo Chubut","og_url":"https:\/\/patagoniambiental.com.ar\/info\/provincia-llevo-tranquilidad-a-los-productores-del-valle-por-los-niveles-de-agua-del-rio-chubut\/","og_site_name":"Patagonia Ambiental","article_publisher":"https:\/\/www.facebook.com\/patagonia.ambiental","article_author":"https:\/\/www.facebook.com\/share\/1C1V8Gv9BX\/?mibextid=qi2Omg","article_published_time":"2024-01-11T19:34:06+00:00","article_modified_time":"2024-08-15T15:23:28+00:00","og_image":[{"width":838,"height":480,"url":"https:\/\/patagoniambiental.com.ar\/info\/wp-content\/uploads\/2024\/01\/Sin-titulo.png","type":"image\/png"}],"author":"Patagonia Ambiental","twitter_card":"summary_large_image","twitter_creator":"@PatAmb","twitter_site":"@PatAmb","schema":{"@context":"https:\/\/schema.org","@graph":[{"@type":"Article","@id":"https:\/\/patagoniambiental.com.ar\/info\/provincia-llevo-tranquilidad-a-los-productores-del-valle-por-los-niveles-de-agua-del-rio-chubut\/#article","isPartOf":{"@id":"https:\/\/patagoniambiental.com.ar\/info\/provincia-llevo-tranquilidad-a-los-productores-del-valle-por-los-niveles-de-agua-del-rio-chubut\/"},"author":{"name":"Patagonia Ambiental","@id":"https:\/\/patagoniambiental.com.ar\/info\/#\/schema\/person\/db12bff64bbcbf6a253710bf0ea37b5d"},"headline":"Provincia llev\u00f3 tranquilidad a los productores del Valle por los niveles de agua del r\u00edo Chubut","datePublished":"2024-01-11T19:34:06+00:00","dateModified":"2024-08-15T15:23:28+00:00","mainEntityOfPage":{"@id":"https:\/\/patagoniambiental.com.ar\/info\/provincia-llevo-tranquilidad-a-los-productores-del-valle-por-los-niveles-de-agua-del-rio-chubut\/"},"wordCount":502,"commentCount":0,"publisher":{"@id":"https:\/\/patagoniambiental.com.ar\/info\/#organization"},"image":{"@id":"https:\/\/patagoniambiental.com.ar\/info\/provincia-llevo-tranquilidad-a-los-productores-del-valle-por-los-niveles-de-agua-del-rio-chubut\/#primaryimage"},"thumbnailUrl":"https:\/\/patagoniambiental.com.ar\/info\/wp-content\/uploads\/2024\/01\/Sin-titulo.png","articleSection":["Provinciales"],"inLanguage":"es","potentialAction":[{"@type":"CommentAction","name":"Comment","target":["https:\/\/patagoniambiental.com.ar\/info\/provincia-llevo-tranquilidad-a-los-productores-del-valle-por-los-niveles-de-agua-del-rio-chubut\/#respond"]}]},{"@type":"WebPage","@id":"https:\/\/patagoniambiental.com.ar\/info\/provincia-llevo-tranquilidad-a-los-productores-del-valle-por-los-niveles-de-agua-del-rio-chubut\/","url":"https:\/\/patagoniambiental.com.ar\/info\/provincia-llevo-tranquilidad-a-los-productores-del-valle-por-los-niveles-de-agua-del-rio-chubut\/","name":"Provincia llev\u00f3 tranquilidad a los productores del Valle por los niveles de agua del r\u00edo Chubut","isPartOf":{"@id":"https:\/\/patagoniambiental.com.ar\/info\/#website"},"primaryImageOfPage":{"@id":"https:\/\/patagoniambiental.com.ar\/info\/provincia-llevo-tranquilidad-a-los-productores-del-valle-por-los-niveles-de-agua-del-rio-chubut\/#primaryimage"},"image":{"@id":"https:\/\/patagoniambiental.com.ar\/info\/provincia-llevo-tranquilidad-a-los-productores-del-valle-por-los-niveles-de-agua-del-rio-chubut\/#primaryimage"},"thumbnailUrl":"https:\/\/patagoniambiental.com.ar\/info\/wp-content\/uploads\/2024\/01\/Sin-titulo.png","datePublished":"2024-01-11T19:34:06+00:00","dateModified":"2024-08-15T15:23:28+00:00","breadcrumb":{"@id":"https:\/\/patagoniambiental.com.ar\/info\/provincia-llevo-tranquilidad-a-los-productores-del-valle-por-los-niveles-de-agua-del-rio-chubut\/#breadcrumb"},"inLanguage":"es","potentialAction":[{"@type":"ReadAction","target":["https:\/\/patagoniambiental.com.ar\/info\/provincia-llevo-tranquilidad-a-los-productores-del-valle-por-los-niveles-de-agua-del-rio-chubut\/"]}]},{"@type":"ImageObject","inLanguage":"es","@id":"https:\/\/patagoniambiental.com.ar\/info\/provincia-llevo-tranquilidad-a-los-productores-del-valle-por-los-niveles-de-agua-del-rio-chubut\/#primaryimage","url":"https:\/\/patagoniambiental.com.ar\/info\/wp-content\/uploads\/2024\/01\/Sin-titulo.png","contentUrl":"https:\/\/patagoniambiental.com.ar\/info\/wp-content\/uploads\/2024\/01\/Sin-titulo.png","width":838,"height":480},{"@type":"BreadcrumbList","@id":"https:\/\/patagoniambiental.com.ar\/info\/provincia-llevo-tranquilidad-a-los-productores-del-valle-por-los-niveles-de-agua-del-rio-chubut\/#breadcrumb","itemListElement":[{"@type":"ListItem","position":1,"name":"Inicio","item":"https:\/\/patagoniambiental.com.ar\/info\/"},{"@type":"ListItem","position":2,"name":"Provincia llev\u00f3 tranquilidad a los productores del Valle por los niveles de agua del r\u00edo Chubut"}]},{"@type":"WebSite","@id":"https:\/\/patagoniambiental.com.ar\/info\/#website","url":"https:\/\/patagoniambiental.com.ar\/info\/","name":"Patagonia Ambiental","description":"Monitoreo y an\u00e1lisis de la situaci\u00f3n geopol\u00edtica en el mundo y su implicancia en la Patagonia","publisher":{"@id":"https:\/\/patagoniambiental.com.ar\/info\/#organization"},"potentialAction":[{"@type":"SearchAction","target":{"@type":"EntryPoint","urlTemplate":"https:\/\/patagoniambiental.com.ar\/info\/?s={search_term_string}"},"query-input":{"@type":"PropertyValueSpecification","valueRequired":true,"valueName":"search_term_string"}}],"inLanguage":"es"},{"@type":"Organization","@id":"https:\/\/patagoniambiental.com.ar\/info\/#organization","name":"Patagonia Ambiental","url":"https:\/\/patagoniambiental.com.ar\/info\/","logo":{"@type":"ImageObject","inLanguage":"es","@id":"https:\/\/patagoniambiental.com.ar\/info\/#\/schema\/logo\/image\/","url":"https:\/\/patagoniambiental.com.ar\/info\/wp-content\/uploads\/2025\/05\/LOGO-PATAGONIA-AMBIENTAL.png","contentUrl":"https:\/\/patagoniambiental.com.ar\/info\/wp-content\/uploads\/2025\/05\/LOGO-PATAGONIA-AMBIENTAL.png","width":433,"height":250,"caption":"Patagonia Ambiental"},"image":{"@id":"https:\/\/patagoniambiental.com.ar\/info\/#\/schema\/logo\/image\/"},"sameAs":["https:\/\/www.facebook.com\/patagonia.ambiental","https:\/\/x.com\/PatAmb"]},{"@type":"Person","@id":"https:\/\/patagoniambiental.com.ar\/info\/#\/schema\/person\/db12bff64bbcbf6a253710bf0ea37b5d","name":"Patagonia Ambiental","description":"Andr\u00e9s Nievas T\u00e9cnico en manejo ambiental, consultor Ambiental y escritor para medios locales e internacionales sobre temas de geopolitica y medio ambiente.","sameAs":["http:\/\/www.patagoniambiental.com.ar","https:\/\/www.facebook.com\/share\/1C1V8Gv9BX\/?mibextid=qi2Omg","@patagoniambiental","https:\/\/youtube.com\/@patagoniaambiental2023?si=BLt58t0wuXquxlYZ"]}]}},"_links":{"self":[{"href":"https:\/\/patagoniambiental.com.ar\/info\/wp-json\/wp\/v2\/posts\/79352","targetHints":{"allow":["GET"]}}],"collection":[{"href":"https:\/\/patagoniambiental.com.ar\/info\/wp-json\/wp\/v2\/posts"}],"about":[{"href":"https:\/\/patagoniambiental.com.ar\/info\/wp-json\/wp\/v2\/types\/post"}],"author":[{"embeddable":true,"href":"https:\/\/patagoniambiental.com.ar\/info\/wp-json\/wp\/v2\/users\/2"}],"replies":[{"embeddable":true,"href":"https:\/\/patagoniambiental.com.ar\/info\/wp-json\/wp\/v2\/comments?post=79352"}],"version-history":[{"count":0,"href":"https:\/\/patagoniambiental.com.ar\/info\/wp-json\/wp\/v2\/posts\/79352\/revisions"}],"wp:featuredmedia":[{"embeddable":true,"href":"https:\/\/patagoniambiental.com.ar\/info\/wp-json\/wp\/v2\/media\/79353"}],"wp:attachment":[{"href":"https:\/\/patagoniambiental.com.ar\/info\/wp-json\/wp\/v2\/media?parent=79352"}],"wp:term":[{"taxonomy":"category","embeddable":true,"href":"https:\/\/patagoniambiental.com.ar\/info\/wp-json\/wp\/v2\/categories?post=79352"},{"taxonomy":"post_tag","embeddable":true,"href":"https:\/\/patagoniambiental.com.ar\/info\/wp-json\/wp\/v2\/tags?post=79352"}],"curies":[{"name":"wp","href":"https:\/\/api.w.org\/{rel}","templated":true}]}}