{"id":79367,"date":"2024-01-17T07:00:00","date_gmt":"2024-01-17T10:00:00","guid":{"rendered":"https:\/\/patagoniambiental.com.ar\/info\/?p=79367"},"modified":"2024-08-15T12:13:30","modified_gmt":"2024-08-15T15:13:30","slug":"nacio-el-primer-huemul-en-una-estacion-de-rehabilitacion-y-recria-de-chubut","status":"publish","type":"post","link":"https:\/\/patagoniambiental.com.ar\/info\/nacio-el-primer-huemul-en-una-estacion-de-rehabilitacion-y-recria-de-chubut\/","title":{"rendered":"Naci\u00f3 el primer huemul en una estaci\u00f3n de rehabilitaci\u00f3n y recr\u00eda de Chubut"},"content":{"rendered":"\n<!--more-->\n\n\n\n<p><em><strong>Se llama \u00d1ire y su evoluci\u00f3n es positiva. Su nacimiento es una oportunidad para estudiar y comprender la biolog\u00eda de estos animales que se encuentran en peligro de extinci\u00f3n.<\/strong><\/em><\/p>\n\n\n\n<p><\/p>\n\n\n\n<figure class=\"wp-block-image\"><img decoding=\"async\" src=\"https:\/\/pxb.cdn.elchubut.com.ar\/chubut\/012024\/1705495444868.webp?cw=1315&amp;ch=749&amp;extw=jpg\" alt=\"Naci\u00f3 el primer huemul en una estaci\u00f3n de rehabilitaci\u00f3n y recr\u00eda de Chubut\" title=\"Naci\u00f3 el primer huemul en una estaci\u00f3n de rehabilitaci\u00f3n y recr\u00eda de Chubut\"\/><\/figure>\n\n\n\n<p>La Fundaci\u00f3n Temaik\u00e9n dio a conocer la noticia del nacimiento de la primera cr\u00eda&nbsp;gestada en la Estaci\u00f3n de Rehabilitaci\u00f3n y Recr\u00eda de Huemules Shoonem, en Chubut.<\/p>\n\n\n\n<p>Se llama \u00d1ire y naci\u00f3 hace unas semanas. Seg\u00fan los especialistas de la entidad que trabajan en el campo y le est\u00e1n haciendo seguimiento diario al ejemplar, viene evolucionando muy bien.<\/p>\n\n\n\n<p>Es tambi\u00e9n una oportunidad para estudiar y comprender mejor aspectos relacionados con la biolog\u00eda, como su gestaci\u00f3n, una faceta poco conocida de esta especie en peligro de extinci\u00f3n. Se trabaj\u00f3 junto a <a href=\"https:\/\/www.facebook.com\/profile.php?id=100059985964479&amp;__cft__[0]=AZXve-FZ_lvuWnE1P6qqLRW5m3HMY9X68Bp2x0hRZUuWv-yi8GiGcxipmb0ZlLN260FquYsSNGZdD8CgRjjXomjYgPJT2x4_sTVxmelJ5VOZvgveT9q-7YMxuOWPpIg_h_21CL8jddDlfuWJ7_gDRCtP-IfSQApqNZ2tjpbOQqlzoClrq473VqotxRQdrAUl5h0&amp;__tn__=-]K-R\" target=\"_blank\" rel=\"noreferrer noopener\">Fundaci\u00f3n Shoonem<\/a> y la Direcci\u00f3n de Flora y Fauna de Chubut.<\/p>\n\n\n\n<p>El proyecto cuenta con el fundamental apoyo de <a href=\"https:\/\/www.facebook.com\/PanAmericanEnergy?__cft__[0]=AZXve-FZ_lvuWnE1P6qqLRW5m3HMY9X68Bp2x0hRZUuWv-yi8GiGcxipmb0ZlLN260FquYsSNGZdD8CgRjjXomjYgPJT2x4_sTVxmelJ5VOZvgveT9q-7YMxuOWPpIg_h_21CL8jddDlfuWJ7_gDRCtP-IfSQApqNZ2tjpbOQqlzoClrq473VqotxRQdrAUl5h0&amp;__tn__=-]K-R\" target=\"_blank\" rel=\"noreferrer noopener\">Pan American Energy<\/a>, <a href=\"https:\/\/www.facebook.com\/bancogalicia?__cft__[0]=AZXve-FZ_lvuWnE1P6qqLRW5m3HMY9X68Bp2x0hRZUuWv-yi8GiGcxipmb0ZlLN260FquYsSNGZdD8CgRjjXomjYgPJT2x4_sTVxmelJ5VOZvgveT9q-7YMxuOWPpIg_h_21CL8jddDlfuWJ7_gDRCtP-IfSQApqNZ2tjpbOQqlzoClrq473VqotxRQdrAUl5h0&amp;__tn__=-]K-R\" target=\"_blank\" rel=\"noreferrer noopener\">Banco Galicia<\/a>, <a href=\"https:\/\/www.facebook.com\/JetSMARTArgentina?__cft__[0]=AZXve-FZ_lvuWnE1P6qqLRW5m3HMY9X68Bp2x0hRZUuWv-yi8GiGcxipmb0ZlLN260FquYsSNGZdD8CgRjjXomjYgPJT2x4_sTVxmelJ5VOZvgveT9q-7YMxuOWPpIg_h_21CL8jddDlfuWJ7_gDRCtP-IfSQApqNZ2tjpbOQqlzoClrq473VqotxRQdrAUl5h0&amp;__tn__=-]K-R\" target=\"_blank\" rel=\"noreferrer noopener\">JetSMART<\/a> y Compa\u00f1\u00eda de Tierras Sud Argentino.&nbsp;<\/p>\n\n\n\n<div style=\"height:100px\" aria-hidden=\"true\" class=\"wp-block-spacer\"><\/div>\n\n\n\n<h2 class=\"wp-block-heading\" id=\"h-la-estacion-nbsp-de-rehabilitacion-y-recria\"><strong>La Estaci\u00f3n<\/strong>&nbsp;<strong>de Rehabilitaci\u00f3n y Recr\u00eda<\/strong><\/h2>\n\n\n\n<p>La Estaci\u00f3n de Rehabilitaci\u00f3n y Recr\u00eda Shoonem, situada en el \u00e1rea protegida Parque Shoonem, alberga huemules de los lagos Fontana y la Plata en un espacio de 110 hect\u00e1reas de campo con cercos adaptados especialmente para la contenci\u00f3n de la especie. Posee una diversidad de vegetaci\u00f3n y geograf\u00eda, lo que permite que los animales tengan acceso a alimento, refugio y cubran todas las necesidades de la especie.<\/p>\n\n\n\n<p>Actualmente hay cinco huemules. Dos son machos y tres&nbsp;son hembras. Uno de los machos es la primera cr\u00eda nacida en la estaci\u00f3n, en noviembre de 2022. Se llama Shehuen, que en idioma tehuelche significa \u201cfuente de luz\u201d, en alusi\u00f3n a la esperanza de que su nacimiento contribuya a la recuperaci\u00f3n de la especie.<\/p>\n\n\n\n<div style=\"height:100px\" aria-hidden=\"true\" class=\"wp-block-spacer\"><\/div>\n\n\n\n<h2 class=\"wp-block-heading\" id=\"h-investigacion-sobre-la-especie\"><strong>Investigaci\u00f3n sobre la especie<\/strong><\/h2>\n\n\n\n<p>La Estaci\u00f3n de cr\u00eda Shoonem brinda, por primera vez en la Argentina, la posibilidad de recabar informaci\u00f3n cient\u00edfica para la conservaci\u00f3n del huemul. La investigaci\u00f3n permite conocer las particularidades de la especie dado que hay escasa informaci\u00f3n sobre su biolog\u00eda, ecolog\u00eda y problemas de salud.<\/p>\n\n\n\n<p>Uno de los estudios que se est\u00e1 realizando est\u00e1 relacionado con las afecciones y deficiencias alimentarias y enfermedades a las cuales est\u00e1n expuestos. Investigamos infecciones en bocas, ausencia de dientes, sinusitis cr\u00f3nica, fragilidad en minerales, cuestiones de comportamiento y alimentaci\u00f3n, entre otros.<\/p>\n\n\n\n<p>Fuente: www.elchubut.com.ar<\/p>\n","protected":false},"excerpt":{"rendered":"","protected":false},"author":2,"featured_media":79368,"comment_status":"open","ping_status":"open","sticky":false,"template":"","format":"standard","meta":{"site-sidebar-layout":"default","site-content-layout":"","ast-site-content-layout":"default","site-content-style":"default","site-sidebar-style":"default","ast-global-header-display":"","ast-banner-title-visibility":"","ast-main-header-display":"","ast-hfb-above-header-display":"","ast-hfb-below-header-display":"","ast-hfb-mobile-header-display":"","site-post-title":"","ast-breadcrumbs-content":"","ast-featured-img":"","footer-sml-layout":"","ast-disable-related-posts":"","theme-transparent-header-meta":"","adv-header-id-meta":"","stick-header-meta":"","header-above-stick-meta":"","header-main-stick-meta":"","header-below-stick-meta":"","astra-migrate-meta-layouts":"default","ast-page-background-enabled":"default","ast-page-background-meta":{"desktop":{"background-color":"var(--ast-global-color-5)","background-image":"","background-repeat":"repeat","background-position":"center center","background-size":"auto","background-attachment":"scroll","background-type":"","background-media":"","overlay-type":"","overlay-color":"","overlay-opacity":"","overlay-gradient":""},"tablet":{"background-color":"","background-image":"","background-repeat":"repeat","background-position":"center center","background-size":"auto","background-attachment":"scroll","background-type":"","background-media":"","overlay-type":"","overlay-color":"","overlay-opacity":"","overlay-gradient":""},"mobile":{"background-color":"","background-image":"","background-repeat":"repeat","background-position":"center center","background-size":"auto","background-attachment":"scroll","background-type":"","background-media":"","overlay-type":"","overlay-color":"","overlay-opacity":"","overlay-gradient":""}},"ast-content-background-meta":{"desktop":{"background-color":"var(--ast-global-color-4)","background-image":"","background-repeat":"repeat","background-position":"center center","background-size":"auto","background-attachment":"scroll","background-type":"","background-media":"","overlay-type":"","overlay-color":"","overlay-opacity":"","overlay-gradient":""},"tablet":{"background-color":"var(--ast-global-color-4)","background-image":"","background-repeat":"repeat","background-position":"center center","background-size":"auto","background-attachment":"scroll","background-type":"","background-media":"","overlay-type":"","overlay-color":"","overlay-opacity":"","overlay-gradient":""},"mobile":{"background-color":"var(--ast-global-color-4)","background-image":"","background-repeat":"repeat","background-position":"center center","background-size":"auto","background-attachment":"scroll","background-type":"","background-media":"","overlay-type":"","overlay-color":"","overlay-opacity":"","overlay-gradient":""}},"footnotes":""},"categories":[26],"tags":[],"class_list":["post-79367","post","type-post","status-publish","format-standard","has-post-thumbnail","hentry","category-chubut"],"yoast_head":"<!-- This site is optimized with the Yoast SEO Premium plugin v23.0 (Yoast SEO v27.5) - https:\/\/yoast.com\/product\/yoast-seo-premium-wordpress\/ -->\n<title>Naci\u00f3 el primer huemul en una estaci\u00f3n de rehabilitaci\u00f3n y recr\u00eda de Chubut<\/title>\n<meta name=\"robots\" content=\"index, follow, max-snippet:-1, max-image-preview:large, max-video-preview:-1\" \/>\n<link rel=\"canonical\" href=\"https:\/\/patagoniambiental.com.ar\/info\/nacio-el-primer-huemul-en-una-estacion-de-rehabilitacion-y-recria-de-chubut\/\" \/>\n<meta property=\"og:locale\" content=\"es_ES\" \/>\n<meta property=\"og:type\" content=\"article\" \/>\n<meta property=\"og:title\" content=\"Naci\u00f3 el primer huemul en una estaci\u00f3n de rehabilitaci\u00f3n y recr\u00eda de Chubut\" \/>\n<meta property=\"og:url\" content=\"https:\/\/patagoniambiental.com.ar\/info\/nacio-el-primer-huemul-en-una-estacion-de-rehabilitacion-y-recria-de-chubut\/\" \/>\n<meta property=\"og:site_name\" content=\"Patagonia Ambiental\" \/>\n<meta property=\"article:publisher\" content=\"https:\/\/www.facebook.com\/patagonia.ambiental\" \/>\n<meta property=\"article:author\" content=\"https:\/\/www.facebook.com\/share\/1C1V8Gv9BX\/?mibextid=qi2Omg\" \/>\n<meta property=\"article:published_time\" content=\"2024-01-17T10:00:00+00:00\" \/>\n<meta property=\"article:modified_time\" content=\"2024-08-15T15:13:30+00:00\" \/>\n<meta property=\"og:image\" content=\"https:\/\/patagoniambiental.com.ar\/info\/wp-content\/uploads\/2024\/01\/Scr.jpg\" \/>\n\t<meta property=\"og:image:width\" content=\"885\" \/>\n\t<meta property=\"og:image:height\" content=\"451\" \/>\n\t<meta property=\"og:image:type\" content=\"image\/jpeg\" \/>\n<meta name=\"author\" content=\"Patagonia Ambiental\" \/>\n<meta name=\"twitter:card\" content=\"summary_large_image\" \/>\n<meta name=\"twitter:creator\" content=\"@PatAmb\" \/>\n<meta name=\"twitter:site\" content=\"@PatAmb\" \/>\n<script type=\"application\/ld+json\" class=\"yoast-schema-graph\">{\"@context\":\"https:\\\/\\\/schema.org\",\"@graph\":[{\"@type\":\"Article\",\"@id\":\"https:\\\/\\\/patagoniambiental.com.ar\\\/info\\\/nacio-el-primer-huemul-en-una-estacion-de-rehabilitacion-y-recria-de-chubut\\\/#article\",\"isPartOf\":{\"@id\":\"https:\\\/\\\/patagoniambiental.com.ar\\\/info\\\/nacio-el-primer-huemul-en-una-estacion-de-rehabilitacion-y-recria-de-chubut\\\/\"},\"author\":{\"name\":\"Patagonia Ambiental\",\"@id\":\"https:\\\/\\\/patagoniambiental.com.ar\\\/info\\\/#\\\/schema\\\/person\\\/db12bff64bbcbf6a253710bf0ea37b5d\"},\"headline\":\"Naci\u00f3 el primer huemul en una estaci\u00f3n de rehabilitaci\u00f3n y recr\u00eda de Chubut\",\"datePublished\":\"2024-01-17T10:00:00+00:00\",\"dateModified\":\"2024-08-15T15:13:30+00:00\",\"mainEntityOfPage\":{\"@id\":\"https:\\\/\\\/patagoniambiental.com.ar\\\/info\\\/nacio-el-primer-huemul-en-una-estacion-de-rehabilitacion-y-recria-de-chubut\\\/\"},\"wordCount\":436,\"commentCount\":0,\"publisher\":{\"@id\":\"https:\\\/\\\/patagoniambiental.com.ar\\\/info\\\/#organization\"},\"image\":{\"@id\":\"https:\\\/\\\/patagoniambiental.com.ar\\\/info\\\/nacio-el-primer-huemul-en-una-estacion-de-rehabilitacion-y-recria-de-chubut\\\/#primaryimage\"},\"thumbnailUrl\":\"https:\\\/\\\/patagoniambiental.com.ar\\\/info\\\/wp-content\\\/uploads\\\/2024\\\/01\\\/Scr.jpg\",\"articleSection\":[\"Chubut\"],\"inLanguage\":\"es\",\"potentialAction\":[{\"@type\":\"CommentAction\",\"name\":\"Comment\",\"target\":[\"https:\\\/\\\/patagoniambiental.com.ar\\\/info\\\/nacio-el-primer-huemul-en-una-estacion-de-rehabilitacion-y-recria-de-chubut\\\/#respond\"]}]},{\"@type\":\"WebPage\",\"@id\":\"https:\\\/\\\/patagoniambiental.com.ar\\\/info\\\/nacio-el-primer-huemul-en-una-estacion-de-rehabilitacion-y-recria-de-chubut\\\/\",\"url\":\"https:\\\/\\\/patagoniambiental.com.ar\\\/info\\\/nacio-el-primer-huemul-en-una-estacion-de-rehabilitacion-y-recria-de-chubut\\\/\",\"name\":\"Naci\u00f3 el primer huemul en una estaci\u00f3n de rehabilitaci\u00f3n y recr\u00eda de Chubut\",\"isPartOf\":{\"@id\":\"https:\\\/\\\/patagoniambiental.com.ar\\\/info\\\/#website\"},\"primaryImageOfPage\":{\"@id\":\"https:\\\/\\\/patagoniambiental.com.ar\\\/info\\\/nacio-el-primer-huemul-en-una-estacion-de-rehabilitacion-y-recria-de-chubut\\\/#primaryimage\"},\"image\":{\"@id\":\"https:\\\/\\\/patagoniambiental.com.ar\\\/info\\\/nacio-el-primer-huemul-en-una-estacion-de-rehabilitacion-y-recria-de-chubut\\\/#primaryimage\"},\"thumbnailUrl\":\"https:\\\/\\\/patagoniambiental.com.ar\\\/info\\\/wp-content\\\/uploads\\\/2024\\\/01\\\/Scr.jpg\",\"datePublished\":\"2024-01-17T10:00:00+00:00\",\"dateModified\":\"2024-08-15T15:13:30+00:00\",\"breadcrumb\":{\"@id\":\"https:\\\/\\\/patagoniambiental.com.ar\\\/info\\\/nacio-el-primer-huemul-en-una-estacion-de-rehabilitacion-y-recria-de-chubut\\\/#breadcrumb\"},\"inLanguage\":\"es\",\"potentialAction\":[{\"@type\":\"ReadAction\",\"target\":[\"https:\\\/\\\/patagoniambiental.com.ar\\\/info\\\/nacio-el-primer-huemul-en-una-estacion-de-rehabilitacion-y-recria-de-chubut\\\/\"]}]},{\"@type\":\"ImageObject\",\"inLanguage\":\"es\",\"@id\":\"https:\\\/\\\/patagoniambiental.com.ar\\\/info\\\/nacio-el-primer-huemul-en-una-estacion-de-rehabilitacion-y-recria-de-chubut\\\/#primaryimage\",\"url\":\"https:\\\/\\\/patagoniambiental.com.ar\\\/info\\\/wp-content\\\/uploads\\\/2024\\\/01\\\/Scr.jpg\",\"contentUrl\":\"https:\\\/\\\/patagoniambiental.com.ar\\\/info\\\/wp-content\\\/uploads\\\/2024\\\/01\\\/Scr.jpg\",\"width\":885,\"height\":451},{\"@type\":\"BreadcrumbList\",\"@id\":\"https:\\\/\\\/patagoniambiental.com.ar\\\/info\\\/nacio-el-primer-huemul-en-una-estacion-de-rehabilitacion-y-recria-de-chubut\\\/#breadcrumb\",\"itemListElement\":[{\"@type\":\"ListItem\",\"position\":1,\"name\":\"Inicio\",\"item\":\"https:\\\/\\\/patagoniambiental.com.ar\\\/info\\\/\"},{\"@type\":\"ListItem\",\"position\":2,\"name\":\"Naci\u00f3 el primer huemul en una estaci\u00f3n de rehabilitaci\u00f3n y recr\u00eda de Chubut\"}]},{\"@type\":\"WebSite\",\"@id\":\"https:\\\/\\\/patagoniambiental.com.ar\\\/info\\\/#website\",\"url\":\"https:\\\/\\\/patagoniambiental.com.ar\\\/info\\\/\",\"name\":\"Patagonia Ambiental\",\"description\":\"Monitoreo y an\u00e1lisis de la situaci\u00f3n geopol\u00edtica en el mundo y su implicancia en la Patagonia\",\"publisher\":{\"@id\":\"https:\\\/\\\/patagoniambiental.com.ar\\\/info\\\/#organization\"},\"potentialAction\":[{\"@type\":\"SearchAction\",\"target\":{\"@type\":\"EntryPoint\",\"urlTemplate\":\"https:\\\/\\\/patagoniambiental.com.ar\\\/info\\\/?s={search_term_string}\"},\"query-input\":{\"@type\":\"PropertyValueSpecification\",\"valueRequired\":true,\"valueName\":\"search_term_string\"}}],\"inLanguage\":\"es\"},{\"@type\":\"Organization\",\"@id\":\"https:\\\/\\\/patagoniambiental.com.ar\\\/info\\\/#organization\",\"name\":\"Patagonia Ambiental\",\"url\":\"https:\\\/\\\/patagoniambiental.com.ar\\\/info\\\/\",\"logo\":{\"@type\":\"ImageObject\",\"inLanguage\":\"es\",\"@id\":\"https:\\\/\\\/patagoniambiental.com.ar\\\/info\\\/#\\\/schema\\\/logo\\\/image\\\/\",\"url\":\"https:\\\/\\\/patagoniambiental.com.ar\\\/info\\\/wp-content\\\/uploads\\\/2025\\\/05\\\/LOGO-PATAGONIA-AMBIENTAL.png\",\"contentUrl\":\"https:\\\/\\\/patagoniambiental.com.ar\\\/info\\\/wp-content\\\/uploads\\\/2025\\\/05\\\/LOGO-PATAGONIA-AMBIENTAL.png\",\"width\":433,\"height\":250,\"caption\":\"Patagonia Ambiental\"},\"image\":{\"@id\":\"https:\\\/\\\/patagoniambiental.com.ar\\\/info\\\/#\\\/schema\\\/logo\\\/image\\\/\"},\"sameAs\":[\"https:\\\/\\\/www.facebook.com\\\/patagonia.ambiental\",\"https:\\\/\\\/x.com\\\/PatAmb\"]},{\"@type\":\"Person\",\"@id\":\"https:\\\/\\\/patagoniambiental.com.ar\\\/info\\\/#\\\/schema\\\/person\\\/db12bff64bbcbf6a253710bf0ea37b5d\",\"name\":\"Patagonia Ambiental\",\"description\":\"Andr\u00e9s Nievas T\u00e9cnico en manejo ambiental, consultor Ambiental y escritor para medios locales e internacionales sobre temas de geopolitica y medio ambiente.\",\"sameAs\":[\"http:\\\/\\\/www.patagoniambiental.com.ar\",\"https:\\\/\\\/www.facebook.com\\\/share\\\/1C1V8Gv9BX\\\/?mibextid=qi2Omg\",\"@patagoniambiental\",\"https:\\\/\\\/youtube.com\\\/@patagoniaambiental2023?si=BLt58t0wuXquxlYZ\"]}]}<\/script>\n<!-- \/ Yoast SEO Premium plugin. -->","yoast_head_json":{"title":"Naci\u00f3 el primer huemul en una estaci\u00f3n de rehabilitaci\u00f3n y recr\u00eda de Chubut","robots":{"index":"index","follow":"follow","max-snippet":"max-snippet:-1","max-image-preview":"max-image-preview:large","max-video-preview":"max-video-preview:-1"},"canonical":"https:\/\/patagoniambiental.com.ar\/info\/nacio-el-primer-huemul-en-una-estacion-de-rehabilitacion-y-recria-de-chubut\/","og_locale":"es_ES","og_type":"article","og_title":"Naci\u00f3 el primer huemul en una estaci\u00f3n de rehabilitaci\u00f3n y recr\u00eda de Chubut","og_url":"https:\/\/patagoniambiental.com.ar\/info\/nacio-el-primer-huemul-en-una-estacion-de-rehabilitacion-y-recria-de-chubut\/","og_site_name":"Patagonia Ambiental","article_publisher":"https:\/\/www.facebook.com\/patagonia.ambiental","article_author":"https:\/\/www.facebook.com\/share\/1C1V8Gv9BX\/?mibextid=qi2Omg","article_published_time":"2024-01-17T10:00:00+00:00","article_modified_time":"2024-08-15T15:13:30+00:00","og_image":[{"width":885,"height":451,"url":"https:\/\/patagoniambiental.com.ar\/info\/wp-content\/uploads\/2024\/01\/Scr.jpg","type":"image\/jpeg"}],"author":"Patagonia Ambiental","twitter_card":"summary_large_image","twitter_creator":"@PatAmb","twitter_site":"@PatAmb","schema":{"@context":"https:\/\/schema.org","@graph":[{"@type":"Article","@id":"https:\/\/patagoniambiental.com.ar\/info\/nacio-el-primer-huemul-en-una-estacion-de-rehabilitacion-y-recria-de-chubut\/#article","isPartOf":{"@id":"https:\/\/patagoniambiental.com.ar\/info\/nacio-el-primer-huemul-en-una-estacion-de-rehabilitacion-y-recria-de-chubut\/"},"author":{"name":"Patagonia Ambiental","@id":"https:\/\/patagoniambiental.com.ar\/info\/#\/schema\/person\/db12bff64bbcbf6a253710bf0ea37b5d"},"headline":"Naci\u00f3 el primer huemul en una estaci\u00f3n de rehabilitaci\u00f3n y recr\u00eda de Chubut","datePublished":"2024-01-17T10:00:00+00:00","dateModified":"2024-08-15T15:13:30+00:00","mainEntityOfPage":{"@id":"https:\/\/patagoniambiental.com.ar\/info\/nacio-el-primer-huemul-en-una-estacion-de-rehabilitacion-y-recria-de-chubut\/"},"wordCount":436,"commentCount":0,"publisher":{"@id":"https:\/\/patagoniambiental.com.ar\/info\/#organization"},"image":{"@id":"https:\/\/patagoniambiental.com.ar\/info\/nacio-el-primer-huemul-en-una-estacion-de-rehabilitacion-y-recria-de-chubut\/#primaryimage"},"thumbnailUrl":"https:\/\/patagoniambiental.com.ar\/info\/wp-content\/uploads\/2024\/01\/Scr.jpg","articleSection":["Chubut"],"inLanguage":"es","potentialAction":[{"@type":"CommentAction","name":"Comment","target":["https:\/\/patagoniambiental.com.ar\/info\/nacio-el-primer-huemul-en-una-estacion-de-rehabilitacion-y-recria-de-chubut\/#respond"]}]},{"@type":"WebPage","@id":"https:\/\/patagoniambiental.com.ar\/info\/nacio-el-primer-huemul-en-una-estacion-de-rehabilitacion-y-recria-de-chubut\/","url":"https:\/\/patagoniambiental.com.ar\/info\/nacio-el-primer-huemul-en-una-estacion-de-rehabilitacion-y-recria-de-chubut\/","name":"Naci\u00f3 el primer huemul en una estaci\u00f3n de rehabilitaci\u00f3n y recr\u00eda de Chubut","isPartOf":{"@id":"https:\/\/patagoniambiental.com.ar\/info\/#website"},"primaryImageOfPage":{"@id":"https:\/\/patagoniambiental.com.ar\/info\/nacio-el-primer-huemul-en-una-estacion-de-rehabilitacion-y-recria-de-chubut\/#primaryimage"},"image":{"@id":"https:\/\/patagoniambiental.com.ar\/info\/nacio-el-primer-huemul-en-una-estacion-de-rehabilitacion-y-recria-de-chubut\/#primaryimage"},"thumbnailUrl":"https:\/\/patagoniambiental.com.ar\/info\/wp-content\/uploads\/2024\/01\/Scr.jpg","datePublished":"2024-01-17T10:00:00+00:00","dateModified":"2024-08-15T15:13:30+00:00","breadcrumb":{"@id":"https:\/\/patagoniambiental.com.ar\/info\/nacio-el-primer-huemul-en-una-estacion-de-rehabilitacion-y-recria-de-chubut\/#breadcrumb"},"inLanguage":"es","potentialAction":[{"@type":"ReadAction","target":["https:\/\/patagoniambiental.com.ar\/info\/nacio-el-primer-huemul-en-una-estacion-de-rehabilitacion-y-recria-de-chubut\/"]}]},{"@type":"ImageObject","inLanguage":"es","@id":"https:\/\/patagoniambiental.com.ar\/info\/nacio-el-primer-huemul-en-una-estacion-de-rehabilitacion-y-recria-de-chubut\/#primaryimage","url":"https:\/\/patagoniambiental.com.ar\/info\/wp-content\/uploads\/2024\/01\/Scr.jpg","contentUrl":"https:\/\/patagoniambiental.com.ar\/info\/wp-content\/uploads\/2024\/01\/Scr.jpg","width":885,"height":451},{"@type":"BreadcrumbList","@id":"https:\/\/patagoniambiental.com.ar\/info\/nacio-el-primer-huemul-en-una-estacion-de-rehabilitacion-y-recria-de-chubut\/#breadcrumb","itemListElement":[{"@type":"ListItem","position":1,"name":"Inicio","item":"https:\/\/patagoniambiental.com.ar\/info\/"},{"@type":"ListItem","position":2,"name":"Naci\u00f3 el primer huemul en una estaci\u00f3n de rehabilitaci\u00f3n y recr\u00eda de Chubut"}]},{"@type":"WebSite","@id":"https:\/\/patagoniambiental.com.ar\/info\/#website","url":"https:\/\/patagoniambiental.com.ar\/info\/","name":"Patagonia Ambiental","description":"Monitoreo y an\u00e1lisis de la situaci\u00f3n geopol\u00edtica en el mundo y su implicancia en la Patagonia","publisher":{"@id":"https:\/\/patagoniambiental.com.ar\/info\/#organization"},"potentialAction":[{"@type":"SearchAction","target":{"@type":"EntryPoint","urlTemplate":"https:\/\/patagoniambiental.com.ar\/info\/?s={search_term_string}"},"query-input":{"@type":"PropertyValueSpecification","valueRequired":true,"valueName":"search_term_string"}}],"inLanguage":"es"},{"@type":"Organization","@id":"https:\/\/patagoniambiental.com.ar\/info\/#organization","name":"Patagonia Ambiental","url":"https:\/\/patagoniambiental.com.ar\/info\/","logo":{"@type":"ImageObject","inLanguage":"es","@id":"https:\/\/patagoniambiental.com.ar\/info\/#\/schema\/logo\/image\/","url":"https:\/\/patagoniambiental.com.ar\/info\/wp-content\/uploads\/2025\/05\/LOGO-PATAGONIA-AMBIENTAL.png","contentUrl":"https:\/\/patagoniambiental.com.ar\/info\/wp-content\/uploads\/2025\/05\/LOGO-PATAGONIA-AMBIENTAL.png","width":433,"height":250,"caption":"Patagonia Ambiental"},"image":{"@id":"https:\/\/patagoniambiental.com.ar\/info\/#\/schema\/logo\/image\/"},"sameAs":["https:\/\/www.facebook.com\/patagonia.ambiental","https:\/\/x.com\/PatAmb"]},{"@type":"Person","@id":"https:\/\/patagoniambiental.com.ar\/info\/#\/schema\/person\/db12bff64bbcbf6a253710bf0ea37b5d","name":"Patagonia Ambiental","description":"Andr\u00e9s Nievas T\u00e9cnico en manejo ambiental, consultor Ambiental y escritor para medios locales e internacionales sobre temas de geopolitica y medio ambiente.","sameAs":["http:\/\/www.patagoniambiental.com.ar","https:\/\/www.facebook.com\/share\/1C1V8Gv9BX\/?mibextid=qi2Omg","@patagoniambiental","https:\/\/youtube.com\/@patagoniaambiental2023?si=BLt58t0wuXquxlYZ"]}]}},"_links":{"self":[{"href":"https:\/\/patagoniambiental.com.ar\/info\/wp-json\/wp\/v2\/posts\/79367","targetHints":{"allow":["GET"]}}],"collection":[{"href":"https:\/\/patagoniambiental.com.ar\/info\/wp-json\/wp\/v2\/posts"}],"about":[{"href":"https:\/\/patagoniambiental.com.ar\/info\/wp-json\/wp\/v2\/types\/post"}],"author":[{"embeddable":true,"href":"https:\/\/patagoniambiental.com.ar\/info\/wp-json\/wp\/v2\/users\/2"}],"replies":[{"embeddable":true,"href":"https:\/\/patagoniambiental.com.ar\/info\/wp-json\/wp\/v2\/comments?post=79367"}],"version-history":[{"count":0,"href":"https:\/\/patagoniambiental.com.ar\/info\/wp-json\/wp\/v2\/posts\/79367\/revisions"}],"wp:featuredmedia":[{"embeddable":true,"href":"https:\/\/patagoniambiental.com.ar\/info\/wp-json\/wp\/v2\/media\/79368"}],"wp:attachment":[{"href":"https:\/\/patagoniambiental.com.ar\/info\/wp-json\/wp\/v2\/media?parent=79367"}],"wp:term":[{"taxonomy":"category","embeddable":true,"href":"https:\/\/patagoniambiental.com.ar\/info\/wp-json\/wp\/v2\/categories?post=79367"},{"taxonomy":"post_tag","embeddable":true,"href":"https:\/\/patagoniambiental.com.ar\/info\/wp-json\/wp\/v2\/tags?post=79367"}],"curies":[{"name":"wp","href":"https:\/\/api.w.org\/{rel}","templated":true}]}}