{"id":79439,"date":"2024-01-15T11:57:00","date_gmt":"2024-01-15T14:57:00","guid":{"rendered":"https:\/\/patagoniambiental.com.ar\/info\/?p=79439"},"modified":"2024-08-15T11:57:48","modified_gmt":"2024-08-15T14:57:48","slug":"el-club-de-jardineria-de-rio-gallegos-se-suma-al-dia-de-la-educacion-ambiental","status":"publish","type":"post","link":"https:\/\/patagoniambiental.com.ar\/info\/el-club-de-jardineria-de-rio-gallegos-se-suma-al-dia-de-la-educacion-ambiental\/","title":{"rendered":"El Club de Jardiner\u00eda de R\u00edo Gallegos se suma al D\u00eda de la Educaci\u00f3n Ambiental"},"content":{"rendered":"\n<!--more-->\n\n\n\n<p>El espacio brindar\u00e1 un taller de reconocimiento de plantas aptas para el suelo patag\u00f3nico.<\/p>\n\n\n\n<figure class=\"wp-block-image\"><img decoding=\"async\" src=\"https:\/\/www.tiemposur.com.ar\/uploads\/noticia_galeria\/2024\/01\/23\/file_196310_main1\" alt=\"\"\/><\/figure>\n\n\n\n<p><a class=\" \" href=\"javascript: void(0)\"> <\/a><\/p>\n\n\n\n<p>El d\u00eda 26 de enero se conmemora el D\u00eda de la Educaci\u00f3n Ambiental, una fecha que tiene como objetivo el continuar concientizando sobre la importancia de cuidar el medioambiente. En este marco, el Club de Jardiner\u00eda ser\u00e1 uno de los epicentros de la capital provincial en donde se llevar\u00e1n a cabo actividades alusivas a la fecha.<\/p>\n\n\n\n<p><strong>TiempoSur <\/strong>se acerc\u00f3 al Club de Jardiner\u00eda y dialog\u00f3 con <strong>Ligia Edith Jake<\/strong>, referente del Club, quien se refiri\u00f3 a la actividad que se realizar\u00e1 el d\u00eda 26 de enero y se\u00f1al\u00f3 que la misma consistir\u00e1 en una recorrida por el Parque: \u201cLes voy a estar comentando qu\u00e9 especies tenemos adaptadas a la zona, ya que la gran mayor\u00eda son ornamentales\u201d. Por otro lado, Ligia indic\u00f3 que el objetivo de llevar adelante estas actividades es continuar \u201cincrementando el inter\u00e9s por la jardiner\u00eda y el cuidado por el medioambiente, as\u00ed como tambi\u00e9n recordar que \u00e9ste lugar en el que nos encontramos anida a las aves de la Laguna Ortiz, por lo que para nosotros es muy importante mantener el lugar porque si no hubiera un espacio verde, no estar\u00edan\u201d, puntualiz\u00f3.<\/p>\n\n\n\n<div style=\"height:100px\" aria-hidden=\"true\" class=\"wp-block-spacer\"><\/div>\n\n\n\n<h2 class=\"wp-block-heading\" id=\"h-voluntariado\"><strong>Voluntariado<\/strong><\/h2>\n\n\n\n<p>La integrante del Club de Jardiner\u00eda explic\u00f3 que cualquier persona de la comunidad que posea alg\u00fan conocimiento b\u00e1sico en el mantenimiento de huertas y jardines puede formar parte del voluntariado: \u201cEl que se anime puede ser voluntario, teniendo un conocimiento previo puede involucrarse con las tareas diarias, ya sea riego y lo que pueda saber. Es un trabajo voluntario porque esta es una instituci\u00f3n sin fines de lucro, por lo que creemos que se puede formar un lindo grupo\u201d, detall\u00f3.<\/p>\n\n\n\n<p>\u201cQueremos que conozcan el lugar y que sepan que el Club de Jardiner\u00eda tiene las puertas abiertas para recibirlos. Es un pulm\u00f3n verde dentro de la ciudad muy poco conocido. Vamos a estar esper\u00e1ndolos con los brazos abiertos y mostr\u00e1ndoles la actividad que se realiza dentro de los invern\u00e1culos en donde se hace reproducci\u00f3n de plantas\u201d, agreg\u00f3.<\/p>\n\n\n\n<p>La actividad de reconocimiento de especies ornamentales que se adaptan a la localidad se llevar\u00e1 a cabo el d\u00eda viernes 26 de enero en las instalaciones del Club de Jardiner\u00eda de R\u00edo Gallegos (Costa Rica 2350)&nbsp;&nbsp;a partir de las 15:00 y hasta las 16:00 horas: \u201cEs una actividad en conjunto con la Agencia Ambiental y en el marco del D\u00eda de la Educaci\u00f3n Ambiental, por lo que aprovechamos el momento y mostramos todo lo que se puede apreciar en esta \u00e9poca, que es bastante, y vamos a estar a disposici\u00f3n para quien quiera preguntar sobre las especies, el cuidado, el mantenimiento, la ubicaci\u00f3n de la planta, la exposici\u00f3n al sol y dem\u00e1s\u201d, indic\u00f3 Ligia.<\/p>\n\n\n\n<p>\u201cLa pandemia despert\u00f3 el inter\u00e9s en la naturaleza por lo que cada vez son m\u00e1s los interesados en la jardiner\u00eda y horticultura, porque es importante saber que se pueden tener huertas en cajones en los domicilios\u201d, concluy\u00f3.&nbsp;<\/p>\n\n\n\n<p>Fuente: www.tiemposur.com.ar<\/p>\n","protected":false},"excerpt":{"rendered":"","protected":false},"author":2,"featured_media":0,"comment_status":"open","ping_status":"open","sticky":false,"template":"","format":"standard","meta":{"site-sidebar-layout":"default","site-content-layout":"","ast-site-content-layout":"default","site-content-style":"default","site-sidebar-style":"default","ast-global-header-display":"","ast-banner-title-visibility":"","ast-main-header-display":"","ast-hfb-above-header-display":"","ast-hfb-below-header-display":"","ast-hfb-mobile-header-display":"","site-post-title":"","ast-breadcrumbs-content":"","ast-featured-img":"","footer-sml-layout":"","ast-disable-related-posts":"","theme-transparent-header-meta":"","adv-header-id-meta":"","stick-header-meta":"","header-above-stick-meta":"","header-main-stick-meta":"","header-below-stick-meta":"","astra-migrate-meta-layouts":"default","ast-page-background-enabled":"default","ast-page-background-meta":{"desktop":{"background-color":"var(--ast-global-color-5)","background-image":"","background-repeat":"repeat","background-position":"center center","background-size":"auto","background-attachment":"scroll","background-type":"","background-media":"","overlay-type":"","overlay-color":"","overlay-opacity":"","overlay-gradient":""},"tablet":{"background-color":"","background-image":"","background-repeat":"repeat","background-position":"center center","background-size":"auto","background-attachment":"scroll","background-type":"","background-media":"","overlay-type":"","overlay-color":"","overlay-opacity":"","overlay-gradient":""},"mobile":{"background-color":"","background-image":"","background-repeat":"repeat","background-position":"center center","background-size":"auto","background-attachment":"scroll","background-type":"","background-media":"","overlay-type":"","overlay-color":"","overlay-opacity":"","overlay-gradient":""}},"ast-content-background-meta":{"desktop":{"background-color":"var(--ast-global-color-4)","background-image":"","background-repeat":"repeat","background-position":"center center","background-size":"auto","background-attachment":"scroll","background-type":"","background-media":"","overlay-type":"","overlay-color":"","overlay-opacity":"","overlay-gradient":""},"tablet":{"background-color":"var(--ast-global-color-4)","background-image":"","background-repeat":"repeat","background-position":"center center","background-size":"auto","background-attachment":"scroll","background-type":"","background-media":"","overlay-type":"","overlay-color":"","overlay-opacity":"","overlay-gradient":""},"mobile":{"background-color":"var(--ast-global-color-4)","background-image":"","background-repeat":"repeat","background-position":"center center","background-size":"auto","background-attachment":"scroll","background-type":"","background-media":"","overlay-type":"","overlay-color":"","overlay-opacity":"","overlay-gradient":""}},"footnotes":""},"categories":[1],"tags":[],"class_list":["post-79439","post","type-post","status-publish","format-standard","hentry","category-noticias"],"yoast_head":"<!-- This site is optimized with the Yoast SEO Premium plugin v23.0 (Yoast SEO v27.4) - https:\/\/yoast.com\/product\/yoast-seo-premium-wordpress\/ -->\n<title>El Club de Jardiner\u00eda de R\u00edo Gallegos se suma al D\u00eda de la Educaci\u00f3n Ambiental<\/title>\n<meta name=\"robots\" content=\"index, follow, max-snippet:-1, max-image-preview:large, max-video-preview:-1\" \/>\n<link rel=\"canonical\" href=\"https:\/\/patagoniambiental.com.ar\/info\/el-club-de-jardineria-de-rio-gallegos-se-suma-al-dia-de-la-educacion-ambiental\/\" \/>\n<meta property=\"og:locale\" content=\"es_ES\" \/>\n<meta property=\"og:type\" content=\"article\" \/>\n<meta property=\"og:title\" content=\"El Club de Jardiner\u00eda de R\u00edo Gallegos se suma al D\u00eda de la Educaci\u00f3n Ambiental\" \/>\n<meta property=\"og:url\" content=\"https:\/\/patagoniambiental.com.ar\/info\/el-club-de-jardineria-de-rio-gallegos-se-suma-al-dia-de-la-educacion-ambiental\/\" \/>\n<meta property=\"og:site_name\" content=\"Patagonia Ambiental\" \/>\n<meta property=\"article:publisher\" content=\"https:\/\/www.facebook.com\/patagonia.ambiental\" \/>\n<meta property=\"article:author\" content=\"https:\/\/www.facebook.com\/share\/1C1V8Gv9BX\/?mibextid=qi2Omg\" \/>\n<meta property=\"article:published_time\" content=\"2024-01-15T14:57:00+00:00\" \/>\n<meta property=\"article:modified_time\" content=\"2024-08-15T14:57:48+00:00\" \/>\n<meta property=\"og:image\" content=\"https:\/\/www.tiemposur.com.ar\/uploads\/noticia_galeria\/2024\/01\/23\/file_196310_main1\" \/>\n<meta name=\"author\" content=\"Patagonia Ambiental\" \/>\n<meta name=\"twitter:card\" content=\"summary_large_image\" \/>\n<meta name=\"twitter:creator\" content=\"@PatAmb\" \/>\n<meta name=\"twitter:site\" content=\"@PatAmb\" \/>\n<script type=\"application\/ld+json\" class=\"yoast-schema-graph\">{\"@context\":\"https:\\\/\\\/schema.org\",\"@graph\":[{\"@type\":\"Article\",\"@id\":\"https:\\\/\\\/patagoniambiental.com.ar\\\/info\\\/el-club-de-jardineria-de-rio-gallegos-se-suma-al-dia-de-la-educacion-ambiental\\\/#article\",\"isPartOf\":{\"@id\":\"https:\\\/\\\/patagoniambiental.com.ar\\\/info\\\/el-club-de-jardineria-de-rio-gallegos-se-suma-al-dia-de-la-educacion-ambiental\\\/\"},\"author\":{\"name\":\"Patagonia Ambiental\",\"@id\":\"https:\\\/\\\/patagoniambiental.com.ar\\\/info\\\/#\\\/schema\\\/person\\\/db12bff64bbcbf6a253710bf0ea37b5d\"},\"headline\":\"El Club de Jardiner\u00eda de R\u00edo Gallegos se suma al D\u00eda de la Educaci\u00f3n Ambiental\",\"datePublished\":\"2024-01-15T14:57:00+00:00\",\"dateModified\":\"2024-08-15T14:57:48+00:00\",\"mainEntityOfPage\":{\"@id\":\"https:\\\/\\\/patagoniambiental.com.ar\\\/info\\\/el-club-de-jardineria-de-rio-gallegos-se-suma-al-dia-de-la-educacion-ambiental\\\/\"},\"wordCount\":546,\"commentCount\":0,\"publisher\":{\"@id\":\"https:\\\/\\\/patagoniambiental.com.ar\\\/info\\\/#organization\"},\"image\":{\"@id\":\"https:\\\/\\\/patagoniambiental.com.ar\\\/info\\\/el-club-de-jardineria-de-rio-gallegos-se-suma-al-dia-de-la-educacion-ambiental\\\/#primaryimage\"},\"thumbnailUrl\":\"https:\\\/\\\/www.tiemposur.com.ar\\\/uploads\\\/noticia_galeria\\\/2024\\\/01\\\/23\\\/file_196310_main1\",\"articleSection\":[\"Noticias\"],\"inLanguage\":\"es\",\"potentialAction\":[{\"@type\":\"CommentAction\",\"name\":\"Comment\",\"target\":[\"https:\\\/\\\/patagoniambiental.com.ar\\\/info\\\/el-club-de-jardineria-de-rio-gallegos-se-suma-al-dia-de-la-educacion-ambiental\\\/#respond\"]}]},{\"@type\":\"WebPage\",\"@id\":\"https:\\\/\\\/patagoniambiental.com.ar\\\/info\\\/el-club-de-jardineria-de-rio-gallegos-se-suma-al-dia-de-la-educacion-ambiental\\\/\",\"url\":\"https:\\\/\\\/patagoniambiental.com.ar\\\/info\\\/el-club-de-jardineria-de-rio-gallegos-se-suma-al-dia-de-la-educacion-ambiental\\\/\",\"name\":\"El Club de Jardiner\u00eda de R\u00edo Gallegos se suma al D\u00eda de la Educaci\u00f3n Ambiental\",\"isPartOf\":{\"@id\":\"https:\\\/\\\/patagoniambiental.com.ar\\\/info\\\/#website\"},\"primaryImageOfPage\":{\"@id\":\"https:\\\/\\\/patagoniambiental.com.ar\\\/info\\\/el-club-de-jardineria-de-rio-gallegos-se-suma-al-dia-de-la-educacion-ambiental\\\/#primaryimage\"},\"image\":{\"@id\":\"https:\\\/\\\/patagoniambiental.com.ar\\\/info\\\/el-club-de-jardineria-de-rio-gallegos-se-suma-al-dia-de-la-educacion-ambiental\\\/#primaryimage\"},\"thumbnailUrl\":\"https:\\\/\\\/www.tiemposur.com.ar\\\/uploads\\\/noticia_galeria\\\/2024\\\/01\\\/23\\\/file_196310_main1\",\"datePublished\":\"2024-01-15T14:57:00+00:00\",\"dateModified\":\"2024-08-15T14:57:48+00:00\",\"breadcrumb\":{\"@id\":\"https:\\\/\\\/patagoniambiental.com.ar\\\/info\\\/el-club-de-jardineria-de-rio-gallegos-se-suma-al-dia-de-la-educacion-ambiental\\\/#breadcrumb\"},\"inLanguage\":\"es\",\"potentialAction\":[{\"@type\":\"ReadAction\",\"target\":[\"https:\\\/\\\/patagoniambiental.com.ar\\\/info\\\/el-club-de-jardineria-de-rio-gallegos-se-suma-al-dia-de-la-educacion-ambiental\\\/\"]}]},{\"@type\":\"ImageObject\",\"inLanguage\":\"es\",\"@id\":\"https:\\\/\\\/patagoniambiental.com.ar\\\/info\\\/el-club-de-jardineria-de-rio-gallegos-se-suma-al-dia-de-la-educacion-ambiental\\\/#primaryimage\",\"url\":\"https:\\\/\\\/www.tiemposur.com.ar\\\/uploads\\\/noticia_galeria\\\/2024\\\/01\\\/23\\\/file_196310_main1\",\"contentUrl\":\"https:\\\/\\\/www.tiemposur.com.ar\\\/uploads\\\/noticia_galeria\\\/2024\\\/01\\\/23\\\/file_196310_main1\"},{\"@type\":\"BreadcrumbList\",\"@id\":\"https:\\\/\\\/patagoniambiental.com.ar\\\/info\\\/el-club-de-jardineria-de-rio-gallegos-se-suma-al-dia-de-la-educacion-ambiental\\\/#breadcrumb\",\"itemListElement\":[{\"@type\":\"ListItem\",\"position\":1,\"name\":\"Inicio\",\"item\":\"https:\\\/\\\/patagoniambiental.com.ar\\\/info\\\/\"},{\"@type\":\"ListItem\",\"position\":2,\"name\":\"El Club de Jardiner\u00eda de R\u00edo Gallegos se suma al D\u00eda de la Educaci\u00f3n Ambiental\"}]},{\"@type\":\"WebSite\",\"@id\":\"https:\\\/\\\/patagoniambiental.com.ar\\\/info\\\/#website\",\"url\":\"https:\\\/\\\/patagoniambiental.com.ar\\\/info\\\/\",\"name\":\"Patagonia Ambiental\",\"description\":\"Monitoreo y an\u00e1lisis de la situaci\u00f3n geopol\u00edtica en el mundo y su implicancia en la Patagonia\",\"publisher\":{\"@id\":\"https:\\\/\\\/patagoniambiental.com.ar\\\/info\\\/#organization\"},\"potentialAction\":[{\"@type\":\"SearchAction\",\"target\":{\"@type\":\"EntryPoint\",\"urlTemplate\":\"https:\\\/\\\/patagoniambiental.com.ar\\\/info\\\/?s={search_term_string}\"},\"query-input\":{\"@type\":\"PropertyValueSpecification\",\"valueRequired\":true,\"valueName\":\"search_term_string\"}}],\"inLanguage\":\"es\"},{\"@type\":\"Organization\",\"@id\":\"https:\\\/\\\/patagoniambiental.com.ar\\\/info\\\/#organization\",\"name\":\"Patagonia Ambiental\",\"url\":\"https:\\\/\\\/patagoniambiental.com.ar\\\/info\\\/\",\"logo\":{\"@type\":\"ImageObject\",\"inLanguage\":\"es\",\"@id\":\"https:\\\/\\\/patagoniambiental.com.ar\\\/info\\\/#\\\/schema\\\/logo\\\/image\\\/\",\"url\":\"https:\\\/\\\/patagoniambiental.com.ar\\\/info\\\/wp-content\\\/uploads\\\/2025\\\/05\\\/LOGO-PATAGONIA-AMBIENTAL.png\",\"contentUrl\":\"https:\\\/\\\/patagoniambiental.com.ar\\\/info\\\/wp-content\\\/uploads\\\/2025\\\/05\\\/LOGO-PATAGONIA-AMBIENTAL.png\",\"width\":433,\"height\":250,\"caption\":\"Patagonia Ambiental\"},\"image\":{\"@id\":\"https:\\\/\\\/patagoniambiental.com.ar\\\/info\\\/#\\\/schema\\\/logo\\\/image\\\/\"},\"sameAs\":[\"https:\\\/\\\/www.facebook.com\\\/patagonia.ambiental\",\"https:\\\/\\\/x.com\\\/PatAmb\"]},{\"@type\":\"Person\",\"@id\":\"https:\\\/\\\/patagoniambiental.com.ar\\\/info\\\/#\\\/schema\\\/person\\\/db12bff64bbcbf6a253710bf0ea37b5d\",\"name\":\"Patagonia Ambiental\",\"description\":\"Andr\u00e9s Nievas T\u00e9cnico en manejo ambiental, consultor Ambiental y escritor para medios locales e internacionales sobre temas de geopolitica y medio ambiente.\",\"sameAs\":[\"http:\\\/\\\/www.patagoniambiental.com.ar\",\"https:\\\/\\\/www.facebook.com\\\/share\\\/1C1V8Gv9BX\\\/?mibextid=qi2Omg\",\"@patagoniambiental\",\"https:\\\/\\\/youtube.com\\\/@patagoniaambiental2023?si=BLt58t0wuXquxlYZ\"]}]}<\/script>\n<!-- \/ Yoast SEO Premium plugin. -->","yoast_head_json":{"title":"El Club de Jardiner\u00eda de R\u00edo Gallegos se suma al D\u00eda de la Educaci\u00f3n Ambiental","robots":{"index":"index","follow":"follow","max-snippet":"max-snippet:-1","max-image-preview":"max-image-preview:large","max-video-preview":"max-video-preview:-1"},"canonical":"https:\/\/patagoniambiental.com.ar\/info\/el-club-de-jardineria-de-rio-gallegos-se-suma-al-dia-de-la-educacion-ambiental\/","og_locale":"es_ES","og_type":"article","og_title":"El Club de Jardiner\u00eda de R\u00edo Gallegos se suma al D\u00eda de la Educaci\u00f3n Ambiental","og_url":"https:\/\/patagoniambiental.com.ar\/info\/el-club-de-jardineria-de-rio-gallegos-se-suma-al-dia-de-la-educacion-ambiental\/","og_site_name":"Patagonia Ambiental","article_publisher":"https:\/\/www.facebook.com\/patagonia.ambiental","article_author":"https:\/\/www.facebook.com\/share\/1C1V8Gv9BX\/?mibextid=qi2Omg","article_published_time":"2024-01-15T14:57:00+00:00","article_modified_time":"2024-08-15T14:57:48+00:00","og_image":[{"url":"https:\/\/www.tiemposur.com.ar\/uploads\/noticia_galeria\/2024\/01\/23\/file_196310_main1","type":"","width":"","height":""}],"author":"Patagonia Ambiental","twitter_card":"summary_large_image","twitter_creator":"@PatAmb","twitter_site":"@PatAmb","schema":{"@context":"https:\/\/schema.org","@graph":[{"@type":"Article","@id":"https:\/\/patagoniambiental.com.ar\/info\/el-club-de-jardineria-de-rio-gallegos-se-suma-al-dia-de-la-educacion-ambiental\/#article","isPartOf":{"@id":"https:\/\/patagoniambiental.com.ar\/info\/el-club-de-jardineria-de-rio-gallegos-se-suma-al-dia-de-la-educacion-ambiental\/"},"author":{"name":"Patagonia Ambiental","@id":"https:\/\/patagoniambiental.com.ar\/info\/#\/schema\/person\/db12bff64bbcbf6a253710bf0ea37b5d"},"headline":"El Club de Jardiner\u00eda de R\u00edo Gallegos se suma al D\u00eda de la Educaci\u00f3n Ambiental","datePublished":"2024-01-15T14:57:00+00:00","dateModified":"2024-08-15T14:57:48+00:00","mainEntityOfPage":{"@id":"https:\/\/patagoniambiental.com.ar\/info\/el-club-de-jardineria-de-rio-gallegos-se-suma-al-dia-de-la-educacion-ambiental\/"},"wordCount":546,"commentCount":0,"publisher":{"@id":"https:\/\/patagoniambiental.com.ar\/info\/#organization"},"image":{"@id":"https:\/\/patagoniambiental.com.ar\/info\/el-club-de-jardineria-de-rio-gallegos-se-suma-al-dia-de-la-educacion-ambiental\/#primaryimage"},"thumbnailUrl":"https:\/\/www.tiemposur.com.ar\/uploads\/noticia_galeria\/2024\/01\/23\/file_196310_main1","articleSection":["Noticias"],"inLanguage":"es","potentialAction":[{"@type":"CommentAction","name":"Comment","target":["https:\/\/patagoniambiental.com.ar\/info\/el-club-de-jardineria-de-rio-gallegos-se-suma-al-dia-de-la-educacion-ambiental\/#respond"]}]},{"@type":"WebPage","@id":"https:\/\/patagoniambiental.com.ar\/info\/el-club-de-jardineria-de-rio-gallegos-se-suma-al-dia-de-la-educacion-ambiental\/","url":"https:\/\/patagoniambiental.com.ar\/info\/el-club-de-jardineria-de-rio-gallegos-se-suma-al-dia-de-la-educacion-ambiental\/","name":"El Club de Jardiner\u00eda de R\u00edo Gallegos se suma al D\u00eda de la Educaci\u00f3n Ambiental","isPartOf":{"@id":"https:\/\/patagoniambiental.com.ar\/info\/#website"},"primaryImageOfPage":{"@id":"https:\/\/patagoniambiental.com.ar\/info\/el-club-de-jardineria-de-rio-gallegos-se-suma-al-dia-de-la-educacion-ambiental\/#primaryimage"},"image":{"@id":"https:\/\/patagoniambiental.com.ar\/info\/el-club-de-jardineria-de-rio-gallegos-se-suma-al-dia-de-la-educacion-ambiental\/#primaryimage"},"thumbnailUrl":"https:\/\/www.tiemposur.com.ar\/uploads\/noticia_galeria\/2024\/01\/23\/file_196310_main1","datePublished":"2024-01-15T14:57:00+00:00","dateModified":"2024-08-15T14:57:48+00:00","breadcrumb":{"@id":"https:\/\/patagoniambiental.com.ar\/info\/el-club-de-jardineria-de-rio-gallegos-se-suma-al-dia-de-la-educacion-ambiental\/#breadcrumb"},"inLanguage":"es","potentialAction":[{"@type":"ReadAction","target":["https:\/\/patagoniambiental.com.ar\/info\/el-club-de-jardineria-de-rio-gallegos-se-suma-al-dia-de-la-educacion-ambiental\/"]}]},{"@type":"ImageObject","inLanguage":"es","@id":"https:\/\/patagoniambiental.com.ar\/info\/el-club-de-jardineria-de-rio-gallegos-se-suma-al-dia-de-la-educacion-ambiental\/#primaryimage","url":"https:\/\/www.tiemposur.com.ar\/uploads\/noticia_galeria\/2024\/01\/23\/file_196310_main1","contentUrl":"https:\/\/www.tiemposur.com.ar\/uploads\/noticia_galeria\/2024\/01\/23\/file_196310_main1"},{"@type":"BreadcrumbList","@id":"https:\/\/patagoniambiental.com.ar\/info\/el-club-de-jardineria-de-rio-gallegos-se-suma-al-dia-de-la-educacion-ambiental\/#breadcrumb","itemListElement":[{"@type":"ListItem","position":1,"name":"Inicio","item":"https:\/\/patagoniambiental.com.ar\/info\/"},{"@type":"ListItem","position":2,"name":"El Club de Jardiner\u00eda de R\u00edo Gallegos se suma al D\u00eda de la Educaci\u00f3n Ambiental"}]},{"@type":"WebSite","@id":"https:\/\/patagoniambiental.com.ar\/info\/#website","url":"https:\/\/patagoniambiental.com.ar\/info\/","name":"Patagonia Ambiental","description":"Monitoreo y an\u00e1lisis de la situaci\u00f3n geopol\u00edtica en el mundo y su implicancia en la Patagonia","publisher":{"@id":"https:\/\/patagoniambiental.com.ar\/info\/#organization"},"potentialAction":[{"@type":"SearchAction","target":{"@type":"EntryPoint","urlTemplate":"https:\/\/patagoniambiental.com.ar\/info\/?s={search_term_string}"},"query-input":{"@type":"PropertyValueSpecification","valueRequired":true,"valueName":"search_term_string"}}],"inLanguage":"es"},{"@type":"Organization","@id":"https:\/\/patagoniambiental.com.ar\/info\/#organization","name":"Patagonia Ambiental","url":"https:\/\/patagoniambiental.com.ar\/info\/","logo":{"@type":"ImageObject","inLanguage":"es","@id":"https:\/\/patagoniambiental.com.ar\/info\/#\/schema\/logo\/image\/","url":"https:\/\/patagoniambiental.com.ar\/info\/wp-content\/uploads\/2025\/05\/LOGO-PATAGONIA-AMBIENTAL.png","contentUrl":"https:\/\/patagoniambiental.com.ar\/info\/wp-content\/uploads\/2025\/05\/LOGO-PATAGONIA-AMBIENTAL.png","width":433,"height":250,"caption":"Patagonia Ambiental"},"image":{"@id":"https:\/\/patagoniambiental.com.ar\/info\/#\/schema\/logo\/image\/"},"sameAs":["https:\/\/www.facebook.com\/patagonia.ambiental","https:\/\/x.com\/PatAmb"]},{"@type":"Person","@id":"https:\/\/patagoniambiental.com.ar\/info\/#\/schema\/person\/db12bff64bbcbf6a253710bf0ea37b5d","name":"Patagonia Ambiental","description":"Andr\u00e9s Nievas T\u00e9cnico en manejo ambiental, consultor Ambiental y escritor para medios locales e internacionales sobre temas de geopolitica y medio ambiente.","sameAs":["http:\/\/www.patagoniambiental.com.ar","https:\/\/www.facebook.com\/share\/1C1V8Gv9BX\/?mibextid=qi2Omg","@patagoniambiental","https:\/\/youtube.com\/@patagoniaambiental2023?si=BLt58t0wuXquxlYZ"]}]}},"_links":{"self":[{"href":"https:\/\/patagoniambiental.com.ar\/info\/wp-json\/wp\/v2\/posts\/79439","targetHints":{"allow":["GET"]}}],"collection":[{"href":"https:\/\/patagoniambiental.com.ar\/info\/wp-json\/wp\/v2\/posts"}],"about":[{"href":"https:\/\/patagoniambiental.com.ar\/info\/wp-json\/wp\/v2\/types\/post"}],"author":[{"embeddable":true,"href":"https:\/\/patagoniambiental.com.ar\/info\/wp-json\/wp\/v2\/users\/2"}],"replies":[{"embeddable":true,"href":"https:\/\/patagoniambiental.com.ar\/info\/wp-json\/wp\/v2\/comments?post=79439"}],"version-history":[{"count":0,"href":"https:\/\/patagoniambiental.com.ar\/info\/wp-json\/wp\/v2\/posts\/79439\/revisions"}],"wp:attachment":[{"href":"https:\/\/patagoniambiental.com.ar\/info\/wp-json\/wp\/v2\/media?parent=79439"}],"wp:term":[{"taxonomy":"category","embeddable":true,"href":"https:\/\/patagoniambiental.com.ar\/info\/wp-json\/wp\/v2\/categories?post=79439"},{"taxonomy":"post_tag","embeddable":true,"href":"https:\/\/patagoniambiental.com.ar\/info\/wp-json\/wp\/v2\/tags?post=79439"}],"curies":[{"name":"wp","href":"https:\/\/api.w.org\/{rel}","templated":true}]}}