{"id":79510,"date":"2024-01-29T07:00:00","date_gmt":"2024-01-29T10:00:00","guid":{"rendered":"https:\/\/patagoniambiental.com.ar\/info\/?p=79510"},"modified":"2024-08-15T09:52:50","modified_gmt":"2024-08-15T12:52:50","slug":"llegan-mas-brigadistas-para-combatir-incendios-en-los-alerces","status":"publish","type":"post","link":"https:\/\/patagoniambiental.com.ar\/info\/llegan-mas-brigadistas-para-combatir-incendios-en-los-alerces\/","title":{"rendered":"Llegan m\u00e1s brigadistas para combatir incendios en Los Alerces"},"content":{"rendered":"\n<!--more-->\n\n\n\n<p>Hasta el momento trabajan en el lugar unos 87 combatientes. Diez entrar\u00e1n en acci\u00f3n esta tarde y otros 31 est\u00e1n en camino desde la zona centro del pa\u00eds. Se solicitaron otros 60 al Servicio Nacional de Combate del Fuego.&nbsp;<\/p>\n\n\n\n<figure class=\"wp-block-image\"><img decoding=\"async\" src=\"https:\/\/radio3cadenapatagonia.com.ar\/wp-content\/uploads\/2024\/01\/BOMBEROS_11zon.webp\" alt=\"\"\/><\/figure>\n\n\n\n<p>Seg\u00fan se inform\u00f3 en el \u00faltimo parte oficial ya arribaron 10 brigadistas que se su sumaran al combate del fuego por la tarde y ya se encuentran en camino otros 31 de Parques Nacionales de la regi\u00f3n centro del pa\u00eds. Adem\u00e1s, se pidi\u00f3 por 60 combatientes m\u00e1s al Servicio Nacional de Manejo del Fuego.<\/p>\n\n\n\n<p>Hasta el momento, trabajan con agua sobre la l\u00ednea 87 combatientes especializados y se complementa con maquinaria vial la consolidaci\u00f3n de caminos existentes para facilitar el acceso y combate del fuego.<\/p>\n\n\n\n<figure class=\"wp-block-image\"><a href=\"https:\/\/radio3cadenapatagonia.com.ar\/wp-content\/uploads\/2024\/01\/BOMBEROS1_11zon.webp\"><img decoding=\"async\" src=\"https:\/\/radio3cadenapatagonia.com.ar\/wp-content\/uploads\/2024\/01\/BOMBEROS1_11zon-300x162.webp\" alt=\"\" class=\"wp-image-438090\"\/><\/a><\/figure>\n\n\n\n<p>El parte da cuenta que \u00abel incendio se mantiene activo en las dos jurisdicciones (Parques Nacionales y Provincial del Chubut)\u00bb y que \u00ablas condiciones meteorol\u00f3gicas durante la ma\u00f1ana, con atm\u00f3sfera estable y sin viento, producen un estancamiento de humo sobre el \u00e1rea del incendio. Esta situaci\u00f3n disminuye la visibilidad al m\u00ednimo impidiendo la operaci\u00f3n de medio a\u00e9reos\u00bb.<\/p>\n\n\n\n<div style=\"height:100px\" aria-hidden=\"true\" class=\"wp-block-spacer\"><\/div>\n\n\n\n<h2 class=\"wp-block-heading\" id=\"h-presencia-del-gobernador\">Presencia del Gobernador<\/h2>\n\n\n\n<p>El Gobernador del Chubut, Ignacio \u201cNacho\u201d Torres, arriba a Esquel,&nbsp; para coordinar los esfuerzos de una unidad intersectorial conformada por brigadistas del Servicio Provincial del Manejo del Fuego, Bomberos Voluntarios de Trevelin y Esquel, la Secretar\u00eda de Bosques, Vialidad Provincial, la Subsecretar\u00eda de Gesti\u00f3n de Riesgo y Protecci\u00f3n Civil, y las \u00e1reas de Seguridad de la Provincia.<\/p>\n\n\n\n<p>El mandatario colaborar\u00e1 as\u00ed con los esfuerzos que lleva adelante el Gobierno Nacional en pos de controlar el incendio que se inici\u00f3 el pasado jueves por la noche en el Parque Nacional \u201cLos Alerces\u201d.<\/p>\n\n\n\n<p>Fuente: radio3cadenapatagonia.com.ar<\/p>\n","protected":false},"excerpt":{"rendered":"","protected":false},"author":2,"featured_media":79511,"comment_status":"open","ping_status":"open","sticky":false,"template":"","format":"standard","meta":{"site-sidebar-layout":"default","site-content-layout":"","ast-site-content-layout":"default","site-content-style":"default","site-sidebar-style":"default","ast-global-header-display":"","ast-banner-title-visibility":"","ast-main-header-display":"","ast-hfb-above-header-display":"","ast-hfb-below-header-display":"","ast-hfb-mobile-header-display":"","site-post-title":"","ast-breadcrumbs-content":"","ast-featured-img":"","footer-sml-layout":"","ast-disable-related-posts":"","theme-transparent-header-meta":"","adv-header-id-meta":"","stick-header-meta":"","header-above-stick-meta":"","header-main-stick-meta":"","header-below-stick-meta":"","astra-migrate-meta-layouts":"default","ast-page-background-enabled":"default","ast-page-background-meta":{"desktop":{"background-color":"var(--ast-global-color-5)","background-image":"","background-repeat":"repeat","background-position":"center center","background-size":"auto","background-attachment":"scroll","background-type":"","background-media":"","overlay-type":"","overlay-color":"","overlay-opacity":"","overlay-gradient":""},"tablet":{"background-color":"","background-image":"","background-repeat":"repeat","background-position":"center center","background-size":"auto","background-attachment":"scroll","background-type":"","background-media":"","overlay-type":"","overlay-color":"","overlay-opacity":"","overlay-gradient":""},"mobile":{"background-color":"","background-image":"","background-repeat":"repeat","background-position":"center center","background-size":"auto","background-attachment":"scroll","background-type":"","background-media":"","overlay-type":"","overlay-color":"","overlay-opacity":"","overlay-gradient":""}},"ast-content-background-meta":{"desktop":{"background-color":"var(--ast-global-color-4)","background-image":"","background-repeat":"repeat","background-position":"center center","background-size":"auto","background-attachment":"scroll","background-type":"","background-media":"","overlay-type":"","overlay-color":"","overlay-opacity":"","overlay-gradient":""},"tablet":{"background-color":"var(--ast-global-color-4)","background-image":"","background-repeat":"repeat","background-position":"center center","background-size":"auto","background-attachment":"scroll","background-type":"","background-media":"","overlay-type":"","overlay-color":"","overlay-opacity":"","overlay-gradient":""},"mobile":{"background-color":"var(--ast-global-color-4)","background-image":"","background-repeat":"repeat","background-position":"center center","background-size":"auto","background-attachment":"scroll","background-type":"","background-media":"","overlay-type":"","overlay-color":"","overlay-opacity":"","overlay-gradient":""}},"footnotes":""},"categories":[13],"tags":[],"class_list":["post-79510","post","type-post","status-publish","format-standard","has-post-thumbnail","hentry","category-provinciales"],"yoast_head":"<!-- This site is optimized with the Yoast SEO Premium plugin v23.0 (Yoast SEO v27.4) - https:\/\/yoast.com\/product\/yoast-seo-premium-wordpress\/ -->\n<title>Llegan m\u00e1s brigadistas para combatir incendios en Los Alerces<\/title>\n<meta name=\"robots\" content=\"index, follow, max-snippet:-1, max-image-preview:large, max-video-preview:-1\" \/>\n<link rel=\"canonical\" href=\"https:\/\/patagoniambiental.com.ar\/info\/llegan-mas-brigadistas-para-combatir-incendios-en-los-alerces\/\" \/>\n<meta property=\"og:locale\" content=\"es_ES\" \/>\n<meta property=\"og:type\" content=\"article\" \/>\n<meta property=\"og:title\" content=\"Llegan m\u00e1s brigadistas para combatir incendios en Los Alerces\" \/>\n<meta property=\"og:url\" content=\"https:\/\/patagoniambiental.com.ar\/info\/llegan-mas-brigadistas-para-combatir-incendios-en-los-alerces\/\" \/>\n<meta property=\"og:site_name\" content=\"Patagonia Ambiental\" \/>\n<meta property=\"article:publisher\" content=\"https:\/\/www.facebook.com\/patagonia.ambiental\" \/>\n<meta property=\"article:author\" content=\"https:\/\/www.facebook.com\/share\/1C1V8Gv9BX\/?mibextid=qi2Omg\" \/>\n<meta property=\"article:published_time\" content=\"2024-01-29T10:00:00+00:00\" \/>\n<meta property=\"article:modified_time\" content=\"2024-08-15T12:52:50+00:00\" \/>\n<meta property=\"og:image\" content=\"https:\/\/patagoniambiental.com.ar\/info\/wp-content\/uploads\/2024\/01\/Press.jpg\" \/>\n\t<meta property=\"og:image:width\" content=\"650\" \/>\n\t<meta property=\"og:image:height\" content=\"322\" \/>\n\t<meta property=\"og:image:type\" content=\"image\/jpeg\" \/>\n<meta name=\"author\" content=\"Patagonia Ambiental\" \/>\n<meta name=\"twitter:card\" content=\"summary_large_image\" \/>\n<meta name=\"twitter:creator\" content=\"@PatAmb\" \/>\n<meta name=\"twitter:site\" content=\"@PatAmb\" \/>\n<script type=\"application\/ld+json\" class=\"yoast-schema-graph\">{\"@context\":\"https:\\\/\\\/schema.org\",\"@graph\":[{\"@type\":\"Article\",\"@id\":\"https:\\\/\\\/patagoniambiental.com.ar\\\/info\\\/llegan-mas-brigadistas-para-combatir-incendios-en-los-alerces\\\/#article\",\"isPartOf\":{\"@id\":\"https:\\\/\\\/patagoniambiental.com.ar\\\/info\\\/llegan-mas-brigadistas-para-combatir-incendios-en-los-alerces\\\/\"},\"author\":{\"name\":\"Patagonia Ambiental\",\"@id\":\"https:\\\/\\\/patagoniambiental.com.ar\\\/info\\\/#\\\/schema\\\/person\\\/db12bff64bbcbf6a253710bf0ea37b5d\"},\"headline\":\"Llegan m\u00e1s brigadistas para combatir incendios en Los Alerces\",\"datePublished\":\"2024-01-29T10:00:00+00:00\",\"dateModified\":\"2024-08-15T12:52:50+00:00\",\"mainEntityOfPage\":{\"@id\":\"https:\\\/\\\/patagoniambiental.com.ar\\\/info\\\/llegan-mas-brigadistas-para-combatir-incendios-en-los-alerces\\\/\"},\"wordCount\":307,\"commentCount\":0,\"publisher\":{\"@id\":\"https:\\\/\\\/patagoniambiental.com.ar\\\/info\\\/#organization\"},\"image\":{\"@id\":\"https:\\\/\\\/patagoniambiental.com.ar\\\/info\\\/llegan-mas-brigadistas-para-combatir-incendios-en-los-alerces\\\/#primaryimage\"},\"thumbnailUrl\":\"https:\\\/\\\/patagoniambiental.com.ar\\\/info\\\/wp-content\\\/uploads\\\/2024\\\/01\\\/Press.jpg\",\"articleSection\":[\"Provinciales\"],\"inLanguage\":\"es\",\"potentialAction\":[{\"@type\":\"CommentAction\",\"name\":\"Comment\",\"target\":[\"https:\\\/\\\/patagoniambiental.com.ar\\\/info\\\/llegan-mas-brigadistas-para-combatir-incendios-en-los-alerces\\\/#respond\"]}]},{\"@type\":\"WebPage\",\"@id\":\"https:\\\/\\\/patagoniambiental.com.ar\\\/info\\\/llegan-mas-brigadistas-para-combatir-incendios-en-los-alerces\\\/\",\"url\":\"https:\\\/\\\/patagoniambiental.com.ar\\\/info\\\/llegan-mas-brigadistas-para-combatir-incendios-en-los-alerces\\\/\",\"name\":\"Llegan m\u00e1s brigadistas para combatir incendios en Los Alerces\",\"isPartOf\":{\"@id\":\"https:\\\/\\\/patagoniambiental.com.ar\\\/info\\\/#website\"},\"primaryImageOfPage\":{\"@id\":\"https:\\\/\\\/patagoniambiental.com.ar\\\/info\\\/llegan-mas-brigadistas-para-combatir-incendios-en-los-alerces\\\/#primaryimage\"},\"image\":{\"@id\":\"https:\\\/\\\/patagoniambiental.com.ar\\\/info\\\/llegan-mas-brigadistas-para-combatir-incendios-en-los-alerces\\\/#primaryimage\"},\"thumbnailUrl\":\"https:\\\/\\\/patagoniambiental.com.ar\\\/info\\\/wp-content\\\/uploads\\\/2024\\\/01\\\/Press.jpg\",\"datePublished\":\"2024-01-29T10:00:00+00:00\",\"dateModified\":\"2024-08-15T12:52:50+00:00\",\"breadcrumb\":{\"@id\":\"https:\\\/\\\/patagoniambiental.com.ar\\\/info\\\/llegan-mas-brigadistas-para-combatir-incendios-en-los-alerces\\\/#breadcrumb\"},\"inLanguage\":\"es\",\"potentialAction\":[{\"@type\":\"ReadAction\",\"target\":[\"https:\\\/\\\/patagoniambiental.com.ar\\\/info\\\/llegan-mas-brigadistas-para-combatir-incendios-en-los-alerces\\\/\"]}]},{\"@type\":\"ImageObject\",\"inLanguage\":\"es\",\"@id\":\"https:\\\/\\\/patagoniambiental.com.ar\\\/info\\\/llegan-mas-brigadistas-para-combatir-incendios-en-los-alerces\\\/#primaryimage\",\"url\":\"https:\\\/\\\/patagoniambiental.com.ar\\\/info\\\/wp-content\\\/uploads\\\/2024\\\/01\\\/Press.jpg\",\"contentUrl\":\"https:\\\/\\\/patagoniambiental.com.ar\\\/info\\\/wp-content\\\/uploads\\\/2024\\\/01\\\/Press.jpg\",\"width\":650,\"height\":322},{\"@type\":\"BreadcrumbList\",\"@id\":\"https:\\\/\\\/patagoniambiental.com.ar\\\/info\\\/llegan-mas-brigadistas-para-combatir-incendios-en-los-alerces\\\/#breadcrumb\",\"itemListElement\":[{\"@type\":\"ListItem\",\"position\":1,\"name\":\"Inicio\",\"item\":\"https:\\\/\\\/patagoniambiental.com.ar\\\/info\\\/\"},{\"@type\":\"ListItem\",\"position\":2,\"name\":\"Llegan m\u00e1s brigadistas para combatir incendios en Los Alerces\"}]},{\"@type\":\"WebSite\",\"@id\":\"https:\\\/\\\/patagoniambiental.com.ar\\\/info\\\/#website\",\"url\":\"https:\\\/\\\/patagoniambiental.com.ar\\\/info\\\/\",\"name\":\"Patagonia Ambiental\",\"description\":\"Monitoreo y an\u00e1lisis de la situaci\u00f3n geopol\u00edtica en el mundo y su implicancia en la Patagonia\",\"publisher\":{\"@id\":\"https:\\\/\\\/patagoniambiental.com.ar\\\/info\\\/#organization\"},\"potentialAction\":[{\"@type\":\"SearchAction\",\"target\":{\"@type\":\"EntryPoint\",\"urlTemplate\":\"https:\\\/\\\/patagoniambiental.com.ar\\\/info\\\/?s={search_term_string}\"},\"query-input\":{\"@type\":\"PropertyValueSpecification\",\"valueRequired\":true,\"valueName\":\"search_term_string\"}}],\"inLanguage\":\"es\"},{\"@type\":\"Organization\",\"@id\":\"https:\\\/\\\/patagoniambiental.com.ar\\\/info\\\/#organization\",\"name\":\"Patagonia Ambiental\",\"url\":\"https:\\\/\\\/patagoniambiental.com.ar\\\/info\\\/\",\"logo\":{\"@type\":\"ImageObject\",\"inLanguage\":\"es\",\"@id\":\"https:\\\/\\\/patagoniambiental.com.ar\\\/info\\\/#\\\/schema\\\/logo\\\/image\\\/\",\"url\":\"https:\\\/\\\/patagoniambiental.com.ar\\\/info\\\/wp-content\\\/uploads\\\/2025\\\/05\\\/LOGO-PATAGONIA-AMBIENTAL.png\",\"contentUrl\":\"https:\\\/\\\/patagoniambiental.com.ar\\\/info\\\/wp-content\\\/uploads\\\/2025\\\/05\\\/LOGO-PATAGONIA-AMBIENTAL.png\",\"width\":433,\"height\":250,\"caption\":\"Patagonia Ambiental\"},\"image\":{\"@id\":\"https:\\\/\\\/patagoniambiental.com.ar\\\/info\\\/#\\\/schema\\\/logo\\\/image\\\/\"},\"sameAs\":[\"https:\\\/\\\/www.facebook.com\\\/patagonia.ambiental\",\"https:\\\/\\\/x.com\\\/PatAmb\"]},{\"@type\":\"Person\",\"@id\":\"https:\\\/\\\/patagoniambiental.com.ar\\\/info\\\/#\\\/schema\\\/person\\\/db12bff64bbcbf6a253710bf0ea37b5d\",\"name\":\"Patagonia Ambiental\",\"description\":\"Andr\u00e9s Nievas T\u00e9cnico en manejo ambiental, consultor Ambiental y escritor para medios locales e internacionales sobre temas de geopolitica y medio ambiente.\",\"sameAs\":[\"http:\\\/\\\/www.patagoniambiental.com.ar\",\"https:\\\/\\\/www.facebook.com\\\/share\\\/1C1V8Gv9BX\\\/?mibextid=qi2Omg\",\"@patagoniambiental\",\"https:\\\/\\\/youtube.com\\\/@patagoniaambiental2023?si=BLt58t0wuXquxlYZ\"]}]}<\/script>\n<!-- \/ Yoast SEO Premium plugin. -->","yoast_head_json":{"title":"Llegan m\u00e1s brigadistas para combatir incendios en Los Alerces","robots":{"index":"index","follow":"follow","max-snippet":"max-snippet:-1","max-image-preview":"max-image-preview:large","max-video-preview":"max-video-preview:-1"},"canonical":"https:\/\/patagoniambiental.com.ar\/info\/llegan-mas-brigadistas-para-combatir-incendios-en-los-alerces\/","og_locale":"es_ES","og_type":"article","og_title":"Llegan m\u00e1s brigadistas para combatir incendios en Los Alerces","og_url":"https:\/\/patagoniambiental.com.ar\/info\/llegan-mas-brigadistas-para-combatir-incendios-en-los-alerces\/","og_site_name":"Patagonia Ambiental","article_publisher":"https:\/\/www.facebook.com\/patagonia.ambiental","article_author":"https:\/\/www.facebook.com\/share\/1C1V8Gv9BX\/?mibextid=qi2Omg","article_published_time":"2024-01-29T10:00:00+00:00","article_modified_time":"2024-08-15T12:52:50+00:00","og_image":[{"width":650,"height":322,"url":"https:\/\/patagoniambiental.com.ar\/info\/wp-content\/uploads\/2024\/01\/Press.jpg","type":"image\/jpeg"}],"author":"Patagonia Ambiental","twitter_card":"summary_large_image","twitter_creator":"@PatAmb","twitter_site":"@PatAmb","schema":{"@context":"https:\/\/schema.org","@graph":[{"@type":"Article","@id":"https:\/\/patagoniambiental.com.ar\/info\/llegan-mas-brigadistas-para-combatir-incendios-en-los-alerces\/#article","isPartOf":{"@id":"https:\/\/patagoniambiental.com.ar\/info\/llegan-mas-brigadistas-para-combatir-incendios-en-los-alerces\/"},"author":{"name":"Patagonia Ambiental","@id":"https:\/\/patagoniambiental.com.ar\/info\/#\/schema\/person\/db12bff64bbcbf6a253710bf0ea37b5d"},"headline":"Llegan m\u00e1s brigadistas para combatir incendios en Los Alerces","datePublished":"2024-01-29T10:00:00+00:00","dateModified":"2024-08-15T12:52:50+00:00","mainEntityOfPage":{"@id":"https:\/\/patagoniambiental.com.ar\/info\/llegan-mas-brigadistas-para-combatir-incendios-en-los-alerces\/"},"wordCount":307,"commentCount":0,"publisher":{"@id":"https:\/\/patagoniambiental.com.ar\/info\/#organization"},"image":{"@id":"https:\/\/patagoniambiental.com.ar\/info\/llegan-mas-brigadistas-para-combatir-incendios-en-los-alerces\/#primaryimage"},"thumbnailUrl":"https:\/\/patagoniambiental.com.ar\/info\/wp-content\/uploads\/2024\/01\/Press.jpg","articleSection":["Provinciales"],"inLanguage":"es","potentialAction":[{"@type":"CommentAction","name":"Comment","target":["https:\/\/patagoniambiental.com.ar\/info\/llegan-mas-brigadistas-para-combatir-incendios-en-los-alerces\/#respond"]}]},{"@type":"WebPage","@id":"https:\/\/patagoniambiental.com.ar\/info\/llegan-mas-brigadistas-para-combatir-incendios-en-los-alerces\/","url":"https:\/\/patagoniambiental.com.ar\/info\/llegan-mas-brigadistas-para-combatir-incendios-en-los-alerces\/","name":"Llegan m\u00e1s brigadistas para combatir incendios en Los Alerces","isPartOf":{"@id":"https:\/\/patagoniambiental.com.ar\/info\/#website"},"primaryImageOfPage":{"@id":"https:\/\/patagoniambiental.com.ar\/info\/llegan-mas-brigadistas-para-combatir-incendios-en-los-alerces\/#primaryimage"},"image":{"@id":"https:\/\/patagoniambiental.com.ar\/info\/llegan-mas-brigadistas-para-combatir-incendios-en-los-alerces\/#primaryimage"},"thumbnailUrl":"https:\/\/patagoniambiental.com.ar\/info\/wp-content\/uploads\/2024\/01\/Press.jpg","datePublished":"2024-01-29T10:00:00+00:00","dateModified":"2024-08-15T12:52:50+00:00","breadcrumb":{"@id":"https:\/\/patagoniambiental.com.ar\/info\/llegan-mas-brigadistas-para-combatir-incendios-en-los-alerces\/#breadcrumb"},"inLanguage":"es","potentialAction":[{"@type":"ReadAction","target":["https:\/\/patagoniambiental.com.ar\/info\/llegan-mas-brigadistas-para-combatir-incendios-en-los-alerces\/"]}]},{"@type":"ImageObject","inLanguage":"es","@id":"https:\/\/patagoniambiental.com.ar\/info\/llegan-mas-brigadistas-para-combatir-incendios-en-los-alerces\/#primaryimage","url":"https:\/\/patagoniambiental.com.ar\/info\/wp-content\/uploads\/2024\/01\/Press.jpg","contentUrl":"https:\/\/patagoniambiental.com.ar\/info\/wp-content\/uploads\/2024\/01\/Press.jpg","width":650,"height":322},{"@type":"BreadcrumbList","@id":"https:\/\/patagoniambiental.com.ar\/info\/llegan-mas-brigadistas-para-combatir-incendios-en-los-alerces\/#breadcrumb","itemListElement":[{"@type":"ListItem","position":1,"name":"Inicio","item":"https:\/\/patagoniambiental.com.ar\/info\/"},{"@type":"ListItem","position":2,"name":"Llegan m\u00e1s brigadistas para combatir incendios en Los Alerces"}]},{"@type":"WebSite","@id":"https:\/\/patagoniambiental.com.ar\/info\/#website","url":"https:\/\/patagoniambiental.com.ar\/info\/","name":"Patagonia Ambiental","description":"Monitoreo y an\u00e1lisis de la situaci\u00f3n geopol\u00edtica en el mundo y su implicancia en la Patagonia","publisher":{"@id":"https:\/\/patagoniambiental.com.ar\/info\/#organization"},"potentialAction":[{"@type":"SearchAction","target":{"@type":"EntryPoint","urlTemplate":"https:\/\/patagoniambiental.com.ar\/info\/?s={search_term_string}"},"query-input":{"@type":"PropertyValueSpecification","valueRequired":true,"valueName":"search_term_string"}}],"inLanguage":"es"},{"@type":"Organization","@id":"https:\/\/patagoniambiental.com.ar\/info\/#organization","name":"Patagonia Ambiental","url":"https:\/\/patagoniambiental.com.ar\/info\/","logo":{"@type":"ImageObject","inLanguage":"es","@id":"https:\/\/patagoniambiental.com.ar\/info\/#\/schema\/logo\/image\/","url":"https:\/\/patagoniambiental.com.ar\/info\/wp-content\/uploads\/2025\/05\/LOGO-PATAGONIA-AMBIENTAL.png","contentUrl":"https:\/\/patagoniambiental.com.ar\/info\/wp-content\/uploads\/2025\/05\/LOGO-PATAGONIA-AMBIENTAL.png","width":433,"height":250,"caption":"Patagonia Ambiental"},"image":{"@id":"https:\/\/patagoniambiental.com.ar\/info\/#\/schema\/logo\/image\/"},"sameAs":["https:\/\/www.facebook.com\/patagonia.ambiental","https:\/\/x.com\/PatAmb"]},{"@type":"Person","@id":"https:\/\/patagoniambiental.com.ar\/info\/#\/schema\/person\/db12bff64bbcbf6a253710bf0ea37b5d","name":"Patagonia Ambiental","description":"Andr\u00e9s Nievas T\u00e9cnico en manejo ambiental, consultor Ambiental y escritor para medios locales e internacionales sobre temas de geopolitica y medio ambiente.","sameAs":["http:\/\/www.patagoniambiental.com.ar","https:\/\/www.facebook.com\/share\/1C1V8Gv9BX\/?mibextid=qi2Omg","@patagoniambiental","https:\/\/youtube.com\/@patagoniaambiental2023?si=BLt58t0wuXquxlYZ"]}]}},"_links":{"self":[{"href":"https:\/\/patagoniambiental.com.ar\/info\/wp-json\/wp\/v2\/posts\/79510","targetHints":{"allow":["GET"]}}],"collection":[{"href":"https:\/\/patagoniambiental.com.ar\/info\/wp-json\/wp\/v2\/posts"}],"about":[{"href":"https:\/\/patagoniambiental.com.ar\/info\/wp-json\/wp\/v2\/types\/post"}],"author":[{"embeddable":true,"href":"https:\/\/patagoniambiental.com.ar\/info\/wp-json\/wp\/v2\/users\/2"}],"replies":[{"embeddable":true,"href":"https:\/\/patagoniambiental.com.ar\/info\/wp-json\/wp\/v2\/comments?post=79510"}],"version-history":[{"count":0,"href":"https:\/\/patagoniambiental.com.ar\/info\/wp-json\/wp\/v2\/posts\/79510\/revisions"}],"wp:featuredmedia":[{"embeddable":true,"href":"https:\/\/patagoniambiental.com.ar\/info\/wp-json\/wp\/v2\/media\/79511"}],"wp:attachment":[{"href":"https:\/\/patagoniambiental.com.ar\/info\/wp-json\/wp\/v2\/media?parent=79510"}],"wp:term":[{"taxonomy":"category","embeddable":true,"href":"https:\/\/patagoniambiental.com.ar\/info\/wp-json\/wp\/v2\/categories?post=79510"},{"taxonomy":"post_tag","embeddable":true,"href":"https:\/\/patagoniambiental.com.ar\/info\/wp-json\/wp\/v2\/tags?post=79510"}],"curies":[{"name":"wp","href":"https:\/\/api.w.org\/{rel}","templated":true}]}}