{"id":79526,"date":"2024-01-28T19:00:00","date_gmt":"2024-01-28T22:00:00","guid":{"rendered":"https:\/\/patagoniambiental.com.ar\/info\/?p=79526"},"modified":"2024-08-15T09:54:04","modified_gmt":"2024-08-15T12:54:04","slug":"nacieron-las-primeras-crias-gestadas-en-la-estacion-de-rehabilitacion-de-huemules","status":"publish","type":"post","link":"https:\/\/patagoniambiental.com.ar\/info\/nacieron-las-primeras-crias-gestadas-en-la-estacion-de-rehabilitacion-de-huemules\/","title":{"rendered":"Nacieron las primeras cr\u00edas en la Estaci\u00f3n de Rehabilitaci\u00f3n de huemules"},"content":{"rendered":"\n<!--more-->\n\n\n\n<p><a href=\"https:\/\/ahoracalafate.com.ar\/usuario\/2\/guillermo-perez-luque\">Guillermo P\u00e9rez Luque<\/a>.-El hecho es considerado un gran paso en el objetivo de este proyecto para recuperar a esta especie en peligro de extinci\u00f3n. La estaci\u00f3n est\u00e1 ubicada al suroeste de Chubut. Uno de los investigadores que inici\u00f3 el proyecto es Werner Flueck, quien cuenta los pormenores de la novedad a Ahora Calafate y anticipa como sigue el proyecto.<\/p>\n\n\n\n<p>La Fundaci\u00f3n Temaiken comparti\u00f3 la noticia del nacimiento de la primera cr\u00eda gestada en la Estaci\u00f3n de Rehabilitaci\u00f3n y Recr\u00eda de Huemules Shoonem, ubicada en el suroeste de Chubut.<\/p>\n\n\n\n<p>La primera cr\u00eda fue bautizada \u00d1ire y naci\u00f3 hace unas semanas. Y d\u00edas despu\u00e9s se detect\u00f3 una segunda cr\u00eda, tambi\u00e9n concebida por animales que viven en esta \u00e1rea protegido.<\/p>\n\n\n\n<p>Esto representa un gran paso en el proyecto que llevan adelante un equipo de investigadores, entre ellos el bi\u00f3logo suizo Werner Flueck, quien vive en Argentina desde 1990 y es miembro del Conicet en Santa Carlos de Bariloche.<\/p>\n\n\n\n<p>\u201cLa \u00faltima novedad es que los adultos dentro la estaci\u00f3n han producido dos cr\u00edas en esa temporada, y hay ahora son 8 individuos\u201d, dijo el investigador a Ahora Calafate.<\/p>\n\n\n\n<p>El verano pasado inform\u00e1bamos del primer nacimiento de un huemul en cautiverio despu\u00e9s de 70 a\u00f1os. Fue justamente en la estaci\u00f3n Shoonem y la llamaron \u201cShehuen\u201d. Flueck cont\u00f3 que esa primera cr\u00eda \u201cresult\u00f3 de una hembra que vino de una zona silvestre y fue trasladada a la estaci\u00f3n, ya pre\u00f1ada\u201d.<\/p>\n\n\n\n<p>\u201cA diferencia de Shehuen, las 2 cr\u00edas de ahora resultaron de madres y padres identificados y viviendo dentro del \u00e1rea protegida\u201d, resalta el bi\u00f3logo. Esto demuestra que los animales se adaptaron totalmente al ambiente y se aparearon, resultando en estos nacimientos.<\/p>\n\n\n\n<p>Flueck se especializado en estudio del huemul. Anteriormente hab\u00eda estudiado en EEUU el comportamiento de los c\u00e9rvidos y despu\u00e9s se doctor\u00f3 en enfermedades y salud de los animales.<\/p>\n\n\n\n<p>&nbsp;En entrevista con Ahora Calafate, cuenta que \u201cun objetivo principal es poder reintroducir huemules en zonas donde se han extinguido, y que provean ambientes bien f\u00e9rtiles, tal que permita buena salud de los animales y un crecimiento positivo de las poblaciones\u201d.<\/p>\n\n\n\n<p>El Parque Protegido Municipal Shoonem abarca aproximadamente 148.000 has. y contiene \u00edntegramente en su territorio a los Lagos: Fontana &#8211; La Plata, y la naciente del R\u00edo Senguer, en el ejido de la Municipalidad de Alto R\u00edo Senguer, Chubut.<\/p>\n\n\n\n<p>El \u00c1rea Protegida es lindera en su sector occidental a la Reserva Nacional Lago las Torres, en la Rep\u00fablica de Chile, ad\u00f3nde tambi\u00e9n se protegen especies de fauna silvestre amenazadas, potenciando en conjunto un corredor binacional protegido.<\/p>\n\n\n\n<p>En Argentina viven entre 350 y 500 huemules dispersos en una extensi\u00f3n de unos 1 800 kil\u00f3metros a lo largo de los Andes. Para salvarlos de la extinci\u00f3n Flueck, junto con su esposa Jo Ann, tambi\u00e9n bi\u00f3loga, impulsaron la creaci\u00f3n de la \u201cFundaci\u00f3n Shoonem\u201d (huemul en lengua nativa).<\/p>\n\n\n\n<p>El bi\u00f3logo explic\u00f3 que para las primeras reintroducciones de huemules todav\u00eda falta tiempo. Apuntamos a llegar primero a unos 25 o 30 huemules en la estaci\u00f3n, y reci\u00e9n despu\u00e9s la idea es cada a\u00f1o poder retirar 2 o 3 parejas para liberarlas.<\/p>\n\n\n\n<p>La elecci\u00f3n de las zonas donde liberarlos \u201ctambi\u00e9n ser\u00e1 un proceso, ya que la mayor\u00eda de los ambientes bien f\u00e9rtiles han sido ocupados por el hombre con su ganado\u201d, explica.<\/p>\n\n\n\n<p>\u201cPero hoy en d\u00eda es m\u00e1s factible encontrar campos privados donde la gente est\u00e9 de acuerdo recibir fauna aut\u00f3ctona como huemul, y preservarlos al m\u00e1ximo posible. Sin duda una convivencia es posible, como se conoce con otras especies de ciervos en todo el mundo\u201d, afirma Flueck<\/p>\n\n\n\n<p>En la Estaci\u00f3n de rehabilitaci\u00f3n y recr\u00eda todos los adultos tienen radio collares, \u201cas\u00ed podemos encontrarlos f\u00e1cilmente para observarlos\u201d.<\/p>\n\n\n\n<p>\u201cObviamente las cr\u00edas quedan cerca de sus madres y se observan los dos en conjunto. Pero cuando una cr\u00eda llega a tener el tama\u00f1o de un adulto, podremos optar para agarrarlo para sacar muestras y ponerle un radio collar tambi\u00e9n. Todos los adultos de la estaci\u00f3n, y los que se liberar\u00e1, tendr\u00e1n radio collares para su monitoreo\u201d cuenta el investigador<\/p>\n\n\n\n<p>Flueck detall\u00f3 que tanto los huemules de la estaci\u00f3n como aquellos que se liberen en el futuro \u201cnos permitir\u00e1 estudiar muchos aspectos todav\u00eda poco conocidos de esta especie\u201d.<\/p>\n\n\n\n<p>El cient\u00edfico destac\u00f3 que el aprovechamiento de estas oportunidades \u00fanicas es posible gracias a la participaci\u00f3n directa de la Fundaci\u00f3n Temaiken de Bs As, y el apoyo de varios grupos cient\u00edficos especializados de varios pa\u00edses en el mundo.<\/p>\n\n\n\n<p>Fuente: ahoracalafate.com.ar<\/p>\n","protected":false},"excerpt":{"rendered":"","protected":false},"author":2,"featured_media":79527,"comment_status":"open","ping_status":"open","sticky":false,"template":"","format":"standard","meta":{"site-sidebar-layout":"default","site-content-layout":"","ast-site-content-layout":"default","site-content-style":"default","site-sidebar-style":"default","ast-global-header-display":"","ast-banner-title-visibility":"","ast-main-header-display":"","ast-hfb-above-header-display":"","ast-hfb-below-header-display":"","ast-hfb-mobile-header-display":"","site-post-title":"","ast-breadcrumbs-content":"","ast-featured-img":"","footer-sml-layout":"","ast-disable-related-posts":"","theme-transparent-header-meta":"","adv-header-id-meta":"","stick-header-meta":"","header-above-stick-meta":"","header-main-stick-meta":"","header-below-stick-meta":"","astra-migrate-meta-layouts":"default","ast-page-background-enabled":"default","ast-page-background-meta":{"desktop":{"background-color":"var(--ast-global-color-5)","background-image":"","background-repeat":"repeat","background-position":"center center","background-size":"auto","background-attachment":"scroll","background-type":"","background-media":"","overlay-type":"","overlay-color":"","overlay-opacity":"","overlay-gradient":""},"tablet":{"background-color":"","background-image":"","background-repeat":"repeat","background-position":"center center","background-size":"auto","background-attachment":"scroll","background-type":"","background-media":"","overlay-type":"","overlay-color":"","overlay-opacity":"","overlay-gradient":""},"mobile":{"background-color":"","background-image":"","background-repeat":"repeat","background-position":"center center","background-size":"auto","background-attachment":"scroll","background-type":"","background-media":"","overlay-type":"","overlay-color":"","overlay-opacity":"","overlay-gradient":""}},"ast-content-background-meta":{"desktop":{"background-color":"var(--ast-global-color-4)","background-image":"","background-repeat":"repeat","background-position":"center center","background-size":"auto","background-attachment":"scroll","background-type":"","background-media":"","overlay-type":"","overlay-color":"","overlay-opacity":"","overlay-gradient":""},"tablet":{"background-color":"var(--ast-global-color-4)","background-image":"","background-repeat":"repeat","background-position":"center center","background-size":"auto","background-attachment":"scroll","background-type":"","background-media":"","overlay-type":"","overlay-color":"","overlay-opacity":"","overlay-gradient":""},"mobile":{"background-color":"var(--ast-global-color-4)","background-image":"","background-repeat":"repeat","background-position":"center center","background-size":"auto","background-attachment":"scroll","background-type":"","background-media":"","overlay-type":"","overlay-color":"","overlay-opacity":"","overlay-gradient":""}},"footnotes":""},"categories":[13],"tags":[],"class_list":["post-79526","post","type-post","status-publish","format-standard","has-post-thumbnail","hentry","category-provinciales"],"yoast_head":"<!-- This site is optimized with the Yoast SEO Premium plugin v23.0 (Yoast SEO v27.4) - https:\/\/yoast.com\/product\/yoast-seo-premium-wordpress\/ -->\n<title>Nacieron las primeras cr\u00edas en la Estaci\u00f3n de Rehabilitaci\u00f3n de huemules<\/title>\n<meta name=\"robots\" content=\"index, follow, max-snippet:-1, max-image-preview:large, max-video-preview:-1\" \/>\n<link rel=\"canonical\" href=\"https:\/\/patagoniambiental.com.ar\/info\/nacieron-las-primeras-crias-gestadas-en-la-estacion-de-rehabilitacion-de-huemules\/\" \/>\n<meta property=\"og:locale\" content=\"es_ES\" \/>\n<meta property=\"og:type\" content=\"article\" \/>\n<meta property=\"og:title\" content=\"Nacieron las primeras cr\u00edas en la Estaci\u00f3n de Rehabilitaci\u00f3n de huemules\" \/>\n<meta property=\"og:url\" content=\"https:\/\/patagoniambiental.com.ar\/info\/nacieron-las-primeras-crias-gestadas-en-la-estacion-de-rehabilitacion-de-huemules\/\" \/>\n<meta property=\"og:site_name\" content=\"Patagonia Ambiental\" \/>\n<meta property=\"article:publisher\" content=\"https:\/\/www.facebook.com\/patagonia.ambiental\" \/>\n<meta property=\"article:author\" content=\"https:\/\/www.facebook.com\/share\/1C1V8Gv9BX\/?mibextid=qi2Omg\" \/>\n<meta property=\"article:published_time\" content=\"2024-01-28T22:00:00+00:00\" \/>\n<meta property=\"article:modified_time\" content=\"2024-08-15T12:54:04+00:00\" \/>\n<meta property=\"og:image\" content=\"https:\/\/patagoniambiental.com.ar\/info\/wp-content\/uploads\/2024\/01\/huemules.jpg\" \/>\n\t<meta property=\"og:image:width\" content=\"774\" \/>\n\t<meta property=\"og:image:height\" content=\"410\" \/>\n\t<meta property=\"og:image:type\" content=\"image\/jpeg\" \/>\n<meta name=\"author\" content=\"Patagonia Ambiental\" \/>\n<meta name=\"twitter:card\" content=\"summary_large_image\" \/>\n<meta name=\"twitter:creator\" content=\"@PatAmb\" \/>\n<meta name=\"twitter:site\" content=\"@PatAmb\" \/>\n<script type=\"application\/ld+json\" class=\"yoast-schema-graph\">{\"@context\":\"https:\\\/\\\/schema.org\",\"@graph\":[{\"@type\":\"Article\",\"@id\":\"https:\\\/\\\/patagoniambiental.com.ar\\\/info\\\/nacieron-las-primeras-crias-gestadas-en-la-estacion-de-rehabilitacion-de-huemules\\\/#article\",\"isPartOf\":{\"@id\":\"https:\\\/\\\/patagoniambiental.com.ar\\\/info\\\/nacieron-las-primeras-crias-gestadas-en-la-estacion-de-rehabilitacion-de-huemules\\\/\"},\"author\":{\"name\":\"Patagonia Ambiental\",\"@id\":\"https:\\\/\\\/patagoniambiental.com.ar\\\/info\\\/#\\\/schema\\\/person\\\/db12bff64bbcbf6a253710bf0ea37b5d\"},\"headline\":\"Nacieron las primeras cr\u00edas en la Estaci\u00f3n de Rehabilitaci\u00f3n de huemules\",\"datePublished\":\"2024-01-28T22:00:00+00:00\",\"dateModified\":\"2024-08-15T12:54:04+00:00\",\"mainEntityOfPage\":{\"@id\":\"https:\\\/\\\/patagoniambiental.com.ar\\\/info\\\/nacieron-las-primeras-crias-gestadas-en-la-estacion-de-rehabilitacion-de-huemules\\\/\"},\"wordCount\":810,\"commentCount\":0,\"publisher\":{\"@id\":\"https:\\\/\\\/patagoniambiental.com.ar\\\/info\\\/#organization\"},\"image\":{\"@id\":\"https:\\\/\\\/patagoniambiental.com.ar\\\/info\\\/nacieron-las-primeras-crias-gestadas-en-la-estacion-de-rehabilitacion-de-huemules\\\/#primaryimage\"},\"thumbnailUrl\":\"https:\\\/\\\/patagoniambiental.com.ar\\\/info\\\/wp-content\\\/uploads\\\/2024\\\/01\\\/huemules.jpg\",\"articleSection\":[\"Provinciales\"],\"inLanguage\":\"es\",\"potentialAction\":[{\"@type\":\"CommentAction\",\"name\":\"Comment\",\"target\":[\"https:\\\/\\\/patagoniambiental.com.ar\\\/info\\\/nacieron-las-primeras-crias-gestadas-en-la-estacion-de-rehabilitacion-de-huemules\\\/#respond\"]}]},{\"@type\":\"WebPage\",\"@id\":\"https:\\\/\\\/patagoniambiental.com.ar\\\/info\\\/nacieron-las-primeras-crias-gestadas-en-la-estacion-de-rehabilitacion-de-huemules\\\/\",\"url\":\"https:\\\/\\\/patagoniambiental.com.ar\\\/info\\\/nacieron-las-primeras-crias-gestadas-en-la-estacion-de-rehabilitacion-de-huemules\\\/\",\"name\":\"Nacieron las primeras cr\u00edas en la Estaci\u00f3n de Rehabilitaci\u00f3n de huemules\",\"isPartOf\":{\"@id\":\"https:\\\/\\\/patagoniambiental.com.ar\\\/info\\\/#website\"},\"primaryImageOfPage\":{\"@id\":\"https:\\\/\\\/patagoniambiental.com.ar\\\/info\\\/nacieron-las-primeras-crias-gestadas-en-la-estacion-de-rehabilitacion-de-huemules\\\/#primaryimage\"},\"image\":{\"@id\":\"https:\\\/\\\/patagoniambiental.com.ar\\\/info\\\/nacieron-las-primeras-crias-gestadas-en-la-estacion-de-rehabilitacion-de-huemules\\\/#primaryimage\"},\"thumbnailUrl\":\"https:\\\/\\\/patagoniambiental.com.ar\\\/info\\\/wp-content\\\/uploads\\\/2024\\\/01\\\/huemules.jpg\",\"datePublished\":\"2024-01-28T22:00:00+00:00\",\"dateModified\":\"2024-08-15T12:54:04+00:00\",\"breadcrumb\":{\"@id\":\"https:\\\/\\\/patagoniambiental.com.ar\\\/info\\\/nacieron-las-primeras-crias-gestadas-en-la-estacion-de-rehabilitacion-de-huemules\\\/#breadcrumb\"},\"inLanguage\":\"es\",\"potentialAction\":[{\"@type\":\"ReadAction\",\"target\":[\"https:\\\/\\\/patagoniambiental.com.ar\\\/info\\\/nacieron-las-primeras-crias-gestadas-en-la-estacion-de-rehabilitacion-de-huemules\\\/\"]}]},{\"@type\":\"ImageObject\",\"inLanguage\":\"es\",\"@id\":\"https:\\\/\\\/patagoniambiental.com.ar\\\/info\\\/nacieron-las-primeras-crias-gestadas-en-la-estacion-de-rehabilitacion-de-huemules\\\/#primaryimage\",\"url\":\"https:\\\/\\\/patagoniambiental.com.ar\\\/info\\\/wp-content\\\/uploads\\\/2024\\\/01\\\/huemules.jpg\",\"contentUrl\":\"https:\\\/\\\/patagoniambiental.com.ar\\\/info\\\/wp-content\\\/uploads\\\/2024\\\/01\\\/huemules.jpg\",\"width\":774,\"height\":410},{\"@type\":\"BreadcrumbList\",\"@id\":\"https:\\\/\\\/patagoniambiental.com.ar\\\/info\\\/nacieron-las-primeras-crias-gestadas-en-la-estacion-de-rehabilitacion-de-huemules\\\/#breadcrumb\",\"itemListElement\":[{\"@type\":\"ListItem\",\"position\":1,\"name\":\"Inicio\",\"item\":\"https:\\\/\\\/patagoniambiental.com.ar\\\/info\\\/\"},{\"@type\":\"ListItem\",\"position\":2,\"name\":\"Nacieron las primeras cr\u00edas en la Estaci\u00f3n de Rehabilitaci\u00f3n de huemules\"}]},{\"@type\":\"WebSite\",\"@id\":\"https:\\\/\\\/patagoniambiental.com.ar\\\/info\\\/#website\",\"url\":\"https:\\\/\\\/patagoniambiental.com.ar\\\/info\\\/\",\"name\":\"Patagonia Ambiental\",\"description\":\"Monitoreo y an\u00e1lisis de la situaci\u00f3n geopol\u00edtica en el mundo y su implicancia en la Patagonia\",\"publisher\":{\"@id\":\"https:\\\/\\\/patagoniambiental.com.ar\\\/info\\\/#organization\"},\"potentialAction\":[{\"@type\":\"SearchAction\",\"target\":{\"@type\":\"EntryPoint\",\"urlTemplate\":\"https:\\\/\\\/patagoniambiental.com.ar\\\/info\\\/?s={search_term_string}\"},\"query-input\":{\"@type\":\"PropertyValueSpecification\",\"valueRequired\":true,\"valueName\":\"search_term_string\"}}],\"inLanguage\":\"es\"},{\"@type\":\"Organization\",\"@id\":\"https:\\\/\\\/patagoniambiental.com.ar\\\/info\\\/#organization\",\"name\":\"Patagonia Ambiental\",\"url\":\"https:\\\/\\\/patagoniambiental.com.ar\\\/info\\\/\",\"logo\":{\"@type\":\"ImageObject\",\"inLanguage\":\"es\",\"@id\":\"https:\\\/\\\/patagoniambiental.com.ar\\\/info\\\/#\\\/schema\\\/logo\\\/image\\\/\",\"url\":\"https:\\\/\\\/patagoniambiental.com.ar\\\/info\\\/wp-content\\\/uploads\\\/2025\\\/05\\\/LOGO-PATAGONIA-AMBIENTAL.png\",\"contentUrl\":\"https:\\\/\\\/patagoniambiental.com.ar\\\/info\\\/wp-content\\\/uploads\\\/2025\\\/05\\\/LOGO-PATAGONIA-AMBIENTAL.png\",\"width\":433,\"height\":250,\"caption\":\"Patagonia Ambiental\"},\"image\":{\"@id\":\"https:\\\/\\\/patagoniambiental.com.ar\\\/info\\\/#\\\/schema\\\/logo\\\/image\\\/\"},\"sameAs\":[\"https:\\\/\\\/www.facebook.com\\\/patagonia.ambiental\",\"https:\\\/\\\/x.com\\\/PatAmb\"]},{\"@type\":\"Person\",\"@id\":\"https:\\\/\\\/patagoniambiental.com.ar\\\/info\\\/#\\\/schema\\\/person\\\/db12bff64bbcbf6a253710bf0ea37b5d\",\"name\":\"Patagonia Ambiental\",\"description\":\"Andr\u00e9s Nievas T\u00e9cnico en manejo ambiental, consultor Ambiental y escritor para medios locales e internacionales sobre temas de geopolitica y medio ambiente.\",\"sameAs\":[\"http:\\\/\\\/www.patagoniambiental.com.ar\",\"https:\\\/\\\/www.facebook.com\\\/share\\\/1C1V8Gv9BX\\\/?mibextid=qi2Omg\",\"@patagoniambiental\",\"https:\\\/\\\/youtube.com\\\/@patagoniaambiental2023?si=BLt58t0wuXquxlYZ\"]}]}<\/script>\n<!-- \/ Yoast SEO Premium plugin. -->","yoast_head_json":{"title":"Nacieron las primeras cr\u00edas en la Estaci\u00f3n de Rehabilitaci\u00f3n de huemules","robots":{"index":"index","follow":"follow","max-snippet":"max-snippet:-1","max-image-preview":"max-image-preview:large","max-video-preview":"max-video-preview:-1"},"canonical":"https:\/\/patagoniambiental.com.ar\/info\/nacieron-las-primeras-crias-gestadas-en-la-estacion-de-rehabilitacion-de-huemules\/","og_locale":"es_ES","og_type":"article","og_title":"Nacieron las primeras cr\u00edas en la Estaci\u00f3n de Rehabilitaci\u00f3n de huemules","og_url":"https:\/\/patagoniambiental.com.ar\/info\/nacieron-las-primeras-crias-gestadas-en-la-estacion-de-rehabilitacion-de-huemules\/","og_site_name":"Patagonia Ambiental","article_publisher":"https:\/\/www.facebook.com\/patagonia.ambiental","article_author":"https:\/\/www.facebook.com\/share\/1C1V8Gv9BX\/?mibextid=qi2Omg","article_published_time":"2024-01-28T22:00:00+00:00","article_modified_time":"2024-08-15T12:54:04+00:00","og_image":[{"width":774,"height":410,"url":"https:\/\/patagoniambiental.com.ar\/info\/wp-content\/uploads\/2024\/01\/huemules.jpg","type":"image\/jpeg"}],"author":"Patagonia Ambiental","twitter_card":"summary_large_image","twitter_creator":"@PatAmb","twitter_site":"@PatAmb","schema":{"@context":"https:\/\/schema.org","@graph":[{"@type":"Article","@id":"https:\/\/patagoniambiental.com.ar\/info\/nacieron-las-primeras-crias-gestadas-en-la-estacion-de-rehabilitacion-de-huemules\/#article","isPartOf":{"@id":"https:\/\/patagoniambiental.com.ar\/info\/nacieron-las-primeras-crias-gestadas-en-la-estacion-de-rehabilitacion-de-huemules\/"},"author":{"name":"Patagonia Ambiental","@id":"https:\/\/patagoniambiental.com.ar\/info\/#\/schema\/person\/db12bff64bbcbf6a253710bf0ea37b5d"},"headline":"Nacieron las primeras cr\u00edas en la Estaci\u00f3n de Rehabilitaci\u00f3n de huemules","datePublished":"2024-01-28T22:00:00+00:00","dateModified":"2024-08-15T12:54:04+00:00","mainEntityOfPage":{"@id":"https:\/\/patagoniambiental.com.ar\/info\/nacieron-las-primeras-crias-gestadas-en-la-estacion-de-rehabilitacion-de-huemules\/"},"wordCount":810,"commentCount":0,"publisher":{"@id":"https:\/\/patagoniambiental.com.ar\/info\/#organization"},"image":{"@id":"https:\/\/patagoniambiental.com.ar\/info\/nacieron-las-primeras-crias-gestadas-en-la-estacion-de-rehabilitacion-de-huemules\/#primaryimage"},"thumbnailUrl":"https:\/\/patagoniambiental.com.ar\/info\/wp-content\/uploads\/2024\/01\/huemules.jpg","articleSection":["Provinciales"],"inLanguage":"es","potentialAction":[{"@type":"CommentAction","name":"Comment","target":["https:\/\/patagoniambiental.com.ar\/info\/nacieron-las-primeras-crias-gestadas-en-la-estacion-de-rehabilitacion-de-huemules\/#respond"]}]},{"@type":"WebPage","@id":"https:\/\/patagoniambiental.com.ar\/info\/nacieron-las-primeras-crias-gestadas-en-la-estacion-de-rehabilitacion-de-huemules\/","url":"https:\/\/patagoniambiental.com.ar\/info\/nacieron-las-primeras-crias-gestadas-en-la-estacion-de-rehabilitacion-de-huemules\/","name":"Nacieron las primeras cr\u00edas en la Estaci\u00f3n de Rehabilitaci\u00f3n de huemules","isPartOf":{"@id":"https:\/\/patagoniambiental.com.ar\/info\/#website"},"primaryImageOfPage":{"@id":"https:\/\/patagoniambiental.com.ar\/info\/nacieron-las-primeras-crias-gestadas-en-la-estacion-de-rehabilitacion-de-huemules\/#primaryimage"},"image":{"@id":"https:\/\/patagoniambiental.com.ar\/info\/nacieron-las-primeras-crias-gestadas-en-la-estacion-de-rehabilitacion-de-huemules\/#primaryimage"},"thumbnailUrl":"https:\/\/patagoniambiental.com.ar\/info\/wp-content\/uploads\/2024\/01\/huemules.jpg","datePublished":"2024-01-28T22:00:00+00:00","dateModified":"2024-08-15T12:54:04+00:00","breadcrumb":{"@id":"https:\/\/patagoniambiental.com.ar\/info\/nacieron-las-primeras-crias-gestadas-en-la-estacion-de-rehabilitacion-de-huemules\/#breadcrumb"},"inLanguage":"es","potentialAction":[{"@type":"ReadAction","target":["https:\/\/patagoniambiental.com.ar\/info\/nacieron-las-primeras-crias-gestadas-en-la-estacion-de-rehabilitacion-de-huemules\/"]}]},{"@type":"ImageObject","inLanguage":"es","@id":"https:\/\/patagoniambiental.com.ar\/info\/nacieron-las-primeras-crias-gestadas-en-la-estacion-de-rehabilitacion-de-huemules\/#primaryimage","url":"https:\/\/patagoniambiental.com.ar\/info\/wp-content\/uploads\/2024\/01\/huemules.jpg","contentUrl":"https:\/\/patagoniambiental.com.ar\/info\/wp-content\/uploads\/2024\/01\/huemules.jpg","width":774,"height":410},{"@type":"BreadcrumbList","@id":"https:\/\/patagoniambiental.com.ar\/info\/nacieron-las-primeras-crias-gestadas-en-la-estacion-de-rehabilitacion-de-huemules\/#breadcrumb","itemListElement":[{"@type":"ListItem","position":1,"name":"Inicio","item":"https:\/\/patagoniambiental.com.ar\/info\/"},{"@type":"ListItem","position":2,"name":"Nacieron las primeras cr\u00edas en la Estaci\u00f3n de Rehabilitaci\u00f3n de huemules"}]},{"@type":"WebSite","@id":"https:\/\/patagoniambiental.com.ar\/info\/#website","url":"https:\/\/patagoniambiental.com.ar\/info\/","name":"Patagonia Ambiental","description":"Monitoreo y an\u00e1lisis de la situaci\u00f3n geopol\u00edtica en el mundo y su implicancia en la Patagonia","publisher":{"@id":"https:\/\/patagoniambiental.com.ar\/info\/#organization"},"potentialAction":[{"@type":"SearchAction","target":{"@type":"EntryPoint","urlTemplate":"https:\/\/patagoniambiental.com.ar\/info\/?s={search_term_string}"},"query-input":{"@type":"PropertyValueSpecification","valueRequired":true,"valueName":"search_term_string"}}],"inLanguage":"es"},{"@type":"Organization","@id":"https:\/\/patagoniambiental.com.ar\/info\/#organization","name":"Patagonia Ambiental","url":"https:\/\/patagoniambiental.com.ar\/info\/","logo":{"@type":"ImageObject","inLanguage":"es","@id":"https:\/\/patagoniambiental.com.ar\/info\/#\/schema\/logo\/image\/","url":"https:\/\/patagoniambiental.com.ar\/info\/wp-content\/uploads\/2025\/05\/LOGO-PATAGONIA-AMBIENTAL.png","contentUrl":"https:\/\/patagoniambiental.com.ar\/info\/wp-content\/uploads\/2025\/05\/LOGO-PATAGONIA-AMBIENTAL.png","width":433,"height":250,"caption":"Patagonia Ambiental"},"image":{"@id":"https:\/\/patagoniambiental.com.ar\/info\/#\/schema\/logo\/image\/"},"sameAs":["https:\/\/www.facebook.com\/patagonia.ambiental","https:\/\/x.com\/PatAmb"]},{"@type":"Person","@id":"https:\/\/patagoniambiental.com.ar\/info\/#\/schema\/person\/db12bff64bbcbf6a253710bf0ea37b5d","name":"Patagonia Ambiental","description":"Andr\u00e9s Nievas T\u00e9cnico en manejo ambiental, consultor Ambiental y escritor para medios locales e internacionales sobre temas de geopolitica y medio ambiente.","sameAs":["http:\/\/www.patagoniambiental.com.ar","https:\/\/www.facebook.com\/share\/1C1V8Gv9BX\/?mibextid=qi2Omg","@patagoniambiental","https:\/\/youtube.com\/@patagoniaambiental2023?si=BLt58t0wuXquxlYZ"]}]}},"_links":{"self":[{"href":"https:\/\/patagoniambiental.com.ar\/info\/wp-json\/wp\/v2\/posts\/79526","targetHints":{"allow":["GET"]}}],"collection":[{"href":"https:\/\/patagoniambiental.com.ar\/info\/wp-json\/wp\/v2\/posts"}],"about":[{"href":"https:\/\/patagoniambiental.com.ar\/info\/wp-json\/wp\/v2\/types\/post"}],"author":[{"embeddable":true,"href":"https:\/\/patagoniambiental.com.ar\/info\/wp-json\/wp\/v2\/users\/2"}],"replies":[{"embeddable":true,"href":"https:\/\/patagoniambiental.com.ar\/info\/wp-json\/wp\/v2\/comments?post=79526"}],"version-history":[{"count":0,"href":"https:\/\/patagoniambiental.com.ar\/info\/wp-json\/wp\/v2\/posts\/79526\/revisions"}],"wp:featuredmedia":[{"embeddable":true,"href":"https:\/\/patagoniambiental.com.ar\/info\/wp-json\/wp\/v2\/media\/79527"}],"wp:attachment":[{"href":"https:\/\/patagoniambiental.com.ar\/info\/wp-json\/wp\/v2\/media?parent=79526"}],"wp:term":[{"taxonomy":"category","embeddable":true,"href":"https:\/\/patagoniambiental.com.ar\/info\/wp-json\/wp\/v2\/categories?post=79526"},{"taxonomy":"post_tag","embeddable":true,"href":"https:\/\/patagoniambiental.com.ar\/info\/wp-json\/wp\/v2\/tags?post=79526"}],"curies":[{"name":"wp","href":"https:\/\/api.w.org\/{rel}","templated":true}]}}