{"id":79556,"date":"2024-01-30T19:00:00","date_gmt":"2024-01-30T22:00:00","guid":{"rendered":"https:\/\/patagoniambiental.com.ar\/info\/?p=79556"},"modified":"2024-08-15T09:44:19","modified_gmt":"2024-08-15T12:44:19","slug":"cientificos-del-conicet-piden-votar-en-contra-de-la-reforma-de-la-ley-de-glaciares","status":"publish","type":"post","link":"https:\/\/patagoniambiental.com.ar\/info\/cientificos-del-conicet-piden-votar-en-contra-de-la-reforma-de-la-ley-de-glaciares\/","title":{"rendered":"Del Conicet piden votar en contra de la reforma de la ley de Glaciares"},"content":{"rendered":"\n<!--more-->\n\n\n\n<h4 class=\"wp-block-heading\" id=\"h-diecisiete-especialistas-mandaron-una-comunicacion-a-la-camara-de-diputados-advirtiendo-el-nuevo-proyecto-contiene-modificaciones-que-van-en-contra-de-la-proteccion-y-cuidado-de-las-reservas-estrategicas-de-agua-en-estado-solido-en-argentina\">Diecisiete especialistas mandaron una comunicaci\u00f3n a la C\u00e1mara de Diputados advirtiendo: \u201cEl nuevo proyecto contiene modificaciones que van en contra de la protecci\u00f3n y cuidado de las reservas estrat\u00e9gicas de agua en estado s\u00f3lido en Argentina\u201d.<\/h4>\n\n\n\n<hr class=\"wp-block-separator has-alpha-channel-opacity\"\/>\n\n\n\n<figure class=\"wp-block-image\"><img decoding=\"async\" src=\"https:\/\/criticasur.com.ar\/uploads\/noticias\/5\/20240131000410_640e2c2ce5f41_1200.jpg\" alt=\"\" title=\"\"\/><\/figure>\n\n\n\n<p><strong>Cient\u00edficos del Conicet y de la Universidad Nacional de Cuyo (UNCuyo) que vienen estudiando los glaciares y el ambiente periglacial de los Andes<\/strong>&nbsp;enviaron una carta a la C\u00e1mara de Diputados de la Naci\u00f3n para expresar su \u201cpreocupaci\u00f3n\u201d y \u201crechazo\u201d a los cambios propuestos en la denominada Ley de Glaciares que supone el proyecto \u201cBases\u201d.<br><br><strong>\u201cEl nuevo proyecto contiene modificaciones que van en contra de la protecci\u00f3n y cuidado de las reservas estrat\u00e9gicas de agua en estado s\u00f3lido en Argentina\u201d<\/strong>, advierten el texto que firman 17 especialistas.<br><br>La misiva recuerda que la Ley N\u00b0 26.639 de \u201cR\u00e9gimen de Presupuestos M\u00ednimos para la Preservaci\u00f3n de los Glaciares y del Ambiente Periglacial\u201d fue producto de un debate social, que cont\u00f3 con asesoramiento cient\u00edfico experto en la materia.<\/p>\n\n\n\n<p>Sancionada en 2010, \u201csu car\u00e1cter constitucional fue adem\u00e1s ratificado en 2019 por la Corte Suprema de Justicia de la Naci\u00f3n\u201d, puntualizaron.<br><br>Ahora, las reformas contenidas en el proyecto de ley Bases \u201cs\u00f3lo proponen proteger a uno de sus elementos caracter\u00edsticos, los glaciares de escombros &#8216;activos&#8217;, dejando afuera al resto de los cuerpos de hielo que conforman este ambiente\u201d.<br><br>\u201cEntendemos que las modificaciones propuestas no s\u00f3lo vulneran acuerdos sociales previamente alcanzados, sino tambi\u00e9n que los cambios propuestos no guardan relaci\u00f3n con el marco de necesidad y urgencia&nbsp;<strong>que motiva el paquete de reformas del proyecto de Ley\u201d<\/strong>, advierten en la carta.<br><br>Y todo en un contexto de aceleramiento del cambio clim\u00e1tico y el calentamiento global a nivel mundial.<br><br>\u201cEl cambio clim\u00e1tico est\u00e1 afectando todas las regiones del planeta. En la Cordillera de los Andes, el aumento de temperatura y la disminuci\u00f3n de las precipitaciones s\u00f3lidas han generado una disminuci\u00f3n en los caudales de los r\u00edos, una reducci\u00f3n en el tama\u00f1o de los glaciares y una degradaci\u00f3n del permafrost de monta\u00f1a\u201d, dijeron.<br><br>Por eso, piden a los legisladores, \u201cque arbitren los medios para no hacer lugar a las modificaciones propuestas en la Ley N\u00b0 26.639, ofreciendo nuestra colaboraci\u00f3n para brindar m\u00e1s informaci\u00f3n\u201d, concluyeron.<\/p>\n\n\n\n<p>Fuente: criticasur.com.ar<\/p>\n","protected":false},"excerpt":{"rendered":"","protected":false},"author":2,"featured_media":79557,"comment_status":"open","ping_status":"open","sticky":false,"template":"","format":"standard","meta":{"site-sidebar-layout":"default","site-content-layout":"","ast-site-content-layout":"default","site-content-style":"default","site-sidebar-style":"default","ast-global-header-display":"","ast-banner-title-visibility":"","ast-main-header-display":"","ast-hfb-above-header-display":"","ast-hfb-below-header-display":"","ast-hfb-mobile-header-display":"","site-post-title":"","ast-breadcrumbs-content":"","ast-featured-img":"","footer-sml-layout":"","ast-disable-related-posts":"","theme-transparent-header-meta":"","adv-header-id-meta":"","stick-header-meta":"","header-above-stick-meta":"","header-main-stick-meta":"","header-below-stick-meta":"","astra-migrate-meta-layouts":"default","ast-page-background-enabled":"default","ast-page-background-meta":{"desktop":{"background-color":"var(--ast-global-color-5)","background-image":"","background-repeat":"repeat","background-position":"center center","background-size":"auto","background-attachment":"scroll","background-type":"","background-media":"","overlay-type":"","overlay-color":"","overlay-opacity":"","overlay-gradient":""},"tablet":{"background-color":"","background-image":"","background-repeat":"repeat","background-position":"center center","background-size":"auto","background-attachment":"scroll","background-type":"","background-media":"","overlay-type":"","overlay-color":"","overlay-opacity":"","overlay-gradient":""},"mobile":{"background-color":"","background-image":"","background-repeat":"repeat","background-position":"center center","background-size":"auto","background-attachment":"scroll","background-type":"","background-media":"","overlay-type":"","overlay-color":"","overlay-opacity":"","overlay-gradient":""}},"ast-content-background-meta":{"desktop":{"background-color":"var(--ast-global-color-4)","background-image":"","background-repeat":"repeat","background-position":"center center","background-size":"auto","background-attachment":"scroll","background-type":"","background-media":"","overlay-type":"","overlay-color":"","overlay-opacity":"","overlay-gradient":""},"tablet":{"background-color":"var(--ast-global-color-4)","background-image":"","background-repeat":"repeat","background-position":"center center","background-size":"auto","background-attachment":"scroll","background-type":"","background-media":"","overlay-type":"","overlay-color":"","overlay-opacity":"","overlay-gradient":""},"mobile":{"background-color":"var(--ast-global-color-4)","background-image":"","background-repeat":"repeat","background-position":"center center","background-size":"auto","background-attachment":"scroll","background-type":"","background-media":"","overlay-type":"","overlay-color":"","overlay-opacity":"","overlay-gradient":""}},"footnotes":""},"categories":[19,10],"tags":[],"class_list":["post-79556","post","type-post","status-publish","format-standard","has-post-thumbnail","hentry","category-nacionales","category-rotador"],"yoast_head":"<!-- This site is optimized with the Yoast SEO Premium plugin v23.0 (Yoast SEO v27.4) - https:\/\/yoast.com\/product\/yoast-seo-premium-wordpress\/ -->\n<title>Del Conicet piden votar en contra de la reforma de la ley de Glaciares<\/title>\n<meta name=\"robots\" content=\"index, follow, max-snippet:-1, max-image-preview:large, max-video-preview:-1\" \/>\n<link rel=\"canonical\" href=\"https:\/\/patagoniambiental.com.ar\/info\/cientificos-del-conicet-piden-votar-en-contra-de-la-reforma-de-la-ley-de-glaciares\/\" \/>\n<meta property=\"og:locale\" content=\"es_ES\" \/>\n<meta property=\"og:type\" content=\"article\" \/>\n<meta property=\"og:title\" content=\"Del Conicet piden votar en contra de la reforma de la ley de Glaciares\" \/>\n<meta property=\"og:url\" content=\"https:\/\/patagoniambiental.com.ar\/info\/cientificos-del-conicet-piden-votar-en-contra-de-la-reforma-de-la-ley-de-glaciares\/\" \/>\n<meta property=\"og:site_name\" content=\"Patagonia Ambiental\" \/>\n<meta property=\"article:publisher\" content=\"https:\/\/www.facebook.com\/patagonia.ambiental\" \/>\n<meta property=\"article:author\" content=\"https:\/\/www.facebook.com\/share\/1C1V8Gv9BX\/?mibextid=qi2Omg\" \/>\n<meta property=\"article:published_time\" content=\"2024-01-30T22:00:00+00:00\" \/>\n<meta property=\"article:modified_time\" content=\"2024-08-15T12:44:19+00:00\" \/>\n<meta property=\"og:image\" content=\"https:\/\/patagoniambiental.com.ar\/info\/wp-content\/uploads\/2024\/01\/20240131000410_640e2c2ce5f41_1200.jpg\" \/>\n\t<meta property=\"og:image:width\" content=\"880\" \/>\n\t<meta property=\"og:image:height\" content=\"586\" \/>\n\t<meta property=\"og:image:type\" content=\"image\/jpeg\" \/>\n<meta name=\"author\" content=\"Patagonia Ambiental\" \/>\n<meta name=\"twitter:card\" content=\"summary_large_image\" \/>\n<meta name=\"twitter:creator\" content=\"@PatAmb\" \/>\n<meta name=\"twitter:site\" content=\"@PatAmb\" \/>\n<script type=\"application\/ld+json\" class=\"yoast-schema-graph\">{\"@context\":\"https:\\\/\\\/schema.org\",\"@graph\":[{\"@type\":\"Article\",\"@id\":\"https:\\\/\\\/patagoniambiental.com.ar\\\/info\\\/cientificos-del-conicet-piden-votar-en-contra-de-la-reforma-de-la-ley-de-glaciares\\\/#article\",\"isPartOf\":{\"@id\":\"https:\\\/\\\/patagoniambiental.com.ar\\\/info\\\/cientificos-del-conicet-piden-votar-en-contra-de-la-reforma-de-la-ley-de-glaciares\\\/\"},\"author\":{\"name\":\"Patagonia Ambiental\",\"@id\":\"https:\\\/\\\/patagoniambiental.com.ar\\\/info\\\/#\\\/schema\\\/person\\\/db12bff64bbcbf6a253710bf0ea37b5d\"},\"headline\":\"Del Conicet piden votar en contra de la reforma de la ley de Glaciares\",\"datePublished\":\"2024-01-30T22:00:00+00:00\",\"dateModified\":\"2024-08-15T12:44:19+00:00\",\"mainEntityOfPage\":{\"@id\":\"https:\\\/\\\/patagoniambiental.com.ar\\\/info\\\/cientificos-del-conicet-piden-votar-en-contra-de-la-reforma-de-la-ley-de-glaciares\\\/\"},\"wordCount\":414,\"commentCount\":0,\"publisher\":{\"@id\":\"https:\\\/\\\/patagoniambiental.com.ar\\\/info\\\/#organization\"},\"image\":{\"@id\":\"https:\\\/\\\/patagoniambiental.com.ar\\\/info\\\/cientificos-del-conicet-piden-votar-en-contra-de-la-reforma-de-la-ley-de-glaciares\\\/#primaryimage\"},\"thumbnailUrl\":\"https:\\\/\\\/patagoniambiental.com.ar\\\/info\\\/wp-content\\\/uploads\\\/2024\\\/01\\\/20240131000410_640e2c2ce5f41_1200.jpg\",\"articleSection\":[\"Nacionales\",\"Rotador\"],\"inLanguage\":\"es\",\"potentialAction\":[{\"@type\":\"CommentAction\",\"name\":\"Comment\",\"target\":[\"https:\\\/\\\/patagoniambiental.com.ar\\\/info\\\/cientificos-del-conicet-piden-votar-en-contra-de-la-reforma-de-la-ley-de-glaciares\\\/#respond\"]}]},{\"@type\":\"WebPage\",\"@id\":\"https:\\\/\\\/patagoniambiental.com.ar\\\/info\\\/cientificos-del-conicet-piden-votar-en-contra-de-la-reforma-de-la-ley-de-glaciares\\\/\",\"url\":\"https:\\\/\\\/patagoniambiental.com.ar\\\/info\\\/cientificos-del-conicet-piden-votar-en-contra-de-la-reforma-de-la-ley-de-glaciares\\\/\",\"name\":\"Del Conicet piden votar en contra de la reforma de la ley de Glaciares\",\"isPartOf\":{\"@id\":\"https:\\\/\\\/patagoniambiental.com.ar\\\/info\\\/#website\"},\"primaryImageOfPage\":{\"@id\":\"https:\\\/\\\/patagoniambiental.com.ar\\\/info\\\/cientificos-del-conicet-piden-votar-en-contra-de-la-reforma-de-la-ley-de-glaciares\\\/#primaryimage\"},\"image\":{\"@id\":\"https:\\\/\\\/patagoniambiental.com.ar\\\/info\\\/cientificos-del-conicet-piden-votar-en-contra-de-la-reforma-de-la-ley-de-glaciares\\\/#primaryimage\"},\"thumbnailUrl\":\"https:\\\/\\\/patagoniambiental.com.ar\\\/info\\\/wp-content\\\/uploads\\\/2024\\\/01\\\/20240131000410_640e2c2ce5f41_1200.jpg\",\"datePublished\":\"2024-01-30T22:00:00+00:00\",\"dateModified\":\"2024-08-15T12:44:19+00:00\",\"breadcrumb\":{\"@id\":\"https:\\\/\\\/patagoniambiental.com.ar\\\/info\\\/cientificos-del-conicet-piden-votar-en-contra-de-la-reforma-de-la-ley-de-glaciares\\\/#breadcrumb\"},\"inLanguage\":\"es\",\"potentialAction\":[{\"@type\":\"ReadAction\",\"target\":[\"https:\\\/\\\/patagoniambiental.com.ar\\\/info\\\/cientificos-del-conicet-piden-votar-en-contra-de-la-reforma-de-la-ley-de-glaciares\\\/\"]}]},{\"@type\":\"ImageObject\",\"inLanguage\":\"es\",\"@id\":\"https:\\\/\\\/patagoniambiental.com.ar\\\/info\\\/cientificos-del-conicet-piden-votar-en-contra-de-la-reforma-de-la-ley-de-glaciares\\\/#primaryimage\",\"url\":\"https:\\\/\\\/patagoniambiental.com.ar\\\/info\\\/wp-content\\\/uploads\\\/2024\\\/01\\\/20240131000410_640e2c2ce5f41_1200.jpg\",\"contentUrl\":\"https:\\\/\\\/patagoniambiental.com.ar\\\/info\\\/wp-content\\\/uploads\\\/2024\\\/01\\\/20240131000410_640e2c2ce5f41_1200.jpg\",\"width\":880,\"height\":586},{\"@type\":\"BreadcrumbList\",\"@id\":\"https:\\\/\\\/patagoniambiental.com.ar\\\/info\\\/cientificos-del-conicet-piden-votar-en-contra-de-la-reforma-de-la-ley-de-glaciares\\\/#breadcrumb\",\"itemListElement\":[{\"@type\":\"ListItem\",\"position\":1,\"name\":\"Inicio\",\"item\":\"https:\\\/\\\/patagoniambiental.com.ar\\\/info\\\/\"},{\"@type\":\"ListItem\",\"position\":2,\"name\":\"Del Conicet piden votar en contra de la reforma de la ley de Glaciares\"}]},{\"@type\":\"WebSite\",\"@id\":\"https:\\\/\\\/patagoniambiental.com.ar\\\/info\\\/#website\",\"url\":\"https:\\\/\\\/patagoniambiental.com.ar\\\/info\\\/\",\"name\":\"Patagonia Ambiental\",\"description\":\"Monitoreo y an\u00e1lisis de la situaci\u00f3n geopol\u00edtica en el mundo y su implicancia en la Patagonia\",\"publisher\":{\"@id\":\"https:\\\/\\\/patagoniambiental.com.ar\\\/info\\\/#organization\"},\"potentialAction\":[{\"@type\":\"SearchAction\",\"target\":{\"@type\":\"EntryPoint\",\"urlTemplate\":\"https:\\\/\\\/patagoniambiental.com.ar\\\/info\\\/?s={search_term_string}\"},\"query-input\":{\"@type\":\"PropertyValueSpecification\",\"valueRequired\":true,\"valueName\":\"search_term_string\"}}],\"inLanguage\":\"es\"},{\"@type\":\"Organization\",\"@id\":\"https:\\\/\\\/patagoniambiental.com.ar\\\/info\\\/#organization\",\"name\":\"Patagonia Ambiental\",\"url\":\"https:\\\/\\\/patagoniambiental.com.ar\\\/info\\\/\",\"logo\":{\"@type\":\"ImageObject\",\"inLanguage\":\"es\",\"@id\":\"https:\\\/\\\/patagoniambiental.com.ar\\\/info\\\/#\\\/schema\\\/logo\\\/image\\\/\",\"url\":\"https:\\\/\\\/patagoniambiental.com.ar\\\/info\\\/wp-content\\\/uploads\\\/2025\\\/05\\\/LOGO-PATAGONIA-AMBIENTAL.png\",\"contentUrl\":\"https:\\\/\\\/patagoniambiental.com.ar\\\/info\\\/wp-content\\\/uploads\\\/2025\\\/05\\\/LOGO-PATAGONIA-AMBIENTAL.png\",\"width\":433,\"height\":250,\"caption\":\"Patagonia Ambiental\"},\"image\":{\"@id\":\"https:\\\/\\\/patagoniambiental.com.ar\\\/info\\\/#\\\/schema\\\/logo\\\/image\\\/\"},\"sameAs\":[\"https:\\\/\\\/www.facebook.com\\\/patagonia.ambiental\",\"https:\\\/\\\/x.com\\\/PatAmb\"]},{\"@type\":\"Person\",\"@id\":\"https:\\\/\\\/patagoniambiental.com.ar\\\/info\\\/#\\\/schema\\\/person\\\/db12bff64bbcbf6a253710bf0ea37b5d\",\"name\":\"Patagonia Ambiental\",\"description\":\"Andr\u00e9s Nievas T\u00e9cnico en manejo ambiental, consultor Ambiental y escritor para medios locales e internacionales sobre temas de geopolitica y medio ambiente.\",\"sameAs\":[\"http:\\\/\\\/www.patagoniambiental.com.ar\",\"https:\\\/\\\/www.facebook.com\\\/share\\\/1C1V8Gv9BX\\\/?mibextid=qi2Omg\",\"@patagoniambiental\",\"https:\\\/\\\/youtube.com\\\/@patagoniaambiental2023?si=BLt58t0wuXquxlYZ\"]}]}<\/script>\n<!-- \/ Yoast SEO Premium plugin. -->","yoast_head_json":{"title":"Del Conicet piden votar en contra de la reforma de la ley de Glaciares","robots":{"index":"index","follow":"follow","max-snippet":"max-snippet:-1","max-image-preview":"max-image-preview:large","max-video-preview":"max-video-preview:-1"},"canonical":"https:\/\/patagoniambiental.com.ar\/info\/cientificos-del-conicet-piden-votar-en-contra-de-la-reforma-de-la-ley-de-glaciares\/","og_locale":"es_ES","og_type":"article","og_title":"Del Conicet piden votar en contra de la reforma de la ley de Glaciares","og_url":"https:\/\/patagoniambiental.com.ar\/info\/cientificos-del-conicet-piden-votar-en-contra-de-la-reforma-de-la-ley-de-glaciares\/","og_site_name":"Patagonia Ambiental","article_publisher":"https:\/\/www.facebook.com\/patagonia.ambiental","article_author":"https:\/\/www.facebook.com\/share\/1C1V8Gv9BX\/?mibextid=qi2Omg","article_published_time":"2024-01-30T22:00:00+00:00","article_modified_time":"2024-08-15T12:44:19+00:00","og_image":[{"width":880,"height":586,"url":"https:\/\/patagoniambiental.com.ar\/info\/wp-content\/uploads\/2024\/01\/20240131000410_640e2c2ce5f41_1200.jpg","type":"image\/jpeg"}],"author":"Patagonia Ambiental","twitter_card":"summary_large_image","twitter_creator":"@PatAmb","twitter_site":"@PatAmb","schema":{"@context":"https:\/\/schema.org","@graph":[{"@type":"Article","@id":"https:\/\/patagoniambiental.com.ar\/info\/cientificos-del-conicet-piden-votar-en-contra-de-la-reforma-de-la-ley-de-glaciares\/#article","isPartOf":{"@id":"https:\/\/patagoniambiental.com.ar\/info\/cientificos-del-conicet-piden-votar-en-contra-de-la-reforma-de-la-ley-de-glaciares\/"},"author":{"name":"Patagonia Ambiental","@id":"https:\/\/patagoniambiental.com.ar\/info\/#\/schema\/person\/db12bff64bbcbf6a253710bf0ea37b5d"},"headline":"Del Conicet piden votar en contra de la reforma de la ley de Glaciares","datePublished":"2024-01-30T22:00:00+00:00","dateModified":"2024-08-15T12:44:19+00:00","mainEntityOfPage":{"@id":"https:\/\/patagoniambiental.com.ar\/info\/cientificos-del-conicet-piden-votar-en-contra-de-la-reforma-de-la-ley-de-glaciares\/"},"wordCount":414,"commentCount":0,"publisher":{"@id":"https:\/\/patagoniambiental.com.ar\/info\/#organization"},"image":{"@id":"https:\/\/patagoniambiental.com.ar\/info\/cientificos-del-conicet-piden-votar-en-contra-de-la-reforma-de-la-ley-de-glaciares\/#primaryimage"},"thumbnailUrl":"https:\/\/patagoniambiental.com.ar\/info\/wp-content\/uploads\/2024\/01\/20240131000410_640e2c2ce5f41_1200.jpg","articleSection":["Nacionales","Rotador"],"inLanguage":"es","potentialAction":[{"@type":"CommentAction","name":"Comment","target":["https:\/\/patagoniambiental.com.ar\/info\/cientificos-del-conicet-piden-votar-en-contra-de-la-reforma-de-la-ley-de-glaciares\/#respond"]}]},{"@type":"WebPage","@id":"https:\/\/patagoniambiental.com.ar\/info\/cientificos-del-conicet-piden-votar-en-contra-de-la-reforma-de-la-ley-de-glaciares\/","url":"https:\/\/patagoniambiental.com.ar\/info\/cientificos-del-conicet-piden-votar-en-contra-de-la-reforma-de-la-ley-de-glaciares\/","name":"Del Conicet piden votar en contra de la reforma de la ley de Glaciares","isPartOf":{"@id":"https:\/\/patagoniambiental.com.ar\/info\/#website"},"primaryImageOfPage":{"@id":"https:\/\/patagoniambiental.com.ar\/info\/cientificos-del-conicet-piden-votar-en-contra-de-la-reforma-de-la-ley-de-glaciares\/#primaryimage"},"image":{"@id":"https:\/\/patagoniambiental.com.ar\/info\/cientificos-del-conicet-piden-votar-en-contra-de-la-reforma-de-la-ley-de-glaciares\/#primaryimage"},"thumbnailUrl":"https:\/\/patagoniambiental.com.ar\/info\/wp-content\/uploads\/2024\/01\/20240131000410_640e2c2ce5f41_1200.jpg","datePublished":"2024-01-30T22:00:00+00:00","dateModified":"2024-08-15T12:44:19+00:00","breadcrumb":{"@id":"https:\/\/patagoniambiental.com.ar\/info\/cientificos-del-conicet-piden-votar-en-contra-de-la-reforma-de-la-ley-de-glaciares\/#breadcrumb"},"inLanguage":"es","potentialAction":[{"@type":"ReadAction","target":["https:\/\/patagoniambiental.com.ar\/info\/cientificos-del-conicet-piden-votar-en-contra-de-la-reforma-de-la-ley-de-glaciares\/"]}]},{"@type":"ImageObject","inLanguage":"es","@id":"https:\/\/patagoniambiental.com.ar\/info\/cientificos-del-conicet-piden-votar-en-contra-de-la-reforma-de-la-ley-de-glaciares\/#primaryimage","url":"https:\/\/patagoniambiental.com.ar\/info\/wp-content\/uploads\/2024\/01\/20240131000410_640e2c2ce5f41_1200.jpg","contentUrl":"https:\/\/patagoniambiental.com.ar\/info\/wp-content\/uploads\/2024\/01\/20240131000410_640e2c2ce5f41_1200.jpg","width":880,"height":586},{"@type":"BreadcrumbList","@id":"https:\/\/patagoniambiental.com.ar\/info\/cientificos-del-conicet-piden-votar-en-contra-de-la-reforma-de-la-ley-de-glaciares\/#breadcrumb","itemListElement":[{"@type":"ListItem","position":1,"name":"Inicio","item":"https:\/\/patagoniambiental.com.ar\/info\/"},{"@type":"ListItem","position":2,"name":"Del Conicet piden votar en contra de la reforma de la ley de Glaciares"}]},{"@type":"WebSite","@id":"https:\/\/patagoniambiental.com.ar\/info\/#website","url":"https:\/\/patagoniambiental.com.ar\/info\/","name":"Patagonia Ambiental","description":"Monitoreo y an\u00e1lisis de la situaci\u00f3n geopol\u00edtica en el mundo y su implicancia en la Patagonia","publisher":{"@id":"https:\/\/patagoniambiental.com.ar\/info\/#organization"},"potentialAction":[{"@type":"SearchAction","target":{"@type":"EntryPoint","urlTemplate":"https:\/\/patagoniambiental.com.ar\/info\/?s={search_term_string}"},"query-input":{"@type":"PropertyValueSpecification","valueRequired":true,"valueName":"search_term_string"}}],"inLanguage":"es"},{"@type":"Organization","@id":"https:\/\/patagoniambiental.com.ar\/info\/#organization","name":"Patagonia Ambiental","url":"https:\/\/patagoniambiental.com.ar\/info\/","logo":{"@type":"ImageObject","inLanguage":"es","@id":"https:\/\/patagoniambiental.com.ar\/info\/#\/schema\/logo\/image\/","url":"https:\/\/patagoniambiental.com.ar\/info\/wp-content\/uploads\/2025\/05\/LOGO-PATAGONIA-AMBIENTAL.png","contentUrl":"https:\/\/patagoniambiental.com.ar\/info\/wp-content\/uploads\/2025\/05\/LOGO-PATAGONIA-AMBIENTAL.png","width":433,"height":250,"caption":"Patagonia Ambiental"},"image":{"@id":"https:\/\/patagoniambiental.com.ar\/info\/#\/schema\/logo\/image\/"},"sameAs":["https:\/\/www.facebook.com\/patagonia.ambiental","https:\/\/x.com\/PatAmb"]},{"@type":"Person","@id":"https:\/\/patagoniambiental.com.ar\/info\/#\/schema\/person\/db12bff64bbcbf6a253710bf0ea37b5d","name":"Patagonia Ambiental","description":"Andr\u00e9s Nievas T\u00e9cnico en manejo ambiental, consultor Ambiental y escritor para medios locales e internacionales sobre temas de geopolitica y medio ambiente.","sameAs":["http:\/\/www.patagoniambiental.com.ar","https:\/\/www.facebook.com\/share\/1C1V8Gv9BX\/?mibextid=qi2Omg","@patagoniambiental","https:\/\/youtube.com\/@patagoniaambiental2023?si=BLt58t0wuXquxlYZ"]}]}},"_links":{"self":[{"href":"https:\/\/patagoniambiental.com.ar\/info\/wp-json\/wp\/v2\/posts\/79556","targetHints":{"allow":["GET"]}}],"collection":[{"href":"https:\/\/patagoniambiental.com.ar\/info\/wp-json\/wp\/v2\/posts"}],"about":[{"href":"https:\/\/patagoniambiental.com.ar\/info\/wp-json\/wp\/v2\/types\/post"}],"author":[{"embeddable":true,"href":"https:\/\/patagoniambiental.com.ar\/info\/wp-json\/wp\/v2\/users\/2"}],"replies":[{"embeddable":true,"href":"https:\/\/patagoniambiental.com.ar\/info\/wp-json\/wp\/v2\/comments?post=79556"}],"version-history":[{"count":0,"href":"https:\/\/patagoniambiental.com.ar\/info\/wp-json\/wp\/v2\/posts\/79556\/revisions"}],"wp:featuredmedia":[{"embeddable":true,"href":"https:\/\/patagoniambiental.com.ar\/info\/wp-json\/wp\/v2\/media\/79557"}],"wp:attachment":[{"href":"https:\/\/patagoniambiental.com.ar\/info\/wp-json\/wp\/v2\/media?parent=79556"}],"wp:term":[{"taxonomy":"category","embeddable":true,"href":"https:\/\/patagoniambiental.com.ar\/info\/wp-json\/wp\/v2\/categories?post=79556"},{"taxonomy":"post_tag","embeddable":true,"href":"https:\/\/patagoniambiental.com.ar\/info\/wp-json\/wp\/v2\/tags?post=79556"}],"curies":[{"name":"wp","href":"https:\/\/api.w.org\/{rel}","templated":true}]}}