{"id":79592,"date":"2024-01-31T19:00:00","date_gmt":"2024-01-31T22:00:00","guid":{"rendered":"https:\/\/patagoniambiental.com.ar\/info\/?p=79592"},"modified":"2024-08-15T09:38:33","modified_gmt":"2024-08-15T12:38:33","slug":"comienza-la-obra-del-oleuducto-de-ypf-que-ira-de-vaca-muerta-a-sierra-grande","status":"publish","type":"post","link":"https:\/\/patagoniambiental.com.ar\/info\/comienza-la-obra-del-oleuducto-de-ypf-que-ira-de-vaca-muerta-a-sierra-grande\/","title":{"rendered":"Comienza la obra del oleuducto de YPF que ira de Vaca Muerta a Sierra Grande"},"content":{"rendered":"\n<!--more-->\n\n\n\n<h4 class=\"wp-block-heading\" id=\"h-algo-que-se-veia-sin-tanta-presivilidad-finalmente-la-empresa-petrolera-comienza-la-construccion-de-unas-de-las-obras-mas-importantes-en-materia-energetica-que-conectara-neuquen-y-rio-negro-de-este-a-oeste-por-unos-570km\">Algo que se ve\u00eda sin tanta presivilidad, finalmente la empresa petrolera comienza la construcci\u00f3n de unas de las obras m\u00e1s importantes en materia energ\u00e9tica que conectar\u00e1 Neuqu\u00e9n y R\u00edo Negro de este a oeste por unos 570km.<\/h4>\n\n\n\n<p>La importancia de Neuqu\u00e9n es que concentra la mayor cantidad de petroleo y gas producido en la regi\u00f3n patag\u00f3nica, pero a su vez R\u00edo Negro tambi\u00e9n tiene gran parte de esos recursos, cuenta con la&nbsp;posibilidad que mediante el transporte, el petroleo pueda llegar a la costa y as\u00ed ser exportado a otras partes del mundo. Es por eso que hoy ambas Provincias tienen un rol fundamental porque entre ellas existe que&nbsp;en la regi\u00f3n neuquina produce la mayor cantidad de hidrocarburos y en el lado rionegrino&nbsp;en menor medida,&nbsp;adem\u00e1s cuanta con la salida al mar, por lo que la convierte en un jugador clave en la Argentina para la elaboraci\u00f3n y exportaci\u00f3n de energ\u00eda. Tal es as\u00ed que la gran obra esperada del Oleuducto comenzar\u00e1 con un tramo que ira de Vaca Muerta a Allen en principio, para luego seguir su recorrido de m\u00e1s de 570 km hasta la costa de Punta Colorada (Sierra Grande), donde se construir\u00e1 el mayor puerto de Sudam\u00e9rica.<\/p>\n\n\n\n<p>El trayecto tendr\u00e1 diferentes puntos de contacto y por etapas, el primero como el ya mencionado ira de Vaca Muerta a Allen, para luego ir hasta Choele Choel, pasando por General Conesa, San Antonio Oeste, Las Grutas, Sierra Grande y po \u00faltimo Punta Colorada.&nbsp;<\/p>\n\n\n\n<p>El proyecto en cuesti\u00f3n que se denominaVaca Muerta Oil Sur, demandar\u00e1 una inversi\u00f3n de m\u00e1s de 2.500 millones de d\u00f3lares, a plasmarse entres etapas. La&nbsp;primera&nbsp;consiste en la construcci\u00f3n de un&nbsp;oleoducto, un ca\u00f1o, que unir\u00e1 el coraz\u00f3n de Vaca Muerta&nbsp;-que es el \u00e1rea Loma Campana- con la estaci\u00f3n de bombeo de&nbsp;Allen, en R\u00edo Negro, esta primera tiene&nbsp;una traza&nbsp;de 127 kil\u00f3metros.<\/p>\n\n\n\n<p>Pero este primer tramo del ducto no es algo menor, sino quepermitir\u00e1 complementar&nbsp;otra obra colosal que est\u00e1 en pleno desarrollo y que es el&nbsp;proyecto Duplicar Plus de Oleoductos del Valle(Oldelval).<\/p>\n\n\n\n<p>La obra de Oldelval, que comenz\u00f3 el a\u00f1o pasado y finalizar\u00e1 en 2025, permitir\u00e1 -como su nombre lo dice- m\u00e1s que duplicar la capacidad de transporte para el petr\u00f3leo de Vaca Muerta. Y es que as\u00ed como sucedi\u00f3 con el gas, la producci\u00f3n de petr\u00f3leo de la formaci\u00f3n no puede seguir creciendo porque ha llenado todos los ca\u00f1os.<\/p>\n\n\n\n<p>Esta etapa 1 del proyecto de YPF es en la cual ya comenzaron a verse movimientos en la zona, con el acopio de materiales para su realizaci\u00f3n, entre los que se encuentrancientos de ca\u00f1os&nbsp;de 20 pulgadas que se utilizar\u00e1n para el tendido.del&nbsp;oleoducto entero, hasta Punta Colorada, ya cuenta con la aprobaci\u00f3n tanto del gobierno de Neuqu\u00e9n como del de R\u00edo Negro.&nbsp;Y desde la petrolera de bandera confiaron en que este mismo a\u00f1o culminar\u00e1n los trabajos del primer segmento.<\/p>\n\n\n\n<p>La obra que comenzar\u00e1 desde Loma Campana va a ir hasta el nodo de Lago Pellegrini y desde all\u00ed a Allen, contar\u00e1 con los mismos operarios y obreros&nbsp;que trabajaron en la construcci\u00f3n del Gasoducto N\u00e9stor Kirchner.<\/p>\n\n\n\n<p>El proyecto de YPF, la tercera y&nbsp;\u00faltima etapa de la obra es la construcci\u00f3n de un puerto de grandes dimensiones en la zona de Punta Colorada, aprovechando la profundidad natural del mar en ese sector que permitir\u00e1 el ingreso de buques m\u00e1s grandes que los que hoy operan en el pa\u00eds, por lo que en estos d\u00edas,&nbsp;un grupo de especialistas contratados por YPF iniciar\u00e1 los estudios del suelo costero, para definir al detalle el dise\u00f1o final del puerto&nbsp;y sus tanques de acopio.<\/p>\n\n\n\n<p>Las mediciones de las caracter\u00edsticas de la tierra del sector&nbsp;se extender\u00e1n por tres meses tras los cuales el plan ser\u00e1 presentado al gobierno de R\u00edo Negro que tendr\u00e1 que definir si aprueba&nbsp;esta \u00faltima parte de la mega obra.<\/p>\n\n\n\n<p>Este megaproyecto de&nbsp;YPF apunta a multiplicar las exportaciones de petr\u00f3leo de Vaca Muerta generandole importantes ganancias a la&nbsp;Argentina y as\u00ed a las provincias de Neuqu\u00e9n y R\u00edo Negro, generando unsaldo positivo de hasta 16.000 millones de d\u00f3lares al a\u00f1o. Es por eso que se espera que este a\u00f1o gran parte del oleoducto este avanzado y as\u00ed en el 2026 pueda estar operativo para las primeras exportaciones via mar.&nbsp;<\/p>\n\n\n\n<p>Fuente: australnews.com.ar<\/p>\n","protected":false},"excerpt":{"rendered":"","protected":false},"author":2,"featured_media":79593,"comment_status":"open","ping_status":"open","sticky":false,"template":"","format":"standard","meta":{"site-sidebar-layout":"default","site-content-layout":"","ast-site-content-layout":"default","site-content-style":"default","site-sidebar-style":"default","ast-global-header-display":"","ast-banner-title-visibility":"","ast-main-header-display":"","ast-hfb-above-header-display":"","ast-hfb-below-header-display":"","ast-hfb-mobile-header-display":"","site-post-title":"","ast-breadcrumbs-content":"","ast-featured-img":"","footer-sml-layout":"","ast-disable-related-posts":"","theme-transparent-header-meta":"","adv-header-id-meta":"","stick-header-meta":"","header-above-stick-meta":"","header-main-stick-meta":"","header-below-stick-meta":"","astra-migrate-meta-layouts":"default","ast-page-background-enabled":"default","ast-page-background-meta":{"desktop":{"background-color":"var(--ast-global-color-5)","background-image":"","background-repeat":"repeat","background-position":"center center","background-size":"auto","background-attachment":"scroll","background-type":"","background-media":"","overlay-type":"","overlay-color":"","overlay-opacity":"","overlay-gradient":""},"tablet":{"background-color":"","background-image":"","background-repeat":"repeat","background-position":"center center","background-size":"auto","background-attachment":"scroll","background-type":"","background-media":"","overlay-type":"","overlay-color":"","overlay-opacity":"","overlay-gradient":""},"mobile":{"background-color":"","background-image":"","background-repeat":"repeat","background-position":"center center","background-size":"auto","background-attachment":"scroll","background-type":"","background-media":"","overlay-type":"","overlay-color":"","overlay-opacity":"","overlay-gradient":""}},"ast-content-background-meta":{"desktop":{"background-color":"var(--ast-global-color-4)","background-image":"","background-repeat":"repeat","background-position":"center center","background-size":"auto","background-attachment":"scroll","background-type":"","background-media":"","overlay-type":"","overlay-color":"","overlay-opacity":"","overlay-gradient":""},"tablet":{"background-color":"var(--ast-global-color-4)","background-image":"","background-repeat":"repeat","background-position":"center center","background-size":"auto","background-attachment":"scroll","background-type":"","background-media":"","overlay-type":"","overlay-color":"","overlay-opacity":"","overlay-gradient":""},"mobile":{"background-color":"var(--ast-global-color-4)","background-image":"","background-repeat":"repeat","background-position":"center center","background-size":"auto","background-attachment":"scroll","background-type":"","background-media":"","overlay-type":"","overlay-color":"","overlay-opacity":"","overlay-gradient":""}},"footnotes":""},"categories":[13,10],"tags":[],"class_list":["post-79592","post","type-post","status-publish","format-standard","has-post-thumbnail","hentry","category-provinciales","category-rotador"],"yoast_head":"<!-- This site is optimized with the Yoast SEO Premium plugin v23.0 (Yoast SEO v27.5) - https:\/\/yoast.com\/product\/yoast-seo-premium-wordpress\/ -->\n<title>Comienza la obra del oleuducto de YPF que ira de Vaca Muerta a Sierra Grande<\/title>\n<meta name=\"robots\" content=\"index, follow, max-snippet:-1, max-image-preview:large, max-video-preview:-1\" \/>\n<link rel=\"canonical\" href=\"https:\/\/patagoniambiental.com.ar\/info\/comienza-la-obra-del-oleuducto-de-ypf-que-ira-de-vaca-muerta-a-sierra-grande\/\" \/>\n<meta property=\"og:locale\" content=\"es_ES\" \/>\n<meta property=\"og:type\" content=\"article\" \/>\n<meta property=\"og:title\" content=\"Comienza la obra del oleuducto de YPF que ira de Vaca Muerta a Sierra Grande\" \/>\n<meta property=\"og:url\" content=\"https:\/\/patagoniambiental.com.ar\/info\/comienza-la-obra-del-oleuducto-de-ypf-que-ira-de-vaca-muerta-a-sierra-grande\/\" \/>\n<meta property=\"og:site_name\" content=\"Patagonia Ambiental\" \/>\n<meta property=\"article:publisher\" content=\"https:\/\/www.facebook.com\/patagonia.ambiental\" \/>\n<meta property=\"article:author\" content=\"https:\/\/www.facebook.com\/share\/1C1V8Gv9BX\/?mibextid=qi2Omg\" \/>\n<meta property=\"article:published_time\" content=\"2024-01-31T22:00:00+00:00\" \/>\n<meta property=\"article:modified_time\" content=\"2024-08-15T12:38:33+00:00\" \/>\n<meta property=\"og:image\" content=\"https:\/\/patagoniambiental.com.ar\/info\/wp-content\/uploads\/2024\/02\/33.jpg\" \/>\n\t<meta property=\"og:image:width\" content=\"880\" \/>\n\t<meta property=\"og:image:height\" content=\"512\" \/>\n\t<meta property=\"og:image:type\" content=\"image\/jpeg\" \/>\n<meta name=\"author\" content=\"Patagonia Ambiental\" \/>\n<meta name=\"twitter:card\" content=\"summary_large_image\" \/>\n<meta name=\"twitter:creator\" content=\"@PatAmb\" \/>\n<meta name=\"twitter:site\" content=\"@PatAmb\" \/>\n<script type=\"application\/ld+json\" class=\"yoast-schema-graph\">{\"@context\":\"https:\\\/\\\/schema.org\",\"@graph\":[{\"@type\":\"Article\",\"@id\":\"https:\\\/\\\/patagoniambiental.com.ar\\\/info\\\/comienza-la-obra-del-oleuducto-de-ypf-que-ira-de-vaca-muerta-a-sierra-grande\\\/#article\",\"isPartOf\":{\"@id\":\"https:\\\/\\\/patagoniambiental.com.ar\\\/info\\\/comienza-la-obra-del-oleuducto-de-ypf-que-ira-de-vaca-muerta-a-sierra-grande\\\/\"},\"author\":{\"name\":\"Patagonia Ambiental\",\"@id\":\"https:\\\/\\\/patagoniambiental.com.ar\\\/info\\\/#\\\/schema\\\/person\\\/db12bff64bbcbf6a253710bf0ea37b5d\"},\"headline\":\"Comienza la obra del oleuducto de YPF que ira de Vaca Muerta a Sierra Grande\",\"datePublished\":\"2024-01-31T22:00:00+00:00\",\"dateModified\":\"2024-08-15T12:38:33+00:00\",\"mainEntityOfPage\":{\"@id\":\"https:\\\/\\\/patagoniambiental.com.ar\\\/info\\\/comienza-la-obra-del-oleuducto-de-ypf-que-ira-de-vaca-muerta-a-sierra-grande\\\/\"},\"wordCount\":813,\"commentCount\":0,\"publisher\":{\"@id\":\"https:\\\/\\\/patagoniambiental.com.ar\\\/info\\\/#organization\"},\"image\":{\"@id\":\"https:\\\/\\\/patagoniambiental.com.ar\\\/info\\\/comienza-la-obra-del-oleuducto-de-ypf-que-ira-de-vaca-muerta-a-sierra-grande\\\/#primaryimage\"},\"thumbnailUrl\":\"https:\\\/\\\/patagoniambiental.com.ar\\\/info\\\/wp-content\\\/uploads\\\/2024\\\/02\\\/33.jpg\",\"articleSection\":[\"Provinciales\",\"Rotador\"],\"inLanguage\":\"es\",\"potentialAction\":[{\"@type\":\"CommentAction\",\"name\":\"Comment\",\"target\":[\"https:\\\/\\\/patagoniambiental.com.ar\\\/info\\\/comienza-la-obra-del-oleuducto-de-ypf-que-ira-de-vaca-muerta-a-sierra-grande\\\/#respond\"]}]},{\"@type\":\"WebPage\",\"@id\":\"https:\\\/\\\/patagoniambiental.com.ar\\\/info\\\/comienza-la-obra-del-oleuducto-de-ypf-que-ira-de-vaca-muerta-a-sierra-grande\\\/\",\"url\":\"https:\\\/\\\/patagoniambiental.com.ar\\\/info\\\/comienza-la-obra-del-oleuducto-de-ypf-que-ira-de-vaca-muerta-a-sierra-grande\\\/\",\"name\":\"Comienza la obra del oleuducto de YPF que ira de Vaca Muerta a Sierra Grande\",\"isPartOf\":{\"@id\":\"https:\\\/\\\/patagoniambiental.com.ar\\\/info\\\/#website\"},\"primaryImageOfPage\":{\"@id\":\"https:\\\/\\\/patagoniambiental.com.ar\\\/info\\\/comienza-la-obra-del-oleuducto-de-ypf-que-ira-de-vaca-muerta-a-sierra-grande\\\/#primaryimage\"},\"image\":{\"@id\":\"https:\\\/\\\/patagoniambiental.com.ar\\\/info\\\/comienza-la-obra-del-oleuducto-de-ypf-que-ira-de-vaca-muerta-a-sierra-grande\\\/#primaryimage\"},\"thumbnailUrl\":\"https:\\\/\\\/patagoniambiental.com.ar\\\/info\\\/wp-content\\\/uploads\\\/2024\\\/02\\\/33.jpg\",\"datePublished\":\"2024-01-31T22:00:00+00:00\",\"dateModified\":\"2024-08-15T12:38:33+00:00\",\"breadcrumb\":{\"@id\":\"https:\\\/\\\/patagoniambiental.com.ar\\\/info\\\/comienza-la-obra-del-oleuducto-de-ypf-que-ira-de-vaca-muerta-a-sierra-grande\\\/#breadcrumb\"},\"inLanguage\":\"es\",\"potentialAction\":[{\"@type\":\"ReadAction\",\"target\":[\"https:\\\/\\\/patagoniambiental.com.ar\\\/info\\\/comienza-la-obra-del-oleuducto-de-ypf-que-ira-de-vaca-muerta-a-sierra-grande\\\/\"]}]},{\"@type\":\"ImageObject\",\"inLanguage\":\"es\",\"@id\":\"https:\\\/\\\/patagoniambiental.com.ar\\\/info\\\/comienza-la-obra-del-oleuducto-de-ypf-que-ira-de-vaca-muerta-a-sierra-grande\\\/#primaryimage\",\"url\":\"https:\\\/\\\/patagoniambiental.com.ar\\\/info\\\/wp-content\\\/uploads\\\/2024\\\/02\\\/33.jpg\",\"contentUrl\":\"https:\\\/\\\/patagoniambiental.com.ar\\\/info\\\/wp-content\\\/uploads\\\/2024\\\/02\\\/33.jpg\",\"width\":880,\"height\":512},{\"@type\":\"BreadcrumbList\",\"@id\":\"https:\\\/\\\/patagoniambiental.com.ar\\\/info\\\/comienza-la-obra-del-oleuducto-de-ypf-que-ira-de-vaca-muerta-a-sierra-grande\\\/#breadcrumb\",\"itemListElement\":[{\"@type\":\"ListItem\",\"position\":1,\"name\":\"Inicio\",\"item\":\"https:\\\/\\\/patagoniambiental.com.ar\\\/info\\\/\"},{\"@type\":\"ListItem\",\"position\":2,\"name\":\"Comienza la obra del oleuducto de YPF que ira de Vaca Muerta a Sierra Grande\"}]},{\"@type\":\"WebSite\",\"@id\":\"https:\\\/\\\/patagoniambiental.com.ar\\\/info\\\/#website\",\"url\":\"https:\\\/\\\/patagoniambiental.com.ar\\\/info\\\/\",\"name\":\"Patagonia Ambiental\",\"description\":\"Monitoreo y an\u00e1lisis de la situaci\u00f3n geopol\u00edtica en el mundo y su implicancia en la Patagonia\",\"publisher\":{\"@id\":\"https:\\\/\\\/patagoniambiental.com.ar\\\/info\\\/#organization\"},\"potentialAction\":[{\"@type\":\"SearchAction\",\"target\":{\"@type\":\"EntryPoint\",\"urlTemplate\":\"https:\\\/\\\/patagoniambiental.com.ar\\\/info\\\/?s={search_term_string}\"},\"query-input\":{\"@type\":\"PropertyValueSpecification\",\"valueRequired\":true,\"valueName\":\"search_term_string\"}}],\"inLanguage\":\"es\"},{\"@type\":\"Organization\",\"@id\":\"https:\\\/\\\/patagoniambiental.com.ar\\\/info\\\/#organization\",\"name\":\"Patagonia Ambiental\",\"url\":\"https:\\\/\\\/patagoniambiental.com.ar\\\/info\\\/\",\"logo\":{\"@type\":\"ImageObject\",\"inLanguage\":\"es\",\"@id\":\"https:\\\/\\\/patagoniambiental.com.ar\\\/info\\\/#\\\/schema\\\/logo\\\/image\\\/\",\"url\":\"https:\\\/\\\/patagoniambiental.com.ar\\\/info\\\/wp-content\\\/uploads\\\/2025\\\/05\\\/LOGO-PATAGONIA-AMBIENTAL.png\",\"contentUrl\":\"https:\\\/\\\/patagoniambiental.com.ar\\\/info\\\/wp-content\\\/uploads\\\/2025\\\/05\\\/LOGO-PATAGONIA-AMBIENTAL.png\",\"width\":433,\"height\":250,\"caption\":\"Patagonia Ambiental\"},\"image\":{\"@id\":\"https:\\\/\\\/patagoniambiental.com.ar\\\/info\\\/#\\\/schema\\\/logo\\\/image\\\/\"},\"sameAs\":[\"https:\\\/\\\/www.facebook.com\\\/patagonia.ambiental\",\"https:\\\/\\\/x.com\\\/PatAmb\"]},{\"@type\":\"Person\",\"@id\":\"https:\\\/\\\/patagoniambiental.com.ar\\\/info\\\/#\\\/schema\\\/person\\\/db12bff64bbcbf6a253710bf0ea37b5d\",\"name\":\"Patagonia Ambiental\",\"description\":\"Andr\u00e9s Nievas T\u00e9cnico en manejo ambiental, consultor Ambiental y escritor para medios locales e internacionales sobre temas de geopolitica y medio ambiente.\",\"sameAs\":[\"http:\\\/\\\/www.patagoniambiental.com.ar\",\"https:\\\/\\\/www.facebook.com\\\/share\\\/1C1V8Gv9BX\\\/?mibextid=qi2Omg\",\"@patagoniambiental\",\"https:\\\/\\\/youtube.com\\\/@patagoniaambiental2023?si=BLt58t0wuXquxlYZ\"]}]}<\/script>\n<!-- \/ Yoast SEO Premium plugin. -->","yoast_head_json":{"title":"Comienza la obra del oleuducto de YPF que ira de Vaca Muerta a Sierra Grande","robots":{"index":"index","follow":"follow","max-snippet":"max-snippet:-1","max-image-preview":"max-image-preview:large","max-video-preview":"max-video-preview:-1"},"canonical":"https:\/\/patagoniambiental.com.ar\/info\/comienza-la-obra-del-oleuducto-de-ypf-que-ira-de-vaca-muerta-a-sierra-grande\/","og_locale":"es_ES","og_type":"article","og_title":"Comienza la obra del oleuducto de YPF que ira de Vaca Muerta a Sierra Grande","og_url":"https:\/\/patagoniambiental.com.ar\/info\/comienza-la-obra-del-oleuducto-de-ypf-que-ira-de-vaca-muerta-a-sierra-grande\/","og_site_name":"Patagonia Ambiental","article_publisher":"https:\/\/www.facebook.com\/patagonia.ambiental","article_author":"https:\/\/www.facebook.com\/share\/1C1V8Gv9BX\/?mibextid=qi2Omg","article_published_time":"2024-01-31T22:00:00+00:00","article_modified_time":"2024-08-15T12:38:33+00:00","og_image":[{"width":880,"height":512,"url":"https:\/\/patagoniambiental.com.ar\/info\/wp-content\/uploads\/2024\/02\/33.jpg","type":"image\/jpeg"}],"author":"Patagonia Ambiental","twitter_card":"summary_large_image","twitter_creator":"@PatAmb","twitter_site":"@PatAmb","schema":{"@context":"https:\/\/schema.org","@graph":[{"@type":"Article","@id":"https:\/\/patagoniambiental.com.ar\/info\/comienza-la-obra-del-oleuducto-de-ypf-que-ira-de-vaca-muerta-a-sierra-grande\/#article","isPartOf":{"@id":"https:\/\/patagoniambiental.com.ar\/info\/comienza-la-obra-del-oleuducto-de-ypf-que-ira-de-vaca-muerta-a-sierra-grande\/"},"author":{"name":"Patagonia Ambiental","@id":"https:\/\/patagoniambiental.com.ar\/info\/#\/schema\/person\/db12bff64bbcbf6a253710bf0ea37b5d"},"headline":"Comienza la obra del oleuducto de YPF que ira de Vaca Muerta a Sierra Grande","datePublished":"2024-01-31T22:00:00+00:00","dateModified":"2024-08-15T12:38:33+00:00","mainEntityOfPage":{"@id":"https:\/\/patagoniambiental.com.ar\/info\/comienza-la-obra-del-oleuducto-de-ypf-que-ira-de-vaca-muerta-a-sierra-grande\/"},"wordCount":813,"commentCount":0,"publisher":{"@id":"https:\/\/patagoniambiental.com.ar\/info\/#organization"},"image":{"@id":"https:\/\/patagoniambiental.com.ar\/info\/comienza-la-obra-del-oleuducto-de-ypf-que-ira-de-vaca-muerta-a-sierra-grande\/#primaryimage"},"thumbnailUrl":"https:\/\/patagoniambiental.com.ar\/info\/wp-content\/uploads\/2024\/02\/33.jpg","articleSection":["Provinciales","Rotador"],"inLanguage":"es","potentialAction":[{"@type":"CommentAction","name":"Comment","target":["https:\/\/patagoniambiental.com.ar\/info\/comienza-la-obra-del-oleuducto-de-ypf-que-ira-de-vaca-muerta-a-sierra-grande\/#respond"]}]},{"@type":"WebPage","@id":"https:\/\/patagoniambiental.com.ar\/info\/comienza-la-obra-del-oleuducto-de-ypf-que-ira-de-vaca-muerta-a-sierra-grande\/","url":"https:\/\/patagoniambiental.com.ar\/info\/comienza-la-obra-del-oleuducto-de-ypf-que-ira-de-vaca-muerta-a-sierra-grande\/","name":"Comienza la obra del oleuducto de YPF que ira de Vaca Muerta a Sierra Grande","isPartOf":{"@id":"https:\/\/patagoniambiental.com.ar\/info\/#website"},"primaryImageOfPage":{"@id":"https:\/\/patagoniambiental.com.ar\/info\/comienza-la-obra-del-oleuducto-de-ypf-que-ira-de-vaca-muerta-a-sierra-grande\/#primaryimage"},"image":{"@id":"https:\/\/patagoniambiental.com.ar\/info\/comienza-la-obra-del-oleuducto-de-ypf-que-ira-de-vaca-muerta-a-sierra-grande\/#primaryimage"},"thumbnailUrl":"https:\/\/patagoniambiental.com.ar\/info\/wp-content\/uploads\/2024\/02\/33.jpg","datePublished":"2024-01-31T22:00:00+00:00","dateModified":"2024-08-15T12:38:33+00:00","breadcrumb":{"@id":"https:\/\/patagoniambiental.com.ar\/info\/comienza-la-obra-del-oleuducto-de-ypf-que-ira-de-vaca-muerta-a-sierra-grande\/#breadcrumb"},"inLanguage":"es","potentialAction":[{"@type":"ReadAction","target":["https:\/\/patagoniambiental.com.ar\/info\/comienza-la-obra-del-oleuducto-de-ypf-que-ira-de-vaca-muerta-a-sierra-grande\/"]}]},{"@type":"ImageObject","inLanguage":"es","@id":"https:\/\/patagoniambiental.com.ar\/info\/comienza-la-obra-del-oleuducto-de-ypf-que-ira-de-vaca-muerta-a-sierra-grande\/#primaryimage","url":"https:\/\/patagoniambiental.com.ar\/info\/wp-content\/uploads\/2024\/02\/33.jpg","contentUrl":"https:\/\/patagoniambiental.com.ar\/info\/wp-content\/uploads\/2024\/02\/33.jpg","width":880,"height":512},{"@type":"BreadcrumbList","@id":"https:\/\/patagoniambiental.com.ar\/info\/comienza-la-obra-del-oleuducto-de-ypf-que-ira-de-vaca-muerta-a-sierra-grande\/#breadcrumb","itemListElement":[{"@type":"ListItem","position":1,"name":"Inicio","item":"https:\/\/patagoniambiental.com.ar\/info\/"},{"@type":"ListItem","position":2,"name":"Comienza la obra del oleuducto de YPF que ira de Vaca Muerta a Sierra Grande"}]},{"@type":"WebSite","@id":"https:\/\/patagoniambiental.com.ar\/info\/#website","url":"https:\/\/patagoniambiental.com.ar\/info\/","name":"Patagonia Ambiental","description":"Monitoreo y an\u00e1lisis de la situaci\u00f3n geopol\u00edtica en el mundo y su implicancia en la Patagonia","publisher":{"@id":"https:\/\/patagoniambiental.com.ar\/info\/#organization"},"potentialAction":[{"@type":"SearchAction","target":{"@type":"EntryPoint","urlTemplate":"https:\/\/patagoniambiental.com.ar\/info\/?s={search_term_string}"},"query-input":{"@type":"PropertyValueSpecification","valueRequired":true,"valueName":"search_term_string"}}],"inLanguage":"es"},{"@type":"Organization","@id":"https:\/\/patagoniambiental.com.ar\/info\/#organization","name":"Patagonia Ambiental","url":"https:\/\/patagoniambiental.com.ar\/info\/","logo":{"@type":"ImageObject","inLanguage":"es","@id":"https:\/\/patagoniambiental.com.ar\/info\/#\/schema\/logo\/image\/","url":"https:\/\/patagoniambiental.com.ar\/info\/wp-content\/uploads\/2025\/05\/LOGO-PATAGONIA-AMBIENTAL.png","contentUrl":"https:\/\/patagoniambiental.com.ar\/info\/wp-content\/uploads\/2025\/05\/LOGO-PATAGONIA-AMBIENTAL.png","width":433,"height":250,"caption":"Patagonia Ambiental"},"image":{"@id":"https:\/\/patagoniambiental.com.ar\/info\/#\/schema\/logo\/image\/"},"sameAs":["https:\/\/www.facebook.com\/patagonia.ambiental","https:\/\/x.com\/PatAmb"]},{"@type":"Person","@id":"https:\/\/patagoniambiental.com.ar\/info\/#\/schema\/person\/db12bff64bbcbf6a253710bf0ea37b5d","name":"Patagonia Ambiental","description":"Andr\u00e9s Nievas T\u00e9cnico en manejo ambiental, consultor Ambiental y escritor para medios locales e internacionales sobre temas de geopolitica y medio ambiente.","sameAs":["http:\/\/www.patagoniambiental.com.ar","https:\/\/www.facebook.com\/share\/1C1V8Gv9BX\/?mibextid=qi2Omg","@patagoniambiental","https:\/\/youtube.com\/@patagoniaambiental2023?si=BLt58t0wuXquxlYZ"]}]}},"_links":{"self":[{"href":"https:\/\/patagoniambiental.com.ar\/info\/wp-json\/wp\/v2\/posts\/79592","targetHints":{"allow":["GET"]}}],"collection":[{"href":"https:\/\/patagoniambiental.com.ar\/info\/wp-json\/wp\/v2\/posts"}],"about":[{"href":"https:\/\/patagoniambiental.com.ar\/info\/wp-json\/wp\/v2\/types\/post"}],"author":[{"embeddable":true,"href":"https:\/\/patagoniambiental.com.ar\/info\/wp-json\/wp\/v2\/users\/2"}],"replies":[{"embeddable":true,"href":"https:\/\/patagoniambiental.com.ar\/info\/wp-json\/wp\/v2\/comments?post=79592"}],"version-history":[{"count":0,"href":"https:\/\/patagoniambiental.com.ar\/info\/wp-json\/wp\/v2\/posts\/79592\/revisions"}],"wp:featuredmedia":[{"embeddable":true,"href":"https:\/\/patagoniambiental.com.ar\/info\/wp-json\/wp\/v2\/media\/79593"}],"wp:attachment":[{"href":"https:\/\/patagoniambiental.com.ar\/info\/wp-json\/wp\/v2\/media?parent=79592"}],"wp:term":[{"taxonomy":"category","embeddable":true,"href":"https:\/\/patagoniambiental.com.ar\/info\/wp-json\/wp\/v2\/categories?post=79592"},{"taxonomy":"post_tag","embeddable":true,"href":"https:\/\/patagoniambiental.com.ar\/info\/wp-json\/wp\/v2\/tags?post=79592"}],"curies":[{"name":"wp","href":"https:\/\/api.w.org\/{rel}","templated":true}]}}