{"id":79637,"date":"2024-02-02T19:00:00","date_gmt":"2024-02-02T22:00:00","guid":{"rendered":"https:\/\/patagoniambiental.com.ar\/info\/?p=79637"},"modified":"2024-08-14T12:52:02","modified_gmt":"2024-08-14T15:52:02","slug":"el-ministerio-de-produccion-y-ambiente-de-tierra-del-fuego-advierte-sobre-la-alerta-amarilla-por-incendios-forestales-que-rige-en-la-region","status":"publish","type":"post","link":"https:\/\/patagoniambiental.com.ar\/info\/el-ministerio-de-produccion-y-ambiente-de-tierra-del-fuego-advierte-sobre-la-alerta-amarilla-por-incendios-forestales-que-rige-en-la-region\/","title":{"rendered":"El Ministerio de Ambiente de Tierra del Fuego advierte por incendios"},"content":{"rendered":"\n<!--more-->\n\n\n\n<p>La ministra de Producci\u00f3n y Ambiente, Karina Fern\u00e1ndez, inst\u00f3 a aumentar los cuidados en zonas agrestes, luego de los \u00faltimos focos detectados en el territorio provincial.<\/p>\n\n\n\n<p>\u201cCasi todas las provincias de la Patagonia est\u00e1n con fuegos activos, esto significa que todos los recursos disponibles de Naci\u00f3n en caso de una emergencia, est\u00e1n ocupados. Por eso, hoy es m\u00e1s importante que nunca tener esto en cuenta a la hora de tomar una decisi\u00f3n cuando salimos al campo\u201d, record\u00f3 la Ministra.<\/p>\n\n\n\n<p>En las \u00faltimas semanas, brigadistas provinciales han enfrentado m\u00e1s de cinco incendios ocasionados no s\u00f3lo por fogones mal apagados o en sitios no habilitados, sino tambi\u00e9n por colillas de cigarrillo arrojadas de veh\u00edculos o el uso de herramientas en condiciones de sequ\u00eda.<\/p>\n\n\n\n<p>Al respecto, por su parte Pablo Paredes, subsecretario de Manejo del Fuego, enfatiz\u00f3 la importancia de la precauci\u00f3n en actividades cotidianas \u201cusar una amoldadora o soldadora hoy, al aire libre, ante la sequ\u00eda que presenta la isla, representan un riesgo de incendio, tal y como sucedi\u00f3 d\u00edas atr\u00e1s\u201d.<\/p>\n\n\n\n<p>Acerca de la posibilidad de hacer fuego, incluso cuando rige sobre todo el territorio provincial la prohibici\u00f3n por riesgo de incendios forestales, el funcionario explic\u00f3 que \u201cen el inicio de la p\u00e1gina web de la Secretar\u00eda de Ambiente, en el apartado de Temporada de incendios, van a encontrar primero un mapa con todos los sitios habilitados para el uso exclusivo de artefactos homologados, es decir, anafes y calentadores, y abajo, un listado de los sitios que han obtenido la excepci\u00f3n para hacer fuego\u201d.<\/p>\n\n\n\n<p>\u201cEsto no quita que la persona pueda ir a los sitios donde tengan la excepci\u00f3n y usar anafe, pero no as\u00ed al rev\u00e9s y hacer fuego con le\u00f1a en los lugares que son \u00fanicamente para calentadores\u201d, indic\u00f3 Paredes.<\/p>\n\n\n\n<p>A su vez, se recuerda que, a\u00fan otorgadas las excepciones, esto no implica la autorizaci\u00f3n autom\u00e1tica para hacer fuego en todo momento. Se debe respetar el Indice Diario de Riesgo de Incendios -publicado en el Facebook oficial del MPyA -. Cuando este sea alto, muy alto o extremo, significa que las condiciones ambientales podr\u00edan dificultar el control de un posible foco, lo que podr\u00eda resultar en una emergencia \u00edgnea.<\/p>\n\n\n\n<p>Finalmente, la ministra Fern\u00e1ndez llam\u00f3 a la reflexi\u00f3n y sostuvo que \u201clos incendios forestales representan una seria amenaza para nuestro entorno natural y comunidades, significan p\u00e9rdidas de biodiversidad, da\u00f1os a la propiedad y en algunos casos hasta de vidas humanas. Prevenir un incendio forestal es m\u00e1s f\u00e1cil que combatirlo y juntos podemos proteger nuestros valiosos recursos\u201d.<\/p>\n\n\n\n<p>Ante el avistamiento de humo o fuego llamar inmediatamente al 103 o 911. Para conocer todos los sitios habilitados por la provincia para el uso de anafes y\/o calentadores, los establecimientos autorizados para hacer fuego y recomendaciones en zonas agrestes, se puede visitar: <a href=\"https:\/\/prodyambiente.tierradelfuego.gob.ar\/indice-riesgo-incendio\/\">https:\/\/prodyambiente.tierradelfuego.gob.ar\/indice-riesgo-incendio\/<\/a><\/p>\n\n\n\n<figure class=\"wp-block-image\"><img decoding=\"async\" src=\"https:\/\/www.tierradelfuego.gob.ar\/wp-content\/uploads\/2024\/02\/WhatsApp-Image-2024-02-01-at-15.35.34-1024x682.jpeg\" alt=\"\" class=\"wp-image-70134\"\/><\/figure>\n\n\n\n<p><br><\/p>\n\n\n\n<p>Fuente: www.tierradelfuego.gob.ar<\/p>\n","protected":false},"excerpt":{"rendered":"","protected":false},"author":2,"featured_media":79638,"comment_status":"open","ping_status":"open","sticky":false,"template":"","format":"standard","meta":{"site-sidebar-layout":"default","site-content-layout":"","ast-site-content-layout":"default","site-content-style":"default","site-sidebar-style":"default","ast-global-header-display":"","ast-banner-title-visibility":"","ast-main-header-display":"","ast-hfb-above-header-display":"","ast-hfb-below-header-display":"","ast-hfb-mobile-header-display":"","site-post-title":"","ast-breadcrumbs-content":"","ast-featured-img":"","footer-sml-layout":"","ast-disable-related-posts":"","theme-transparent-header-meta":"","adv-header-id-meta":"","stick-header-meta":"","header-above-stick-meta":"","header-main-stick-meta":"","header-below-stick-meta":"","astra-migrate-meta-layouts":"default","ast-page-background-enabled":"default","ast-page-background-meta":{"desktop":{"background-color":"var(--ast-global-color-5)","background-image":"","background-repeat":"repeat","background-position":"center center","background-size":"auto","background-attachment":"scroll","background-type":"","background-media":"","overlay-type":"","overlay-color":"","overlay-opacity":"","overlay-gradient":""},"tablet":{"background-color":"","background-image":"","background-repeat":"repeat","background-position":"center center","background-size":"auto","background-attachment":"scroll","background-type":"","background-media":"","overlay-type":"","overlay-color":"","overlay-opacity":"","overlay-gradient":""},"mobile":{"background-color":"","background-image":"","background-repeat":"repeat","background-position":"center center","background-size":"auto","background-attachment":"scroll","background-type":"","background-media":"","overlay-type":"","overlay-color":"","overlay-opacity":"","overlay-gradient":""}},"ast-content-background-meta":{"desktop":{"background-color":"var(--ast-global-color-4)","background-image":"","background-repeat":"repeat","background-position":"center center","background-size":"auto","background-attachment":"scroll","background-type":"","background-media":"","overlay-type":"","overlay-color":"","overlay-opacity":"","overlay-gradient":""},"tablet":{"background-color":"var(--ast-global-color-4)","background-image":"","background-repeat":"repeat","background-position":"center center","background-size":"auto","background-attachment":"scroll","background-type":"","background-media":"","overlay-type":"","overlay-color":"","overlay-opacity":"","overlay-gradient":""},"mobile":{"background-color":"var(--ast-global-color-4)","background-image":"","background-repeat":"repeat","background-position":"center center","background-size":"auto","background-attachment":"scroll","background-type":"","background-media":"","overlay-type":"","overlay-color":"","overlay-opacity":"","overlay-gradient":""}},"footnotes":""},"categories":[13],"tags":[],"class_list":["post-79637","post","type-post","status-publish","format-standard","has-post-thumbnail","hentry","category-provinciales"],"yoast_head":"<!-- This site is optimized with the Yoast SEO Premium plugin v23.0 (Yoast SEO v27.4) - https:\/\/yoast.com\/product\/yoast-seo-premium-wordpress\/ -->\n<title>El Ministerio de Ambiente de Tierra del Fuego advierte por incendios<\/title>\n<meta name=\"robots\" content=\"index, follow, max-snippet:-1, max-image-preview:large, max-video-preview:-1\" \/>\n<link rel=\"canonical\" href=\"https:\/\/patagoniambiental.com.ar\/info\/el-ministerio-de-produccion-y-ambiente-de-tierra-del-fuego-advierte-sobre-la-alerta-amarilla-por-incendios-forestales-que-rige-en-la-region\/\" \/>\n<meta property=\"og:locale\" content=\"es_ES\" \/>\n<meta property=\"og:type\" content=\"article\" \/>\n<meta property=\"og:title\" content=\"El Ministerio de Ambiente de Tierra del Fuego advierte por incendios\" \/>\n<meta property=\"og:url\" content=\"https:\/\/patagoniambiental.com.ar\/info\/el-ministerio-de-produccion-y-ambiente-de-tierra-del-fuego-advierte-sobre-la-alerta-amarilla-por-incendios-forestales-que-rige-en-la-region\/\" \/>\n<meta property=\"og:site_name\" content=\"Patagonia Ambiental\" \/>\n<meta property=\"article:publisher\" content=\"https:\/\/www.facebook.com\/patagonia.ambiental\" \/>\n<meta property=\"article:author\" content=\"https:\/\/www.facebook.com\/share\/1C1V8Gv9BX\/?mibextid=qi2Omg\" \/>\n<meta property=\"article:published_time\" content=\"2024-02-02T22:00:00+00:00\" \/>\n<meta property=\"article:modified_time\" content=\"2024-08-14T15:52:02+00:00\" \/>\n<meta property=\"og:image\" content=\"https:\/\/patagoniambiental.com.ar\/info\/wp-content\/uploads\/2024\/02\/WhatsApp-Image-2024-02-01-at-15.35.33-1024x480-1.jpeg\" \/>\n\t<meta property=\"og:image:width\" content=\"1024\" \/>\n\t<meta property=\"og:image:height\" content=\"480\" \/>\n\t<meta property=\"og:image:type\" content=\"image\/jpeg\" \/>\n<meta name=\"author\" content=\"Patagonia Ambiental\" \/>\n<meta name=\"twitter:card\" content=\"summary_large_image\" \/>\n<meta name=\"twitter:creator\" content=\"@PatAmb\" \/>\n<meta name=\"twitter:site\" content=\"@PatAmb\" \/>\n<script type=\"application\/ld+json\" class=\"yoast-schema-graph\">{\"@context\":\"https:\\\/\\\/schema.org\",\"@graph\":[{\"@type\":\"Article\",\"@id\":\"https:\\\/\\\/patagoniambiental.com.ar\\\/info\\\/el-ministerio-de-produccion-y-ambiente-de-tierra-del-fuego-advierte-sobre-la-alerta-amarilla-por-incendios-forestales-que-rige-en-la-region\\\/#article\",\"isPartOf\":{\"@id\":\"https:\\\/\\\/patagoniambiental.com.ar\\\/info\\\/el-ministerio-de-produccion-y-ambiente-de-tierra-del-fuego-advierte-sobre-la-alerta-amarilla-por-incendios-forestales-que-rige-en-la-region\\\/\"},\"author\":{\"name\":\"Patagonia Ambiental\",\"@id\":\"https:\\\/\\\/patagoniambiental.com.ar\\\/info\\\/#\\\/schema\\\/person\\\/db12bff64bbcbf6a253710bf0ea37b5d\"},\"headline\":\"El Ministerio de Ambiente de Tierra del Fuego advierte por incendios\",\"datePublished\":\"2024-02-02T22:00:00+00:00\",\"dateModified\":\"2024-08-14T15:52:02+00:00\",\"mainEntityOfPage\":{\"@id\":\"https:\\\/\\\/patagoniambiental.com.ar\\\/info\\\/el-ministerio-de-produccion-y-ambiente-de-tierra-del-fuego-advierte-sobre-la-alerta-amarilla-por-incendios-forestales-que-rige-en-la-region\\\/\"},\"wordCount\":513,\"commentCount\":0,\"publisher\":{\"@id\":\"https:\\\/\\\/patagoniambiental.com.ar\\\/info\\\/#organization\"},\"image\":{\"@id\":\"https:\\\/\\\/patagoniambiental.com.ar\\\/info\\\/el-ministerio-de-produccion-y-ambiente-de-tierra-del-fuego-advierte-sobre-la-alerta-amarilla-por-incendios-forestales-que-rige-en-la-region\\\/#primaryimage\"},\"thumbnailUrl\":\"https:\\\/\\\/patagoniambiental.com.ar\\\/info\\\/wp-content\\\/uploads\\\/2024\\\/02\\\/WhatsApp-Image-2024-02-01-at-15.35.33-1024x480-1.jpeg\",\"articleSection\":[\"Provinciales\"],\"inLanguage\":\"es\",\"potentialAction\":[{\"@type\":\"CommentAction\",\"name\":\"Comment\",\"target\":[\"https:\\\/\\\/patagoniambiental.com.ar\\\/info\\\/el-ministerio-de-produccion-y-ambiente-de-tierra-del-fuego-advierte-sobre-la-alerta-amarilla-por-incendios-forestales-que-rige-en-la-region\\\/#respond\"]}]},{\"@type\":\"WebPage\",\"@id\":\"https:\\\/\\\/patagoniambiental.com.ar\\\/info\\\/el-ministerio-de-produccion-y-ambiente-de-tierra-del-fuego-advierte-sobre-la-alerta-amarilla-por-incendios-forestales-que-rige-en-la-region\\\/\",\"url\":\"https:\\\/\\\/patagoniambiental.com.ar\\\/info\\\/el-ministerio-de-produccion-y-ambiente-de-tierra-del-fuego-advierte-sobre-la-alerta-amarilla-por-incendios-forestales-que-rige-en-la-region\\\/\",\"name\":\"El Ministerio de Ambiente de Tierra del Fuego advierte por incendios\",\"isPartOf\":{\"@id\":\"https:\\\/\\\/patagoniambiental.com.ar\\\/info\\\/#website\"},\"primaryImageOfPage\":{\"@id\":\"https:\\\/\\\/patagoniambiental.com.ar\\\/info\\\/el-ministerio-de-produccion-y-ambiente-de-tierra-del-fuego-advierte-sobre-la-alerta-amarilla-por-incendios-forestales-que-rige-en-la-region\\\/#primaryimage\"},\"image\":{\"@id\":\"https:\\\/\\\/patagoniambiental.com.ar\\\/info\\\/el-ministerio-de-produccion-y-ambiente-de-tierra-del-fuego-advierte-sobre-la-alerta-amarilla-por-incendios-forestales-que-rige-en-la-region\\\/#primaryimage\"},\"thumbnailUrl\":\"https:\\\/\\\/patagoniambiental.com.ar\\\/info\\\/wp-content\\\/uploads\\\/2024\\\/02\\\/WhatsApp-Image-2024-02-01-at-15.35.33-1024x480-1.jpeg\",\"datePublished\":\"2024-02-02T22:00:00+00:00\",\"dateModified\":\"2024-08-14T15:52:02+00:00\",\"breadcrumb\":{\"@id\":\"https:\\\/\\\/patagoniambiental.com.ar\\\/info\\\/el-ministerio-de-produccion-y-ambiente-de-tierra-del-fuego-advierte-sobre-la-alerta-amarilla-por-incendios-forestales-que-rige-en-la-region\\\/#breadcrumb\"},\"inLanguage\":\"es\",\"potentialAction\":[{\"@type\":\"ReadAction\",\"target\":[\"https:\\\/\\\/patagoniambiental.com.ar\\\/info\\\/el-ministerio-de-produccion-y-ambiente-de-tierra-del-fuego-advierte-sobre-la-alerta-amarilla-por-incendios-forestales-que-rige-en-la-region\\\/\"]}]},{\"@type\":\"ImageObject\",\"inLanguage\":\"es\",\"@id\":\"https:\\\/\\\/patagoniambiental.com.ar\\\/info\\\/el-ministerio-de-produccion-y-ambiente-de-tierra-del-fuego-advierte-sobre-la-alerta-amarilla-por-incendios-forestales-que-rige-en-la-region\\\/#primaryimage\",\"url\":\"https:\\\/\\\/patagoniambiental.com.ar\\\/info\\\/wp-content\\\/uploads\\\/2024\\\/02\\\/WhatsApp-Image-2024-02-01-at-15.35.33-1024x480-1.jpeg\",\"contentUrl\":\"https:\\\/\\\/patagoniambiental.com.ar\\\/info\\\/wp-content\\\/uploads\\\/2024\\\/02\\\/WhatsApp-Image-2024-02-01-at-15.35.33-1024x480-1.jpeg\",\"width\":1024,\"height\":480},{\"@type\":\"BreadcrumbList\",\"@id\":\"https:\\\/\\\/patagoniambiental.com.ar\\\/info\\\/el-ministerio-de-produccion-y-ambiente-de-tierra-del-fuego-advierte-sobre-la-alerta-amarilla-por-incendios-forestales-que-rige-en-la-region\\\/#breadcrumb\",\"itemListElement\":[{\"@type\":\"ListItem\",\"position\":1,\"name\":\"Inicio\",\"item\":\"https:\\\/\\\/patagoniambiental.com.ar\\\/info\\\/\"},{\"@type\":\"ListItem\",\"position\":2,\"name\":\"El Ministerio de Ambiente de Tierra del Fuego advierte por incendios\"}]},{\"@type\":\"WebSite\",\"@id\":\"https:\\\/\\\/patagoniambiental.com.ar\\\/info\\\/#website\",\"url\":\"https:\\\/\\\/patagoniambiental.com.ar\\\/info\\\/\",\"name\":\"Patagonia Ambiental\",\"description\":\"Monitoreo y an\u00e1lisis de la situaci\u00f3n geopol\u00edtica en el mundo y su implicancia en la Patagonia\",\"publisher\":{\"@id\":\"https:\\\/\\\/patagoniambiental.com.ar\\\/info\\\/#organization\"},\"potentialAction\":[{\"@type\":\"SearchAction\",\"target\":{\"@type\":\"EntryPoint\",\"urlTemplate\":\"https:\\\/\\\/patagoniambiental.com.ar\\\/info\\\/?s={search_term_string}\"},\"query-input\":{\"@type\":\"PropertyValueSpecification\",\"valueRequired\":true,\"valueName\":\"search_term_string\"}}],\"inLanguage\":\"es\"},{\"@type\":\"Organization\",\"@id\":\"https:\\\/\\\/patagoniambiental.com.ar\\\/info\\\/#organization\",\"name\":\"Patagonia Ambiental\",\"url\":\"https:\\\/\\\/patagoniambiental.com.ar\\\/info\\\/\",\"logo\":{\"@type\":\"ImageObject\",\"inLanguage\":\"es\",\"@id\":\"https:\\\/\\\/patagoniambiental.com.ar\\\/info\\\/#\\\/schema\\\/logo\\\/image\\\/\",\"url\":\"https:\\\/\\\/patagoniambiental.com.ar\\\/info\\\/wp-content\\\/uploads\\\/2025\\\/05\\\/LOGO-PATAGONIA-AMBIENTAL.png\",\"contentUrl\":\"https:\\\/\\\/patagoniambiental.com.ar\\\/info\\\/wp-content\\\/uploads\\\/2025\\\/05\\\/LOGO-PATAGONIA-AMBIENTAL.png\",\"width\":433,\"height\":250,\"caption\":\"Patagonia Ambiental\"},\"image\":{\"@id\":\"https:\\\/\\\/patagoniambiental.com.ar\\\/info\\\/#\\\/schema\\\/logo\\\/image\\\/\"},\"sameAs\":[\"https:\\\/\\\/www.facebook.com\\\/patagonia.ambiental\",\"https:\\\/\\\/x.com\\\/PatAmb\"]},{\"@type\":\"Person\",\"@id\":\"https:\\\/\\\/patagoniambiental.com.ar\\\/info\\\/#\\\/schema\\\/person\\\/db12bff64bbcbf6a253710bf0ea37b5d\",\"name\":\"Patagonia Ambiental\",\"description\":\"Andr\u00e9s Nievas T\u00e9cnico en manejo ambiental, consultor Ambiental y escritor para medios locales e internacionales sobre temas de geopolitica y medio ambiente.\",\"sameAs\":[\"http:\\\/\\\/www.patagoniambiental.com.ar\",\"https:\\\/\\\/www.facebook.com\\\/share\\\/1C1V8Gv9BX\\\/?mibextid=qi2Omg\",\"@patagoniambiental\",\"https:\\\/\\\/youtube.com\\\/@patagoniaambiental2023?si=BLt58t0wuXquxlYZ\"]}]}<\/script>\n<!-- \/ Yoast SEO Premium plugin. -->","yoast_head_json":{"title":"El Ministerio de Ambiente de Tierra del Fuego advierte por incendios","robots":{"index":"index","follow":"follow","max-snippet":"max-snippet:-1","max-image-preview":"max-image-preview:large","max-video-preview":"max-video-preview:-1"},"canonical":"https:\/\/patagoniambiental.com.ar\/info\/el-ministerio-de-produccion-y-ambiente-de-tierra-del-fuego-advierte-sobre-la-alerta-amarilla-por-incendios-forestales-que-rige-en-la-region\/","og_locale":"es_ES","og_type":"article","og_title":"El Ministerio de Ambiente de Tierra del Fuego advierte por incendios","og_url":"https:\/\/patagoniambiental.com.ar\/info\/el-ministerio-de-produccion-y-ambiente-de-tierra-del-fuego-advierte-sobre-la-alerta-amarilla-por-incendios-forestales-que-rige-en-la-region\/","og_site_name":"Patagonia Ambiental","article_publisher":"https:\/\/www.facebook.com\/patagonia.ambiental","article_author":"https:\/\/www.facebook.com\/share\/1C1V8Gv9BX\/?mibextid=qi2Omg","article_published_time":"2024-02-02T22:00:00+00:00","article_modified_time":"2024-08-14T15:52:02+00:00","og_image":[{"width":1024,"height":480,"url":"https:\/\/patagoniambiental.com.ar\/info\/wp-content\/uploads\/2024\/02\/WhatsApp-Image-2024-02-01-at-15.35.33-1024x480-1.jpeg","type":"image\/jpeg"}],"author":"Patagonia Ambiental","twitter_card":"summary_large_image","twitter_creator":"@PatAmb","twitter_site":"@PatAmb","schema":{"@context":"https:\/\/schema.org","@graph":[{"@type":"Article","@id":"https:\/\/patagoniambiental.com.ar\/info\/el-ministerio-de-produccion-y-ambiente-de-tierra-del-fuego-advierte-sobre-la-alerta-amarilla-por-incendios-forestales-que-rige-en-la-region\/#article","isPartOf":{"@id":"https:\/\/patagoniambiental.com.ar\/info\/el-ministerio-de-produccion-y-ambiente-de-tierra-del-fuego-advierte-sobre-la-alerta-amarilla-por-incendios-forestales-que-rige-en-la-region\/"},"author":{"name":"Patagonia Ambiental","@id":"https:\/\/patagoniambiental.com.ar\/info\/#\/schema\/person\/db12bff64bbcbf6a253710bf0ea37b5d"},"headline":"El Ministerio de Ambiente de Tierra del Fuego advierte por incendios","datePublished":"2024-02-02T22:00:00+00:00","dateModified":"2024-08-14T15:52:02+00:00","mainEntityOfPage":{"@id":"https:\/\/patagoniambiental.com.ar\/info\/el-ministerio-de-produccion-y-ambiente-de-tierra-del-fuego-advierte-sobre-la-alerta-amarilla-por-incendios-forestales-que-rige-en-la-region\/"},"wordCount":513,"commentCount":0,"publisher":{"@id":"https:\/\/patagoniambiental.com.ar\/info\/#organization"},"image":{"@id":"https:\/\/patagoniambiental.com.ar\/info\/el-ministerio-de-produccion-y-ambiente-de-tierra-del-fuego-advierte-sobre-la-alerta-amarilla-por-incendios-forestales-que-rige-en-la-region\/#primaryimage"},"thumbnailUrl":"https:\/\/patagoniambiental.com.ar\/info\/wp-content\/uploads\/2024\/02\/WhatsApp-Image-2024-02-01-at-15.35.33-1024x480-1.jpeg","articleSection":["Provinciales"],"inLanguage":"es","potentialAction":[{"@type":"CommentAction","name":"Comment","target":["https:\/\/patagoniambiental.com.ar\/info\/el-ministerio-de-produccion-y-ambiente-de-tierra-del-fuego-advierte-sobre-la-alerta-amarilla-por-incendios-forestales-que-rige-en-la-region\/#respond"]}]},{"@type":"WebPage","@id":"https:\/\/patagoniambiental.com.ar\/info\/el-ministerio-de-produccion-y-ambiente-de-tierra-del-fuego-advierte-sobre-la-alerta-amarilla-por-incendios-forestales-que-rige-en-la-region\/","url":"https:\/\/patagoniambiental.com.ar\/info\/el-ministerio-de-produccion-y-ambiente-de-tierra-del-fuego-advierte-sobre-la-alerta-amarilla-por-incendios-forestales-que-rige-en-la-region\/","name":"El Ministerio de Ambiente de Tierra del Fuego advierte por incendios","isPartOf":{"@id":"https:\/\/patagoniambiental.com.ar\/info\/#website"},"primaryImageOfPage":{"@id":"https:\/\/patagoniambiental.com.ar\/info\/el-ministerio-de-produccion-y-ambiente-de-tierra-del-fuego-advierte-sobre-la-alerta-amarilla-por-incendios-forestales-que-rige-en-la-region\/#primaryimage"},"image":{"@id":"https:\/\/patagoniambiental.com.ar\/info\/el-ministerio-de-produccion-y-ambiente-de-tierra-del-fuego-advierte-sobre-la-alerta-amarilla-por-incendios-forestales-que-rige-en-la-region\/#primaryimage"},"thumbnailUrl":"https:\/\/patagoniambiental.com.ar\/info\/wp-content\/uploads\/2024\/02\/WhatsApp-Image-2024-02-01-at-15.35.33-1024x480-1.jpeg","datePublished":"2024-02-02T22:00:00+00:00","dateModified":"2024-08-14T15:52:02+00:00","breadcrumb":{"@id":"https:\/\/patagoniambiental.com.ar\/info\/el-ministerio-de-produccion-y-ambiente-de-tierra-del-fuego-advierte-sobre-la-alerta-amarilla-por-incendios-forestales-que-rige-en-la-region\/#breadcrumb"},"inLanguage":"es","potentialAction":[{"@type":"ReadAction","target":["https:\/\/patagoniambiental.com.ar\/info\/el-ministerio-de-produccion-y-ambiente-de-tierra-del-fuego-advierte-sobre-la-alerta-amarilla-por-incendios-forestales-que-rige-en-la-region\/"]}]},{"@type":"ImageObject","inLanguage":"es","@id":"https:\/\/patagoniambiental.com.ar\/info\/el-ministerio-de-produccion-y-ambiente-de-tierra-del-fuego-advierte-sobre-la-alerta-amarilla-por-incendios-forestales-que-rige-en-la-region\/#primaryimage","url":"https:\/\/patagoniambiental.com.ar\/info\/wp-content\/uploads\/2024\/02\/WhatsApp-Image-2024-02-01-at-15.35.33-1024x480-1.jpeg","contentUrl":"https:\/\/patagoniambiental.com.ar\/info\/wp-content\/uploads\/2024\/02\/WhatsApp-Image-2024-02-01-at-15.35.33-1024x480-1.jpeg","width":1024,"height":480},{"@type":"BreadcrumbList","@id":"https:\/\/patagoniambiental.com.ar\/info\/el-ministerio-de-produccion-y-ambiente-de-tierra-del-fuego-advierte-sobre-la-alerta-amarilla-por-incendios-forestales-que-rige-en-la-region\/#breadcrumb","itemListElement":[{"@type":"ListItem","position":1,"name":"Inicio","item":"https:\/\/patagoniambiental.com.ar\/info\/"},{"@type":"ListItem","position":2,"name":"El Ministerio de Ambiente de Tierra del Fuego advierte por incendios"}]},{"@type":"WebSite","@id":"https:\/\/patagoniambiental.com.ar\/info\/#website","url":"https:\/\/patagoniambiental.com.ar\/info\/","name":"Patagonia Ambiental","description":"Monitoreo y an\u00e1lisis de la situaci\u00f3n geopol\u00edtica en el mundo y su implicancia en la Patagonia","publisher":{"@id":"https:\/\/patagoniambiental.com.ar\/info\/#organization"},"potentialAction":[{"@type":"SearchAction","target":{"@type":"EntryPoint","urlTemplate":"https:\/\/patagoniambiental.com.ar\/info\/?s={search_term_string}"},"query-input":{"@type":"PropertyValueSpecification","valueRequired":true,"valueName":"search_term_string"}}],"inLanguage":"es"},{"@type":"Organization","@id":"https:\/\/patagoniambiental.com.ar\/info\/#organization","name":"Patagonia Ambiental","url":"https:\/\/patagoniambiental.com.ar\/info\/","logo":{"@type":"ImageObject","inLanguage":"es","@id":"https:\/\/patagoniambiental.com.ar\/info\/#\/schema\/logo\/image\/","url":"https:\/\/patagoniambiental.com.ar\/info\/wp-content\/uploads\/2025\/05\/LOGO-PATAGONIA-AMBIENTAL.png","contentUrl":"https:\/\/patagoniambiental.com.ar\/info\/wp-content\/uploads\/2025\/05\/LOGO-PATAGONIA-AMBIENTAL.png","width":433,"height":250,"caption":"Patagonia Ambiental"},"image":{"@id":"https:\/\/patagoniambiental.com.ar\/info\/#\/schema\/logo\/image\/"},"sameAs":["https:\/\/www.facebook.com\/patagonia.ambiental","https:\/\/x.com\/PatAmb"]},{"@type":"Person","@id":"https:\/\/patagoniambiental.com.ar\/info\/#\/schema\/person\/db12bff64bbcbf6a253710bf0ea37b5d","name":"Patagonia Ambiental","description":"Andr\u00e9s Nievas T\u00e9cnico en manejo ambiental, consultor Ambiental y escritor para medios locales e internacionales sobre temas de geopolitica y medio ambiente.","sameAs":["http:\/\/www.patagoniambiental.com.ar","https:\/\/www.facebook.com\/share\/1C1V8Gv9BX\/?mibextid=qi2Omg","@patagoniambiental","https:\/\/youtube.com\/@patagoniaambiental2023?si=BLt58t0wuXquxlYZ"]}]}},"_links":{"self":[{"href":"https:\/\/patagoniambiental.com.ar\/info\/wp-json\/wp\/v2\/posts\/79637","targetHints":{"allow":["GET"]}}],"collection":[{"href":"https:\/\/patagoniambiental.com.ar\/info\/wp-json\/wp\/v2\/posts"}],"about":[{"href":"https:\/\/patagoniambiental.com.ar\/info\/wp-json\/wp\/v2\/types\/post"}],"author":[{"embeddable":true,"href":"https:\/\/patagoniambiental.com.ar\/info\/wp-json\/wp\/v2\/users\/2"}],"replies":[{"embeddable":true,"href":"https:\/\/patagoniambiental.com.ar\/info\/wp-json\/wp\/v2\/comments?post=79637"}],"version-history":[{"count":0,"href":"https:\/\/patagoniambiental.com.ar\/info\/wp-json\/wp\/v2\/posts\/79637\/revisions"}],"wp:featuredmedia":[{"embeddable":true,"href":"https:\/\/patagoniambiental.com.ar\/info\/wp-json\/wp\/v2\/media\/79638"}],"wp:attachment":[{"href":"https:\/\/patagoniambiental.com.ar\/info\/wp-json\/wp\/v2\/media?parent=79637"}],"wp:term":[{"taxonomy":"category","embeddable":true,"href":"https:\/\/patagoniambiental.com.ar\/info\/wp-json\/wp\/v2\/categories?post=79637"},{"taxonomy":"post_tag","embeddable":true,"href":"https:\/\/patagoniambiental.com.ar\/info\/wp-json\/wp\/v2\/tags?post=79637"}],"curies":[{"name":"wp","href":"https:\/\/api.w.org\/{rel}","templated":true}]}}