{"id":79643,"date":"2024-02-01T19:00:00","date_gmt":"2024-02-01T22:00:00","guid":{"rendered":"https:\/\/patagoniambiental.com.ar\/info\/?p=79643"},"modified":"2024-08-14T13:06:55","modified_gmt":"2024-08-14T16:06:55","slug":"buscan-impulsar-una-conexion-ferroviaria-entre-san-juan-y-vaca-muerta-1200-km-de-vias","status":"publish","type":"post","link":"https:\/\/patagoniambiental.com.ar\/info\/buscan-impulsar-una-conexion-ferroviaria-entre-san-juan-y-vaca-muerta-1200-km-de-vias\/","title":{"rendered":"Buscan impulsar una conexi\u00f3n ferroviaria entre San Juan y Vaca Muerta:"},"content":{"rendered":"\n<!--more-->\n\n\n\n<p>\u00abEl compromiso es trabajar y hacer todo el esfuerzo posible para que estas iniciativas sirvan a las econom\u00edas regionales\u00bb.<\/p>\n\n\n\n<p><a href=\"https:\/\/www.noticiasnqn.com.ar\/autor\/12-redaccion-noticiasnqn\"><\/a><\/p>\n\n\n\n<figure class=\"wp-block-image\"><img decoding=\"async\" src=\"https:\/\/noticiasnqn-s3.cdn.net.ar\/s3i233\/2023\/07\/noticiasnqn\/images\/13\/57\/135741_751284907fa508c6f0a35770c5f187d60f05bbcb3df7c164645a5559391314fb\/md.webp\" alt=\"\"\/><\/figure>\n\n\n\n<p>El gobernador de <a href=\"https:\/\/www.noticiasnqn.com.ar\/noticias\/2024\/01\/08\/289455-identificaron-al-rionegrino-que-murio-en-un-accidente-en-san-juan\">San Juan<\/a>, Marcelo Orrego, se reuni\u00f3 con el titular de la empresa Ferrocarriles Argentinos, Pablo Martorelli, para impulsar una conexi\u00f3n ferroviaria entre J\u00e1chal y <a href=\"https:\/\/www.noticiasnqn.com.ar\/tag\/2\/vaca-muerta\">Vaca Muerta<\/a>.<\/p>\n\n\n\n<p>El proyecto <strong>permitir\u00eda completar 1.192 km haciendo v\u00edas nuevas o mejorando algunos tramos<\/strong>, en una uni\u00f3n que definieron como estrat\u00e9gica. Es que permitir\u00eda unir la provincia con el yacimiento de gas y petr\u00f3leo m\u00e1s grande del pa\u00eds y trasladar el primero a la provincia.<\/p>\n\n\n\n<p>La reuni\u00f3n del primer mandatario sanjuanino con Martorelli fue a principios de enero, en uno de los viajes a Buenos Aires que hizo Orrego. Ah\u00ed discutieron las ventajas que tendr\u00eda retomar el proyecto.<\/p>\n\n\n\n<p>\u00abEl compromiso es trabajar y hacer todo el esfuerzo posible para que estas iniciativas sirvan a las econom\u00edas regionales\u00bb, dijo Orrego a DIARIO DE CUYO. Agreg\u00f3 que \u00abel impacto ser\u00e1 sumamente beneficioso para San Juan\u00bb.<\/p>\n\n\n\n<p>Entre estos efectos, <strong>el Gobernador destac\u00f3 que, al ser Vaca Muerta una reserva de gas importante, \u00abes vital la estrategia para distribuirlo\u00bb<\/strong>. Esto fue el principal impulso para las discusiones con el funcionario nacional.<\/p>\n\n\n\n<p>Si bien, seg\u00fan aclar\u00f3 el Gobernador, se trata de un proyecto que est\u00e1 en borrador, existen estudios sobre cu\u00e1les ser\u00edan los desaf\u00edos y posibilidades que tiene el plan.<\/p>\n\n\n\n<p>La l\u00ednea que impulsa ahora el gobierno de San Juan empieza en J\u00e1chal y <strong>llegar\u00eda a la localidad Neuquina de A\u00f1elo, que es uno de los puntos m\u00e1s cercanos a los yacimientos petrol\u00edferos de Vaca Muerta.<\/strong><\/p>\n\n\n\n<figure class=\"wp-block-image\"><img decoding=\"async\" src=\"https:\/\/noticiasnqn-s3.cdn.net.ar\/s3i233\/2024\/02\/noticiasnqn\/images\/48\/05\/480502_63be6df88ee108f558763e57736ac9184ba3dcec447cb39460a176c95534f3ac\/lg.webp\" alt=\"\"\/><\/figure>\n\n\n\n<p>Uno de los tramos que demandar\u00e1 m\u00e1s trabajo es la conexi\u00f3n entre el Norte y Caucete. Este tramo, seg\u00fan el informe, se encuentra \u00ababandonado, depredado, faltan puentes y numerosos tramos de v\u00eda\u00bb.<\/p>\n\n\n\n<p>Para este sector la recomendaci\u00f3n era reconstruirlo y adem\u00e1s hacerlo con un formato distinto. Es que la l\u00ednea original era lo que se denomina de trocha angosta, por lo que pod\u00edan circular trenes y vagones de menor tama\u00f1o.<\/p>\n\n\n\n<p>Para que la obra pueda empalmarse sin necesidad de un transbordo de cargas, la construcci\u00f3n deber\u00eda ser con una l\u00ednea de trocha ancha y \u00abalta capacidad portante\u00bb, por lo tanto, que pueda trasladar mayor carga.<\/p>\n\n\n\n<p>Si bien, tal como dijeron las autoridades sanjuaninas, hoy la prioridad es tener el Norte provincial conectado con Vaca Muerta, el proyecto cuenta tambi\u00e9n con una segunda fase propuesta.<\/p>\n\n\n\n<p>Se trata de la reconstrucci\u00f3n y creaci\u00f3n de nuevos ramales para que desde San Juan se pueda llegar en tren hasta Jujuy.<\/p>\n\n\n\n<p>Fuente: www.noticiasnqn.com.ar<\/p>\n","protected":false},"excerpt":{"rendered":"","protected":false},"author":2,"featured_media":79644,"comment_status":"open","ping_status":"open","sticky":false,"template":"","format":"standard","meta":{"site-sidebar-layout":"default","site-content-layout":"","ast-site-content-layout":"default","site-content-style":"default","site-sidebar-style":"default","ast-global-header-display":"","ast-banner-title-visibility":"","ast-main-header-display":"","ast-hfb-above-header-display":"","ast-hfb-below-header-display":"","ast-hfb-mobile-header-display":"","site-post-title":"","ast-breadcrumbs-content":"","ast-featured-img":"","footer-sml-layout":"","ast-disable-related-posts":"","theme-transparent-header-meta":"","adv-header-id-meta":"","stick-header-meta":"","header-above-stick-meta":"","header-main-stick-meta":"","header-below-stick-meta":"","astra-migrate-meta-layouts":"default","ast-page-background-enabled":"default","ast-page-background-meta":{"desktop":{"background-color":"var(--ast-global-color-5)","background-image":"","background-repeat":"repeat","background-position":"center center","background-size":"auto","background-attachment":"scroll","background-type":"","background-media":"","overlay-type":"","overlay-color":"","overlay-opacity":"","overlay-gradient":""},"tablet":{"background-color":"","background-image":"","background-repeat":"repeat","background-position":"center center","background-size":"auto","background-attachment":"scroll","background-type":"","background-media":"","overlay-type":"","overlay-color":"","overlay-opacity":"","overlay-gradient":""},"mobile":{"background-color":"","background-image":"","background-repeat":"repeat","background-position":"center center","background-size":"auto","background-attachment":"scroll","background-type":"","background-media":"","overlay-type":"","overlay-color":"","overlay-opacity":"","overlay-gradient":""}},"ast-content-background-meta":{"desktop":{"background-color":"var(--ast-global-color-4)","background-image":"","background-repeat":"repeat","background-position":"center center","background-size":"auto","background-attachment":"scroll","background-type":"","background-media":"","overlay-type":"","overlay-color":"","overlay-opacity":"","overlay-gradient":""},"tablet":{"background-color":"var(--ast-global-color-4)","background-image":"","background-repeat":"repeat","background-position":"center center","background-size":"auto","background-attachment":"scroll","background-type":"","background-media":"","overlay-type":"","overlay-color":"","overlay-opacity":"","overlay-gradient":""},"mobile":{"background-color":"var(--ast-global-color-4)","background-image":"","background-repeat":"repeat","background-position":"center center","background-size":"auto","background-attachment":"scroll","background-type":"","background-media":"","overlay-type":"","overlay-color":"","overlay-opacity":"","overlay-gradient":""}},"footnotes":""},"categories":[19,10],"tags":[],"class_list":["post-79643","post","type-post","status-publish","format-standard","has-post-thumbnail","hentry","category-nacionales","category-rotador"],"yoast_head":"<!-- This site is optimized with the Yoast SEO Premium plugin v23.0 (Yoast SEO v27.4) - https:\/\/yoast.com\/product\/yoast-seo-premium-wordpress\/ -->\n<title>Buscan impulsar una conexi\u00f3n ferroviaria entre San Juan y Vaca Muerta:<\/title>\n<meta name=\"robots\" content=\"index, follow, max-snippet:-1, max-image-preview:large, max-video-preview:-1\" \/>\n<link rel=\"canonical\" href=\"https:\/\/patagoniambiental.com.ar\/info\/buscan-impulsar-una-conexion-ferroviaria-entre-san-juan-y-vaca-muerta-1200-km-de-vias\/\" \/>\n<meta property=\"og:locale\" content=\"es_ES\" \/>\n<meta property=\"og:type\" content=\"article\" \/>\n<meta property=\"og:title\" content=\"Buscan impulsar una conexi\u00f3n ferroviaria entre San Juan y Vaca Muerta:\" \/>\n<meta property=\"og:url\" content=\"https:\/\/patagoniambiental.com.ar\/info\/buscan-impulsar-una-conexion-ferroviaria-entre-san-juan-y-vaca-muerta-1200-km-de-vias\/\" \/>\n<meta property=\"og:site_name\" content=\"Patagonia Ambiental\" \/>\n<meta property=\"article:publisher\" content=\"https:\/\/www.facebook.com\/patagonia.ambiental\" \/>\n<meta property=\"article:author\" content=\"https:\/\/www.facebook.com\/share\/1C1V8Gv9BX\/?mibextid=qi2Omg\" \/>\n<meta property=\"article:published_time\" content=\"2024-02-01T22:00:00+00:00\" \/>\n<meta property=\"article:modified_time\" content=\"2024-08-14T16:06:55+00:00\" \/>\n<meta property=\"og:image\" content=\"https:\/\/patagoniambiental.com.ar\/info\/wp-content\/uploads\/2024\/02\/Screenshot-2024-02-02-at-13-36-23-Buscan-impulsar-una-conexion-ferroviaria-entre-San-Juan-y-Vaca-Muerta-1200-km-de-vias-NoticiasNQN.png\" \/>\n\t<meta property=\"og:image:width\" content=\"862\" \/>\n\t<meta property=\"og:image:height\" content=\"524\" \/>\n\t<meta property=\"og:image:type\" content=\"image\/png\" \/>\n<meta name=\"author\" content=\"Patagonia Ambiental\" \/>\n<meta name=\"twitter:card\" content=\"summary_large_image\" \/>\n<meta name=\"twitter:creator\" content=\"@PatAmb\" \/>\n<meta name=\"twitter:site\" content=\"@PatAmb\" \/>\n<script type=\"application\/ld+json\" class=\"yoast-schema-graph\">{\"@context\":\"https:\\\/\\\/schema.org\",\"@graph\":[{\"@type\":\"Article\",\"@id\":\"https:\\\/\\\/patagoniambiental.com.ar\\\/info\\\/buscan-impulsar-una-conexion-ferroviaria-entre-san-juan-y-vaca-muerta-1200-km-de-vias\\\/#article\",\"isPartOf\":{\"@id\":\"https:\\\/\\\/patagoniambiental.com.ar\\\/info\\\/buscan-impulsar-una-conexion-ferroviaria-entre-san-juan-y-vaca-muerta-1200-km-de-vias\\\/\"},\"author\":{\"name\":\"Patagonia Ambiental\",\"@id\":\"https:\\\/\\\/patagoniambiental.com.ar\\\/info\\\/#\\\/schema\\\/person\\\/db12bff64bbcbf6a253710bf0ea37b5d\"},\"headline\":\"Buscan impulsar una conexi\u00f3n ferroviaria entre San Juan y Vaca Muerta:\",\"datePublished\":\"2024-02-01T22:00:00+00:00\",\"dateModified\":\"2024-08-14T16:06:55+00:00\",\"mainEntityOfPage\":{\"@id\":\"https:\\\/\\\/patagoniambiental.com.ar\\\/info\\\/buscan-impulsar-una-conexion-ferroviaria-entre-san-juan-y-vaca-muerta-1200-km-de-vias\\\/\"},\"wordCount\":469,\"commentCount\":0,\"publisher\":{\"@id\":\"https:\\\/\\\/patagoniambiental.com.ar\\\/info\\\/#organization\"},\"image\":{\"@id\":\"https:\\\/\\\/patagoniambiental.com.ar\\\/info\\\/buscan-impulsar-una-conexion-ferroviaria-entre-san-juan-y-vaca-muerta-1200-km-de-vias\\\/#primaryimage\"},\"thumbnailUrl\":\"https:\\\/\\\/patagoniambiental.com.ar\\\/info\\\/wp-content\\\/uploads\\\/2024\\\/02\\\/Screenshot-2024-02-02-at-13-36-23-Buscan-impulsar-una-conexion-ferroviaria-entre-San-Juan-y-Vaca-Muerta-1200-km-de-vias-NoticiasNQN.png\",\"articleSection\":[\"Nacionales\",\"Rotador\"],\"inLanguage\":\"es\",\"potentialAction\":[{\"@type\":\"CommentAction\",\"name\":\"Comment\",\"target\":[\"https:\\\/\\\/patagoniambiental.com.ar\\\/info\\\/buscan-impulsar-una-conexion-ferroviaria-entre-san-juan-y-vaca-muerta-1200-km-de-vias\\\/#respond\"]}]},{\"@type\":\"WebPage\",\"@id\":\"https:\\\/\\\/patagoniambiental.com.ar\\\/info\\\/buscan-impulsar-una-conexion-ferroviaria-entre-san-juan-y-vaca-muerta-1200-km-de-vias\\\/\",\"url\":\"https:\\\/\\\/patagoniambiental.com.ar\\\/info\\\/buscan-impulsar-una-conexion-ferroviaria-entre-san-juan-y-vaca-muerta-1200-km-de-vias\\\/\",\"name\":\"Buscan impulsar una conexi\u00f3n ferroviaria entre San Juan y Vaca Muerta:\",\"isPartOf\":{\"@id\":\"https:\\\/\\\/patagoniambiental.com.ar\\\/info\\\/#website\"},\"primaryImageOfPage\":{\"@id\":\"https:\\\/\\\/patagoniambiental.com.ar\\\/info\\\/buscan-impulsar-una-conexion-ferroviaria-entre-san-juan-y-vaca-muerta-1200-km-de-vias\\\/#primaryimage\"},\"image\":{\"@id\":\"https:\\\/\\\/patagoniambiental.com.ar\\\/info\\\/buscan-impulsar-una-conexion-ferroviaria-entre-san-juan-y-vaca-muerta-1200-km-de-vias\\\/#primaryimage\"},\"thumbnailUrl\":\"https:\\\/\\\/patagoniambiental.com.ar\\\/info\\\/wp-content\\\/uploads\\\/2024\\\/02\\\/Screenshot-2024-02-02-at-13-36-23-Buscan-impulsar-una-conexion-ferroviaria-entre-San-Juan-y-Vaca-Muerta-1200-km-de-vias-NoticiasNQN.png\",\"datePublished\":\"2024-02-01T22:00:00+00:00\",\"dateModified\":\"2024-08-14T16:06:55+00:00\",\"breadcrumb\":{\"@id\":\"https:\\\/\\\/patagoniambiental.com.ar\\\/info\\\/buscan-impulsar-una-conexion-ferroviaria-entre-san-juan-y-vaca-muerta-1200-km-de-vias\\\/#breadcrumb\"},\"inLanguage\":\"es\",\"potentialAction\":[{\"@type\":\"ReadAction\",\"target\":[\"https:\\\/\\\/patagoniambiental.com.ar\\\/info\\\/buscan-impulsar-una-conexion-ferroviaria-entre-san-juan-y-vaca-muerta-1200-km-de-vias\\\/\"]}]},{\"@type\":\"ImageObject\",\"inLanguage\":\"es\",\"@id\":\"https:\\\/\\\/patagoniambiental.com.ar\\\/info\\\/buscan-impulsar-una-conexion-ferroviaria-entre-san-juan-y-vaca-muerta-1200-km-de-vias\\\/#primaryimage\",\"url\":\"https:\\\/\\\/patagoniambiental.com.ar\\\/info\\\/wp-content\\\/uploads\\\/2024\\\/02\\\/Screenshot-2024-02-02-at-13-36-23-Buscan-impulsar-una-conexion-ferroviaria-entre-San-Juan-y-Vaca-Muerta-1200-km-de-vias-NoticiasNQN.png\",\"contentUrl\":\"https:\\\/\\\/patagoniambiental.com.ar\\\/info\\\/wp-content\\\/uploads\\\/2024\\\/02\\\/Screenshot-2024-02-02-at-13-36-23-Buscan-impulsar-una-conexion-ferroviaria-entre-San-Juan-y-Vaca-Muerta-1200-km-de-vias-NoticiasNQN.png\",\"width\":862,\"height\":524},{\"@type\":\"BreadcrumbList\",\"@id\":\"https:\\\/\\\/patagoniambiental.com.ar\\\/info\\\/buscan-impulsar-una-conexion-ferroviaria-entre-san-juan-y-vaca-muerta-1200-km-de-vias\\\/#breadcrumb\",\"itemListElement\":[{\"@type\":\"ListItem\",\"position\":1,\"name\":\"Inicio\",\"item\":\"https:\\\/\\\/patagoniambiental.com.ar\\\/info\\\/\"},{\"@type\":\"ListItem\",\"position\":2,\"name\":\"Buscan impulsar una conexi\u00f3n ferroviaria entre San Juan y Vaca Muerta:\"}]},{\"@type\":\"WebSite\",\"@id\":\"https:\\\/\\\/patagoniambiental.com.ar\\\/info\\\/#website\",\"url\":\"https:\\\/\\\/patagoniambiental.com.ar\\\/info\\\/\",\"name\":\"Patagonia Ambiental\",\"description\":\"Monitoreo y an\u00e1lisis de la situaci\u00f3n geopol\u00edtica en el mundo y su implicancia en la Patagonia\",\"publisher\":{\"@id\":\"https:\\\/\\\/patagoniambiental.com.ar\\\/info\\\/#organization\"},\"potentialAction\":[{\"@type\":\"SearchAction\",\"target\":{\"@type\":\"EntryPoint\",\"urlTemplate\":\"https:\\\/\\\/patagoniambiental.com.ar\\\/info\\\/?s={search_term_string}\"},\"query-input\":{\"@type\":\"PropertyValueSpecification\",\"valueRequired\":true,\"valueName\":\"search_term_string\"}}],\"inLanguage\":\"es\"},{\"@type\":\"Organization\",\"@id\":\"https:\\\/\\\/patagoniambiental.com.ar\\\/info\\\/#organization\",\"name\":\"Patagonia Ambiental\",\"url\":\"https:\\\/\\\/patagoniambiental.com.ar\\\/info\\\/\",\"logo\":{\"@type\":\"ImageObject\",\"inLanguage\":\"es\",\"@id\":\"https:\\\/\\\/patagoniambiental.com.ar\\\/info\\\/#\\\/schema\\\/logo\\\/image\\\/\",\"url\":\"https:\\\/\\\/patagoniambiental.com.ar\\\/info\\\/wp-content\\\/uploads\\\/2025\\\/05\\\/LOGO-PATAGONIA-AMBIENTAL.png\",\"contentUrl\":\"https:\\\/\\\/patagoniambiental.com.ar\\\/info\\\/wp-content\\\/uploads\\\/2025\\\/05\\\/LOGO-PATAGONIA-AMBIENTAL.png\",\"width\":433,\"height\":250,\"caption\":\"Patagonia Ambiental\"},\"image\":{\"@id\":\"https:\\\/\\\/patagoniambiental.com.ar\\\/info\\\/#\\\/schema\\\/logo\\\/image\\\/\"},\"sameAs\":[\"https:\\\/\\\/www.facebook.com\\\/patagonia.ambiental\",\"https:\\\/\\\/x.com\\\/PatAmb\"]},{\"@type\":\"Person\",\"@id\":\"https:\\\/\\\/patagoniambiental.com.ar\\\/info\\\/#\\\/schema\\\/person\\\/db12bff64bbcbf6a253710bf0ea37b5d\",\"name\":\"Patagonia Ambiental\",\"description\":\"Andr\u00e9s Nievas T\u00e9cnico en manejo ambiental, consultor Ambiental y escritor para medios locales e internacionales sobre temas de geopolitica y medio ambiente.\",\"sameAs\":[\"http:\\\/\\\/www.patagoniambiental.com.ar\",\"https:\\\/\\\/www.facebook.com\\\/share\\\/1C1V8Gv9BX\\\/?mibextid=qi2Omg\",\"@patagoniambiental\",\"https:\\\/\\\/youtube.com\\\/@patagoniaambiental2023?si=BLt58t0wuXquxlYZ\"]}]}<\/script>\n<!-- \/ Yoast SEO Premium plugin. -->","yoast_head_json":{"title":"Buscan impulsar una conexi\u00f3n ferroviaria entre San Juan y Vaca Muerta:","robots":{"index":"index","follow":"follow","max-snippet":"max-snippet:-1","max-image-preview":"max-image-preview:large","max-video-preview":"max-video-preview:-1"},"canonical":"https:\/\/patagoniambiental.com.ar\/info\/buscan-impulsar-una-conexion-ferroviaria-entre-san-juan-y-vaca-muerta-1200-km-de-vias\/","og_locale":"es_ES","og_type":"article","og_title":"Buscan impulsar una conexi\u00f3n ferroviaria entre San Juan y Vaca Muerta:","og_url":"https:\/\/patagoniambiental.com.ar\/info\/buscan-impulsar-una-conexion-ferroviaria-entre-san-juan-y-vaca-muerta-1200-km-de-vias\/","og_site_name":"Patagonia Ambiental","article_publisher":"https:\/\/www.facebook.com\/patagonia.ambiental","article_author":"https:\/\/www.facebook.com\/share\/1C1V8Gv9BX\/?mibextid=qi2Omg","article_published_time":"2024-02-01T22:00:00+00:00","article_modified_time":"2024-08-14T16:06:55+00:00","og_image":[{"width":862,"height":524,"url":"https:\/\/patagoniambiental.com.ar\/info\/wp-content\/uploads\/2024\/02\/Screenshot-2024-02-02-at-13-36-23-Buscan-impulsar-una-conexion-ferroviaria-entre-San-Juan-y-Vaca-Muerta-1200-km-de-vias-NoticiasNQN.png","type":"image\/png"}],"author":"Patagonia Ambiental","twitter_card":"summary_large_image","twitter_creator":"@PatAmb","twitter_site":"@PatAmb","schema":{"@context":"https:\/\/schema.org","@graph":[{"@type":"Article","@id":"https:\/\/patagoniambiental.com.ar\/info\/buscan-impulsar-una-conexion-ferroviaria-entre-san-juan-y-vaca-muerta-1200-km-de-vias\/#article","isPartOf":{"@id":"https:\/\/patagoniambiental.com.ar\/info\/buscan-impulsar-una-conexion-ferroviaria-entre-san-juan-y-vaca-muerta-1200-km-de-vias\/"},"author":{"name":"Patagonia Ambiental","@id":"https:\/\/patagoniambiental.com.ar\/info\/#\/schema\/person\/db12bff64bbcbf6a253710bf0ea37b5d"},"headline":"Buscan impulsar una conexi\u00f3n ferroviaria entre San Juan y Vaca Muerta:","datePublished":"2024-02-01T22:00:00+00:00","dateModified":"2024-08-14T16:06:55+00:00","mainEntityOfPage":{"@id":"https:\/\/patagoniambiental.com.ar\/info\/buscan-impulsar-una-conexion-ferroviaria-entre-san-juan-y-vaca-muerta-1200-km-de-vias\/"},"wordCount":469,"commentCount":0,"publisher":{"@id":"https:\/\/patagoniambiental.com.ar\/info\/#organization"},"image":{"@id":"https:\/\/patagoniambiental.com.ar\/info\/buscan-impulsar-una-conexion-ferroviaria-entre-san-juan-y-vaca-muerta-1200-km-de-vias\/#primaryimage"},"thumbnailUrl":"https:\/\/patagoniambiental.com.ar\/info\/wp-content\/uploads\/2024\/02\/Screenshot-2024-02-02-at-13-36-23-Buscan-impulsar-una-conexion-ferroviaria-entre-San-Juan-y-Vaca-Muerta-1200-km-de-vias-NoticiasNQN.png","articleSection":["Nacionales","Rotador"],"inLanguage":"es","potentialAction":[{"@type":"CommentAction","name":"Comment","target":["https:\/\/patagoniambiental.com.ar\/info\/buscan-impulsar-una-conexion-ferroviaria-entre-san-juan-y-vaca-muerta-1200-km-de-vias\/#respond"]}]},{"@type":"WebPage","@id":"https:\/\/patagoniambiental.com.ar\/info\/buscan-impulsar-una-conexion-ferroviaria-entre-san-juan-y-vaca-muerta-1200-km-de-vias\/","url":"https:\/\/patagoniambiental.com.ar\/info\/buscan-impulsar-una-conexion-ferroviaria-entre-san-juan-y-vaca-muerta-1200-km-de-vias\/","name":"Buscan impulsar una conexi\u00f3n ferroviaria entre San Juan y Vaca Muerta:","isPartOf":{"@id":"https:\/\/patagoniambiental.com.ar\/info\/#website"},"primaryImageOfPage":{"@id":"https:\/\/patagoniambiental.com.ar\/info\/buscan-impulsar-una-conexion-ferroviaria-entre-san-juan-y-vaca-muerta-1200-km-de-vias\/#primaryimage"},"image":{"@id":"https:\/\/patagoniambiental.com.ar\/info\/buscan-impulsar-una-conexion-ferroviaria-entre-san-juan-y-vaca-muerta-1200-km-de-vias\/#primaryimage"},"thumbnailUrl":"https:\/\/patagoniambiental.com.ar\/info\/wp-content\/uploads\/2024\/02\/Screenshot-2024-02-02-at-13-36-23-Buscan-impulsar-una-conexion-ferroviaria-entre-San-Juan-y-Vaca-Muerta-1200-km-de-vias-NoticiasNQN.png","datePublished":"2024-02-01T22:00:00+00:00","dateModified":"2024-08-14T16:06:55+00:00","breadcrumb":{"@id":"https:\/\/patagoniambiental.com.ar\/info\/buscan-impulsar-una-conexion-ferroviaria-entre-san-juan-y-vaca-muerta-1200-km-de-vias\/#breadcrumb"},"inLanguage":"es","potentialAction":[{"@type":"ReadAction","target":["https:\/\/patagoniambiental.com.ar\/info\/buscan-impulsar-una-conexion-ferroviaria-entre-san-juan-y-vaca-muerta-1200-km-de-vias\/"]}]},{"@type":"ImageObject","inLanguage":"es","@id":"https:\/\/patagoniambiental.com.ar\/info\/buscan-impulsar-una-conexion-ferroviaria-entre-san-juan-y-vaca-muerta-1200-km-de-vias\/#primaryimage","url":"https:\/\/patagoniambiental.com.ar\/info\/wp-content\/uploads\/2024\/02\/Screenshot-2024-02-02-at-13-36-23-Buscan-impulsar-una-conexion-ferroviaria-entre-San-Juan-y-Vaca-Muerta-1200-km-de-vias-NoticiasNQN.png","contentUrl":"https:\/\/patagoniambiental.com.ar\/info\/wp-content\/uploads\/2024\/02\/Screenshot-2024-02-02-at-13-36-23-Buscan-impulsar-una-conexion-ferroviaria-entre-San-Juan-y-Vaca-Muerta-1200-km-de-vias-NoticiasNQN.png","width":862,"height":524},{"@type":"BreadcrumbList","@id":"https:\/\/patagoniambiental.com.ar\/info\/buscan-impulsar-una-conexion-ferroviaria-entre-san-juan-y-vaca-muerta-1200-km-de-vias\/#breadcrumb","itemListElement":[{"@type":"ListItem","position":1,"name":"Inicio","item":"https:\/\/patagoniambiental.com.ar\/info\/"},{"@type":"ListItem","position":2,"name":"Buscan impulsar una conexi\u00f3n ferroviaria entre San Juan y Vaca Muerta:"}]},{"@type":"WebSite","@id":"https:\/\/patagoniambiental.com.ar\/info\/#website","url":"https:\/\/patagoniambiental.com.ar\/info\/","name":"Patagonia Ambiental","description":"Monitoreo y an\u00e1lisis de la situaci\u00f3n geopol\u00edtica en el mundo y su implicancia en la Patagonia","publisher":{"@id":"https:\/\/patagoniambiental.com.ar\/info\/#organization"},"potentialAction":[{"@type":"SearchAction","target":{"@type":"EntryPoint","urlTemplate":"https:\/\/patagoniambiental.com.ar\/info\/?s={search_term_string}"},"query-input":{"@type":"PropertyValueSpecification","valueRequired":true,"valueName":"search_term_string"}}],"inLanguage":"es"},{"@type":"Organization","@id":"https:\/\/patagoniambiental.com.ar\/info\/#organization","name":"Patagonia Ambiental","url":"https:\/\/patagoniambiental.com.ar\/info\/","logo":{"@type":"ImageObject","inLanguage":"es","@id":"https:\/\/patagoniambiental.com.ar\/info\/#\/schema\/logo\/image\/","url":"https:\/\/patagoniambiental.com.ar\/info\/wp-content\/uploads\/2025\/05\/LOGO-PATAGONIA-AMBIENTAL.png","contentUrl":"https:\/\/patagoniambiental.com.ar\/info\/wp-content\/uploads\/2025\/05\/LOGO-PATAGONIA-AMBIENTAL.png","width":433,"height":250,"caption":"Patagonia Ambiental"},"image":{"@id":"https:\/\/patagoniambiental.com.ar\/info\/#\/schema\/logo\/image\/"},"sameAs":["https:\/\/www.facebook.com\/patagonia.ambiental","https:\/\/x.com\/PatAmb"]},{"@type":"Person","@id":"https:\/\/patagoniambiental.com.ar\/info\/#\/schema\/person\/db12bff64bbcbf6a253710bf0ea37b5d","name":"Patagonia Ambiental","description":"Andr\u00e9s Nievas T\u00e9cnico en manejo ambiental, consultor Ambiental y escritor para medios locales e internacionales sobre temas de geopolitica y medio ambiente.","sameAs":["http:\/\/www.patagoniambiental.com.ar","https:\/\/www.facebook.com\/share\/1C1V8Gv9BX\/?mibextid=qi2Omg","@patagoniambiental","https:\/\/youtube.com\/@patagoniaambiental2023?si=BLt58t0wuXquxlYZ"]}]}},"_links":{"self":[{"href":"https:\/\/patagoniambiental.com.ar\/info\/wp-json\/wp\/v2\/posts\/79643","targetHints":{"allow":["GET"]}}],"collection":[{"href":"https:\/\/patagoniambiental.com.ar\/info\/wp-json\/wp\/v2\/posts"}],"about":[{"href":"https:\/\/patagoniambiental.com.ar\/info\/wp-json\/wp\/v2\/types\/post"}],"author":[{"embeddable":true,"href":"https:\/\/patagoniambiental.com.ar\/info\/wp-json\/wp\/v2\/users\/2"}],"replies":[{"embeddable":true,"href":"https:\/\/patagoniambiental.com.ar\/info\/wp-json\/wp\/v2\/comments?post=79643"}],"version-history":[{"count":0,"href":"https:\/\/patagoniambiental.com.ar\/info\/wp-json\/wp\/v2\/posts\/79643\/revisions"}],"wp:featuredmedia":[{"embeddable":true,"href":"https:\/\/patagoniambiental.com.ar\/info\/wp-json\/wp\/v2\/media\/79644"}],"wp:attachment":[{"href":"https:\/\/patagoniambiental.com.ar\/info\/wp-json\/wp\/v2\/media?parent=79643"}],"wp:term":[{"taxonomy":"category","embeddable":true,"href":"https:\/\/patagoniambiental.com.ar\/info\/wp-json\/wp\/v2\/categories?post=79643"},{"taxonomy":"post_tag","embeddable":true,"href":"https:\/\/patagoniambiental.com.ar\/info\/wp-json\/wp\/v2\/tags?post=79643"}],"curies":[{"name":"wp","href":"https:\/\/api.w.org\/{rel}","templated":true}]}}