{"id":79647,"date":"2024-03-05T07:00:00","date_gmt":"2024-03-05T10:00:00","guid":{"rendered":"https:\/\/patagoniambiental.com.ar\/info\/?p=79647"},"modified":"2024-08-13T13:53:14","modified_gmt":"2024-08-13T16:53:14","slug":"la-importancia-de-plantar-mas-arboles-en-las-ciudades-para-combatir-las-altas-temperaturas","status":"publish","type":"post","link":"https:\/\/patagoniambiental.com.ar\/info\/la-importancia-de-plantar-mas-arboles-en-las-ciudades-para-combatir-las-altas-temperaturas\/","title":{"rendered":"La importancia de plantar \u00e1rboles en ciudades para combatir altas temperaturas"},"content":{"rendered":"\n<!--more-->\n\n\n\n<h4 class=\"wp-block-heading\" id=\"h-los-arboles-tienen-muchos-beneficios-por-lo-que-resulta-esencial-contar-con-al-menos-un-ejemplar-en-cada-casa-y-estar-informado-sobre-las-ordenanzas-vigentes-en-cada-localidad\">Los \u00e1rboles tienen muchos beneficios, por lo que resulta esencial contar con al menos un ejemplar en cada casa y estar informado sobre las ordenanzas vigentes en cada localidad.<\/h4>\n\n\n\n<figure class=\"wp-block-image\"><img decoding=\"async\" src=\"https:\/\/canal12web.com\/wp-content\/uploads\/2024\/02\/arboles.jpeg\" alt=\"\" class=\"wp-image-353211\"\/><\/figure>\n\n\n\n<p>Los beneficios de <a href=\"https:\/\/canal12web.com\/?s=arb%C3%B3les\">los \u00e1rboles <\/a>son m\u00e1s de los que imaginamos, por eso es importante plantar \u00e1rboles en cualquier \u00e9poca del a\u00f1o. Ayudan a <a href=\"https:\/\/www.hoy.es\/badajoz\/arboles-reducen-grados-20220731080104-nt.html#:~:text=El%20Instituto%20de%20Ciencias%20Atmosf%C3%A9ricas,hasta%2012%20grados%20de%20media.\" rel=\"noreferrer noopener\" target=\"_blank\">reducir la temperatura ambiental <\/a>varios grados en los d\u00edas calurosos, producen ox\u00edgeno y absorben el di\u00f3xido de carbono, uno de los principales causantes del calentamiento global. En relaci\u00f3n con este tema, Canal 12 entrevist\u00f3 a profesionales en materia ambiental de Madryn y Trelew para obtener informaci\u00f3n detallada sobre los beneficios de plantar \u00e1rboles y las ordenanzas vigentes en cada ciudad.<\/p>\n\n\n\n<p>Luciana Mart\u00ednez Elgorriaga, jefa del subprograma de Educaci\u00f3n Ambiental de Trelew, explic\u00f3 que en Trelew rige una ordenanza para el cuidado y plantado de \u00e1rboles, \u201cla ordenanza Treverde tiene vigencia y es uno de los grandes pilares en lo que respecta al marco normativo ambiental. <strong>Esta sostiene principalmente que cada frentista debe tener dos \u00e1rboles y tambi\u00e9n marca que cuando nosotros extraemos un \u00e1rbol, hay que colocar otro de la misma semejanza<\/strong>\u201c.<\/p>\n\n\n\n<figure class=\"wp-block-embed is-provider-youtube wp-block-embed-youtube\"><div class=\"wp-block-embed__wrapper\">\nhttps:\/\/youtube.com\/watch?v=cLjRGoyFXAE%3Ffeature%3Doembed\n<\/div><\/figure>\n\n\n\n<p>En el contexto actual de cambio clim\u00e1tico, Elgorriaga enfatiz\u00f3 la relevancia de que las ciudades tengan espacios verdes, \u201cahora que estamos en un contexto importante de cambio clim\u00e1tico, <strong>es fundamental que las ciudades cuenten con lo que son espacios verdes.<\/strong> Para todas esas cuestiones, obviamente que despu\u00e9s lo que son los espacios p\u00fablicos y dem\u00e1s tambi\u00e9n sirven como reservorio y h\u00e1bitat de muchas especies de aves.\u201d<\/p>\n\n\n\n<p>Adem\u00e1s, proporcion\u00f3 informaci\u00f3n sobre las especies que se pueden plantar, \u201csi alguien quiere saber las especies que est\u00e1n permitidas, se puede acercar a Mitre 73 que es la coordinaci\u00f3n de ambiente o mandarnos un mail a <a>gestion.ambiental.trelew@gmail.com<\/a> y le pasamos el listado.\u201d<\/p>\n\n\n\n<figure class=\"wp-block-embed is-provider-youtube wp-block-embed-youtube\"><div class=\"wp-block-embed__wrapper\">\nhttps:\/\/youtube.com\/watch?v=fVh_KN16EOk%3Ffeature%3Doembed\n<\/div><\/figure>\n\n\n\n<figure class=\"wp-block-embed is-type-rich is-provider-gestor-del-servicio wp-block-embed-gestor-del-servicio\"><div class=\"wp-block-embed__wrapper\">\nhttps:\/\/youtube.com\/watch?v=fVh_KN16EOk%3Ffeature%3Doembed\n<\/div><\/figure>\n\n\n\n<p>Sandra Jindra, directora del Vivero Municipal de Puerto Madryn, manifest\u00f3 \u201cdesde el vivero, estamos trabajando permanentemente, acompa\u00f1ando al vecino en el tema de la plantaci\u00f3n y la concientizaci\u00f3n sobre el cuidado del \u00e1rbol. No solo es importante para el medio ambiente, sino tambi\u00e9n para la protecci\u00f3n y todo lo que te da el hecho de tener un \u00e1rbol en la puerta de tu casa\u201d.<\/p>\n\n\n\n<p>Tambi\u00e9n, dio detalles sobre la ordenanza, \u201chay una ordenanza y se cumple a medias, en alg\u00fan momento estuvimos haciendo una especie de sondeo, y el tema parec\u00eda ser que al haber tantas propiedades alquiladas, por ah\u00ed <strong>los inquilinos no asumen el compromiso del cuidado del \u00e1rbol<\/strong>\u201c.<\/p>\n\n\n\n<figure class=\"wp-block-image\"><img decoding=\"async\" src=\"https:\/\/canal12web.com\/wp-content\/uploads\/2024\/02\/aesculus-1200x900.jpg\" alt=\"Arboles\" class=\"wp-image-353231\"\/><figcaption class=\"wp-element-caption\">En Rawson, Trelew Y Puerto Madryn Rigen Diversas Ordenanzas Pare Regular La Plantaci\u00f3n Y Cuidado De Los \u00c1rboles.<\/figcaption><\/figure>\n\n\n\n<div style=\"height:100px\" aria-hidden=\"true\" class=\"wp-block-spacer\"><\/div>\n\n\n\n<h2 class=\"wp-block-heading\" id=\"h-plantar-arboles-siempre-es-importante\">\u201cPlantar \u00e1rboles siempre es importante\u201d<\/h2>\n\n\n\n<p><strong>Fabio B\u00e9jar<\/strong>, encargado del vivero Espacio Verde, subray\u00f3 la importancia de plantar \u00e1rboles, afirmando, \u201cplantar \u00e1rboles siempre es importante, primero <strong>porque producen ox\u00edgeno, purifican el aire, sirven de resguardo para la fauna, para la gente, para las casas, para los autos, etc\u00e9tera, para todo<\/strong>. Adem\u00e1s, es una parte est\u00e9tica fundamental de la casa\u201d.<\/p>\n\n\n\n<p>En cuanto a la \u00e9poca de plantado, B\u00e9jar destac\u00f3, \u201clas mejores \u00e9pocas para plantar un \u00e1rbol son generalmente de marzo hasta septiembre-noviembre, evit\u00e1ndose los meses de mucho calor como enero, febrero, diciembre\u201d, afirm\u00f3.<\/p>\n\n\n\n<p>En nuestras manos est\u00e1 el poder de contribuir a un entorno m\u00e1s saludable y con el foco puesto en el medio ambiente, plantar \u00e1rboles no solo es un acto individual, sino una acci\u00f3n colectiva que construye un futuro m\u00e1s verde para todos.<\/p>\n\n\n\n<p>Fuente: canal12web.com<\/p>\n","protected":false},"excerpt":{"rendered":"","protected":false},"author":2,"featured_media":79650,"comment_status":"open","ping_status":"open","sticky":false,"template":"","format":"standard","meta":{"site-sidebar-layout":"default","site-content-layout":"","ast-site-content-layout":"default","site-content-style":"default","site-sidebar-style":"default","ast-global-header-display":"","ast-banner-title-visibility":"","ast-main-header-display":"","ast-hfb-above-header-display":"","ast-hfb-below-header-display":"","ast-hfb-mobile-header-display":"","site-post-title":"","ast-breadcrumbs-content":"","ast-featured-img":"","footer-sml-layout":"","ast-disable-related-posts":"","theme-transparent-header-meta":"","adv-header-id-meta":"","stick-header-meta":"","header-above-stick-meta":"","header-main-stick-meta":"","header-below-stick-meta":"","astra-migrate-meta-layouts":"default","ast-page-background-enabled":"default","ast-page-background-meta":{"desktop":{"background-color":"var(--ast-global-color-5)","background-image":"","background-repeat":"repeat","background-position":"center center","background-size":"auto","background-attachment":"scroll","background-type":"","background-media":"","overlay-type":"","overlay-color":"","overlay-opacity":"","overlay-gradient":""},"tablet":{"background-color":"","background-image":"","background-repeat":"repeat","background-position":"center center","background-size":"auto","background-attachment":"scroll","background-type":"","background-media":"","overlay-type":"","overlay-color":"","overlay-opacity":"","overlay-gradient":""},"mobile":{"background-color":"","background-image":"","background-repeat":"repeat","background-position":"center center","background-size":"auto","background-attachment":"scroll","background-type":"","background-media":"","overlay-type":"","overlay-color":"","overlay-opacity":"","overlay-gradient":""}},"ast-content-background-meta":{"desktop":{"background-color":"var(--ast-global-color-4)","background-image":"","background-repeat":"repeat","background-position":"center center","background-size":"auto","background-attachment":"scroll","background-type":"","background-media":"","overlay-type":"","overlay-color":"","overlay-opacity":"","overlay-gradient":""},"tablet":{"background-color":"var(--ast-global-color-4)","background-image":"","background-repeat":"repeat","background-position":"center center","background-size":"auto","background-attachment":"scroll","background-type":"","background-media":"","overlay-type":"","overlay-color":"","overlay-opacity":"","overlay-gradient":""},"mobile":{"background-color":"var(--ast-global-color-4)","background-image":"","background-repeat":"repeat","background-position":"center center","background-size":"auto","background-attachment":"scroll","background-type":"","background-media":"","overlay-type":"","overlay-color":"","overlay-opacity":"","overlay-gradient":""}},"footnotes":""},"categories":[53],"tags":[],"class_list":["post-79647","post","type-post","status-publish","format-standard","has-post-thumbnail","hentry","category-general"],"yoast_head":"<!-- This site is optimized with the Yoast SEO Premium plugin v23.0 (Yoast SEO v27.5) - https:\/\/yoast.com\/product\/yoast-seo-premium-wordpress\/ -->\n<title>La importancia de plantar \u00e1rboles en ciudades para combatir altas temperaturas<\/title>\n<meta name=\"robots\" content=\"index, follow, max-snippet:-1, max-image-preview:large, max-video-preview:-1\" \/>\n<link rel=\"canonical\" href=\"https:\/\/patagoniambiental.com.ar\/info\/la-importancia-de-plantar-mas-arboles-en-las-ciudades-para-combatir-las-altas-temperaturas\/\" \/>\n<meta property=\"og:locale\" content=\"es_ES\" \/>\n<meta property=\"og:type\" content=\"article\" \/>\n<meta property=\"og:title\" content=\"La importancia de plantar \u00e1rboles en ciudades para combatir altas temperaturas\" \/>\n<meta property=\"og:url\" content=\"https:\/\/patagoniambiental.com.ar\/info\/la-importancia-de-plantar-mas-arboles-en-las-ciudades-para-combatir-las-altas-temperaturas\/\" \/>\n<meta property=\"og:site_name\" content=\"Patagonia Ambiental\" \/>\n<meta property=\"article:publisher\" content=\"https:\/\/www.facebook.com\/patagonia.ambiental\" \/>\n<meta property=\"article:author\" content=\"https:\/\/www.facebook.com\/share\/1C1V8Gv9BX\/?mibextid=qi2Omg\" \/>\n<meta property=\"article:published_time\" content=\"2024-03-05T10:00:00+00:00\" \/>\n<meta property=\"article:modified_time\" content=\"2024-08-13T16:53:14+00:00\" \/>\n<meta property=\"og:image\" content=\"https:\/\/patagoniambiental.com.ar\/info\/wp-content\/uploads\/2024\/02\/arboles.jpeg\" \/>\n\t<meta property=\"og:image:width\" content=\"1280\" \/>\n\t<meta property=\"og:image:height\" content=\"847\" \/>\n\t<meta property=\"og:image:type\" content=\"image\/jpeg\" \/>\n<meta name=\"author\" content=\"Patagonia Ambiental\" \/>\n<meta name=\"twitter:card\" content=\"summary_large_image\" \/>\n<meta name=\"twitter:creator\" content=\"@PatAmb\" \/>\n<meta name=\"twitter:site\" content=\"@PatAmb\" \/>\n<script type=\"application\/ld+json\" class=\"yoast-schema-graph\">{\"@context\":\"https:\\\/\\\/schema.org\",\"@graph\":[{\"@type\":\"Article\",\"@id\":\"https:\\\/\\\/patagoniambiental.com.ar\\\/info\\\/la-importancia-de-plantar-mas-arboles-en-las-ciudades-para-combatir-las-altas-temperaturas\\\/#article\",\"isPartOf\":{\"@id\":\"https:\\\/\\\/patagoniambiental.com.ar\\\/info\\\/la-importancia-de-plantar-mas-arboles-en-las-ciudades-para-combatir-las-altas-temperaturas\\\/\"},\"author\":{\"name\":\"Patagonia Ambiental\",\"@id\":\"https:\\\/\\\/patagoniambiental.com.ar\\\/info\\\/#\\\/schema\\\/person\\\/db12bff64bbcbf6a253710bf0ea37b5d\"},\"headline\":\"La importancia de plantar \u00e1rboles en ciudades para combatir altas temperaturas\",\"datePublished\":\"2024-03-05T10:00:00+00:00\",\"dateModified\":\"2024-08-13T16:53:14+00:00\",\"mainEntityOfPage\":{\"@id\":\"https:\\\/\\\/patagoniambiental.com.ar\\\/info\\\/la-importancia-de-plantar-mas-arboles-en-las-ciudades-para-combatir-las-altas-temperaturas\\\/\"},\"wordCount\":639,\"commentCount\":0,\"publisher\":{\"@id\":\"https:\\\/\\\/patagoniambiental.com.ar\\\/info\\\/#organization\"},\"image\":{\"@id\":\"https:\\\/\\\/patagoniambiental.com.ar\\\/info\\\/la-importancia-de-plantar-mas-arboles-en-las-ciudades-para-combatir-las-altas-temperaturas\\\/#primaryimage\"},\"thumbnailUrl\":\"https:\\\/\\\/patagoniambiental.com.ar\\\/info\\\/wp-content\\\/uploads\\\/2024\\\/02\\\/arboles.jpeg\",\"articleSection\":[\"General\"],\"inLanguage\":\"es\",\"potentialAction\":[{\"@type\":\"CommentAction\",\"name\":\"Comment\",\"target\":[\"https:\\\/\\\/patagoniambiental.com.ar\\\/info\\\/la-importancia-de-plantar-mas-arboles-en-las-ciudades-para-combatir-las-altas-temperaturas\\\/#respond\"]}]},{\"@type\":\"WebPage\",\"@id\":\"https:\\\/\\\/patagoniambiental.com.ar\\\/info\\\/la-importancia-de-plantar-mas-arboles-en-las-ciudades-para-combatir-las-altas-temperaturas\\\/\",\"url\":\"https:\\\/\\\/patagoniambiental.com.ar\\\/info\\\/la-importancia-de-plantar-mas-arboles-en-las-ciudades-para-combatir-las-altas-temperaturas\\\/\",\"name\":\"La importancia de plantar \u00e1rboles en ciudades para combatir altas temperaturas\",\"isPartOf\":{\"@id\":\"https:\\\/\\\/patagoniambiental.com.ar\\\/info\\\/#website\"},\"primaryImageOfPage\":{\"@id\":\"https:\\\/\\\/patagoniambiental.com.ar\\\/info\\\/la-importancia-de-plantar-mas-arboles-en-las-ciudades-para-combatir-las-altas-temperaturas\\\/#primaryimage\"},\"image\":{\"@id\":\"https:\\\/\\\/patagoniambiental.com.ar\\\/info\\\/la-importancia-de-plantar-mas-arboles-en-las-ciudades-para-combatir-las-altas-temperaturas\\\/#primaryimage\"},\"thumbnailUrl\":\"https:\\\/\\\/patagoniambiental.com.ar\\\/info\\\/wp-content\\\/uploads\\\/2024\\\/02\\\/arboles.jpeg\",\"datePublished\":\"2024-03-05T10:00:00+00:00\",\"dateModified\":\"2024-08-13T16:53:14+00:00\",\"breadcrumb\":{\"@id\":\"https:\\\/\\\/patagoniambiental.com.ar\\\/info\\\/la-importancia-de-plantar-mas-arboles-en-las-ciudades-para-combatir-las-altas-temperaturas\\\/#breadcrumb\"},\"inLanguage\":\"es\",\"potentialAction\":[{\"@type\":\"ReadAction\",\"target\":[\"https:\\\/\\\/patagoniambiental.com.ar\\\/info\\\/la-importancia-de-plantar-mas-arboles-en-las-ciudades-para-combatir-las-altas-temperaturas\\\/\"]}]},{\"@type\":\"ImageObject\",\"inLanguage\":\"es\",\"@id\":\"https:\\\/\\\/patagoniambiental.com.ar\\\/info\\\/la-importancia-de-plantar-mas-arboles-en-las-ciudades-para-combatir-las-altas-temperaturas\\\/#primaryimage\",\"url\":\"https:\\\/\\\/patagoniambiental.com.ar\\\/info\\\/wp-content\\\/uploads\\\/2024\\\/02\\\/arboles.jpeg\",\"contentUrl\":\"https:\\\/\\\/patagoniambiental.com.ar\\\/info\\\/wp-content\\\/uploads\\\/2024\\\/02\\\/arboles.jpeg\",\"width\":907,\"height\":600},{\"@type\":\"BreadcrumbList\",\"@id\":\"https:\\\/\\\/patagoniambiental.com.ar\\\/info\\\/la-importancia-de-plantar-mas-arboles-en-las-ciudades-para-combatir-las-altas-temperaturas\\\/#breadcrumb\",\"itemListElement\":[{\"@type\":\"ListItem\",\"position\":1,\"name\":\"Inicio\",\"item\":\"https:\\\/\\\/patagoniambiental.com.ar\\\/info\\\/\"},{\"@type\":\"ListItem\",\"position\":2,\"name\":\"La importancia de plantar \u00e1rboles en ciudades para combatir altas temperaturas\"}]},{\"@type\":\"WebSite\",\"@id\":\"https:\\\/\\\/patagoniambiental.com.ar\\\/info\\\/#website\",\"url\":\"https:\\\/\\\/patagoniambiental.com.ar\\\/info\\\/\",\"name\":\"Patagonia Ambiental\",\"description\":\"Monitoreo y an\u00e1lisis de la situaci\u00f3n geopol\u00edtica en el mundo y su implicancia en la Patagonia\",\"publisher\":{\"@id\":\"https:\\\/\\\/patagoniambiental.com.ar\\\/info\\\/#organization\"},\"potentialAction\":[{\"@type\":\"SearchAction\",\"target\":{\"@type\":\"EntryPoint\",\"urlTemplate\":\"https:\\\/\\\/patagoniambiental.com.ar\\\/info\\\/?s={search_term_string}\"},\"query-input\":{\"@type\":\"PropertyValueSpecification\",\"valueRequired\":true,\"valueName\":\"search_term_string\"}}],\"inLanguage\":\"es\"},{\"@type\":\"Organization\",\"@id\":\"https:\\\/\\\/patagoniambiental.com.ar\\\/info\\\/#organization\",\"name\":\"Patagonia Ambiental\",\"url\":\"https:\\\/\\\/patagoniambiental.com.ar\\\/info\\\/\",\"logo\":{\"@type\":\"ImageObject\",\"inLanguage\":\"es\",\"@id\":\"https:\\\/\\\/patagoniambiental.com.ar\\\/info\\\/#\\\/schema\\\/logo\\\/image\\\/\",\"url\":\"https:\\\/\\\/patagoniambiental.com.ar\\\/info\\\/wp-content\\\/uploads\\\/2025\\\/05\\\/LOGO-PATAGONIA-AMBIENTAL.png\",\"contentUrl\":\"https:\\\/\\\/patagoniambiental.com.ar\\\/info\\\/wp-content\\\/uploads\\\/2025\\\/05\\\/LOGO-PATAGONIA-AMBIENTAL.png\",\"width\":433,\"height\":250,\"caption\":\"Patagonia Ambiental\"},\"image\":{\"@id\":\"https:\\\/\\\/patagoniambiental.com.ar\\\/info\\\/#\\\/schema\\\/logo\\\/image\\\/\"},\"sameAs\":[\"https:\\\/\\\/www.facebook.com\\\/patagonia.ambiental\",\"https:\\\/\\\/x.com\\\/PatAmb\"]},{\"@type\":\"Person\",\"@id\":\"https:\\\/\\\/patagoniambiental.com.ar\\\/info\\\/#\\\/schema\\\/person\\\/db12bff64bbcbf6a253710bf0ea37b5d\",\"name\":\"Patagonia Ambiental\",\"description\":\"Andr\u00e9s Nievas T\u00e9cnico en manejo ambiental, consultor Ambiental y escritor para medios locales e internacionales sobre temas de geopolitica y medio ambiente.\",\"sameAs\":[\"http:\\\/\\\/www.patagoniambiental.com.ar\",\"https:\\\/\\\/www.facebook.com\\\/share\\\/1C1V8Gv9BX\\\/?mibextid=qi2Omg\",\"@patagoniambiental\",\"https:\\\/\\\/youtube.com\\\/@patagoniaambiental2023?si=BLt58t0wuXquxlYZ\"]}]}<\/script>\n<!-- \/ Yoast SEO Premium plugin. -->","yoast_head_json":{"title":"La importancia de plantar \u00e1rboles en ciudades para combatir altas temperaturas","robots":{"index":"index","follow":"follow","max-snippet":"max-snippet:-1","max-image-preview":"max-image-preview:large","max-video-preview":"max-video-preview:-1"},"canonical":"https:\/\/patagoniambiental.com.ar\/info\/la-importancia-de-plantar-mas-arboles-en-las-ciudades-para-combatir-las-altas-temperaturas\/","og_locale":"es_ES","og_type":"article","og_title":"La importancia de plantar \u00e1rboles en ciudades para combatir altas temperaturas","og_url":"https:\/\/patagoniambiental.com.ar\/info\/la-importancia-de-plantar-mas-arboles-en-las-ciudades-para-combatir-las-altas-temperaturas\/","og_site_name":"Patagonia Ambiental","article_publisher":"https:\/\/www.facebook.com\/patagonia.ambiental","article_author":"https:\/\/www.facebook.com\/share\/1C1V8Gv9BX\/?mibextid=qi2Omg","article_published_time":"2024-03-05T10:00:00+00:00","article_modified_time":"2024-08-13T16:53:14+00:00","og_image":[{"width":1280,"height":847,"url":"https:\/\/patagoniambiental.com.ar\/info\/wp-content\/uploads\/2024\/02\/arboles.jpeg","type":"image\/jpeg"}],"author":"Patagonia Ambiental","twitter_card":"summary_large_image","twitter_creator":"@PatAmb","twitter_site":"@PatAmb","schema":{"@context":"https:\/\/schema.org","@graph":[{"@type":"Article","@id":"https:\/\/patagoniambiental.com.ar\/info\/la-importancia-de-plantar-mas-arboles-en-las-ciudades-para-combatir-las-altas-temperaturas\/#article","isPartOf":{"@id":"https:\/\/patagoniambiental.com.ar\/info\/la-importancia-de-plantar-mas-arboles-en-las-ciudades-para-combatir-las-altas-temperaturas\/"},"author":{"name":"Patagonia Ambiental","@id":"https:\/\/patagoniambiental.com.ar\/info\/#\/schema\/person\/db12bff64bbcbf6a253710bf0ea37b5d"},"headline":"La importancia de plantar \u00e1rboles en ciudades para combatir altas temperaturas","datePublished":"2024-03-05T10:00:00+00:00","dateModified":"2024-08-13T16:53:14+00:00","mainEntityOfPage":{"@id":"https:\/\/patagoniambiental.com.ar\/info\/la-importancia-de-plantar-mas-arboles-en-las-ciudades-para-combatir-las-altas-temperaturas\/"},"wordCount":639,"commentCount":0,"publisher":{"@id":"https:\/\/patagoniambiental.com.ar\/info\/#organization"},"image":{"@id":"https:\/\/patagoniambiental.com.ar\/info\/la-importancia-de-plantar-mas-arboles-en-las-ciudades-para-combatir-las-altas-temperaturas\/#primaryimage"},"thumbnailUrl":"https:\/\/patagoniambiental.com.ar\/info\/wp-content\/uploads\/2024\/02\/arboles.jpeg","articleSection":["General"],"inLanguage":"es","potentialAction":[{"@type":"CommentAction","name":"Comment","target":["https:\/\/patagoniambiental.com.ar\/info\/la-importancia-de-plantar-mas-arboles-en-las-ciudades-para-combatir-las-altas-temperaturas\/#respond"]}]},{"@type":"WebPage","@id":"https:\/\/patagoniambiental.com.ar\/info\/la-importancia-de-plantar-mas-arboles-en-las-ciudades-para-combatir-las-altas-temperaturas\/","url":"https:\/\/patagoniambiental.com.ar\/info\/la-importancia-de-plantar-mas-arboles-en-las-ciudades-para-combatir-las-altas-temperaturas\/","name":"La importancia de plantar \u00e1rboles en ciudades para combatir altas temperaturas","isPartOf":{"@id":"https:\/\/patagoniambiental.com.ar\/info\/#website"},"primaryImageOfPage":{"@id":"https:\/\/patagoniambiental.com.ar\/info\/la-importancia-de-plantar-mas-arboles-en-las-ciudades-para-combatir-las-altas-temperaturas\/#primaryimage"},"image":{"@id":"https:\/\/patagoniambiental.com.ar\/info\/la-importancia-de-plantar-mas-arboles-en-las-ciudades-para-combatir-las-altas-temperaturas\/#primaryimage"},"thumbnailUrl":"https:\/\/patagoniambiental.com.ar\/info\/wp-content\/uploads\/2024\/02\/arboles.jpeg","datePublished":"2024-03-05T10:00:00+00:00","dateModified":"2024-08-13T16:53:14+00:00","breadcrumb":{"@id":"https:\/\/patagoniambiental.com.ar\/info\/la-importancia-de-plantar-mas-arboles-en-las-ciudades-para-combatir-las-altas-temperaturas\/#breadcrumb"},"inLanguage":"es","potentialAction":[{"@type":"ReadAction","target":["https:\/\/patagoniambiental.com.ar\/info\/la-importancia-de-plantar-mas-arboles-en-las-ciudades-para-combatir-las-altas-temperaturas\/"]}]},{"@type":"ImageObject","inLanguage":"es","@id":"https:\/\/patagoniambiental.com.ar\/info\/la-importancia-de-plantar-mas-arboles-en-las-ciudades-para-combatir-las-altas-temperaturas\/#primaryimage","url":"https:\/\/patagoniambiental.com.ar\/info\/wp-content\/uploads\/2024\/02\/arboles.jpeg","contentUrl":"https:\/\/patagoniambiental.com.ar\/info\/wp-content\/uploads\/2024\/02\/arboles.jpeg","width":907,"height":600},{"@type":"BreadcrumbList","@id":"https:\/\/patagoniambiental.com.ar\/info\/la-importancia-de-plantar-mas-arboles-en-las-ciudades-para-combatir-las-altas-temperaturas\/#breadcrumb","itemListElement":[{"@type":"ListItem","position":1,"name":"Inicio","item":"https:\/\/patagoniambiental.com.ar\/info\/"},{"@type":"ListItem","position":2,"name":"La importancia de plantar \u00e1rboles en ciudades para combatir altas temperaturas"}]},{"@type":"WebSite","@id":"https:\/\/patagoniambiental.com.ar\/info\/#website","url":"https:\/\/patagoniambiental.com.ar\/info\/","name":"Patagonia Ambiental","description":"Monitoreo y an\u00e1lisis de la situaci\u00f3n geopol\u00edtica en el mundo y su implicancia en la Patagonia","publisher":{"@id":"https:\/\/patagoniambiental.com.ar\/info\/#organization"},"potentialAction":[{"@type":"SearchAction","target":{"@type":"EntryPoint","urlTemplate":"https:\/\/patagoniambiental.com.ar\/info\/?s={search_term_string}"},"query-input":{"@type":"PropertyValueSpecification","valueRequired":true,"valueName":"search_term_string"}}],"inLanguage":"es"},{"@type":"Organization","@id":"https:\/\/patagoniambiental.com.ar\/info\/#organization","name":"Patagonia Ambiental","url":"https:\/\/patagoniambiental.com.ar\/info\/","logo":{"@type":"ImageObject","inLanguage":"es","@id":"https:\/\/patagoniambiental.com.ar\/info\/#\/schema\/logo\/image\/","url":"https:\/\/patagoniambiental.com.ar\/info\/wp-content\/uploads\/2025\/05\/LOGO-PATAGONIA-AMBIENTAL.png","contentUrl":"https:\/\/patagoniambiental.com.ar\/info\/wp-content\/uploads\/2025\/05\/LOGO-PATAGONIA-AMBIENTAL.png","width":433,"height":250,"caption":"Patagonia Ambiental"},"image":{"@id":"https:\/\/patagoniambiental.com.ar\/info\/#\/schema\/logo\/image\/"},"sameAs":["https:\/\/www.facebook.com\/patagonia.ambiental","https:\/\/x.com\/PatAmb"]},{"@type":"Person","@id":"https:\/\/patagoniambiental.com.ar\/info\/#\/schema\/person\/db12bff64bbcbf6a253710bf0ea37b5d","name":"Patagonia Ambiental","description":"Andr\u00e9s Nievas T\u00e9cnico en manejo ambiental, consultor Ambiental y escritor para medios locales e internacionales sobre temas de geopolitica y medio ambiente.","sameAs":["http:\/\/www.patagoniambiental.com.ar","https:\/\/www.facebook.com\/share\/1C1V8Gv9BX\/?mibextid=qi2Omg","@patagoniambiental","https:\/\/youtube.com\/@patagoniaambiental2023?si=BLt58t0wuXquxlYZ"]}]}},"_links":{"self":[{"href":"https:\/\/patagoniambiental.com.ar\/info\/wp-json\/wp\/v2\/posts\/79647","targetHints":{"allow":["GET"]}}],"collection":[{"href":"https:\/\/patagoniambiental.com.ar\/info\/wp-json\/wp\/v2\/posts"}],"about":[{"href":"https:\/\/patagoniambiental.com.ar\/info\/wp-json\/wp\/v2\/types\/post"}],"author":[{"embeddable":true,"href":"https:\/\/patagoniambiental.com.ar\/info\/wp-json\/wp\/v2\/users\/2"}],"replies":[{"embeddable":true,"href":"https:\/\/patagoniambiental.com.ar\/info\/wp-json\/wp\/v2\/comments?post=79647"}],"version-history":[{"count":0,"href":"https:\/\/patagoniambiental.com.ar\/info\/wp-json\/wp\/v2\/posts\/79647\/revisions"}],"wp:featuredmedia":[{"embeddable":true,"href":"https:\/\/patagoniambiental.com.ar\/info\/wp-json\/wp\/v2\/media\/79650"}],"wp:attachment":[{"href":"https:\/\/patagoniambiental.com.ar\/info\/wp-json\/wp\/v2\/media?parent=79647"}],"wp:term":[{"taxonomy":"category","embeddable":true,"href":"https:\/\/patagoniambiental.com.ar\/info\/wp-json\/wp\/v2\/categories?post=79647"},{"taxonomy":"post_tag","embeddable":true,"href":"https:\/\/patagoniambiental.com.ar\/info\/wp-json\/wp\/v2\/tags?post=79647"}],"curies":[{"name":"wp","href":"https:\/\/api.w.org\/{rel}","templated":true}]}}