{"id":79658,"date":"2024-02-04T19:00:00","date_gmt":"2024-02-04T22:00:00","guid":{"rendered":"https:\/\/patagoniambiental.com.ar\/info\/?p=79658"},"modified":"2024-08-14T12:34:39","modified_gmt":"2024-08-14T15:34:39","slug":"la-fundacion-tierras-patagonicas-suscribio-a-un-convenio-de-colaboracion","status":"publish","type":"post","link":"https:\/\/patagoniambiental.com.ar\/info\/la-fundacion-tierras-patagonicas-suscribio-a-un-convenio-de-colaboracion\/","title":{"rendered":"La Fundaci\u00f3n Tierras Patag\u00f3nicas suscribi\u00f3 a un convenio de colaboraci\u00f3n"},"content":{"rendered":"\n<!--more-->\n\n\n\n<p><a href=\"https:\/\/www.elcordillerano.com.ar\/autor\/26-susana-alegria\">Por Susana Alegr\u00eda<\/a>.-Se hizo en el marco de la visita del gobernador Rolando Figueroa y miembros de su Gabinete a la base operativa de la Fundaci\u00f3n, donde tuvo la oportunidad de conocer a los j\u00f3venes brigadistas de las comunidades mapuche Vera, Cay\u00fan y Curruhuinca.<\/p>\n\n\n\n<p>El encuentro se dio el s\u00e1bado pasado en el predio ubicado frente al aeropuerto Chapelco. Participaron el gobernador de Neuqu\u00e9n, la secretaria de Emergencias y Manejo de Riesgos, Luciana Ortiz Luna, el ministro de Turismo, Gustavo Fern\u00e1ndez Capiet, y el intendente de San Mart\u00edn de los Andes, Carlos Saloniti.<\/p>\n\n\n\n<p>En la base, fueron recibidos por el presidente de la Fundaci\u00f3n, Max Kn\u00fcll, y su director operativo, Emanuel Tula, junto al resto de los miembros de la Brigada y del Directorio de la Fundaci\u00f3n.<\/p>\n\n\n\n<p>Durante la visita, se suscribi\u00f3 un convenio de colaboraci\u00f3n, que permitir\u00e1 contar con un marco para continuar con la colaboraci\u00f3n con el Sistema Provincial de Manejo de Fuego y avanzar en diversas actividades de capacitaci\u00f3n y entrenamiento.<\/p>\n\n\n\n<p>\u201cEstamos muy orgulloso de los logros alcanzados hasta hoy y todo el equipo de la Fundaci\u00f3n est\u00e1 muy motivado para seguir creciendo, colaborando con la provincia y haciendo realidad nuestra misi\u00f3n de unir a las personas a trav\u00e9s del cuidado del ambiente, la comunicaci\u00f3n y el trabajo conjunto\u201d, destac\u00f3 su presidente, MaxKn\u00fcll.<\/p>\n\n\n\n<p>\u201cRecibir la visita del gobernador y su equipo nos da el respaldo necesario para seguir trabajando en conjunto desde nuestro lugar\u201d, agreg\u00f3.<\/p>\n\n\n\n<p>Durante el mes de febrero, los j\u00f3venes de la brigada viajar\u00e1n a Chile para continuar con su capacitaci\u00f3n, en el marco del convenio que la fundaci\u00f3n tiene con CONAF, Corporaci\u00f3n Nacional Forestal, un ente p\u00fablico-privado, dependiente del Ministerio de Agricultura chileno.<\/p>\n\n\n\n<div style=\"height:100px\" aria-hidden=\"true\" class=\"wp-block-spacer\"><\/div>\n\n\n\n<h2 class=\"wp-block-heading\" id=\"h-la-fundacion\"><strong>La Fundaci\u00f3n<\/strong><\/h2>\n\n\n\n<p>Tierras Patag\u00f3nicas naci\u00f3 en los a\u00f1os 80 con el fin de crear servidumbres de conservaci\u00f3n. Hoy en d\u00eda sus ejes de trabajo son la prevenci\u00f3n de incendios forestales durante todo el a\u00f1o, el apoyo log\u00edstico y operativo en el combate y la restauraci\u00f3n de bosques para contrarrestar sus consecuencias.<\/p>\n\n\n\n<p>La ONG aporta a la conservaci\u00f3n del ambiente patag\u00f3nico, uniendo a los seres humanos a trav\u00e9s de la comunicaci\u00f3n, educaci\u00f3n y el trabajo conjunto en problemas comunes.<\/p>\n\n\n\n<p>Durante 2022 formaron un equipo de prevenci\u00f3n y apoyo log\u00edstico en incendios forestales, capacitando a un grupo de j\u00f3venes de comunidades mapuches. Recibieron una beca para entrenarse como agentes de prevenci\u00f3n y combate.<\/p>\n\n\n\n<p>Cuentan con un veh\u00edculo todo terreno dotado de herramientas forestales y un tanque de 600 litros con bomba de ataque r\u00e1pido.<\/p>\n\n\n\n<p>En 2023 lograron construir su propia base de operaciones y monitoreo de incendios, en el predio sobre ruta 237, a la altura del aeropuerto Chapelco. El mismo tiene una superficie de aproximadamente 8000 metros cuadrados.<\/p>\n\n\n\n<p>Fuente: www.elcordillerano.com.ar<\/p>\n","protected":false},"excerpt":{"rendered":"","protected":false},"author":2,"featured_media":79659,"comment_status":"open","ping_status":"open","sticky":false,"template":"","format":"standard","meta":{"site-sidebar-layout":"default","site-content-layout":"","ast-site-content-layout":"default","site-content-style":"default","site-sidebar-style":"default","ast-global-header-display":"","ast-banner-title-visibility":"","ast-main-header-display":"","ast-hfb-above-header-display":"","ast-hfb-below-header-display":"","ast-hfb-mobile-header-display":"","site-post-title":"","ast-breadcrumbs-content":"","ast-featured-img":"","footer-sml-layout":"","ast-disable-related-posts":"","theme-transparent-header-meta":"","adv-header-id-meta":"","stick-header-meta":"","header-above-stick-meta":"","header-main-stick-meta":"","header-below-stick-meta":"","astra-migrate-meta-layouts":"default","ast-page-background-enabled":"default","ast-page-background-meta":{"desktop":{"background-color":"var(--ast-global-color-5)","background-image":"","background-repeat":"repeat","background-position":"center center","background-size":"auto","background-attachment":"scroll","background-type":"","background-media":"","overlay-type":"","overlay-color":"","overlay-opacity":"","overlay-gradient":""},"tablet":{"background-color":"","background-image":"","background-repeat":"repeat","background-position":"center center","background-size":"auto","background-attachment":"scroll","background-type":"","background-media":"","overlay-type":"","overlay-color":"","overlay-opacity":"","overlay-gradient":""},"mobile":{"background-color":"","background-image":"","background-repeat":"repeat","background-position":"center center","background-size":"auto","background-attachment":"scroll","background-type":"","background-media":"","overlay-type":"","overlay-color":"","overlay-opacity":"","overlay-gradient":""}},"ast-content-background-meta":{"desktop":{"background-color":"var(--ast-global-color-4)","background-image":"","background-repeat":"repeat","background-position":"center center","background-size":"auto","background-attachment":"scroll","background-type":"","background-media":"","overlay-type":"","overlay-color":"","overlay-opacity":"","overlay-gradient":""},"tablet":{"background-color":"var(--ast-global-color-4)","background-image":"","background-repeat":"repeat","background-position":"center center","background-size":"auto","background-attachment":"scroll","background-type":"","background-media":"","overlay-type":"","overlay-color":"","overlay-opacity":"","overlay-gradient":""},"mobile":{"background-color":"var(--ast-global-color-4)","background-image":"","background-repeat":"repeat","background-position":"center center","background-size":"auto","background-attachment":"scroll","background-type":"","background-media":"","overlay-type":"","overlay-color":"","overlay-opacity":"","overlay-gradient":""}},"footnotes":""},"categories":[3],"tags":[],"class_list":["post-79658","post","type-post","status-publish","format-standard","has-post-thumbnail","hentry","category-ong"],"yoast_head":"<!-- This site is optimized with the Yoast SEO Premium plugin v23.0 (Yoast SEO v27.5) - https:\/\/yoast.com\/product\/yoast-seo-premium-wordpress\/ -->\n<title>La Fundaci\u00f3n Tierras Patag\u00f3nicas suscribi\u00f3 a un convenio de colaboraci\u00f3n<\/title>\n<meta name=\"robots\" content=\"index, follow, max-snippet:-1, max-image-preview:large, max-video-preview:-1\" \/>\n<link rel=\"canonical\" href=\"https:\/\/patagoniambiental.com.ar\/info\/la-fundacion-tierras-patagonicas-suscribio-a-un-convenio-de-colaboracion\/\" \/>\n<meta property=\"og:locale\" content=\"es_ES\" \/>\n<meta property=\"og:type\" content=\"article\" \/>\n<meta property=\"og:title\" content=\"La Fundaci\u00f3n Tierras Patag\u00f3nicas suscribi\u00f3 a un convenio de colaboraci\u00f3n\" \/>\n<meta property=\"og:url\" content=\"https:\/\/patagoniambiental.com.ar\/info\/la-fundacion-tierras-patagonicas-suscribio-a-un-convenio-de-colaboracion\/\" \/>\n<meta property=\"og:site_name\" content=\"Patagonia Ambiental\" \/>\n<meta property=\"article:publisher\" content=\"https:\/\/www.facebook.com\/patagonia.ambiental\" \/>\n<meta property=\"article:author\" content=\"https:\/\/www.facebook.com\/share\/1C1V8Gv9BX\/?mibextid=qi2Omg\" \/>\n<meta property=\"article:published_time\" content=\"2024-02-04T22:00:00+00:00\" \/>\n<meta property=\"article:modified_time\" content=\"2024-08-14T15:34:39+00:00\" \/>\n<meta property=\"og:image\" content=\"https:\/\/patagoniambiental.com.ar\/info\/wp-content\/uploads\/2024\/02\/Screenshot-2024-02-05-at-09-36-48-La-Fundacion-Tierras-Patagonicas-suscribio-a-un-convenio-de-colaboracion-Diario-El-Cordillerano.png\" \/>\n\t<meta property=\"og:image:width\" content=\"860\" \/>\n\t<meta property=\"og:image:height\" content=\"394\" \/>\n\t<meta property=\"og:image:type\" content=\"image\/png\" \/>\n<meta name=\"author\" content=\"Patagonia Ambiental\" \/>\n<meta name=\"twitter:card\" content=\"summary_large_image\" \/>\n<meta name=\"twitter:creator\" content=\"@PatAmb\" \/>\n<meta name=\"twitter:site\" content=\"@PatAmb\" \/>\n<script type=\"application\/ld+json\" class=\"yoast-schema-graph\">{\"@context\":\"https:\\\/\\\/schema.org\",\"@graph\":[{\"@type\":\"Article\",\"@id\":\"https:\\\/\\\/patagoniambiental.com.ar\\\/info\\\/la-fundacion-tierras-patagonicas-suscribio-a-un-convenio-de-colaboracion\\\/#article\",\"isPartOf\":{\"@id\":\"https:\\\/\\\/patagoniambiental.com.ar\\\/info\\\/la-fundacion-tierras-patagonicas-suscribio-a-un-convenio-de-colaboracion\\\/\"},\"author\":{\"name\":\"Patagonia Ambiental\",\"@id\":\"https:\\\/\\\/patagoniambiental.com.ar\\\/info\\\/#\\\/schema\\\/person\\\/db12bff64bbcbf6a253710bf0ea37b5d\"},\"headline\":\"La Fundaci\u00f3n Tierras Patag\u00f3nicas suscribi\u00f3 a un convenio de colaboraci\u00f3n\",\"datePublished\":\"2024-02-04T22:00:00+00:00\",\"dateModified\":\"2024-08-14T15:34:39+00:00\",\"mainEntityOfPage\":{\"@id\":\"https:\\\/\\\/patagoniambiental.com.ar\\\/info\\\/la-fundacion-tierras-patagonicas-suscribio-a-un-convenio-de-colaboracion\\\/\"},\"wordCount\":504,\"commentCount\":0,\"publisher\":{\"@id\":\"https:\\\/\\\/patagoniambiental.com.ar\\\/info\\\/#organization\"},\"image\":{\"@id\":\"https:\\\/\\\/patagoniambiental.com.ar\\\/info\\\/la-fundacion-tierras-patagonicas-suscribio-a-un-convenio-de-colaboracion\\\/#primaryimage\"},\"thumbnailUrl\":\"https:\\\/\\\/patagoniambiental.com.ar\\\/info\\\/wp-content\\\/uploads\\\/2024\\\/02\\\/Screenshot-2024-02-05-at-09-36-48-La-Fundacion-Tierras-Patagonicas-suscribio-a-un-convenio-de-colaboracion-Diario-El-Cordillerano.png\",\"articleSection\":[\"ONG\"],\"inLanguage\":\"es\",\"potentialAction\":[{\"@type\":\"CommentAction\",\"name\":\"Comment\",\"target\":[\"https:\\\/\\\/patagoniambiental.com.ar\\\/info\\\/la-fundacion-tierras-patagonicas-suscribio-a-un-convenio-de-colaboracion\\\/#respond\"]}]},{\"@type\":\"WebPage\",\"@id\":\"https:\\\/\\\/patagoniambiental.com.ar\\\/info\\\/la-fundacion-tierras-patagonicas-suscribio-a-un-convenio-de-colaboracion\\\/\",\"url\":\"https:\\\/\\\/patagoniambiental.com.ar\\\/info\\\/la-fundacion-tierras-patagonicas-suscribio-a-un-convenio-de-colaboracion\\\/\",\"name\":\"La Fundaci\u00f3n Tierras Patag\u00f3nicas suscribi\u00f3 a un convenio de colaboraci\u00f3n\",\"isPartOf\":{\"@id\":\"https:\\\/\\\/patagoniambiental.com.ar\\\/info\\\/#website\"},\"primaryImageOfPage\":{\"@id\":\"https:\\\/\\\/patagoniambiental.com.ar\\\/info\\\/la-fundacion-tierras-patagonicas-suscribio-a-un-convenio-de-colaboracion\\\/#primaryimage\"},\"image\":{\"@id\":\"https:\\\/\\\/patagoniambiental.com.ar\\\/info\\\/la-fundacion-tierras-patagonicas-suscribio-a-un-convenio-de-colaboracion\\\/#primaryimage\"},\"thumbnailUrl\":\"https:\\\/\\\/patagoniambiental.com.ar\\\/info\\\/wp-content\\\/uploads\\\/2024\\\/02\\\/Screenshot-2024-02-05-at-09-36-48-La-Fundacion-Tierras-Patagonicas-suscribio-a-un-convenio-de-colaboracion-Diario-El-Cordillerano.png\",\"datePublished\":\"2024-02-04T22:00:00+00:00\",\"dateModified\":\"2024-08-14T15:34:39+00:00\",\"breadcrumb\":{\"@id\":\"https:\\\/\\\/patagoniambiental.com.ar\\\/info\\\/la-fundacion-tierras-patagonicas-suscribio-a-un-convenio-de-colaboracion\\\/#breadcrumb\"},\"inLanguage\":\"es\",\"potentialAction\":[{\"@type\":\"ReadAction\",\"target\":[\"https:\\\/\\\/patagoniambiental.com.ar\\\/info\\\/la-fundacion-tierras-patagonicas-suscribio-a-un-convenio-de-colaboracion\\\/\"]}]},{\"@type\":\"ImageObject\",\"inLanguage\":\"es\",\"@id\":\"https:\\\/\\\/patagoniambiental.com.ar\\\/info\\\/la-fundacion-tierras-patagonicas-suscribio-a-un-convenio-de-colaboracion\\\/#primaryimage\",\"url\":\"https:\\\/\\\/patagoniambiental.com.ar\\\/info\\\/wp-content\\\/uploads\\\/2024\\\/02\\\/Screenshot-2024-02-05-at-09-36-48-La-Fundacion-Tierras-Patagonicas-suscribio-a-un-convenio-de-colaboracion-Diario-El-Cordillerano.png\",\"contentUrl\":\"https:\\\/\\\/patagoniambiental.com.ar\\\/info\\\/wp-content\\\/uploads\\\/2024\\\/02\\\/Screenshot-2024-02-05-at-09-36-48-La-Fundacion-Tierras-Patagonicas-suscribio-a-un-convenio-de-colaboracion-Diario-El-Cordillerano.png\",\"width\":860,\"height\":394},{\"@type\":\"BreadcrumbList\",\"@id\":\"https:\\\/\\\/patagoniambiental.com.ar\\\/info\\\/la-fundacion-tierras-patagonicas-suscribio-a-un-convenio-de-colaboracion\\\/#breadcrumb\",\"itemListElement\":[{\"@type\":\"ListItem\",\"position\":1,\"name\":\"Inicio\",\"item\":\"https:\\\/\\\/patagoniambiental.com.ar\\\/info\\\/\"},{\"@type\":\"ListItem\",\"position\":2,\"name\":\"La Fundaci\u00f3n Tierras Patag\u00f3nicas suscribi\u00f3 a un convenio de colaboraci\u00f3n\"}]},{\"@type\":\"WebSite\",\"@id\":\"https:\\\/\\\/patagoniambiental.com.ar\\\/info\\\/#website\",\"url\":\"https:\\\/\\\/patagoniambiental.com.ar\\\/info\\\/\",\"name\":\"Patagonia Ambiental\",\"description\":\"Monitoreo y an\u00e1lisis de la situaci\u00f3n geopol\u00edtica en el mundo y su implicancia en la Patagonia\",\"publisher\":{\"@id\":\"https:\\\/\\\/patagoniambiental.com.ar\\\/info\\\/#organization\"},\"potentialAction\":[{\"@type\":\"SearchAction\",\"target\":{\"@type\":\"EntryPoint\",\"urlTemplate\":\"https:\\\/\\\/patagoniambiental.com.ar\\\/info\\\/?s={search_term_string}\"},\"query-input\":{\"@type\":\"PropertyValueSpecification\",\"valueRequired\":true,\"valueName\":\"search_term_string\"}}],\"inLanguage\":\"es\"},{\"@type\":\"Organization\",\"@id\":\"https:\\\/\\\/patagoniambiental.com.ar\\\/info\\\/#organization\",\"name\":\"Patagonia Ambiental\",\"url\":\"https:\\\/\\\/patagoniambiental.com.ar\\\/info\\\/\",\"logo\":{\"@type\":\"ImageObject\",\"inLanguage\":\"es\",\"@id\":\"https:\\\/\\\/patagoniambiental.com.ar\\\/info\\\/#\\\/schema\\\/logo\\\/image\\\/\",\"url\":\"https:\\\/\\\/patagoniambiental.com.ar\\\/info\\\/wp-content\\\/uploads\\\/2025\\\/05\\\/LOGO-PATAGONIA-AMBIENTAL.png\",\"contentUrl\":\"https:\\\/\\\/patagoniambiental.com.ar\\\/info\\\/wp-content\\\/uploads\\\/2025\\\/05\\\/LOGO-PATAGONIA-AMBIENTAL.png\",\"width\":433,\"height\":250,\"caption\":\"Patagonia Ambiental\"},\"image\":{\"@id\":\"https:\\\/\\\/patagoniambiental.com.ar\\\/info\\\/#\\\/schema\\\/logo\\\/image\\\/\"},\"sameAs\":[\"https:\\\/\\\/www.facebook.com\\\/patagonia.ambiental\",\"https:\\\/\\\/x.com\\\/PatAmb\"]},{\"@type\":\"Person\",\"@id\":\"https:\\\/\\\/patagoniambiental.com.ar\\\/info\\\/#\\\/schema\\\/person\\\/db12bff64bbcbf6a253710bf0ea37b5d\",\"name\":\"Patagonia Ambiental\",\"description\":\"Andr\u00e9s Nievas T\u00e9cnico en manejo ambiental, consultor Ambiental y escritor para medios locales e internacionales sobre temas de geopolitica y medio ambiente.\",\"sameAs\":[\"http:\\\/\\\/www.patagoniambiental.com.ar\",\"https:\\\/\\\/www.facebook.com\\\/share\\\/1C1V8Gv9BX\\\/?mibextid=qi2Omg\",\"@patagoniambiental\",\"https:\\\/\\\/youtube.com\\\/@patagoniaambiental2023?si=BLt58t0wuXquxlYZ\"]}]}<\/script>\n<!-- \/ Yoast SEO Premium plugin. -->","yoast_head_json":{"title":"La Fundaci\u00f3n Tierras Patag\u00f3nicas suscribi\u00f3 a un convenio de colaboraci\u00f3n","robots":{"index":"index","follow":"follow","max-snippet":"max-snippet:-1","max-image-preview":"max-image-preview:large","max-video-preview":"max-video-preview:-1"},"canonical":"https:\/\/patagoniambiental.com.ar\/info\/la-fundacion-tierras-patagonicas-suscribio-a-un-convenio-de-colaboracion\/","og_locale":"es_ES","og_type":"article","og_title":"La Fundaci\u00f3n Tierras Patag\u00f3nicas suscribi\u00f3 a un convenio de colaboraci\u00f3n","og_url":"https:\/\/patagoniambiental.com.ar\/info\/la-fundacion-tierras-patagonicas-suscribio-a-un-convenio-de-colaboracion\/","og_site_name":"Patagonia Ambiental","article_publisher":"https:\/\/www.facebook.com\/patagonia.ambiental","article_author":"https:\/\/www.facebook.com\/share\/1C1V8Gv9BX\/?mibextid=qi2Omg","article_published_time":"2024-02-04T22:00:00+00:00","article_modified_time":"2024-08-14T15:34:39+00:00","og_image":[{"width":860,"height":394,"url":"https:\/\/patagoniambiental.com.ar\/info\/wp-content\/uploads\/2024\/02\/Screenshot-2024-02-05-at-09-36-48-La-Fundacion-Tierras-Patagonicas-suscribio-a-un-convenio-de-colaboracion-Diario-El-Cordillerano.png","type":"image\/png"}],"author":"Patagonia Ambiental","twitter_card":"summary_large_image","twitter_creator":"@PatAmb","twitter_site":"@PatAmb","schema":{"@context":"https:\/\/schema.org","@graph":[{"@type":"Article","@id":"https:\/\/patagoniambiental.com.ar\/info\/la-fundacion-tierras-patagonicas-suscribio-a-un-convenio-de-colaboracion\/#article","isPartOf":{"@id":"https:\/\/patagoniambiental.com.ar\/info\/la-fundacion-tierras-patagonicas-suscribio-a-un-convenio-de-colaboracion\/"},"author":{"name":"Patagonia Ambiental","@id":"https:\/\/patagoniambiental.com.ar\/info\/#\/schema\/person\/db12bff64bbcbf6a253710bf0ea37b5d"},"headline":"La Fundaci\u00f3n Tierras Patag\u00f3nicas suscribi\u00f3 a un convenio de colaboraci\u00f3n","datePublished":"2024-02-04T22:00:00+00:00","dateModified":"2024-08-14T15:34:39+00:00","mainEntityOfPage":{"@id":"https:\/\/patagoniambiental.com.ar\/info\/la-fundacion-tierras-patagonicas-suscribio-a-un-convenio-de-colaboracion\/"},"wordCount":504,"commentCount":0,"publisher":{"@id":"https:\/\/patagoniambiental.com.ar\/info\/#organization"},"image":{"@id":"https:\/\/patagoniambiental.com.ar\/info\/la-fundacion-tierras-patagonicas-suscribio-a-un-convenio-de-colaboracion\/#primaryimage"},"thumbnailUrl":"https:\/\/patagoniambiental.com.ar\/info\/wp-content\/uploads\/2024\/02\/Screenshot-2024-02-05-at-09-36-48-La-Fundacion-Tierras-Patagonicas-suscribio-a-un-convenio-de-colaboracion-Diario-El-Cordillerano.png","articleSection":["ONG"],"inLanguage":"es","potentialAction":[{"@type":"CommentAction","name":"Comment","target":["https:\/\/patagoniambiental.com.ar\/info\/la-fundacion-tierras-patagonicas-suscribio-a-un-convenio-de-colaboracion\/#respond"]}]},{"@type":"WebPage","@id":"https:\/\/patagoniambiental.com.ar\/info\/la-fundacion-tierras-patagonicas-suscribio-a-un-convenio-de-colaboracion\/","url":"https:\/\/patagoniambiental.com.ar\/info\/la-fundacion-tierras-patagonicas-suscribio-a-un-convenio-de-colaboracion\/","name":"La Fundaci\u00f3n Tierras Patag\u00f3nicas suscribi\u00f3 a un convenio de colaboraci\u00f3n","isPartOf":{"@id":"https:\/\/patagoniambiental.com.ar\/info\/#website"},"primaryImageOfPage":{"@id":"https:\/\/patagoniambiental.com.ar\/info\/la-fundacion-tierras-patagonicas-suscribio-a-un-convenio-de-colaboracion\/#primaryimage"},"image":{"@id":"https:\/\/patagoniambiental.com.ar\/info\/la-fundacion-tierras-patagonicas-suscribio-a-un-convenio-de-colaboracion\/#primaryimage"},"thumbnailUrl":"https:\/\/patagoniambiental.com.ar\/info\/wp-content\/uploads\/2024\/02\/Screenshot-2024-02-05-at-09-36-48-La-Fundacion-Tierras-Patagonicas-suscribio-a-un-convenio-de-colaboracion-Diario-El-Cordillerano.png","datePublished":"2024-02-04T22:00:00+00:00","dateModified":"2024-08-14T15:34:39+00:00","breadcrumb":{"@id":"https:\/\/patagoniambiental.com.ar\/info\/la-fundacion-tierras-patagonicas-suscribio-a-un-convenio-de-colaboracion\/#breadcrumb"},"inLanguage":"es","potentialAction":[{"@type":"ReadAction","target":["https:\/\/patagoniambiental.com.ar\/info\/la-fundacion-tierras-patagonicas-suscribio-a-un-convenio-de-colaboracion\/"]}]},{"@type":"ImageObject","inLanguage":"es","@id":"https:\/\/patagoniambiental.com.ar\/info\/la-fundacion-tierras-patagonicas-suscribio-a-un-convenio-de-colaboracion\/#primaryimage","url":"https:\/\/patagoniambiental.com.ar\/info\/wp-content\/uploads\/2024\/02\/Screenshot-2024-02-05-at-09-36-48-La-Fundacion-Tierras-Patagonicas-suscribio-a-un-convenio-de-colaboracion-Diario-El-Cordillerano.png","contentUrl":"https:\/\/patagoniambiental.com.ar\/info\/wp-content\/uploads\/2024\/02\/Screenshot-2024-02-05-at-09-36-48-La-Fundacion-Tierras-Patagonicas-suscribio-a-un-convenio-de-colaboracion-Diario-El-Cordillerano.png","width":860,"height":394},{"@type":"BreadcrumbList","@id":"https:\/\/patagoniambiental.com.ar\/info\/la-fundacion-tierras-patagonicas-suscribio-a-un-convenio-de-colaboracion\/#breadcrumb","itemListElement":[{"@type":"ListItem","position":1,"name":"Inicio","item":"https:\/\/patagoniambiental.com.ar\/info\/"},{"@type":"ListItem","position":2,"name":"La Fundaci\u00f3n Tierras Patag\u00f3nicas suscribi\u00f3 a un convenio de colaboraci\u00f3n"}]},{"@type":"WebSite","@id":"https:\/\/patagoniambiental.com.ar\/info\/#website","url":"https:\/\/patagoniambiental.com.ar\/info\/","name":"Patagonia Ambiental","description":"Monitoreo y an\u00e1lisis de la situaci\u00f3n geopol\u00edtica en el mundo y su implicancia en la Patagonia","publisher":{"@id":"https:\/\/patagoniambiental.com.ar\/info\/#organization"},"potentialAction":[{"@type":"SearchAction","target":{"@type":"EntryPoint","urlTemplate":"https:\/\/patagoniambiental.com.ar\/info\/?s={search_term_string}"},"query-input":{"@type":"PropertyValueSpecification","valueRequired":true,"valueName":"search_term_string"}}],"inLanguage":"es"},{"@type":"Organization","@id":"https:\/\/patagoniambiental.com.ar\/info\/#organization","name":"Patagonia Ambiental","url":"https:\/\/patagoniambiental.com.ar\/info\/","logo":{"@type":"ImageObject","inLanguage":"es","@id":"https:\/\/patagoniambiental.com.ar\/info\/#\/schema\/logo\/image\/","url":"https:\/\/patagoniambiental.com.ar\/info\/wp-content\/uploads\/2025\/05\/LOGO-PATAGONIA-AMBIENTAL.png","contentUrl":"https:\/\/patagoniambiental.com.ar\/info\/wp-content\/uploads\/2025\/05\/LOGO-PATAGONIA-AMBIENTAL.png","width":433,"height":250,"caption":"Patagonia Ambiental"},"image":{"@id":"https:\/\/patagoniambiental.com.ar\/info\/#\/schema\/logo\/image\/"},"sameAs":["https:\/\/www.facebook.com\/patagonia.ambiental","https:\/\/x.com\/PatAmb"]},{"@type":"Person","@id":"https:\/\/patagoniambiental.com.ar\/info\/#\/schema\/person\/db12bff64bbcbf6a253710bf0ea37b5d","name":"Patagonia Ambiental","description":"Andr\u00e9s Nievas T\u00e9cnico en manejo ambiental, consultor Ambiental y escritor para medios locales e internacionales sobre temas de geopolitica y medio ambiente.","sameAs":["http:\/\/www.patagoniambiental.com.ar","https:\/\/www.facebook.com\/share\/1C1V8Gv9BX\/?mibextid=qi2Omg","@patagoniambiental","https:\/\/youtube.com\/@patagoniaambiental2023?si=BLt58t0wuXquxlYZ"]}]}},"_links":{"self":[{"href":"https:\/\/patagoniambiental.com.ar\/info\/wp-json\/wp\/v2\/posts\/79658","targetHints":{"allow":["GET"]}}],"collection":[{"href":"https:\/\/patagoniambiental.com.ar\/info\/wp-json\/wp\/v2\/posts"}],"about":[{"href":"https:\/\/patagoniambiental.com.ar\/info\/wp-json\/wp\/v2\/types\/post"}],"author":[{"embeddable":true,"href":"https:\/\/patagoniambiental.com.ar\/info\/wp-json\/wp\/v2\/users\/2"}],"replies":[{"embeddable":true,"href":"https:\/\/patagoniambiental.com.ar\/info\/wp-json\/wp\/v2\/comments?post=79658"}],"version-history":[{"count":0,"href":"https:\/\/patagoniambiental.com.ar\/info\/wp-json\/wp\/v2\/posts\/79658\/revisions"}],"wp:featuredmedia":[{"embeddable":true,"href":"https:\/\/patagoniambiental.com.ar\/info\/wp-json\/wp\/v2\/media\/79659"}],"wp:attachment":[{"href":"https:\/\/patagoniambiental.com.ar\/info\/wp-json\/wp\/v2\/media?parent=79658"}],"wp:term":[{"taxonomy":"category","embeddable":true,"href":"https:\/\/patagoniambiental.com.ar\/info\/wp-json\/wp\/v2\/categories?post=79658"},{"taxonomy":"post_tag","embeddable":true,"href":"https:\/\/patagoniambiental.com.ar\/info\/wp-json\/wp\/v2\/tags?post=79658"}],"curies":[{"name":"wp","href":"https:\/\/api.w.org\/{rel}","templated":true}]}}