{"id":79715,"date":"2024-02-06T07:00:00","date_gmt":"2024-02-06T10:00:00","guid":{"rendered":"https:\/\/patagoniambiental.com.ar\/info\/?p=79715"},"modified":"2024-08-14T12:26:41","modified_gmt":"2024-08-14T15:26:41","slug":"torres-sobre-el-incendio-nos-vamos-a-ocupar-de-reforzar-las-zonas-comprometidas","status":"publish","type":"post","link":"https:\/\/patagoniambiental.com.ar\/info\/torres-sobre-el-incendio-nos-vamos-a-ocupar-de-reforzar-las-zonas-comprometidas\/","title":{"rendered":"Torres, sobre el incendio: \u00abNos vamos a ocupar de reforzar las zonas comprometidas\u00bb"},"content":{"rendered":"\n<!--more-->\n\n\n\n<p>Chubut.-El gobernador de Chubut, Ignacio Torres, habl\u00f3 sobre el incendio del Parque Nacional \u00abLos Alerces\u00bb, destac\u00f3 el labor de los brigadistas y adelant\u00f3 sobre la llegada de recursos para combatir el siniestro.&nbsp;<\/p>\n\n\n\n<figure class=\"wp-block-image\"><img decoding=\"async\" src=\"https:\/\/i.ytimg.com\/vi\/Wm2KInLuJMA\/sddefault.jpg#404_is_fine\" alt=\"Loading video\"\/><\/figure>\n\n\n\n<figure class=\"wp-block-embed is-type-rich is-provider-gestor-del-servicio wp-block-embed-gestor-del-servicio\"><div class=\"wp-block-embed__wrapper\">\nhttps:\/\/youtube.com\/watch?v=Wm2KInLuJMA%3Fenablejsapi%3D1%26amp%3D1%26portrait%3D0%26autohide%3D1%26showinfo%3D0%26playsinline%3D1\n<\/div><\/figure>\n\n\n\n<p><\/p>\n\n\n\n<figure class=\"wp-block-embed is-provider-youtube wp-block-embed-youtube\"><div class=\"wp-block-embed__wrapper\">\nhttps:\/\/youtube.com\/watch?v=Wm2KInLuJMA%3Fenablejsapi%3D1%26amp%3D1%26portrait%3D0%26autohide%3D1%26showinfo%3D0%26playsinline%3D1\n<\/div><\/figure>\n\n\n\n<p>El gobernador de Chubut, Ignacio Torres, dialog\u00f3 con la prensa y brind\u00f3 detalles acerca del abordaje de la emergencia \u00edgnea en la zona.<\/p>\n\n\n\n<p>En primer lugar, Torres destac\u00f3 el trabajo de los combatientes del Sistema Nacional del Manejo del Fuego, Sistema Provincial del Manejo del Fuego, y de brigadistas provenientes de otras provincias del pa\u00eds.<\/p>\n\n\n\n<p>\u00abMa\u00f1ana va a ser un d\u00eda complicado de implicancias clim\u00e1ticas que exceden cualquier infraestructura\u00bb, expres\u00f3 Torres y se\u00f1al\u00f3 que \u00abhay mucha angustia, miedo y m\u00e1s en un contexto donde se ve lo que est\u00e1 pasando en Chile\u00bb.<\/p>\n\n\n\n<p>\u00abMa\u00f1ana hay un alerta metrol\u00f3gico, un viento importante que est\u00e1 por sobre la media. Nos&nbsp;vamos a ocupar de reforzar las zonas que est\u00e1n comprometidas\u00bb, dijo Torres y puntualiz\u00f3 que hay alrededor de 6000 hect\u00e1reas afectadas por el siniestro, \u00abel viento hizo que haya un crecimiento exponencial de la zona afectada por el incendio\u00bb.<\/p>\n\n\n\n<p>Asimismo, indic\u00f3 que cuentan con diferentes recursos para combatir el fuego y cont\u00f3 que dialog\u00f3 con la Ministra de Seguridad de la Naci\u00f3n, quien le dijo que hay a disposici\u00f3n medios a\u00e9reos.<\/p>\n\n\n\n<p>Por otro lado, Torres coment\u00f3: \u00abLo que hizo provincia es constituirse como querellante. Hoy me informaron de Naci\u00f3n que hicieron la misma presentaci\u00f3n en un juzgado federal de Otranto, despu\u00e9s hay otra causa que est\u00e1 en el oral federal por un incendio de las mismas caracter\u00edsticas, pedimos celeridad para que se resuelvan estos temas\u00bb.<\/p>\n\n\n\n<p>Fuente: www.red43.com.ar<\/p>\n","protected":false},"excerpt":{"rendered":"","protected":false},"author":2,"featured_media":79717,"comment_status":"open","ping_status":"open","sticky":false,"template":"","format":"standard","meta":{"site-sidebar-layout":"default","site-content-layout":"","ast-site-content-layout":"default","site-content-style":"default","site-sidebar-style":"default","ast-global-header-display":"","ast-banner-title-visibility":"","ast-main-header-display":"","ast-hfb-above-header-display":"","ast-hfb-below-header-display":"","ast-hfb-mobile-header-display":"","site-post-title":"","ast-breadcrumbs-content":"","ast-featured-img":"","footer-sml-layout":"","ast-disable-related-posts":"","theme-transparent-header-meta":"","adv-header-id-meta":"","stick-header-meta":"","header-above-stick-meta":"","header-main-stick-meta":"","header-below-stick-meta":"","astra-migrate-meta-layouts":"default","ast-page-background-enabled":"default","ast-page-background-meta":{"desktop":{"background-color":"var(--ast-global-color-5)","background-image":"","background-repeat":"repeat","background-position":"center center","background-size":"auto","background-attachment":"scroll","background-type":"","background-media":"","overlay-type":"","overlay-color":"","overlay-opacity":"","overlay-gradient":""},"tablet":{"background-color":"","background-image":"","background-repeat":"repeat","background-position":"center center","background-size":"auto","background-attachment":"scroll","background-type":"","background-media":"","overlay-type":"","overlay-color":"","overlay-opacity":"","overlay-gradient":""},"mobile":{"background-color":"","background-image":"","background-repeat":"repeat","background-position":"center center","background-size":"auto","background-attachment":"scroll","background-type":"","background-media":"","overlay-type":"","overlay-color":"","overlay-opacity":"","overlay-gradient":""}},"ast-content-background-meta":{"desktop":{"background-color":"var(--ast-global-color-4)","background-image":"","background-repeat":"repeat","background-position":"center center","background-size":"auto","background-attachment":"scroll","background-type":"","background-media":"","overlay-type":"","overlay-color":"","overlay-opacity":"","overlay-gradient":""},"tablet":{"background-color":"var(--ast-global-color-4)","background-image":"","background-repeat":"repeat","background-position":"center center","background-size":"auto","background-attachment":"scroll","background-type":"","background-media":"","overlay-type":"","overlay-color":"","overlay-opacity":"","overlay-gradient":""},"mobile":{"background-color":"var(--ast-global-color-4)","background-image":"","background-repeat":"repeat","background-position":"center center","background-size":"auto","background-attachment":"scroll","background-type":"","background-media":"","overlay-type":"","overlay-color":"","overlay-opacity":"","overlay-gradient":""}},"footnotes":""},"categories":[13],"tags":[],"class_list":["post-79715","post","type-post","status-publish","format-standard","has-post-thumbnail","hentry","category-provinciales"],"yoast_head":"<!-- This site is optimized with the Yoast SEO Premium plugin v23.0 (Yoast SEO v27.5) - https:\/\/yoast.com\/product\/yoast-seo-premium-wordpress\/ -->\n<title>Torres, sobre el incendio: &quot;Nos vamos a ocupar de reforzar las zonas comprometidas&quot;<\/title>\n<meta name=\"robots\" content=\"index, follow, max-snippet:-1, max-image-preview:large, max-video-preview:-1\" \/>\n<link rel=\"canonical\" href=\"https:\/\/patagoniambiental.com.ar\/info\/torres-sobre-el-incendio-nos-vamos-a-ocupar-de-reforzar-las-zonas-comprometidas\/\" \/>\n<meta property=\"og:locale\" content=\"es_ES\" \/>\n<meta property=\"og:type\" content=\"article\" \/>\n<meta property=\"og:title\" content=\"Torres, sobre el incendio: &quot;Nos vamos a ocupar de reforzar las zonas comprometidas&quot;\" \/>\n<meta property=\"og:url\" content=\"https:\/\/patagoniambiental.com.ar\/info\/torres-sobre-el-incendio-nos-vamos-a-ocupar-de-reforzar-las-zonas-comprometidas\/\" \/>\n<meta property=\"og:site_name\" content=\"Patagonia Ambiental\" \/>\n<meta property=\"article:publisher\" content=\"https:\/\/www.facebook.com\/patagonia.ambiental\" \/>\n<meta property=\"article:author\" content=\"https:\/\/www.facebook.com\/share\/1C1V8Gv9BX\/?mibextid=qi2Omg\" \/>\n<meta property=\"article:published_time\" content=\"2024-02-06T10:00:00+00:00\" \/>\n<meta property=\"article:modified_time\" content=\"2024-08-14T15:26:41+00:00\" \/>\n<meta property=\"og:image\" content=\"https:\/\/patagoniambiental.com.ar\/info\/wp-content\/uploads\/2024\/02\/sddefault.jpg\" \/>\n\t<meta property=\"og:image:width\" content=\"640\" \/>\n\t<meta property=\"og:image:height\" content=\"480\" \/>\n\t<meta property=\"og:image:type\" content=\"image\/jpeg\" \/>\n<meta name=\"author\" content=\"Patagonia Ambiental\" \/>\n<meta name=\"twitter:card\" content=\"summary_large_image\" \/>\n<meta name=\"twitter:creator\" content=\"@PatAmb\" \/>\n<meta name=\"twitter:site\" content=\"@PatAmb\" \/>\n<script type=\"application\/ld+json\" class=\"yoast-schema-graph\">{\"@context\":\"https:\\\/\\\/schema.org\",\"@graph\":[{\"@type\":\"Article\",\"@id\":\"https:\\\/\\\/patagoniambiental.com.ar\\\/info\\\/torres-sobre-el-incendio-nos-vamos-a-ocupar-de-reforzar-las-zonas-comprometidas\\\/#article\",\"isPartOf\":{\"@id\":\"https:\\\/\\\/patagoniambiental.com.ar\\\/info\\\/torres-sobre-el-incendio-nos-vamos-a-ocupar-de-reforzar-las-zonas-comprometidas\\\/\"},\"author\":{\"name\":\"Patagonia Ambiental\",\"@id\":\"https:\\\/\\\/patagoniambiental.com.ar\\\/info\\\/#\\\/schema\\\/person\\\/db12bff64bbcbf6a253710bf0ea37b5d\"},\"headline\":\"Torres, sobre el incendio: \u00abNos vamos a ocupar de reforzar las zonas comprometidas\u00bb\",\"datePublished\":\"2024-02-06T10:00:00+00:00\",\"dateModified\":\"2024-08-14T15:26:41+00:00\",\"mainEntityOfPage\":{\"@id\":\"https:\\\/\\\/patagoniambiental.com.ar\\\/info\\\/torres-sobre-el-incendio-nos-vamos-a-ocupar-de-reforzar-las-zonas-comprometidas\\\/\"},\"wordCount\":338,\"commentCount\":0,\"publisher\":{\"@id\":\"https:\\\/\\\/patagoniambiental.com.ar\\\/info\\\/#organization\"},\"image\":{\"@id\":\"https:\\\/\\\/patagoniambiental.com.ar\\\/info\\\/torres-sobre-el-incendio-nos-vamos-a-ocupar-de-reforzar-las-zonas-comprometidas\\\/#primaryimage\"},\"thumbnailUrl\":\"https:\\\/\\\/patagoniambiental.com.ar\\\/info\\\/wp-content\\\/uploads\\\/2024\\\/02\\\/sddefault.jpg\",\"articleSection\":[\"Provinciales\"],\"inLanguage\":\"es\",\"potentialAction\":[{\"@type\":\"CommentAction\",\"name\":\"Comment\",\"target\":[\"https:\\\/\\\/patagoniambiental.com.ar\\\/info\\\/torres-sobre-el-incendio-nos-vamos-a-ocupar-de-reforzar-las-zonas-comprometidas\\\/#respond\"]}]},{\"@type\":\"WebPage\",\"@id\":\"https:\\\/\\\/patagoniambiental.com.ar\\\/info\\\/torres-sobre-el-incendio-nos-vamos-a-ocupar-de-reforzar-las-zonas-comprometidas\\\/\",\"url\":\"https:\\\/\\\/patagoniambiental.com.ar\\\/info\\\/torres-sobre-el-incendio-nos-vamos-a-ocupar-de-reforzar-las-zonas-comprometidas\\\/\",\"name\":\"Torres, sobre el incendio: \\\"Nos vamos a ocupar de reforzar las zonas comprometidas\\\"\",\"isPartOf\":{\"@id\":\"https:\\\/\\\/patagoniambiental.com.ar\\\/info\\\/#website\"},\"primaryImageOfPage\":{\"@id\":\"https:\\\/\\\/patagoniambiental.com.ar\\\/info\\\/torres-sobre-el-incendio-nos-vamos-a-ocupar-de-reforzar-las-zonas-comprometidas\\\/#primaryimage\"},\"image\":{\"@id\":\"https:\\\/\\\/patagoniambiental.com.ar\\\/info\\\/torres-sobre-el-incendio-nos-vamos-a-ocupar-de-reforzar-las-zonas-comprometidas\\\/#primaryimage\"},\"thumbnailUrl\":\"https:\\\/\\\/patagoniambiental.com.ar\\\/info\\\/wp-content\\\/uploads\\\/2024\\\/02\\\/sddefault.jpg\",\"datePublished\":\"2024-02-06T10:00:00+00:00\",\"dateModified\":\"2024-08-14T15:26:41+00:00\",\"breadcrumb\":{\"@id\":\"https:\\\/\\\/patagoniambiental.com.ar\\\/info\\\/torres-sobre-el-incendio-nos-vamos-a-ocupar-de-reforzar-las-zonas-comprometidas\\\/#breadcrumb\"},\"inLanguage\":\"es\",\"potentialAction\":[{\"@type\":\"ReadAction\",\"target\":[\"https:\\\/\\\/patagoniambiental.com.ar\\\/info\\\/torres-sobre-el-incendio-nos-vamos-a-ocupar-de-reforzar-las-zonas-comprometidas\\\/\"]}]},{\"@type\":\"ImageObject\",\"inLanguage\":\"es\",\"@id\":\"https:\\\/\\\/patagoniambiental.com.ar\\\/info\\\/torres-sobre-el-incendio-nos-vamos-a-ocupar-de-reforzar-las-zonas-comprometidas\\\/#primaryimage\",\"url\":\"https:\\\/\\\/patagoniambiental.com.ar\\\/info\\\/wp-content\\\/uploads\\\/2024\\\/02\\\/sddefault.jpg\",\"contentUrl\":\"https:\\\/\\\/patagoniambiental.com.ar\\\/info\\\/wp-content\\\/uploads\\\/2024\\\/02\\\/sddefault.jpg\",\"width\":640,\"height\":480},{\"@type\":\"BreadcrumbList\",\"@id\":\"https:\\\/\\\/patagoniambiental.com.ar\\\/info\\\/torres-sobre-el-incendio-nos-vamos-a-ocupar-de-reforzar-las-zonas-comprometidas\\\/#breadcrumb\",\"itemListElement\":[{\"@type\":\"ListItem\",\"position\":1,\"name\":\"Inicio\",\"item\":\"https:\\\/\\\/patagoniambiental.com.ar\\\/info\\\/\"},{\"@type\":\"ListItem\",\"position\":2,\"name\":\"Torres, sobre el incendio: \u00abNos vamos a ocupar de reforzar las zonas comprometidas\u00bb\"}]},{\"@type\":\"WebSite\",\"@id\":\"https:\\\/\\\/patagoniambiental.com.ar\\\/info\\\/#website\",\"url\":\"https:\\\/\\\/patagoniambiental.com.ar\\\/info\\\/\",\"name\":\"Patagonia Ambiental\",\"description\":\"Monitoreo y an\u00e1lisis de la situaci\u00f3n geopol\u00edtica en el mundo y su implicancia en la Patagonia\",\"publisher\":{\"@id\":\"https:\\\/\\\/patagoniambiental.com.ar\\\/info\\\/#organization\"},\"potentialAction\":[{\"@type\":\"SearchAction\",\"target\":{\"@type\":\"EntryPoint\",\"urlTemplate\":\"https:\\\/\\\/patagoniambiental.com.ar\\\/info\\\/?s={search_term_string}\"},\"query-input\":{\"@type\":\"PropertyValueSpecification\",\"valueRequired\":true,\"valueName\":\"search_term_string\"}}],\"inLanguage\":\"es\"},{\"@type\":\"Organization\",\"@id\":\"https:\\\/\\\/patagoniambiental.com.ar\\\/info\\\/#organization\",\"name\":\"Patagonia Ambiental\",\"url\":\"https:\\\/\\\/patagoniambiental.com.ar\\\/info\\\/\",\"logo\":{\"@type\":\"ImageObject\",\"inLanguage\":\"es\",\"@id\":\"https:\\\/\\\/patagoniambiental.com.ar\\\/info\\\/#\\\/schema\\\/logo\\\/image\\\/\",\"url\":\"https:\\\/\\\/patagoniambiental.com.ar\\\/info\\\/wp-content\\\/uploads\\\/2025\\\/05\\\/LOGO-PATAGONIA-AMBIENTAL.png\",\"contentUrl\":\"https:\\\/\\\/patagoniambiental.com.ar\\\/info\\\/wp-content\\\/uploads\\\/2025\\\/05\\\/LOGO-PATAGONIA-AMBIENTAL.png\",\"width\":433,\"height\":250,\"caption\":\"Patagonia Ambiental\"},\"image\":{\"@id\":\"https:\\\/\\\/patagoniambiental.com.ar\\\/info\\\/#\\\/schema\\\/logo\\\/image\\\/\"},\"sameAs\":[\"https:\\\/\\\/www.facebook.com\\\/patagonia.ambiental\",\"https:\\\/\\\/x.com\\\/PatAmb\"]},{\"@type\":\"Person\",\"@id\":\"https:\\\/\\\/patagoniambiental.com.ar\\\/info\\\/#\\\/schema\\\/person\\\/db12bff64bbcbf6a253710bf0ea37b5d\",\"name\":\"Patagonia Ambiental\",\"description\":\"Andr\u00e9s Nievas T\u00e9cnico en manejo ambiental, consultor Ambiental y escritor para medios locales e internacionales sobre temas de geopolitica y medio ambiente.\",\"sameAs\":[\"http:\\\/\\\/www.patagoniambiental.com.ar\",\"https:\\\/\\\/www.facebook.com\\\/share\\\/1C1V8Gv9BX\\\/?mibextid=qi2Omg\",\"@patagoniambiental\",\"https:\\\/\\\/youtube.com\\\/@patagoniaambiental2023?si=BLt58t0wuXquxlYZ\"]}]}<\/script>\n<!-- \/ Yoast SEO Premium plugin. -->","yoast_head_json":{"title":"Torres, sobre el incendio: \"Nos vamos a ocupar de reforzar las zonas comprometidas\"","robots":{"index":"index","follow":"follow","max-snippet":"max-snippet:-1","max-image-preview":"max-image-preview:large","max-video-preview":"max-video-preview:-1"},"canonical":"https:\/\/patagoniambiental.com.ar\/info\/torres-sobre-el-incendio-nos-vamos-a-ocupar-de-reforzar-las-zonas-comprometidas\/","og_locale":"es_ES","og_type":"article","og_title":"Torres, sobre el incendio: \"Nos vamos a ocupar de reforzar las zonas comprometidas\"","og_url":"https:\/\/patagoniambiental.com.ar\/info\/torres-sobre-el-incendio-nos-vamos-a-ocupar-de-reforzar-las-zonas-comprometidas\/","og_site_name":"Patagonia Ambiental","article_publisher":"https:\/\/www.facebook.com\/patagonia.ambiental","article_author":"https:\/\/www.facebook.com\/share\/1C1V8Gv9BX\/?mibextid=qi2Omg","article_published_time":"2024-02-06T10:00:00+00:00","article_modified_time":"2024-08-14T15:26:41+00:00","og_image":[{"width":640,"height":480,"url":"https:\/\/patagoniambiental.com.ar\/info\/wp-content\/uploads\/2024\/02\/sddefault.jpg","type":"image\/jpeg"}],"author":"Patagonia Ambiental","twitter_card":"summary_large_image","twitter_creator":"@PatAmb","twitter_site":"@PatAmb","schema":{"@context":"https:\/\/schema.org","@graph":[{"@type":"Article","@id":"https:\/\/patagoniambiental.com.ar\/info\/torres-sobre-el-incendio-nos-vamos-a-ocupar-de-reforzar-las-zonas-comprometidas\/#article","isPartOf":{"@id":"https:\/\/patagoniambiental.com.ar\/info\/torres-sobre-el-incendio-nos-vamos-a-ocupar-de-reforzar-las-zonas-comprometidas\/"},"author":{"name":"Patagonia Ambiental","@id":"https:\/\/patagoniambiental.com.ar\/info\/#\/schema\/person\/db12bff64bbcbf6a253710bf0ea37b5d"},"headline":"Torres, sobre el incendio: \u00abNos vamos a ocupar de reforzar las zonas comprometidas\u00bb","datePublished":"2024-02-06T10:00:00+00:00","dateModified":"2024-08-14T15:26:41+00:00","mainEntityOfPage":{"@id":"https:\/\/patagoniambiental.com.ar\/info\/torres-sobre-el-incendio-nos-vamos-a-ocupar-de-reforzar-las-zonas-comprometidas\/"},"wordCount":338,"commentCount":0,"publisher":{"@id":"https:\/\/patagoniambiental.com.ar\/info\/#organization"},"image":{"@id":"https:\/\/patagoniambiental.com.ar\/info\/torres-sobre-el-incendio-nos-vamos-a-ocupar-de-reforzar-las-zonas-comprometidas\/#primaryimage"},"thumbnailUrl":"https:\/\/patagoniambiental.com.ar\/info\/wp-content\/uploads\/2024\/02\/sddefault.jpg","articleSection":["Provinciales"],"inLanguage":"es","potentialAction":[{"@type":"CommentAction","name":"Comment","target":["https:\/\/patagoniambiental.com.ar\/info\/torres-sobre-el-incendio-nos-vamos-a-ocupar-de-reforzar-las-zonas-comprometidas\/#respond"]}]},{"@type":"WebPage","@id":"https:\/\/patagoniambiental.com.ar\/info\/torres-sobre-el-incendio-nos-vamos-a-ocupar-de-reforzar-las-zonas-comprometidas\/","url":"https:\/\/patagoniambiental.com.ar\/info\/torres-sobre-el-incendio-nos-vamos-a-ocupar-de-reforzar-las-zonas-comprometidas\/","name":"Torres, sobre el incendio: \"Nos vamos a ocupar de reforzar las zonas comprometidas\"","isPartOf":{"@id":"https:\/\/patagoniambiental.com.ar\/info\/#website"},"primaryImageOfPage":{"@id":"https:\/\/patagoniambiental.com.ar\/info\/torres-sobre-el-incendio-nos-vamos-a-ocupar-de-reforzar-las-zonas-comprometidas\/#primaryimage"},"image":{"@id":"https:\/\/patagoniambiental.com.ar\/info\/torres-sobre-el-incendio-nos-vamos-a-ocupar-de-reforzar-las-zonas-comprometidas\/#primaryimage"},"thumbnailUrl":"https:\/\/patagoniambiental.com.ar\/info\/wp-content\/uploads\/2024\/02\/sddefault.jpg","datePublished":"2024-02-06T10:00:00+00:00","dateModified":"2024-08-14T15:26:41+00:00","breadcrumb":{"@id":"https:\/\/patagoniambiental.com.ar\/info\/torres-sobre-el-incendio-nos-vamos-a-ocupar-de-reforzar-las-zonas-comprometidas\/#breadcrumb"},"inLanguage":"es","potentialAction":[{"@type":"ReadAction","target":["https:\/\/patagoniambiental.com.ar\/info\/torres-sobre-el-incendio-nos-vamos-a-ocupar-de-reforzar-las-zonas-comprometidas\/"]}]},{"@type":"ImageObject","inLanguage":"es","@id":"https:\/\/patagoniambiental.com.ar\/info\/torres-sobre-el-incendio-nos-vamos-a-ocupar-de-reforzar-las-zonas-comprometidas\/#primaryimage","url":"https:\/\/patagoniambiental.com.ar\/info\/wp-content\/uploads\/2024\/02\/sddefault.jpg","contentUrl":"https:\/\/patagoniambiental.com.ar\/info\/wp-content\/uploads\/2024\/02\/sddefault.jpg","width":640,"height":480},{"@type":"BreadcrumbList","@id":"https:\/\/patagoniambiental.com.ar\/info\/torres-sobre-el-incendio-nos-vamos-a-ocupar-de-reforzar-las-zonas-comprometidas\/#breadcrumb","itemListElement":[{"@type":"ListItem","position":1,"name":"Inicio","item":"https:\/\/patagoniambiental.com.ar\/info\/"},{"@type":"ListItem","position":2,"name":"Torres, sobre el incendio: \u00abNos vamos a ocupar de reforzar las zonas comprometidas\u00bb"}]},{"@type":"WebSite","@id":"https:\/\/patagoniambiental.com.ar\/info\/#website","url":"https:\/\/patagoniambiental.com.ar\/info\/","name":"Patagonia Ambiental","description":"Monitoreo y an\u00e1lisis de la situaci\u00f3n geopol\u00edtica en el mundo y su implicancia en la Patagonia","publisher":{"@id":"https:\/\/patagoniambiental.com.ar\/info\/#organization"},"potentialAction":[{"@type":"SearchAction","target":{"@type":"EntryPoint","urlTemplate":"https:\/\/patagoniambiental.com.ar\/info\/?s={search_term_string}"},"query-input":{"@type":"PropertyValueSpecification","valueRequired":true,"valueName":"search_term_string"}}],"inLanguage":"es"},{"@type":"Organization","@id":"https:\/\/patagoniambiental.com.ar\/info\/#organization","name":"Patagonia Ambiental","url":"https:\/\/patagoniambiental.com.ar\/info\/","logo":{"@type":"ImageObject","inLanguage":"es","@id":"https:\/\/patagoniambiental.com.ar\/info\/#\/schema\/logo\/image\/","url":"https:\/\/patagoniambiental.com.ar\/info\/wp-content\/uploads\/2025\/05\/LOGO-PATAGONIA-AMBIENTAL.png","contentUrl":"https:\/\/patagoniambiental.com.ar\/info\/wp-content\/uploads\/2025\/05\/LOGO-PATAGONIA-AMBIENTAL.png","width":433,"height":250,"caption":"Patagonia Ambiental"},"image":{"@id":"https:\/\/patagoniambiental.com.ar\/info\/#\/schema\/logo\/image\/"},"sameAs":["https:\/\/www.facebook.com\/patagonia.ambiental","https:\/\/x.com\/PatAmb"]},{"@type":"Person","@id":"https:\/\/patagoniambiental.com.ar\/info\/#\/schema\/person\/db12bff64bbcbf6a253710bf0ea37b5d","name":"Patagonia Ambiental","description":"Andr\u00e9s Nievas T\u00e9cnico en manejo ambiental, consultor Ambiental y escritor para medios locales e internacionales sobre temas de geopolitica y medio ambiente.","sameAs":["http:\/\/www.patagoniambiental.com.ar","https:\/\/www.facebook.com\/share\/1C1V8Gv9BX\/?mibextid=qi2Omg","@patagoniambiental","https:\/\/youtube.com\/@patagoniaambiental2023?si=BLt58t0wuXquxlYZ"]}]}},"_links":{"self":[{"href":"https:\/\/patagoniambiental.com.ar\/info\/wp-json\/wp\/v2\/posts\/79715","targetHints":{"allow":["GET"]}}],"collection":[{"href":"https:\/\/patagoniambiental.com.ar\/info\/wp-json\/wp\/v2\/posts"}],"about":[{"href":"https:\/\/patagoniambiental.com.ar\/info\/wp-json\/wp\/v2\/types\/post"}],"author":[{"embeddable":true,"href":"https:\/\/patagoniambiental.com.ar\/info\/wp-json\/wp\/v2\/users\/2"}],"replies":[{"embeddable":true,"href":"https:\/\/patagoniambiental.com.ar\/info\/wp-json\/wp\/v2\/comments?post=79715"}],"version-history":[{"count":0,"href":"https:\/\/patagoniambiental.com.ar\/info\/wp-json\/wp\/v2\/posts\/79715\/revisions"}],"wp:featuredmedia":[{"embeddable":true,"href":"https:\/\/patagoniambiental.com.ar\/info\/wp-json\/wp\/v2\/media\/79717"}],"wp:attachment":[{"href":"https:\/\/patagoniambiental.com.ar\/info\/wp-json\/wp\/v2\/media?parent=79715"}],"wp:term":[{"taxonomy":"category","embeddable":true,"href":"https:\/\/patagoniambiental.com.ar\/info\/wp-json\/wp\/v2\/categories?post=79715"},{"taxonomy":"post_tag","embeddable":true,"href":"https:\/\/patagoniambiental.com.ar\/info\/wp-json\/wp\/v2\/tags?post=79715"}],"curies":[{"name":"wp","href":"https:\/\/api.w.org\/{rel}","templated":true}]}}